{"id":217143,"date":"2024-10-23T10:53:00","date_gmt":"2024-10-23T10:53:00","guid":{"rendered":"https:\/\/www.webdo.tn\/fr\/blog\/tunisie-un-ancien-maire-de-gabes-ecope-de-trois-ans-de-prison\/217143\/"},"modified":"2025-05-20T22:14:42","modified_gmt":"2025-05-20T22:14:42","slug":"tunisie-un-ancien-maire-de-gabes-ecope-de-trois-ans-de-prison","status":"publish","type":"post","link":"https:\/\/www.webdo.tn\/fr\/actualite\/national\/tunisie-un-ancien-maire-de-gabes-ecope-de-trois-ans-de-prison\/217143\/","title":{"rendered":"Tunisie : Un ancien maire de Gabes \u00e9cope de trois ans de prison"},"content":{"rendered":"<p>Un ancien maire de Gabes, arr\u00eat\u00e9 le 12 juillet dernier dans le cadre d\u2019une affaire de corruption financi\u00e8re et de d\u00e9tournement de fonds, a \u00e9t\u00e9 condamn\u00e9 \u00e0 une peine de trois ans de prison. Dix-sept membres de l\u2019ancien Conseil municipal ont \u00e9t\u00e9 condamn\u00e9s \u00e0 deux ans de prison.<\/p>\n<p>\t\t\t\t\t\t\t\t\tLa chambre criminelle du tribunal de premi\u00e8re instance de Gabes a prononc\u00e9 son verdict, hier, mardi 22 octobre 2024, dans l\u2019affaire de cet ancien maire de Gabes, arr\u00eat\u00e9 dans le cadre d\u2019une affaire de corruption financi\u00e8re et de d\u00e9tournement de fonds lors de sa reprise du projet de directeur de l\u2019exposition internationale de la r\u00e9gion.<\/p>\n<p>Il a \u00e9cop\u00e9 d\u2019une peine de trois ans de prison pour acceptation de pots-de-vin et de gratifications, exploitation de sa position de fonctionnaire public pour obtenir un avantage injustifi\u00e9 pour lui-m\u00eame ou pour autrui, pr\u00e9judiciable \u00e0 l&rsquo;administration, ainsi que pour violation des r\u00e8glements applicables, conform\u00e9ment aux dispositions de l&rsquo;article 96 du Code p\u00e9nal.<\/p>\n<p>Les dix-sept membres de l\u2019ancien Conseil municipal ont \u00e9t\u00e9 condamn\u00e9s \u00e0 une peine de deux ans de prison.<\/p>\n","protected":false},"excerpt":{"rendered":"<p>Un ancien maire de Gabes, arr\u00eat\u00e9 le 12 juillet dernier dans le cadre d\u2019une affaire de corruption financi\u00e8re et de d\u00e9tournement de fonds, a \u00e9t\u00e9 condamn\u00e9 \u00e0 une pe&#8230;<\/p>\n","protected":false},"author":3162,"featured_media":291226,"comment_status":"open","ping_status":"closed","sticky":false,"template":"","format":"standard","meta":{"footnotes":""},"categories":[44],"tags":[2835,4876,3196,3126,4888,2608],"class_list":["post-217143","post","type-post","status-publish","format-standard","has-post-thumbnail","hentry","category-national","tag-condamnation","tag-conseil-municipal","tag-corruption","tag-gabes","tag-maire","tag-tunisie"],"yoast_head":"<!-- This site is optimized with the Yoast SEO Premium plugin v27.5 (Yoast SEO v27.5) - https:\/\/yoast.com\/product\/yoast-seo-premium-wordpress\/ -->\n<title>Tunisie : Un ancien maire de Gabes \u00e9cope de trois ans de prison<\/title>\n<meta name=\"description\" content=\"Un ancien maire de Gabes, arr\u00eat\u00e9 le 12 juillet dernier dans le cadre d\u2019une affaire de corruption financi\u00e8re et de d\u00e9tournement de fonds, a \u00e9t\u00e9 condamn\u00e9 \u00e0 une pe...\" \/>\n<link rel=\"canonical\" href=\"https:\/\/www.webdo.tn\/fr\/actualite\/national\/tunisie-un-ancien-maire-de-gabes-ecope-de-trois-ans-de-prison\/217143\/\" \/>\n<meta property=\"og:locale\" content=\"fr_FR\" \/>\n<meta property=\"og:type\" content=\"article\" \/>\n<meta property=\"og:title\" content=\"Tunisie : Un ancien maire de Gabes \u00e9cope de trois ans de prison\" \/>\n<meta property=\"og:description\" content=\"Un ancien maire de Gabes, arr\u00eat\u00e9 le 12 juillet dernier dans le cadre d\u2019une affaire de corruption financi\u00e8re et de d\u00e9tournement de fonds, a \u00e9t\u00e9 condamn\u00e9 \u00e0 une pe...\" \/>\n<meta property=\"og:url\" content=\"https:\/\/www.webdo.tn\/fr\/actualite\/national\/tunisie-un-ancien-maire-de-gabes-ecope-de-trois-ans-de-prison\/217143\/\" \/>\n<meta property=\"og:site_name\" content=\"webdo\" \/>\n<meta property=\"article:publisher\" content=\"https:\/\/www.facebook.com\/webdotn\" \/>\n<meta property=\"article:published_time\" content=\"2024-10-23T10:53:00+00:00\" \/>\n<meta property=\"article:modified_time\" content=\"2025-05-20T22:14:42+00:00\" \/>\n<meta property=\"og:image\" content=\"https:\/\/www.webdo.tn\/fr\/wp-content\/uploads\/2024\/10\/e81d04ab5fb48e15a4eaaf58eda2de11.webp\" \/>\n\t<meta property=\"og:image:width\" content=\"750\" \/>\n\t<meta property=\"og:image:height\" content=\"400\" \/>\n\t<meta property=\"og:image:type\" content=\"image\/webp\" \/>\n<meta name=\"author\" content=\"MC\" \/>\n<meta name=\"twitter:card\" content=\"summary_large_image\" \/>\n<meta name=\"twitter:creator\" content=\"@webdo_tn\" \/>\n<meta name=\"twitter:site\" content=\"@webdo_tn\" \/>\n<meta name=\"twitter:label1\" content=\"\u00c9crit par\" \/>\n\t<meta name=\"twitter:data1\" content=\"MC\" \/>\n\t<meta name=\"twitter:label2\" content=\"Dur\u00e9e de lecture estim\u00e9e\" \/>\n\t<meta name=\"twitter:data2\" content=\"1 minute\" \/>\n<script type=\"application\/ld+json\" class=\"yoast-schema-graph\">{\"@context\":\"https:\\\/\\\/schema.org\",\"@graph\":[{\"@type\":\"NewsArticle\",\"@id\":\"https:\\\/\\\/www.webdo.tn\\\/fr\\\/actualite\\\/national\\\/tunisie-un-ancien-maire-de-gabes-ecope-de-trois-ans-de-prison\\\/217143\\\/#article\",\"isPartOf\":{\"@id\":\"https:\\\/\\\/www.webdo.tn\\\/fr\\\/actualite\\\/national\\\/tunisie-un-ancien-maire-de-gabes-ecope-de-trois-ans-de-prison\\\/217143\\\/\"},\"author\":{\"name\":\"MC\",\"@id\":\"https:\\\/\\\/www.webdo.tn\\\/fr\\\/#\\\/schema\\\/person\\\/2c4929cbf5a809e3bd38617c6ce150f6\"},\"headline\":\"Tunisie : Un ancien maire de Gabes \u00e9cope de trois ans de prison\",\"datePublished\":\"2024-10-23T10:53:00+00:00\",\"dateModified\":\"2025-05-20T22:14:42+00:00\",\"mainEntityOfPage\":{\"@id\":\"https:\\\/\\\/www.webdo.tn\\\/fr\\\/actualite\\\/national\\\/tunisie-un-ancien-maire-de-gabes-ecope-de-trois-ans-de-prison\\\/217143\\\/\"},\"wordCount\":202,\"commentCount\":0,\"publisher\":{\"@id\":\"https:\\\/\\\/www.webdo.tn\\\/fr\\\/#organization\"},\"image\":{\"@id\":\"https:\\\/\\\/www.webdo.tn\\\/fr\\\/actualite\\\/national\\\/tunisie-un-ancien-maire-de-gabes-ecope-de-trois-ans-de-prison\\\/217143\\\/#primaryimage\"},\"thumbnailUrl\":\"https:\\\/\\\/www.webdo.tn\\\/fr\\\/wp-content\\\/uploads\\\/2024\\\/10\\\/e81d04ab5fb48e15a4eaaf58eda2de11.webp\",\"keywords\":[\"condamnation\",\"conseil municipal\",\"corruption\",\"gab\u00e8s\",\"Maire\",\"Tunisie\"],\"articleSection\":[\"National\"],\"inLanguage\":\"fr-FR\"},{\"@type\":\"WebPage\",\"@id\":\"https:\\\/\\\/www.webdo.tn\\\/fr\\\/actualite\\\/national\\\/tunisie-un-ancien-maire-de-gabes-ecope-de-trois-ans-de-prison\\\/217143\\\/\",\"url\":\"https:\\\/\\\/www.webdo.tn\\\/fr\\\/actualite\\\/national\\\/tunisie-un-ancien-maire-de-gabes-ecope-de-trois-ans-de-prison\\\/217143\\\/\",\"name\":\"Tunisie : Un ancien maire de Gabes \u00e9cope de trois ans de prison\",\"isPartOf\":{\"@id\":\"https:\\\/\\\/www.webdo.tn\\\/fr\\\/#website\"},\"primaryImageOfPage\":{\"@id\":\"https:\\\/\\\/www.webdo.tn\\\/fr\\\/actualite\\\/national\\\/tunisie-un-ancien-maire-de-gabes-ecope-de-trois-ans-de-prison\\\/217143\\\/#primaryimage\"},\"image\":{\"@id\":\"https:\\\/\\\/www.webdo.tn\\\/fr\\\/actualite\\\/national\\\/tunisie-un-ancien-maire-de-gabes-ecope-de-trois-ans-de-prison\\\/217143\\\/#primaryimage\"},\"thumbnailUrl\":\"https:\\\/\\\/www.webdo.tn\\\/fr\\\/wp-content\\\/uploads\\\/2024\\\/10\\\/e81d04ab5fb48e15a4eaaf58eda2de11.webp\",\"datePublished\":\"2024-10-23T10:53:00+00:00\",\"dateModified\":\"2025-05-20T22:14:42+00:00\",\"description\":\"Un ancien maire de Gabes, arr\u00eat\u00e9 le 12 juillet dernier dans le cadre d\u2019une affaire de corruption financi\u00e8re et de d\u00e9tournement de fonds, a \u00e9t\u00e9 condamn\u00e9 \u00e0 une pe...\",\"breadcrumb\":{\"@id\":\"https:\\\/\\\/www.webdo.tn\\\/fr\\\/actualite\\\/national\\\/tunisie-un-ancien-maire-de-gabes-ecope-de-trois-ans-de-prison\\\/217143\\\/#breadcrumb\"},\"inLanguage\":\"fr-FR\",\"potentialAction\":[{\"@type\":\"ReadAction\",\"target\":[\"https:\\\/\\\/www.webdo.tn\\\/fr\\\/actualite\\\/national\\\/tunisie-un-ancien-maire-de-gabes-ecope-de-trois-ans-de-prison\\\/217143\\\/\"]}]},{\"@type\":\"ImageObject\",\"inLanguage\":\"fr-FR\",\"@id\":\"https:\\\/\\\/www.webdo.tn\\\/fr\\\/actualite\\\/national\\\/tunisie-un-ancien-maire-de-gabes-ecope-de-trois-ans-de-prison\\\/217143\\\/#primaryimage\",\"url\":\"https:\\\/\\\/www.webdo.tn\\\/fr\\\/wp-content\\\/uploads\\\/2024\\\/10\\\/e81d04ab5fb48e15a4eaaf58eda2de11.webp\",\"contentUrl\":\"https:\\\/\\\/www.webdo.tn\\\/fr\\\/wp-content\\\/uploads\\\/2024\\\/10\\\/e81d04ab5fb48e15a4eaaf58eda2de11.webp\",\"width\":750,\"height\":400,\"caption\":\"Tunisie : Un ancien maire de Gabes \u00e9cope de trois ans de prison\"},{\"@type\":\"BreadcrumbList\",\"@id\":\"https:\\\/\\\/www.webdo.tn\\\/fr\\\/actualite\\\/national\\\/tunisie-un-ancien-maire-de-gabes-ecope-de-trois-ans-de-prison\\\/217143\\\/#breadcrumb\",\"itemListElement\":[{\"@type\":\"ListItem\",\"position\":1,\"name\":\"Accueil\",\"item\":\"https:\\\/\\\/www.webdo.tn\\\/fr\\\/\"},{\"@type\":\"ListItem\",\"position\":2,\"name\":\"Tunisie : Un ancien maire de Gabes \u00e9cope de trois ans de prison\"}]},{\"@type\":\"WebSite\",\"@id\":\"https:\\\/\\\/www.webdo.tn\\\/fr\\\/#website\",\"url\":\"https:\\\/\\\/www.webdo.tn\\\/fr\\\/\",\"name\":\"webdo\",\"description\":\"Tunisie - News en Tunisie et \u00e0 l&#039;international sur Webdo.tn\",\"publisher\":{\"@id\":\"https:\\\/\\\/www.webdo.tn\\\/fr\\\/#organization\"},\"potentialAction\":[{\"@type\":\"SearchAction\",\"target\":{\"@type\":\"EntryPoint\",\"urlTemplate\":\"https:\\\/\\\/www.webdo.tn\\\/fr\\\/?s={search_term_string}\"},\"query-input\":{\"@type\":\"PropertyValueSpecification\",\"valueRequired\":true,\"valueName\":\"search_term_string\"}}],\"inLanguage\":\"fr-FR\"},{\"@type\":\"Organization\",\"@id\":\"https:\\\/\\\/www.webdo.tn\\\/fr\\\/#organization\",\"name\":\"Webdo\",\"alternateName\":\"Webdo.tn\",\"url\":\"https:\\\/\\\/www.webdo.tn\\\/fr\\\/\",\"logo\":{\"@type\":\"ImageObject\",\"inLanguage\":\"fr-FR\",\"@id\":\"https:\\\/\\\/www.webdo.tn\\\/fr\\\/#\\\/schema\\\/logo\\\/image\\\/\",\"url\":\"https:\\\/\\\/www.webdo.tn\\\/fr\\\/wp-content\\\/uploads\\\/2025\\\/06\\\/Webdo-Tunisie_168377.jpg\",\"contentUrl\":\"https:\\\/\\\/www.webdo.tn\\\/fr\\\/wp-content\\\/uploads\\\/2025\\\/06\\\/Webdo-Tunisie_168377.jpg\",\"width\":301,\"height\":301,\"caption\":\"Webdo\"},\"image\":{\"@id\":\"https:\\\/\\\/www.webdo.tn\\\/fr\\\/#\\\/schema\\\/logo\\\/image\\\/\"},\"sameAs\":[\"https:\\\/\\\/www.facebook.com\\\/webdotn\",\"https:\\\/\\\/x.com\\\/webdo_tn\"],\"description\":\"Webdo est un m\u00e9dia num\u00e9rique tunisien fond\u00e9 en 2010, sp\u00e9cialis\u00e9 dans l\u2019actualit\u00e9 nationale et internationale, l\u2019\u00e9conomie, la soci\u00e9t\u00e9 et les analyses politiques. Le site s\u2019adresse \u00e0 un large public francophone et couvre l\u2019information tunisienne en temps r\u00e9el.\",\"email\":\"redac@webdo.tn\",\"legalName\":\"YNJ SARL\",\"foundingDate\":\"2010-09-06\",\"numberOfEmployees\":{\"@type\":\"QuantitativeValue\",\"minValue\":\"11\",\"maxValue\":\"50\"}},{\"@type\":\"Person\",\"@id\":\"https:\\\/\\\/www.webdo.tn\\\/fr\\\/#\\\/schema\\\/person\\\/2c4929cbf5a809e3bd38617c6ce150f6\",\"name\":\"MC\",\"image\":{\"@type\":\"ImageObject\",\"inLanguage\":\"fr-FR\",\"@id\":\"https:\\\/\\\/secure.gravatar.com\\\/avatar\\\/a545bbb6f84efdd5553dbbc2895e3ca8f1d12c5215e00a041c9670b54aa9b18a?s=96&d=mm&r=g\",\"url\":\"https:\\\/\\\/secure.gravatar.com\\\/avatar\\\/a545bbb6f84efdd5553dbbc2895e3ca8f1d12c5215e00a041c9670b54aa9b18a?s=96&d=mm&r=g\",\"contentUrl\":\"https:\\\/\\\/secure.gravatar.com\\\/avatar\\\/a545bbb6f84efdd5553dbbc2895e3ca8f1d12c5215e00a041c9670b54aa9b18a?s=96&d=mm&r=g\",\"caption\":\"MC\"},\"url\":\"https:\\\/\\\/www.webdo.tn\\\/fr\\\/actualite\\\/author\\\/mc\\\/\"}]}<\/script>\n<!-- \/ Yoast SEO Premium plugin. -->","yoast_head_json":{"title":"Tunisie : Un ancien maire de Gabes \u00e9cope de trois ans de prison","description":"Un ancien maire de Gabes, arr\u00eat\u00e9 le 12 juillet dernier dans le cadre d\u2019une affaire de corruption financi\u00e8re et de d\u00e9tournement de fonds, a \u00e9t\u00e9 condamn\u00e9 \u00e0 une pe...","canonical":"https:\/\/www.webdo.tn\/fr\/actualite\/national\/tunisie-un-ancien-maire-de-gabes-ecope-de-trois-ans-de-prison\/217143\/","og_locale":"fr_FR","og_type":"article","og_title":"Tunisie : Un ancien maire de Gabes \u00e9cope de trois ans de prison","og_description":"Un ancien maire de Gabes, arr\u00eat\u00e9 le 12 juillet dernier dans le cadre d\u2019une affaire de corruption financi\u00e8re et de d\u00e9tournement de fonds, a \u00e9t\u00e9 condamn\u00e9 \u00e0 une pe...","og_url":"https:\/\/www.webdo.tn\/fr\/actualite\/national\/tunisie-un-ancien-maire-de-gabes-ecope-de-trois-ans-de-prison\/217143\/","og_site_name":"webdo","article_publisher":"https:\/\/www.facebook.com\/webdotn","article_published_time":"2024-10-23T10:53:00+00:00","article_modified_time":"2025-05-20T22:14:42+00:00","og_image":[{"width":750,"height":400,"url":"https:\/\/www.webdo.tn\/fr\/wp-content\/uploads\/2024\/10\/e81d04ab5fb48e15a4eaaf58eda2de11.webp","type":"image\/webp"}],"author":"MC","twitter_card":"summary_large_image","twitter_creator":"@webdo_tn","twitter_site":"@webdo_tn","twitter_misc":{"\u00c9crit par":"MC","Dur\u00e9e de lecture estim\u00e9e":"1 minute"},"schema":{"@context":"https:\/\/schema.org","@graph":[{"@type":"NewsArticle","@id":"https:\/\/www.webdo.tn\/fr\/actualite\/national\/tunisie-un-ancien-maire-de-gabes-ecope-de-trois-ans-de-prison\/217143\/#article","isPartOf":{"@id":"https:\/\/www.webdo.tn\/fr\/actualite\/national\/tunisie-un-ancien-maire-de-gabes-ecope-de-trois-ans-de-prison\/217143\/"},"author":{"name":"MC","@id":"https:\/\/www.webdo.tn\/fr\/#\/schema\/person\/2c4929cbf5a809e3bd38617c6ce150f6"},"headline":"Tunisie : Un ancien maire de Gabes \u00e9cope de trois ans de prison","datePublished":"2024-10-23T10:53:00+00:00","dateModified":"2025-05-20T22:14:42+00:00","mainEntityOfPage":{"@id":"https:\/\/www.webdo.tn\/fr\/actualite\/national\/tunisie-un-ancien-maire-de-gabes-ecope-de-trois-ans-de-prison\/217143\/"},"wordCount":202,"commentCount":0,"publisher":{"@id":"https:\/\/www.webdo.tn\/fr\/#organization"},"image":{"@id":"https:\/\/www.webdo.tn\/fr\/actualite\/national\/tunisie-un-ancien-maire-de-gabes-ecope-de-trois-ans-de-prison\/217143\/#primaryimage"},"thumbnailUrl":"https:\/\/www.webdo.tn\/fr\/wp-content\/uploads\/2024\/10\/e81d04ab5fb48e15a4eaaf58eda2de11.webp","keywords":["condamnation","conseil municipal","corruption","gab\u00e8s","Maire","Tunisie"],"articleSection":["National"],"inLanguage":"fr-FR"},{"@type":"WebPage","@id":"https:\/\/www.webdo.tn\/fr\/actualite\/national\/tunisie-un-ancien-maire-de-gabes-ecope-de-trois-ans-de-prison\/217143\/","url":"https:\/\/www.webdo.tn\/fr\/actualite\/national\/tunisie-un-ancien-maire-de-gabes-ecope-de-trois-ans-de-prison\/217143\/","name":"Tunisie : Un ancien maire de Gabes \u00e9cope de trois ans de prison","isPartOf":{"@id":"https:\/\/www.webdo.tn\/fr\/#website"},"primaryImageOfPage":{"@id":"https:\/\/www.webdo.tn\/fr\/actualite\/national\/tunisie-un-ancien-maire-de-gabes-ecope-de-trois-ans-de-prison\/217143\/#primaryimage"},"image":{"@id":"https:\/\/www.webdo.tn\/fr\/actualite\/national\/tunisie-un-ancien-maire-de-gabes-ecope-de-trois-ans-de-prison\/217143\/#primaryimage"},"thumbnailUrl":"https:\/\/www.webdo.tn\/fr\/wp-content\/uploads\/2024\/10\/e81d04ab5fb48e15a4eaaf58eda2de11.webp","datePublished":"2024-10-23T10:53:00+00:00","dateModified":"2025-05-20T22:14:42+00:00","description":"Un ancien maire de Gabes, arr\u00eat\u00e9 le 12 juillet dernier dans le cadre d\u2019une affaire de corruption financi\u00e8re et de d\u00e9tournement de fonds, a \u00e9t\u00e9 condamn\u00e9 \u00e0 une pe...","breadcrumb":{"@id":"https:\/\/www.webdo.tn\/fr\/actualite\/national\/tunisie-un-ancien-maire-de-gabes-ecope-de-trois-ans-de-prison\/217143\/#breadcrumb"},"inLanguage":"fr-FR","potentialAction":[{"@type":"ReadAction","target":["https:\/\/www.webdo.tn\/fr\/actualite\/national\/tunisie-un-ancien-maire-de-gabes-ecope-de-trois-ans-de-prison\/217143\/"]}]},{"@type":"ImageObject","inLanguage":"fr-FR","@id":"https:\/\/www.webdo.tn\/fr\/actualite\/national\/tunisie-un-ancien-maire-de-gabes-ecope-de-trois-ans-de-prison\/217143\/#primaryimage","url":"https:\/\/www.webdo.tn\/fr\/wp-content\/uploads\/2024\/10\/e81d04ab5fb48e15a4eaaf58eda2de11.webp","contentUrl":"https:\/\/www.webdo.tn\/fr\/wp-content\/uploads\/2024\/10\/e81d04ab5fb48e15a4eaaf58eda2de11.webp","width":750,"height":400,"caption":"Tunisie : Un ancien maire de Gabes \u00e9cope de trois ans de prison"},{"@type":"BreadcrumbList","@id":"https:\/\/www.webdo.tn\/fr\/actualite\/national\/tunisie-un-ancien-maire-de-gabes-ecope-de-trois-ans-de-prison\/217143\/#breadcrumb","itemListElement":[{"@type":"ListItem","position":1,"name":"Accueil","item":"https:\/\/www.webdo.tn\/fr\/"},{"@type":"ListItem","position":2,"name":"Tunisie : Un ancien maire de Gabes \u00e9cope de trois ans de prison"}]},{"@type":"WebSite","@id":"https:\/\/www.webdo.tn\/fr\/#website","url":"https:\/\/www.webdo.tn\/fr\/","name":"webdo","description":"Tunisie - News en Tunisie et \u00e0 l&#039;international sur Webdo.tn","publisher":{"@id":"https:\/\/www.webdo.tn\/fr\/#organization"},"potentialAction":[{"@type":"SearchAction","target":{"@type":"EntryPoint","urlTemplate":"https:\/\/www.webdo.tn\/fr\/?s={search_term_string}"},"query-input":{"@type":"PropertyValueSpecification","valueRequired":true,"valueName":"search_term_string"}}],"inLanguage":"fr-FR"},{"@type":"Organization","@id":"https:\/\/www.webdo.tn\/fr\/#organization","name":"Webdo","alternateName":"Webdo.tn","url":"https:\/\/www.webdo.tn\/fr\/","logo":{"@type":"ImageObject","inLanguage":"fr-FR","@id":"https:\/\/www.webdo.tn\/fr\/#\/schema\/logo\/image\/","url":"https:\/\/www.webdo.tn\/fr\/wp-content\/uploads\/2025\/06\/Webdo-Tunisie_168377.jpg","contentUrl":"https:\/\/www.webdo.tn\/fr\/wp-content\/uploads\/2025\/06\/Webdo-Tunisie_168377.jpg","width":301,"height":301,"caption":"Webdo"},"image":{"@id":"https:\/\/www.webdo.tn\/fr\/#\/schema\/logo\/image\/"},"sameAs":["https:\/\/www.facebook.com\/webdotn","https:\/\/x.com\/webdo_tn"],"description":"Webdo est un m\u00e9dia num\u00e9rique tunisien fond\u00e9 en 2010, sp\u00e9cialis\u00e9 dans l\u2019actualit\u00e9 nationale et internationale, l\u2019\u00e9conomie, la soci\u00e9t\u00e9 et les analyses politiques. Le site s\u2019adresse \u00e0 un large public francophone et couvre l\u2019information tunisienne en temps r\u00e9el.","email":"redac@webdo.tn","legalName":"YNJ SARL","foundingDate":"2010-09-06","numberOfEmployees":{"@type":"QuantitativeValue","minValue":"11","maxValue":"50"}},{"@type":"Person","@id":"https:\/\/www.webdo.tn\/fr\/#\/schema\/person\/2c4929cbf5a809e3bd38617c6ce150f6","name":"MC","image":{"@type":"ImageObject","inLanguage":"fr-FR","@id":"https:\/\/secure.gravatar.com\/avatar\/a545bbb6f84efdd5553dbbc2895e3ca8f1d12c5215e00a041c9670b54aa9b18a?s=96&d=mm&r=g","url":"https:\/\/secure.gravatar.com\/avatar\/a545bbb6f84efdd5553dbbc2895e3ca8f1d12c5215e00a041c9670b54aa9b18a?s=96&d=mm&r=g","contentUrl":"https:\/\/secure.gravatar.com\/avatar\/a545bbb6f84efdd5553dbbc2895e3ca8f1d12c5215e00a041c9670b54aa9b18a?s=96&d=mm&r=g","caption":"MC"},"url":"https:\/\/www.webdo.tn\/fr\/actualite\/author\/mc\/"}]}},"_links":{"self":[{"href":"https:\/\/www.webdo.tn\/fr\/wp-json\/wp\/v2\/posts\/217143","targetHints":{"allow":["GET"]}}],"collection":[{"href":"https:\/\/www.webdo.tn\/fr\/wp-json\/wp\/v2\/posts"}],"about":[{"href":"https:\/\/www.webdo.tn\/fr\/wp-json\/wp\/v2\/types\/post"}],"author":[{"embeddable":true,"href":"https:\/\/www.webdo.tn\/fr\/wp-json\/wp\/v2\/users\/3162"}],"replies":[{"embeddable":true,"href":"https:\/\/www.webdo.tn\/fr\/wp-json\/wp\/v2\/comments?post=217143"}],"version-history":[{"count":0,"href":"https:\/\/www.webdo.tn\/fr\/wp-json\/wp\/v2\/posts\/217143\/revisions"}],"wp:featuredmedia":[{"embeddable":true,"href":"https:\/\/www.webdo.tn\/fr\/wp-json\/wp\/v2\/media\/291226"}],"wp:attachment":[{"href":"https:\/\/www.webdo.tn\/fr\/wp-json\/wp\/v2\/media?parent=217143"}],"wp:term":[{"taxonomy":"category","embeddable":true,"href":"https:\/\/www.webdo.tn\/fr\/wp-json\/wp\/v2\/categories?post=217143"},{"taxonomy":"post_tag","embeddable":true,"href":"https:\/\/www.webdo.tn\/fr\/wp-json\/wp\/v2\/tags?post=217143"}],"curies":[{"name":"wp","href":"https:\/\/api.w.org\/{rel}","templated":true}]}}