{"id":217141,"date":"2024-10-23T10:24:00","date_gmt":"2024-10-23T10:24:00","guid":{"rendered":"https:\/\/www.webdo.tn\/fr\/blog\/rapatriement-continu-des-tunisiens-du-liban-92-nouveaux-arrivants\/217141\/"},"modified":"2024-10-23T10:24:00","modified_gmt":"2024-10-23T10:24:00","slug":"rapatriement-continu-des-tunisiens-du-liban-92-nouveaux-arrivants","status":"publish","type":"post","link":"https:\/\/www.webdo.tn\/fr\/actualite\/national\/rapatriement-continu-des-tunisiens-du-liban-92-nouveaux-arrivants\/217141\/","title":{"rendered":"Tunisie : 92 Tunisiens du Liban rapatri\u00e9s"},"content":{"rendered":"<p>La Tunisie poursuit ses op\u00e9rations d&rsquo;\u00e9vacuation de ses ressortissants du Liban. Une nouvelle vague de 92 Tunisiens est arriv\u00e9e \u00e0 l&rsquo;a\u00e9roport international de Tunis-Carthage dans la nuit derni\u00e8re. Les \u00e9vacu\u00e9s ont d&rsquo;abord \u00e9t\u00e9 transport\u00e9s au Caire avant d&rsquo;\u00eatre pris en charge par Tunisair pour leur retour au pays.<\/p>\n<p>\t\t\t\t\t\t\t\t\tCette op\u00e9ration s&rsquo;inscrit dans la continuit\u00e9 des efforts de rapatriement, qui ont d\u00e9j\u00e0 permis le retour de 325 Tunisiens lors de deux vols pr\u00e9c\u00e9dents les 3 et 4 octobre. Un premier vol sp\u00e9cial avait ramen\u00e9 233 personnes, suivi d&rsquo;un second vol avec 102 ressortissants qui avaient transit\u00e9 par Amman, en Jordanie.<\/p>\n<p>Pr\u00e8s de 2000 Tunisiens au Liban, dont 25% de mineurs<\/p>\n<p>Rappelons que la communaut\u00e9 tunisienne au Liban est compos\u00e9e d&rsquo;environ 1970 personnes dont un quart sont des enfants mineurs. La majorit\u00e9 des adultes travaille dans les secteurs de l&rsquo;enseignement sup\u00e9rieur, de la m\u00e9decine, des services, du tourisme, ainsi que dans les organisations internationales et onusiennes.\u00a0<\/p>\n<p>Selon le dernier bilan du minist\u00e8re libanais de la Sant\u00e9 publi\u00e9 lundi, les attaques isra\u00e9liennes contre le Liban ont fait 2 546 morts et 11 862 bless\u00e9s. L&rsquo;agression a \u00e9galement entra\u00een\u00e9 le d\u00e9placement interne de quelque 600 000 personnes \u00e0 travers le pays.<\/p>\n","protected":false},"excerpt":{"rendered":"<p>La Tunisie poursuit ses op\u00e9rations d&rsquo;\u00e9vacuation de ses ressortissants du Liban. Une nouvelle vague de 92 Tunisiens est arriv\u00e9e \u00e0 l&rsquo;a\u00e9roport international de Tun&#8230;<\/p>\n","protected":false},"author":4779,"featured_media":291225,"comment_status":"open","ping_status":"closed","sticky":false,"template":"","format":"standard","meta":{"footnotes":""},"categories":[44],"tags":[10567,3920,5538,3451,2608],"class_list":["post-217141","post","type-post","status-publish","format-standard","has-post-thumbnail","hentry","category-national","tag-tunisiens-evacues","tag-liban","tag-rapatriement","tag-tunisair","tag-tunisie"],"yoast_head":"<!-- This site is optimized with the Yoast SEO Premium plugin v27.4 (Yoast SEO v27.5) - https:\/\/yoast.com\/product\/yoast-seo-premium-wordpress\/ -->\n<title>Tunisie : 92 Tunisiens du Liban rapatri\u00e9s<\/title>\n<meta name=\"description\" content=\"La Tunisie poursuit ses op\u00e9rations d&#039;\u00e9vacuation de ses ressortissants du Liban. Une nouvelle vague de 92 Tunisiens est arriv\u00e9e \u00e0 l&#039;a\u00e9roport international de Tun...\" \/>\n<link rel=\"canonical\" href=\"https:\/\/www.webdo.tn\/fr\/actualite\/national\/rapatriement-continu-des-tunisiens-du-liban-92-nouveaux-arrivants\/217141\/\" \/>\n<meta property=\"og:locale\" content=\"fr_FR\" \/>\n<meta property=\"og:type\" content=\"article\" \/>\n<meta property=\"og:title\" content=\"Tunisie : 92 Tunisiens du Liban rapatri\u00e9s\" \/>\n<meta property=\"og:description\" content=\"La Tunisie poursuit ses op\u00e9rations d&#039;\u00e9vacuation de ses ressortissants du Liban. Une nouvelle vague de 92 Tunisiens est arriv\u00e9e \u00e0 l&#039;a\u00e9roport international de Tun...\" \/>\n<meta property=\"og:url\" content=\"https:\/\/www.webdo.tn\/fr\/actualite\/national\/rapatriement-continu-des-tunisiens-du-liban-92-nouveaux-arrivants\/217141\/\" \/>\n<meta property=\"og:site_name\" content=\"webdo\" \/>\n<meta property=\"article:publisher\" content=\"https:\/\/www.facebook.com\/webdotn\" \/>\n<meta property=\"article:published_time\" content=\"2024-10-23T10:24:00+00:00\" \/>\n<meta property=\"og:image\" content=\"https:\/\/www.webdo.tn\/fr\/wp-content\/uploads\/2024\/10\/244209df6cc702775fd10e43eec4f688.webp\" \/>\n\t<meta property=\"og:image:width\" content=\"750\" \/>\n\t<meta property=\"og:image:height\" content=\"400\" \/>\n\t<meta property=\"og:image:type\" content=\"image\/webp\" \/>\n<meta name=\"author\" content=\"Firas Ben Abdeltif\" \/>\n<meta name=\"twitter:card\" content=\"summary_large_image\" \/>\n<meta name=\"twitter:creator\" content=\"@webdo_tn\" \/>\n<meta name=\"twitter:site\" content=\"@webdo_tn\" \/>\n<meta name=\"twitter:label1\" content=\"\u00c9crit par\" \/>\n\t<meta name=\"twitter:data1\" content=\"Firas Ben Abdeltif\" \/>\n\t<meta name=\"twitter:label2\" content=\"Dur\u00e9e de lecture estim\u00e9e\" \/>\n\t<meta name=\"twitter:data2\" content=\"1 minute\" \/>\n<script type=\"application\/ld+json\" class=\"yoast-schema-graph\">{\"@context\":\"https:\\\/\\\/schema.org\",\"@graph\":[{\"@type\":\"NewsArticle\",\"@id\":\"https:\\\/\\\/www.webdo.tn\\\/fr\\\/actualite\\\/national\\\/rapatriement-continu-des-tunisiens-du-liban-92-nouveaux-arrivants\\\/217141\\\/#article\",\"isPartOf\":{\"@id\":\"https:\\\/\\\/www.webdo.tn\\\/fr\\\/actualite\\\/national\\\/rapatriement-continu-des-tunisiens-du-liban-92-nouveaux-arrivants\\\/217141\\\/\"},\"author\":{\"name\":\"Firas Ben Abdeltif\",\"@id\":\"https:\\\/\\\/www.webdo.tn\\\/fr\\\/#\\\/schema\\\/person\\\/19664196c9bfdcda126f3c27709f7d11\"},\"headline\":\"Tunisie : 92 Tunisiens du Liban rapatri\u00e9s\",\"datePublished\":\"2024-10-23T10:24:00+00:00\",\"mainEntityOfPage\":{\"@id\":\"https:\\\/\\\/www.webdo.tn\\\/fr\\\/actualite\\\/national\\\/rapatriement-continu-des-tunisiens-du-liban-92-nouveaux-arrivants\\\/217141\\\/\"},\"wordCount\":215,\"commentCount\":0,\"publisher\":{\"@id\":\"https:\\\/\\\/www.webdo.tn\\\/fr\\\/#organization\"},\"image\":{\"@id\":\"https:\\\/\\\/www.webdo.tn\\\/fr\\\/actualite\\\/national\\\/rapatriement-continu-des-tunisiens-du-liban-92-nouveaux-arrivants\\\/217141\\\/#primaryimage\"},\"thumbnailUrl\":\"https:\\\/\\\/www.webdo.tn\\\/fr\\\/wp-content\\\/uploads\\\/2024\\\/10\\\/244209df6cc702775fd10e43eec4f688.webp\",\"keywords\":[\"'Tunisiens \u00e9vacu\u00e9s']\",\"liban\",\"rapatriement\",\"Tunisair\",\"Tunisie\"],\"articleSection\":[\"National\"],\"inLanguage\":\"fr-FR\"},{\"@type\":\"WebPage\",\"@id\":\"https:\\\/\\\/www.webdo.tn\\\/fr\\\/actualite\\\/national\\\/rapatriement-continu-des-tunisiens-du-liban-92-nouveaux-arrivants\\\/217141\\\/\",\"url\":\"https:\\\/\\\/www.webdo.tn\\\/fr\\\/actualite\\\/national\\\/rapatriement-continu-des-tunisiens-du-liban-92-nouveaux-arrivants\\\/217141\\\/\",\"name\":\"Tunisie : 92 Tunisiens du Liban rapatri\u00e9s\",\"isPartOf\":{\"@id\":\"https:\\\/\\\/www.webdo.tn\\\/fr\\\/#website\"},\"primaryImageOfPage\":{\"@id\":\"https:\\\/\\\/www.webdo.tn\\\/fr\\\/actualite\\\/national\\\/rapatriement-continu-des-tunisiens-du-liban-92-nouveaux-arrivants\\\/217141\\\/#primaryimage\"},\"image\":{\"@id\":\"https:\\\/\\\/www.webdo.tn\\\/fr\\\/actualite\\\/national\\\/rapatriement-continu-des-tunisiens-du-liban-92-nouveaux-arrivants\\\/217141\\\/#primaryimage\"},\"thumbnailUrl\":\"https:\\\/\\\/www.webdo.tn\\\/fr\\\/wp-content\\\/uploads\\\/2024\\\/10\\\/244209df6cc702775fd10e43eec4f688.webp\",\"datePublished\":\"2024-10-23T10:24:00+00:00\",\"description\":\"La Tunisie poursuit ses op\u00e9rations d'\u00e9vacuation de ses ressortissants du Liban. Une nouvelle vague de 92 Tunisiens est arriv\u00e9e \u00e0 l'a\u00e9roport international de Tun...\",\"breadcrumb\":{\"@id\":\"https:\\\/\\\/www.webdo.tn\\\/fr\\\/actualite\\\/national\\\/rapatriement-continu-des-tunisiens-du-liban-92-nouveaux-arrivants\\\/217141\\\/#breadcrumb\"},\"inLanguage\":\"fr-FR\",\"potentialAction\":[{\"@type\":\"ReadAction\",\"target\":[\"https:\\\/\\\/www.webdo.tn\\\/fr\\\/actualite\\\/national\\\/rapatriement-continu-des-tunisiens-du-liban-92-nouveaux-arrivants\\\/217141\\\/\"]}]},{\"@type\":\"ImageObject\",\"inLanguage\":\"fr-FR\",\"@id\":\"https:\\\/\\\/www.webdo.tn\\\/fr\\\/actualite\\\/national\\\/rapatriement-continu-des-tunisiens-du-liban-92-nouveaux-arrivants\\\/217141\\\/#primaryimage\",\"url\":\"https:\\\/\\\/www.webdo.tn\\\/fr\\\/wp-content\\\/uploads\\\/2024\\\/10\\\/244209df6cc702775fd10e43eec4f688.webp\",\"contentUrl\":\"https:\\\/\\\/www.webdo.tn\\\/fr\\\/wp-content\\\/uploads\\\/2024\\\/10\\\/244209df6cc702775fd10e43eec4f688.webp\",\"width\":750,\"height\":400,\"caption\":\"Tunisie : 92 Tunisiens du Liban rapatri\u00e9s\"},{\"@type\":\"BreadcrumbList\",\"@id\":\"https:\\\/\\\/www.webdo.tn\\\/fr\\\/actualite\\\/national\\\/rapatriement-continu-des-tunisiens-du-liban-92-nouveaux-arrivants\\\/217141\\\/#breadcrumb\",\"itemListElement\":[{\"@type\":\"ListItem\",\"position\":1,\"name\":\"Accueil\",\"item\":\"https:\\\/\\\/www.webdo.tn\\\/fr\\\/\"},{\"@type\":\"ListItem\",\"position\":2,\"name\":\"Tunisie : 92 Tunisiens du Liban rapatri\u00e9s\"}]},{\"@type\":\"WebSite\",\"@id\":\"https:\\\/\\\/www.webdo.tn\\\/fr\\\/#website\",\"url\":\"https:\\\/\\\/www.webdo.tn\\\/fr\\\/\",\"name\":\"webdo\",\"description\":\"Tunisie - News en Tunisie et \u00e0 l&#039;international sur Webdo.tn\",\"publisher\":{\"@id\":\"https:\\\/\\\/www.webdo.tn\\\/fr\\\/#organization\"},\"potentialAction\":[{\"@type\":\"SearchAction\",\"target\":{\"@type\":\"EntryPoint\",\"urlTemplate\":\"https:\\\/\\\/www.webdo.tn\\\/fr\\\/?s={search_term_string}\"},\"query-input\":{\"@type\":\"PropertyValueSpecification\",\"valueRequired\":true,\"valueName\":\"search_term_string\"}}],\"inLanguage\":\"fr-FR\"},{\"@type\":\"Organization\",\"@id\":\"https:\\\/\\\/www.webdo.tn\\\/fr\\\/#organization\",\"name\":\"Webdo\",\"alternateName\":\"Webdo.tn\",\"url\":\"https:\\\/\\\/www.webdo.tn\\\/fr\\\/\",\"logo\":{\"@type\":\"ImageObject\",\"inLanguage\":\"fr-FR\",\"@id\":\"https:\\\/\\\/www.webdo.tn\\\/fr\\\/#\\\/schema\\\/logo\\\/image\\\/\",\"url\":\"https:\\\/\\\/www.webdo.tn\\\/fr\\\/wp-content\\\/uploads\\\/2025\\\/06\\\/Webdo-Tunisie_168377.jpg\",\"contentUrl\":\"https:\\\/\\\/www.webdo.tn\\\/fr\\\/wp-content\\\/uploads\\\/2025\\\/06\\\/Webdo-Tunisie_168377.jpg\",\"width\":301,\"height\":301,\"caption\":\"Webdo\"},\"image\":{\"@id\":\"https:\\\/\\\/www.webdo.tn\\\/fr\\\/#\\\/schema\\\/logo\\\/image\\\/\"},\"sameAs\":[\"https:\\\/\\\/www.facebook.com\\\/webdotn\",\"https:\\\/\\\/x.com\\\/webdo_tn\"],\"description\":\"Webdo est un m\u00e9dia num\u00e9rique tunisien fond\u00e9 en 2010, sp\u00e9cialis\u00e9 dans l\u2019actualit\u00e9 nationale et internationale, l\u2019\u00e9conomie, la soci\u00e9t\u00e9 et les analyses politiques. Le site s\u2019adresse \u00e0 un large public francophone et couvre l\u2019information tunisienne en temps r\u00e9el.\",\"email\":\"redac@webdo.tn\",\"legalName\":\"YNJ SARL\",\"foundingDate\":\"2010-09-06\",\"numberOfEmployees\":{\"@type\":\"QuantitativeValue\",\"minValue\":\"11\",\"maxValue\":\"50\"}},{\"@type\":\"Person\",\"@id\":\"https:\\\/\\\/www.webdo.tn\\\/fr\\\/#\\\/schema\\\/person\\\/19664196c9bfdcda126f3c27709f7d11\",\"name\":\"Firas Ben Abdeltif\",\"image\":{\"@type\":\"ImageObject\",\"inLanguage\":\"fr-FR\",\"@id\":\"https:\\\/\\\/secure.gravatar.com\\\/avatar\\\/161a347d40df098a084778c52ed133dbd85f14df003867067c5948081241ec55?s=96&d=mm&r=g\",\"url\":\"https:\\\/\\\/secure.gravatar.com\\\/avatar\\\/161a347d40df098a084778c52ed133dbd85f14df003867067c5948081241ec55?s=96&d=mm&r=g\",\"contentUrl\":\"https:\\\/\\\/secure.gravatar.com\\\/avatar\\\/161a347d40df098a084778c52ed133dbd85f14df003867067c5948081241ec55?s=96&d=mm&r=g\",\"caption\":\"Firas Ben Abdeltif\"},\"url\":\"https:\\\/\\\/www.webdo.tn\\\/fr\\\/actualite\\\/author\\\/firas-ben-abdeltif\\\/\"}]}<\/script>\n<!-- \/ Yoast SEO Premium plugin. -->","yoast_head_json":{"title":"Tunisie : 92 Tunisiens du Liban rapatri\u00e9s","description":"La Tunisie poursuit ses op\u00e9rations d'\u00e9vacuation de ses ressortissants du Liban. Une nouvelle vague de 92 Tunisiens est arriv\u00e9e \u00e0 l'a\u00e9roport international de Tun...","canonical":"https:\/\/www.webdo.tn\/fr\/actualite\/national\/rapatriement-continu-des-tunisiens-du-liban-92-nouveaux-arrivants\/217141\/","og_locale":"fr_FR","og_type":"article","og_title":"Tunisie : 92 Tunisiens du Liban rapatri\u00e9s","og_description":"La Tunisie poursuit ses op\u00e9rations d'\u00e9vacuation de ses ressortissants du Liban. Une nouvelle vague de 92 Tunisiens est arriv\u00e9e \u00e0 l'a\u00e9roport international de Tun...","og_url":"https:\/\/www.webdo.tn\/fr\/actualite\/national\/rapatriement-continu-des-tunisiens-du-liban-92-nouveaux-arrivants\/217141\/","og_site_name":"webdo","article_publisher":"https:\/\/www.facebook.com\/webdotn","article_published_time":"2024-10-23T10:24:00+00:00","og_image":[{"width":750,"height":400,"url":"https:\/\/www.webdo.tn\/fr\/wp-content\/uploads\/2024\/10\/244209df6cc702775fd10e43eec4f688.webp","type":"image\/webp"}],"author":"Firas Ben Abdeltif","twitter_card":"summary_large_image","twitter_creator":"@webdo_tn","twitter_site":"@webdo_tn","twitter_misc":{"\u00c9crit par":"Firas Ben Abdeltif","Dur\u00e9e de lecture estim\u00e9e":"1 minute"},"schema":{"@context":"https:\/\/schema.org","@graph":[{"@type":"NewsArticle","@id":"https:\/\/www.webdo.tn\/fr\/actualite\/national\/rapatriement-continu-des-tunisiens-du-liban-92-nouveaux-arrivants\/217141\/#article","isPartOf":{"@id":"https:\/\/www.webdo.tn\/fr\/actualite\/national\/rapatriement-continu-des-tunisiens-du-liban-92-nouveaux-arrivants\/217141\/"},"author":{"name":"Firas Ben Abdeltif","@id":"https:\/\/www.webdo.tn\/fr\/#\/schema\/person\/19664196c9bfdcda126f3c27709f7d11"},"headline":"Tunisie : 92 Tunisiens du Liban rapatri\u00e9s","datePublished":"2024-10-23T10:24:00+00:00","mainEntityOfPage":{"@id":"https:\/\/www.webdo.tn\/fr\/actualite\/national\/rapatriement-continu-des-tunisiens-du-liban-92-nouveaux-arrivants\/217141\/"},"wordCount":215,"commentCount":0,"publisher":{"@id":"https:\/\/www.webdo.tn\/fr\/#organization"},"image":{"@id":"https:\/\/www.webdo.tn\/fr\/actualite\/national\/rapatriement-continu-des-tunisiens-du-liban-92-nouveaux-arrivants\/217141\/#primaryimage"},"thumbnailUrl":"https:\/\/www.webdo.tn\/fr\/wp-content\/uploads\/2024\/10\/244209df6cc702775fd10e43eec4f688.webp","keywords":["'Tunisiens \u00e9vacu\u00e9s']","liban","rapatriement","Tunisair","Tunisie"],"articleSection":["National"],"inLanguage":"fr-FR"},{"@type":"WebPage","@id":"https:\/\/www.webdo.tn\/fr\/actualite\/national\/rapatriement-continu-des-tunisiens-du-liban-92-nouveaux-arrivants\/217141\/","url":"https:\/\/www.webdo.tn\/fr\/actualite\/national\/rapatriement-continu-des-tunisiens-du-liban-92-nouveaux-arrivants\/217141\/","name":"Tunisie : 92 Tunisiens du Liban rapatri\u00e9s","isPartOf":{"@id":"https:\/\/www.webdo.tn\/fr\/#website"},"primaryImageOfPage":{"@id":"https:\/\/www.webdo.tn\/fr\/actualite\/national\/rapatriement-continu-des-tunisiens-du-liban-92-nouveaux-arrivants\/217141\/#primaryimage"},"image":{"@id":"https:\/\/www.webdo.tn\/fr\/actualite\/national\/rapatriement-continu-des-tunisiens-du-liban-92-nouveaux-arrivants\/217141\/#primaryimage"},"thumbnailUrl":"https:\/\/www.webdo.tn\/fr\/wp-content\/uploads\/2024\/10\/244209df6cc702775fd10e43eec4f688.webp","datePublished":"2024-10-23T10:24:00+00:00","description":"La Tunisie poursuit ses op\u00e9rations d'\u00e9vacuation de ses ressortissants du Liban. Une nouvelle vague de 92 Tunisiens est arriv\u00e9e \u00e0 l'a\u00e9roport international de Tun...","breadcrumb":{"@id":"https:\/\/www.webdo.tn\/fr\/actualite\/national\/rapatriement-continu-des-tunisiens-du-liban-92-nouveaux-arrivants\/217141\/#breadcrumb"},"inLanguage":"fr-FR","potentialAction":[{"@type":"ReadAction","target":["https:\/\/www.webdo.tn\/fr\/actualite\/national\/rapatriement-continu-des-tunisiens-du-liban-92-nouveaux-arrivants\/217141\/"]}]},{"@type":"ImageObject","inLanguage":"fr-FR","@id":"https:\/\/www.webdo.tn\/fr\/actualite\/national\/rapatriement-continu-des-tunisiens-du-liban-92-nouveaux-arrivants\/217141\/#primaryimage","url":"https:\/\/www.webdo.tn\/fr\/wp-content\/uploads\/2024\/10\/244209df6cc702775fd10e43eec4f688.webp","contentUrl":"https:\/\/www.webdo.tn\/fr\/wp-content\/uploads\/2024\/10\/244209df6cc702775fd10e43eec4f688.webp","width":750,"height":400,"caption":"Tunisie : 92 Tunisiens du Liban rapatri\u00e9s"},{"@type":"BreadcrumbList","@id":"https:\/\/www.webdo.tn\/fr\/actualite\/national\/rapatriement-continu-des-tunisiens-du-liban-92-nouveaux-arrivants\/217141\/#breadcrumb","itemListElement":[{"@type":"ListItem","position":1,"name":"Accueil","item":"https:\/\/www.webdo.tn\/fr\/"},{"@type":"ListItem","position":2,"name":"Tunisie : 92 Tunisiens du Liban rapatri\u00e9s"}]},{"@type":"WebSite","@id":"https:\/\/www.webdo.tn\/fr\/#website","url":"https:\/\/www.webdo.tn\/fr\/","name":"webdo","description":"Tunisie - News en Tunisie et \u00e0 l&#039;international sur Webdo.tn","publisher":{"@id":"https:\/\/www.webdo.tn\/fr\/#organization"},"potentialAction":[{"@type":"SearchAction","target":{"@type":"EntryPoint","urlTemplate":"https:\/\/www.webdo.tn\/fr\/?s={search_term_string}"},"query-input":{"@type":"PropertyValueSpecification","valueRequired":true,"valueName":"search_term_string"}}],"inLanguage":"fr-FR"},{"@type":"Organization","@id":"https:\/\/www.webdo.tn\/fr\/#organization","name":"Webdo","alternateName":"Webdo.tn","url":"https:\/\/www.webdo.tn\/fr\/","logo":{"@type":"ImageObject","inLanguage":"fr-FR","@id":"https:\/\/www.webdo.tn\/fr\/#\/schema\/logo\/image\/","url":"https:\/\/www.webdo.tn\/fr\/wp-content\/uploads\/2025\/06\/Webdo-Tunisie_168377.jpg","contentUrl":"https:\/\/www.webdo.tn\/fr\/wp-content\/uploads\/2025\/06\/Webdo-Tunisie_168377.jpg","width":301,"height":301,"caption":"Webdo"},"image":{"@id":"https:\/\/www.webdo.tn\/fr\/#\/schema\/logo\/image\/"},"sameAs":["https:\/\/www.facebook.com\/webdotn","https:\/\/x.com\/webdo_tn"],"description":"Webdo est un m\u00e9dia num\u00e9rique tunisien fond\u00e9 en 2010, sp\u00e9cialis\u00e9 dans l\u2019actualit\u00e9 nationale et internationale, l\u2019\u00e9conomie, la soci\u00e9t\u00e9 et les analyses politiques. Le site s\u2019adresse \u00e0 un large public francophone et couvre l\u2019information tunisienne en temps r\u00e9el.","email":"redac@webdo.tn","legalName":"YNJ SARL","foundingDate":"2010-09-06","numberOfEmployees":{"@type":"QuantitativeValue","minValue":"11","maxValue":"50"}},{"@type":"Person","@id":"https:\/\/www.webdo.tn\/fr\/#\/schema\/person\/19664196c9bfdcda126f3c27709f7d11","name":"Firas Ben Abdeltif","image":{"@type":"ImageObject","inLanguage":"fr-FR","@id":"https:\/\/secure.gravatar.com\/avatar\/161a347d40df098a084778c52ed133dbd85f14df003867067c5948081241ec55?s=96&d=mm&r=g","url":"https:\/\/secure.gravatar.com\/avatar\/161a347d40df098a084778c52ed133dbd85f14df003867067c5948081241ec55?s=96&d=mm&r=g","contentUrl":"https:\/\/secure.gravatar.com\/avatar\/161a347d40df098a084778c52ed133dbd85f14df003867067c5948081241ec55?s=96&d=mm&r=g","caption":"Firas Ben Abdeltif"},"url":"https:\/\/www.webdo.tn\/fr\/actualite\/author\/firas-ben-abdeltif\/"}]}},"_links":{"self":[{"href":"https:\/\/www.webdo.tn\/fr\/wp-json\/wp\/v2\/posts\/217141","targetHints":{"allow":["GET"]}}],"collection":[{"href":"https:\/\/www.webdo.tn\/fr\/wp-json\/wp\/v2\/posts"}],"about":[{"href":"https:\/\/www.webdo.tn\/fr\/wp-json\/wp\/v2\/types\/post"}],"author":[{"embeddable":true,"href":"https:\/\/www.webdo.tn\/fr\/wp-json\/wp\/v2\/users\/4779"}],"replies":[{"embeddable":true,"href":"https:\/\/www.webdo.tn\/fr\/wp-json\/wp\/v2\/comments?post=217141"}],"version-history":[{"count":0,"href":"https:\/\/www.webdo.tn\/fr\/wp-json\/wp\/v2\/posts\/217141\/revisions"}],"wp:featuredmedia":[{"embeddable":true,"href":"https:\/\/www.webdo.tn\/fr\/wp-json\/wp\/v2\/media\/291225"}],"wp:attachment":[{"href":"https:\/\/www.webdo.tn\/fr\/wp-json\/wp\/v2\/media?parent=217141"}],"wp:term":[{"taxonomy":"category","embeddable":true,"href":"https:\/\/www.webdo.tn\/fr\/wp-json\/wp\/v2\/categories?post=217141"},{"taxonomy":"post_tag","embeddable":true,"href":"https:\/\/www.webdo.tn\/fr\/wp-json\/wp\/v2\/tags?post=217141"}],"curies":[{"name":"wp","href":"https:\/\/api.w.org\/{rel}","templated":true}]}}