{"id":217138,"date":"2024-10-23T09:18:00","date_gmt":"2024-10-23T09:18:00","guid":{"rendered":"https:\/\/www.webdo.tn\/fr\/blog\/intemperies-cours-suspendus-dans-les-gouvernorats-de-sousse-et-monastir\/217138\/"},"modified":"2025-05-20T22:14:41","modified_gmt":"2025-05-20T22:14:41","slug":"intemperies-cours-suspendus-dans-les-gouvernorats-de-sousse-et-monastir","status":"publish","type":"post","link":"https:\/\/www.webdo.tn\/fr\/actualite\/national\/intemperies-cours-suspendus-dans-les-gouvernorats-de-sousse-et-monastir\/217138\/","title":{"rendered":"Tunisie &#8211; Intemp\u00e9ries : Cours suspendus dans les gouvernorats de Sousse et Monastir"},"content":{"rendered":"<p>Les Commissions r\u00e9gionales de lutte contre les catastrophes de Sousse et de Monastir ont d\u00e9cid\u00e9 de suspendre les cours en raison des intemp\u00e9ries et des pluies diluviennes pr\u00e9vues dans ces deux r\u00e9gions au cours de la journ\u00e9e d\u2019aujourd\u2019hui.<\/p>\n<p>\t\t\t\t\t\t\t\t\tLes Commissions de lutte contre les catastrophes ont annonc\u00e9 la suspension des cours de la matin\u00e9e de ce mercredi 23 octobre 2024 dans tous les \u00e9tablissements \u00e9ducatifs dans les gouvernorats de Sousse et de Monastir.<\/p>\n<p>Hier, les cours avaient \u00e9t\u00e9 suspendus dans quatre d\u00e9l\u00e9gations du gouvernorat de Gabes, dans sept d\u00e9l\u00e9gations de Mahdia et dans les gouvernorats de Sfax et Monastir.<\/p>\n","protected":false},"excerpt":{"rendered":"<p>Les Commissions de lutte contre les catastrophes ont annonc\u00e9 la suspension des cours de la matin\u00e9e de ce mercredi 23 octobre 2024 dans tous les \u00e9tablissements \u00e9&#8230;<\/p>\n","protected":false},"author":3162,"featured_media":291222,"comment_status":"open","ping_status":"closed","sticky":false,"template":"","format":"standard","meta":{"footnotes":""},"categories":[44],"tags":[5324,2712,2670,2692,2671,2699,2608],"class_list":["post-217138","post","type-post","status-publish","format-standard","has-post-thumbnail","hentry","category-national","tag-cours-suspendus","tag-intemperies","tag-meteo","tag-monastir","tag-pluie","tag-sousse","tag-tunisie"],"yoast_head":"<!-- This site is optimized with the Yoast SEO Premium plugin v27.5 (Yoast SEO v27.5) - https:\/\/yoast.com\/product\/yoast-seo-premium-wordpress\/ -->\n<title>Tunisie - Intemp\u00e9ries : Cours suspendus dans les gouvernorats de Sousse et Monastir<\/title>\n<meta name=\"description\" content=\"Les Commissions de lutte contre les catastrophes ont annonc\u00e9 la suspension des cours de la matin\u00e9e de ce mercredi 23 octobre 2024 dans tous les \u00e9tablissements \u00e9...\" \/>\n<link rel=\"canonical\" href=\"https:\/\/www.webdo.tn\/fr\/actualite\/national\/intemperies-cours-suspendus-dans-les-gouvernorats-de-sousse-et-monastir\/217138\/\" \/>\n<meta property=\"og:locale\" content=\"fr_FR\" \/>\n<meta property=\"og:type\" content=\"article\" \/>\n<meta property=\"og:title\" content=\"Tunisie - Intemp\u00e9ries : Cours suspendus dans les gouvernorats de Sousse et Monastir\" \/>\n<meta property=\"og:description\" content=\"Les Commissions de lutte contre les catastrophes ont annonc\u00e9 la suspension des cours de la matin\u00e9e de ce mercredi 23 octobre 2024 dans tous les \u00e9tablissements \u00e9...\" \/>\n<meta property=\"og:url\" content=\"https:\/\/www.webdo.tn\/fr\/actualite\/national\/intemperies-cours-suspendus-dans-les-gouvernorats-de-sousse-et-monastir\/217138\/\" \/>\n<meta property=\"og:site_name\" content=\"webdo\" \/>\n<meta property=\"article:publisher\" content=\"https:\/\/www.facebook.com\/webdotn\" \/>\n<meta property=\"article:published_time\" content=\"2024-10-23T09:18:00+00:00\" \/>\n<meta property=\"article:modified_time\" content=\"2025-05-20T22:14:41+00:00\" \/>\n<meta property=\"og:image\" content=\"https:\/\/www.webdo.tn\/fr\/wp-content\/uploads\/2024\/10\/e1b4132713d1e6065b29d5274e995c01.webp\" \/>\n\t<meta property=\"og:image:width\" content=\"624\" \/>\n\t<meta property=\"og:image:height\" content=\"333\" \/>\n\t<meta property=\"og:image:type\" content=\"image\/webp\" \/>\n<meta name=\"author\" content=\"MC\" \/>\n<meta name=\"twitter:card\" content=\"summary_large_image\" \/>\n<meta name=\"twitter:creator\" content=\"@webdo_tn\" \/>\n<meta name=\"twitter:site\" content=\"@webdo_tn\" \/>\n<meta name=\"twitter:label1\" content=\"\u00c9crit par\" \/>\n\t<meta name=\"twitter:data1\" content=\"MC\" \/>\n\t<meta name=\"twitter:label2\" content=\"Dur\u00e9e de lecture estim\u00e9e\" \/>\n\t<meta name=\"twitter:data2\" content=\"1 minute\" \/>\n<script type=\"application\/ld+json\" class=\"yoast-schema-graph\">{\"@context\":\"https:\\\/\\\/schema.org\",\"@graph\":[{\"@type\":\"NewsArticle\",\"@id\":\"https:\\\/\\\/www.webdo.tn\\\/fr\\\/actualite\\\/national\\\/intemperies-cours-suspendus-dans-les-gouvernorats-de-sousse-et-monastir\\\/217138\\\/#article\",\"isPartOf\":{\"@id\":\"https:\\\/\\\/www.webdo.tn\\\/fr\\\/actualite\\\/national\\\/intemperies-cours-suspendus-dans-les-gouvernorats-de-sousse-et-monastir\\\/217138\\\/\"},\"author\":{\"name\":\"MC\",\"@id\":\"https:\\\/\\\/www.webdo.tn\\\/fr\\\/#\\\/schema\\\/person\\\/2c4929cbf5a809e3bd38617c6ce150f6\"},\"headline\":\"Tunisie &#8211; Intemp\u00e9ries : Cours suspendus dans les gouvernorats de Sousse et Monastir\",\"datePublished\":\"2024-10-23T09:18:00+00:00\",\"dateModified\":\"2025-05-20T22:14:41+00:00\",\"mainEntityOfPage\":{\"@id\":\"https:\\\/\\\/www.webdo.tn\\\/fr\\\/actualite\\\/national\\\/intemperies-cours-suspendus-dans-les-gouvernorats-de-sousse-et-monastir\\\/217138\\\/\"},\"wordCount\":123,\"commentCount\":0,\"publisher\":{\"@id\":\"https:\\\/\\\/www.webdo.tn\\\/fr\\\/#organization\"},\"image\":{\"@id\":\"https:\\\/\\\/www.webdo.tn\\\/fr\\\/actualite\\\/national\\\/intemperies-cours-suspendus-dans-les-gouvernorats-de-sousse-et-monastir\\\/217138\\\/#primaryimage\"},\"thumbnailUrl\":\"https:\\\/\\\/www.webdo.tn\\\/fr\\\/wp-content\\\/uploads\\\/2024\\\/10\\\/e1b4132713d1e6065b29d5274e995c01.webp\",\"keywords\":[\"cours suspendus\",\"Intemp\u00e9ries\",\"m\u00e9t\u00e9o\",\"Monastir\",\"Pluie\",\"Sousse\",\"Tunisie\"],\"articleSection\":[\"National\"],\"inLanguage\":\"fr-FR\"},{\"@type\":\"WebPage\",\"@id\":\"https:\\\/\\\/www.webdo.tn\\\/fr\\\/actualite\\\/national\\\/intemperies-cours-suspendus-dans-les-gouvernorats-de-sousse-et-monastir\\\/217138\\\/\",\"url\":\"https:\\\/\\\/www.webdo.tn\\\/fr\\\/actualite\\\/national\\\/intemperies-cours-suspendus-dans-les-gouvernorats-de-sousse-et-monastir\\\/217138\\\/\",\"name\":\"Tunisie - Intemp\u00e9ries : Cours suspendus dans les gouvernorats de Sousse et Monastir\",\"isPartOf\":{\"@id\":\"https:\\\/\\\/www.webdo.tn\\\/fr\\\/#website\"},\"primaryImageOfPage\":{\"@id\":\"https:\\\/\\\/www.webdo.tn\\\/fr\\\/actualite\\\/national\\\/intemperies-cours-suspendus-dans-les-gouvernorats-de-sousse-et-monastir\\\/217138\\\/#primaryimage\"},\"image\":{\"@id\":\"https:\\\/\\\/www.webdo.tn\\\/fr\\\/actualite\\\/national\\\/intemperies-cours-suspendus-dans-les-gouvernorats-de-sousse-et-monastir\\\/217138\\\/#primaryimage\"},\"thumbnailUrl\":\"https:\\\/\\\/www.webdo.tn\\\/fr\\\/wp-content\\\/uploads\\\/2024\\\/10\\\/e1b4132713d1e6065b29d5274e995c01.webp\",\"datePublished\":\"2024-10-23T09:18:00+00:00\",\"dateModified\":\"2025-05-20T22:14:41+00:00\",\"description\":\"Les Commissions de lutte contre les catastrophes ont annonc\u00e9 la suspension des cours de la matin\u00e9e de ce mercredi 23 octobre 2024 dans tous les \u00e9tablissements \u00e9...\",\"breadcrumb\":{\"@id\":\"https:\\\/\\\/www.webdo.tn\\\/fr\\\/actualite\\\/national\\\/intemperies-cours-suspendus-dans-les-gouvernorats-de-sousse-et-monastir\\\/217138\\\/#breadcrumb\"},\"inLanguage\":\"fr-FR\",\"potentialAction\":[{\"@type\":\"ReadAction\",\"target\":[\"https:\\\/\\\/www.webdo.tn\\\/fr\\\/actualite\\\/national\\\/intemperies-cours-suspendus-dans-les-gouvernorats-de-sousse-et-monastir\\\/217138\\\/\"]}]},{\"@type\":\"ImageObject\",\"inLanguage\":\"fr-FR\",\"@id\":\"https:\\\/\\\/www.webdo.tn\\\/fr\\\/actualite\\\/national\\\/intemperies-cours-suspendus-dans-les-gouvernorats-de-sousse-et-monastir\\\/217138\\\/#primaryimage\",\"url\":\"https:\\\/\\\/www.webdo.tn\\\/fr\\\/wp-content\\\/uploads\\\/2024\\\/10\\\/e1b4132713d1e6065b29d5274e995c01.webp\",\"contentUrl\":\"https:\\\/\\\/www.webdo.tn\\\/fr\\\/wp-content\\\/uploads\\\/2024\\\/10\\\/e1b4132713d1e6065b29d5274e995c01.webp\",\"width\":624,\"height\":333,\"caption\":\"Tunisie - Intemp\u00e9ries : Cours suspendus dans les gouvernorats de Sousse et Monastir\"},{\"@type\":\"BreadcrumbList\",\"@id\":\"https:\\\/\\\/www.webdo.tn\\\/fr\\\/actualite\\\/national\\\/intemperies-cours-suspendus-dans-les-gouvernorats-de-sousse-et-monastir\\\/217138\\\/#breadcrumb\",\"itemListElement\":[{\"@type\":\"ListItem\",\"position\":1,\"name\":\"Accueil\",\"item\":\"https:\\\/\\\/www.webdo.tn\\\/fr\\\/\"},{\"@type\":\"ListItem\",\"position\":2,\"name\":\"Tunisie &#8211; Intemp\u00e9ries : Cours suspendus dans les gouvernorats de Sousse et Monastir\"}]},{\"@type\":\"WebSite\",\"@id\":\"https:\\\/\\\/www.webdo.tn\\\/fr\\\/#website\",\"url\":\"https:\\\/\\\/www.webdo.tn\\\/fr\\\/\",\"name\":\"webdo\",\"description\":\"Tunisie - News en Tunisie et \u00e0 l&#039;international sur Webdo.tn\",\"publisher\":{\"@id\":\"https:\\\/\\\/www.webdo.tn\\\/fr\\\/#organization\"},\"potentialAction\":[{\"@type\":\"SearchAction\",\"target\":{\"@type\":\"EntryPoint\",\"urlTemplate\":\"https:\\\/\\\/www.webdo.tn\\\/fr\\\/?s={search_term_string}\"},\"query-input\":{\"@type\":\"PropertyValueSpecification\",\"valueRequired\":true,\"valueName\":\"search_term_string\"}}],\"inLanguage\":\"fr-FR\"},{\"@type\":\"Organization\",\"@id\":\"https:\\\/\\\/www.webdo.tn\\\/fr\\\/#organization\",\"name\":\"Webdo\",\"alternateName\":\"Webdo.tn\",\"url\":\"https:\\\/\\\/www.webdo.tn\\\/fr\\\/\",\"logo\":{\"@type\":\"ImageObject\",\"inLanguage\":\"fr-FR\",\"@id\":\"https:\\\/\\\/www.webdo.tn\\\/fr\\\/#\\\/schema\\\/logo\\\/image\\\/\",\"url\":\"https:\\\/\\\/www.webdo.tn\\\/fr\\\/wp-content\\\/uploads\\\/2025\\\/06\\\/Webdo-Tunisie_168377.jpg\",\"contentUrl\":\"https:\\\/\\\/www.webdo.tn\\\/fr\\\/wp-content\\\/uploads\\\/2025\\\/06\\\/Webdo-Tunisie_168377.jpg\",\"width\":301,\"height\":301,\"caption\":\"Webdo\"},\"image\":{\"@id\":\"https:\\\/\\\/www.webdo.tn\\\/fr\\\/#\\\/schema\\\/logo\\\/image\\\/\"},\"sameAs\":[\"https:\\\/\\\/www.facebook.com\\\/webdotn\",\"https:\\\/\\\/x.com\\\/webdo_tn\"],\"description\":\"Webdo est un m\u00e9dia num\u00e9rique tunisien fond\u00e9 en 2010, sp\u00e9cialis\u00e9 dans l\u2019actualit\u00e9 nationale et internationale, l\u2019\u00e9conomie, la soci\u00e9t\u00e9 et les analyses politiques. Le site s\u2019adresse \u00e0 un large public francophone et couvre l\u2019information tunisienne en temps r\u00e9el.\",\"email\":\"redac@webdo.tn\",\"legalName\":\"YNJ SARL\",\"foundingDate\":\"2010-09-06\",\"numberOfEmployees\":{\"@type\":\"QuantitativeValue\",\"minValue\":\"11\",\"maxValue\":\"50\"}},{\"@type\":\"Person\",\"@id\":\"https:\\\/\\\/www.webdo.tn\\\/fr\\\/#\\\/schema\\\/person\\\/2c4929cbf5a809e3bd38617c6ce150f6\",\"name\":\"MC\",\"image\":{\"@type\":\"ImageObject\",\"inLanguage\":\"fr-FR\",\"@id\":\"https:\\\/\\\/secure.gravatar.com\\\/avatar\\\/a545bbb6f84efdd5553dbbc2895e3ca8f1d12c5215e00a041c9670b54aa9b18a?s=96&d=mm&r=g\",\"url\":\"https:\\\/\\\/secure.gravatar.com\\\/avatar\\\/a545bbb6f84efdd5553dbbc2895e3ca8f1d12c5215e00a041c9670b54aa9b18a?s=96&d=mm&r=g\",\"contentUrl\":\"https:\\\/\\\/secure.gravatar.com\\\/avatar\\\/a545bbb6f84efdd5553dbbc2895e3ca8f1d12c5215e00a041c9670b54aa9b18a?s=96&d=mm&r=g\",\"caption\":\"MC\"},\"url\":\"https:\\\/\\\/www.webdo.tn\\\/fr\\\/actualite\\\/author\\\/mc\\\/\"}]}<\/script>\n<!-- \/ Yoast SEO Premium plugin. -->","yoast_head_json":{"title":"Tunisie - Intemp\u00e9ries : Cours suspendus dans les gouvernorats de Sousse et Monastir","description":"Les Commissions de lutte contre les catastrophes ont annonc\u00e9 la suspension des cours de la matin\u00e9e de ce mercredi 23 octobre 2024 dans tous les \u00e9tablissements \u00e9...","canonical":"https:\/\/www.webdo.tn\/fr\/actualite\/national\/intemperies-cours-suspendus-dans-les-gouvernorats-de-sousse-et-monastir\/217138\/","og_locale":"fr_FR","og_type":"article","og_title":"Tunisie - Intemp\u00e9ries : Cours suspendus dans les gouvernorats de Sousse et Monastir","og_description":"Les Commissions de lutte contre les catastrophes ont annonc\u00e9 la suspension des cours de la matin\u00e9e de ce mercredi 23 octobre 2024 dans tous les \u00e9tablissements \u00e9...","og_url":"https:\/\/www.webdo.tn\/fr\/actualite\/national\/intemperies-cours-suspendus-dans-les-gouvernorats-de-sousse-et-monastir\/217138\/","og_site_name":"webdo","article_publisher":"https:\/\/www.facebook.com\/webdotn","article_published_time":"2024-10-23T09:18:00+00:00","article_modified_time":"2025-05-20T22:14:41+00:00","og_image":[{"width":624,"height":333,"url":"https:\/\/www.webdo.tn\/fr\/wp-content\/uploads\/2024\/10\/e1b4132713d1e6065b29d5274e995c01.webp","type":"image\/webp"}],"author":"MC","twitter_card":"summary_large_image","twitter_creator":"@webdo_tn","twitter_site":"@webdo_tn","twitter_misc":{"\u00c9crit par":"MC","Dur\u00e9e de lecture estim\u00e9e":"1 minute"},"schema":{"@context":"https:\/\/schema.org","@graph":[{"@type":"NewsArticle","@id":"https:\/\/www.webdo.tn\/fr\/actualite\/national\/intemperies-cours-suspendus-dans-les-gouvernorats-de-sousse-et-monastir\/217138\/#article","isPartOf":{"@id":"https:\/\/www.webdo.tn\/fr\/actualite\/national\/intemperies-cours-suspendus-dans-les-gouvernorats-de-sousse-et-monastir\/217138\/"},"author":{"name":"MC","@id":"https:\/\/www.webdo.tn\/fr\/#\/schema\/person\/2c4929cbf5a809e3bd38617c6ce150f6"},"headline":"Tunisie &#8211; Intemp\u00e9ries : Cours suspendus dans les gouvernorats de Sousse et Monastir","datePublished":"2024-10-23T09:18:00+00:00","dateModified":"2025-05-20T22:14:41+00:00","mainEntityOfPage":{"@id":"https:\/\/www.webdo.tn\/fr\/actualite\/national\/intemperies-cours-suspendus-dans-les-gouvernorats-de-sousse-et-monastir\/217138\/"},"wordCount":123,"commentCount":0,"publisher":{"@id":"https:\/\/www.webdo.tn\/fr\/#organization"},"image":{"@id":"https:\/\/www.webdo.tn\/fr\/actualite\/national\/intemperies-cours-suspendus-dans-les-gouvernorats-de-sousse-et-monastir\/217138\/#primaryimage"},"thumbnailUrl":"https:\/\/www.webdo.tn\/fr\/wp-content\/uploads\/2024\/10\/e1b4132713d1e6065b29d5274e995c01.webp","keywords":["cours suspendus","Intemp\u00e9ries","m\u00e9t\u00e9o","Monastir","Pluie","Sousse","Tunisie"],"articleSection":["National"],"inLanguage":"fr-FR"},{"@type":"WebPage","@id":"https:\/\/www.webdo.tn\/fr\/actualite\/national\/intemperies-cours-suspendus-dans-les-gouvernorats-de-sousse-et-monastir\/217138\/","url":"https:\/\/www.webdo.tn\/fr\/actualite\/national\/intemperies-cours-suspendus-dans-les-gouvernorats-de-sousse-et-monastir\/217138\/","name":"Tunisie - Intemp\u00e9ries : Cours suspendus dans les gouvernorats de Sousse et Monastir","isPartOf":{"@id":"https:\/\/www.webdo.tn\/fr\/#website"},"primaryImageOfPage":{"@id":"https:\/\/www.webdo.tn\/fr\/actualite\/national\/intemperies-cours-suspendus-dans-les-gouvernorats-de-sousse-et-monastir\/217138\/#primaryimage"},"image":{"@id":"https:\/\/www.webdo.tn\/fr\/actualite\/national\/intemperies-cours-suspendus-dans-les-gouvernorats-de-sousse-et-monastir\/217138\/#primaryimage"},"thumbnailUrl":"https:\/\/www.webdo.tn\/fr\/wp-content\/uploads\/2024\/10\/e1b4132713d1e6065b29d5274e995c01.webp","datePublished":"2024-10-23T09:18:00+00:00","dateModified":"2025-05-20T22:14:41+00:00","description":"Les Commissions de lutte contre les catastrophes ont annonc\u00e9 la suspension des cours de la matin\u00e9e de ce mercredi 23 octobre 2024 dans tous les \u00e9tablissements \u00e9...","breadcrumb":{"@id":"https:\/\/www.webdo.tn\/fr\/actualite\/national\/intemperies-cours-suspendus-dans-les-gouvernorats-de-sousse-et-monastir\/217138\/#breadcrumb"},"inLanguage":"fr-FR","potentialAction":[{"@type":"ReadAction","target":["https:\/\/www.webdo.tn\/fr\/actualite\/national\/intemperies-cours-suspendus-dans-les-gouvernorats-de-sousse-et-monastir\/217138\/"]}]},{"@type":"ImageObject","inLanguage":"fr-FR","@id":"https:\/\/www.webdo.tn\/fr\/actualite\/national\/intemperies-cours-suspendus-dans-les-gouvernorats-de-sousse-et-monastir\/217138\/#primaryimage","url":"https:\/\/www.webdo.tn\/fr\/wp-content\/uploads\/2024\/10\/e1b4132713d1e6065b29d5274e995c01.webp","contentUrl":"https:\/\/www.webdo.tn\/fr\/wp-content\/uploads\/2024\/10\/e1b4132713d1e6065b29d5274e995c01.webp","width":624,"height":333,"caption":"Tunisie - Intemp\u00e9ries : Cours suspendus dans les gouvernorats de Sousse et Monastir"},{"@type":"BreadcrumbList","@id":"https:\/\/www.webdo.tn\/fr\/actualite\/national\/intemperies-cours-suspendus-dans-les-gouvernorats-de-sousse-et-monastir\/217138\/#breadcrumb","itemListElement":[{"@type":"ListItem","position":1,"name":"Accueil","item":"https:\/\/www.webdo.tn\/fr\/"},{"@type":"ListItem","position":2,"name":"Tunisie &#8211; Intemp\u00e9ries : Cours suspendus dans les gouvernorats de Sousse et Monastir"}]},{"@type":"WebSite","@id":"https:\/\/www.webdo.tn\/fr\/#website","url":"https:\/\/www.webdo.tn\/fr\/","name":"webdo","description":"Tunisie - News en Tunisie et \u00e0 l&#039;international sur Webdo.tn","publisher":{"@id":"https:\/\/www.webdo.tn\/fr\/#organization"},"potentialAction":[{"@type":"SearchAction","target":{"@type":"EntryPoint","urlTemplate":"https:\/\/www.webdo.tn\/fr\/?s={search_term_string}"},"query-input":{"@type":"PropertyValueSpecification","valueRequired":true,"valueName":"search_term_string"}}],"inLanguage":"fr-FR"},{"@type":"Organization","@id":"https:\/\/www.webdo.tn\/fr\/#organization","name":"Webdo","alternateName":"Webdo.tn","url":"https:\/\/www.webdo.tn\/fr\/","logo":{"@type":"ImageObject","inLanguage":"fr-FR","@id":"https:\/\/www.webdo.tn\/fr\/#\/schema\/logo\/image\/","url":"https:\/\/www.webdo.tn\/fr\/wp-content\/uploads\/2025\/06\/Webdo-Tunisie_168377.jpg","contentUrl":"https:\/\/www.webdo.tn\/fr\/wp-content\/uploads\/2025\/06\/Webdo-Tunisie_168377.jpg","width":301,"height":301,"caption":"Webdo"},"image":{"@id":"https:\/\/www.webdo.tn\/fr\/#\/schema\/logo\/image\/"},"sameAs":["https:\/\/www.facebook.com\/webdotn","https:\/\/x.com\/webdo_tn"],"description":"Webdo est un m\u00e9dia num\u00e9rique tunisien fond\u00e9 en 2010, sp\u00e9cialis\u00e9 dans l\u2019actualit\u00e9 nationale et internationale, l\u2019\u00e9conomie, la soci\u00e9t\u00e9 et les analyses politiques. Le site s\u2019adresse \u00e0 un large public francophone et couvre l\u2019information tunisienne en temps r\u00e9el.","email":"redac@webdo.tn","legalName":"YNJ SARL","foundingDate":"2010-09-06","numberOfEmployees":{"@type":"QuantitativeValue","minValue":"11","maxValue":"50"}},{"@type":"Person","@id":"https:\/\/www.webdo.tn\/fr\/#\/schema\/person\/2c4929cbf5a809e3bd38617c6ce150f6","name":"MC","image":{"@type":"ImageObject","inLanguage":"fr-FR","@id":"https:\/\/secure.gravatar.com\/avatar\/a545bbb6f84efdd5553dbbc2895e3ca8f1d12c5215e00a041c9670b54aa9b18a?s=96&d=mm&r=g","url":"https:\/\/secure.gravatar.com\/avatar\/a545bbb6f84efdd5553dbbc2895e3ca8f1d12c5215e00a041c9670b54aa9b18a?s=96&d=mm&r=g","contentUrl":"https:\/\/secure.gravatar.com\/avatar\/a545bbb6f84efdd5553dbbc2895e3ca8f1d12c5215e00a041c9670b54aa9b18a?s=96&d=mm&r=g","caption":"MC"},"url":"https:\/\/www.webdo.tn\/fr\/actualite\/author\/mc\/"}]}},"_links":{"self":[{"href":"https:\/\/www.webdo.tn\/fr\/wp-json\/wp\/v2\/posts\/217138","targetHints":{"allow":["GET"]}}],"collection":[{"href":"https:\/\/www.webdo.tn\/fr\/wp-json\/wp\/v2\/posts"}],"about":[{"href":"https:\/\/www.webdo.tn\/fr\/wp-json\/wp\/v2\/types\/post"}],"author":[{"embeddable":true,"href":"https:\/\/www.webdo.tn\/fr\/wp-json\/wp\/v2\/users\/3162"}],"replies":[{"embeddable":true,"href":"https:\/\/www.webdo.tn\/fr\/wp-json\/wp\/v2\/comments?post=217138"}],"version-history":[{"count":0,"href":"https:\/\/www.webdo.tn\/fr\/wp-json\/wp\/v2\/posts\/217138\/revisions"}],"wp:featuredmedia":[{"embeddable":true,"href":"https:\/\/www.webdo.tn\/fr\/wp-json\/wp\/v2\/media\/291222"}],"wp:attachment":[{"href":"https:\/\/www.webdo.tn\/fr\/wp-json\/wp\/v2\/media?parent=217138"}],"wp:term":[{"taxonomy":"category","embeddable":true,"href":"https:\/\/www.webdo.tn\/fr\/wp-json\/wp\/v2\/categories?post=217138"},{"taxonomy":"post_tag","embeddable":true,"href":"https:\/\/www.webdo.tn\/fr\/wp-json\/wp\/v2\/tags?post=217138"}],"curies":[{"name":"wp","href":"https:\/\/api.w.org\/{rel}","templated":true}]}}