{"id":217132,"date":"2024-10-22T19:33:00","date_gmt":"2024-10-22T19:33:00","guid":{"rendered":"https:\/\/www.webdo.tn\/fr\/blog\/tunisie-hamadi-jebali-auditionne-pour-violation-de-controle-judiciaire\/217132\/"},"modified":"2025-05-21T09:02:31","modified_gmt":"2025-05-21T09:02:31","slug":"tunisie-hamadi-jebali-auditionne-pour-violation-de-controle-judiciaire","status":"publish","type":"post","link":"https:\/\/www.webdo.tn\/fr\/actualite\/national\/tunisie-hamadi-jebali-auditionne-pour-violation-de-controle-judiciaire\/217132\/","title":{"rendered":"Tunisie : Hamadi Jebali auditionn\u00e9 pour violation de contr\u00f4le judiciaire"},"content":{"rendered":"<p>L\u2019ancien chef du gouvernement, Hamadi Jebali, fait face \u00e0 de nouveaux d\u00e9m\u00eal\u00e9s judiciaires.<\/p>\n<p>\t\t\t\t\t\t\t\t\tAccus\u00e9 d\u2019avoir enfreint les conditions strictes de son contr\u00f4le judiciaire, Jebali a \u00e9t\u00e9 entendu par le juge d&rsquo;instruction du P\u00f4le judiciaire antiterroriste le lundi 21 octobre 2024. Selon une source judiciaire \u00e0 Mosa\u00efque FM  , il lui est formellement interdit de quitter son domicile sans autorisation, une r\u00e8gle qu\u2019il aurait transgress\u00e9e r\u00e9cemment.<\/p>\n<p>Poursuivi dans le cadre de l\u2019affaire de l&rsquo;Association Namaa, Jebali avait auparavant \u00e9t\u00e9 emprisonn\u00e9 avant de b\u00e9n\u00e9ficier d\u2019une lib\u00e9ration pour raisons de sant\u00e9. Cependant, cette nouvelle entorse aux termes de sa libert\u00e9 conditionnelle pourrait aggraver sa situation. Le juge charg\u00e9 de l\u2019enqu\u00eate a recueilli ses explications lors de cette derni\u00e8re audition.<\/p>\n","protected":false},"excerpt":{"rendered":"<p>Hamadi Jebali, ancien chef du gouvernement, a \u00e9t\u00e9 interrog\u00e9 par le P\u00f4le judiciaire antiterroriste pour avoir viol\u00e9 les conditions de son contr\u00f4le judiciaire.<\/p>\n","protected":false},"author":3166,"featured_media":246284,"comment_status":"open","ping_status":"closed","sticky":false,"template":"","format":"standard","meta":{"footnotes":""},"categories":[44],"tags":[5334,5333,3057,5332,2608],"class_list":["post-217132","post","type-post","status-publish","format-standard","has-post-thumbnail","hentry","category-national","tag-affairenamaa","tag-controlejudiciaire","tag-ennahdha","tag-hamadi-jebali","tag-tunisie"],"yoast_head":"<!-- This site is optimized with the Yoast SEO Premium plugin v27.5 (Yoast SEO v27.5) - https:\/\/yoast.com\/product\/yoast-seo-premium-wordpress\/ -->\n<title>Tunisie : Hamadi Jebali auditionn\u00e9 pour violation de contr\u00f4le judiciaire<\/title>\n<meta name=\"description\" content=\"Hamadi Jebali, ancien chef du gouvernement, a \u00e9t\u00e9 interrog\u00e9 par le P\u00f4le judiciaire antiterroriste pour avoir viol\u00e9 les conditions de son contr\u00f4le judiciaire.\" \/>\n<link rel=\"canonical\" href=\"https:\/\/www.webdo.tn\/fr\/actualite\/national\/tunisie-hamadi-jebali-auditionne-pour-violation-de-controle-judiciaire\/217132\/\" \/>\n<meta property=\"og:locale\" content=\"fr_FR\" \/>\n<meta property=\"og:type\" content=\"article\" \/>\n<meta property=\"og:title\" content=\"Tunisie : Hamadi Jebali auditionn\u00e9 pour violation de contr\u00f4le judiciaire\" \/>\n<meta property=\"og:description\" content=\"Hamadi Jebali, ancien chef du gouvernement, a \u00e9t\u00e9 interrog\u00e9 par le P\u00f4le judiciaire antiterroriste pour avoir viol\u00e9 les conditions de son contr\u00f4le judiciaire.\" \/>\n<meta property=\"og:url\" content=\"https:\/\/www.webdo.tn\/fr\/actualite\/national\/tunisie-hamadi-jebali-auditionne-pour-violation-de-controle-judiciaire\/217132\/\" \/>\n<meta property=\"og:site_name\" content=\"webdo\" \/>\n<meta property=\"article:publisher\" content=\"https:\/\/www.facebook.com\/webdotn\" \/>\n<meta property=\"article:published_time\" content=\"2024-10-22T19:33:00+00:00\" \/>\n<meta property=\"article:modified_time\" content=\"2025-05-21T09:02:31+00:00\" \/>\n<meta property=\"og:image\" content=\"https:\/\/www.webdo.tn\/fr\/wp-content\/uploads\/2024\/10\/42c045c29af6f3c905bec8f55399cdde.webp\" \/>\n\t<meta property=\"og:image:width\" content=\"750\" \/>\n\t<meta property=\"og:image:height\" content=\"400\" \/>\n\t<meta property=\"og:image:type\" content=\"image\/webp\" \/>\n<meta name=\"author\" content=\"AZ\" \/>\n<meta name=\"twitter:card\" content=\"summary_large_image\" \/>\n<meta name=\"twitter:creator\" content=\"@webdo_tn\" \/>\n<meta name=\"twitter:site\" content=\"@webdo_tn\" \/>\n<meta name=\"twitter:label1\" content=\"\u00c9crit par\" \/>\n\t<meta name=\"twitter:data1\" content=\"AZ\" \/>\n\t<meta name=\"twitter:label2\" content=\"Dur\u00e9e de lecture estim\u00e9e\" \/>\n\t<meta name=\"twitter:data2\" content=\"1 minute\" \/>\n<script type=\"application\/ld+json\" class=\"yoast-schema-graph\">{\"@context\":\"https:\\\/\\\/schema.org\",\"@graph\":[{\"@type\":\"NewsArticle\",\"@id\":\"https:\\\/\\\/www.webdo.tn\\\/fr\\\/actualite\\\/national\\\/tunisie-hamadi-jebali-auditionne-pour-violation-de-controle-judiciaire\\\/217132\\\/#article\",\"isPartOf\":{\"@id\":\"https:\\\/\\\/www.webdo.tn\\\/fr\\\/actualite\\\/national\\\/tunisie-hamadi-jebali-auditionne-pour-violation-de-controle-judiciaire\\\/217132\\\/\"},\"author\":{\"name\":\"AZ\",\"@id\":\"https:\\\/\\\/www.webdo.tn\\\/fr\\\/#\\\/schema\\\/person\\\/b8a41c04d93287d375510db360906b34\"},\"headline\":\"Tunisie : Hamadi Jebali auditionn\u00e9 pour violation de contr\u00f4le judiciaire\",\"datePublished\":\"2024-10-22T19:33:00+00:00\",\"dateModified\":\"2025-05-21T09:02:31+00:00\",\"mainEntityOfPage\":{\"@id\":\"https:\\\/\\\/www.webdo.tn\\\/fr\\\/actualite\\\/national\\\/tunisie-hamadi-jebali-auditionne-pour-violation-de-controle-judiciaire\\\/217132\\\/\"},\"wordCount\":143,\"commentCount\":0,\"publisher\":{\"@id\":\"https:\\\/\\\/www.webdo.tn\\\/fr\\\/#organization\"},\"image\":{\"@id\":\"https:\\\/\\\/www.webdo.tn\\\/fr\\\/actualite\\\/national\\\/tunisie-hamadi-jebali-auditionne-pour-violation-de-controle-judiciaire\\\/217132\\\/#primaryimage\"},\"thumbnailUrl\":\"https:\\\/\\\/www.webdo.tn\\\/fr\\\/wp-content\\\/uploads\\\/2024\\\/10\\\/42c045c29af6f3c905bec8f55399cdde.webp\",\"keywords\":[\"AffaireNamaa\",\"Contr\u00f4leJudiciaire\",\"Ennahdha\",\"hamadi jebali\",\"Tunisie\"],\"articleSection\":[\"National\"],\"inLanguage\":\"fr-FR\"},{\"@type\":\"WebPage\",\"@id\":\"https:\\\/\\\/www.webdo.tn\\\/fr\\\/actualite\\\/national\\\/tunisie-hamadi-jebali-auditionne-pour-violation-de-controle-judiciaire\\\/217132\\\/\",\"url\":\"https:\\\/\\\/www.webdo.tn\\\/fr\\\/actualite\\\/national\\\/tunisie-hamadi-jebali-auditionne-pour-violation-de-controle-judiciaire\\\/217132\\\/\",\"name\":\"Tunisie : Hamadi Jebali auditionn\u00e9 pour violation de contr\u00f4le judiciaire\",\"isPartOf\":{\"@id\":\"https:\\\/\\\/www.webdo.tn\\\/fr\\\/#website\"},\"primaryImageOfPage\":{\"@id\":\"https:\\\/\\\/www.webdo.tn\\\/fr\\\/actualite\\\/national\\\/tunisie-hamadi-jebali-auditionne-pour-violation-de-controle-judiciaire\\\/217132\\\/#primaryimage\"},\"image\":{\"@id\":\"https:\\\/\\\/www.webdo.tn\\\/fr\\\/actualite\\\/national\\\/tunisie-hamadi-jebali-auditionne-pour-violation-de-controle-judiciaire\\\/217132\\\/#primaryimage\"},\"thumbnailUrl\":\"https:\\\/\\\/www.webdo.tn\\\/fr\\\/wp-content\\\/uploads\\\/2024\\\/10\\\/42c045c29af6f3c905bec8f55399cdde.webp\",\"datePublished\":\"2024-10-22T19:33:00+00:00\",\"dateModified\":\"2025-05-21T09:02:31+00:00\",\"description\":\"Hamadi Jebali, ancien chef du gouvernement, a \u00e9t\u00e9 interrog\u00e9 par le P\u00f4le judiciaire antiterroriste pour avoir viol\u00e9 les conditions de son contr\u00f4le judiciaire.\",\"breadcrumb\":{\"@id\":\"https:\\\/\\\/www.webdo.tn\\\/fr\\\/actualite\\\/national\\\/tunisie-hamadi-jebali-auditionne-pour-violation-de-controle-judiciaire\\\/217132\\\/#breadcrumb\"},\"inLanguage\":\"fr-FR\",\"potentialAction\":[{\"@type\":\"ReadAction\",\"target\":[\"https:\\\/\\\/www.webdo.tn\\\/fr\\\/actualite\\\/national\\\/tunisie-hamadi-jebali-auditionne-pour-violation-de-controle-judiciaire\\\/217132\\\/\"]}]},{\"@type\":\"ImageObject\",\"inLanguage\":\"fr-FR\",\"@id\":\"https:\\\/\\\/www.webdo.tn\\\/fr\\\/actualite\\\/national\\\/tunisie-hamadi-jebali-auditionne-pour-violation-de-controle-judiciaire\\\/217132\\\/#primaryimage\",\"url\":\"https:\\\/\\\/www.webdo.tn\\\/fr\\\/wp-content\\\/uploads\\\/2024\\\/10\\\/42c045c29af6f3c905bec8f55399cdde.webp\",\"contentUrl\":\"https:\\\/\\\/www.webdo.tn\\\/fr\\\/wp-content\\\/uploads\\\/2024\\\/10\\\/42c045c29af6f3c905bec8f55399cdde.webp\",\"width\":750,\"height\":400,\"caption\":\"Tunisie : Hamadi Jebali auditionn\u00e9 pour violation de contr\u00f4le judiciaire\"},{\"@type\":\"BreadcrumbList\",\"@id\":\"https:\\\/\\\/www.webdo.tn\\\/fr\\\/actualite\\\/national\\\/tunisie-hamadi-jebali-auditionne-pour-violation-de-controle-judiciaire\\\/217132\\\/#breadcrumb\",\"itemListElement\":[{\"@type\":\"ListItem\",\"position\":1,\"name\":\"Accueil\",\"item\":\"https:\\\/\\\/www.webdo.tn\\\/fr\\\/\"},{\"@type\":\"ListItem\",\"position\":2,\"name\":\"Tunisie : Hamadi Jebali auditionn\u00e9 pour violation de contr\u00f4le judiciaire\"}]},{\"@type\":\"WebSite\",\"@id\":\"https:\\\/\\\/www.webdo.tn\\\/fr\\\/#website\",\"url\":\"https:\\\/\\\/www.webdo.tn\\\/fr\\\/\",\"name\":\"webdo\",\"description\":\"Tunisie - News en Tunisie et \u00e0 l&#039;international sur Webdo.tn\",\"publisher\":{\"@id\":\"https:\\\/\\\/www.webdo.tn\\\/fr\\\/#organization\"},\"potentialAction\":[{\"@type\":\"SearchAction\",\"target\":{\"@type\":\"EntryPoint\",\"urlTemplate\":\"https:\\\/\\\/www.webdo.tn\\\/fr\\\/?s={search_term_string}\"},\"query-input\":{\"@type\":\"PropertyValueSpecification\",\"valueRequired\":true,\"valueName\":\"search_term_string\"}}],\"inLanguage\":\"fr-FR\"},{\"@type\":\"Organization\",\"@id\":\"https:\\\/\\\/www.webdo.tn\\\/fr\\\/#organization\",\"name\":\"Webdo\",\"alternateName\":\"Webdo.tn\",\"url\":\"https:\\\/\\\/www.webdo.tn\\\/fr\\\/\",\"logo\":{\"@type\":\"ImageObject\",\"inLanguage\":\"fr-FR\",\"@id\":\"https:\\\/\\\/www.webdo.tn\\\/fr\\\/#\\\/schema\\\/logo\\\/image\\\/\",\"url\":\"https:\\\/\\\/www.webdo.tn\\\/fr\\\/wp-content\\\/uploads\\\/2025\\\/06\\\/Webdo-Tunisie_168377.jpg\",\"contentUrl\":\"https:\\\/\\\/www.webdo.tn\\\/fr\\\/wp-content\\\/uploads\\\/2025\\\/06\\\/Webdo-Tunisie_168377.jpg\",\"width\":301,\"height\":301,\"caption\":\"Webdo\"},\"image\":{\"@id\":\"https:\\\/\\\/www.webdo.tn\\\/fr\\\/#\\\/schema\\\/logo\\\/image\\\/\"},\"sameAs\":[\"https:\\\/\\\/www.facebook.com\\\/webdotn\",\"https:\\\/\\\/x.com\\\/webdo_tn\"],\"description\":\"Webdo est un m\u00e9dia num\u00e9rique tunisien fond\u00e9 en 2010, sp\u00e9cialis\u00e9 dans l\u2019actualit\u00e9 nationale et internationale, l\u2019\u00e9conomie, la soci\u00e9t\u00e9 et les analyses politiques. Le site s\u2019adresse \u00e0 un large public francophone et couvre l\u2019information tunisienne en temps r\u00e9el.\",\"email\":\"redac@webdo.tn\",\"legalName\":\"YNJ SARL\",\"foundingDate\":\"2010-09-06\",\"numberOfEmployees\":{\"@type\":\"QuantitativeValue\",\"minValue\":\"11\",\"maxValue\":\"50\"}},{\"@type\":\"Person\",\"@id\":\"https:\\\/\\\/www.webdo.tn\\\/fr\\\/#\\\/schema\\\/person\\\/b8a41c04d93287d375510db360906b34\",\"name\":\"AZ\",\"image\":{\"@type\":\"ImageObject\",\"inLanguage\":\"fr-FR\",\"@id\":\"https:\\\/\\\/secure.gravatar.com\\\/avatar\\\/492b80bada79439de4201dce15cd41eece6c277cfdf1b53382073c79105c1f89?s=96&d=mm&r=g\",\"url\":\"https:\\\/\\\/secure.gravatar.com\\\/avatar\\\/492b80bada79439de4201dce15cd41eece6c277cfdf1b53382073c79105c1f89?s=96&d=mm&r=g\",\"contentUrl\":\"https:\\\/\\\/secure.gravatar.com\\\/avatar\\\/492b80bada79439de4201dce15cd41eece6c277cfdf1b53382073c79105c1f89?s=96&d=mm&r=g\",\"caption\":\"AZ\"},\"url\":\"https:\\\/\\\/www.webdo.tn\\\/fr\\\/actualite\\\/author\\\/az\\\/\"}]}<\/script>\n<!-- \/ Yoast SEO Premium plugin. -->","yoast_head_json":{"title":"Tunisie : Hamadi Jebali auditionn\u00e9 pour violation de contr\u00f4le judiciaire","description":"Hamadi Jebali, ancien chef du gouvernement, a \u00e9t\u00e9 interrog\u00e9 par le P\u00f4le judiciaire antiterroriste pour avoir viol\u00e9 les conditions de son contr\u00f4le judiciaire.","canonical":"https:\/\/www.webdo.tn\/fr\/actualite\/national\/tunisie-hamadi-jebali-auditionne-pour-violation-de-controle-judiciaire\/217132\/","og_locale":"fr_FR","og_type":"article","og_title":"Tunisie : Hamadi Jebali auditionn\u00e9 pour violation de contr\u00f4le judiciaire","og_description":"Hamadi Jebali, ancien chef du gouvernement, a \u00e9t\u00e9 interrog\u00e9 par le P\u00f4le judiciaire antiterroriste pour avoir viol\u00e9 les conditions de son contr\u00f4le judiciaire.","og_url":"https:\/\/www.webdo.tn\/fr\/actualite\/national\/tunisie-hamadi-jebali-auditionne-pour-violation-de-controle-judiciaire\/217132\/","og_site_name":"webdo","article_publisher":"https:\/\/www.facebook.com\/webdotn","article_published_time":"2024-10-22T19:33:00+00:00","article_modified_time":"2025-05-21T09:02:31+00:00","og_image":[{"width":750,"height":400,"url":"https:\/\/www.webdo.tn\/fr\/wp-content\/uploads\/2024\/10\/42c045c29af6f3c905bec8f55399cdde.webp","type":"image\/webp"}],"author":"AZ","twitter_card":"summary_large_image","twitter_creator":"@webdo_tn","twitter_site":"@webdo_tn","twitter_misc":{"\u00c9crit par":"AZ","Dur\u00e9e de lecture estim\u00e9e":"1 minute"},"schema":{"@context":"https:\/\/schema.org","@graph":[{"@type":"NewsArticle","@id":"https:\/\/www.webdo.tn\/fr\/actualite\/national\/tunisie-hamadi-jebali-auditionne-pour-violation-de-controle-judiciaire\/217132\/#article","isPartOf":{"@id":"https:\/\/www.webdo.tn\/fr\/actualite\/national\/tunisie-hamadi-jebali-auditionne-pour-violation-de-controle-judiciaire\/217132\/"},"author":{"name":"AZ","@id":"https:\/\/www.webdo.tn\/fr\/#\/schema\/person\/b8a41c04d93287d375510db360906b34"},"headline":"Tunisie : Hamadi Jebali auditionn\u00e9 pour violation de contr\u00f4le judiciaire","datePublished":"2024-10-22T19:33:00+00:00","dateModified":"2025-05-21T09:02:31+00:00","mainEntityOfPage":{"@id":"https:\/\/www.webdo.tn\/fr\/actualite\/national\/tunisie-hamadi-jebali-auditionne-pour-violation-de-controle-judiciaire\/217132\/"},"wordCount":143,"commentCount":0,"publisher":{"@id":"https:\/\/www.webdo.tn\/fr\/#organization"},"image":{"@id":"https:\/\/www.webdo.tn\/fr\/actualite\/national\/tunisie-hamadi-jebali-auditionne-pour-violation-de-controle-judiciaire\/217132\/#primaryimage"},"thumbnailUrl":"https:\/\/www.webdo.tn\/fr\/wp-content\/uploads\/2024\/10\/42c045c29af6f3c905bec8f55399cdde.webp","keywords":["AffaireNamaa","Contr\u00f4leJudiciaire","Ennahdha","hamadi jebali","Tunisie"],"articleSection":["National"],"inLanguage":"fr-FR"},{"@type":"WebPage","@id":"https:\/\/www.webdo.tn\/fr\/actualite\/national\/tunisie-hamadi-jebali-auditionne-pour-violation-de-controle-judiciaire\/217132\/","url":"https:\/\/www.webdo.tn\/fr\/actualite\/national\/tunisie-hamadi-jebali-auditionne-pour-violation-de-controle-judiciaire\/217132\/","name":"Tunisie : Hamadi Jebali auditionn\u00e9 pour violation de contr\u00f4le judiciaire","isPartOf":{"@id":"https:\/\/www.webdo.tn\/fr\/#website"},"primaryImageOfPage":{"@id":"https:\/\/www.webdo.tn\/fr\/actualite\/national\/tunisie-hamadi-jebali-auditionne-pour-violation-de-controle-judiciaire\/217132\/#primaryimage"},"image":{"@id":"https:\/\/www.webdo.tn\/fr\/actualite\/national\/tunisie-hamadi-jebali-auditionne-pour-violation-de-controle-judiciaire\/217132\/#primaryimage"},"thumbnailUrl":"https:\/\/www.webdo.tn\/fr\/wp-content\/uploads\/2024\/10\/42c045c29af6f3c905bec8f55399cdde.webp","datePublished":"2024-10-22T19:33:00+00:00","dateModified":"2025-05-21T09:02:31+00:00","description":"Hamadi Jebali, ancien chef du gouvernement, a \u00e9t\u00e9 interrog\u00e9 par le P\u00f4le judiciaire antiterroriste pour avoir viol\u00e9 les conditions de son contr\u00f4le judiciaire.","breadcrumb":{"@id":"https:\/\/www.webdo.tn\/fr\/actualite\/national\/tunisie-hamadi-jebali-auditionne-pour-violation-de-controle-judiciaire\/217132\/#breadcrumb"},"inLanguage":"fr-FR","potentialAction":[{"@type":"ReadAction","target":["https:\/\/www.webdo.tn\/fr\/actualite\/national\/tunisie-hamadi-jebali-auditionne-pour-violation-de-controle-judiciaire\/217132\/"]}]},{"@type":"ImageObject","inLanguage":"fr-FR","@id":"https:\/\/www.webdo.tn\/fr\/actualite\/national\/tunisie-hamadi-jebali-auditionne-pour-violation-de-controle-judiciaire\/217132\/#primaryimage","url":"https:\/\/www.webdo.tn\/fr\/wp-content\/uploads\/2024\/10\/42c045c29af6f3c905bec8f55399cdde.webp","contentUrl":"https:\/\/www.webdo.tn\/fr\/wp-content\/uploads\/2024\/10\/42c045c29af6f3c905bec8f55399cdde.webp","width":750,"height":400,"caption":"Tunisie : Hamadi Jebali auditionn\u00e9 pour violation de contr\u00f4le judiciaire"},{"@type":"BreadcrumbList","@id":"https:\/\/www.webdo.tn\/fr\/actualite\/national\/tunisie-hamadi-jebali-auditionne-pour-violation-de-controle-judiciaire\/217132\/#breadcrumb","itemListElement":[{"@type":"ListItem","position":1,"name":"Accueil","item":"https:\/\/www.webdo.tn\/fr\/"},{"@type":"ListItem","position":2,"name":"Tunisie : Hamadi Jebali auditionn\u00e9 pour violation de contr\u00f4le judiciaire"}]},{"@type":"WebSite","@id":"https:\/\/www.webdo.tn\/fr\/#website","url":"https:\/\/www.webdo.tn\/fr\/","name":"webdo","description":"Tunisie - News en Tunisie et \u00e0 l&#039;international sur Webdo.tn","publisher":{"@id":"https:\/\/www.webdo.tn\/fr\/#organization"},"potentialAction":[{"@type":"SearchAction","target":{"@type":"EntryPoint","urlTemplate":"https:\/\/www.webdo.tn\/fr\/?s={search_term_string}"},"query-input":{"@type":"PropertyValueSpecification","valueRequired":true,"valueName":"search_term_string"}}],"inLanguage":"fr-FR"},{"@type":"Organization","@id":"https:\/\/www.webdo.tn\/fr\/#organization","name":"Webdo","alternateName":"Webdo.tn","url":"https:\/\/www.webdo.tn\/fr\/","logo":{"@type":"ImageObject","inLanguage":"fr-FR","@id":"https:\/\/www.webdo.tn\/fr\/#\/schema\/logo\/image\/","url":"https:\/\/www.webdo.tn\/fr\/wp-content\/uploads\/2025\/06\/Webdo-Tunisie_168377.jpg","contentUrl":"https:\/\/www.webdo.tn\/fr\/wp-content\/uploads\/2025\/06\/Webdo-Tunisie_168377.jpg","width":301,"height":301,"caption":"Webdo"},"image":{"@id":"https:\/\/www.webdo.tn\/fr\/#\/schema\/logo\/image\/"},"sameAs":["https:\/\/www.facebook.com\/webdotn","https:\/\/x.com\/webdo_tn"],"description":"Webdo est un m\u00e9dia num\u00e9rique tunisien fond\u00e9 en 2010, sp\u00e9cialis\u00e9 dans l\u2019actualit\u00e9 nationale et internationale, l\u2019\u00e9conomie, la soci\u00e9t\u00e9 et les analyses politiques. Le site s\u2019adresse \u00e0 un large public francophone et couvre l\u2019information tunisienne en temps r\u00e9el.","email":"redac@webdo.tn","legalName":"YNJ SARL","foundingDate":"2010-09-06","numberOfEmployees":{"@type":"QuantitativeValue","minValue":"11","maxValue":"50"}},{"@type":"Person","@id":"https:\/\/www.webdo.tn\/fr\/#\/schema\/person\/b8a41c04d93287d375510db360906b34","name":"AZ","image":{"@type":"ImageObject","inLanguage":"fr-FR","@id":"https:\/\/secure.gravatar.com\/avatar\/492b80bada79439de4201dce15cd41eece6c277cfdf1b53382073c79105c1f89?s=96&d=mm&r=g","url":"https:\/\/secure.gravatar.com\/avatar\/492b80bada79439de4201dce15cd41eece6c277cfdf1b53382073c79105c1f89?s=96&d=mm&r=g","contentUrl":"https:\/\/secure.gravatar.com\/avatar\/492b80bada79439de4201dce15cd41eece6c277cfdf1b53382073c79105c1f89?s=96&d=mm&r=g","caption":"AZ"},"url":"https:\/\/www.webdo.tn\/fr\/actualite\/author\/az\/"}]}},"_links":{"self":[{"href":"https:\/\/www.webdo.tn\/fr\/wp-json\/wp\/v2\/posts\/217132","targetHints":{"allow":["GET"]}}],"collection":[{"href":"https:\/\/www.webdo.tn\/fr\/wp-json\/wp\/v2\/posts"}],"about":[{"href":"https:\/\/www.webdo.tn\/fr\/wp-json\/wp\/v2\/types\/post"}],"author":[{"embeddable":true,"href":"https:\/\/www.webdo.tn\/fr\/wp-json\/wp\/v2\/users\/3166"}],"replies":[{"embeddable":true,"href":"https:\/\/www.webdo.tn\/fr\/wp-json\/wp\/v2\/comments?post=217132"}],"version-history":[{"count":0,"href":"https:\/\/www.webdo.tn\/fr\/wp-json\/wp\/v2\/posts\/217132\/revisions"}],"wp:featuredmedia":[{"embeddable":true,"href":"https:\/\/www.webdo.tn\/fr\/wp-json\/wp\/v2\/media\/246284"}],"wp:attachment":[{"href":"https:\/\/www.webdo.tn\/fr\/wp-json\/wp\/v2\/media?parent=217132"}],"wp:term":[{"taxonomy":"category","embeddable":true,"href":"https:\/\/www.webdo.tn\/fr\/wp-json\/wp\/v2\/categories?post=217132"},{"taxonomy":"post_tag","embeddable":true,"href":"https:\/\/www.webdo.tn\/fr\/wp-json\/wp\/v2\/tags?post=217132"}],"curies":[{"name":"wp","href":"https:\/\/api.w.org\/{rel}","templated":true}]}}