{"id":217115,"date":"2024-10-22T09:03:00","date_gmt":"2024-10-22T09:03:00","guid":{"rendered":"https:\/\/www.webdo.tn\/fr\/blog\/tunisie-reouverture-de-la-piscine-du-belvedere\/217115\/"},"modified":"2025-05-20T22:14:41","modified_gmt":"2025-05-20T22:14:41","slug":"tunisie-reouverture-de-la-piscine-du-belvedere","status":"publish","type":"post","link":"https:\/\/www.webdo.tn\/fr\/actualite\/national\/tunisie-reouverture-de-la-piscine-du-belvedere\/217115\/","title":{"rendered":"Tunisie : R\u00e9ouverture de la piscine du Belv\u00e9d\u00e8re"},"content":{"rendered":"<p>Apr\u00e8s avoir ordonn\u00e9 la r\u00e9novation et la restauration de la piscine du Belv\u00e9d\u00e8re et le r\u00e9am\u00e9nagement de la Place Pasteur \u00e0 Tunis, le pr\u00e9sident de la R\u00e9publique Kais Saied a assist\u00e9, hier \u00e0 la r\u00e9ouverture officielle de la piscine municipale.<\/p>\n<p>\t\t\t\t\t\t\t\t\tAbandonn\u00e9e depuis plus de quarante ans, la piscine municipale du Belv\u00e9d\u00e8re a \u00e9t\u00e9 totalement r\u00e9nov\u00e9e et ce apr\u00e8s un peu plus de sept mois de travaux.<\/p>\n<p>Les travaux ont \u00e9t\u00e9 entam\u00e9s le 16 f\u00e9vrier 2024 sous la supervision du g\u00e9nie militaire, en collaboration avec des partenaires tels que la BIAT, qui s\u2019est engag\u00e9e \u00e0 financer la restauration compl\u00e8te de la piscine ainsi que ses annexes.<\/p>\n<p>Inaugur\u00e9e en 1933, cette piscine de 33 m\u00e8tres, a \u00e9t\u00e9 r\u00e9nov\u00e9e en respectant son architecture et ses caract\u00e9ristiques historiques.<\/p>\n<p>La Place Pasteur situ\u00e9e en face de la piscine a \u00e9galement fait l\u2019objet d\u2019un r\u00e9am\u00e9nagement en profondeur.<\/p>\n","protected":false},"excerpt":{"rendered":"<p>Apr\u00e8s avoir ordonn\u00e9 la r\u00e9novation et la restauration de la piscine du Belv\u00e9d\u00e8re et le r\u00e9am\u00e9nagement de la Place Pasteur \u00e0 Tunis, le pr\u00e9sident de la R\u00e9publique K&#8230;<\/p>\n","protected":false},"author":3162,"featured_media":291219,"comment_status":"open","ping_status":"closed","sticky":false,"template":"","format":"standard","meta":{"footnotes":""},"categories":[44],"tags":[10495,2614,5357,2640,2608],"class_list":["post-217115","post","type-post","status-publish","format-standard","has-post-thumbnail","hentry","category-national","tag-piscine-du-belvedere","tag-kais-saied","tag-place-pasteur","tag-tunis","tag-tunisie"],"yoast_head":"<!-- This site is optimized with the Yoast SEO Premium plugin v27.5 (Yoast SEO v27.5) - https:\/\/yoast.com\/product\/yoast-seo-premium-wordpress\/ -->\n<title>Tunisie : R\u00e9ouverture de la piscine du Belv\u00e9d\u00e8re<\/title>\n<meta name=\"description\" content=\"Apr\u00e8s avoir ordonn\u00e9 la r\u00e9novation et la restauration de la piscine du Belv\u00e9d\u00e8re et le r\u00e9am\u00e9nagement de la Place Pasteur \u00e0 Tunis, le pr\u00e9sident de la R\u00e9publique K...\" \/>\n<link rel=\"canonical\" href=\"https:\/\/www.webdo.tn\/fr\/actualite\/national\/tunisie-reouverture-de-la-piscine-du-belvedere\/217115\/\" \/>\n<meta property=\"og:locale\" content=\"fr_FR\" \/>\n<meta property=\"og:type\" content=\"article\" \/>\n<meta property=\"og:title\" content=\"Tunisie : R\u00e9ouverture de la piscine du Belv\u00e9d\u00e8re\" \/>\n<meta property=\"og:description\" content=\"Apr\u00e8s avoir ordonn\u00e9 la r\u00e9novation et la restauration de la piscine du Belv\u00e9d\u00e8re et le r\u00e9am\u00e9nagement de la Place Pasteur \u00e0 Tunis, le pr\u00e9sident de la R\u00e9publique K...\" \/>\n<meta property=\"og:url\" content=\"https:\/\/www.webdo.tn\/fr\/actualite\/national\/tunisie-reouverture-de-la-piscine-du-belvedere\/217115\/\" \/>\n<meta property=\"og:site_name\" content=\"webdo\" \/>\n<meta property=\"article:publisher\" content=\"https:\/\/www.facebook.com\/webdotn\" \/>\n<meta property=\"article:published_time\" content=\"2024-10-22T09:03:00+00:00\" \/>\n<meta property=\"article:modified_time\" content=\"2025-05-20T22:14:41+00:00\" \/>\n<meta property=\"og:image\" content=\"https:\/\/www.webdo.tn\/fr\/wp-content\/uploads\/2024\/10\/6a353f47c1611ae068d392a50a471ead.webp\" \/>\n\t<meta property=\"og:image:width\" content=\"750\" \/>\n\t<meta property=\"og:image:height\" content=\"400\" \/>\n\t<meta property=\"og:image:type\" content=\"image\/webp\" \/>\n<meta name=\"author\" content=\"MC\" \/>\n<meta name=\"twitter:card\" content=\"summary_large_image\" \/>\n<meta name=\"twitter:creator\" content=\"@webdo_tn\" \/>\n<meta name=\"twitter:site\" content=\"@webdo_tn\" \/>\n<meta name=\"twitter:label1\" content=\"\u00c9crit par\" \/>\n\t<meta name=\"twitter:data1\" content=\"MC\" \/>\n\t<meta name=\"twitter:label2\" content=\"Dur\u00e9e de lecture estim\u00e9e\" \/>\n\t<meta name=\"twitter:data2\" content=\"1 minute\" \/>\n<script type=\"application\/ld+json\" class=\"yoast-schema-graph\">{\"@context\":\"https:\\\/\\\/schema.org\",\"@graph\":[{\"@type\":\"NewsArticle\",\"@id\":\"https:\\\/\\\/www.webdo.tn\\\/fr\\\/actualite\\\/national\\\/tunisie-reouverture-de-la-piscine-du-belvedere\\\/217115\\\/#article\",\"isPartOf\":{\"@id\":\"https:\\\/\\\/www.webdo.tn\\\/fr\\\/actualite\\\/national\\\/tunisie-reouverture-de-la-piscine-du-belvedere\\\/217115\\\/\"},\"author\":{\"name\":\"MC\",\"@id\":\"https:\\\/\\\/www.webdo.tn\\\/fr\\\/#\\\/schema\\\/person\\\/2c4929cbf5a809e3bd38617c6ce150f6\"},\"headline\":\"Tunisie : R\u00e9ouverture de la piscine du Belv\u00e9d\u00e8re\",\"datePublished\":\"2024-10-22T09:03:00+00:00\",\"dateModified\":\"2025-05-20T22:14:41+00:00\",\"mainEntityOfPage\":{\"@id\":\"https:\\\/\\\/www.webdo.tn\\\/fr\\\/actualite\\\/national\\\/tunisie-reouverture-de-la-piscine-du-belvedere\\\/217115\\\/\"},\"wordCount\":175,\"commentCount\":0,\"publisher\":{\"@id\":\"https:\\\/\\\/www.webdo.tn\\\/fr\\\/#organization\"},\"image\":{\"@id\":\"https:\\\/\\\/www.webdo.tn\\\/fr\\\/actualite\\\/national\\\/tunisie-reouverture-de-la-piscine-du-belvedere\\\/217115\\\/#primaryimage\"},\"thumbnailUrl\":\"https:\\\/\\\/www.webdo.tn\\\/fr\\\/wp-content\\\/uploads\\\/2024\\\/10\\\/6a353f47c1611ae068d392a50a471ead.webp\",\"keywords\":[\"'piscine du belv\u00e9d\u00e8re'\",\"Kais Saied\",\"place pasteur\",\"Tunis\",\"Tunisie\"],\"articleSection\":[\"National\"],\"inLanguage\":\"fr-FR\"},{\"@type\":\"WebPage\",\"@id\":\"https:\\\/\\\/www.webdo.tn\\\/fr\\\/actualite\\\/national\\\/tunisie-reouverture-de-la-piscine-du-belvedere\\\/217115\\\/\",\"url\":\"https:\\\/\\\/www.webdo.tn\\\/fr\\\/actualite\\\/national\\\/tunisie-reouverture-de-la-piscine-du-belvedere\\\/217115\\\/\",\"name\":\"Tunisie : R\u00e9ouverture de la piscine du Belv\u00e9d\u00e8re\",\"isPartOf\":{\"@id\":\"https:\\\/\\\/www.webdo.tn\\\/fr\\\/#website\"},\"primaryImageOfPage\":{\"@id\":\"https:\\\/\\\/www.webdo.tn\\\/fr\\\/actualite\\\/national\\\/tunisie-reouverture-de-la-piscine-du-belvedere\\\/217115\\\/#primaryimage\"},\"image\":{\"@id\":\"https:\\\/\\\/www.webdo.tn\\\/fr\\\/actualite\\\/national\\\/tunisie-reouverture-de-la-piscine-du-belvedere\\\/217115\\\/#primaryimage\"},\"thumbnailUrl\":\"https:\\\/\\\/www.webdo.tn\\\/fr\\\/wp-content\\\/uploads\\\/2024\\\/10\\\/6a353f47c1611ae068d392a50a471ead.webp\",\"datePublished\":\"2024-10-22T09:03:00+00:00\",\"dateModified\":\"2025-05-20T22:14:41+00:00\",\"description\":\"Apr\u00e8s avoir ordonn\u00e9 la r\u00e9novation et la restauration de la piscine du Belv\u00e9d\u00e8re et le r\u00e9am\u00e9nagement de la Place Pasteur \u00e0 Tunis, le pr\u00e9sident de la R\u00e9publique K...\",\"breadcrumb\":{\"@id\":\"https:\\\/\\\/www.webdo.tn\\\/fr\\\/actualite\\\/national\\\/tunisie-reouverture-de-la-piscine-du-belvedere\\\/217115\\\/#breadcrumb\"},\"inLanguage\":\"fr-FR\",\"potentialAction\":[{\"@type\":\"ReadAction\",\"target\":[\"https:\\\/\\\/www.webdo.tn\\\/fr\\\/actualite\\\/national\\\/tunisie-reouverture-de-la-piscine-du-belvedere\\\/217115\\\/\"]}]},{\"@type\":\"ImageObject\",\"inLanguage\":\"fr-FR\",\"@id\":\"https:\\\/\\\/www.webdo.tn\\\/fr\\\/actualite\\\/national\\\/tunisie-reouverture-de-la-piscine-du-belvedere\\\/217115\\\/#primaryimage\",\"url\":\"https:\\\/\\\/www.webdo.tn\\\/fr\\\/wp-content\\\/uploads\\\/2024\\\/10\\\/6a353f47c1611ae068d392a50a471ead.webp\",\"contentUrl\":\"https:\\\/\\\/www.webdo.tn\\\/fr\\\/wp-content\\\/uploads\\\/2024\\\/10\\\/6a353f47c1611ae068d392a50a471ead.webp\",\"width\":750,\"height\":400,\"caption\":\"Tunisie : R\u00e9ouverture de la piscine du Belv\u00e9d\u00e8re\"},{\"@type\":\"BreadcrumbList\",\"@id\":\"https:\\\/\\\/www.webdo.tn\\\/fr\\\/actualite\\\/national\\\/tunisie-reouverture-de-la-piscine-du-belvedere\\\/217115\\\/#breadcrumb\",\"itemListElement\":[{\"@type\":\"ListItem\",\"position\":1,\"name\":\"Accueil\",\"item\":\"https:\\\/\\\/www.webdo.tn\\\/fr\\\/\"},{\"@type\":\"ListItem\",\"position\":2,\"name\":\"Tunisie : R\u00e9ouverture de la piscine du Belv\u00e9d\u00e8re\"}]},{\"@type\":\"WebSite\",\"@id\":\"https:\\\/\\\/www.webdo.tn\\\/fr\\\/#website\",\"url\":\"https:\\\/\\\/www.webdo.tn\\\/fr\\\/\",\"name\":\"webdo\",\"description\":\"Tunisie - News en Tunisie et \u00e0 l&#039;international sur Webdo.tn\",\"publisher\":{\"@id\":\"https:\\\/\\\/www.webdo.tn\\\/fr\\\/#organization\"},\"potentialAction\":[{\"@type\":\"SearchAction\",\"target\":{\"@type\":\"EntryPoint\",\"urlTemplate\":\"https:\\\/\\\/www.webdo.tn\\\/fr\\\/?s={search_term_string}\"},\"query-input\":{\"@type\":\"PropertyValueSpecification\",\"valueRequired\":true,\"valueName\":\"search_term_string\"}}],\"inLanguage\":\"fr-FR\"},{\"@type\":\"Organization\",\"@id\":\"https:\\\/\\\/www.webdo.tn\\\/fr\\\/#organization\",\"name\":\"Webdo\",\"alternateName\":\"Webdo.tn\",\"url\":\"https:\\\/\\\/www.webdo.tn\\\/fr\\\/\",\"logo\":{\"@type\":\"ImageObject\",\"inLanguage\":\"fr-FR\",\"@id\":\"https:\\\/\\\/www.webdo.tn\\\/fr\\\/#\\\/schema\\\/logo\\\/image\\\/\",\"url\":\"https:\\\/\\\/www.webdo.tn\\\/fr\\\/wp-content\\\/uploads\\\/2025\\\/06\\\/Webdo-Tunisie_168377.jpg\",\"contentUrl\":\"https:\\\/\\\/www.webdo.tn\\\/fr\\\/wp-content\\\/uploads\\\/2025\\\/06\\\/Webdo-Tunisie_168377.jpg\",\"width\":301,\"height\":301,\"caption\":\"Webdo\"},\"image\":{\"@id\":\"https:\\\/\\\/www.webdo.tn\\\/fr\\\/#\\\/schema\\\/logo\\\/image\\\/\"},\"sameAs\":[\"https:\\\/\\\/www.facebook.com\\\/webdotn\",\"https:\\\/\\\/x.com\\\/webdo_tn\"],\"description\":\"Webdo est un m\u00e9dia num\u00e9rique tunisien fond\u00e9 en 2010, sp\u00e9cialis\u00e9 dans l\u2019actualit\u00e9 nationale et internationale, l\u2019\u00e9conomie, la soci\u00e9t\u00e9 et les analyses politiques. Le site s\u2019adresse \u00e0 un large public francophone et couvre l\u2019information tunisienne en temps r\u00e9el.\",\"email\":\"redac@webdo.tn\",\"legalName\":\"YNJ SARL\",\"foundingDate\":\"2010-09-06\",\"numberOfEmployees\":{\"@type\":\"QuantitativeValue\",\"minValue\":\"11\",\"maxValue\":\"50\"}},{\"@type\":\"Person\",\"@id\":\"https:\\\/\\\/www.webdo.tn\\\/fr\\\/#\\\/schema\\\/person\\\/2c4929cbf5a809e3bd38617c6ce150f6\",\"name\":\"MC\",\"image\":{\"@type\":\"ImageObject\",\"inLanguage\":\"fr-FR\",\"@id\":\"https:\\\/\\\/secure.gravatar.com\\\/avatar\\\/a545bbb6f84efdd5553dbbc2895e3ca8f1d12c5215e00a041c9670b54aa9b18a?s=96&d=mm&r=g\",\"url\":\"https:\\\/\\\/secure.gravatar.com\\\/avatar\\\/a545bbb6f84efdd5553dbbc2895e3ca8f1d12c5215e00a041c9670b54aa9b18a?s=96&d=mm&r=g\",\"contentUrl\":\"https:\\\/\\\/secure.gravatar.com\\\/avatar\\\/a545bbb6f84efdd5553dbbc2895e3ca8f1d12c5215e00a041c9670b54aa9b18a?s=96&d=mm&r=g\",\"caption\":\"MC\"},\"url\":\"https:\\\/\\\/www.webdo.tn\\\/fr\\\/actualite\\\/author\\\/mc\\\/\"}]}<\/script>\n<!-- \/ Yoast SEO Premium plugin. -->","yoast_head_json":{"title":"Tunisie : R\u00e9ouverture de la piscine du Belv\u00e9d\u00e8re","description":"Apr\u00e8s avoir ordonn\u00e9 la r\u00e9novation et la restauration de la piscine du Belv\u00e9d\u00e8re et le r\u00e9am\u00e9nagement de la Place Pasteur \u00e0 Tunis, le pr\u00e9sident de la R\u00e9publique K...","canonical":"https:\/\/www.webdo.tn\/fr\/actualite\/national\/tunisie-reouverture-de-la-piscine-du-belvedere\/217115\/","og_locale":"fr_FR","og_type":"article","og_title":"Tunisie : R\u00e9ouverture de la piscine du Belv\u00e9d\u00e8re","og_description":"Apr\u00e8s avoir ordonn\u00e9 la r\u00e9novation et la restauration de la piscine du Belv\u00e9d\u00e8re et le r\u00e9am\u00e9nagement de la Place Pasteur \u00e0 Tunis, le pr\u00e9sident de la R\u00e9publique K...","og_url":"https:\/\/www.webdo.tn\/fr\/actualite\/national\/tunisie-reouverture-de-la-piscine-du-belvedere\/217115\/","og_site_name":"webdo","article_publisher":"https:\/\/www.facebook.com\/webdotn","article_published_time":"2024-10-22T09:03:00+00:00","article_modified_time":"2025-05-20T22:14:41+00:00","og_image":[{"width":750,"height":400,"url":"https:\/\/www.webdo.tn\/fr\/wp-content\/uploads\/2024\/10\/6a353f47c1611ae068d392a50a471ead.webp","type":"image\/webp"}],"author":"MC","twitter_card":"summary_large_image","twitter_creator":"@webdo_tn","twitter_site":"@webdo_tn","twitter_misc":{"\u00c9crit par":"MC","Dur\u00e9e de lecture estim\u00e9e":"1 minute"},"schema":{"@context":"https:\/\/schema.org","@graph":[{"@type":"NewsArticle","@id":"https:\/\/www.webdo.tn\/fr\/actualite\/national\/tunisie-reouverture-de-la-piscine-du-belvedere\/217115\/#article","isPartOf":{"@id":"https:\/\/www.webdo.tn\/fr\/actualite\/national\/tunisie-reouverture-de-la-piscine-du-belvedere\/217115\/"},"author":{"name":"MC","@id":"https:\/\/www.webdo.tn\/fr\/#\/schema\/person\/2c4929cbf5a809e3bd38617c6ce150f6"},"headline":"Tunisie : R\u00e9ouverture de la piscine du Belv\u00e9d\u00e8re","datePublished":"2024-10-22T09:03:00+00:00","dateModified":"2025-05-20T22:14:41+00:00","mainEntityOfPage":{"@id":"https:\/\/www.webdo.tn\/fr\/actualite\/national\/tunisie-reouverture-de-la-piscine-du-belvedere\/217115\/"},"wordCount":175,"commentCount":0,"publisher":{"@id":"https:\/\/www.webdo.tn\/fr\/#organization"},"image":{"@id":"https:\/\/www.webdo.tn\/fr\/actualite\/national\/tunisie-reouverture-de-la-piscine-du-belvedere\/217115\/#primaryimage"},"thumbnailUrl":"https:\/\/www.webdo.tn\/fr\/wp-content\/uploads\/2024\/10\/6a353f47c1611ae068d392a50a471ead.webp","keywords":["'piscine du belv\u00e9d\u00e8re'","Kais Saied","place pasteur","Tunis","Tunisie"],"articleSection":["National"],"inLanguage":"fr-FR"},{"@type":"WebPage","@id":"https:\/\/www.webdo.tn\/fr\/actualite\/national\/tunisie-reouverture-de-la-piscine-du-belvedere\/217115\/","url":"https:\/\/www.webdo.tn\/fr\/actualite\/national\/tunisie-reouverture-de-la-piscine-du-belvedere\/217115\/","name":"Tunisie : R\u00e9ouverture de la piscine du Belv\u00e9d\u00e8re","isPartOf":{"@id":"https:\/\/www.webdo.tn\/fr\/#website"},"primaryImageOfPage":{"@id":"https:\/\/www.webdo.tn\/fr\/actualite\/national\/tunisie-reouverture-de-la-piscine-du-belvedere\/217115\/#primaryimage"},"image":{"@id":"https:\/\/www.webdo.tn\/fr\/actualite\/national\/tunisie-reouverture-de-la-piscine-du-belvedere\/217115\/#primaryimage"},"thumbnailUrl":"https:\/\/www.webdo.tn\/fr\/wp-content\/uploads\/2024\/10\/6a353f47c1611ae068d392a50a471ead.webp","datePublished":"2024-10-22T09:03:00+00:00","dateModified":"2025-05-20T22:14:41+00:00","description":"Apr\u00e8s avoir ordonn\u00e9 la r\u00e9novation et la restauration de la piscine du Belv\u00e9d\u00e8re et le r\u00e9am\u00e9nagement de la Place Pasteur \u00e0 Tunis, le pr\u00e9sident de la R\u00e9publique K...","breadcrumb":{"@id":"https:\/\/www.webdo.tn\/fr\/actualite\/national\/tunisie-reouverture-de-la-piscine-du-belvedere\/217115\/#breadcrumb"},"inLanguage":"fr-FR","potentialAction":[{"@type":"ReadAction","target":["https:\/\/www.webdo.tn\/fr\/actualite\/national\/tunisie-reouverture-de-la-piscine-du-belvedere\/217115\/"]}]},{"@type":"ImageObject","inLanguage":"fr-FR","@id":"https:\/\/www.webdo.tn\/fr\/actualite\/national\/tunisie-reouverture-de-la-piscine-du-belvedere\/217115\/#primaryimage","url":"https:\/\/www.webdo.tn\/fr\/wp-content\/uploads\/2024\/10\/6a353f47c1611ae068d392a50a471ead.webp","contentUrl":"https:\/\/www.webdo.tn\/fr\/wp-content\/uploads\/2024\/10\/6a353f47c1611ae068d392a50a471ead.webp","width":750,"height":400,"caption":"Tunisie : R\u00e9ouverture de la piscine du Belv\u00e9d\u00e8re"},{"@type":"BreadcrumbList","@id":"https:\/\/www.webdo.tn\/fr\/actualite\/national\/tunisie-reouverture-de-la-piscine-du-belvedere\/217115\/#breadcrumb","itemListElement":[{"@type":"ListItem","position":1,"name":"Accueil","item":"https:\/\/www.webdo.tn\/fr\/"},{"@type":"ListItem","position":2,"name":"Tunisie : R\u00e9ouverture de la piscine du Belv\u00e9d\u00e8re"}]},{"@type":"WebSite","@id":"https:\/\/www.webdo.tn\/fr\/#website","url":"https:\/\/www.webdo.tn\/fr\/","name":"webdo","description":"Tunisie - News en Tunisie et \u00e0 l&#039;international sur Webdo.tn","publisher":{"@id":"https:\/\/www.webdo.tn\/fr\/#organization"},"potentialAction":[{"@type":"SearchAction","target":{"@type":"EntryPoint","urlTemplate":"https:\/\/www.webdo.tn\/fr\/?s={search_term_string}"},"query-input":{"@type":"PropertyValueSpecification","valueRequired":true,"valueName":"search_term_string"}}],"inLanguage":"fr-FR"},{"@type":"Organization","@id":"https:\/\/www.webdo.tn\/fr\/#organization","name":"Webdo","alternateName":"Webdo.tn","url":"https:\/\/www.webdo.tn\/fr\/","logo":{"@type":"ImageObject","inLanguage":"fr-FR","@id":"https:\/\/www.webdo.tn\/fr\/#\/schema\/logo\/image\/","url":"https:\/\/www.webdo.tn\/fr\/wp-content\/uploads\/2025\/06\/Webdo-Tunisie_168377.jpg","contentUrl":"https:\/\/www.webdo.tn\/fr\/wp-content\/uploads\/2025\/06\/Webdo-Tunisie_168377.jpg","width":301,"height":301,"caption":"Webdo"},"image":{"@id":"https:\/\/www.webdo.tn\/fr\/#\/schema\/logo\/image\/"},"sameAs":["https:\/\/www.facebook.com\/webdotn","https:\/\/x.com\/webdo_tn"],"description":"Webdo est un m\u00e9dia num\u00e9rique tunisien fond\u00e9 en 2010, sp\u00e9cialis\u00e9 dans l\u2019actualit\u00e9 nationale et internationale, l\u2019\u00e9conomie, la soci\u00e9t\u00e9 et les analyses politiques. Le site s\u2019adresse \u00e0 un large public francophone et couvre l\u2019information tunisienne en temps r\u00e9el.","email":"redac@webdo.tn","legalName":"YNJ SARL","foundingDate":"2010-09-06","numberOfEmployees":{"@type":"QuantitativeValue","minValue":"11","maxValue":"50"}},{"@type":"Person","@id":"https:\/\/www.webdo.tn\/fr\/#\/schema\/person\/2c4929cbf5a809e3bd38617c6ce150f6","name":"MC","image":{"@type":"ImageObject","inLanguage":"fr-FR","@id":"https:\/\/secure.gravatar.com\/avatar\/a545bbb6f84efdd5553dbbc2895e3ca8f1d12c5215e00a041c9670b54aa9b18a?s=96&d=mm&r=g","url":"https:\/\/secure.gravatar.com\/avatar\/a545bbb6f84efdd5553dbbc2895e3ca8f1d12c5215e00a041c9670b54aa9b18a?s=96&d=mm&r=g","contentUrl":"https:\/\/secure.gravatar.com\/avatar\/a545bbb6f84efdd5553dbbc2895e3ca8f1d12c5215e00a041c9670b54aa9b18a?s=96&d=mm&r=g","caption":"MC"},"url":"https:\/\/www.webdo.tn\/fr\/actualite\/author\/mc\/"}]}},"_links":{"self":[{"href":"https:\/\/www.webdo.tn\/fr\/wp-json\/wp\/v2\/posts\/217115","targetHints":{"allow":["GET"]}}],"collection":[{"href":"https:\/\/www.webdo.tn\/fr\/wp-json\/wp\/v2\/posts"}],"about":[{"href":"https:\/\/www.webdo.tn\/fr\/wp-json\/wp\/v2\/types\/post"}],"author":[{"embeddable":true,"href":"https:\/\/www.webdo.tn\/fr\/wp-json\/wp\/v2\/users\/3162"}],"replies":[{"embeddable":true,"href":"https:\/\/www.webdo.tn\/fr\/wp-json\/wp\/v2\/comments?post=217115"}],"version-history":[{"count":0,"href":"https:\/\/www.webdo.tn\/fr\/wp-json\/wp\/v2\/posts\/217115\/revisions"}],"wp:featuredmedia":[{"embeddable":true,"href":"https:\/\/www.webdo.tn\/fr\/wp-json\/wp\/v2\/media\/291219"}],"wp:attachment":[{"href":"https:\/\/www.webdo.tn\/fr\/wp-json\/wp\/v2\/media?parent=217115"}],"wp:term":[{"taxonomy":"category","embeddable":true,"href":"https:\/\/www.webdo.tn\/fr\/wp-json\/wp\/v2\/categories?post=217115"},{"taxonomy":"post_tag","embeddable":true,"href":"https:\/\/www.webdo.tn\/fr\/wp-json\/wp\/v2\/tags?post=217115"}],"curies":[{"name":"wp","href":"https:\/\/api.w.org\/{rel}","templated":true}]}}