{"id":217106,"date":"2024-10-21T14:20:00","date_gmt":"2024-10-21T14:20:00","guid":{"rendered":"https:\/\/www.webdo.tn\/fr\/blog\/tunisie-cours-suspendus-dans-quatre-delegations-de-gabes\/217106\/"},"modified":"2025-05-20T22:14:40","modified_gmt":"2025-05-20T22:14:40","slug":"tunisie-cours-suspendus-dans-quatre-delegations-de-gabes","status":"publish","type":"post","link":"https:\/\/www.webdo.tn\/fr\/actualite\/regions\/tunisie-cours-suspendus-dans-quatre-delegations-de-gabes\/217106\/","title":{"rendered":"Tunisie : Cours suspendus dans quatre d\u00e9l\u00e9gations de Gabes"},"content":{"rendered":"<p>La Commission r\u00e9gionale de lutte contre les catastrophes a d\u00e9cid\u00e9, lors d&rsquo;une r\u00e9union tenue, aujourd\u2019hui, la suspension des cours, cet apr\u00e8s-midi, dans quatre d\u00e9l\u00e9gations de Gabes.<\/p>\n<p>Cette suspension des cours est due aux pluies diluviennes pr\u00e9vues aujourd\u2019hui dans le sud-est du pays. Elle concerne les d\u00e9l\u00e9gations de Matmata, Nouvelle Matmata, Mareth et Dkhila Toujene.<\/p>\n<p>Les cours reprendront d\u00e8s demain matin, mardi 22 octobre 2024.<\/p>\n","protected":false},"excerpt":{"rendered":"<p>La Commission r\u00e9gionale de lutte contre les catastrophes a d\u00e9cid\u00e9, lors d&rsquo;une r\u00e9union tenue, aujourd\u2019hui, la suspension des cours, cet apr\u00e8s-midi, dans quatre d&#8230;<\/p>\n","protected":false},"author":3162,"featured_media":291217,"comment_status":"open","ping_status":"closed","sticky":false,"template":"","format":"standard","meta":{"footnotes":""},"categories":[2595],"tags":[5324,3126,3164,2671,2608],"class_list":["post-217106","post","type-post","status-publish","format-standard","has-post-thumbnail","hentry","category-regions","tag-cours-suspendus","tag-gabes","tag-inondations","tag-pluie","tag-tunisie"],"yoast_head":"<!-- This site is optimized with the Yoast SEO Premium plugin v27.5 (Yoast SEO v27.5) - https:\/\/yoast.com\/product\/yoast-seo-premium-wordpress\/ -->\n<title>Tunisie : Cours suspendus dans quatre d\u00e9l\u00e9gations de Gabes<\/title>\n<meta name=\"description\" content=\"La Commission r\u00e9gionale de lutte contre les catastrophes a d\u00e9cid\u00e9, lors d&#039;une r\u00e9union tenue, aujourd\u2019hui, la suspension des cours, cet apr\u00e8s-midi, dans quatre d...\" \/>\n<link rel=\"canonical\" href=\"https:\/\/www.webdo.tn\/fr\/actualite\/regions\/tunisie-cours-suspendus-dans-quatre-delegations-de-gabes\/217106\/\" \/>\n<meta property=\"og:locale\" content=\"fr_FR\" \/>\n<meta property=\"og:type\" content=\"article\" \/>\n<meta property=\"og:title\" content=\"Tunisie : Cours suspendus dans quatre d\u00e9l\u00e9gations de Gabes\" \/>\n<meta property=\"og:description\" content=\"La Commission r\u00e9gionale de lutte contre les catastrophes a d\u00e9cid\u00e9, lors d&#039;une r\u00e9union tenue, aujourd\u2019hui, la suspension des cours, cet apr\u00e8s-midi, dans quatre d...\" \/>\n<meta property=\"og:url\" content=\"https:\/\/www.webdo.tn\/fr\/actualite\/regions\/tunisie-cours-suspendus-dans-quatre-delegations-de-gabes\/217106\/\" \/>\n<meta property=\"og:site_name\" content=\"webdo\" \/>\n<meta property=\"article:publisher\" content=\"https:\/\/www.facebook.com\/webdotn\" \/>\n<meta property=\"article:published_time\" content=\"2024-10-21T14:20:00+00:00\" \/>\n<meta property=\"article:modified_time\" content=\"2025-05-20T22:14:40+00:00\" \/>\n<meta property=\"og:image\" content=\"https:\/\/www.webdo.tn\/fr\/wp-content\/uploads\/2024\/10\/31f6156f5fe398119330427cd9689abb.webp\" \/>\n\t<meta property=\"og:image:width\" content=\"750\" \/>\n\t<meta property=\"og:image:height\" content=\"400\" \/>\n\t<meta property=\"og:image:type\" content=\"image\/webp\" \/>\n<meta name=\"author\" content=\"MC\" \/>\n<meta name=\"twitter:card\" content=\"summary_large_image\" \/>\n<meta name=\"twitter:creator\" content=\"@webdo_tn\" \/>\n<meta name=\"twitter:site\" content=\"@webdo_tn\" \/>\n<meta name=\"twitter:label1\" content=\"\u00c9crit par\" \/>\n\t<meta name=\"twitter:data1\" content=\"MC\" \/>\n<script type=\"application\/ld+json\" class=\"yoast-schema-graph\">{\"@context\":\"https:\\\/\\\/schema.org\",\"@graph\":[{\"@type\":\"NewsArticle\",\"@id\":\"https:\\\/\\\/www.webdo.tn\\\/fr\\\/actualite\\\/regions\\\/tunisie-cours-suspendus-dans-quatre-delegations-de-gabes\\\/217106\\\/#article\",\"isPartOf\":{\"@id\":\"https:\\\/\\\/www.webdo.tn\\\/fr\\\/actualite\\\/regions\\\/tunisie-cours-suspendus-dans-quatre-delegations-de-gabes\\\/217106\\\/\"},\"author\":{\"name\":\"MC\",\"@id\":\"https:\\\/\\\/www.webdo.tn\\\/fr\\\/#\\\/schema\\\/person\\\/2c4929cbf5a809e3bd38617c6ce150f6\"},\"headline\":\"Tunisie : Cours suspendus dans quatre d\u00e9l\u00e9gations de Gabes\",\"datePublished\":\"2024-10-21T14:20:00+00:00\",\"dateModified\":\"2025-05-20T22:14:40+00:00\",\"mainEntityOfPage\":{\"@id\":\"https:\\\/\\\/www.webdo.tn\\\/fr\\\/actualite\\\/regions\\\/tunisie-cours-suspendus-dans-quatre-delegations-de-gabes\\\/217106\\\/\"},\"wordCount\":85,\"commentCount\":0,\"publisher\":{\"@id\":\"https:\\\/\\\/www.webdo.tn\\\/fr\\\/#organization\"},\"image\":{\"@id\":\"https:\\\/\\\/www.webdo.tn\\\/fr\\\/actualite\\\/regions\\\/tunisie-cours-suspendus-dans-quatre-delegations-de-gabes\\\/217106\\\/#primaryimage\"},\"thumbnailUrl\":\"https:\\\/\\\/www.webdo.tn\\\/fr\\\/wp-content\\\/uploads\\\/2024\\\/10\\\/31f6156f5fe398119330427cd9689abb.webp\",\"keywords\":[\"cours suspendus\",\"gab\u00e8s\",\"Inondations\",\"Pluie\",\"Tunisie\"],\"articleSection\":[\"regions\"],\"inLanguage\":\"fr-FR\"},{\"@type\":\"WebPage\",\"@id\":\"https:\\\/\\\/www.webdo.tn\\\/fr\\\/actualite\\\/regions\\\/tunisie-cours-suspendus-dans-quatre-delegations-de-gabes\\\/217106\\\/\",\"url\":\"https:\\\/\\\/www.webdo.tn\\\/fr\\\/actualite\\\/regions\\\/tunisie-cours-suspendus-dans-quatre-delegations-de-gabes\\\/217106\\\/\",\"name\":\"Tunisie : Cours suspendus dans quatre d\u00e9l\u00e9gations de Gabes\",\"isPartOf\":{\"@id\":\"https:\\\/\\\/www.webdo.tn\\\/fr\\\/#website\"},\"primaryImageOfPage\":{\"@id\":\"https:\\\/\\\/www.webdo.tn\\\/fr\\\/actualite\\\/regions\\\/tunisie-cours-suspendus-dans-quatre-delegations-de-gabes\\\/217106\\\/#primaryimage\"},\"image\":{\"@id\":\"https:\\\/\\\/www.webdo.tn\\\/fr\\\/actualite\\\/regions\\\/tunisie-cours-suspendus-dans-quatre-delegations-de-gabes\\\/217106\\\/#primaryimage\"},\"thumbnailUrl\":\"https:\\\/\\\/www.webdo.tn\\\/fr\\\/wp-content\\\/uploads\\\/2024\\\/10\\\/31f6156f5fe398119330427cd9689abb.webp\",\"datePublished\":\"2024-10-21T14:20:00+00:00\",\"dateModified\":\"2025-05-20T22:14:40+00:00\",\"description\":\"La Commission r\u00e9gionale de lutte contre les catastrophes a d\u00e9cid\u00e9, lors d'une r\u00e9union tenue, aujourd\u2019hui, la suspension des cours, cet apr\u00e8s-midi, dans quatre d...\",\"breadcrumb\":{\"@id\":\"https:\\\/\\\/www.webdo.tn\\\/fr\\\/actualite\\\/regions\\\/tunisie-cours-suspendus-dans-quatre-delegations-de-gabes\\\/217106\\\/#breadcrumb\"},\"inLanguage\":\"fr-FR\",\"potentialAction\":[{\"@type\":\"ReadAction\",\"target\":[\"https:\\\/\\\/www.webdo.tn\\\/fr\\\/actualite\\\/regions\\\/tunisie-cours-suspendus-dans-quatre-delegations-de-gabes\\\/217106\\\/\"]}]},{\"@type\":\"ImageObject\",\"inLanguage\":\"fr-FR\",\"@id\":\"https:\\\/\\\/www.webdo.tn\\\/fr\\\/actualite\\\/regions\\\/tunisie-cours-suspendus-dans-quatre-delegations-de-gabes\\\/217106\\\/#primaryimage\",\"url\":\"https:\\\/\\\/www.webdo.tn\\\/fr\\\/wp-content\\\/uploads\\\/2024\\\/10\\\/31f6156f5fe398119330427cd9689abb.webp\",\"contentUrl\":\"https:\\\/\\\/www.webdo.tn\\\/fr\\\/wp-content\\\/uploads\\\/2024\\\/10\\\/31f6156f5fe398119330427cd9689abb.webp\",\"width\":750,\"height\":400,\"caption\":\"Tunisie : Cours suspendus dans quatre d\u00e9l\u00e9gations de Gabes\"},{\"@type\":\"BreadcrumbList\",\"@id\":\"https:\\\/\\\/www.webdo.tn\\\/fr\\\/actualite\\\/regions\\\/tunisie-cours-suspendus-dans-quatre-delegations-de-gabes\\\/217106\\\/#breadcrumb\",\"itemListElement\":[{\"@type\":\"ListItem\",\"position\":1,\"name\":\"Accueil\",\"item\":\"https:\\\/\\\/www.webdo.tn\\\/fr\\\/\"},{\"@type\":\"ListItem\",\"position\":2,\"name\":\"Tunisie : Cours suspendus dans quatre d\u00e9l\u00e9gations de Gabes\"}]},{\"@type\":\"WebSite\",\"@id\":\"https:\\\/\\\/www.webdo.tn\\\/fr\\\/#website\",\"url\":\"https:\\\/\\\/www.webdo.tn\\\/fr\\\/\",\"name\":\"webdo\",\"description\":\"Tunisie - News en Tunisie et \u00e0 l&#039;international sur Webdo.tn\",\"publisher\":{\"@id\":\"https:\\\/\\\/www.webdo.tn\\\/fr\\\/#organization\"},\"potentialAction\":[{\"@type\":\"SearchAction\",\"target\":{\"@type\":\"EntryPoint\",\"urlTemplate\":\"https:\\\/\\\/www.webdo.tn\\\/fr\\\/?s={search_term_string}\"},\"query-input\":{\"@type\":\"PropertyValueSpecification\",\"valueRequired\":true,\"valueName\":\"search_term_string\"}}],\"inLanguage\":\"fr-FR\"},{\"@type\":\"Organization\",\"@id\":\"https:\\\/\\\/www.webdo.tn\\\/fr\\\/#organization\",\"name\":\"Webdo\",\"alternateName\":\"Webdo.tn\",\"url\":\"https:\\\/\\\/www.webdo.tn\\\/fr\\\/\",\"logo\":{\"@type\":\"ImageObject\",\"inLanguage\":\"fr-FR\",\"@id\":\"https:\\\/\\\/www.webdo.tn\\\/fr\\\/#\\\/schema\\\/logo\\\/image\\\/\",\"url\":\"https:\\\/\\\/www.webdo.tn\\\/fr\\\/wp-content\\\/uploads\\\/2025\\\/06\\\/Webdo-Tunisie_168377.jpg\",\"contentUrl\":\"https:\\\/\\\/www.webdo.tn\\\/fr\\\/wp-content\\\/uploads\\\/2025\\\/06\\\/Webdo-Tunisie_168377.jpg\",\"width\":301,\"height\":301,\"caption\":\"Webdo\"},\"image\":{\"@id\":\"https:\\\/\\\/www.webdo.tn\\\/fr\\\/#\\\/schema\\\/logo\\\/image\\\/\"},\"sameAs\":[\"https:\\\/\\\/www.facebook.com\\\/webdotn\",\"https:\\\/\\\/x.com\\\/webdo_tn\"],\"description\":\"Webdo est un m\u00e9dia num\u00e9rique tunisien fond\u00e9 en 2010, sp\u00e9cialis\u00e9 dans l\u2019actualit\u00e9 nationale et internationale, l\u2019\u00e9conomie, la soci\u00e9t\u00e9 et les analyses politiques. Le site s\u2019adresse \u00e0 un large public francophone et couvre l\u2019information tunisienne en temps r\u00e9el.\",\"email\":\"redac@webdo.tn\",\"legalName\":\"YNJ SARL\",\"foundingDate\":\"2010-09-06\",\"numberOfEmployees\":{\"@type\":\"QuantitativeValue\",\"minValue\":\"11\",\"maxValue\":\"50\"}},{\"@type\":\"Person\",\"@id\":\"https:\\\/\\\/www.webdo.tn\\\/fr\\\/#\\\/schema\\\/person\\\/2c4929cbf5a809e3bd38617c6ce150f6\",\"name\":\"MC\",\"image\":{\"@type\":\"ImageObject\",\"inLanguage\":\"fr-FR\",\"@id\":\"https:\\\/\\\/secure.gravatar.com\\\/avatar\\\/a545bbb6f84efdd5553dbbc2895e3ca8f1d12c5215e00a041c9670b54aa9b18a?s=96&d=mm&r=g\",\"url\":\"https:\\\/\\\/secure.gravatar.com\\\/avatar\\\/a545bbb6f84efdd5553dbbc2895e3ca8f1d12c5215e00a041c9670b54aa9b18a?s=96&d=mm&r=g\",\"contentUrl\":\"https:\\\/\\\/secure.gravatar.com\\\/avatar\\\/a545bbb6f84efdd5553dbbc2895e3ca8f1d12c5215e00a041c9670b54aa9b18a?s=96&d=mm&r=g\",\"caption\":\"MC\"},\"url\":\"https:\\\/\\\/www.webdo.tn\\\/fr\\\/actualite\\\/author\\\/mc\\\/\"}]}<\/script>\n<!-- \/ Yoast SEO Premium plugin. -->","yoast_head_json":{"title":"Tunisie : Cours suspendus dans quatre d\u00e9l\u00e9gations de Gabes","description":"La Commission r\u00e9gionale de lutte contre les catastrophes a d\u00e9cid\u00e9, lors d'une r\u00e9union tenue, aujourd\u2019hui, la suspension des cours, cet apr\u00e8s-midi, dans quatre d...","canonical":"https:\/\/www.webdo.tn\/fr\/actualite\/regions\/tunisie-cours-suspendus-dans-quatre-delegations-de-gabes\/217106\/","og_locale":"fr_FR","og_type":"article","og_title":"Tunisie : Cours suspendus dans quatre d\u00e9l\u00e9gations de Gabes","og_description":"La Commission r\u00e9gionale de lutte contre les catastrophes a d\u00e9cid\u00e9, lors d'une r\u00e9union tenue, aujourd\u2019hui, la suspension des cours, cet apr\u00e8s-midi, dans quatre d...","og_url":"https:\/\/www.webdo.tn\/fr\/actualite\/regions\/tunisie-cours-suspendus-dans-quatre-delegations-de-gabes\/217106\/","og_site_name":"webdo","article_publisher":"https:\/\/www.facebook.com\/webdotn","article_published_time":"2024-10-21T14:20:00+00:00","article_modified_time":"2025-05-20T22:14:40+00:00","og_image":[{"width":750,"height":400,"url":"https:\/\/www.webdo.tn\/fr\/wp-content\/uploads\/2024\/10\/31f6156f5fe398119330427cd9689abb.webp","type":"image\/webp"}],"author":"MC","twitter_card":"summary_large_image","twitter_creator":"@webdo_tn","twitter_site":"@webdo_tn","twitter_misc":{"\u00c9crit par":"MC"},"schema":{"@context":"https:\/\/schema.org","@graph":[{"@type":"NewsArticle","@id":"https:\/\/www.webdo.tn\/fr\/actualite\/regions\/tunisie-cours-suspendus-dans-quatre-delegations-de-gabes\/217106\/#article","isPartOf":{"@id":"https:\/\/www.webdo.tn\/fr\/actualite\/regions\/tunisie-cours-suspendus-dans-quatre-delegations-de-gabes\/217106\/"},"author":{"name":"MC","@id":"https:\/\/www.webdo.tn\/fr\/#\/schema\/person\/2c4929cbf5a809e3bd38617c6ce150f6"},"headline":"Tunisie : Cours suspendus dans quatre d\u00e9l\u00e9gations de Gabes","datePublished":"2024-10-21T14:20:00+00:00","dateModified":"2025-05-20T22:14:40+00:00","mainEntityOfPage":{"@id":"https:\/\/www.webdo.tn\/fr\/actualite\/regions\/tunisie-cours-suspendus-dans-quatre-delegations-de-gabes\/217106\/"},"wordCount":85,"commentCount":0,"publisher":{"@id":"https:\/\/www.webdo.tn\/fr\/#organization"},"image":{"@id":"https:\/\/www.webdo.tn\/fr\/actualite\/regions\/tunisie-cours-suspendus-dans-quatre-delegations-de-gabes\/217106\/#primaryimage"},"thumbnailUrl":"https:\/\/www.webdo.tn\/fr\/wp-content\/uploads\/2024\/10\/31f6156f5fe398119330427cd9689abb.webp","keywords":["cours suspendus","gab\u00e8s","Inondations","Pluie","Tunisie"],"articleSection":["regions"],"inLanguage":"fr-FR"},{"@type":"WebPage","@id":"https:\/\/www.webdo.tn\/fr\/actualite\/regions\/tunisie-cours-suspendus-dans-quatre-delegations-de-gabes\/217106\/","url":"https:\/\/www.webdo.tn\/fr\/actualite\/regions\/tunisie-cours-suspendus-dans-quatre-delegations-de-gabes\/217106\/","name":"Tunisie : Cours suspendus dans quatre d\u00e9l\u00e9gations de Gabes","isPartOf":{"@id":"https:\/\/www.webdo.tn\/fr\/#website"},"primaryImageOfPage":{"@id":"https:\/\/www.webdo.tn\/fr\/actualite\/regions\/tunisie-cours-suspendus-dans-quatre-delegations-de-gabes\/217106\/#primaryimage"},"image":{"@id":"https:\/\/www.webdo.tn\/fr\/actualite\/regions\/tunisie-cours-suspendus-dans-quatre-delegations-de-gabes\/217106\/#primaryimage"},"thumbnailUrl":"https:\/\/www.webdo.tn\/fr\/wp-content\/uploads\/2024\/10\/31f6156f5fe398119330427cd9689abb.webp","datePublished":"2024-10-21T14:20:00+00:00","dateModified":"2025-05-20T22:14:40+00:00","description":"La Commission r\u00e9gionale de lutte contre les catastrophes a d\u00e9cid\u00e9, lors d'une r\u00e9union tenue, aujourd\u2019hui, la suspension des cours, cet apr\u00e8s-midi, dans quatre d...","breadcrumb":{"@id":"https:\/\/www.webdo.tn\/fr\/actualite\/regions\/tunisie-cours-suspendus-dans-quatre-delegations-de-gabes\/217106\/#breadcrumb"},"inLanguage":"fr-FR","potentialAction":[{"@type":"ReadAction","target":["https:\/\/www.webdo.tn\/fr\/actualite\/regions\/tunisie-cours-suspendus-dans-quatre-delegations-de-gabes\/217106\/"]}]},{"@type":"ImageObject","inLanguage":"fr-FR","@id":"https:\/\/www.webdo.tn\/fr\/actualite\/regions\/tunisie-cours-suspendus-dans-quatre-delegations-de-gabes\/217106\/#primaryimage","url":"https:\/\/www.webdo.tn\/fr\/wp-content\/uploads\/2024\/10\/31f6156f5fe398119330427cd9689abb.webp","contentUrl":"https:\/\/www.webdo.tn\/fr\/wp-content\/uploads\/2024\/10\/31f6156f5fe398119330427cd9689abb.webp","width":750,"height":400,"caption":"Tunisie : Cours suspendus dans quatre d\u00e9l\u00e9gations de Gabes"},{"@type":"BreadcrumbList","@id":"https:\/\/www.webdo.tn\/fr\/actualite\/regions\/tunisie-cours-suspendus-dans-quatre-delegations-de-gabes\/217106\/#breadcrumb","itemListElement":[{"@type":"ListItem","position":1,"name":"Accueil","item":"https:\/\/www.webdo.tn\/fr\/"},{"@type":"ListItem","position":2,"name":"Tunisie : Cours suspendus dans quatre d\u00e9l\u00e9gations de Gabes"}]},{"@type":"WebSite","@id":"https:\/\/www.webdo.tn\/fr\/#website","url":"https:\/\/www.webdo.tn\/fr\/","name":"webdo","description":"Tunisie - News en Tunisie et \u00e0 l&#039;international sur Webdo.tn","publisher":{"@id":"https:\/\/www.webdo.tn\/fr\/#organization"},"potentialAction":[{"@type":"SearchAction","target":{"@type":"EntryPoint","urlTemplate":"https:\/\/www.webdo.tn\/fr\/?s={search_term_string}"},"query-input":{"@type":"PropertyValueSpecification","valueRequired":true,"valueName":"search_term_string"}}],"inLanguage":"fr-FR"},{"@type":"Organization","@id":"https:\/\/www.webdo.tn\/fr\/#organization","name":"Webdo","alternateName":"Webdo.tn","url":"https:\/\/www.webdo.tn\/fr\/","logo":{"@type":"ImageObject","inLanguage":"fr-FR","@id":"https:\/\/www.webdo.tn\/fr\/#\/schema\/logo\/image\/","url":"https:\/\/www.webdo.tn\/fr\/wp-content\/uploads\/2025\/06\/Webdo-Tunisie_168377.jpg","contentUrl":"https:\/\/www.webdo.tn\/fr\/wp-content\/uploads\/2025\/06\/Webdo-Tunisie_168377.jpg","width":301,"height":301,"caption":"Webdo"},"image":{"@id":"https:\/\/www.webdo.tn\/fr\/#\/schema\/logo\/image\/"},"sameAs":["https:\/\/www.facebook.com\/webdotn","https:\/\/x.com\/webdo_tn"],"description":"Webdo est un m\u00e9dia num\u00e9rique tunisien fond\u00e9 en 2010, sp\u00e9cialis\u00e9 dans l\u2019actualit\u00e9 nationale et internationale, l\u2019\u00e9conomie, la soci\u00e9t\u00e9 et les analyses politiques. Le site s\u2019adresse \u00e0 un large public francophone et couvre l\u2019information tunisienne en temps r\u00e9el.","email":"redac@webdo.tn","legalName":"YNJ SARL","foundingDate":"2010-09-06","numberOfEmployees":{"@type":"QuantitativeValue","minValue":"11","maxValue":"50"}},{"@type":"Person","@id":"https:\/\/www.webdo.tn\/fr\/#\/schema\/person\/2c4929cbf5a809e3bd38617c6ce150f6","name":"MC","image":{"@type":"ImageObject","inLanguage":"fr-FR","@id":"https:\/\/secure.gravatar.com\/avatar\/a545bbb6f84efdd5553dbbc2895e3ca8f1d12c5215e00a041c9670b54aa9b18a?s=96&d=mm&r=g","url":"https:\/\/secure.gravatar.com\/avatar\/a545bbb6f84efdd5553dbbc2895e3ca8f1d12c5215e00a041c9670b54aa9b18a?s=96&d=mm&r=g","contentUrl":"https:\/\/secure.gravatar.com\/avatar\/a545bbb6f84efdd5553dbbc2895e3ca8f1d12c5215e00a041c9670b54aa9b18a?s=96&d=mm&r=g","caption":"MC"},"url":"https:\/\/www.webdo.tn\/fr\/actualite\/author\/mc\/"}]}},"_links":{"self":[{"href":"https:\/\/www.webdo.tn\/fr\/wp-json\/wp\/v2\/posts\/217106","targetHints":{"allow":["GET"]}}],"collection":[{"href":"https:\/\/www.webdo.tn\/fr\/wp-json\/wp\/v2\/posts"}],"about":[{"href":"https:\/\/www.webdo.tn\/fr\/wp-json\/wp\/v2\/types\/post"}],"author":[{"embeddable":true,"href":"https:\/\/www.webdo.tn\/fr\/wp-json\/wp\/v2\/users\/3162"}],"replies":[{"embeddable":true,"href":"https:\/\/www.webdo.tn\/fr\/wp-json\/wp\/v2\/comments?post=217106"}],"version-history":[{"count":0,"href":"https:\/\/www.webdo.tn\/fr\/wp-json\/wp\/v2\/posts\/217106\/revisions"}],"wp:featuredmedia":[{"embeddable":true,"href":"https:\/\/www.webdo.tn\/fr\/wp-json\/wp\/v2\/media\/291217"}],"wp:attachment":[{"href":"https:\/\/www.webdo.tn\/fr\/wp-json\/wp\/v2\/media?parent=217106"}],"wp:term":[{"taxonomy":"category","embeddable":true,"href":"https:\/\/www.webdo.tn\/fr\/wp-json\/wp\/v2\/categories?post=217106"},{"taxonomy":"post_tag","embeddable":true,"href":"https:\/\/www.webdo.tn\/fr\/wp-json\/wp\/v2\/tags?post=217106"}],"curies":[{"name":"wp","href":"https:\/\/api.w.org\/{rel}","templated":true}]}}