{"id":217102,"date":"2024-10-21T11:42:00","date_gmt":"2024-10-21T11:42:00","guid":{"rendered":"https:\/\/www.webdo.tn\/fr\/blog\/tunis-la-place-pasteur-fait-peau-neuve-photos\/217102\/"},"modified":"2025-05-20T21:47:36","modified_gmt":"2025-05-20T21:47:36","slug":"tunis-la-place-pasteur-fait-peau-neuve-photos","status":"publish","type":"post","link":"https:\/\/www.webdo.tn\/fr\/actualite\/national\/tunis-la-place-pasteur-fait-peau-neuve-photos\/217102\/","title":{"rendered":"Tunis : La Place Pasteur fait peau neuve (photos)"},"content":{"rendered":"<p>La Place Pasteur revit. Elle a fait l\u2019objet d\u2019un r\u00e9am\u00e9nagement en profondeur qui l\u2019\u00e9loigne de son apparence monotone de ces derni\u00e8res ann\u00e9es.<\/p>\n<p>\t\t\t\t\t\t\t\t\tLongtemps n\u00e9glig\u00e9e et faisant l\u2019objet d\u2019entretiens sommaires, la Place Pasteur \u00e9tait dans un mauvais \u00e9tat. L\u2019am\u00e9nagement effectu\u00e9 lui donne un nouveau visage qui respire la gaiet\u00e9. La place a \u00e9t\u00e9 compl\u00e8tement r\u00e9nov\u00e9e. Les travaux effectu\u00e9s lui ont redonn\u00e9 des couleurs.<\/p>\n<p>Situ\u00e9e en face de la Piscine du Belv\u00e9d\u00e8re, \u00e9galement r\u00e9nov\u00e9e, la Place Pasteur s\u2019offre ainsi une seconde jeunesse qui fera plaisir aussi bien aux promeneurs qu\u2019aux automobilistes qui la contournent tous les jours.<\/p>\n<p>Les travaux ont \u00e9t\u00e9 entrepris par \u00ab\u00a0Paysage \u00d4 Pluriel\u00a0\u00bb dont la mission \u00e9tait de transformer cet espace au c\u0153ur de Tunis en un lieu encore plus accueillant et fonctionnel, en y int\u00e9grant des \u00e9l\u00e9ments paysagers durables et esth\u00e9tiques et des plantes locales et r\u00e9sistantes.<\/p>\n","protected":false},"excerpt":{"rendered":"<p>Longtemps n\u00e9glig\u00e9e et faisant jadis l\u2019objet d\u2019entretiens sommaires, la Place Pasteur \u00e9tait dans un mauvais \u00e9tat. L\u2019am\u00e9nagement effectu\u00e9 lui donne un nouveau vis&#8230;<\/p>\n","protected":false},"author":3162,"featured_media":246297,"comment_status":"open","ping_status":"closed","sticky":false,"template":"","format":"standard","meta":{"footnotes":""},"categories":[44],"tags":[5357,5356,3150,2640],"class_list":["post-217102","post","type-post","status-publish","format-standard","has-post-thumbnail","hentry","category-national","tag-place-pasteur","tag-reamenagement","tag-renovation","tag-tunis"],"yoast_head":"<!-- This site is optimized with the Yoast SEO Premium plugin v27.5 (Yoast SEO v27.5) - https:\/\/yoast.com\/product\/yoast-seo-premium-wordpress\/ -->\n<title>Tunis : La Place Pasteur fait peau neuve (photos)<\/title>\n<meta name=\"description\" content=\"Longtemps n\u00e9glig\u00e9e et faisant jadis l\u2019objet d\u2019entretiens sommaires, la Place Pasteur \u00e9tait dans un mauvais \u00e9tat. L\u2019am\u00e9nagement effectu\u00e9 lui donne un nouveau vis...\" \/>\n<link rel=\"canonical\" href=\"https:\/\/www.webdo.tn\/fr\/actualite\/national\/tunis-la-place-pasteur-fait-peau-neuve-photos\/217102\/\" \/>\n<meta property=\"og:locale\" content=\"fr_FR\" \/>\n<meta property=\"og:type\" content=\"article\" \/>\n<meta property=\"og:title\" content=\"Tunis : La Place Pasteur fait peau neuve (photos)\" \/>\n<meta property=\"og:description\" content=\"Longtemps n\u00e9glig\u00e9e et faisant jadis l\u2019objet d\u2019entretiens sommaires, la Place Pasteur \u00e9tait dans un mauvais \u00e9tat. L\u2019am\u00e9nagement effectu\u00e9 lui donne un nouveau vis...\" \/>\n<meta property=\"og:url\" content=\"https:\/\/www.webdo.tn\/fr\/actualite\/national\/tunis-la-place-pasteur-fait-peau-neuve-photos\/217102\/\" \/>\n<meta property=\"og:site_name\" content=\"webdo\" \/>\n<meta property=\"article:publisher\" content=\"https:\/\/www.facebook.com\/webdotn\" \/>\n<meta property=\"article:published_time\" content=\"2024-10-21T11:42:00+00:00\" \/>\n<meta property=\"article:modified_time\" content=\"2025-05-20T21:47:36+00:00\" \/>\n<meta property=\"og:image\" content=\"https:\/\/www.webdo.tn\/fr\/wp-content\/uploads\/2024\/10\/75d416594b9b6e4b367aa55604e364eb.webp\" \/>\n\t<meta property=\"og:image:width\" content=\"750\" \/>\n\t<meta property=\"og:image:height\" content=\"400\" \/>\n\t<meta property=\"og:image:type\" content=\"image\/webp\" \/>\n<meta name=\"author\" content=\"MC\" \/>\n<meta name=\"twitter:card\" content=\"summary_large_image\" \/>\n<meta name=\"twitter:creator\" content=\"@webdo_tn\" \/>\n<meta name=\"twitter:site\" content=\"@webdo_tn\" \/>\n<meta name=\"twitter:label1\" content=\"\u00c9crit par\" \/>\n\t<meta name=\"twitter:data1\" content=\"MC\" \/>\n\t<meta name=\"twitter:label2\" content=\"Dur\u00e9e de lecture estim\u00e9e\" \/>\n\t<meta name=\"twitter:data2\" content=\"1 minute\" \/>\n<script type=\"application\/ld+json\" class=\"yoast-schema-graph\">{\"@context\":\"https:\\\/\\\/schema.org\",\"@graph\":[{\"@type\":\"NewsArticle\",\"@id\":\"https:\\\/\\\/www.webdo.tn\\\/fr\\\/actualite\\\/national\\\/tunis-la-place-pasteur-fait-peau-neuve-photos\\\/217102\\\/#article\",\"isPartOf\":{\"@id\":\"https:\\\/\\\/www.webdo.tn\\\/fr\\\/actualite\\\/national\\\/tunis-la-place-pasteur-fait-peau-neuve-photos\\\/217102\\\/\"},\"author\":{\"name\":\"MC\",\"@id\":\"https:\\\/\\\/www.webdo.tn\\\/fr\\\/#\\\/schema\\\/person\\\/2c4929cbf5a809e3bd38617c6ce150f6\"},\"headline\":\"Tunis : La Place Pasteur fait peau neuve (photos)\",\"datePublished\":\"2024-10-21T11:42:00+00:00\",\"dateModified\":\"2025-05-20T21:47:36+00:00\",\"mainEntityOfPage\":{\"@id\":\"https:\\\/\\\/www.webdo.tn\\\/fr\\\/actualite\\\/national\\\/tunis-la-place-pasteur-fait-peau-neuve-photos\\\/217102\\\/\"},\"wordCount\":175,\"commentCount\":0,\"publisher\":{\"@id\":\"https:\\\/\\\/www.webdo.tn\\\/fr\\\/#organization\"},\"image\":{\"@id\":\"https:\\\/\\\/www.webdo.tn\\\/fr\\\/actualite\\\/national\\\/tunis-la-place-pasteur-fait-peau-neuve-photos\\\/217102\\\/#primaryimage\"},\"thumbnailUrl\":\"https:\\\/\\\/www.webdo.tn\\\/fr\\\/wp-content\\\/uploads\\\/2024\\\/10\\\/75d416594b9b6e4b367aa55604e364eb.webp\",\"keywords\":[\"place pasteur\",\"R\u00e9am\u00e9nagement\",\"r\u00e9novation\",\"Tunis\"],\"articleSection\":[\"National\"],\"inLanguage\":\"fr-FR\"},{\"@type\":\"WebPage\",\"@id\":\"https:\\\/\\\/www.webdo.tn\\\/fr\\\/actualite\\\/national\\\/tunis-la-place-pasteur-fait-peau-neuve-photos\\\/217102\\\/\",\"url\":\"https:\\\/\\\/www.webdo.tn\\\/fr\\\/actualite\\\/national\\\/tunis-la-place-pasteur-fait-peau-neuve-photos\\\/217102\\\/\",\"name\":\"Tunis : La Place Pasteur fait peau neuve (photos)\",\"isPartOf\":{\"@id\":\"https:\\\/\\\/www.webdo.tn\\\/fr\\\/#website\"},\"primaryImageOfPage\":{\"@id\":\"https:\\\/\\\/www.webdo.tn\\\/fr\\\/actualite\\\/national\\\/tunis-la-place-pasteur-fait-peau-neuve-photos\\\/217102\\\/#primaryimage\"},\"image\":{\"@id\":\"https:\\\/\\\/www.webdo.tn\\\/fr\\\/actualite\\\/national\\\/tunis-la-place-pasteur-fait-peau-neuve-photos\\\/217102\\\/#primaryimage\"},\"thumbnailUrl\":\"https:\\\/\\\/www.webdo.tn\\\/fr\\\/wp-content\\\/uploads\\\/2024\\\/10\\\/75d416594b9b6e4b367aa55604e364eb.webp\",\"datePublished\":\"2024-10-21T11:42:00+00:00\",\"dateModified\":\"2025-05-20T21:47:36+00:00\",\"description\":\"Longtemps n\u00e9glig\u00e9e et faisant jadis l\u2019objet d\u2019entretiens sommaires, la Place Pasteur \u00e9tait dans un mauvais \u00e9tat. L\u2019am\u00e9nagement effectu\u00e9 lui donne un nouveau vis...\",\"breadcrumb\":{\"@id\":\"https:\\\/\\\/www.webdo.tn\\\/fr\\\/actualite\\\/national\\\/tunis-la-place-pasteur-fait-peau-neuve-photos\\\/217102\\\/#breadcrumb\"},\"inLanguage\":\"fr-FR\",\"potentialAction\":[{\"@type\":\"ReadAction\",\"target\":[\"https:\\\/\\\/www.webdo.tn\\\/fr\\\/actualite\\\/national\\\/tunis-la-place-pasteur-fait-peau-neuve-photos\\\/217102\\\/\"]}]},{\"@type\":\"ImageObject\",\"inLanguage\":\"fr-FR\",\"@id\":\"https:\\\/\\\/www.webdo.tn\\\/fr\\\/actualite\\\/national\\\/tunis-la-place-pasteur-fait-peau-neuve-photos\\\/217102\\\/#primaryimage\",\"url\":\"https:\\\/\\\/www.webdo.tn\\\/fr\\\/wp-content\\\/uploads\\\/2024\\\/10\\\/75d416594b9b6e4b367aa55604e364eb.webp\",\"contentUrl\":\"https:\\\/\\\/www.webdo.tn\\\/fr\\\/wp-content\\\/uploads\\\/2024\\\/10\\\/75d416594b9b6e4b367aa55604e364eb.webp\",\"width\":750,\"height\":400,\"caption\":\"Tunis : La Place Pasteur fait peau neuve (photos)\"},{\"@type\":\"BreadcrumbList\",\"@id\":\"https:\\\/\\\/www.webdo.tn\\\/fr\\\/actualite\\\/national\\\/tunis-la-place-pasteur-fait-peau-neuve-photos\\\/217102\\\/#breadcrumb\",\"itemListElement\":[{\"@type\":\"ListItem\",\"position\":1,\"name\":\"Accueil\",\"item\":\"https:\\\/\\\/www.webdo.tn\\\/fr\\\/\"},{\"@type\":\"ListItem\",\"position\":2,\"name\":\"Tunis : La Place Pasteur fait peau neuve (photos)\"}]},{\"@type\":\"WebSite\",\"@id\":\"https:\\\/\\\/www.webdo.tn\\\/fr\\\/#website\",\"url\":\"https:\\\/\\\/www.webdo.tn\\\/fr\\\/\",\"name\":\"webdo\",\"description\":\"Tunisie - News en Tunisie et \u00e0 l&#039;international sur Webdo.tn\",\"publisher\":{\"@id\":\"https:\\\/\\\/www.webdo.tn\\\/fr\\\/#organization\"},\"potentialAction\":[{\"@type\":\"SearchAction\",\"target\":{\"@type\":\"EntryPoint\",\"urlTemplate\":\"https:\\\/\\\/www.webdo.tn\\\/fr\\\/?s={search_term_string}\"},\"query-input\":{\"@type\":\"PropertyValueSpecification\",\"valueRequired\":true,\"valueName\":\"search_term_string\"}}],\"inLanguage\":\"fr-FR\"},{\"@type\":\"Organization\",\"@id\":\"https:\\\/\\\/www.webdo.tn\\\/fr\\\/#organization\",\"name\":\"Webdo\",\"alternateName\":\"Webdo.tn\",\"url\":\"https:\\\/\\\/www.webdo.tn\\\/fr\\\/\",\"logo\":{\"@type\":\"ImageObject\",\"inLanguage\":\"fr-FR\",\"@id\":\"https:\\\/\\\/www.webdo.tn\\\/fr\\\/#\\\/schema\\\/logo\\\/image\\\/\",\"url\":\"https:\\\/\\\/www.webdo.tn\\\/fr\\\/wp-content\\\/uploads\\\/2025\\\/06\\\/Webdo-Tunisie_168377.jpg\",\"contentUrl\":\"https:\\\/\\\/www.webdo.tn\\\/fr\\\/wp-content\\\/uploads\\\/2025\\\/06\\\/Webdo-Tunisie_168377.jpg\",\"width\":301,\"height\":301,\"caption\":\"Webdo\"},\"image\":{\"@id\":\"https:\\\/\\\/www.webdo.tn\\\/fr\\\/#\\\/schema\\\/logo\\\/image\\\/\"},\"sameAs\":[\"https:\\\/\\\/www.facebook.com\\\/webdotn\",\"https:\\\/\\\/x.com\\\/webdo_tn\"],\"description\":\"Webdo est un m\u00e9dia num\u00e9rique tunisien fond\u00e9 en 2010, sp\u00e9cialis\u00e9 dans l\u2019actualit\u00e9 nationale et internationale, l\u2019\u00e9conomie, la soci\u00e9t\u00e9 et les analyses politiques. Le site s\u2019adresse \u00e0 un large public francophone et couvre l\u2019information tunisienne en temps r\u00e9el.\",\"email\":\"redac@webdo.tn\",\"legalName\":\"YNJ SARL\",\"foundingDate\":\"2010-09-06\",\"numberOfEmployees\":{\"@type\":\"QuantitativeValue\",\"minValue\":\"11\",\"maxValue\":\"50\"}},{\"@type\":\"Person\",\"@id\":\"https:\\\/\\\/www.webdo.tn\\\/fr\\\/#\\\/schema\\\/person\\\/2c4929cbf5a809e3bd38617c6ce150f6\",\"name\":\"MC\",\"image\":{\"@type\":\"ImageObject\",\"inLanguage\":\"fr-FR\",\"@id\":\"https:\\\/\\\/secure.gravatar.com\\\/avatar\\\/a545bbb6f84efdd5553dbbc2895e3ca8f1d12c5215e00a041c9670b54aa9b18a?s=96&d=mm&r=g\",\"url\":\"https:\\\/\\\/secure.gravatar.com\\\/avatar\\\/a545bbb6f84efdd5553dbbc2895e3ca8f1d12c5215e00a041c9670b54aa9b18a?s=96&d=mm&r=g\",\"contentUrl\":\"https:\\\/\\\/secure.gravatar.com\\\/avatar\\\/a545bbb6f84efdd5553dbbc2895e3ca8f1d12c5215e00a041c9670b54aa9b18a?s=96&d=mm&r=g\",\"caption\":\"MC\"},\"url\":\"https:\\\/\\\/www.webdo.tn\\\/fr\\\/actualite\\\/author\\\/mc\\\/\"}]}<\/script>\n<!-- \/ Yoast SEO Premium plugin. -->","yoast_head_json":{"title":"Tunis : La Place Pasteur fait peau neuve (photos)","description":"Longtemps n\u00e9glig\u00e9e et faisant jadis l\u2019objet d\u2019entretiens sommaires, la Place Pasteur \u00e9tait dans un mauvais \u00e9tat. L\u2019am\u00e9nagement effectu\u00e9 lui donne un nouveau vis...","canonical":"https:\/\/www.webdo.tn\/fr\/actualite\/national\/tunis-la-place-pasteur-fait-peau-neuve-photos\/217102\/","og_locale":"fr_FR","og_type":"article","og_title":"Tunis : La Place Pasteur fait peau neuve (photos)","og_description":"Longtemps n\u00e9glig\u00e9e et faisant jadis l\u2019objet d\u2019entretiens sommaires, la Place Pasteur \u00e9tait dans un mauvais \u00e9tat. L\u2019am\u00e9nagement effectu\u00e9 lui donne un nouveau vis...","og_url":"https:\/\/www.webdo.tn\/fr\/actualite\/national\/tunis-la-place-pasteur-fait-peau-neuve-photos\/217102\/","og_site_name":"webdo","article_publisher":"https:\/\/www.facebook.com\/webdotn","article_published_time":"2024-10-21T11:42:00+00:00","article_modified_time":"2025-05-20T21:47:36+00:00","og_image":[{"width":750,"height":400,"url":"https:\/\/www.webdo.tn\/fr\/wp-content\/uploads\/2024\/10\/75d416594b9b6e4b367aa55604e364eb.webp","type":"image\/webp"}],"author":"MC","twitter_card":"summary_large_image","twitter_creator":"@webdo_tn","twitter_site":"@webdo_tn","twitter_misc":{"\u00c9crit par":"MC","Dur\u00e9e de lecture estim\u00e9e":"1 minute"},"schema":{"@context":"https:\/\/schema.org","@graph":[{"@type":"NewsArticle","@id":"https:\/\/www.webdo.tn\/fr\/actualite\/national\/tunis-la-place-pasteur-fait-peau-neuve-photos\/217102\/#article","isPartOf":{"@id":"https:\/\/www.webdo.tn\/fr\/actualite\/national\/tunis-la-place-pasteur-fait-peau-neuve-photos\/217102\/"},"author":{"name":"MC","@id":"https:\/\/www.webdo.tn\/fr\/#\/schema\/person\/2c4929cbf5a809e3bd38617c6ce150f6"},"headline":"Tunis : La Place Pasteur fait peau neuve (photos)","datePublished":"2024-10-21T11:42:00+00:00","dateModified":"2025-05-20T21:47:36+00:00","mainEntityOfPage":{"@id":"https:\/\/www.webdo.tn\/fr\/actualite\/national\/tunis-la-place-pasteur-fait-peau-neuve-photos\/217102\/"},"wordCount":175,"commentCount":0,"publisher":{"@id":"https:\/\/www.webdo.tn\/fr\/#organization"},"image":{"@id":"https:\/\/www.webdo.tn\/fr\/actualite\/national\/tunis-la-place-pasteur-fait-peau-neuve-photos\/217102\/#primaryimage"},"thumbnailUrl":"https:\/\/www.webdo.tn\/fr\/wp-content\/uploads\/2024\/10\/75d416594b9b6e4b367aa55604e364eb.webp","keywords":["place pasteur","R\u00e9am\u00e9nagement","r\u00e9novation","Tunis"],"articleSection":["National"],"inLanguage":"fr-FR"},{"@type":"WebPage","@id":"https:\/\/www.webdo.tn\/fr\/actualite\/national\/tunis-la-place-pasteur-fait-peau-neuve-photos\/217102\/","url":"https:\/\/www.webdo.tn\/fr\/actualite\/national\/tunis-la-place-pasteur-fait-peau-neuve-photos\/217102\/","name":"Tunis : La Place Pasteur fait peau neuve (photos)","isPartOf":{"@id":"https:\/\/www.webdo.tn\/fr\/#website"},"primaryImageOfPage":{"@id":"https:\/\/www.webdo.tn\/fr\/actualite\/national\/tunis-la-place-pasteur-fait-peau-neuve-photos\/217102\/#primaryimage"},"image":{"@id":"https:\/\/www.webdo.tn\/fr\/actualite\/national\/tunis-la-place-pasteur-fait-peau-neuve-photos\/217102\/#primaryimage"},"thumbnailUrl":"https:\/\/www.webdo.tn\/fr\/wp-content\/uploads\/2024\/10\/75d416594b9b6e4b367aa55604e364eb.webp","datePublished":"2024-10-21T11:42:00+00:00","dateModified":"2025-05-20T21:47:36+00:00","description":"Longtemps n\u00e9glig\u00e9e et faisant jadis l\u2019objet d\u2019entretiens sommaires, la Place Pasteur \u00e9tait dans un mauvais \u00e9tat. L\u2019am\u00e9nagement effectu\u00e9 lui donne un nouveau vis...","breadcrumb":{"@id":"https:\/\/www.webdo.tn\/fr\/actualite\/national\/tunis-la-place-pasteur-fait-peau-neuve-photos\/217102\/#breadcrumb"},"inLanguage":"fr-FR","potentialAction":[{"@type":"ReadAction","target":["https:\/\/www.webdo.tn\/fr\/actualite\/national\/tunis-la-place-pasteur-fait-peau-neuve-photos\/217102\/"]}]},{"@type":"ImageObject","inLanguage":"fr-FR","@id":"https:\/\/www.webdo.tn\/fr\/actualite\/national\/tunis-la-place-pasteur-fait-peau-neuve-photos\/217102\/#primaryimage","url":"https:\/\/www.webdo.tn\/fr\/wp-content\/uploads\/2024\/10\/75d416594b9b6e4b367aa55604e364eb.webp","contentUrl":"https:\/\/www.webdo.tn\/fr\/wp-content\/uploads\/2024\/10\/75d416594b9b6e4b367aa55604e364eb.webp","width":750,"height":400,"caption":"Tunis : La Place Pasteur fait peau neuve (photos)"},{"@type":"BreadcrumbList","@id":"https:\/\/www.webdo.tn\/fr\/actualite\/national\/tunis-la-place-pasteur-fait-peau-neuve-photos\/217102\/#breadcrumb","itemListElement":[{"@type":"ListItem","position":1,"name":"Accueil","item":"https:\/\/www.webdo.tn\/fr\/"},{"@type":"ListItem","position":2,"name":"Tunis : La Place Pasteur fait peau neuve (photos)"}]},{"@type":"WebSite","@id":"https:\/\/www.webdo.tn\/fr\/#website","url":"https:\/\/www.webdo.tn\/fr\/","name":"webdo","description":"Tunisie - News en Tunisie et \u00e0 l&#039;international sur Webdo.tn","publisher":{"@id":"https:\/\/www.webdo.tn\/fr\/#organization"},"potentialAction":[{"@type":"SearchAction","target":{"@type":"EntryPoint","urlTemplate":"https:\/\/www.webdo.tn\/fr\/?s={search_term_string}"},"query-input":{"@type":"PropertyValueSpecification","valueRequired":true,"valueName":"search_term_string"}}],"inLanguage":"fr-FR"},{"@type":"Organization","@id":"https:\/\/www.webdo.tn\/fr\/#organization","name":"Webdo","alternateName":"Webdo.tn","url":"https:\/\/www.webdo.tn\/fr\/","logo":{"@type":"ImageObject","inLanguage":"fr-FR","@id":"https:\/\/www.webdo.tn\/fr\/#\/schema\/logo\/image\/","url":"https:\/\/www.webdo.tn\/fr\/wp-content\/uploads\/2025\/06\/Webdo-Tunisie_168377.jpg","contentUrl":"https:\/\/www.webdo.tn\/fr\/wp-content\/uploads\/2025\/06\/Webdo-Tunisie_168377.jpg","width":301,"height":301,"caption":"Webdo"},"image":{"@id":"https:\/\/www.webdo.tn\/fr\/#\/schema\/logo\/image\/"},"sameAs":["https:\/\/www.facebook.com\/webdotn","https:\/\/x.com\/webdo_tn"],"description":"Webdo est un m\u00e9dia num\u00e9rique tunisien fond\u00e9 en 2010, sp\u00e9cialis\u00e9 dans l\u2019actualit\u00e9 nationale et internationale, l\u2019\u00e9conomie, la soci\u00e9t\u00e9 et les analyses politiques. Le site s\u2019adresse \u00e0 un large public francophone et couvre l\u2019information tunisienne en temps r\u00e9el.","email":"redac@webdo.tn","legalName":"YNJ SARL","foundingDate":"2010-09-06","numberOfEmployees":{"@type":"QuantitativeValue","minValue":"11","maxValue":"50"}},{"@type":"Person","@id":"https:\/\/www.webdo.tn\/fr\/#\/schema\/person\/2c4929cbf5a809e3bd38617c6ce150f6","name":"MC","image":{"@type":"ImageObject","inLanguage":"fr-FR","@id":"https:\/\/secure.gravatar.com\/avatar\/a545bbb6f84efdd5553dbbc2895e3ca8f1d12c5215e00a041c9670b54aa9b18a?s=96&d=mm&r=g","url":"https:\/\/secure.gravatar.com\/avatar\/a545bbb6f84efdd5553dbbc2895e3ca8f1d12c5215e00a041c9670b54aa9b18a?s=96&d=mm&r=g","contentUrl":"https:\/\/secure.gravatar.com\/avatar\/a545bbb6f84efdd5553dbbc2895e3ca8f1d12c5215e00a041c9670b54aa9b18a?s=96&d=mm&r=g","caption":"MC"},"url":"https:\/\/www.webdo.tn\/fr\/actualite\/author\/mc\/"}]}},"_links":{"self":[{"href":"https:\/\/www.webdo.tn\/fr\/wp-json\/wp\/v2\/posts\/217102","targetHints":{"allow":["GET"]}}],"collection":[{"href":"https:\/\/www.webdo.tn\/fr\/wp-json\/wp\/v2\/posts"}],"about":[{"href":"https:\/\/www.webdo.tn\/fr\/wp-json\/wp\/v2\/types\/post"}],"author":[{"embeddable":true,"href":"https:\/\/www.webdo.tn\/fr\/wp-json\/wp\/v2\/users\/3162"}],"replies":[{"embeddable":true,"href":"https:\/\/www.webdo.tn\/fr\/wp-json\/wp\/v2\/comments?post=217102"}],"version-history":[{"count":0,"href":"https:\/\/www.webdo.tn\/fr\/wp-json\/wp\/v2\/posts\/217102\/revisions"}],"wp:featuredmedia":[{"embeddable":true,"href":"https:\/\/www.webdo.tn\/fr\/wp-json\/wp\/v2\/media\/246297"}],"wp:attachment":[{"href":"https:\/\/www.webdo.tn\/fr\/wp-json\/wp\/v2\/media?parent=217102"}],"wp:term":[{"taxonomy":"category","embeddable":true,"href":"https:\/\/www.webdo.tn\/fr\/wp-json\/wp\/v2\/categories?post=217102"},{"taxonomy":"post_tag","embeddable":true,"href":"https:\/\/www.webdo.tn\/fr\/wp-json\/wp\/v2\/tags?post=217102"}],"curies":[{"name":"wp","href":"https:\/\/api.w.org\/{rel}","templated":true}]}}