{"id":217090,"date":"2024-10-20T11:48:00","date_gmt":"2024-10-20T11:48:00","guid":{"rendered":"https:\/\/www.webdo.tn\/fr\/blog\/tunisie-ouverture-d-une-enquete-contre-le-blogueur-thameur-bdida\/217090\/"},"modified":"2025-05-21T09:02:33","modified_gmt":"2025-05-21T09:02:33","slug":"tunisie-ouverture-d-une-enquete-contre-le-blogueur-thameur-bdida","status":"publish","type":"post","link":"https:\/\/www.webdo.tn\/fr\/actualite\/national\/tunisie-ouverture-d-une-enquete-contre-le-blogueur-thameur-bdida\/217090\/","title":{"rendered":"Tunisie : Ouverture d&rsquo;une enqu\u00eate contre le blogueur Thameur Bdida"},"content":{"rendered":"<p>Le P\u00f4le judiciaire antiterroriste a ouvert une information judiciaire \u00e0 l&rsquo;encontre de Thameur Bdida, un blogueur vivant \u00e0 l&rsquo;\u00e9tranger, pour plusieurs accusations, notamment la \u00ab\u00a0formation d&rsquo;une entente terroriste\u00a0\u00bb et le \u00ab\u00a0complot contre la s\u00fbret\u00e9 de l&rsquo;\u00c9tat\u00a0\u00bb.<\/p>\n<p>Selon Han\u00e8ne Gueddes, porte-parole du P\u00f4le, dans une d\u00e9claration \u00e0 l&rsquo;agence TAP, Bdida aurait incit\u00e9 \u00e0 la d\u00e9sob\u00e9issance et menac\u00e9 de collaborer avec des entit\u00e9s \u00e9trang\u00e8res pour entraver l&rsquo;octroi d&rsquo;aides \u00e0 la Tunisie, cherchant ainsi \u00e0 nuire \u00e0 son \u00e9conomie.<\/p>\n<p>Les charges font suite \u00e0 des vid\u00e9os publi\u00e9es sur les r\u00e9seaux sociaux, jug\u00e9es attentatoires aux institutions de l&rsquo;\u00c9tat. Le parquet a donc ordonn\u00e9 \u00e0 l&rsquo;unit\u00e9 nationale sp\u00e9cialis\u00e9e dans les crimes terroristes d&rsquo;enqu\u00eater sur lui. Un avis de recherche a \u00e9t\u00e9 \u00e9mis pour identifier les administrateurs de plusieurs pages \u00ab\u00a0suspectes\u00a0\u00bb.<\/p>\n<p>Cette d\u00e9marche fait suite \u00e0 l&rsquo;ouverture d&rsquo;une enqu\u00eate le 2 octobre 2024, en r\u00e9action aux publications de Bdida. Un mandat d&rsquo;arr\u00eat international a \u00e9t\u00e9 lanc\u00e9 \u00e0 son encontre et contre d&rsquo;autres personnes impliqu\u00e9es, les investigations se poursuivant pour \u00e9claircir les responsabilit\u00e9s.<\/p>\n","protected":false},"excerpt":{"rendered":"<p>Information judiciaire ouverte contre Thameur Bdida, blogueur r\u00e9sident \u00e0 l&rsquo;\u00e9tranger, pour des accusations de formation d&rsquo;une entente terroriste et complot contr&#8230;<\/p>\n","protected":false},"author":3166,"featured_media":246289,"comment_status":"open","ping_status":"closed","sticky":false,"template":"","format":"standard","meta":{"footnotes":""},"categories":[44],"tags":[5347,5348,3784,5346,4578,2608],"class_list":["post-217090","post","type-post","status-publish","format-standard","has-post-thumbnail","hentry","category-national","tag-antiterroriste","tag-blogueur","tag-complot","tag-surete-de-letat","tag-thameur-bdida","tag-tunisie"],"yoast_head":"<!-- This site is optimized with the Yoast SEO Premium plugin v27.4 (Yoast SEO v27.5) - https:\/\/yoast.com\/product\/yoast-seo-premium-wordpress\/ -->\n<title>Tunisie : Ouverture d&#039;une enqu\u00eate contre le blogueur Thameur Bdida<\/title>\n<meta name=\"description\" content=\"Information judiciaire ouverte contre Thameur Bdida, blogueur r\u00e9sident \u00e0 l&#039;\u00e9tranger, pour des accusations de formation d&#039;une entente terroriste et complot contr...\" \/>\n<link rel=\"canonical\" href=\"https:\/\/www.webdo.tn\/fr\/actualite\/national\/tunisie-ouverture-d-une-enquete-contre-le-blogueur-thameur-bdida\/217090\/\" \/>\n<meta property=\"og:locale\" content=\"fr_FR\" \/>\n<meta property=\"og:type\" content=\"article\" \/>\n<meta property=\"og:title\" content=\"Tunisie : Ouverture d&#039;une enqu\u00eate contre le blogueur Thameur Bdida\" \/>\n<meta property=\"og:description\" content=\"Information judiciaire ouverte contre Thameur Bdida, blogueur r\u00e9sident \u00e0 l&#039;\u00e9tranger, pour des accusations de formation d&#039;une entente terroriste et complot contr...\" \/>\n<meta property=\"og:url\" content=\"https:\/\/www.webdo.tn\/fr\/actualite\/national\/tunisie-ouverture-d-une-enquete-contre-le-blogueur-thameur-bdida\/217090\/\" \/>\n<meta property=\"og:site_name\" content=\"webdo\" \/>\n<meta property=\"article:publisher\" content=\"https:\/\/www.facebook.com\/webdotn\" \/>\n<meta property=\"article:published_time\" content=\"2024-10-20T11:48:00+00:00\" \/>\n<meta property=\"article:modified_time\" content=\"2025-05-21T09:02:33+00:00\" \/>\n<meta property=\"og:image\" content=\"https:\/\/www.webdo.tn\/fr\/wp-content\/uploads\/2024\/10\/495691ad62ba99755b170cf8fea01d9a.webp\" \/>\n\t<meta property=\"og:image:width\" content=\"750\" \/>\n\t<meta property=\"og:image:height\" content=\"400\" \/>\n\t<meta property=\"og:image:type\" content=\"image\/webp\" \/>\n<meta name=\"author\" content=\"AZ\" \/>\n<meta name=\"twitter:card\" content=\"summary_large_image\" \/>\n<meta name=\"twitter:creator\" content=\"@webdo_tn\" \/>\n<meta name=\"twitter:site\" content=\"@webdo_tn\" \/>\n<meta name=\"twitter:label1\" content=\"\u00c9crit par\" \/>\n\t<meta name=\"twitter:data1\" content=\"AZ\" \/>\n\t<meta name=\"twitter:label2\" content=\"Dur\u00e9e de lecture estim\u00e9e\" \/>\n\t<meta name=\"twitter:data2\" content=\"1 minute\" \/>\n<script type=\"application\/ld+json\" class=\"yoast-schema-graph\">{\"@context\":\"https:\\\/\\\/schema.org\",\"@graph\":[{\"@type\":\"NewsArticle\",\"@id\":\"https:\\\/\\\/www.webdo.tn\\\/fr\\\/actualite\\\/national\\\/tunisie-ouverture-d-une-enquete-contre-le-blogueur-thameur-bdida\\\/217090\\\/#article\",\"isPartOf\":{\"@id\":\"https:\\\/\\\/www.webdo.tn\\\/fr\\\/actualite\\\/national\\\/tunisie-ouverture-d-une-enquete-contre-le-blogueur-thameur-bdida\\\/217090\\\/\"},\"author\":{\"name\":\"AZ\",\"@id\":\"https:\\\/\\\/www.webdo.tn\\\/fr\\\/#\\\/schema\\\/person\\\/b8a41c04d93287d375510db360906b34\"},\"headline\":\"Tunisie : Ouverture d&rsquo;une enqu\u00eate contre le blogueur Thameur Bdida\",\"datePublished\":\"2024-10-20T11:48:00+00:00\",\"dateModified\":\"2025-05-21T09:02:33+00:00\",\"mainEntityOfPage\":{\"@id\":\"https:\\\/\\\/www.webdo.tn\\\/fr\\\/actualite\\\/national\\\/tunisie-ouverture-d-une-enquete-contre-le-blogueur-thameur-bdida\\\/217090\\\/\"},\"wordCount\":200,\"commentCount\":0,\"publisher\":{\"@id\":\"https:\\\/\\\/www.webdo.tn\\\/fr\\\/#organization\"},\"image\":{\"@id\":\"https:\\\/\\\/www.webdo.tn\\\/fr\\\/actualite\\\/national\\\/tunisie-ouverture-d-une-enquete-contre-le-blogueur-thameur-bdida\\\/217090\\\/#primaryimage\"},\"thumbnailUrl\":\"https:\\\/\\\/www.webdo.tn\\\/fr\\\/wp-content\\\/uploads\\\/2024\\\/10\\\/495691ad62ba99755b170cf8fea01d9a.webp\",\"keywords\":[\"antiterroriste\",\"blogueur\",\"complot\",\"s\u00fbret\u00e9 de l'\u00e9tat\",\"Thameur Bdida\",\"Tunisie\"],\"articleSection\":[\"National\"],\"inLanguage\":\"fr-FR\"},{\"@type\":\"WebPage\",\"@id\":\"https:\\\/\\\/www.webdo.tn\\\/fr\\\/actualite\\\/national\\\/tunisie-ouverture-d-une-enquete-contre-le-blogueur-thameur-bdida\\\/217090\\\/\",\"url\":\"https:\\\/\\\/www.webdo.tn\\\/fr\\\/actualite\\\/national\\\/tunisie-ouverture-d-une-enquete-contre-le-blogueur-thameur-bdida\\\/217090\\\/\",\"name\":\"Tunisie : Ouverture d'une enqu\u00eate contre le blogueur Thameur Bdida\",\"isPartOf\":{\"@id\":\"https:\\\/\\\/www.webdo.tn\\\/fr\\\/#website\"},\"primaryImageOfPage\":{\"@id\":\"https:\\\/\\\/www.webdo.tn\\\/fr\\\/actualite\\\/national\\\/tunisie-ouverture-d-une-enquete-contre-le-blogueur-thameur-bdida\\\/217090\\\/#primaryimage\"},\"image\":{\"@id\":\"https:\\\/\\\/www.webdo.tn\\\/fr\\\/actualite\\\/national\\\/tunisie-ouverture-d-une-enquete-contre-le-blogueur-thameur-bdida\\\/217090\\\/#primaryimage\"},\"thumbnailUrl\":\"https:\\\/\\\/www.webdo.tn\\\/fr\\\/wp-content\\\/uploads\\\/2024\\\/10\\\/495691ad62ba99755b170cf8fea01d9a.webp\",\"datePublished\":\"2024-10-20T11:48:00+00:00\",\"dateModified\":\"2025-05-21T09:02:33+00:00\",\"description\":\"Information judiciaire ouverte contre Thameur Bdida, blogueur r\u00e9sident \u00e0 l'\u00e9tranger, pour des accusations de formation d'une entente terroriste et complot contr...\",\"breadcrumb\":{\"@id\":\"https:\\\/\\\/www.webdo.tn\\\/fr\\\/actualite\\\/national\\\/tunisie-ouverture-d-une-enquete-contre-le-blogueur-thameur-bdida\\\/217090\\\/#breadcrumb\"},\"inLanguage\":\"fr-FR\",\"potentialAction\":[{\"@type\":\"ReadAction\",\"target\":[\"https:\\\/\\\/www.webdo.tn\\\/fr\\\/actualite\\\/national\\\/tunisie-ouverture-d-une-enquete-contre-le-blogueur-thameur-bdida\\\/217090\\\/\"]}]},{\"@type\":\"ImageObject\",\"inLanguage\":\"fr-FR\",\"@id\":\"https:\\\/\\\/www.webdo.tn\\\/fr\\\/actualite\\\/national\\\/tunisie-ouverture-d-une-enquete-contre-le-blogueur-thameur-bdida\\\/217090\\\/#primaryimage\",\"url\":\"https:\\\/\\\/www.webdo.tn\\\/fr\\\/wp-content\\\/uploads\\\/2024\\\/10\\\/495691ad62ba99755b170cf8fea01d9a.webp\",\"contentUrl\":\"https:\\\/\\\/www.webdo.tn\\\/fr\\\/wp-content\\\/uploads\\\/2024\\\/10\\\/495691ad62ba99755b170cf8fea01d9a.webp\",\"width\":750,\"height\":400,\"caption\":\"Tunisie : Ouverture d'une enqu\u00eate contre le blogueur Thameur Bdida\"},{\"@type\":\"BreadcrumbList\",\"@id\":\"https:\\\/\\\/www.webdo.tn\\\/fr\\\/actualite\\\/national\\\/tunisie-ouverture-d-une-enquete-contre-le-blogueur-thameur-bdida\\\/217090\\\/#breadcrumb\",\"itemListElement\":[{\"@type\":\"ListItem\",\"position\":1,\"name\":\"Accueil\",\"item\":\"https:\\\/\\\/www.webdo.tn\\\/fr\\\/\"},{\"@type\":\"ListItem\",\"position\":2,\"name\":\"Tunisie : Ouverture d&#8217;une enqu\u00eate contre le blogueur Thameur Bdida\"}]},{\"@type\":\"WebSite\",\"@id\":\"https:\\\/\\\/www.webdo.tn\\\/fr\\\/#website\",\"url\":\"https:\\\/\\\/www.webdo.tn\\\/fr\\\/\",\"name\":\"webdo\",\"description\":\"Tunisie - News en Tunisie et \u00e0 l&#039;international sur Webdo.tn\",\"publisher\":{\"@id\":\"https:\\\/\\\/www.webdo.tn\\\/fr\\\/#organization\"},\"potentialAction\":[{\"@type\":\"SearchAction\",\"target\":{\"@type\":\"EntryPoint\",\"urlTemplate\":\"https:\\\/\\\/www.webdo.tn\\\/fr\\\/?s={search_term_string}\"},\"query-input\":{\"@type\":\"PropertyValueSpecification\",\"valueRequired\":true,\"valueName\":\"search_term_string\"}}],\"inLanguage\":\"fr-FR\"},{\"@type\":\"Organization\",\"@id\":\"https:\\\/\\\/www.webdo.tn\\\/fr\\\/#organization\",\"name\":\"Webdo\",\"alternateName\":\"Webdo.tn\",\"url\":\"https:\\\/\\\/www.webdo.tn\\\/fr\\\/\",\"logo\":{\"@type\":\"ImageObject\",\"inLanguage\":\"fr-FR\",\"@id\":\"https:\\\/\\\/www.webdo.tn\\\/fr\\\/#\\\/schema\\\/logo\\\/image\\\/\",\"url\":\"https:\\\/\\\/www.webdo.tn\\\/fr\\\/wp-content\\\/uploads\\\/2025\\\/06\\\/Webdo-Tunisie_168377.jpg\",\"contentUrl\":\"https:\\\/\\\/www.webdo.tn\\\/fr\\\/wp-content\\\/uploads\\\/2025\\\/06\\\/Webdo-Tunisie_168377.jpg\",\"width\":301,\"height\":301,\"caption\":\"Webdo\"},\"image\":{\"@id\":\"https:\\\/\\\/www.webdo.tn\\\/fr\\\/#\\\/schema\\\/logo\\\/image\\\/\"},\"sameAs\":[\"https:\\\/\\\/www.facebook.com\\\/webdotn\",\"https:\\\/\\\/x.com\\\/webdo_tn\"],\"description\":\"Webdo est un m\u00e9dia num\u00e9rique tunisien fond\u00e9 en 2010, sp\u00e9cialis\u00e9 dans l\u2019actualit\u00e9 nationale et internationale, l\u2019\u00e9conomie, la soci\u00e9t\u00e9 et les analyses politiques. Le site s\u2019adresse \u00e0 un large public francophone et couvre l\u2019information tunisienne en temps r\u00e9el.\",\"email\":\"redac@webdo.tn\",\"legalName\":\"YNJ SARL\",\"foundingDate\":\"2010-09-06\",\"numberOfEmployees\":{\"@type\":\"QuantitativeValue\",\"minValue\":\"11\",\"maxValue\":\"50\"}},{\"@type\":\"Person\",\"@id\":\"https:\\\/\\\/www.webdo.tn\\\/fr\\\/#\\\/schema\\\/person\\\/b8a41c04d93287d375510db360906b34\",\"name\":\"AZ\",\"image\":{\"@type\":\"ImageObject\",\"inLanguage\":\"fr-FR\",\"@id\":\"https:\\\/\\\/secure.gravatar.com\\\/avatar\\\/492b80bada79439de4201dce15cd41eece6c277cfdf1b53382073c79105c1f89?s=96&d=mm&r=g\",\"url\":\"https:\\\/\\\/secure.gravatar.com\\\/avatar\\\/492b80bada79439de4201dce15cd41eece6c277cfdf1b53382073c79105c1f89?s=96&d=mm&r=g\",\"contentUrl\":\"https:\\\/\\\/secure.gravatar.com\\\/avatar\\\/492b80bada79439de4201dce15cd41eece6c277cfdf1b53382073c79105c1f89?s=96&d=mm&r=g\",\"caption\":\"AZ\"},\"url\":\"https:\\\/\\\/www.webdo.tn\\\/fr\\\/actualite\\\/author\\\/az\\\/\"}]}<\/script>\n<!-- \/ Yoast SEO Premium plugin. -->","yoast_head_json":{"title":"Tunisie : Ouverture d'une enqu\u00eate contre le blogueur Thameur Bdida","description":"Information judiciaire ouverte contre Thameur Bdida, blogueur r\u00e9sident \u00e0 l'\u00e9tranger, pour des accusations de formation d'une entente terroriste et complot contr...","canonical":"https:\/\/www.webdo.tn\/fr\/actualite\/national\/tunisie-ouverture-d-une-enquete-contre-le-blogueur-thameur-bdida\/217090\/","og_locale":"fr_FR","og_type":"article","og_title":"Tunisie : Ouverture d'une enqu\u00eate contre le blogueur Thameur Bdida","og_description":"Information judiciaire ouverte contre Thameur Bdida, blogueur r\u00e9sident \u00e0 l'\u00e9tranger, pour des accusations de formation d'une entente terroriste et complot contr...","og_url":"https:\/\/www.webdo.tn\/fr\/actualite\/national\/tunisie-ouverture-d-une-enquete-contre-le-blogueur-thameur-bdida\/217090\/","og_site_name":"webdo","article_publisher":"https:\/\/www.facebook.com\/webdotn","article_published_time":"2024-10-20T11:48:00+00:00","article_modified_time":"2025-05-21T09:02:33+00:00","og_image":[{"width":750,"height":400,"url":"https:\/\/www.webdo.tn\/fr\/wp-content\/uploads\/2024\/10\/495691ad62ba99755b170cf8fea01d9a.webp","type":"image\/webp"}],"author":"AZ","twitter_card":"summary_large_image","twitter_creator":"@webdo_tn","twitter_site":"@webdo_tn","twitter_misc":{"\u00c9crit par":"AZ","Dur\u00e9e de lecture estim\u00e9e":"1 minute"},"schema":{"@context":"https:\/\/schema.org","@graph":[{"@type":"NewsArticle","@id":"https:\/\/www.webdo.tn\/fr\/actualite\/national\/tunisie-ouverture-d-une-enquete-contre-le-blogueur-thameur-bdida\/217090\/#article","isPartOf":{"@id":"https:\/\/www.webdo.tn\/fr\/actualite\/national\/tunisie-ouverture-d-une-enquete-contre-le-blogueur-thameur-bdida\/217090\/"},"author":{"name":"AZ","@id":"https:\/\/www.webdo.tn\/fr\/#\/schema\/person\/b8a41c04d93287d375510db360906b34"},"headline":"Tunisie : Ouverture d&rsquo;une enqu\u00eate contre le blogueur Thameur Bdida","datePublished":"2024-10-20T11:48:00+00:00","dateModified":"2025-05-21T09:02:33+00:00","mainEntityOfPage":{"@id":"https:\/\/www.webdo.tn\/fr\/actualite\/national\/tunisie-ouverture-d-une-enquete-contre-le-blogueur-thameur-bdida\/217090\/"},"wordCount":200,"commentCount":0,"publisher":{"@id":"https:\/\/www.webdo.tn\/fr\/#organization"},"image":{"@id":"https:\/\/www.webdo.tn\/fr\/actualite\/national\/tunisie-ouverture-d-une-enquete-contre-le-blogueur-thameur-bdida\/217090\/#primaryimage"},"thumbnailUrl":"https:\/\/www.webdo.tn\/fr\/wp-content\/uploads\/2024\/10\/495691ad62ba99755b170cf8fea01d9a.webp","keywords":["antiterroriste","blogueur","complot","s\u00fbret\u00e9 de l'\u00e9tat","Thameur Bdida","Tunisie"],"articleSection":["National"],"inLanguage":"fr-FR"},{"@type":"WebPage","@id":"https:\/\/www.webdo.tn\/fr\/actualite\/national\/tunisie-ouverture-d-une-enquete-contre-le-blogueur-thameur-bdida\/217090\/","url":"https:\/\/www.webdo.tn\/fr\/actualite\/national\/tunisie-ouverture-d-une-enquete-contre-le-blogueur-thameur-bdida\/217090\/","name":"Tunisie : Ouverture d'une enqu\u00eate contre le blogueur Thameur Bdida","isPartOf":{"@id":"https:\/\/www.webdo.tn\/fr\/#website"},"primaryImageOfPage":{"@id":"https:\/\/www.webdo.tn\/fr\/actualite\/national\/tunisie-ouverture-d-une-enquete-contre-le-blogueur-thameur-bdida\/217090\/#primaryimage"},"image":{"@id":"https:\/\/www.webdo.tn\/fr\/actualite\/national\/tunisie-ouverture-d-une-enquete-contre-le-blogueur-thameur-bdida\/217090\/#primaryimage"},"thumbnailUrl":"https:\/\/www.webdo.tn\/fr\/wp-content\/uploads\/2024\/10\/495691ad62ba99755b170cf8fea01d9a.webp","datePublished":"2024-10-20T11:48:00+00:00","dateModified":"2025-05-21T09:02:33+00:00","description":"Information judiciaire ouverte contre Thameur Bdida, blogueur r\u00e9sident \u00e0 l'\u00e9tranger, pour des accusations de formation d'une entente terroriste et complot contr...","breadcrumb":{"@id":"https:\/\/www.webdo.tn\/fr\/actualite\/national\/tunisie-ouverture-d-une-enquete-contre-le-blogueur-thameur-bdida\/217090\/#breadcrumb"},"inLanguage":"fr-FR","potentialAction":[{"@type":"ReadAction","target":["https:\/\/www.webdo.tn\/fr\/actualite\/national\/tunisie-ouverture-d-une-enquete-contre-le-blogueur-thameur-bdida\/217090\/"]}]},{"@type":"ImageObject","inLanguage":"fr-FR","@id":"https:\/\/www.webdo.tn\/fr\/actualite\/national\/tunisie-ouverture-d-une-enquete-contre-le-blogueur-thameur-bdida\/217090\/#primaryimage","url":"https:\/\/www.webdo.tn\/fr\/wp-content\/uploads\/2024\/10\/495691ad62ba99755b170cf8fea01d9a.webp","contentUrl":"https:\/\/www.webdo.tn\/fr\/wp-content\/uploads\/2024\/10\/495691ad62ba99755b170cf8fea01d9a.webp","width":750,"height":400,"caption":"Tunisie : Ouverture d'une enqu\u00eate contre le blogueur Thameur Bdida"},{"@type":"BreadcrumbList","@id":"https:\/\/www.webdo.tn\/fr\/actualite\/national\/tunisie-ouverture-d-une-enquete-contre-le-blogueur-thameur-bdida\/217090\/#breadcrumb","itemListElement":[{"@type":"ListItem","position":1,"name":"Accueil","item":"https:\/\/www.webdo.tn\/fr\/"},{"@type":"ListItem","position":2,"name":"Tunisie : Ouverture d&#8217;une enqu\u00eate contre le blogueur Thameur Bdida"}]},{"@type":"WebSite","@id":"https:\/\/www.webdo.tn\/fr\/#website","url":"https:\/\/www.webdo.tn\/fr\/","name":"webdo","description":"Tunisie - News en Tunisie et \u00e0 l&#039;international sur Webdo.tn","publisher":{"@id":"https:\/\/www.webdo.tn\/fr\/#organization"},"potentialAction":[{"@type":"SearchAction","target":{"@type":"EntryPoint","urlTemplate":"https:\/\/www.webdo.tn\/fr\/?s={search_term_string}"},"query-input":{"@type":"PropertyValueSpecification","valueRequired":true,"valueName":"search_term_string"}}],"inLanguage":"fr-FR"},{"@type":"Organization","@id":"https:\/\/www.webdo.tn\/fr\/#organization","name":"Webdo","alternateName":"Webdo.tn","url":"https:\/\/www.webdo.tn\/fr\/","logo":{"@type":"ImageObject","inLanguage":"fr-FR","@id":"https:\/\/www.webdo.tn\/fr\/#\/schema\/logo\/image\/","url":"https:\/\/www.webdo.tn\/fr\/wp-content\/uploads\/2025\/06\/Webdo-Tunisie_168377.jpg","contentUrl":"https:\/\/www.webdo.tn\/fr\/wp-content\/uploads\/2025\/06\/Webdo-Tunisie_168377.jpg","width":301,"height":301,"caption":"Webdo"},"image":{"@id":"https:\/\/www.webdo.tn\/fr\/#\/schema\/logo\/image\/"},"sameAs":["https:\/\/www.facebook.com\/webdotn","https:\/\/x.com\/webdo_tn"],"description":"Webdo est un m\u00e9dia num\u00e9rique tunisien fond\u00e9 en 2010, sp\u00e9cialis\u00e9 dans l\u2019actualit\u00e9 nationale et internationale, l\u2019\u00e9conomie, la soci\u00e9t\u00e9 et les analyses politiques. Le site s\u2019adresse \u00e0 un large public francophone et couvre l\u2019information tunisienne en temps r\u00e9el.","email":"redac@webdo.tn","legalName":"YNJ SARL","foundingDate":"2010-09-06","numberOfEmployees":{"@type":"QuantitativeValue","minValue":"11","maxValue":"50"}},{"@type":"Person","@id":"https:\/\/www.webdo.tn\/fr\/#\/schema\/person\/b8a41c04d93287d375510db360906b34","name":"AZ","image":{"@type":"ImageObject","inLanguage":"fr-FR","@id":"https:\/\/secure.gravatar.com\/avatar\/492b80bada79439de4201dce15cd41eece6c277cfdf1b53382073c79105c1f89?s=96&d=mm&r=g","url":"https:\/\/secure.gravatar.com\/avatar\/492b80bada79439de4201dce15cd41eece6c277cfdf1b53382073c79105c1f89?s=96&d=mm&r=g","contentUrl":"https:\/\/secure.gravatar.com\/avatar\/492b80bada79439de4201dce15cd41eece6c277cfdf1b53382073c79105c1f89?s=96&d=mm&r=g","caption":"AZ"},"url":"https:\/\/www.webdo.tn\/fr\/actualite\/author\/az\/"}]}},"_links":{"self":[{"href":"https:\/\/www.webdo.tn\/fr\/wp-json\/wp\/v2\/posts\/217090","targetHints":{"allow":["GET"]}}],"collection":[{"href":"https:\/\/www.webdo.tn\/fr\/wp-json\/wp\/v2\/posts"}],"about":[{"href":"https:\/\/www.webdo.tn\/fr\/wp-json\/wp\/v2\/types\/post"}],"author":[{"embeddable":true,"href":"https:\/\/www.webdo.tn\/fr\/wp-json\/wp\/v2\/users\/3166"}],"replies":[{"embeddable":true,"href":"https:\/\/www.webdo.tn\/fr\/wp-json\/wp\/v2\/comments?post=217090"}],"version-history":[{"count":0,"href":"https:\/\/www.webdo.tn\/fr\/wp-json\/wp\/v2\/posts\/217090\/revisions"}],"wp:featuredmedia":[{"embeddable":true,"href":"https:\/\/www.webdo.tn\/fr\/wp-json\/wp\/v2\/media\/246289"}],"wp:attachment":[{"href":"https:\/\/www.webdo.tn\/fr\/wp-json\/wp\/v2\/media?parent=217090"}],"wp:term":[{"taxonomy":"category","embeddable":true,"href":"https:\/\/www.webdo.tn\/fr\/wp-json\/wp\/v2\/categories?post=217090"},{"taxonomy":"post_tag","embeddable":true,"href":"https:\/\/www.webdo.tn\/fr\/wp-json\/wp\/v2\/tags?post=217090"}],"curies":[{"name":"wp","href":"https:\/\/api.w.org\/{rel}","templated":true}]}}