{"id":217084,"date":"2024-10-19T12:18:00","date_gmt":"2024-10-19T12:18:00","guid":{"rendered":"https:\/\/www.webdo.tn\/fr\/blog\/salve-de-roquettes-sur-israel\/217084\/"},"modified":"2025-05-20T21:47:33","modified_gmt":"2025-05-20T21:47:33","slug":"salve-de-roquettes-sur-israel","status":"publish","type":"post","link":"https:\/\/www.webdo.tn\/fr\/actualite\/international\/salve-de-roquettes-sur-israel\/217084\/","title":{"rendered":"Salve de roquettes sur Isra\u00ebl, la r\u00e9sidence de Netanyahou vis\u00e9e"},"content":{"rendered":"<p>Le Hezbollah  a annonc\u00e9 samedi avoir lanc\u00e9 une salve de roquettes sur la r\u00e9gion de Ha\u00effa dans le nord d&rsquo;Isra\u00ebl, en r\u00e9ponse aux \u00ab\u00a0agressions\u00a0\u00bb isra\u00e9liennes sur le Liban.<\/p>\n<p>\t\t\t\t\t\t\t\t\tDans un communiqu\u00e9, la formation libanaise a pr\u00e9cis\u00e9 avoir \u00ab\u00a0lanc\u00e9 une salve de roquettes\u00a0\u00bb sur une zone situ\u00e9e au nord de Ha\u00effa. Selon l&rsquo;arm\u00e9e isra\u00e9lienne, le nord d&rsquo;Isra\u00ebl a \u00e9t\u00e9 la cible de projectiles lanc\u00e9s depuis le Liban samedi matin et les sir\u00e8nes d&rsquo;alertes ont \u00e9t\u00e9 activ\u00e9es dans plusieurs villes.<\/p>\n<p>Les m\u00e9dias h\u00e9breux ont \u00e9galement annonc\u00e9 aujourd&rsquo;hui, samedi 19 octobre 2024, que des explosions ont retenti \u00e0 C\u00e9sar\u00e9e et au Mont Carmel apr\u00e8s que trois drones lanc\u00e9s depuis le Liban ont p\u00e9n\u00e9tr\u00e9 les zones de Glilot, C\u00e9sar\u00e9e, la Galil\u00e9e occidentale et la baie de Ha\u00effa.<\/p>\n<p>La r\u00e9sidence de Benjamin Netanyahou vis\u00e9e<\/p>\n<p>Un communiqu\u00e9 de l&rsquo;arm\u00e9e isra\u00e9lienne a d\u00e9clar\u00e9 que \u00ab\u00a0des sir\u00e8nes d&rsquo;alarme ont retenti dans des bases militaires \u00e0 Glilot, au nord de Tel Aviv, apr\u00e8s l&rsquo;infiltration d&rsquo;un drone depuis le Liban\u00a0\u00bb.<\/p>\n<p>Il a ajout\u00e9 : \u00ab\u00a0Nous avons observ\u00e9 le passage de trois drones en provenance du Liban, dont deux ont \u00e9t\u00e9 intercept\u00e9s, tandis que le troisi\u00e8me s&rsquo;est \u00e9cras\u00e9 sur un b\u00e2timent \u00e0 C\u00e9sar\u00e9e.\u00a0\u00bb<\/p>\n<p>Des sources ont indiqu\u00e9 que des informations faisaient \u00e9tat de l&rsquo;attaque d&rsquo;un drone pi\u00e9g\u00e9 contre la r\u00e9sidence du Premier ministre de l&rsquo;entit\u00e9 sioniste, Benjamin Netanyahou, \u00e0 C\u00e9sar\u00e9e, qui est situ\u00e9e sur le littoral.<\/p>\n","protected":false},"excerpt":{"rendered":"<p>Le Hezbollah  a annonc\u00e9 samedi avoir lanc\u00e9 une salve de roquettes sur la r\u00e9gion de Ha\u00effa dans le nord d&rsquo;Isra\u00ebl, en r\u00e9ponse aux  agressions  isra\u00e9liennes sur le&#8230;<\/p>\n","protected":false},"author":3162,"featured_media":246285,"comment_status":"open","ping_status":"closed","sticky":false,"template":"","format":"standard","meta":{"footnotes":""},"categories":[2598],"tags":[5336,5302,2636,3920,5335],"class_list":["post-217084","post","type-post","status-publish","format-standard","has-post-thumbnail","hentry","category-international","tag-benjamin-netanyahou","tag-hezbollah","tag-israel","tag-liban","tag-roquesttes"],"yoast_head":"<!-- This site is optimized with the Yoast SEO Premium plugin v27.5 (Yoast SEO v27.5) - https:\/\/yoast.com\/product\/yoast-seo-premium-wordpress\/ -->\n<title>Salve de roquettes sur Isra\u00ebl, la r\u00e9sidence de Netanyahou vis\u00e9e<\/title>\n<meta name=\"description\" content=\"Le Hezbollah a annonc\u00e9 samedi avoir lanc\u00e9 une salve de roquettes sur la r\u00e9gion de Ha\u00effa dans le nord d&#039;Isra\u00ebl, en r\u00e9ponse aux agressions isra\u00e9liennes sur le...\" \/>\n<link rel=\"canonical\" href=\"https:\/\/www.webdo.tn\/fr\/actualite\/international\/salve-de-roquettes-sur-israel\/217084\/\" \/>\n<meta property=\"og:locale\" content=\"fr_FR\" \/>\n<meta property=\"og:type\" content=\"article\" \/>\n<meta property=\"og:title\" content=\"Salve de roquettes sur Isra\u00ebl, la r\u00e9sidence de Netanyahou vis\u00e9e\" \/>\n<meta property=\"og:description\" content=\"Le Hezbollah a annonc\u00e9 samedi avoir lanc\u00e9 une salve de roquettes sur la r\u00e9gion de Ha\u00effa dans le nord d&#039;Isra\u00ebl, en r\u00e9ponse aux agressions isra\u00e9liennes sur le...\" \/>\n<meta property=\"og:url\" content=\"https:\/\/www.webdo.tn\/fr\/actualite\/international\/salve-de-roquettes-sur-israel\/217084\/\" \/>\n<meta property=\"og:site_name\" content=\"webdo\" \/>\n<meta property=\"article:publisher\" content=\"https:\/\/www.facebook.com\/webdotn\" \/>\n<meta property=\"article:published_time\" content=\"2024-10-19T12:18:00+00:00\" \/>\n<meta property=\"article:modified_time\" content=\"2025-05-20T21:47:33+00:00\" \/>\n<meta property=\"og:image\" content=\"https:\/\/www.webdo.tn\/fr\/wp-content\/uploads\/2024\/10\/8d8a071aa547862f66929245cf89349e.webp\" \/>\n\t<meta property=\"og:image:width\" content=\"750\" \/>\n\t<meta property=\"og:image:height\" content=\"400\" \/>\n\t<meta property=\"og:image:type\" content=\"image\/webp\" \/>\n<meta name=\"author\" content=\"MC\" \/>\n<meta name=\"twitter:card\" content=\"summary_large_image\" \/>\n<meta name=\"twitter:creator\" content=\"@webdo_tn\" \/>\n<meta name=\"twitter:site\" content=\"@webdo_tn\" \/>\n<meta name=\"twitter:label1\" content=\"\u00c9crit par\" \/>\n\t<meta name=\"twitter:data1\" content=\"MC\" \/>\n\t<meta name=\"twitter:label2\" content=\"Dur\u00e9e de lecture estim\u00e9e\" \/>\n\t<meta name=\"twitter:data2\" content=\"1 minute\" \/>\n<script type=\"application\/ld+json\" class=\"yoast-schema-graph\">{\"@context\":\"https:\\\/\\\/schema.org\",\"@graph\":[{\"@type\":\"NewsArticle\",\"@id\":\"https:\\\/\\\/www.webdo.tn\\\/fr\\\/actualite\\\/international\\\/salve-de-roquettes-sur-israel\\\/217084\\\/#article\",\"isPartOf\":{\"@id\":\"https:\\\/\\\/www.webdo.tn\\\/fr\\\/actualite\\\/international\\\/salve-de-roquettes-sur-israel\\\/217084\\\/\"},\"author\":{\"name\":\"MC\",\"@id\":\"https:\\\/\\\/www.webdo.tn\\\/fr\\\/#\\\/schema\\\/person\\\/2c4929cbf5a809e3bd38617c6ce150f6\"},\"headline\":\"Salve de roquettes sur Isra\u00ebl, la r\u00e9sidence de Netanyahou vis\u00e9e\",\"datePublished\":\"2024-10-19T12:18:00+00:00\",\"dateModified\":\"2025-05-20T21:47:33+00:00\",\"mainEntityOfPage\":{\"@id\":\"https:\\\/\\\/www.webdo.tn\\\/fr\\\/actualite\\\/international\\\/salve-de-roquettes-sur-israel\\\/217084\\\/\"},\"wordCount\":287,\"commentCount\":0,\"publisher\":{\"@id\":\"https:\\\/\\\/www.webdo.tn\\\/fr\\\/#organization\"},\"image\":{\"@id\":\"https:\\\/\\\/www.webdo.tn\\\/fr\\\/actualite\\\/international\\\/salve-de-roquettes-sur-israel\\\/217084\\\/#primaryimage\"},\"thumbnailUrl\":\"https:\\\/\\\/www.webdo.tn\\\/fr\\\/wp-content\\\/uploads\\\/2024\\\/10\\\/8d8a071aa547862f66929245cf89349e.webp\",\"keywords\":[\"Benjamin Netanyahou\",\"Hezbollah\",\"isra\u00ebl\",\"liban\",\"roquesttes\"],\"articleSection\":[\"International\"],\"inLanguage\":\"fr-FR\"},{\"@type\":\"WebPage\",\"@id\":\"https:\\\/\\\/www.webdo.tn\\\/fr\\\/actualite\\\/international\\\/salve-de-roquettes-sur-israel\\\/217084\\\/\",\"url\":\"https:\\\/\\\/www.webdo.tn\\\/fr\\\/actualite\\\/international\\\/salve-de-roquettes-sur-israel\\\/217084\\\/\",\"name\":\"Salve de roquettes sur Isra\u00ebl, la r\u00e9sidence de Netanyahou vis\u00e9e\",\"isPartOf\":{\"@id\":\"https:\\\/\\\/www.webdo.tn\\\/fr\\\/#website\"},\"primaryImageOfPage\":{\"@id\":\"https:\\\/\\\/www.webdo.tn\\\/fr\\\/actualite\\\/international\\\/salve-de-roquettes-sur-israel\\\/217084\\\/#primaryimage\"},\"image\":{\"@id\":\"https:\\\/\\\/www.webdo.tn\\\/fr\\\/actualite\\\/international\\\/salve-de-roquettes-sur-israel\\\/217084\\\/#primaryimage\"},\"thumbnailUrl\":\"https:\\\/\\\/www.webdo.tn\\\/fr\\\/wp-content\\\/uploads\\\/2024\\\/10\\\/8d8a071aa547862f66929245cf89349e.webp\",\"datePublished\":\"2024-10-19T12:18:00+00:00\",\"dateModified\":\"2025-05-20T21:47:33+00:00\",\"description\":\"Le Hezbollah a annonc\u00e9 samedi avoir lanc\u00e9 une salve de roquettes sur la r\u00e9gion de Ha\u00effa dans le nord d'Isra\u00ebl, en r\u00e9ponse aux agressions isra\u00e9liennes sur le...\",\"breadcrumb\":{\"@id\":\"https:\\\/\\\/www.webdo.tn\\\/fr\\\/actualite\\\/international\\\/salve-de-roquettes-sur-israel\\\/217084\\\/#breadcrumb\"},\"inLanguage\":\"fr-FR\",\"potentialAction\":[{\"@type\":\"ReadAction\",\"target\":[\"https:\\\/\\\/www.webdo.tn\\\/fr\\\/actualite\\\/international\\\/salve-de-roquettes-sur-israel\\\/217084\\\/\"]}]},{\"@type\":\"ImageObject\",\"inLanguage\":\"fr-FR\",\"@id\":\"https:\\\/\\\/www.webdo.tn\\\/fr\\\/actualite\\\/international\\\/salve-de-roquettes-sur-israel\\\/217084\\\/#primaryimage\",\"url\":\"https:\\\/\\\/www.webdo.tn\\\/fr\\\/wp-content\\\/uploads\\\/2024\\\/10\\\/8d8a071aa547862f66929245cf89349e.webp\",\"contentUrl\":\"https:\\\/\\\/www.webdo.tn\\\/fr\\\/wp-content\\\/uploads\\\/2024\\\/10\\\/8d8a071aa547862f66929245cf89349e.webp\",\"width\":750,\"height\":400,\"caption\":\"Salve de roquettes sur Isra\u00ebl, la r\u00e9sidence de Netanyahou vis\u00e9e\"},{\"@type\":\"BreadcrumbList\",\"@id\":\"https:\\\/\\\/www.webdo.tn\\\/fr\\\/actualite\\\/international\\\/salve-de-roquettes-sur-israel\\\/217084\\\/#breadcrumb\",\"itemListElement\":[{\"@type\":\"ListItem\",\"position\":1,\"name\":\"Accueil\",\"item\":\"https:\\\/\\\/www.webdo.tn\\\/fr\\\/\"},{\"@type\":\"ListItem\",\"position\":2,\"name\":\"Salve de roquettes sur Isra\u00ebl, la r\u00e9sidence de Netanyahou vis\u00e9e\"}]},{\"@type\":\"WebSite\",\"@id\":\"https:\\\/\\\/www.webdo.tn\\\/fr\\\/#website\",\"url\":\"https:\\\/\\\/www.webdo.tn\\\/fr\\\/\",\"name\":\"webdo\",\"description\":\"Tunisie - News en Tunisie et \u00e0 l&#039;international sur Webdo.tn\",\"publisher\":{\"@id\":\"https:\\\/\\\/www.webdo.tn\\\/fr\\\/#organization\"},\"potentialAction\":[{\"@type\":\"SearchAction\",\"target\":{\"@type\":\"EntryPoint\",\"urlTemplate\":\"https:\\\/\\\/www.webdo.tn\\\/fr\\\/?s={search_term_string}\"},\"query-input\":{\"@type\":\"PropertyValueSpecification\",\"valueRequired\":true,\"valueName\":\"search_term_string\"}}],\"inLanguage\":\"fr-FR\"},{\"@type\":\"Organization\",\"@id\":\"https:\\\/\\\/www.webdo.tn\\\/fr\\\/#organization\",\"name\":\"Webdo\",\"alternateName\":\"Webdo.tn\",\"url\":\"https:\\\/\\\/www.webdo.tn\\\/fr\\\/\",\"logo\":{\"@type\":\"ImageObject\",\"inLanguage\":\"fr-FR\",\"@id\":\"https:\\\/\\\/www.webdo.tn\\\/fr\\\/#\\\/schema\\\/logo\\\/image\\\/\",\"url\":\"https:\\\/\\\/www.webdo.tn\\\/fr\\\/wp-content\\\/uploads\\\/2025\\\/06\\\/Webdo-Tunisie_168377.jpg\",\"contentUrl\":\"https:\\\/\\\/www.webdo.tn\\\/fr\\\/wp-content\\\/uploads\\\/2025\\\/06\\\/Webdo-Tunisie_168377.jpg\",\"width\":301,\"height\":301,\"caption\":\"Webdo\"},\"image\":{\"@id\":\"https:\\\/\\\/www.webdo.tn\\\/fr\\\/#\\\/schema\\\/logo\\\/image\\\/\"},\"sameAs\":[\"https:\\\/\\\/www.facebook.com\\\/webdotn\",\"https:\\\/\\\/x.com\\\/webdo_tn\"],\"description\":\"Webdo est un m\u00e9dia num\u00e9rique tunisien fond\u00e9 en 2010, sp\u00e9cialis\u00e9 dans l\u2019actualit\u00e9 nationale et internationale, l\u2019\u00e9conomie, la soci\u00e9t\u00e9 et les analyses politiques. Le site s\u2019adresse \u00e0 un large public francophone et couvre l\u2019information tunisienne en temps r\u00e9el.\",\"email\":\"redac@webdo.tn\",\"legalName\":\"YNJ SARL\",\"foundingDate\":\"2010-09-06\",\"numberOfEmployees\":{\"@type\":\"QuantitativeValue\",\"minValue\":\"11\",\"maxValue\":\"50\"}},{\"@type\":\"Person\",\"@id\":\"https:\\\/\\\/www.webdo.tn\\\/fr\\\/#\\\/schema\\\/person\\\/2c4929cbf5a809e3bd38617c6ce150f6\",\"name\":\"MC\",\"image\":{\"@type\":\"ImageObject\",\"inLanguage\":\"fr-FR\",\"@id\":\"https:\\\/\\\/secure.gravatar.com\\\/avatar\\\/a545bbb6f84efdd5553dbbc2895e3ca8f1d12c5215e00a041c9670b54aa9b18a?s=96&d=mm&r=g\",\"url\":\"https:\\\/\\\/secure.gravatar.com\\\/avatar\\\/a545bbb6f84efdd5553dbbc2895e3ca8f1d12c5215e00a041c9670b54aa9b18a?s=96&d=mm&r=g\",\"contentUrl\":\"https:\\\/\\\/secure.gravatar.com\\\/avatar\\\/a545bbb6f84efdd5553dbbc2895e3ca8f1d12c5215e00a041c9670b54aa9b18a?s=96&d=mm&r=g\",\"caption\":\"MC\"},\"url\":\"https:\\\/\\\/www.webdo.tn\\\/fr\\\/actualite\\\/author\\\/mc\\\/\"}]}<\/script>\n<!-- \/ Yoast SEO Premium plugin. -->","yoast_head_json":{"title":"Salve de roquettes sur Isra\u00ebl, la r\u00e9sidence de Netanyahou vis\u00e9e","description":"Le Hezbollah a annonc\u00e9 samedi avoir lanc\u00e9 une salve de roquettes sur la r\u00e9gion de Ha\u00effa dans le nord d'Isra\u00ebl, en r\u00e9ponse aux agressions isra\u00e9liennes sur le...","canonical":"https:\/\/www.webdo.tn\/fr\/actualite\/international\/salve-de-roquettes-sur-israel\/217084\/","og_locale":"fr_FR","og_type":"article","og_title":"Salve de roquettes sur Isra\u00ebl, la r\u00e9sidence de Netanyahou vis\u00e9e","og_description":"Le Hezbollah a annonc\u00e9 samedi avoir lanc\u00e9 une salve de roquettes sur la r\u00e9gion de Ha\u00effa dans le nord d'Isra\u00ebl, en r\u00e9ponse aux agressions isra\u00e9liennes sur le...","og_url":"https:\/\/www.webdo.tn\/fr\/actualite\/international\/salve-de-roquettes-sur-israel\/217084\/","og_site_name":"webdo","article_publisher":"https:\/\/www.facebook.com\/webdotn","article_published_time":"2024-10-19T12:18:00+00:00","article_modified_time":"2025-05-20T21:47:33+00:00","og_image":[{"width":750,"height":400,"url":"https:\/\/www.webdo.tn\/fr\/wp-content\/uploads\/2024\/10\/8d8a071aa547862f66929245cf89349e.webp","type":"image\/webp"}],"author":"MC","twitter_card":"summary_large_image","twitter_creator":"@webdo_tn","twitter_site":"@webdo_tn","twitter_misc":{"\u00c9crit par":"MC","Dur\u00e9e de lecture estim\u00e9e":"1 minute"},"schema":{"@context":"https:\/\/schema.org","@graph":[{"@type":"NewsArticle","@id":"https:\/\/www.webdo.tn\/fr\/actualite\/international\/salve-de-roquettes-sur-israel\/217084\/#article","isPartOf":{"@id":"https:\/\/www.webdo.tn\/fr\/actualite\/international\/salve-de-roquettes-sur-israel\/217084\/"},"author":{"name":"MC","@id":"https:\/\/www.webdo.tn\/fr\/#\/schema\/person\/2c4929cbf5a809e3bd38617c6ce150f6"},"headline":"Salve de roquettes sur Isra\u00ebl, la r\u00e9sidence de Netanyahou vis\u00e9e","datePublished":"2024-10-19T12:18:00+00:00","dateModified":"2025-05-20T21:47:33+00:00","mainEntityOfPage":{"@id":"https:\/\/www.webdo.tn\/fr\/actualite\/international\/salve-de-roquettes-sur-israel\/217084\/"},"wordCount":287,"commentCount":0,"publisher":{"@id":"https:\/\/www.webdo.tn\/fr\/#organization"},"image":{"@id":"https:\/\/www.webdo.tn\/fr\/actualite\/international\/salve-de-roquettes-sur-israel\/217084\/#primaryimage"},"thumbnailUrl":"https:\/\/www.webdo.tn\/fr\/wp-content\/uploads\/2024\/10\/8d8a071aa547862f66929245cf89349e.webp","keywords":["Benjamin Netanyahou","Hezbollah","isra\u00ebl","liban","roquesttes"],"articleSection":["International"],"inLanguage":"fr-FR"},{"@type":"WebPage","@id":"https:\/\/www.webdo.tn\/fr\/actualite\/international\/salve-de-roquettes-sur-israel\/217084\/","url":"https:\/\/www.webdo.tn\/fr\/actualite\/international\/salve-de-roquettes-sur-israel\/217084\/","name":"Salve de roquettes sur Isra\u00ebl, la r\u00e9sidence de Netanyahou vis\u00e9e","isPartOf":{"@id":"https:\/\/www.webdo.tn\/fr\/#website"},"primaryImageOfPage":{"@id":"https:\/\/www.webdo.tn\/fr\/actualite\/international\/salve-de-roquettes-sur-israel\/217084\/#primaryimage"},"image":{"@id":"https:\/\/www.webdo.tn\/fr\/actualite\/international\/salve-de-roquettes-sur-israel\/217084\/#primaryimage"},"thumbnailUrl":"https:\/\/www.webdo.tn\/fr\/wp-content\/uploads\/2024\/10\/8d8a071aa547862f66929245cf89349e.webp","datePublished":"2024-10-19T12:18:00+00:00","dateModified":"2025-05-20T21:47:33+00:00","description":"Le Hezbollah a annonc\u00e9 samedi avoir lanc\u00e9 une salve de roquettes sur la r\u00e9gion de Ha\u00effa dans le nord d'Isra\u00ebl, en r\u00e9ponse aux agressions isra\u00e9liennes sur le...","breadcrumb":{"@id":"https:\/\/www.webdo.tn\/fr\/actualite\/international\/salve-de-roquettes-sur-israel\/217084\/#breadcrumb"},"inLanguage":"fr-FR","potentialAction":[{"@type":"ReadAction","target":["https:\/\/www.webdo.tn\/fr\/actualite\/international\/salve-de-roquettes-sur-israel\/217084\/"]}]},{"@type":"ImageObject","inLanguage":"fr-FR","@id":"https:\/\/www.webdo.tn\/fr\/actualite\/international\/salve-de-roquettes-sur-israel\/217084\/#primaryimage","url":"https:\/\/www.webdo.tn\/fr\/wp-content\/uploads\/2024\/10\/8d8a071aa547862f66929245cf89349e.webp","contentUrl":"https:\/\/www.webdo.tn\/fr\/wp-content\/uploads\/2024\/10\/8d8a071aa547862f66929245cf89349e.webp","width":750,"height":400,"caption":"Salve de roquettes sur Isra\u00ebl, la r\u00e9sidence de Netanyahou vis\u00e9e"},{"@type":"BreadcrumbList","@id":"https:\/\/www.webdo.tn\/fr\/actualite\/international\/salve-de-roquettes-sur-israel\/217084\/#breadcrumb","itemListElement":[{"@type":"ListItem","position":1,"name":"Accueil","item":"https:\/\/www.webdo.tn\/fr\/"},{"@type":"ListItem","position":2,"name":"Salve de roquettes sur Isra\u00ebl, la r\u00e9sidence de Netanyahou vis\u00e9e"}]},{"@type":"WebSite","@id":"https:\/\/www.webdo.tn\/fr\/#website","url":"https:\/\/www.webdo.tn\/fr\/","name":"webdo","description":"Tunisie - News en Tunisie et \u00e0 l&#039;international sur Webdo.tn","publisher":{"@id":"https:\/\/www.webdo.tn\/fr\/#organization"},"potentialAction":[{"@type":"SearchAction","target":{"@type":"EntryPoint","urlTemplate":"https:\/\/www.webdo.tn\/fr\/?s={search_term_string}"},"query-input":{"@type":"PropertyValueSpecification","valueRequired":true,"valueName":"search_term_string"}}],"inLanguage":"fr-FR"},{"@type":"Organization","@id":"https:\/\/www.webdo.tn\/fr\/#organization","name":"Webdo","alternateName":"Webdo.tn","url":"https:\/\/www.webdo.tn\/fr\/","logo":{"@type":"ImageObject","inLanguage":"fr-FR","@id":"https:\/\/www.webdo.tn\/fr\/#\/schema\/logo\/image\/","url":"https:\/\/www.webdo.tn\/fr\/wp-content\/uploads\/2025\/06\/Webdo-Tunisie_168377.jpg","contentUrl":"https:\/\/www.webdo.tn\/fr\/wp-content\/uploads\/2025\/06\/Webdo-Tunisie_168377.jpg","width":301,"height":301,"caption":"Webdo"},"image":{"@id":"https:\/\/www.webdo.tn\/fr\/#\/schema\/logo\/image\/"},"sameAs":["https:\/\/www.facebook.com\/webdotn","https:\/\/x.com\/webdo_tn"],"description":"Webdo est un m\u00e9dia num\u00e9rique tunisien fond\u00e9 en 2010, sp\u00e9cialis\u00e9 dans l\u2019actualit\u00e9 nationale et internationale, l\u2019\u00e9conomie, la soci\u00e9t\u00e9 et les analyses politiques. Le site s\u2019adresse \u00e0 un large public francophone et couvre l\u2019information tunisienne en temps r\u00e9el.","email":"redac@webdo.tn","legalName":"YNJ SARL","foundingDate":"2010-09-06","numberOfEmployees":{"@type":"QuantitativeValue","minValue":"11","maxValue":"50"}},{"@type":"Person","@id":"https:\/\/www.webdo.tn\/fr\/#\/schema\/person\/2c4929cbf5a809e3bd38617c6ce150f6","name":"MC","image":{"@type":"ImageObject","inLanguage":"fr-FR","@id":"https:\/\/secure.gravatar.com\/avatar\/a545bbb6f84efdd5553dbbc2895e3ca8f1d12c5215e00a041c9670b54aa9b18a?s=96&d=mm&r=g","url":"https:\/\/secure.gravatar.com\/avatar\/a545bbb6f84efdd5553dbbc2895e3ca8f1d12c5215e00a041c9670b54aa9b18a?s=96&d=mm&r=g","contentUrl":"https:\/\/secure.gravatar.com\/avatar\/a545bbb6f84efdd5553dbbc2895e3ca8f1d12c5215e00a041c9670b54aa9b18a?s=96&d=mm&r=g","caption":"MC"},"url":"https:\/\/www.webdo.tn\/fr\/actualite\/author\/mc\/"}]}},"_links":{"self":[{"href":"https:\/\/www.webdo.tn\/fr\/wp-json\/wp\/v2\/posts\/217084","targetHints":{"allow":["GET"]}}],"collection":[{"href":"https:\/\/www.webdo.tn\/fr\/wp-json\/wp\/v2\/posts"}],"about":[{"href":"https:\/\/www.webdo.tn\/fr\/wp-json\/wp\/v2\/types\/post"}],"author":[{"embeddable":true,"href":"https:\/\/www.webdo.tn\/fr\/wp-json\/wp\/v2\/users\/3162"}],"replies":[{"embeddable":true,"href":"https:\/\/www.webdo.tn\/fr\/wp-json\/wp\/v2\/comments?post=217084"}],"version-history":[{"count":0,"href":"https:\/\/www.webdo.tn\/fr\/wp-json\/wp\/v2\/posts\/217084\/revisions"}],"wp:featuredmedia":[{"embeddable":true,"href":"https:\/\/www.webdo.tn\/fr\/wp-json\/wp\/v2\/media\/246285"}],"wp:attachment":[{"href":"https:\/\/www.webdo.tn\/fr\/wp-json\/wp\/v2\/media?parent=217084"}],"wp:term":[{"taxonomy":"category","embeddable":true,"href":"https:\/\/www.webdo.tn\/fr\/wp-json\/wp\/v2\/categories?post=217084"},{"taxonomy":"post_tag","embeddable":true,"href":"https:\/\/www.webdo.tn\/fr\/wp-json\/wp\/v2\/tags?post=217084"}],"curies":[{"name":"wp","href":"https:\/\/api.w.org\/{rel}","templated":true}]}}