{"id":217059,"date":"2024-10-18T14:04:00","date_gmt":"2024-10-18T14:04:00","guid":{"rendered":"https:\/\/www.webdo.tn\/fr\/blog\/la-mort-de-yahya-sinouar-confirmee-par-le-hamas\/217059\/"},"modified":"2025-05-20T21:47:39","modified_gmt":"2025-05-20T21:47:39","slug":"la-mort-de-yahya-sinouar-confirmee-par-le-hamas","status":"publish","type":"post","link":"https:\/\/www.webdo.tn\/fr\/actualite\/international\/la-mort-de-yahya-sinouar-confirmee-par-le-hamas\/217059\/","title":{"rendered":"La mort de Yahya Sinouar confirm\u00e9e par le Hamas"},"content":{"rendered":"<p>Le mouvement de r\u00e9sistance palestinien Hamas a confirm\u00e9, ce vendredi 18 octobre 2024, la mort de son leader Yahya Sinouar.<\/p>\n<p>\t\t\t\t\t\t\t\t\tAu lendemain de l&rsquo;annonce faite par Isra\u00ebl selon laquelle le leader du Hamas Yahya Sinouar a \u00e9t\u00e9 tu\u00e9 dans la bande de Gaza par les forces d\u2019occupation sionistes, le Hamas a annonc\u00e9 la perte de son chef.<\/p>\n<p>\u00ab\u00a0Nous pleurons la mort du grand chef, le fr\u00e8re martyr, Yahya Sinouar, Abou Ibrahim\u00a0\u00bb, a d\u00e9clar\u00e9 Khalil al-Hayya, un responsable du Hamas bas\u00e9 au Qatar, dans une vid\u00e9o diffus\u00e9e sur la cha\u00eene Al Jazeera.<\/p>\n<p>Hier, l&rsquo;arm\u00e9e isra\u00e9lienne avait annonc\u00e9 avoir assassin\u00e9 Yahya Sinwar ainsi que deux autres membres du Hamas lors d&rsquo;une op\u00e9ration men\u00e9e dans la bande de Gaza.<\/p>\n<p>N\u00e9 en 1962 \u00e0 Khan Youn\u00e8s, Yahya Sinwar a pass\u00e9 plus de vingt ans dans les prisons isra\u00e9liennes avant d&rsquo;\u00eatre lib\u00e9r\u00e9 en 2011 dans le cadre d&rsquo;un \u00e9change avec Isra\u00ebl. Depuis 2017, il dirigeait le Hamas dans la bande de Gaza et avait r\u00e9cemment pris la t\u00eate du bureau politique du mouvement, apr\u00e8s la mort d&rsquo;Isma\u00efl Haniyeh, assassin\u00e9 \u00e0 T\u00e9h\u00e9ran le 31 juillet dernier.<\/p>\n","protected":false},"excerpt":{"rendered":"<p>Au lendemain de l&rsquo;annonce faite par Isra\u00ebl selon laquelle le leader du Hamas Yahya Sinouar a \u00e9t\u00e9 tu\u00e9 dans la bande de Gaza par les forces d\u2019occupation sionistes&#8230;<\/p>\n","protected":false},"author":3162,"featured_media":246304,"comment_status":"open","ping_status":"closed","sticky":false,"template":"","format":"standard","meta":{"footnotes":""},"categories":[2598],"tags":[2689,3349,2636,2688,5365],"class_list":["post-217059","post","type-post","status-publish","format-standard","has-post-thumbnail","hentry","category-international","tag-gaza","tag-hamas","tag-israel","tag-palestine","tag-yahya-sinwar"],"yoast_head":"<!-- This site is optimized with the Yoast SEO Premium plugin v27.4 (Yoast SEO v27.4) - https:\/\/yoast.com\/product\/yoast-seo-premium-wordpress\/ -->\n<title>La mort de Yahya Sinouar confirm\u00e9e par le Hamas<\/title>\n<meta name=\"description\" content=\"Au lendemain de l&#039;annonce faite par Isra\u00ebl selon laquelle le leader du Hamas Yahya Sinouar a \u00e9t\u00e9 tu\u00e9 dans la bande de Gaza par les forces d\u2019occupation sionistes...\" \/>\n<link rel=\"canonical\" href=\"https:\/\/www.webdo.tn\/fr\/actualite\/international\/la-mort-de-yahya-sinouar-confirmee-par-le-hamas\/217059\/\" \/>\n<meta property=\"og:locale\" content=\"fr_FR\" \/>\n<meta property=\"og:type\" content=\"article\" \/>\n<meta property=\"og:title\" content=\"La mort de Yahya Sinouar confirm\u00e9e par le Hamas\" \/>\n<meta property=\"og:description\" content=\"Au lendemain de l&#039;annonce faite par Isra\u00ebl selon laquelle le leader du Hamas Yahya Sinouar a \u00e9t\u00e9 tu\u00e9 dans la bande de Gaza par les forces d\u2019occupation sionistes...\" \/>\n<meta property=\"og:url\" content=\"https:\/\/www.webdo.tn\/fr\/actualite\/international\/la-mort-de-yahya-sinouar-confirmee-par-le-hamas\/217059\/\" \/>\n<meta property=\"og:site_name\" content=\"webdo\" \/>\n<meta property=\"article:publisher\" content=\"https:\/\/www.facebook.com\/webdotn\" \/>\n<meta property=\"article:published_time\" content=\"2024-10-18T14:04:00+00:00\" \/>\n<meta property=\"article:modified_time\" content=\"2025-05-20T21:47:39+00:00\" \/>\n<meta property=\"og:image\" content=\"https:\/\/www.webdo.tn\/fr\/wp-content\/uploads\/2024\/10\/bf50757c0cec942a2252af6e1249a2dd.webp\" \/>\n\t<meta property=\"og:image:width\" content=\"750\" \/>\n\t<meta property=\"og:image:height\" content=\"400\" \/>\n\t<meta property=\"og:image:type\" content=\"image\/webp\" \/>\n<meta name=\"author\" content=\"MC\" \/>\n<meta name=\"twitter:card\" content=\"summary_large_image\" \/>\n<meta name=\"twitter:creator\" content=\"@webdo_tn\" \/>\n<meta name=\"twitter:site\" content=\"@webdo_tn\" \/>\n<meta name=\"twitter:label1\" content=\"\u00c9crit par\" \/>\n\t<meta name=\"twitter:data1\" content=\"MC\" \/>\n\t<meta name=\"twitter:label2\" content=\"Dur\u00e9e de lecture estim\u00e9e\" \/>\n\t<meta name=\"twitter:data2\" content=\"1 minute\" \/>\n<script type=\"application\/ld+json\" class=\"yoast-schema-graph\">{\"@context\":\"https:\\\/\\\/schema.org\",\"@graph\":[{\"@type\":\"NewsArticle\",\"@id\":\"https:\\\/\\\/www.webdo.tn\\\/fr\\\/actualite\\\/international\\\/la-mort-de-yahya-sinouar-confirmee-par-le-hamas\\\/217059\\\/#article\",\"isPartOf\":{\"@id\":\"https:\\\/\\\/www.webdo.tn\\\/fr\\\/actualite\\\/international\\\/la-mort-de-yahya-sinouar-confirmee-par-le-hamas\\\/217059\\\/\"},\"author\":{\"name\":\"MC\",\"@id\":\"https:\\\/\\\/www.webdo.tn\\\/fr\\\/#\\\/schema\\\/person\\\/2c4929cbf5a809e3bd38617c6ce150f6\"},\"headline\":\"La mort de Yahya Sinouar confirm\u00e9e par le Hamas\",\"datePublished\":\"2024-10-18T14:04:00+00:00\",\"dateModified\":\"2025-05-20T21:47:39+00:00\",\"mainEntityOfPage\":{\"@id\":\"https:\\\/\\\/www.webdo.tn\\\/fr\\\/actualite\\\/international\\\/la-mort-de-yahya-sinouar-confirmee-par-le-hamas\\\/217059\\\/\"},\"wordCount\":210,\"commentCount\":0,\"publisher\":{\"@id\":\"https:\\\/\\\/www.webdo.tn\\\/fr\\\/#organization\"},\"image\":{\"@id\":\"https:\\\/\\\/www.webdo.tn\\\/fr\\\/actualite\\\/international\\\/la-mort-de-yahya-sinouar-confirmee-par-le-hamas\\\/217059\\\/#primaryimage\"},\"thumbnailUrl\":\"https:\\\/\\\/www.webdo.tn\\\/fr\\\/wp-content\\\/uploads\\\/2024\\\/10\\\/bf50757c0cec942a2252af6e1249a2dd.webp\",\"keywords\":[\"Gaza\",\"hamas\",\"isra\u00ebl\",\"Palestine\",\"Yahya Sinwar\"],\"articleSection\":[\"International\"],\"inLanguage\":\"fr-FR\"},{\"@type\":\"WebPage\",\"@id\":\"https:\\\/\\\/www.webdo.tn\\\/fr\\\/actualite\\\/international\\\/la-mort-de-yahya-sinouar-confirmee-par-le-hamas\\\/217059\\\/\",\"url\":\"https:\\\/\\\/www.webdo.tn\\\/fr\\\/actualite\\\/international\\\/la-mort-de-yahya-sinouar-confirmee-par-le-hamas\\\/217059\\\/\",\"name\":\"La mort de Yahya Sinouar confirm\u00e9e par le Hamas\",\"isPartOf\":{\"@id\":\"https:\\\/\\\/www.webdo.tn\\\/fr\\\/#website\"},\"primaryImageOfPage\":{\"@id\":\"https:\\\/\\\/www.webdo.tn\\\/fr\\\/actualite\\\/international\\\/la-mort-de-yahya-sinouar-confirmee-par-le-hamas\\\/217059\\\/#primaryimage\"},\"image\":{\"@id\":\"https:\\\/\\\/www.webdo.tn\\\/fr\\\/actualite\\\/international\\\/la-mort-de-yahya-sinouar-confirmee-par-le-hamas\\\/217059\\\/#primaryimage\"},\"thumbnailUrl\":\"https:\\\/\\\/www.webdo.tn\\\/fr\\\/wp-content\\\/uploads\\\/2024\\\/10\\\/bf50757c0cec942a2252af6e1249a2dd.webp\",\"datePublished\":\"2024-10-18T14:04:00+00:00\",\"dateModified\":\"2025-05-20T21:47:39+00:00\",\"description\":\"Au lendemain de l'annonce faite par Isra\u00ebl selon laquelle le leader du Hamas Yahya Sinouar a \u00e9t\u00e9 tu\u00e9 dans la bande de Gaza par les forces d\u2019occupation sionistes...\",\"breadcrumb\":{\"@id\":\"https:\\\/\\\/www.webdo.tn\\\/fr\\\/actualite\\\/international\\\/la-mort-de-yahya-sinouar-confirmee-par-le-hamas\\\/217059\\\/#breadcrumb\"},\"inLanguage\":\"fr-FR\",\"potentialAction\":[{\"@type\":\"ReadAction\",\"target\":[\"https:\\\/\\\/www.webdo.tn\\\/fr\\\/actualite\\\/international\\\/la-mort-de-yahya-sinouar-confirmee-par-le-hamas\\\/217059\\\/\"]}]},{\"@type\":\"ImageObject\",\"inLanguage\":\"fr-FR\",\"@id\":\"https:\\\/\\\/www.webdo.tn\\\/fr\\\/actualite\\\/international\\\/la-mort-de-yahya-sinouar-confirmee-par-le-hamas\\\/217059\\\/#primaryimage\",\"url\":\"https:\\\/\\\/www.webdo.tn\\\/fr\\\/wp-content\\\/uploads\\\/2024\\\/10\\\/bf50757c0cec942a2252af6e1249a2dd.webp\",\"contentUrl\":\"https:\\\/\\\/www.webdo.tn\\\/fr\\\/wp-content\\\/uploads\\\/2024\\\/10\\\/bf50757c0cec942a2252af6e1249a2dd.webp\",\"width\":750,\"height\":400,\"caption\":\"La mort de Yahya Sinouar confirm\u00e9e par le Hamas\"},{\"@type\":\"BreadcrumbList\",\"@id\":\"https:\\\/\\\/www.webdo.tn\\\/fr\\\/actualite\\\/international\\\/la-mort-de-yahya-sinouar-confirmee-par-le-hamas\\\/217059\\\/#breadcrumb\",\"itemListElement\":[{\"@type\":\"ListItem\",\"position\":1,\"name\":\"Accueil\",\"item\":\"https:\\\/\\\/www.webdo.tn\\\/fr\\\/\"},{\"@type\":\"ListItem\",\"position\":2,\"name\":\"La mort de Yahya Sinouar confirm\u00e9e par le Hamas\"}]},{\"@type\":\"WebSite\",\"@id\":\"https:\\\/\\\/www.webdo.tn\\\/fr\\\/#website\",\"url\":\"https:\\\/\\\/www.webdo.tn\\\/fr\\\/\",\"name\":\"webdo\",\"description\":\"Tunisie - News en Tunisie et \u00e0 l&#039;international sur Webdo.tn\",\"publisher\":{\"@id\":\"https:\\\/\\\/www.webdo.tn\\\/fr\\\/#organization\"},\"potentialAction\":[{\"@type\":\"SearchAction\",\"target\":{\"@type\":\"EntryPoint\",\"urlTemplate\":\"https:\\\/\\\/www.webdo.tn\\\/fr\\\/?s={search_term_string}\"},\"query-input\":{\"@type\":\"PropertyValueSpecification\",\"valueRequired\":true,\"valueName\":\"search_term_string\"}}],\"inLanguage\":\"fr-FR\"},{\"@type\":\"Organization\",\"@id\":\"https:\\\/\\\/www.webdo.tn\\\/fr\\\/#organization\",\"name\":\"Webdo\",\"alternateName\":\"Webdo.tn\",\"url\":\"https:\\\/\\\/www.webdo.tn\\\/fr\\\/\",\"logo\":{\"@type\":\"ImageObject\",\"inLanguage\":\"fr-FR\",\"@id\":\"https:\\\/\\\/www.webdo.tn\\\/fr\\\/#\\\/schema\\\/logo\\\/image\\\/\",\"url\":\"https:\\\/\\\/www.webdo.tn\\\/fr\\\/wp-content\\\/uploads\\\/2025\\\/06\\\/Webdo-Tunisie_168377.jpg\",\"contentUrl\":\"https:\\\/\\\/www.webdo.tn\\\/fr\\\/wp-content\\\/uploads\\\/2025\\\/06\\\/Webdo-Tunisie_168377.jpg\",\"width\":301,\"height\":301,\"caption\":\"Webdo\"},\"image\":{\"@id\":\"https:\\\/\\\/www.webdo.tn\\\/fr\\\/#\\\/schema\\\/logo\\\/image\\\/\"},\"sameAs\":[\"https:\\\/\\\/www.facebook.com\\\/webdotn\",\"https:\\\/\\\/x.com\\\/webdo_tn\"],\"description\":\"Webdo est un m\u00e9dia num\u00e9rique tunisien fond\u00e9 en 2010, sp\u00e9cialis\u00e9 dans l\u2019actualit\u00e9 nationale et internationale, l\u2019\u00e9conomie, la soci\u00e9t\u00e9 et les analyses politiques. Le site s\u2019adresse \u00e0 un large public francophone et couvre l\u2019information tunisienne en temps r\u00e9el.\",\"email\":\"redac@webdo.tn\",\"legalName\":\"YNJ SARL\",\"foundingDate\":\"2010-09-06\",\"numberOfEmployees\":{\"@type\":\"QuantitativeValue\",\"minValue\":\"11\",\"maxValue\":\"50\"}},{\"@type\":\"Person\",\"@id\":\"https:\\\/\\\/www.webdo.tn\\\/fr\\\/#\\\/schema\\\/person\\\/2c4929cbf5a809e3bd38617c6ce150f6\",\"name\":\"MC\",\"image\":{\"@type\":\"ImageObject\",\"inLanguage\":\"fr-FR\",\"@id\":\"https:\\\/\\\/secure.gravatar.com\\\/avatar\\\/a545bbb6f84efdd5553dbbc2895e3ca8f1d12c5215e00a041c9670b54aa9b18a?s=96&d=mm&r=g\",\"url\":\"https:\\\/\\\/secure.gravatar.com\\\/avatar\\\/a545bbb6f84efdd5553dbbc2895e3ca8f1d12c5215e00a041c9670b54aa9b18a?s=96&d=mm&r=g\",\"contentUrl\":\"https:\\\/\\\/secure.gravatar.com\\\/avatar\\\/a545bbb6f84efdd5553dbbc2895e3ca8f1d12c5215e00a041c9670b54aa9b18a?s=96&d=mm&r=g\",\"caption\":\"MC\"},\"url\":\"https:\\\/\\\/www.webdo.tn\\\/fr\\\/actualite\\\/author\\\/mc\\\/\"}]}<\/script>\n<!-- \/ Yoast SEO Premium plugin. -->","yoast_head_json":{"title":"La mort de Yahya Sinouar confirm\u00e9e par le Hamas","description":"Au lendemain de l'annonce faite par Isra\u00ebl selon laquelle le leader du Hamas Yahya Sinouar a \u00e9t\u00e9 tu\u00e9 dans la bande de Gaza par les forces d\u2019occupation sionistes...","canonical":"https:\/\/www.webdo.tn\/fr\/actualite\/international\/la-mort-de-yahya-sinouar-confirmee-par-le-hamas\/217059\/","og_locale":"fr_FR","og_type":"article","og_title":"La mort de Yahya Sinouar confirm\u00e9e par le Hamas","og_description":"Au lendemain de l'annonce faite par Isra\u00ebl selon laquelle le leader du Hamas Yahya Sinouar a \u00e9t\u00e9 tu\u00e9 dans la bande de Gaza par les forces d\u2019occupation sionistes...","og_url":"https:\/\/www.webdo.tn\/fr\/actualite\/international\/la-mort-de-yahya-sinouar-confirmee-par-le-hamas\/217059\/","og_site_name":"webdo","article_publisher":"https:\/\/www.facebook.com\/webdotn","article_published_time":"2024-10-18T14:04:00+00:00","article_modified_time":"2025-05-20T21:47:39+00:00","og_image":[{"width":750,"height":400,"url":"https:\/\/www.webdo.tn\/fr\/wp-content\/uploads\/2024\/10\/bf50757c0cec942a2252af6e1249a2dd.webp","type":"image\/webp"}],"author":"MC","twitter_card":"summary_large_image","twitter_creator":"@webdo_tn","twitter_site":"@webdo_tn","twitter_misc":{"\u00c9crit par":"MC","Dur\u00e9e de lecture estim\u00e9e":"1 minute"},"schema":{"@context":"https:\/\/schema.org","@graph":[{"@type":"NewsArticle","@id":"https:\/\/www.webdo.tn\/fr\/actualite\/international\/la-mort-de-yahya-sinouar-confirmee-par-le-hamas\/217059\/#article","isPartOf":{"@id":"https:\/\/www.webdo.tn\/fr\/actualite\/international\/la-mort-de-yahya-sinouar-confirmee-par-le-hamas\/217059\/"},"author":{"name":"MC","@id":"https:\/\/www.webdo.tn\/fr\/#\/schema\/person\/2c4929cbf5a809e3bd38617c6ce150f6"},"headline":"La mort de Yahya Sinouar confirm\u00e9e par le Hamas","datePublished":"2024-10-18T14:04:00+00:00","dateModified":"2025-05-20T21:47:39+00:00","mainEntityOfPage":{"@id":"https:\/\/www.webdo.tn\/fr\/actualite\/international\/la-mort-de-yahya-sinouar-confirmee-par-le-hamas\/217059\/"},"wordCount":210,"commentCount":0,"publisher":{"@id":"https:\/\/www.webdo.tn\/fr\/#organization"},"image":{"@id":"https:\/\/www.webdo.tn\/fr\/actualite\/international\/la-mort-de-yahya-sinouar-confirmee-par-le-hamas\/217059\/#primaryimage"},"thumbnailUrl":"https:\/\/www.webdo.tn\/fr\/wp-content\/uploads\/2024\/10\/bf50757c0cec942a2252af6e1249a2dd.webp","keywords":["Gaza","hamas","isra\u00ebl","Palestine","Yahya Sinwar"],"articleSection":["International"],"inLanguage":"fr-FR"},{"@type":"WebPage","@id":"https:\/\/www.webdo.tn\/fr\/actualite\/international\/la-mort-de-yahya-sinouar-confirmee-par-le-hamas\/217059\/","url":"https:\/\/www.webdo.tn\/fr\/actualite\/international\/la-mort-de-yahya-sinouar-confirmee-par-le-hamas\/217059\/","name":"La mort de Yahya Sinouar confirm\u00e9e par le Hamas","isPartOf":{"@id":"https:\/\/www.webdo.tn\/fr\/#website"},"primaryImageOfPage":{"@id":"https:\/\/www.webdo.tn\/fr\/actualite\/international\/la-mort-de-yahya-sinouar-confirmee-par-le-hamas\/217059\/#primaryimage"},"image":{"@id":"https:\/\/www.webdo.tn\/fr\/actualite\/international\/la-mort-de-yahya-sinouar-confirmee-par-le-hamas\/217059\/#primaryimage"},"thumbnailUrl":"https:\/\/www.webdo.tn\/fr\/wp-content\/uploads\/2024\/10\/bf50757c0cec942a2252af6e1249a2dd.webp","datePublished":"2024-10-18T14:04:00+00:00","dateModified":"2025-05-20T21:47:39+00:00","description":"Au lendemain de l'annonce faite par Isra\u00ebl selon laquelle le leader du Hamas Yahya Sinouar a \u00e9t\u00e9 tu\u00e9 dans la bande de Gaza par les forces d\u2019occupation sionistes...","breadcrumb":{"@id":"https:\/\/www.webdo.tn\/fr\/actualite\/international\/la-mort-de-yahya-sinouar-confirmee-par-le-hamas\/217059\/#breadcrumb"},"inLanguage":"fr-FR","potentialAction":[{"@type":"ReadAction","target":["https:\/\/www.webdo.tn\/fr\/actualite\/international\/la-mort-de-yahya-sinouar-confirmee-par-le-hamas\/217059\/"]}]},{"@type":"ImageObject","inLanguage":"fr-FR","@id":"https:\/\/www.webdo.tn\/fr\/actualite\/international\/la-mort-de-yahya-sinouar-confirmee-par-le-hamas\/217059\/#primaryimage","url":"https:\/\/www.webdo.tn\/fr\/wp-content\/uploads\/2024\/10\/bf50757c0cec942a2252af6e1249a2dd.webp","contentUrl":"https:\/\/www.webdo.tn\/fr\/wp-content\/uploads\/2024\/10\/bf50757c0cec942a2252af6e1249a2dd.webp","width":750,"height":400,"caption":"La mort de Yahya Sinouar confirm\u00e9e par le Hamas"},{"@type":"BreadcrumbList","@id":"https:\/\/www.webdo.tn\/fr\/actualite\/international\/la-mort-de-yahya-sinouar-confirmee-par-le-hamas\/217059\/#breadcrumb","itemListElement":[{"@type":"ListItem","position":1,"name":"Accueil","item":"https:\/\/www.webdo.tn\/fr\/"},{"@type":"ListItem","position":2,"name":"La mort de Yahya Sinouar confirm\u00e9e par le Hamas"}]},{"@type":"WebSite","@id":"https:\/\/www.webdo.tn\/fr\/#website","url":"https:\/\/www.webdo.tn\/fr\/","name":"webdo","description":"Tunisie - News en Tunisie et \u00e0 l&#039;international sur Webdo.tn","publisher":{"@id":"https:\/\/www.webdo.tn\/fr\/#organization"},"potentialAction":[{"@type":"SearchAction","target":{"@type":"EntryPoint","urlTemplate":"https:\/\/www.webdo.tn\/fr\/?s={search_term_string}"},"query-input":{"@type":"PropertyValueSpecification","valueRequired":true,"valueName":"search_term_string"}}],"inLanguage":"fr-FR"},{"@type":"Organization","@id":"https:\/\/www.webdo.tn\/fr\/#organization","name":"Webdo","alternateName":"Webdo.tn","url":"https:\/\/www.webdo.tn\/fr\/","logo":{"@type":"ImageObject","inLanguage":"fr-FR","@id":"https:\/\/www.webdo.tn\/fr\/#\/schema\/logo\/image\/","url":"https:\/\/www.webdo.tn\/fr\/wp-content\/uploads\/2025\/06\/Webdo-Tunisie_168377.jpg","contentUrl":"https:\/\/www.webdo.tn\/fr\/wp-content\/uploads\/2025\/06\/Webdo-Tunisie_168377.jpg","width":301,"height":301,"caption":"Webdo"},"image":{"@id":"https:\/\/www.webdo.tn\/fr\/#\/schema\/logo\/image\/"},"sameAs":["https:\/\/www.facebook.com\/webdotn","https:\/\/x.com\/webdo_tn"],"description":"Webdo est un m\u00e9dia num\u00e9rique tunisien fond\u00e9 en 2010, sp\u00e9cialis\u00e9 dans l\u2019actualit\u00e9 nationale et internationale, l\u2019\u00e9conomie, la soci\u00e9t\u00e9 et les analyses politiques. Le site s\u2019adresse \u00e0 un large public francophone et couvre l\u2019information tunisienne en temps r\u00e9el.","email":"redac@webdo.tn","legalName":"YNJ SARL","foundingDate":"2010-09-06","numberOfEmployees":{"@type":"QuantitativeValue","minValue":"11","maxValue":"50"}},{"@type":"Person","@id":"https:\/\/www.webdo.tn\/fr\/#\/schema\/person\/2c4929cbf5a809e3bd38617c6ce150f6","name":"MC","image":{"@type":"ImageObject","inLanguage":"fr-FR","@id":"https:\/\/secure.gravatar.com\/avatar\/a545bbb6f84efdd5553dbbc2895e3ca8f1d12c5215e00a041c9670b54aa9b18a?s=96&d=mm&r=g","url":"https:\/\/secure.gravatar.com\/avatar\/a545bbb6f84efdd5553dbbc2895e3ca8f1d12c5215e00a041c9670b54aa9b18a?s=96&d=mm&r=g","contentUrl":"https:\/\/secure.gravatar.com\/avatar\/a545bbb6f84efdd5553dbbc2895e3ca8f1d12c5215e00a041c9670b54aa9b18a?s=96&d=mm&r=g","caption":"MC"},"url":"https:\/\/www.webdo.tn\/fr\/actualite\/author\/mc\/"}]}},"_links":{"self":[{"href":"https:\/\/www.webdo.tn\/fr\/wp-json\/wp\/v2\/posts\/217059","targetHints":{"allow":["GET"]}}],"collection":[{"href":"https:\/\/www.webdo.tn\/fr\/wp-json\/wp\/v2\/posts"}],"about":[{"href":"https:\/\/www.webdo.tn\/fr\/wp-json\/wp\/v2\/types\/post"}],"author":[{"embeddable":true,"href":"https:\/\/www.webdo.tn\/fr\/wp-json\/wp\/v2\/users\/3162"}],"replies":[{"embeddable":true,"href":"https:\/\/www.webdo.tn\/fr\/wp-json\/wp\/v2\/comments?post=217059"}],"version-history":[{"count":0,"href":"https:\/\/www.webdo.tn\/fr\/wp-json\/wp\/v2\/posts\/217059\/revisions"}],"wp:featuredmedia":[{"embeddable":true,"href":"https:\/\/www.webdo.tn\/fr\/wp-json\/wp\/v2\/media\/246304"}],"wp:attachment":[{"href":"https:\/\/www.webdo.tn\/fr\/wp-json\/wp\/v2\/media?parent=217059"}],"wp:term":[{"taxonomy":"category","embeddable":true,"href":"https:\/\/www.webdo.tn\/fr\/wp-json\/wp\/v2\/categories?post=217059"},{"taxonomy":"post_tag","embeddable":true,"href":"https:\/\/www.webdo.tn\/fr\/wp-json\/wp\/v2\/tags?post=217059"}],"curies":[{"name":"wp","href":"https:\/\/api.w.org\/{rel}","templated":true}]}}