{"id":217044,"date":"2024-10-17T19:48:00","date_gmt":"2024-10-17T19:48:00","guid":{"rendered":"https:\/\/www.webdo.tn\/fr\/blog\/tunisie-plf-2025-elargissement-du-programme-de-premier-logement\/217044\/"},"modified":"2025-05-21T09:07:20","modified_gmt":"2025-05-21T09:07:20","slug":"tunisie-plf-2025-elargissement-du-programme-de-premier-logement","status":"publish","type":"post","link":"https:\/\/www.webdo.tn\/fr\/actualite\/national\/tunisie-plf-2025-elargissement-du-programme-de-premier-logement\/217044\/","title":{"rendered":"Tunisie &#8211; PLF 2025 :  \u00c9largissement du programme de premier logement"},"content":{"rendered":"<p>Le projet de loi de finances pour l&rsquo;ann\u00e9e 2025 propose d&rsquo;\u00e9largir la base des b\u00e9n\u00e9ficiaires du programme de logement destin\u00e9 aux classes sociales \u00e0 revenu moyen, dans le but de renforcer leur inclusion financi\u00e8re.<\/p>\n<p>\t\t\t\t\t\t\t\t\tCette initiative vise \u00e0 \u00e9tendre les interventions du programme pour inclure non seulement l&rsquo;achat d&rsquo;un premier logement, mais aussi la possibilit\u00e9 d&rsquo;accorder des pr\u00eats \u00e0 taux pr\u00e9f\u00e9rentiels pour la construction d&rsquo;un premier logement. Ces pr\u00eats seraient destin\u00e9s aux individus et aux familles propri\u00e9taires de terrains constructibles, en particulier dans les r\u00e9gions int\u00e9rieures du pays.<\/p>\n<p>Il convient de rappeler que l&rsquo;article 61 de la loi n\u00b0 78 de 2016, datant du 17 d\u00e9cembre 2016, relatif \u00e0 la loi de finances pour l&rsquo;ann\u00e9e 2017, avait stipul\u00e9 la cr\u00e9ation d&rsquo;une ligne de financement pour soutenir le secteur du logement dans le cadre du programme de logement pour les classes moyennes. Ce programme avait pour objectif de fournir des pr\u00eats \u00e0 taux r\u00e9duits pour aider ces cat\u00e9gories \u00e0 couvrir le financement propre exig\u00e9 lors de l&rsquo;acquisition d&rsquo;un premier logement.<\/p>\n<p>La valeur maximale du pr\u00eat destin\u00e9 \u00e0 financer cette part personnelle a \u00e9t\u00e9 fix\u00e9e \u00e0 20 % du prix total du logement, avec un taux d&rsquo;int\u00e9r\u00eat limit\u00e9 \u00e0 2 % et une p\u00e9riode de gr\u00e2ce de cinq ans sans int\u00e9r\u00eat.<\/p>\n<p>Depuis le lancement du programme en 2017 jusqu&rsquo;\u00e0 fin septembre 2024, le nombre de b\u00e9n\u00e9ficiaires du programme de logement a \u00e9t\u00e9 estim\u00e9 \u00e0 2 818, avec des cr\u00e9dits allou\u00e9s de 79,2 millions de dinars, sur un montant total de 200 millions de dinars, pour couvrir le financement personnel exig\u00e9 des b\u00e9n\u00e9ficiaires lors de l&rsquo;achat de leur premier logement. Il est \u00e0 noter que la r\u00e9gion de Tunis a b\u00e9n\u00e9fici\u00e9 de 75 % des interventions du programme, tandis que les zones int\u00e9rieures ont vu une participation relativement faible.<\/p>\n","protected":false},"excerpt":{"rendered":"<p>Nouvelles mesures du projet de loi de finances 2025 pour \u00e9largir le programme de logement destin\u00e9 aux classes moyennes, incluant des pr\u00eats \u00e0 taux pr\u00e9f\u00e9rentiels&#8230;<\/p>\n","protected":false},"author":3166,"featured_media":291204,"comment_status":"open","ping_status":"closed","sticky":false,"template":"","format":"standard","meta":{"footnotes":""},"categories":[44],"tags":[10546,5309,2608],"class_list":["post-217044","post","type-post","status-publish","format-standard","has-post-thumbnail","hentry","category-national","tag-premier-logement","tag-plf2025","tag-tunisie"],"yoast_head":"<!-- This site is optimized with the Yoast SEO Premium plugin v27.5 (Yoast SEO v27.5) - https:\/\/yoast.com\/product\/yoast-seo-premium-wordpress\/ -->\n<title>Tunisie - PLF 2025 : \u00c9largissement du programme de premier logement<\/title>\n<meta name=\"description\" content=\"Nouvelles mesures du projet de loi de finances 2025 pour \u00e9largir le programme de logement destin\u00e9 aux classes moyennes, incluant des pr\u00eats \u00e0 taux pr\u00e9f\u00e9rentiels...\" \/>\n<link rel=\"canonical\" href=\"https:\/\/www.webdo.tn\/fr\/actualite\/national\/tunisie-plf-2025-elargissement-du-programme-de-premier-logement\/217044\/\" \/>\n<meta property=\"og:locale\" content=\"fr_FR\" \/>\n<meta property=\"og:type\" content=\"article\" \/>\n<meta property=\"og:title\" content=\"Tunisie - PLF 2025 : \u00c9largissement du programme de premier logement\" \/>\n<meta property=\"og:description\" content=\"Nouvelles mesures du projet de loi de finances 2025 pour \u00e9largir le programme de logement destin\u00e9 aux classes moyennes, incluant des pr\u00eats \u00e0 taux pr\u00e9f\u00e9rentiels...\" \/>\n<meta property=\"og:url\" content=\"https:\/\/www.webdo.tn\/fr\/actualite\/national\/tunisie-plf-2025-elargissement-du-programme-de-premier-logement\/217044\/\" \/>\n<meta property=\"og:site_name\" content=\"webdo\" \/>\n<meta property=\"article:publisher\" content=\"https:\/\/www.facebook.com\/webdotn\" \/>\n<meta property=\"article:published_time\" content=\"2024-10-17T19:48:00+00:00\" \/>\n<meta property=\"article:modified_time\" content=\"2025-05-21T09:07:20+00:00\" \/>\n<meta property=\"og:image\" content=\"https:\/\/www.webdo.tn\/fr\/wp-content\/uploads\/2024\/10\/135eaf9f1261a72ec1841aa734e39969.webp\" \/>\n\t<meta property=\"og:image:width\" content=\"750\" \/>\n\t<meta property=\"og:image:height\" content=\"400\" \/>\n\t<meta property=\"og:image:type\" content=\"image\/webp\" \/>\n<meta name=\"author\" content=\"AZ\" \/>\n<meta name=\"twitter:card\" content=\"summary_large_image\" \/>\n<meta name=\"twitter:creator\" content=\"@webdo_tn\" \/>\n<meta name=\"twitter:site\" content=\"@webdo_tn\" \/>\n<meta name=\"twitter:label1\" content=\"\u00c9crit par\" \/>\n\t<meta name=\"twitter:data1\" content=\"AZ\" \/>\n\t<meta name=\"twitter:label2\" content=\"Dur\u00e9e de lecture estim\u00e9e\" \/>\n\t<meta name=\"twitter:data2\" content=\"2 minutes\" \/>\n<script type=\"application\/ld+json\" class=\"yoast-schema-graph\">{\"@context\":\"https:\\\/\\\/schema.org\",\"@graph\":[{\"@type\":\"NewsArticle\",\"@id\":\"https:\\\/\\\/www.webdo.tn\\\/fr\\\/actualite\\\/national\\\/tunisie-plf-2025-elargissement-du-programme-de-premier-logement\\\/217044\\\/#article\",\"isPartOf\":{\"@id\":\"https:\\\/\\\/www.webdo.tn\\\/fr\\\/actualite\\\/national\\\/tunisie-plf-2025-elargissement-du-programme-de-premier-logement\\\/217044\\\/\"},\"author\":{\"name\":\"AZ\",\"@id\":\"https:\\\/\\\/www.webdo.tn\\\/fr\\\/#\\\/schema\\\/person\\\/b8a41c04d93287d375510db360906b34\"},\"headline\":\"Tunisie &#8211; PLF 2025 : \u00c9largissement du programme de premier logement\",\"datePublished\":\"2024-10-17T19:48:00+00:00\",\"dateModified\":\"2025-05-21T09:07:20+00:00\",\"mainEntityOfPage\":{\"@id\":\"https:\\\/\\\/www.webdo.tn\\\/fr\\\/actualite\\\/national\\\/tunisie-plf-2025-elargissement-du-programme-de-premier-logement\\\/217044\\\/\"},\"wordCount\":324,\"commentCount\":0,\"publisher\":{\"@id\":\"https:\\\/\\\/www.webdo.tn\\\/fr\\\/#organization\"},\"image\":{\"@id\":\"https:\\\/\\\/www.webdo.tn\\\/fr\\\/actualite\\\/national\\\/tunisie-plf-2025-elargissement-du-programme-de-premier-logement\\\/217044\\\/#primaryimage\"},\"thumbnailUrl\":\"https:\\\/\\\/www.webdo.tn\\\/fr\\\/wp-content\\\/uploads\\\/2024\\\/10\\\/135eaf9f1261a72ec1841aa734e39969.webp\",\"keywords\":[\"'Premier logement']\",\"PLF2025\",\"Tunisie\"],\"articleSection\":[\"National\"],\"inLanguage\":\"fr-FR\"},{\"@type\":\"WebPage\",\"@id\":\"https:\\\/\\\/www.webdo.tn\\\/fr\\\/actualite\\\/national\\\/tunisie-plf-2025-elargissement-du-programme-de-premier-logement\\\/217044\\\/\",\"url\":\"https:\\\/\\\/www.webdo.tn\\\/fr\\\/actualite\\\/national\\\/tunisie-plf-2025-elargissement-du-programme-de-premier-logement\\\/217044\\\/\",\"name\":\"Tunisie - PLF 2025 : \u00c9largissement du programme de premier logement\",\"isPartOf\":{\"@id\":\"https:\\\/\\\/www.webdo.tn\\\/fr\\\/#website\"},\"primaryImageOfPage\":{\"@id\":\"https:\\\/\\\/www.webdo.tn\\\/fr\\\/actualite\\\/national\\\/tunisie-plf-2025-elargissement-du-programme-de-premier-logement\\\/217044\\\/#primaryimage\"},\"image\":{\"@id\":\"https:\\\/\\\/www.webdo.tn\\\/fr\\\/actualite\\\/national\\\/tunisie-plf-2025-elargissement-du-programme-de-premier-logement\\\/217044\\\/#primaryimage\"},\"thumbnailUrl\":\"https:\\\/\\\/www.webdo.tn\\\/fr\\\/wp-content\\\/uploads\\\/2024\\\/10\\\/135eaf9f1261a72ec1841aa734e39969.webp\",\"datePublished\":\"2024-10-17T19:48:00+00:00\",\"dateModified\":\"2025-05-21T09:07:20+00:00\",\"description\":\"Nouvelles mesures du projet de loi de finances 2025 pour \u00e9largir le programme de logement destin\u00e9 aux classes moyennes, incluant des pr\u00eats \u00e0 taux pr\u00e9f\u00e9rentiels...\",\"breadcrumb\":{\"@id\":\"https:\\\/\\\/www.webdo.tn\\\/fr\\\/actualite\\\/national\\\/tunisie-plf-2025-elargissement-du-programme-de-premier-logement\\\/217044\\\/#breadcrumb\"},\"inLanguage\":\"fr-FR\",\"potentialAction\":[{\"@type\":\"ReadAction\",\"target\":[\"https:\\\/\\\/www.webdo.tn\\\/fr\\\/actualite\\\/national\\\/tunisie-plf-2025-elargissement-du-programme-de-premier-logement\\\/217044\\\/\"]}]},{\"@type\":\"ImageObject\",\"inLanguage\":\"fr-FR\",\"@id\":\"https:\\\/\\\/www.webdo.tn\\\/fr\\\/actualite\\\/national\\\/tunisie-plf-2025-elargissement-du-programme-de-premier-logement\\\/217044\\\/#primaryimage\",\"url\":\"https:\\\/\\\/www.webdo.tn\\\/fr\\\/wp-content\\\/uploads\\\/2024\\\/10\\\/135eaf9f1261a72ec1841aa734e39969.webp\",\"contentUrl\":\"https:\\\/\\\/www.webdo.tn\\\/fr\\\/wp-content\\\/uploads\\\/2024\\\/10\\\/135eaf9f1261a72ec1841aa734e39969.webp\",\"width\":750,\"height\":400,\"caption\":\"Tunisie - PLF 2025 : \u00c9largissement du programme de premier logement\"},{\"@type\":\"BreadcrumbList\",\"@id\":\"https:\\\/\\\/www.webdo.tn\\\/fr\\\/actualite\\\/national\\\/tunisie-plf-2025-elargissement-du-programme-de-premier-logement\\\/217044\\\/#breadcrumb\",\"itemListElement\":[{\"@type\":\"ListItem\",\"position\":1,\"name\":\"Accueil\",\"item\":\"https:\\\/\\\/www.webdo.tn\\\/fr\\\/\"},{\"@type\":\"ListItem\",\"position\":2,\"name\":\"Tunisie &#8211; PLF 2025 : \u00c9largissement du programme de premier logement\"}]},{\"@type\":\"WebSite\",\"@id\":\"https:\\\/\\\/www.webdo.tn\\\/fr\\\/#website\",\"url\":\"https:\\\/\\\/www.webdo.tn\\\/fr\\\/\",\"name\":\"webdo\",\"description\":\"Tunisie - News en Tunisie et \u00e0 l&#039;international sur Webdo.tn\",\"publisher\":{\"@id\":\"https:\\\/\\\/www.webdo.tn\\\/fr\\\/#organization\"},\"potentialAction\":[{\"@type\":\"SearchAction\",\"target\":{\"@type\":\"EntryPoint\",\"urlTemplate\":\"https:\\\/\\\/www.webdo.tn\\\/fr\\\/?s={search_term_string}\"},\"query-input\":{\"@type\":\"PropertyValueSpecification\",\"valueRequired\":true,\"valueName\":\"search_term_string\"}}],\"inLanguage\":\"fr-FR\"},{\"@type\":\"Organization\",\"@id\":\"https:\\\/\\\/www.webdo.tn\\\/fr\\\/#organization\",\"name\":\"Webdo\",\"alternateName\":\"Webdo.tn\",\"url\":\"https:\\\/\\\/www.webdo.tn\\\/fr\\\/\",\"logo\":{\"@type\":\"ImageObject\",\"inLanguage\":\"fr-FR\",\"@id\":\"https:\\\/\\\/www.webdo.tn\\\/fr\\\/#\\\/schema\\\/logo\\\/image\\\/\",\"url\":\"https:\\\/\\\/www.webdo.tn\\\/fr\\\/wp-content\\\/uploads\\\/2025\\\/06\\\/Webdo-Tunisie_168377.jpg\",\"contentUrl\":\"https:\\\/\\\/www.webdo.tn\\\/fr\\\/wp-content\\\/uploads\\\/2025\\\/06\\\/Webdo-Tunisie_168377.jpg\",\"width\":301,\"height\":301,\"caption\":\"Webdo\"},\"image\":{\"@id\":\"https:\\\/\\\/www.webdo.tn\\\/fr\\\/#\\\/schema\\\/logo\\\/image\\\/\"},\"sameAs\":[\"https:\\\/\\\/www.facebook.com\\\/webdotn\",\"https:\\\/\\\/x.com\\\/webdo_tn\"],\"description\":\"Webdo est un m\u00e9dia num\u00e9rique tunisien fond\u00e9 en 2010, sp\u00e9cialis\u00e9 dans l\u2019actualit\u00e9 nationale et internationale, l\u2019\u00e9conomie, la soci\u00e9t\u00e9 et les analyses politiques. Le site s\u2019adresse \u00e0 un large public francophone et couvre l\u2019information tunisienne en temps r\u00e9el.\",\"email\":\"redac@webdo.tn\",\"legalName\":\"YNJ SARL\",\"foundingDate\":\"2010-09-06\",\"numberOfEmployees\":{\"@type\":\"QuantitativeValue\",\"minValue\":\"11\",\"maxValue\":\"50\"}},{\"@type\":\"Person\",\"@id\":\"https:\\\/\\\/www.webdo.tn\\\/fr\\\/#\\\/schema\\\/person\\\/b8a41c04d93287d375510db360906b34\",\"name\":\"AZ\",\"image\":{\"@type\":\"ImageObject\",\"inLanguage\":\"fr-FR\",\"@id\":\"https:\\\/\\\/secure.gravatar.com\\\/avatar\\\/492b80bada79439de4201dce15cd41eece6c277cfdf1b53382073c79105c1f89?s=96&d=mm&r=g\",\"url\":\"https:\\\/\\\/secure.gravatar.com\\\/avatar\\\/492b80bada79439de4201dce15cd41eece6c277cfdf1b53382073c79105c1f89?s=96&d=mm&r=g\",\"contentUrl\":\"https:\\\/\\\/secure.gravatar.com\\\/avatar\\\/492b80bada79439de4201dce15cd41eece6c277cfdf1b53382073c79105c1f89?s=96&d=mm&r=g\",\"caption\":\"AZ\"},\"url\":\"https:\\\/\\\/www.webdo.tn\\\/fr\\\/actualite\\\/author\\\/az\\\/\"}]}<\/script>\n<!-- \/ Yoast SEO Premium plugin. -->","yoast_head_json":{"title":"Tunisie - PLF 2025 : \u00c9largissement du programme de premier logement","description":"Nouvelles mesures du projet de loi de finances 2025 pour \u00e9largir le programme de logement destin\u00e9 aux classes moyennes, incluant des pr\u00eats \u00e0 taux pr\u00e9f\u00e9rentiels...","canonical":"https:\/\/www.webdo.tn\/fr\/actualite\/national\/tunisie-plf-2025-elargissement-du-programme-de-premier-logement\/217044\/","og_locale":"fr_FR","og_type":"article","og_title":"Tunisie - PLF 2025 : \u00c9largissement du programme de premier logement","og_description":"Nouvelles mesures du projet de loi de finances 2025 pour \u00e9largir le programme de logement destin\u00e9 aux classes moyennes, incluant des pr\u00eats \u00e0 taux pr\u00e9f\u00e9rentiels...","og_url":"https:\/\/www.webdo.tn\/fr\/actualite\/national\/tunisie-plf-2025-elargissement-du-programme-de-premier-logement\/217044\/","og_site_name":"webdo","article_publisher":"https:\/\/www.facebook.com\/webdotn","article_published_time":"2024-10-17T19:48:00+00:00","article_modified_time":"2025-05-21T09:07:20+00:00","og_image":[{"width":750,"height":400,"url":"https:\/\/www.webdo.tn\/fr\/wp-content\/uploads\/2024\/10\/135eaf9f1261a72ec1841aa734e39969.webp","type":"image\/webp"}],"author":"AZ","twitter_card":"summary_large_image","twitter_creator":"@webdo_tn","twitter_site":"@webdo_tn","twitter_misc":{"\u00c9crit par":"AZ","Dur\u00e9e de lecture estim\u00e9e":"2 minutes"},"schema":{"@context":"https:\/\/schema.org","@graph":[{"@type":"NewsArticle","@id":"https:\/\/www.webdo.tn\/fr\/actualite\/national\/tunisie-plf-2025-elargissement-du-programme-de-premier-logement\/217044\/#article","isPartOf":{"@id":"https:\/\/www.webdo.tn\/fr\/actualite\/national\/tunisie-plf-2025-elargissement-du-programme-de-premier-logement\/217044\/"},"author":{"name":"AZ","@id":"https:\/\/www.webdo.tn\/fr\/#\/schema\/person\/b8a41c04d93287d375510db360906b34"},"headline":"Tunisie &#8211; PLF 2025 : \u00c9largissement du programme de premier logement","datePublished":"2024-10-17T19:48:00+00:00","dateModified":"2025-05-21T09:07:20+00:00","mainEntityOfPage":{"@id":"https:\/\/www.webdo.tn\/fr\/actualite\/national\/tunisie-plf-2025-elargissement-du-programme-de-premier-logement\/217044\/"},"wordCount":324,"commentCount":0,"publisher":{"@id":"https:\/\/www.webdo.tn\/fr\/#organization"},"image":{"@id":"https:\/\/www.webdo.tn\/fr\/actualite\/national\/tunisie-plf-2025-elargissement-du-programme-de-premier-logement\/217044\/#primaryimage"},"thumbnailUrl":"https:\/\/www.webdo.tn\/fr\/wp-content\/uploads\/2024\/10\/135eaf9f1261a72ec1841aa734e39969.webp","keywords":["'Premier logement']","PLF2025","Tunisie"],"articleSection":["National"],"inLanguage":"fr-FR"},{"@type":"WebPage","@id":"https:\/\/www.webdo.tn\/fr\/actualite\/national\/tunisie-plf-2025-elargissement-du-programme-de-premier-logement\/217044\/","url":"https:\/\/www.webdo.tn\/fr\/actualite\/national\/tunisie-plf-2025-elargissement-du-programme-de-premier-logement\/217044\/","name":"Tunisie - PLF 2025 : \u00c9largissement du programme de premier logement","isPartOf":{"@id":"https:\/\/www.webdo.tn\/fr\/#website"},"primaryImageOfPage":{"@id":"https:\/\/www.webdo.tn\/fr\/actualite\/national\/tunisie-plf-2025-elargissement-du-programme-de-premier-logement\/217044\/#primaryimage"},"image":{"@id":"https:\/\/www.webdo.tn\/fr\/actualite\/national\/tunisie-plf-2025-elargissement-du-programme-de-premier-logement\/217044\/#primaryimage"},"thumbnailUrl":"https:\/\/www.webdo.tn\/fr\/wp-content\/uploads\/2024\/10\/135eaf9f1261a72ec1841aa734e39969.webp","datePublished":"2024-10-17T19:48:00+00:00","dateModified":"2025-05-21T09:07:20+00:00","description":"Nouvelles mesures du projet de loi de finances 2025 pour \u00e9largir le programme de logement destin\u00e9 aux classes moyennes, incluant des pr\u00eats \u00e0 taux pr\u00e9f\u00e9rentiels...","breadcrumb":{"@id":"https:\/\/www.webdo.tn\/fr\/actualite\/national\/tunisie-plf-2025-elargissement-du-programme-de-premier-logement\/217044\/#breadcrumb"},"inLanguage":"fr-FR","potentialAction":[{"@type":"ReadAction","target":["https:\/\/www.webdo.tn\/fr\/actualite\/national\/tunisie-plf-2025-elargissement-du-programme-de-premier-logement\/217044\/"]}]},{"@type":"ImageObject","inLanguage":"fr-FR","@id":"https:\/\/www.webdo.tn\/fr\/actualite\/national\/tunisie-plf-2025-elargissement-du-programme-de-premier-logement\/217044\/#primaryimage","url":"https:\/\/www.webdo.tn\/fr\/wp-content\/uploads\/2024\/10\/135eaf9f1261a72ec1841aa734e39969.webp","contentUrl":"https:\/\/www.webdo.tn\/fr\/wp-content\/uploads\/2024\/10\/135eaf9f1261a72ec1841aa734e39969.webp","width":750,"height":400,"caption":"Tunisie - PLF 2025 : \u00c9largissement du programme de premier logement"},{"@type":"BreadcrumbList","@id":"https:\/\/www.webdo.tn\/fr\/actualite\/national\/tunisie-plf-2025-elargissement-du-programme-de-premier-logement\/217044\/#breadcrumb","itemListElement":[{"@type":"ListItem","position":1,"name":"Accueil","item":"https:\/\/www.webdo.tn\/fr\/"},{"@type":"ListItem","position":2,"name":"Tunisie &#8211; PLF 2025 : \u00c9largissement du programme de premier logement"}]},{"@type":"WebSite","@id":"https:\/\/www.webdo.tn\/fr\/#website","url":"https:\/\/www.webdo.tn\/fr\/","name":"webdo","description":"Tunisie - News en Tunisie et \u00e0 l&#039;international sur Webdo.tn","publisher":{"@id":"https:\/\/www.webdo.tn\/fr\/#organization"},"potentialAction":[{"@type":"SearchAction","target":{"@type":"EntryPoint","urlTemplate":"https:\/\/www.webdo.tn\/fr\/?s={search_term_string}"},"query-input":{"@type":"PropertyValueSpecification","valueRequired":true,"valueName":"search_term_string"}}],"inLanguage":"fr-FR"},{"@type":"Organization","@id":"https:\/\/www.webdo.tn\/fr\/#organization","name":"Webdo","alternateName":"Webdo.tn","url":"https:\/\/www.webdo.tn\/fr\/","logo":{"@type":"ImageObject","inLanguage":"fr-FR","@id":"https:\/\/www.webdo.tn\/fr\/#\/schema\/logo\/image\/","url":"https:\/\/www.webdo.tn\/fr\/wp-content\/uploads\/2025\/06\/Webdo-Tunisie_168377.jpg","contentUrl":"https:\/\/www.webdo.tn\/fr\/wp-content\/uploads\/2025\/06\/Webdo-Tunisie_168377.jpg","width":301,"height":301,"caption":"Webdo"},"image":{"@id":"https:\/\/www.webdo.tn\/fr\/#\/schema\/logo\/image\/"},"sameAs":["https:\/\/www.facebook.com\/webdotn","https:\/\/x.com\/webdo_tn"],"description":"Webdo est un m\u00e9dia num\u00e9rique tunisien fond\u00e9 en 2010, sp\u00e9cialis\u00e9 dans l\u2019actualit\u00e9 nationale et internationale, l\u2019\u00e9conomie, la soci\u00e9t\u00e9 et les analyses politiques. Le site s\u2019adresse \u00e0 un large public francophone et couvre l\u2019information tunisienne en temps r\u00e9el.","email":"redac@webdo.tn","legalName":"YNJ SARL","foundingDate":"2010-09-06","numberOfEmployees":{"@type":"QuantitativeValue","minValue":"11","maxValue":"50"}},{"@type":"Person","@id":"https:\/\/www.webdo.tn\/fr\/#\/schema\/person\/b8a41c04d93287d375510db360906b34","name":"AZ","image":{"@type":"ImageObject","inLanguage":"fr-FR","@id":"https:\/\/secure.gravatar.com\/avatar\/492b80bada79439de4201dce15cd41eece6c277cfdf1b53382073c79105c1f89?s=96&d=mm&r=g","url":"https:\/\/secure.gravatar.com\/avatar\/492b80bada79439de4201dce15cd41eece6c277cfdf1b53382073c79105c1f89?s=96&d=mm&r=g","contentUrl":"https:\/\/secure.gravatar.com\/avatar\/492b80bada79439de4201dce15cd41eece6c277cfdf1b53382073c79105c1f89?s=96&d=mm&r=g","caption":"AZ"},"url":"https:\/\/www.webdo.tn\/fr\/actualite\/author\/az\/"}]}},"_links":{"self":[{"href":"https:\/\/www.webdo.tn\/fr\/wp-json\/wp\/v2\/posts\/217044","targetHints":{"allow":["GET"]}}],"collection":[{"href":"https:\/\/www.webdo.tn\/fr\/wp-json\/wp\/v2\/posts"}],"about":[{"href":"https:\/\/www.webdo.tn\/fr\/wp-json\/wp\/v2\/types\/post"}],"author":[{"embeddable":true,"href":"https:\/\/www.webdo.tn\/fr\/wp-json\/wp\/v2\/users\/3166"}],"replies":[{"embeddable":true,"href":"https:\/\/www.webdo.tn\/fr\/wp-json\/wp\/v2\/comments?post=217044"}],"version-history":[{"count":0,"href":"https:\/\/www.webdo.tn\/fr\/wp-json\/wp\/v2\/posts\/217044\/revisions"}],"wp:featuredmedia":[{"embeddable":true,"href":"https:\/\/www.webdo.tn\/fr\/wp-json\/wp\/v2\/media\/291204"}],"wp:attachment":[{"href":"https:\/\/www.webdo.tn\/fr\/wp-json\/wp\/v2\/media?parent=217044"}],"wp:term":[{"taxonomy":"category","embeddable":true,"href":"https:\/\/www.webdo.tn\/fr\/wp-json\/wp\/v2\/categories?post=217044"},{"taxonomy":"post_tag","embeddable":true,"href":"https:\/\/www.webdo.tn\/fr\/wp-json\/wp\/v2\/tags?post=217044"}],"curies":[{"name":"wp","href":"https:\/\/api.w.org\/{rel}","templated":true}]}}