{"id":217043,"date":"2024-10-17T18:56:00","date_gmt":"2024-10-17T18:56:00","guid":{"rendered":"https:\/\/www.webdo.tn\/fr\/blog\/tunisie-l-audience-de-ayachi-zammel-reportee-au-24-octobre\/217043\/"},"modified":"2025-05-21T09:07:21","modified_gmt":"2025-05-21T09:07:21","slug":"tunisie-l-audience-de-ayachi-zammel-reportee-au-24-octobre","status":"publish","type":"post","link":"https:\/\/www.webdo.tn\/fr\/actualite\/national\/tunisie-l-audience-de-ayachi-zammel-reportee-au-24-octobre\/217043\/","title":{"rendered":"Tunisie &#8211; La Manouba : L\u2019audience de Ayachi Zammel report\u00e9e au 24 octobre"},"content":{"rendered":"<p>L\u2019audience  de Ayachi Zammel, ancien candidat \u00e0 l\u2019\u00e9lection pr\u00e9sidentielle du 6 octobre, a \u00e9t\u00e9 report\u00e9e au 24 octobre 2024 par le tribunal de premi\u00e8re instance de La Manouba.<\/p>\n<p>\t\t\t\t\t\t\t\t\tCe report a \u00e9t\u00e9 d\u00e9cid\u00e9 \u00e0 la demande de ses avocats, selon les d\u00e9clarations d&rsquo;Abdessattar Messaoudi, membre de son \u00e9quipe de d\u00e9fense \u00e0 la TAP.<\/p>\n<p>Ce dernier a pr\u00e9cis\u00e9 que la d\u00e9fense avait sollicit\u00e9 ce d\u00e9lai en raison de la simultan\u00e9it\u00e9 des audiences dans deux tribunaux diff\u00e9rents, La Manouba et Jendouba, toutes deux concernant des accusations li\u00e9es \u00e0 des falsifications de parrainages. L\u2019\u00e9quipe juridique s\u2019est ainsi scind\u00e9e pour assister aux deux audiences, ce qui a compliqu\u00e9 la gestion des proc\u00e9dures.<\/p>\n<p>En parall\u00e8le, \u00e0 Jendouba, l&rsquo;examen du dossier de Zammel a \u00e9galement \u00e9t\u00e9 report\u00e9. Ce dernier, incarc\u00e9r\u00e9 depuis le 5 septembre 2024, est accus\u00e9, avec deux autres personnes, de falsification de parrainages destin\u00e9s \u00e0 l\u2019\u00e9lection pr\u00e9sidentielle.<\/p>\n<p>R\u00e9cemment condamn\u00e9 \u00e0 une peine de 14 mois de prison pour falsification de parrainages dans cinq affaires, Zammel a d\u00e9j\u00e0 \u00e9cop\u00e9 de plusieurs peines, dont 20 mois, 6 mois, 12 ans et 5 ans et 8 mois de prison.<\/p>\n","protected":false},"excerpt":{"rendered":"<p>L&rsquo;audience d&rsquo;Ayachi Zammel, ancien candidat \u00e0 l&rsquo;\u00e9lection pr\u00e9sidentielle, est report\u00e9e au 24 octobre 2024 par le tribunal de La Manouba.<\/p>\n","protected":false},"author":3166,"featured_media":291205,"comment_status":"open","ping_status":"closed","sticky":false,"template":"","format":"standard","meta":{"footnotes":""},"categories":[44],"tags":[5223,4430,2680,2608],"class_list":["post-217043","post","type-post","status-publish","format-standard","has-post-thumbnail","hentry","category-national","tag-audience","tag-ayachi-zammel","tag-report","tag-tunisie"],"yoast_head":"<!-- This site is optimized with the Yoast SEO Premium plugin v27.4 (Yoast SEO v27.5) - https:\/\/yoast.com\/product\/yoast-seo-premium-wordpress\/ -->\n<title>Tunisie - La Manouba : L\u2019audience de Ayachi Zammel report\u00e9e au 24 octobre<\/title>\n<meta name=\"description\" content=\"L&#039;audience d&#039;Ayachi Zammel, ancien candidat \u00e0 l&#039;\u00e9lection pr\u00e9sidentielle, est report\u00e9e au 24 octobre 2024 par le tribunal de La Manouba.\" \/>\n<link rel=\"canonical\" href=\"https:\/\/www.webdo.tn\/fr\/actualite\/national\/tunisie-l-audience-de-ayachi-zammel-reportee-au-24-octobre\/217043\/\" \/>\n<meta property=\"og:locale\" content=\"fr_FR\" \/>\n<meta property=\"og:type\" content=\"article\" \/>\n<meta property=\"og:title\" content=\"Tunisie - La Manouba : L\u2019audience de Ayachi Zammel report\u00e9e au 24 octobre\" \/>\n<meta property=\"og:description\" content=\"L&#039;audience d&#039;Ayachi Zammel, ancien candidat \u00e0 l&#039;\u00e9lection pr\u00e9sidentielle, est report\u00e9e au 24 octobre 2024 par le tribunal de La Manouba.\" \/>\n<meta property=\"og:url\" content=\"https:\/\/www.webdo.tn\/fr\/actualite\/national\/tunisie-l-audience-de-ayachi-zammel-reportee-au-24-octobre\/217043\/\" \/>\n<meta property=\"og:site_name\" content=\"webdo\" \/>\n<meta property=\"article:publisher\" content=\"https:\/\/www.facebook.com\/webdotn\" \/>\n<meta property=\"article:published_time\" content=\"2024-10-17T18:56:00+00:00\" \/>\n<meta property=\"article:modified_time\" content=\"2025-05-21T09:07:21+00:00\" \/>\n<meta property=\"og:image\" content=\"https:\/\/www.webdo.tn\/fr\/wp-content\/uploads\/2024\/10\/205f191a522ef67383d26ecb95b3e86a.webp\" \/>\n\t<meta property=\"og:image:width\" content=\"750\" \/>\n\t<meta property=\"og:image:height\" content=\"400\" \/>\n\t<meta property=\"og:image:type\" content=\"image\/webp\" \/>\n<meta name=\"author\" content=\"AZ\" \/>\n<meta name=\"twitter:card\" content=\"summary_large_image\" \/>\n<meta name=\"twitter:creator\" content=\"@webdo_tn\" \/>\n<meta name=\"twitter:site\" content=\"@webdo_tn\" \/>\n<meta name=\"twitter:label1\" content=\"\u00c9crit par\" \/>\n\t<meta name=\"twitter:data1\" content=\"AZ\" \/>\n\t<meta name=\"twitter:label2\" content=\"Dur\u00e9e de lecture estim\u00e9e\" \/>\n\t<meta name=\"twitter:data2\" content=\"1 minute\" \/>\n<script type=\"application\/ld+json\" class=\"yoast-schema-graph\">{\"@context\":\"https:\\\/\\\/schema.org\",\"@graph\":[{\"@type\":\"NewsArticle\",\"@id\":\"https:\\\/\\\/www.webdo.tn\\\/fr\\\/actualite\\\/national\\\/tunisie-l-audience-de-ayachi-zammel-reportee-au-24-octobre\\\/217043\\\/#article\",\"isPartOf\":{\"@id\":\"https:\\\/\\\/www.webdo.tn\\\/fr\\\/actualite\\\/national\\\/tunisie-l-audience-de-ayachi-zammel-reportee-au-24-octobre\\\/217043\\\/\"},\"author\":{\"name\":\"AZ\",\"@id\":\"https:\\\/\\\/www.webdo.tn\\\/fr\\\/#\\\/schema\\\/person\\\/b8a41c04d93287d375510db360906b34\"},\"headline\":\"Tunisie &#8211; La Manouba : L\u2019audience de Ayachi Zammel report\u00e9e au 24 octobre\",\"datePublished\":\"2024-10-17T18:56:00+00:00\",\"dateModified\":\"2025-05-21T09:07:21+00:00\",\"mainEntityOfPage\":{\"@id\":\"https:\\\/\\\/www.webdo.tn\\\/fr\\\/actualite\\\/national\\\/tunisie-l-audience-de-ayachi-zammel-reportee-au-24-octobre\\\/217043\\\/\"},\"wordCount\":204,\"commentCount\":0,\"publisher\":{\"@id\":\"https:\\\/\\\/www.webdo.tn\\\/fr\\\/#organization\"},\"image\":{\"@id\":\"https:\\\/\\\/www.webdo.tn\\\/fr\\\/actualite\\\/national\\\/tunisie-l-audience-de-ayachi-zammel-reportee-au-24-octobre\\\/217043\\\/#primaryimage\"},\"thumbnailUrl\":\"https:\\\/\\\/www.webdo.tn\\\/fr\\\/wp-content\\\/uploads\\\/2024\\\/10\\\/205f191a522ef67383d26ecb95b3e86a.webp\",\"keywords\":[\"audience\",\"ayachi zammel\",\"report\",\"Tunisie\"],\"articleSection\":[\"National\"],\"inLanguage\":\"fr-FR\"},{\"@type\":\"WebPage\",\"@id\":\"https:\\\/\\\/www.webdo.tn\\\/fr\\\/actualite\\\/national\\\/tunisie-l-audience-de-ayachi-zammel-reportee-au-24-octobre\\\/217043\\\/\",\"url\":\"https:\\\/\\\/www.webdo.tn\\\/fr\\\/actualite\\\/national\\\/tunisie-l-audience-de-ayachi-zammel-reportee-au-24-octobre\\\/217043\\\/\",\"name\":\"Tunisie - La Manouba : L\u2019audience de Ayachi Zammel report\u00e9e au 24 octobre\",\"isPartOf\":{\"@id\":\"https:\\\/\\\/www.webdo.tn\\\/fr\\\/#website\"},\"primaryImageOfPage\":{\"@id\":\"https:\\\/\\\/www.webdo.tn\\\/fr\\\/actualite\\\/national\\\/tunisie-l-audience-de-ayachi-zammel-reportee-au-24-octobre\\\/217043\\\/#primaryimage\"},\"image\":{\"@id\":\"https:\\\/\\\/www.webdo.tn\\\/fr\\\/actualite\\\/national\\\/tunisie-l-audience-de-ayachi-zammel-reportee-au-24-octobre\\\/217043\\\/#primaryimage\"},\"thumbnailUrl\":\"https:\\\/\\\/www.webdo.tn\\\/fr\\\/wp-content\\\/uploads\\\/2024\\\/10\\\/205f191a522ef67383d26ecb95b3e86a.webp\",\"datePublished\":\"2024-10-17T18:56:00+00:00\",\"dateModified\":\"2025-05-21T09:07:21+00:00\",\"description\":\"L'audience d'Ayachi Zammel, ancien candidat \u00e0 l'\u00e9lection pr\u00e9sidentielle, est report\u00e9e au 24 octobre 2024 par le tribunal de La Manouba.\",\"breadcrumb\":{\"@id\":\"https:\\\/\\\/www.webdo.tn\\\/fr\\\/actualite\\\/national\\\/tunisie-l-audience-de-ayachi-zammel-reportee-au-24-octobre\\\/217043\\\/#breadcrumb\"},\"inLanguage\":\"fr-FR\",\"potentialAction\":[{\"@type\":\"ReadAction\",\"target\":[\"https:\\\/\\\/www.webdo.tn\\\/fr\\\/actualite\\\/national\\\/tunisie-l-audience-de-ayachi-zammel-reportee-au-24-octobre\\\/217043\\\/\"]}]},{\"@type\":\"ImageObject\",\"inLanguage\":\"fr-FR\",\"@id\":\"https:\\\/\\\/www.webdo.tn\\\/fr\\\/actualite\\\/national\\\/tunisie-l-audience-de-ayachi-zammel-reportee-au-24-octobre\\\/217043\\\/#primaryimage\",\"url\":\"https:\\\/\\\/www.webdo.tn\\\/fr\\\/wp-content\\\/uploads\\\/2024\\\/10\\\/205f191a522ef67383d26ecb95b3e86a.webp\",\"contentUrl\":\"https:\\\/\\\/www.webdo.tn\\\/fr\\\/wp-content\\\/uploads\\\/2024\\\/10\\\/205f191a522ef67383d26ecb95b3e86a.webp\",\"width\":750,\"height\":400,\"caption\":\"Tunisie - La Manouba : L\u2019audience de Ayachi Zammel report\u00e9e au 24 octobre\"},{\"@type\":\"BreadcrumbList\",\"@id\":\"https:\\\/\\\/www.webdo.tn\\\/fr\\\/actualite\\\/national\\\/tunisie-l-audience-de-ayachi-zammel-reportee-au-24-octobre\\\/217043\\\/#breadcrumb\",\"itemListElement\":[{\"@type\":\"ListItem\",\"position\":1,\"name\":\"Accueil\",\"item\":\"https:\\\/\\\/www.webdo.tn\\\/fr\\\/\"},{\"@type\":\"ListItem\",\"position\":2,\"name\":\"Tunisie &#8211; La Manouba : L\u2019audience de Ayachi Zammel report\u00e9e au 24 octobre\"}]},{\"@type\":\"WebSite\",\"@id\":\"https:\\\/\\\/www.webdo.tn\\\/fr\\\/#website\",\"url\":\"https:\\\/\\\/www.webdo.tn\\\/fr\\\/\",\"name\":\"webdo\",\"description\":\"Tunisie - News en Tunisie et \u00e0 l&#039;international sur Webdo.tn\",\"publisher\":{\"@id\":\"https:\\\/\\\/www.webdo.tn\\\/fr\\\/#organization\"},\"potentialAction\":[{\"@type\":\"SearchAction\",\"target\":{\"@type\":\"EntryPoint\",\"urlTemplate\":\"https:\\\/\\\/www.webdo.tn\\\/fr\\\/?s={search_term_string}\"},\"query-input\":{\"@type\":\"PropertyValueSpecification\",\"valueRequired\":true,\"valueName\":\"search_term_string\"}}],\"inLanguage\":\"fr-FR\"},{\"@type\":\"Organization\",\"@id\":\"https:\\\/\\\/www.webdo.tn\\\/fr\\\/#organization\",\"name\":\"Webdo\",\"alternateName\":\"Webdo.tn\",\"url\":\"https:\\\/\\\/www.webdo.tn\\\/fr\\\/\",\"logo\":{\"@type\":\"ImageObject\",\"inLanguage\":\"fr-FR\",\"@id\":\"https:\\\/\\\/www.webdo.tn\\\/fr\\\/#\\\/schema\\\/logo\\\/image\\\/\",\"url\":\"https:\\\/\\\/www.webdo.tn\\\/fr\\\/wp-content\\\/uploads\\\/2025\\\/06\\\/Webdo-Tunisie_168377.jpg\",\"contentUrl\":\"https:\\\/\\\/www.webdo.tn\\\/fr\\\/wp-content\\\/uploads\\\/2025\\\/06\\\/Webdo-Tunisie_168377.jpg\",\"width\":301,\"height\":301,\"caption\":\"Webdo\"},\"image\":{\"@id\":\"https:\\\/\\\/www.webdo.tn\\\/fr\\\/#\\\/schema\\\/logo\\\/image\\\/\"},\"sameAs\":[\"https:\\\/\\\/www.facebook.com\\\/webdotn\",\"https:\\\/\\\/x.com\\\/webdo_tn\"],\"description\":\"Webdo est un m\u00e9dia num\u00e9rique tunisien fond\u00e9 en 2010, sp\u00e9cialis\u00e9 dans l\u2019actualit\u00e9 nationale et internationale, l\u2019\u00e9conomie, la soci\u00e9t\u00e9 et les analyses politiques. Le site s\u2019adresse \u00e0 un large public francophone et couvre l\u2019information tunisienne en temps r\u00e9el.\",\"email\":\"redac@webdo.tn\",\"legalName\":\"YNJ SARL\",\"foundingDate\":\"2010-09-06\",\"numberOfEmployees\":{\"@type\":\"QuantitativeValue\",\"minValue\":\"11\",\"maxValue\":\"50\"}},{\"@type\":\"Person\",\"@id\":\"https:\\\/\\\/www.webdo.tn\\\/fr\\\/#\\\/schema\\\/person\\\/b8a41c04d93287d375510db360906b34\",\"name\":\"AZ\",\"image\":{\"@type\":\"ImageObject\",\"inLanguage\":\"fr-FR\",\"@id\":\"https:\\\/\\\/secure.gravatar.com\\\/avatar\\\/492b80bada79439de4201dce15cd41eece6c277cfdf1b53382073c79105c1f89?s=96&d=mm&r=g\",\"url\":\"https:\\\/\\\/secure.gravatar.com\\\/avatar\\\/492b80bada79439de4201dce15cd41eece6c277cfdf1b53382073c79105c1f89?s=96&d=mm&r=g\",\"contentUrl\":\"https:\\\/\\\/secure.gravatar.com\\\/avatar\\\/492b80bada79439de4201dce15cd41eece6c277cfdf1b53382073c79105c1f89?s=96&d=mm&r=g\",\"caption\":\"AZ\"},\"url\":\"https:\\\/\\\/www.webdo.tn\\\/fr\\\/actualite\\\/author\\\/az\\\/\"}]}<\/script>\n<!-- \/ Yoast SEO Premium plugin. -->","yoast_head_json":{"title":"Tunisie - La Manouba : L\u2019audience de Ayachi Zammel report\u00e9e au 24 octobre","description":"L'audience d'Ayachi Zammel, ancien candidat \u00e0 l'\u00e9lection pr\u00e9sidentielle, est report\u00e9e au 24 octobre 2024 par le tribunal de La Manouba.","canonical":"https:\/\/www.webdo.tn\/fr\/actualite\/national\/tunisie-l-audience-de-ayachi-zammel-reportee-au-24-octobre\/217043\/","og_locale":"fr_FR","og_type":"article","og_title":"Tunisie - La Manouba : L\u2019audience de Ayachi Zammel report\u00e9e au 24 octobre","og_description":"L'audience d'Ayachi Zammel, ancien candidat \u00e0 l'\u00e9lection pr\u00e9sidentielle, est report\u00e9e au 24 octobre 2024 par le tribunal de La Manouba.","og_url":"https:\/\/www.webdo.tn\/fr\/actualite\/national\/tunisie-l-audience-de-ayachi-zammel-reportee-au-24-octobre\/217043\/","og_site_name":"webdo","article_publisher":"https:\/\/www.facebook.com\/webdotn","article_published_time":"2024-10-17T18:56:00+00:00","article_modified_time":"2025-05-21T09:07:21+00:00","og_image":[{"width":750,"height":400,"url":"https:\/\/www.webdo.tn\/fr\/wp-content\/uploads\/2024\/10\/205f191a522ef67383d26ecb95b3e86a.webp","type":"image\/webp"}],"author":"AZ","twitter_card":"summary_large_image","twitter_creator":"@webdo_tn","twitter_site":"@webdo_tn","twitter_misc":{"\u00c9crit par":"AZ","Dur\u00e9e de lecture estim\u00e9e":"1 minute"},"schema":{"@context":"https:\/\/schema.org","@graph":[{"@type":"NewsArticle","@id":"https:\/\/www.webdo.tn\/fr\/actualite\/national\/tunisie-l-audience-de-ayachi-zammel-reportee-au-24-octobre\/217043\/#article","isPartOf":{"@id":"https:\/\/www.webdo.tn\/fr\/actualite\/national\/tunisie-l-audience-de-ayachi-zammel-reportee-au-24-octobre\/217043\/"},"author":{"name":"AZ","@id":"https:\/\/www.webdo.tn\/fr\/#\/schema\/person\/b8a41c04d93287d375510db360906b34"},"headline":"Tunisie &#8211; La Manouba : L\u2019audience de Ayachi Zammel report\u00e9e au 24 octobre","datePublished":"2024-10-17T18:56:00+00:00","dateModified":"2025-05-21T09:07:21+00:00","mainEntityOfPage":{"@id":"https:\/\/www.webdo.tn\/fr\/actualite\/national\/tunisie-l-audience-de-ayachi-zammel-reportee-au-24-octobre\/217043\/"},"wordCount":204,"commentCount":0,"publisher":{"@id":"https:\/\/www.webdo.tn\/fr\/#organization"},"image":{"@id":"https:\/\/www.webdo.tn\/fr\/actualite\/national\/tunisie-l-audience-de-ayachi-zammel-reportee-au-24-octobre\/217043\/#primaryimage"},"thumbnailUrl":"https:\/\/www.webdo.tn\/fr\/wp-content\/uploads\/2024\/10\/205f191a522ef67383d26ecb95b3e86a.webp","keywords":["audience","ayachi zammel","report","Tunisie"],"articleSection":["National"],"inLanguage":"fr-FR"},{"@type":"WebPage","@id":"https:\/\/www.webdo.tn\/fr\/actualite\/national\/tunisie-l-audience-de-ayachi-zammel-reportee-au-24-octobre\/217043\/","url":"https:\/\/www.webdo.tn\/fr\/actualite\/national\/tunisie-l-audience-de-ayachi-zammel-reportee-au-24-octobre\/217043\/","name":"Tunisie - La Manouba : L\u2019audience de Ayachi Zammel report\u00e9e au 24 octobre","isPartOf":{"@id":"https:\/\/www.webdo.tn\/fr\/#website"},"primaryImageOfPage":{"@id":"https:\/\/www.webdo.tn\/fr\/actualite\/national\/tunisie-l-audience-de-ayachi-zammel-reportee-au-24-octobre\/217043\/#primaryimage"},"image":{"@id":"https:\/\/www.webdo.tn\/fr\/actualite\/national\/tunisie-l-audience-de-ayachi-zammel-reportee-au-24-octobre\/217043\/#primaryimage"},"thumbnailUrl":"https:\/\/www.webdo.tn\/fr\/wp-content\/uploads\/2024\/10\/205f191a522ef67383d26ecb95b3e86a.webp","datePublished":"2024-10-17T18:56:00+00:00","dateModified":"2025-05-21T09:07:21+00:00","description":"L'audience d'Ayachi Zammel, ancien candidat \u00e0 l'\u00e9lection pr\u00e9sidentielle, est report\u00e9e au 24 octobre 2024 par le tribunal de La Manouba.","breadcrumb":{"@id":"https:\/\/www.webdo.tn\/fr\/actualite\/national\/tunisie-l-audience-de-ayachi-zammel-reportee-au-24-octobre\/217043\/#breadcrumb"},"inLanguage":"fr-FR","potentialAction":[{"@type":"ReadAction","target":["https:\/\/www.webdo.tn\/fr\/actualite\/national\/tunisie-l-audience-de-ayachi-zammel-reportee-au-24-octobre\/217043\/"]}]},{"@type":"ImageObject","inLanguage":"fr-FR","@id":"https:\/\/www.webdo.tn\/fr\/actualite\/national\/tunisie-l-audience-de-ayachi-zammel-reportee-au-24-octobre\/217043\/#primaryimage","url":"https:\/\/www.webdo.tn\/fr\/wp-content\/uploads\/2024\/10\/205f191a522ef67383d26ecb95b3e86a.webp","contentUrl":"https:\/\/www.webdo.tn\/fr\/wp-content\/uploads\/2024\/10\/205f191a522ef67383d26ecb95b3e86a.webp","width":750,"height":400,"caption":"Tunisie - La Manouba : L\u2019audience de Ayachi Zammel report\u00e9e au 24 octobre"},{"@type":"BreadcrumbList","@id":"https:\/\/www.webdo.tn\/fr\/actualite\/national\/tunisie-l-audience-de-ayachi-zammel-reportee-au-24-octobre\/217043\/#breadcrumb","itemListElement":[{"@type":"ListItem","position":1,"name":"Accueil","item":"https:\/\/www.webdo.tn\/fr\/"},{"@type":"ListItem","position":2,"name":"Tunisie &#8211; La Manouba : L\u2019audience de Ayachi Zammel report\u00e9e au 24 octobre"}]},{"@type":"WebSite","@id":"https:\/\/www.webdo.tn\/fr\/#website","url":"https:\/\/www.webdo.tn\/fr\/","name":"webdo","description":"Tunisie - News en Tunisie et \u00e0 l&#039;international sur Webdo.tn","publisher":{"@id":"https:\/\/www.webdo.tn\/fr\/#organization"},"potentialAction":[{"@type":"SearchAction","target":{"@type":"EntryPoint","urlTemplate":"https:\/\/www.webdo.tn\/fr\/?s={search_term_string}"},"query-input":{"@type":"PropertyValueSpecification","valueRequired":true,"valueName":"search_term_string"}}],"inLanguage":"fr-FR"},{"@type":"Organization","@id":"https:\/\/www.webdo.tn\/fr\/#organization","name":"Webdo","alternateName":"Webdo.tn","url":"https:\/\/www.webdo.tn\/fr\/","logo":{"@type":"ImageObject","inLanguage":"fr-FR","@id":"https:\/\/www.webdo.tn\/fr\/#\/schema\/logo\/image\/","url":"https:\/\/www.webdo.tn\/fr\/wp-content\/uploads\/2025\/06\/Webdo-Tunisie_168377.jpg","contentUrl":"https:\/\/www.webdo.tn\/fr\/wp-content\/uploads\/2025\/06\/Webdo-Tunisie_168377.jpg","width":301,"height":301,"caption":"Webdo"},"image":{"@id":"https:\/\/www.webdo.tn\/fr\/#\/schema\/logo\/image\/"},"sameAs":["https:\/\/www.facebook.com\/webdotn","https:\/\/x.com\/webdo_tn"],"description":"Webdo est un m\u00e9dia num\u00e9rique tunisien fond\u00e9 en 2010, sp\u00e9cialis\u00e9 dans l\u2019actualit\u00e9 nationale et internationale, l\u2019\u00e9conomie, la soci\u00e9t\u00e9 et les analyses politiques. Le site s\u2019adresse \u00e0 un large public francophone et couvre l\u2019information tunisienne en temps r\u00e9el.","email":"redac@webdo.tn","legalName":"YNJ SARL","foundingDate":"2010-09-06","numberOfEmployees":{"@type":"QuantitativeValue","minValue":"11","maxValue":"50"}},{"@type":"Person","@id":"https:\/\/www.webdo.tn\/fr\/#\/schema\/person\/b8a41c04d93287d375510db360906b34","name":"AZ","image":{"@type":"ImageObject","inLanguage":"fr-FR","@id":"https:\/\/secure.gravatar.com\/avatar\/492b80bada79439de4201dce15cd41eece6c277cfdf1b53382073c79105c1f89?s=96&d=mm&r=g","url":"https:\/\/secure.gravatar.com\/avatar\/492b80bada79439de4201dce15cd41eece6c277cfdf1b53382073c79105c1f89?s=96&d=mm&r=g","contentUrl":"https:\/\/secure.gravatar.com\/avatar\/492b80bada79439de4201dce15cd41eece6c277cfdf1b53382073c79105c1f89?s=96&d=mm&r=g","caption":"AZ"},"url":"https:\/\/www.webdo.tn\/fr\/actualite\/author\/az\/"}]}},"_links":{"self":[{"href":"https:\/\/www.webdo.tn\/fr\/wp-json\/wp\/v2\/posts\/217043","targetHints":{"allow":["GET"]}}],"collection":[{"href":"https:\/\/www.webdo.tn\/fr\/wp-json\/wp\/v2\/posts"}],"about":[{"href":"https:\/\/www.webdo.tn\/fr\/wp-json\/wp\/v2\/types\/post"}],"author":[{"embeddable":true,"href":"https:\/\/www.webdo.tn\/fr\/wp-json\/wp\/v2\/users\/3166"}],"replies":[{"embeddable":true,"href":"https:\/\/www.webdo.tn\/fr\/wp-json\/wp\/v2\/comments?post=217043"}],"version-history":[{"count":0,"href":"https:\/\/www.webdo.tn\/fr\/wp-json\/wp\/v2\/posts\/217043\/revisions"}],"wp:featuredmedia":[{"embeddable":true,"href":"https:\/\/www.webdo.tn\/fr\/wp-json\/wp\/v2\/media\/291205"}],"wp:attachment":[{"href":"https:\/\/www.webdo.tn\/fr\/wp-json\/wp\/v2\/media?parent=217043"}],"wp:term":[{"taxonomy":"category","embeddable":true,"href":"https:\/\/www.webdo.tn\/fr\/wp-json\/wp\/v2\/categories?post=217043"},{"taxonomy":"post_tag","embeddable":true,"href":"https:\/\/www.webdo.tn\/fr\/wp-json\/wp\/v2\/tags?post=217043"}],"curies":[{"name":"wp","href":"https:\/\/api.w.org\/{rel}","templated":true}]}}