{"id":217036,"date":"2024-10-17T11:43:00","date_gmt":"2024-10-17T11:43:00","guid":{"rendered":"https:\/\/www.webdo.tn\/fr\/blog\/tunisie-un-minibus-derape-a-l-ariana-18-blesses\/217036\/"},"modified":"2025-05-20T21:47:43","modified_gmt":"2025-05-20T21:47:43","slug":"tunisie-un-minibus-derape-a-l-ariana-18-blesses","status":"publish","type":"post","link":"https:\/\/www.webdo.tn\/fr\/actualite\/divers\/tunisie-un-minibus-derape-a-l-ariana-18-blesses\/217036\/","title":{"rendered":"Tunisie : Un minibus d\u00e9rape \u00e0 l\u2019Ariana, 18 bless\u00e9s"},"content":{"rendered":"<p>Un minibus transportant le personnel d\u2019une entreprise priv\u00e9e a d\u00e9rap\u00e9 aujourd\u2019hui \u00e0 Kal\u00e2at el-Andalous faisant 18 bless\u00e9s.<\/p>\n<p>\t\t\t\t\t\t\t\t\tDix-huit personnes, employ\u00e9es d&rsquo;une soci\u00e9t\u00e9 priv\u00e9e ont \u00e9t\u00e9 bless\u00e9es, ce jeudi 17 octobre 2024 lorsque le minibus qui les transportait a d\u00e9rap\u00e9 sur la route nationale num\u00e9ro 8.<\/p>\n<p>Apr\u00e8s l\u2019intervention de la Protection civile, tous les bless\u00e9s ont \u00e9t\u00e9 \u00e9vacu\u00e9s vers l&rsquo;H\u00f4pital Mahmoud El Materi de l&rsquo;Ariana.<\/p>\n","protected":false},"excerpt":{"rendered":"<p>Dix-huit personnes, employ\u00e9es d&rsquo;une soci\u00e9t\u00e9 priv\u00e9e ont \u00e9t\u00e9 bless\u00e9es, ce jeudi 17 octobre 2024 lorsque le minibus qui les transportait a d\u00e9rap\u00e9 sur la route nati&#8230;<\/p>\n","protected":false},"author":3162,"featured_media":246319,"comment_status":"open","ping_status":"closed","sticky":false,"template":"","format":"standard","meta":{"footnotes":""},"categories":[2839],"tags":[3463,2928,5394,5393],"class_list":["post-217036","post","type-post","status-publish","format-standard","has-post-thumbnail","hentry","category-divers","tag-ariana","tag-blesses","tag-derapage","tag-minibus"],"yoast_head":"<!-- This site is optimized with the Yoast SEO Premium plugin v27.4 (Yoast SEO v27.5) - https:\/\/yoast.com\/product\/yoast-seo-premium-wordpress\/ -->\n<title>Tunisie : Un minibus d\u00e9rape \u00e0 l\u2019Ariana, 18 bless\u00e9s<\/title>\n<meta name=\"description\" content=\"Dix-huit personnes, employ\u00e9es d&#039;une soci\u00e9t\u00e9 priv\u00e9e ont \u00e9t\u00e9 bless\u00e9es, ce jeudi 17 octobre 2024 lorsque le minibus qui les transportait a d\u00e9rap\u00e9 sur la route nati...\" \/>\n<link rel=\"canonical\" href=\"https:\/\/www.webdo.tn\/fr\/actualite\/divers\/tunisie-un-minibus-derape-a-l-ariana-18-blesses\/217036\/\" \/>\n<meta property=\"og:locale\" content=\"fr_FR\" \/>\n<meta property=\"og:type\" content=\"article\" \/>\n<meta property=\"og:title\" content=\"Tunisie : Un minibus d\u00e9rape \u00e0 l\u2019Ariana, 18 bless\u00e9s\" \/>\n<meta property=\"og:description\" content=\"Dix-huit personnes, employ\u00e9es d&#039;une soci\u00e9t\u00e9 priv\u00e9e ont \u00e9t\u00e9 bless\u00e9es, ce jeudi 17 octobre 2024 lorsque le minibus qui les transportait a d\u00e9rap\u00e9 sur la route nati...\" \/>\n<meta property=\"og:url\" content=\"https:\/\/www.webdo.tn\/fr\/actualite\/divers\/tunisie-un-minibus-derape-a-l-ariana-18-blesses\/217036\/\" \/>\n<meta property=\"og:site_name\" content=\"webdo\" \/>\n<meta property=\"article:publisher\" content=\"https:\/\/www.facebook.com\/webdotn\" \/>\n<meta property=\"article:published_time\" content=\"2024-10-17T11:43:00+00:00\" \/>\n<meta property=\"article:modified_time\" content=\"2025-05-20T21:47:43+00:00\" \/>\n<meta property=\"og:image\" content=\"https:\/\/www.webdo.tn\/fr\/wp-content\/uploads\/2024\/10\/0a8683e99e3ea1c1e9c400f02209fa21.webp\" \/>\n\t<meta property=\"og:image:width\" content=\"626\" \/>\n\t<meta property=\"og:image:height\" content=\"334\" \/>\n\t<meta property=\"og:image:type\" content=\"image\/webp\" \/>\n<meta name=\"author\" content=\"MC\" \/>\n<meta name=\"twitter:card\" content=\"summary_large_image\" \/>\n<meta name=\"twitter:creator\" content=\"@webdo_tn\" \/>\n<meta name=\"twitter:site\" content=\"@webdo_tn\" \/>\n<meta name=\"twitter:label1\" content=\"\u00c9crit par\" \/>\n\t<meta name=\"twitter:data1\" content=\"MC\" \/>\n<script type=\"application\/ld+json\" class=\"yoast-schema-graph\">{\"@context\":\"https:\\\/\\\/schema.org\",\"@graph\":[{\"@type\":\"NewsArticle\",\"@id\":\"https:\\\/\\\/www.webdo.tn\\\/fr\\\/actualite\\\/divers\\\/tunisie-un-minibus-derape-a-l-ariana-18-blesses\\\/217036\\\/#article\",\"isPartOf\":{\"@id\":\"https:\\\/\\\/www.webdo.tn\\\/fr\\\/actualite\\\/divers\\\/tunisie-un-minibus-derape-a-l-ariana-18-blesses\\\/217036\\\/\"},\"author\":{\"name\":\"MC\",\"@id\":\"https:\\\/\\\/www.webdo.tn\\\/fr\\\/#\\\/schema\\\/person\\\/2c4929cbf5a809e3bd38617c6ce150f6\"},\"headline\":\"Tunisie : Un minibus d\u00e9rape \u00e0 l\u2019Ariana, 18 bless\u00e9s\",\"datePublished\":\"2024-10-17T11:43:00+00:00\",\"dateModified\":\"2025-05-20T21:47:43+00:00\",\"mainEntityOfPage\":{\"@id\":\"https:\\\/\\\/www.webdo.tn\\\/fr\\\/actualite\\\/divers\\\/tunisie-un-minibus-derape-a-l-ariana-18-blesses\\\/217036\\\/\"},\"wordCount\":88,\"commentCount\":0,\"publisher\":{\"@id\":\"https:\\\/\\\/www.webdo.tn\\\/fr\\\/#organization\"},\"image\":{\"@id\":\"https:\\\/\\\/www.webdo.tn\\\/fr\\\/actualite\\\/divers\\\/tunisie-un-minibus-derape-a-l-ariana-18-blesses\\\/217036\\\/#primaryimage\"},\"thumbnailUrl\":\"https:\\\/\\\/www.webdo.tn\\\/fr\\\/wp-content\\\/uploads\\\/2024\\\/10\\\/0a8683e99e3ea1c1e9c400f02209fa21.webp\",\"keywords\":[\"ariana\",\"bless\u00e9s\",\"d\u00e9rapage\",\"Minibus\"],\"articleSection\":[\"Divers\"],\"inLanguage\":\"fr-FR\"},{\"@type\":\"WebPage\",\"@id\":\"https:\\\/\\\/www.webdo.tn\\\/fr\\\/actualite\\\/divers\\\/tunisie-un-minibus-derape-a-l-ariana-18-blesses\\\/217036\\\/\",\"url\":\"https:\\\/\\\/www.webdo.tn\\\/fr\\\/actualite\\\/divers\\\/tunisie-un-minibus-derape-a-l-ariana-18-blesses\\\/217036\\\/\",\"name\":\"Tunisie : Un minibus d\u00e9rape \u00e0 l\u2019Ariana, 18 bless\u00e9s\",\"isPartOf\":{\"@id\":\"https:\\\/\\\/www.webdo.tn\\\/fr\\\/#website\"},\"primaryImageOfPage\":{\"@id\":\"https:\\\/\\\/www.webdo.tn\\\/fr\\\/actualite\\\/divers\\\/tunisie-un-minibus-derape-a-l-ariana-18-blesses\\\/217036\\\/#primaryimage\"},\"image\":{\"@id\":\"https:\\\/\\\/www.webdo.tn\\\/fr\\\/actualite\\\/divers\\\/tunisie-un-minibus-derape-a-l-ariana-18-blesses\\\/217036\\\/#primaryimage\"},\"thumbnailUrl\":\"https:\\\/\\\/www.webdo.tn\\\/fr\\\/wp-content\\\/uploads\\\/2024\\\/10\\\/0a8683e99e3ea1c1e9c400f02209fa21.webp\",\"datePublished\":\"2024-10-17T11:43:00+00:00\",\"dateModified\":\"2025-05-20T21:47:43+00:00\",\"description\":\"Dix-huit personnes, employ\u00e9es d'une soci\u00e9t\u00e9 priv\u00e9e ont \u00e9t\u00e9 bless\u00e9es, ce jeudi 17 octobre 2024 lorsque le minibus qui les transportait a d\u00e9rap\u00e9 sur la route nati...\",\"breadcrumb\":{\"@id\":\"https:\\\/\\\/www.webdo.tn\\\/fr\\\/actualite\\\/divers\\\/tunisie-un-minibus-derape-a-l-ariana-18-blesses\\\/217036\\\/#breadcrumb\"},\"inLanguage\":\"fr-FR\",\"potentialAction\":[{\"@type\":\"ReadAction\",\"target\":[\"https:\\\/\\\/www.webdo.tn\\\/fr\\\/actualite\\\/divers\\\/tunisie-un-minibus-derape-a-l-ariana-18-blesses\\\/217036\\\/\"]}]},{\"@type\":\"ImageObject\",\"inLanguage\":\"fr-FR\",\"@id\":\"https:\\\/\\\/www.webdo.tn\\\/fr\\\/actualite\\\/divers\\\/tunisie-un-minibus-derape-a-l-ariana-18-blesses\\\/217036\\\/#primaryimage\",\"url\":\"https:\\\/\\\/www.webdo.tn\\\/fr\\\/wp-content\\\/uploads\\\/2024\\\/10\\\/0a8683e99e3ea1c1e9c400f02209fa21.webp\",\"contentUrl\":\"https:\\\/\\\/www.webdo.tn\\\/fr\\\/wp-content\\\/uploads\\\/2024\\\/10\\\/0a8683e99e3ea1c1e9c400f02209fa21.webp\",\"width\":626,\"height\":334,\"caption\":\"Tunisie : Un minibus d\u00e9rape \u00e0 l\u2019Ariana, 18 bless\u00e9s\"},{\"@type\":\"BreadcrumbList\",\"@id\":\"https:\\\/\\\/www.webdo.tn\\\/fr\\\/actualite\\\/divers\\\/tunisie-un-minibus-derape-a-l-ariana-18-blesses\\\/217036\\\/#breadcrumb\",\"itemListElement\":[{\"@type\":\"ListItem\",\"position\":1,\"name\":\"Accueil\",\"item\":\"https:\\\/\\\/www.webdo.tn\\\/fr\\\/\"},{\"@type\":\"ListItem\",\"position\":2,\"name\":\"Tunisie : Un minibus d\u00e9rape \u00e0 l\u2019Ariana, 18 bless\u00e9s\"}]},{\"@type\":\"WebSite\",\"@id\":\"https:\\\/\\\/www.webdo.tn\\\/fr\\\/#website\",\"url\":\"https:\\\/\\\/www.webdo.tn\\\/fr\\\/\",\"name\":\"webdo\",\"description\":\"Tunisie - News en Tunisie et \u00e0 l&#039;international sur Webdo.tn\",\"publisher\":{\"@id\":\"https:\\\/\\\/www.webdo.tn\\\/fr\\\/#organization\"},\"potentialAction\":[{\"@type\":\"SearchAction\",\"target\":{\"@type\":\"EntryPoint\",\"urlTemplate\":\"https:\\\/\\\/www.webdo.tn\\\/fr\\\/?s={search_term_string}\"},\"query-input\":{\"@type\":\"PropertyValueSpecification\",\"valueRequired\":true,\"valueName\":\"search_term_string\"}}],\"inLanguage\":\"fr-FR\"},{\"@type\":\"Organization\",\"@id\":\"https:\\\/\\\/www.webdo.tn\\\/fr\\\/#organization\",\"name\":\"Webdo\",\"alternateName\":\"Webdo.tn\",\"url\":\"https:\\\/\\\/www.webdo.tn\\\/fr\\\/\",\"logo\":{\"@type\":\"ImageObject\",\"inLanguage\":\"fr-FR\",\"@id\":\"https:\\\/\\\/www.webdo.tn\\\/fr\\\/#\\\/schema\\\/logo\\\/image\\\/\",\"url\":\"https:\\\/\\\/www.webdo.tn\\\/fr\\\/wp-content\\\/uploads\\\/2025\\\/06\\\/Webdo-Tunisie_168377.jpg\",\"contentUrl\":\"https:\\\/\\\/www.webdo.tn\\\/fr\\\/wp-content\\\/uploads\\\/2025\\\/06\\\/Webdo-Tunisie_168377.jpg\",\"width\":301,\"height\":301,\"caption\":\"Webdo\"},\"image\":{\"@id\":\"https:\\\/\\\/www.webdo.tn\\\/fr\\\/#\\\/schema\\\/logo\\\/image\\\/\"},\"sameAs\":[\"https:\\\/\\\/www.facebook.com\\\/webdotn\",\"https:\\\/\\\/x.com\\\/webdo_tn\"],\"description\":\"Webdo est un m\u00e9dia num\u00e9rique tunisien fond\u00e9 en 2010, sp\u00e9cialis\u00e9 dans l\u2019actualit\u00e9 nationale et internationale, l\u2019\u00e9conomie, la soci\u00e9t\u00e9 et les analyses politiques. Le site s\u2019adresse \u00e0 un large public francophone et couvre l\u2019information tunisienne en temps r\u00e9el.\",\"email\":\"redac@webdo.tn\",\"legalName\":\"YNJ SARL\",\"foundingDate\":\"2010-09-06\",\"numberOfEmployees\":{\"@type\":\"QuantitativeValue\",\"minValue\":\"11\",\"maxValue\":\"50\"}},{\"@type\":\"Person\",\"@id\":\"https:\\\/\\\/www.webdo.tn\\\/fr\\\/#\\\/schema\\\/person\\\/2c4929cbf5a809e3bd38617c6ce150f6\",\"name\":\"MC\",\"image\":{\"@type\":\"ImageObject\",\"inLanguage\":\"fr-FR\",\"@id\":\"https:\\\/\\\/secure.gravatar.com\\\/avatar\\\/a545bbb6f84efdd5553dbbc2895e3ca8f1d12c5215e00a041c9670b54aa9b18a?s=96&d=mm&r=g\",\"url\":\"https:\\\/\\\/secure.gravatar.com\\\/avatar\\\/a545bbb6f84efdd5553dbbc2895e3ca8f1d12c5215e00a041c9670b54aa9b18a?s=96&d=mm&r=g\",\"contentUrl\":\"https:\\\/\\\/secure.gravatar.com\\\/avatar\\\/a545bbb6f84efdd5553dbbc2895e3ca8f1d12c5215e00a041c9670b54aa9b18a?s=96&d=mm&r=g\",\"caption\":\"MC\"},\"url\":\"https:\\\/\\\/www.webdo.tn\\\/fr\\\/actualite\\\/author\\\/mc\\\/\"}]}<\/script>\n<!-- \/ Yoast SEO Premium plugin. -->","yoast_head_json":{"title":"Tunisie : Un minibus d\u00e9rape \u00e0 l\u2019Ariana, 18 bless\u00e9s","description":"Dix-huit personnes, employ\u00e9es d'une soci\u00e9t\u00e9 priv\u00e9e ont \u00e9t\u00e9 bless\u00e9es, ce jeudi 17 octobre 2024 lorsque le minibus qui les transportait a d\u00e9rap\u00e9 sur la route nati...","canonical":"https:\/\/www.webdo.tn\/fr\/actualite\/divers\/tunisie-un-minibus-derape-a-l-ariana-18-blesses\/217036\/","og_locale":"fr_FR","og_type":"article","og_title":"Tunisie : Un minibus d\u00e9rape \u00e0 l\u2019Ariana, 18 bless\u00e9s","og_description":"Dix-huit personnes, employ\u00e9es d'une soci\u00e9t\u00e9 priv\u00e9e ont \u00e9t\u00e9 bless\u00e9es, ce jeudi 17 octobre 2024 lorsque le minibus qui les transportait a d\u00e9rap\u00e9 sur la route nati...","og_url":"https:\/\/www.webdo.tn\/fr\/actualite\/divers\/tunisie-un-minibus-derape-a-l-ariana-18-blesses\/217036\/","og_site_name":"webdo","article_publisher":"https:\/\/www.facebook.com\/webdotn","article_published_time":"2024-10-17T11:43:00+00:00","article_modified_time":"2025-05-20T21:47:43+00:00","og_image":[{"width":626,"height":334,"url":"https:\/\/www.webdo.tn\/fr\/wp-content\/uploads\/2024\/10\/0a8683e99e3ea1c1e9c400f02209fa21.webp","type":"image\/webp"}],"author":"MC","twitter_card":"summary_large_image","twitter_creator":"@webdo_tn","twitter_site":"@webdo_tn","twitter_misc":{"\u00c9crit par":"MC"},"schema":{"@context":"https:\/\/schema.org","@graph":[{"@type":"NewsArticle","@id":"https:\/\/www.webdo.tn\/fr\/actualite\/divers\/tunisie-un-minibus-derape-a-l-ariana-18-blesses\/217036\/#article","isPartOf":{"@id":"https:\/\/www.webdo.tn\/fr\/actualite\/divers\/tunisie-un-minibus-derape-a-l-ariana-18-blesses\/217036\/"},"author":{"name":"MC","@id":"https:\/\/www.webdo.tn\/fr\/#\/schema\/person\/2c4929cbf5a809e3bd38617c6ce150f6"},"headline":"Tunisie : Un minibus d\u00e9rape \u00e0 l\u2019Ariana, 18 bless\u00e9s","datePublished":"2024-10-17T11:43:00+00:00","dateModified":"2025-05-20T21:47:43+00:00","mainEntityOfPage":{"@id":"https:\/\/www.webdo.tn\/fr\/actualite\/divers\/tunisie-un-minibus-derape-a-l-ariana-18-blesses\/217036\/"},"wordCount":88,"commentCount":0,"publisher":{"@id":"https:\/\/www.webdo.tn\/fr\/#organization"},"image":{"@id":"https:\/\/www.webdo.tn\/fr\/actualite\/divers\/tunisie-un-minibus-derape-a-l-ariana-18-blesses\/217036\/#primaryimage"},"thumbnailUrl":"https:\/\/www.webdo.tn\/fr\/wp-content\/uploads\/2024\/10\/0a8683e99e3ea1c1e9c400f02209fa21.webp","keywords":["ariana","bless\u00e9s","d\u00e9rapage","Minibus"],"articleSection":["Divers"],"inLanguage":"fr-FR"},{"@type":"WebPage","@id":"https:\/\/www.webdo.tn\/fr\/actualite\/divers\/tunisie-un-minibus-derape-a-l-ariana-18-blesses\/217036\/","url":"https:\/\/www.webdo.tn\/fr\/actualite\/divers\/tunisie-un-minibus-derape-a-l-ariana-18-blesses\/217036\/","name":"Tunisie : Un minibus d\u00e9rape \u00e0 l\u2019Ariana, 18 bless\u00e9s","isPartOf":{"@id":"https:\/\/www.webdo.tn\/fr\/#website"},"primaryImageOfPage":{"@id":"https:\/\/www.webdo.tn\/fr\/actualite\/divers\/tunisie-un-minibus-derape-a-l-ariana-18-blesses\/217036\/#primaryimage"},"image":{"@id":"https:\/\/www.webdo.tn\/fr\/actualite\/divers\/tunisie-un-minibus-derape-a-l-ariana-18-blesses\/217036\/#primaryimage"},"thumbnailUrl":"https:\/\/www.webdo.tn\/fr\/wp-content\/uploads\/2024\/10\/0a8683e99e3ea1c1e9c400f02209fa21.webp","datePublished":"2024-10-17T11:43:00+00:00","dateModified":"2025-05-20T21:47:43+00:00","description":"Dix-huit personnes, employ\u00e9es d'une soci\u00e9t\u00e9 priv\u00e9e ont \u00e9t\u00e9 bless\u00e9es, ce jeudi 17 octobre 2024 lorsque le minibus qui les transportait a d\u00e9rap\u00e9 sur la route nati...","breadcrumb":{"@id":"https:\/\/www.webdo.tn\/fr\/actualite\/divers\/tunisie-un-minibus-derape-a-l-ariana-18-blesses\/217036\/#breadcrumb"},"inLanguage":"fr-FR","potentialAction":[{"@type":"ReadAction","target":["https:\/\/www.webdo.tn\/fr\/actualite\/divers\/tunisie-un-minibus-derape-a-l-ariana-18-blesses\/217036\/"]}]},{"@type":"ImageObject","inLanguage":"fr-FR","@id":"https:\/\/www.webdo.tn\/fr\/actualite\/divers\/tunisie-un-minibus-derape-a-l-ariana-18-blesses\/217036\/#primaryimage","url":"https:\/\/www.webdo.tn\/fr\/wp-content\/uploads\/2024\/10\/0a8683e99e3ea1c1e9c400f02209fa21.webp","contentUrl":"https:\/\/www.webdo.tn\/fr\/wp-content\/uploads\/2024\/10\/0a8683e99e3ea1c1e9c400f02209fa21.webp","width":626,"height":334,"caption":"Tunisie : Un minibus d\u00e9rape \u00e0 l\u2019Ariana, 18 bless\u00e9s"},{"@type":"BreadcrumbList","@id":"https:\/\/www.webdo.tn\/fr\/actualite\/divers\/tunisie-un-minibus-derape-a-l-ariana-18-blesses\/217036\/#breadcrumb","itemListElement":[{"@type":"ListItem","position":1,"name":"Accueil","item":"https:\/\/www.webdo.tn\/fr\/"},{"@type":"ListItem","position":2,"name":"Tunisie : Un minibus d\u00e9rape \u00e0 l\u2019Ariana, 18 bless\u00e9s"}]},{"@type":"WebSite","@id":"https:\/\/www.webdo.tn\/fr\/#website","url":"https:\/\/www.webdo.tn\/fr\/","name":"webdo","description":"Tunisie - News en Tunisie et \u00e0 l&#039;international sur Webdo.tn","publisher":{"@id":"https:\/\/www.webdo.tn\/fr\/#organization"},"potentialAction":[{"@type":"SearchAction","target":{"@type":"EntryPoint","urlTemplate":"https:\/\/www.webdo.tn\/fr\/?s={search_term_string}"},"query-input":{"@type":"PropertyValueSpecification","valueRequired":true,"valueName":"search_term_string"}}],"inLanguage":"fr-FR"},{"@type":"Organization","@id":"https:\/\/www.webdo.tn\/fr\/#organization","name":"Webdo","alternateName":"Webdo.tn","url":"https:\/\/www.webdo.tn\/fr\/","logo":{"@type":"ImageObject","inLanguage":"fr-FR","@id":"https:\/\/www.webdo.tn\/fr\/#\/schema\/logo\/image\/","url":"https:\/\/www.webdo.tn\/fr\/wp-content\/uploads\/2025\/06\/Webdo-Tunisie_168377.jpg","contentUrl":"https:\/\/www.webdo.tn\/fr\/wp-content\/uploads\/2025\/06\/Webdo-Tunisie_168377.jpg","width":301,"height":301,"caption":"Webdo"},"image":{"@id":"https:\/\/www.webdo.tn\/fr\/#\/schema\/logo\/image\/"},"sameAs":["https:\/\/www.facebook.com\/webdotn","https:\/\/x.com\/webdo_tn"],"description":"Webdo est un m\u00e9dia num\u00e9rique tunisien fond\u00e9 en 2010, sp\u00e9cialis\u00e9 dans l\u2019actualit\u00e9 nationale et internationale, l\u2019\u00e9conomie, la soci\u00e9t\u00e9 et les analyses politiques. Le site s\u2019adresse \u00e0 un large public francophone et couvre l\u2019information tunisienne en temps r\u00e9el.","email":"redac@webdo.tn","legalName":"YNJ SARL","foundingDate":"2010-09-06","numberOfEmployees":{"@type":"QuantitativeValue","minValue":"11","maxValue":"50"}},{"@type":"Person","@id":"https:\/\/www.webdo.tn\/fr\/#\/schema\/person\/2c4929cbf5a809e3bd38617c6ce150f6","name":"MC","image":{"@type":"ImageObject","inLanguage":"fr-FR","@id":"https:\/\/secure.gravatar.com\/avatar\/a545bbb6f84efdd5553dbbc2895e3ca8f1d12c5215e00a041c9670b54aa9b18a?s=96&d=mm&r=g","url":"https:\/\/secure.gravatar.com\/avatar\/a545bbb6f84efdd5553dbbc2895e3ca8f1d12c5215e00a041c9670b54aa9b18a?s=96&d=mm&r=g","contentUrl":"https:\/\/secure.gravatar.com\/avatar\/a545bbb6f84efdd5553dbbc2895e3ca8f1d12c5215e00a041c9670b54aa9b18a?s=96&d=mm&r=g","caption":"MC"},"url":"https:\/\/www.webdo.tn\/fr\/actualite\/author\/mc\/"}]}},"_links":{"self":[{"href":"https:\/\/www.webdo.tn\/fr\/wp-json\/wp\/v2\/posts\/217036","targetHints":{"allow":["GET"]}}],"collection":[{"href":"https:\/\/www.webdo.tn\/fr\/wp-json\/wp\/v2\/posts"}],"about":[{"href":"https:\/\/www.webdo.tn\/fr\/wp-json\/wp\/v2\/types\/post"}],"author":[{"embeddable":true,"href":"https:\/\/www.webdo.tn\/fr\/wp-json\/wp\/v2\/users\/3162"}],"replies":[{"embeddable":true,"href":"https:\/\/www.webdo.tn\/fr\/wp-json\/wp\/v2\/comments?post=217036"}],"version-history":[{"count":0,"href":"https:\/\/www.webdo.tn\/fr\/wp-json\/wp\/v2\/posts\/217036\/revisions"}],"wp:featuredmedia":[{"embeddable":true,"href":"https:\/\/www.webdo.tn\/fr\/wp-json\/wp\/v2\/media\/246319"}],"wp:attachment":[{"href":"https:\/\/www.webdo.tn\/fr\/wp-json\/wp\/v2\/media?parent=217036"}],"wp:term":[{"taxonomy":"category","embeddable":true,"href":"https:\/\/www.webdo.tn\/fr\/wp-json\/wp\/v2\/categories?post=217036"},{"taxonomy":"post_tag","embeddable":true,"href":"https:\/\/www.webdo.tn\/fr\/wp-json\/wp\/v2\/tags?post=217036"}],"curies":[{"name":"wp","href":"https:\/\/api.w.org\/{rel}","templated":true}]}}