{"id":217034,"date":"2024-10-17T10:36:00","date_gmt":"2024-10-17T10:36:00","guid":{"rendered":"https:\/\/www.webdo.tn\/fr\/blog\/tunis-explosion-d-une-conduite-de-gaz-a-la-cite-ennasr\/217034\/"},"modified":"2025-05-20T21:47:45","modified_gmt":"2025-05-20T21:47:45","slug":"tunis-explosion-d-une-conduite-de-gaz-a-la-cite-ennasr","status":"publish","type":"post","link":"https:\/\/www.webdo.tn\/fr\/actualite\/divers\/tunis-explosion-d-une-conduite-de-gaz-a-la-cite-ennasr\/217034\/","title":{"rendered":"Tunis : Explosion d&rsquo;une conduite de gaz \u00e0 la Cit\u00e9 Ennasr"},"content":{"rendered":"<p>Hier, dans la nuit, l\u2019explosion d\u2019une conduite de gaz \u00e0 la Cit\u00e9 Ennasr (gouvernorat de l\u2019Ariana) a provoqu\u00e9 une panique parmi les habitants de ce quartier.<\/p>\n<p>\t\t\t\t\t\t\t\t\tLe colonel Moez Tri\u00e2a, porte-parole de la Protection civile, est revenu ce matin, dans une d\u00e9claration sur les ondes de Mosaique fm, indiquant qu\u2019au cours de la nuit du 16 au 17 octobre, la Protection civile a re\u00e7u des appels de citoyens signalant une fuite de gaz apr\u00e8s avoir entendu un bruit d&rsquo;explosion.<\/p>\n<p>Deux ambulances et un camion de pompiers ont \u00e9t\u00e9 d\u00e9p\u00each\u00e9s sur place, et des recommandations ont \u00e9t\u00e9 faites aux citoyens pour \u00e9vacuer leurs logements et d\u2019\u00e9viter d&rsquo;allumer la lumi\u00e8re.<\/p>\n<p>Le colonel Moez Tri\u00e2a a pr\u00e9cis\u00e9 que cette fuite \u00e9tait due \u00e0 l&rsquo;explosion d\u2019une conduite de gaz au niveau d&rsquo;un chantier de construction, en notant qu&rsquo;une coordination a \u00e9t\u00e9 \u00e9tablie avec les services de la STEG pour envoyer une \u00e9quipe technique qui a coup\u00e9 le gaz.<\/p>\n<p>L&rsquo;incident n&rsquo;a pas fait de bless\u00e9s, \u00e0 l&rsquo;exception d&rsquo;un homme \u00e2g\u00e9 qui a \u00e9t\u00e9 secouru sur place et a re\u00e7u de l&rsquo;oxyg\u00e8ne en raison d&rsquo;une asphyxie.<\/p>\n","protected":false},"excerpt":{"rendered":"<p>Le colonel Moez Tri\u00e2a, porte-parole de la Protection civile, est revenu ce matin, dans une d\u00e9claration sur les ondes de Mosaique fm, indiquant qu\u2019au cours de la&#8230;<\/p>\n","protected":false},"author":3162,"featured_media":246322,"comment_status":"open","ping_status":"closed","sticky":false,"template":"","format":"standard","meta":{"footnotes":""},"categories":[2839],"tags":[4828,5399,2869,3764,2742,2608],"class_list":["post-217034","post","type-post","status-publish","format-standard","has-post-thumbnail","hentry","category-divers","tag-blesse","tag-cite-ennasr","tag-explosion","tag-gaz","tag-steg","tag-tunisie"],"yoast_head":"<!-- This site is optimized with the Yoast SEO Premium plugin v27.5 (Yoast SEO v27.5) - https:\/\/yoast.com\/product\/yoast-seo-premium-wordpress\/ -->\n<title>Tunis : Explosion d&#039;une conduite de gaz \u00e0 la Cit\u00e9 Ennasr<\/title>\n<meta name=\"description\" content=\"Le colonel Moez Tri\u00e2a, porte-parole de la Protection civile, est revenu ce matin, dans une d\u00e9claration sur les ondes de Mosaique fm, indiquant qu\u2019au cours de la...\" \/>\n<link rel=\"canonical\" href=\"https:\/\/www.webdo.tn\/fr\/actualite\/divers\/tunis-explosion-d-une-conduite-de-gaz-a-la-cite-ennasr\/217034\/\" \/>\n<meta property=\"og:locale\" content=\"fr_FR\" \/>\n<meta property=\"og:type\" content=\"article\" \/>\n<meta property=\"og:title\" content=\"Tunis : Explosion d&#039;une conduite de gaz \u00e0 la Cit\u00e9 Ennasr\" \/>\n<meta property=\"og:description\" content=\"Le colonel Moez Tri\u00e2a, porte-parole de la Protection civile, est revenu ce matin, dans une d\u00e9claration sur les ondes de Mosaique fm, indiquant qu\u2019au cours de la...\" \/>\n<meta property=\"og:url\" content=\"https:\/\/www.webdo.tn\/fr\/actualite\/divers\/tunis-explosion-d-une-conduite-de-gaz-a-la-cite-ennasr\/217034\/\" \/>\n<meta property=\"og:site_name\" content=\"webdo\" \/>\n<meta property=\"article:publisher\" content=\"https:\/\/www.facebook.com\/webdotn\" \/>\n<meta property=\"article:published_time\" content=\"2024-10-17T10:36:00+00:00\" \/>\n<meta property=\"article:modified_time\" content=\"2025-05-20T21:47:45+00:00\" \/>\n<meta property=\"og:image\" content=\"https:\/\/www.webdo.tn\/fr\/wp-content\/uploads\/2024\/10\/fc3cb2ea39009e9762b5ee90de855351.webp\" \/>\n\t<meta property=\"og:image:width\" content=\"750\" \/>\n\t<meta property=\"og:image:height\" content=\"400\" \/>\n\t<meta property=\"og:image:type\" content=\"image\/webp\" \/>\n<meta name=\"author\" content=\"MC\" \/>\n<meta name=\"twitter:card\" content=\"summary_large_image\" \/>\n<meta name=\"twitter:creator\" content=\"@webdo_tn\" \/>\n<meta name=\"twitter:site\" content=\"@webdo_tn\" \/>\n<meta name=\"twitter:label1\" content=\"\u00c9crit par\" \/>\n\t<meta name=\"twitter:data1\" content=\"MC\" \/>\n\t<meta name=\"twitter:label2\" content=\"Dur\u00e9e de lecture estim\u00e9e\" \/>\n\t<meta name=\"twitter:data2\" content=\"1 minute\" \/>\n<script type=\"application\/ld+json\" class=\"yoast-schema-graph\">{\"@context\":\"https:\\\/\\\/schema.org\",\"@graph\":[{\"@type\":\"NewsArticle\",\"@id\":\"https:\\\/\\\/www.webdo.tn\\\/fr\\\/actualite\\\/divers\\\/tunis-explosion-d-une-conduite-de-gaz-a-la-cite-ennasr\\\/217034\\\/#article\",\"isPartOf\":{\"@id\":\"https:\\\/\\\/www.webdo.tn\\\/fr\\\/actualite\\\/divers\\\/tunis-explosion-d-une-conduite-de-gaz-a-la-cite-ennasr\\\/217034\\\/\"},\"author\":{\"name\":\"MC\",\"@id\":\"https:\\\/\\\/www.webdo.tn\\\/fr\\\/#\\\/schema\\\/person\\\/2c4929cbf5a809e3bd38617c6ce150f6\"},\"headline\":\"Tunis : Explosion d&rsquo;une conduite de gaz \u00e0 la Cit\u00e9 Ennasr\",\"datePublished\":\"2024-10-17T10:36:00+00:00\",\"dateModified\":\"2025-05-20T21:47:45+00:00\",\"mainEntityOfPage\":{\"@id\":\"https:\\\/\\\/www.webdo.tn\\\/fr\\\/actualite\\\/divers\\\/tunis-explosion-d-une-conduite-de-gaz-a-la-cite-ennasr\\\/217034\\\/\"},\"wordCount\":215,\"commentCount\":0,\"publisher\":{\"@id\":\"https:\\\/\\\/www.webdo.tn\\\/fr\\\/#organization\"},\"image\":{\"@id\":\"https:\\\/\\\/www.webdo.tn\\\/fr\\\/actualite\\\/divers\\\/tunis-explosion-d-une-conduite-de-gaz-a-la-cite-ennasr\\\/217034\\\/#primaryimage\"},\"thumbnailUrl\":\"https:\\\/\\\/www.webdo.tn\\\/fr\\\/wp-content\\\/uploads\\\/2024\\\/10\\\/fc3cb2ea39009e9762b5ee90de855351.webp\",\"keywords\":[\"bless\u00e9\",\"cit\u00e9 ennasr\",\"Explosion\",\"Gaz\",\"steg\",\"Tunisie\"],\"articleSection\":[\"Divers\"],\"inLanguage\":\"fr-FR\"},{\"@type\":\"WebPage\",\"@id\":\"https:\\\/\\\/www.webdo.tn\\\/fr\\\/actualite\\\/divers\\\/tunis-explosion-d-une-conduite-de-gaz-a-la-cite-ennasr\\\/217034\\\/\",\"url\":\"https:\\\/\\\/www.webdo.tn\\\/fr\\\/actualite\\\/divers\\\/tunis-explosion-d-une-conduite-de-gaz-a-la-cite-ennasr\\\/217034\\\/\",\"name\":\"Tunis : Explosion d'une conduite de gaz \u00e0 la Cit\u00e9 Ennasr\",\"isPartOf\":{\"@id\":\"https:\\\/\\\/www.webdo.tn\\\/fr\\\/#website\"},\"primaryImageOfPage\":{\"@id\":\"https:\\\/\\\/www.webdo.tn\\\/fr\\\/actualite\\\/divers\\\/tunis-explosion-d-une-conduite-de-gaz-a-la-cite-ennasr\\\/217034\\\/#primaryimage\"},\"image\":{\"@id\":\"https:\\\/\\\/www.webdo.tn\\\/fr\\\/actualite\\\/divers\\\/tunis-explosion-d-une-conduite-de-gaz-a-la-cite-ennasr\\\/217034\\\/#primaryimage\"},\"thumbnailUrl\":\"https:\\\/\\\/www.webdo.tn\\\/fr\\\/wp-content\\\/uploads\\\/2024\\\/10\\\/fc3cb2ea39009e9762b5ee90de855351.webp\",\"datePublished\":\"2024-10-17T10:36:00+00:00\",\"dateModified\":\"2025-05-20T21:47:45+00:00\",\"description\":\"Le colonel Moez Tri\u00e2a, porte-parole de la Protection civile, est revenu ce matin, dans une d\u00e9claration sur les ondes de Mosaique fm, indiquant qu\u2019au cours de la...\",\"breadcrumb\":{\"@id\":\"https:\\\/\\\/www.webdo.tn\\\/fr\\\/actualite\\\/divers\\\/tunis-explosion-d-une-conduite-de-gaz-a-la-cite-ennasr\\\/217034\\\/#breadcrumb\"},\"inLanguage\":\"fr-FR\",\"potentialAction\":[{\"@type\":\"ReadAction\",\"target\":[\"https:\\\/\\\/www.webdo.tn\\\/fr\\\/actualite\\\/divers\\\/tunis-explosion-d-une-conduite-de-gaz-a-la-cite-ennasr\\\/217034\\\/\"]}]},{\"@type\":\"ImageObject\",\"inLanguage\":\"fr-FR\",\"@id\":\"https:\\\/\\\/www.webdo.tn\\\/fr\\\/actualite\\\/divers\\\/tunis-explosion-d-une-conduite-de-gaz-a-la-cite-ennasr\\\/217034\\\/#primaryimage\",\"url\":\"https:\\\/\\\/www.webdo.tn\\\/fr\\\/wp-content\\\/uploads\\\/2024\\\/10\\\/fc3cb2ea39009e9762b5ee90de855351.webp\",\"contentUrl\":\"https:\\\/\\\/www.webdo.tn\\\/fr\\\/wp-content\\\/uploads\\\/2024\\\/10\\\/fc3cb2ea39009e9762b5ee90de855351.webp\",\"width\":750,\"height\":400,\"caption\":\"Tunis : Explosion d'une conduite de gaz \u00e0 la Cit\u00e9 Ennasr\"},{\"@type\":\"BreadcrumbList\",\"@id\":\"https:\\\/\\\/www.webdo.tn\\\/fr\\\/actualite\\\/divers\\\/tunis-explosion-d-une-conduite-de-gaz-a-la-cite-ennasr\\\/217034\\\/#breadcrumb\",\"itemListElement\":[{\"@type\":\"ListItem\",\"position\":1,\"name\":\"Accueil\",\"item\":\"https:\\\/\\\/www.webdo.tn\\\/fr\\\/\"},{\"@type\":\"ListItem\",\"position\":2,\"name\":\"Tunis : Explosion d&rsquo;une conduite de gaz \u00e0 la Cit\u00e9 Ennasr\"}]},{\"@type\":\"WebSite\",\"@id\":\"https:\\\/\\\/www.webdo.tn\\\/fr\\\/#website\",\"url\":\"https:\\\/\\\/www.webdo.tn\\\/fr\\\/\",\"name\":\"webdo\",\"description\":\"Tunisie - News en Tunisie et \u00e0 l&#039;international sur Webdo.tn\",\"publisher\":{\"@id\":\"https:\\\/\\\/www.webdo.tn\\\/fr\\\/#organization\"},\"potentialAction\":[{\"@type\":\"SearchAction\",\"target\":{\"@type\":\"EntryPoint\",\"urlTemplate\":\"https:\\\/\\\/www.webdo.tn\\\/fr\\\/?s={search_term_string}\"},\"query-input\":{\"@type\":\"PropertyValueSpecification\",\"valueRequired\":true,\"valueName\":\"search_term_string\"}}],\"inLanguage\":\"fr-FR\"},{\"@type\":\"Organization\",\"@id\":\"https:\\\/\\\/www.webdo.tn\\\/fr\\\/#organization\",\"name\":\"Webdo\",\"alternateName\":\"Webdo.tn\",\"url\":\"https:\\\/\\\/www.webdo.tn\\\/fr\\\/\",\"logo\":{\"@type\":\"ImageObject\",\"inLanguage\":\"fr-FR\",\"@id\":\"https:\\\/\\\/www.webdo.tn\\\/fr\\\/#\\\/schema\\\/logo\\\/image\\\/\",\"url\":\"https:\\\/\\\/www.webdo.tn\\\/fr\\\/wp-content\\\/uploads\\\/2025\\\/06\\\/Webdo-Tunisie_168377.jpg\",\"contentUrl\":\"https:\\\/\\\/www.webdo.tn\\\/fr\\\/wp-content\\\/uploads\\\/2025\\\/06\\\/Webdo-Tunisie_168377.jpg\",\"width\":301,\"height\":301,\"caption\":\"Webdo\"},\"image\":{\"@id\":\"https:\\\/\\\/www.webdo.tn\\\/fr\\\/#\\\/schema\\\/logo\\\/image\\\/\"},\"sameAs\":[\"https:\\\/\\\/www.facebook.com\\\/webdotn\",\"https:\\\/\\\/x.com\\\/webdo_tn\"],\"description\":\"Webdo est un m\u00e9dia num\u00e9rique tunisien fond\u00e9 en 2010, sp\u00e9cialis\u00e9 dans l\u2019actualit\u00e9 nationale et internationale, l\u2019\u00e9conomie, la soci\u00e9t\u00e9 et les analyses politiques. Le site s\u2019adresse \u00e0 un large public francophone et couvre l\u2019information tunisienne en temps r\u00e9el.\",\"email\":\"redac@webdo.tn\",\"legalName\":\"YNJ SARL\",\"foundingDate\":\"2010-09-06\",\"numberOfEmployees\":{\"@type\":\"QuantitativeValue\",\"minValue\":\"11\",\"maxValue\":\"50\"}},{\"@type\":\"Person\",\"@id\":\"https:\\\/\\\/www.webdo.tn\\\/fr\\\/#\\\/schema\\\/person\\\/2c4929cbf5a809e3bd38617c6ce150f6\",\"name\":\"MC\",\"image\":{\"@type\":\"ImageObject\",\"inLanguage\":\"fr-FR\",\"@id\":\"https:\\\/\\\/secure.gravatar.com\\\/avatar\\\/a545bbb6f84efdd5553dbbc2895e3ca8f1d12c5215e00a041c9670b54aa9b18a?s=96&d=mm&r=g\",\"url\":\"https:\\\/\\\/secure.gravatar.com\\\/avatar\\\/a545bbb6f84efdd5553dbbc2895e3ca8f1d12c5215e00a041c9670b54aa9b18a?s=96&d=mm&r=g\",\"contentUrl\":\"https:\\\/\\\/secure.gravatar.com\\\/avatar\\\/a545bbb6f84efdd5553dbbc2895e3ca8f1d12c5215e00a041c9670b54aa9b18a?s=96&d=mm&r=g\",\"caption\":\"MC\"},\"url\":\"https:\\\/\\\/www.webdo.tn\\\/fr\\\/actualite\\\/author\\\/mc\\\/\"}]}<\/script>\n<!-- \/ Yoast SEO Premium plugin. -->","yoast_head_json":{"title":"Tunis : Explosion d'une conduite de gaz \u00e0 la Cit\u00e9 Ennasr","description":"Le colonel Moez Tri\u00e2a, porte-parole de la Protection civile, est revenu ce matin, dans une d\u00e9claration sur les ondes de Mosaique fm, indiquant qu\u2019au cours de la...","canonical":"https:\/\/www.webdo.tn\/fr\/actualite\/divers\/tunis-explosion-d-une-conduite-de-gaz-a-la-cite-ennasr\/217034\/","og_locale":"fr_FR","og_type":"article","og_title":"Tunis : Explosion d'une conduite de gaz \u00e0 la Cit\u00e9 Ennasr","og_description":"Le colonel Moez Tri\u00e2a, porte-parole de la Protection civile, est revenu ce matin, dans une d\u00e9claration sur les ondes de Mosaique fm, indiquant qu\u2019au cours de la...","og_url":"https:\/\/www.webdo.tn\/fr\/actualite\/divers\/tunis-explosion-d-une-conduite-de-gaz-a-la-cite-ennasr\/217034\/","og_site_name":"webdo","article_publisher":"https:\/\/www.facebook.com\/webdotn","article_published_time":"2024-10-17T10:36:00+00:00","article_modified_time":"2025-05-20T21:47:45+00:00","og_image":[{"width":750,"height":400,"url":"https:\/\/www.webdo.tn\/fr\/wp-content\/uploads\/2024\/10\/fc3cb2ea39009e9762b5ee90de855351.webp","type":"image\/webp"}],"author":"MC","twitter_card":"summary_large_image","twitter_creator":"@webdo_tn","twitter_site":"@webdo_tn","twitter_misc":{"\u00c9crit par":"MC","Dur\u00e9e de lecture estim\u00e9e":"1 minute"},"schema":{"@context":"https:\/\/schema.org","@graph":[{"@type":"NewsArticle","@id":"https:\/\/www.webdo.tn\/fr\/actualite\/divers\/tunis-explosion-d-une-conduite-de-gaz-a-la-cite-ennasr\/217034\/#article","isPartOf":{"@id":"https:\/\/www.webdo.tn\/fr\/actualite\/divers\/tunis-explosion-d-une-conduite-de-gaz-a-la-cite-ennasr\/217034\/"},"author":{"name":"MC","@id":"https:\/\/www.webdo.tn\/fr\/#\/schema\/person\/2c4929cbf5a809e3bd38617c6ce150f6"},"headline":"Tunis : Explosion d&rsquo;une conduite de gaz \u00e0 la Cit\u00e9 Ennasr","datePublished":"2024-10-17T10:36:00+00:00","dateModified":"2025-05-20T21:47:45+00:00","mainEntityOfPage":{"@id":"https:\/\/www.webdo.tn\/fr\/actualite\/divers\/tunis-explosion-d-une-conduite-de-gaz-a-la-cite-ennasr\/217034\/"},"wordCount":215,"commentCount":0,"publisher":{"@id":"https:\/\/www.webdo.tn\/fr\/#organization"},"image":{"@id":"https:\/\/www.webdo.tn\/fr\/actualite\/divers\/tunis-explosion-d-une-conduite-de-gaz-a-la-cite-ennasr\/217034\/#primaryimage"},"thumbnailUrl":"https:\/\/www.webdo.tn\/fr\/wp-content\/uploads\/2024\/10\/fc3cb2ea39009e9762b5ee90de855351.webp","keywords":["bless\u00e9","cit\u00e9 ennasr","Explosion","Gaz","steg","Tunisie"],"articleSection":["Divers"],"inLanguage":"fr-FR"},{"@type":"WebPage","@id":"https:\/\/www.webdo.tn\/fr\/actualite\/divers\/tunis-explosion-d-une-conduite-de-gaz-a-la-cite-ennasr\/217034\/","url":"https:\/\/www.webdo.tn\/fr\/actualite\/divers\/tunis-explosion-d-une-conduite-de-gaz-a-la-cite-ennasr\/217034\/","name":"Tunis : Explosion d'une conduite de gaz \u00e0 la Cit\u00e9 Ennasr","isPartOf":{"@id":"https:\/\/www.webdo.tn\/fr\/#website"},"primaryImageOfPage":{"@id":"https:\/\/www.webdo.tn\/fr\/actualite\/divers\/tunis-explosion-d-une-conduite-de-gaz-a-la-cite-ennasr\/217034\/#primaryimage"},"image":{"@id":"https:\/\/www.webdo.tn\/fr\/actualite\/divers\/tunis-explosion-d-une-conduite-de-gaz-a-la-cite-ennasr\/217034\/#primaryimage"},"thumbnailUrl":"https:\/\/www.webdo.tn\/fr\/wp-content\/uploads\/2024\/10\/fc3cb2ea39009e9762b5ee90de855351.webp","datePublished":"2024-10-17T10:36:00+00:00","dateModified":"2025-05-20T21:47:45+00:00","description":"Le colonel Moez Tri\u00e2a, porte-parole de la Protection civile, est revenu ce matin, dans une d\u00e9claration sur les ondes de Mosaique fm, indiquant qu\u2019au cours de la...","breadcrumb":{"@id":"https:\/\/www.webdo.tn\/fr\/actualite\/divers\/tunis-explosion-d-une-conduite-de-gaz-a-la-cite-ennasr\/217034\/#breadcrumb"},"inLanguage":"fr-FR","potentialAction":[{"@type":"ReadAction","target":["https:\/\/www.webdo.tn\/fr\/actualite\/divers\/tunis-explosion-d-une-conduite-de-gaz-a-la-cite-ennasr\/217034\/"]}]},{"@type":"ImageObject","inLanguage":"fr-FR","@id":"https:\/\/www.webdo.tn\/fr\/actualite\/divers\/tunis-explosion-d-une-conduite-de-gaz-a-la-cite-ennasr\/217034\/#primaryimage","url":"https:\/\/www.webdo.tn\/fr\/wp-content\/uploads\/2024\/10\/fc3cb2ea39009e9762b5ee90de855351.webp","contentUrl":"https:\/\/www.webdo.tn\/fr\/wp-content\/uploads\/2024\/10\/fc3cb2ea39009e9762b5ee90de855351.webp","width":750,"height":400,"caption":"Tunis : Explosion d'une conduite de gaz \u00e0 la Cit\u00e9 Ennasr"},{"@type":"BreadcrumbList","@id":"https:\/\/www.webdo.tn\/fr\/actualite\/divers\/tunis-explosion-d-une-conduite-de-gaz-a-la-cite-ennasr\/217034\/#breadcrumb","itemListElement":[{"@type":"ListItem","position":1,"name":"Accueil","item":"https:\/\/www.webdo.tn\/fr\/"},{"@type":"ListItem","position":2,"name":"Tunis : Explosion d&rsquo;une conduite de gaz \u00e0 la Cit\u00e9 Ennasr"}]},{"@type":"WebSite","@id":"https:\/\/www.webdo.tn\/fr\/#website","url":"https:\/\/www.webdo.tn\/fr\/","name":"webdo","description":"Tunisie - News en Tunisie et \u00e0 l&#039;international sur Webdo.tn","publisher":{"@id":"https:\/\/www.webdo.tn\/fr\/#organization"},"potentialAction":[{"@type":"SearchAction","target":{"@type":"EntryPoint","urlTemplate":"https:\/\/www.webdo.tn\/fr\/?s={search_term_string}"},"query-input":{"@type":"PropertyValueSpecification","valueRequired":true,"valueName":"search_term_string"}}],"inLanguage":"fr-FR"},{"@type":"Organization","@id":"https:\/\/www.webdo.tn\/fr\/#organization","name":"Webdo","alternateName":"Webdo.tn","url":"https:\/\/www.webdo.tn\/fr\/","logo":{"@type":"ImageObject","inLanguage":"fr-FR","@id":"https:\/\/www.webdo.tn\/fr\/#\/schema\/logo\/image\/","url":"https:\/\/www.webdo.tn\/fr\/wp-content\/uploads\/2025\/06\/Webdo-Tunisie_168377.jpg","contentUrl":"https:\/\/www.webdo.tn\/fr\/wp-content\/uploads\/2025\/06\/Webdo-Tunisie_168377.jpg","width":301,"height":301,"caption":"Webdo"},"image":{"@id":"https:\/\/www.webdo.tn\/fr\/#\/schema\/logo\/image\/"},"sameAs":["https:\/\/www.facebook.com\/webdotn","https:\/\/x.com\/webdo_tn"],"description":"Webdo est un m\u00e9dia num\u00e9rique tunisien fond\u00e9 en 2010, sp\u00e9cialis\u00e9 dans l\u2019actualit\u00e9 nationale et internationale, l\u2019\u00e9conomie, la soci\u00e9t\u00e9 et les analyses politiques. Le site s\u2019adresse \u00e0 un large public francophone et couvre l\u2019information tunisienne en temps r\u00e9el.","email":"redac@webdo.tn","legalName":"YNJ SARL","foundingDate":"2010-09-06","numberOfEmployees":{"@type":"QuantitativeValue","minValue":"11","maxValue":"50"}},{"@type":"Person","@id":"https:\/\/www.webdo.tn\/fr\/#\/schema\/person\/2c4929cbf5a809e3bd38617c6ce150f6","name":"MC","image":{"@type":"ImageObject","inLanguage":"fr-FR","@id":"https:\/\/secure.gravatar.com\/avatar\/a545bbb6f84efdd5553dbbc2895e3ca8f1d12c5215e00a041c9670b54aa9b18a?s=96&d=mm&r=g","url":"https:\/\/secure.gravatar.com\/avatar\/a545bbb6f84efdd5553dbbc2895e3ca8f1d12c5215e00a041c9670b54aa9b18a?s=96&d=mm&r=g","contentUrl":"https:\/\/secure.gravatar.com\/avatar\/a545bbb6f84efdd5553dbbc2895e3ca8f1d12c5215e00a041c9670b54aa9b18a?s=96&d=mm&r=g","caption":"MC"},"url":"https:\/\/www.webdo.tn\/fr\/actualite\/author\/mc\/"}]}},"_links":{"self":[{"href":"https:\/\/www.webdo.tn\/fr\/wp-json\/wp\/v2\/posts\/217034","targetHints":{"allow":["GET"]}}],"collection":[{"href":"https:\/\/www.webdo.tn\/fr\/wp-json\/wp\/v2\/posts"}],"about":[{"href":"https:\/\/www.webdo.tn\/fr\/wp-json\/wp\/v2\/types\/post"}],"author":[{"embeddable":true,"href":"https:\/\/www.webdo.tn\/fr\/wp-json\/wp\/v2\/users\/3162"}],"replies":[{"embeddable":true,"href":"https:\/\/www.webdo.tn\/fr\/wp-json\/wp\/v2\/comments?post=217034"}],"version-history":[{"count":0,"href":"https:\/\/www.webdo.tn\/fr\/wp-json\/wp\/v2\/posts\/217034\/revisions"}],"wp:featuredmedia":[{"embeddable":true,"href":"https:\/\/www.webdo.tn\/fr\/wp-json\/wp\/v2\/media\/246322"}],"wp:attachment":[{"href":"https:\/\/www.webdo.tn\/fr\/wp-json\/wp\/v2\/media?parent=217034"}],"wp:term":[{"taxonomy":"category","embeddable":true,"href":"https:\/\/www.webdo.tn\/fr\/wp-json\/wp\/v2\/categories?post=217034"},{"taxonomy":"post_tag","embeddable":true,"href":"https:\/\/www.webdo.tn\/fr\/wp-json\/wp\/v2\/tags?post=217034"}],"curies":[{"name":"wp","href":"https:\/\/api.w.org\/{rel}","templated":true}]}}