{"id":217026,"date":"2024-10-16T20:21:00","date_gmt":"2024-10-16T20:21:00","guid":{"rendered":"https:\/\/www.webdo.tn\/fr\/blog\/tunisie-plf-2025-mesures-fiscales-pour-les-vehicules-hybrides\/217026\/"},"modified":"2025-05-21T09:02:42","modified_gmt":"2025-05-21T09:02:42","slug":"tunisie-plf-2025-mesures-fiscales-pour-les-vehicules-hybrides","status":"publish","type":"post","link":"https:\/\/www.webdo.tn\/fr\/actualite\/national\/tunisie-plf-2025-mesures-fiscales-pour-les-vehicules-hybrides\/217026\/","title":{"rendered":"Tunisie &#8211; PLF 2025 : Mesures fiscales pour les v\u00e9hicules hybrides"},"content":{"rendered":"<p>Le projet de loi de finances 2025 introduit des mesures fiscales pour favoriser l&rsquo;importation de v\u00e9hicules hybrides en Tunisie.<\/p>\n<p>En effet, le projet de loi de finances 2025 propose une TVA r\u00e9duite \u00e0 7% et une exon\u00e9ration des droits de consommation pour ces v\u00e9hicules, ainsi que pour les bus et camions hybrides rechargeables.<\/p>\n<p>Les bornes de recharge pour v\u00e9hicules et bicyclettes \u00e9lectriques seront \u00e9galement concern\u00e9es, avec des droits douaniers de 10% et une TVA \u00e0 7%. Ces mesures visent \u00e0 renforcer les infrastructures de mobilit\u00e9 \u00e9lectrique.<\/p>\n<p>L&rsquo;article 53 du projet pr\u00e9voit que les v\u00e9hicules hybrides et \u00e9lectriques, recharg\u00e9s via une source externe, b\u00e9n\u00e9ficieront d&rsquo;all\u00e8gements fiscaux. Les v\u00e9hicules class\u00e9s sous les tarifs douaniers 8703 et 8704 seront exon\u00e9r\u00e9s de droits de consommation.<\/p>\n<p>La r\u00e9duction de la TVA de 19% \u00e0 7% s&rsquo;appliquera \u00e9galement aux stations de recharge domestiques jusqu&rsquo;au 31 d\u00e9cembre 2027. Ces initiatives s&rsquo;inscrivent dans une strat\u00e9gie plus large de promotion de l&rsquo;\u00e9conomie verte et de la transition \u00e9nerg\u00e9tique d&rsquo;ici 2035.<\/p>\n","protected":false},"excerpt":{"rendered":"<p>Le projet de loi de finances 2025 en Tunisie pr\u00e9voit une r\u00e9duction de la TVA \u00e0 7% sur l&rsquo;importation de v\u00e9hicules hybrides et des exon\u00e9rations pour les bornes de&#8230;<\/p>\n","protected":false},"author":3166,"featured_media":246318,"comment_status":"open","ping_status":"closed","sticky":false,"template":"","format":"standard","meta":{"footnotes":""},"categories":[44],"tags":[4645,5309,2608,5041,5392],"class_list":["post-217026","post","type-post","status-publish","format-standard","has-post-thumbnail","hentry","category-national","tag-exonerations","tag-plf2025","tag-tunisie","tag-tva","tag-vehicules-hybrides"],"yoast_head":"<!-- This site is optimized with the Yoast SEO Premium plugin v27.5 (Yoast SEO v27.5) - https:\/\/yoast.com\/product\/yoast-seo-premium-wordpress\/ -->\n<title>Tunisie - PLF 2025 : Mesures fiscales pour les v\u00e9hicules hybrides<\/title>\n<meta name=\"description\" content=\"Le projet de loi de finances 2025 en Tunisie pr\u00e9voit une r\u00e9duction de la TVA \u00e0 7% sur l&#039;importation de v\u00e9hicules hybrides et des exon\u00e9rations pour les bornes de...\" \/>\n<link rel=\"canonical\" href=\"https:\/\/www.webdo.tn\/fr\/actualite\/national\/tunisie-plf-2025-mesures-fiscales-pour-les-vehicules-hybrides\/217026\/\" \/>\n<meta property=\"og:locale\" content=\"fr_FR\" \/>\n<meta property=\"og:type\" content=\"article\" \/>\n<meta property=\"og:title\" content=\"Tunisie - PLF 2025 : Mesures fiscales pour les v\u00e9hicules hybrides\" \/>\n<meta property=\"og:description\" content=\"Le projet de loi de finances 2025 en Tunisie pr\u00e9voit une r\u00e9duction de la TVA \u00e0 7% sur l&#039;importation de v\u00e9hicules hybrides et des exon\u00e9rations pour les bornes de...\" \/>\n<meta property=\"og:url\" content=\"https:\/\/www.webdo.tn\/fr\/actualite\/national\/tunisie-plf-2025-mesures-fiscales-pour-les-vehicules-hybrides\/217026\/\" \/>\n<meta property=\"og:site_name\" content=\"webdo\" \/>\n<meta property=\"article:publisher\" content=\"https:\/\/www.facebook.com\/webdotn\" \/>\n<meta property=\"article:published_time\" content=\"2024-10-16T20:21:00+00:00\" \/>\n<meta property=\"article:modified_time\" content=\"2025-05-21T09:02:42+00:00\" \/>\n<meta property=\"og:image\" content=\"https:\/\/www.webdo.tn\/fr\/wp-content\/uploads\/2024\/10\/9be472dad5e3f7343505c60f3475844b.webp\" \/>\n\t<meta property=\"og:image:width\" content=\"750\" \/>\n\t<meta property=\"og:image:height\" content=\"400\" \/>\n\t<meta property=\"og:image:type\" content=\"image\/webp\" \/>\n<meta name=\"author\" content=\"AZ\" \/>\n<meta name=\"twitter:card\" content=\"summary_large_image\" \/>\n<meta name=\"twitter:creator\" content=\"@webdo_tn\" \/>\n<meta name=\"twitter:site\" content=\"@webdo_tn\" \/>\n<meta name=\"twitter:label1\" content=\"\u00c9crit par\" \/>\n\t<meta name=\"twitter:data1\" content=\"AZ\" \/>\n\t<meta name=\"twitter:label2\" content=\"Dur\u00e9e de lecture estim\u00e9e\" \/>\n\t<meta name=\"twitter:data2\" content=\"1 minute\" \/>\n<script type=\"application\/ld+json\" class=\"yoast-schema-graph\">{\"@context\":\"https:\\\/\\\/schema.org\",\"@graph\":[{\"@type\":\"NewsArticle\",\"@id\":\"https:\\\/\\\/www.webdo.tn\\\/fr\\\/actualite\\\/national\\\/tunisie-plf-2025-mesures-fiscales-pour-les-vehicules-hybrides\\\/217026\\\/#article\",\"isPartOf\":{\"@id\":\"https:\\\/\\\/www.webdo.tn\\\/fr\\\/actualite\\\/national\\\/tunisie-plf-2025-mesures-fiscales-pour-les-vehicules-hybrides\\\/217026\\\/\"},\"author\":{\"name\":\"AZ\",\"@id\":\"https:\\\/\\\/www.webdo.tn\\\/fr\\\/#\\\/schema\\\/person\\\/b8a41c04d93287d375510db360906b34\"},\"headline\":\"Tunisie &#8211; PLF 2025 : Mesures fiscales pour les v\u00e9hicules hybrides\",\"datePublished\":\"2024-10-16T20:21:00+00:00\",\"dateModified\":\"2025-05-21T09:02:42+00:00\",\"mainEntityOfPage\":{\"@id\":\"https:\\\/\\\/www.webdo.tn\\\/fr\\\/actualite\\\/national\\\/tunisie-plf-2025-mesures-fiscales-pour-les-vehicules-hybrides\\\/217026\\\/\"},\"wordCount\":182,\"commentCount\":0,\"publisher\":{\"@id\":\"https:\\\/\\\/www.webdo.tn\\\/fr\\\/#organization\"},\"image\":{\"@id\":\"https:\\\/\\\/www.webdo.tn\\\/fr\\\/actualite\\\/national\\\/tunisie-plf-2025-mesures-fiscales-pour-les-vehicules-hybrides\\\/217026\\\/#primaryimage\"},\"thumbnailUrl\":\"https:\\\/\\\/www.webdo.tn\\\/fr\\\/wp-content\\\/uploads\\\/2024\\\/10\\\/9be472dad5e3f7343505c60f3475844b.webp\",\"keywords\":[\"exon\u00e9rations\",\"PLF2025\",\"Tunisie\",\"tva\",\"v\u00e9hicules hybrides\"],\"articleSection\":[\"National\"],\"inLanguage\":\"fr-FR\"},{\"@type\":\"WebPage\",\"@id\":\"https:\\\/\\\/www.webdo.tn\\\/fr\\\/actualite\\\/national\\\/tunisie-plf-2025-mesures-fiscales-pour-les-vehicules-hybrides\\\/217026\\\/\",\"url\":\"https:\\\/\\\/www.webdo.tn\\\/fr\\\/actualite\\\/national\\\/tunisie-plf-2025-mesures-fiscales-pour-les-vehicules-hybrides\\\/217026\\\/\",\"name\":\"Tunisie - PLF 2025 : Mesures fiscales pour les v\u00e9hicules hybrides\",\"isPartOf\":{\"@id\":\"https:\\\/\\\/www.webdo.tn\\\/fr\\\/#website\"},\"primaryImageOfPage\":{\"@id\":\"https:\\\/\\\/www.webdo.tn\\\/fr\\\/actualite\\\/national\\\/tunisie-plf-2025-mesures-fiscales-pour-les-vehicules-hybrides\\\/217026\\\/#primaryimage\"},\"image\":{\"@id\":\"https:\\\/\\\/www.webdo.tn\\\/fr\\\/actualite\\\/national\\\/tunisie-plf-2025-mesures-fiscales-pour-les-vehicules-hybrides\\\/217026\\\/#primaryimage\"},\"thumbnailUrl\":\"https:\\\/\\\/www.webdo.tn\\\/fr\\\/wp-content\\\/uploads\\\/2024\\\/10\\\/9be472dad5e3f7343505c60f3475844b.webp\",\"datePublished\":\"2024-10-16T20:21:00+00:00\",\"dateModified\":\"2025-05-21T09:02:42+00:00\",\"description\":\"Le projet de loi de finances 2025 en Tunisie pr\u00e9voit une r\u00e9duction de la TVA \u00e0 7% sur l'importation de v\u00e9hicules hybrides et des exon\u00e9rations pour les bornes de...\",\"breadcrumb\":{\"@id\":\"https:\\\/\\\/www.webdo.tn\\\/fr\\\/actualite\\\/national\\\/tunisie-plf-2025-mesures-fiscales-pour-les-vehicules-hybrides\\\/217026\\\/#breadcrumb\"},\"inLanguage\":\"fr-FR\",\"potentialAction\":[{\"@type\":\"ReadAction\",\"target\":[\"https:\\\/\\\/www.webdo.tn\\\/fr\\\/actualite\\\/national\\\/tunisie-plf-2025-mesures-fiscales-pour-les-vehicules-hybrides\\\/217026\\\/\"]}]},{\"@type\":\"ImageObject\",\"inLanguage\":\"fr-FR\",\"@id\":\"https:\\\/\\\/www.webdo.tn\\\/fr\\\/actualite\\\/national\\\/tunisie-plf-2025-mesures-fiscales-pour-les-vehicules-hybrides\\\/217026\\\/#primaryimage\",\"url\":\"https:\\\/\\\/www.webdo.tn\\\/fr\\\/wp-content\\\/uploads\\\/2024\\\/10\\\/9be472dad5e3f7343505c60f3475844b.webp\",\"contentUrl\":\"https:\\\/\\\/www.webdo.tn\\\/fr\\\/wp-content\\\/uploads\\\/2024\\\/10\\\/9be472dad5e3f7343505c60f3475844b.webp\",\"width\":750,\"height\":400,\"caption\":\"Tunisie - PLF 2025 : Mesures fiscales pour les v\u00e9hicules hybrides\"},{\"@type\":\"BreadcrumbList\",\"@id\":\"https:\\\/\\\/www.webdo.tn\\\/fr\\\/actualite\\\/national\\\/tunisie-plf-2025-mesures-fiscales-pour-les-vehicules-hybrides\\\/217026\\\/#breadcrumb\",\"itemListElement\":[{\"@type\":\"ListItem\",\"position\":1,\"name\":\"Accueil\",\"item\":\"https:\\\/\\\/www.webdo.tn\\\/fr\\\/\"},{\"@type\":\"ListItem\",\"position\":2,\"name\":\"Tunisie &#8211; PLF 2025 : Mesures fiscales pour les v\u00e9hicules hybrides\"}]},{\"@type\":\"WebSite\",\"@id\":\"https:\\\/\\\/www.webdo.tn\\\/fr\\\/#website\",\"url\":\"https:\\\/\\\/www.webdo.tn\\\/fr\\\/\",\"name\":\"webdo\",\"description\":\"Tunisie - News en Tunisie et \u00e0 l&#039;international sur Webdo.tn\",\"publisher\":{\"@id\":\"https:\\\/\\\/www.webdo.tn\\\/fr\\\/#organization\"},\"potentialAction\":[{\"@type\":\"SearchAction\",\"target\":{\"@type\":\"EntryPoint\",\"urlTemplate\":\"https:\\\/\\\/www.webdo.tn\\\/fr\\\/?s={search_term_string}\"},\"query-input\":{\"@type\":\"PropertyValueSpecification\",\"valueRequired\":true,\"valueName\":\"search_term_string\"}}],\"inLanguage\":\"fr-FR\"},{\"@type\":\"Organization\",\"@id\":\"https:\\\/\\\/www.webdo.tn\\\/fr\\\/#organization\",\"name\":\"Webdo\",\"alternateName\":\"Webdo.tn\",\"url\":\"https:\\\/\\\/www.webdo.tn\\\/fr\\\/\",\"logo\":{\"@type\":\"ImageObject\",\"inLanguage\":\"fr-FR\",\"@id\":\"https:\\\/\\\/www.webdo.tn\\\/fr\\\/#\\\/schema\\\/logo\\\/image\\\/\",\"url\":\"https:\\\/\\\/www.webdo.tn\\\/fr\\\/wp-content\\\/uploads\\\/2025\\\/06\\\/Webdo-Tunisie_168377.jpg\",\"contentUrl\":\"https:\\\/\\\/www.webdo.tn\\\/fr\\\/wp-content\\\/uploads\\\/2025\\\/06\\\/Webdo-Tunisie_168377.jpg\",\"width\":301,\"height\":301,\"caption\":\"Webdo\"},\"image\":{\"@id\":\"https:\\\/\\\/www.webdo.tn\\\/fr\\\/#\\\/schema\\\/logo\\\/image\\\/\"},\"sameAs\":[\"https:\\\/\\\/www.facebook.com\\\/webdotn\",\"https:\\\/\\\/x.com\\\/webdo_tn\"],\"description\":\"Webdo est un m\u00e9dia num\u00e9rique tunisien fond\u00e9 en 2010, sp\u00e9cialis\u00e9 dans l\u2019actualit\u00e9 nationale et internationale, l\u2019\u00e9conomie, la soci\u00e9t\u00e9 et les analyses politiques. Le site s\u2019adresse \u00e0 un large public francophone et couvre l\u2019information tunisienne en temps r\u00e9el.\",\"email\":\"redac@webdo.tn\",\"legalName\":\"YNJ SARL\",\"foundingDate\":\"2010-09-06\",\"numberOfEmployees\":{\"@type\":\"QuantitativeValue\",\"minValue\":\"11\",\"maxValue\":\"50\"}},{\"@type\":\"Person\",\"@id\":\"https:\\\/\\\/www.webdo.tn\\\/fr\\\/#\\\/schema\\\/person\\\/b8a41c04d93287d375510db360906b34\",\"name\":\"AZ\",\"image\":{\"@type\":\"ImageObject\",\"inLanguage\":\"fr-FR\",\"@id\":\"https:\\\/\\\/secure.gravatar.com\\\/avatar\\\/492b80bada79439de4201dce15cd41eece6c277cfdf1b53382073c79105c1f89?s=96&d=mm&r=g\",\"url\":\"https:\\\/\\\/secure.gravatar.com\\\/avatar\\\/492b80bada79439de4201dce15cd41eece6c277cfdf1b53382073c79105c1f89?s=96&d=mm&r=g\",\"contentUrl\":\"https:\\\/\\\/secure.gravatar.com\\\/avatar\\\/492b80bada79439de4201dce15cd41eece6c277cfdf1b53382073c79105c1f89?s=96&d=mm&r=g\",\"caption\":\"AZ\"},\"url\":\"https:\\\/\\\/www.webdo.tn\\\/fr\\\/actualite\\\/author\\\/az\\\/\"}]}<\/script>\n<!-- \/ Yoast SEO Premium plugin. -->","yoast_head_json":{"title":"Tunisie - PLF 2025 : Mesures fiscales pour les v\u00e9hicules hybrides","description":"Le projet de loi de finances 2025 en Tunisie pr\u00e9voit une r\u00e9duction de la TVA \u00e0 7% sur l'importation de v\u00e9hicules hybrides et des exon\u00e9rations pour les bornes de...","canonical":"https:\/\/www.webdo.tn\/fr\/actualite\/national\/tunisie-plf-2025-mesures-fiscales-pour-les-vehicules-hybrides\/217026\/","og_locale":"fr_FR","og_type":"article","og_title":"Tunisie - PLF 2025 : Mesures fiscales pour les v\u00e9hicules hybrides","og_description":"Le projet de loi de finances 2025 en Tunisie pr\u00e9voit une r\u00e9duction de la TVA \u00e0 7% sur l'importation de v\u00e9hicules hybrides et des exon\u00e9rations pour les bornes de...","og_url":"https:\/\/www.webdo.tn\/fr\/actualite\/national\/tunisie-plf-2025-mesures-fiscales-pour-les-vehicules-hybrides\/217026\/","og_site_name":"webdo","article_publisher":"https:\/\/www.facebook.com\/webdotn","article_published_time":"2024-10-16T20:21:00+00:00","article_modified_time":"2025-05-21T09:02:42+00:00","og_image":[{"width":750,"height":400,"url":"https:\/\/www.webdo.tn\/fr\/wp-content\/uploads\/2024\/10\/9be472dad5e3f7343505c60f3475844b.webp","type":"image\/webp"}],"author":"AZ","twitter_card":"summary_large_image","twitter_creator":"@webdo_tn","twitter_site":"@webdo_tn","twitter_misc":{"\u00c9crit par":"AZ","Dur\u00e9e de lecture estim\u00e9e":"1 minute"},"schema":{"@context":"https:\/\/schema.org","@graph":[{"@type":"NewsArticle","@id":"https:\/\/www.webdo.tn\/fr\/actualite\/national\/tunisie-plf-2025-mesures-fiscales-pour-les-vehicules-hybrides\/217026\/#article","isPartOf":{"@id":"https:\/\/www.webdo.tn\/fr\/actualite\/national\/tunisie-plf-2025-mesures-fiscales-pour-les-vehicules-hybrides\/217026\/"},"author":{"name":"AZ","@id":"https:\/\/www.webdo.tn\/fr\/#\/schema\/person\/b8a41c04d93287d375510db360906b34"},"headline":"Tunisie &#8211; PLF 2025 : Mesures fiscales pour les v\u00e9hicules hybrides","datePublished":"2024-10-16T20:21:00+00:00","dateModified":"2025-05-21T09:02:42+00:00","mainEntityOfPage":{"@id":"https:\/\/www.webdo.tn\/fr\/actualite\/national\/tunisie-plf-2025-mesures-fiscales-pour-les-vehicules-hybrides\/217026\/"},"wordCount":182,"commentCount":0,"publisher":{"@id":"https:\/\/www.webdo.tn\/fr\/#organization"},"image":{"@id":"https:\/\/www.webdo.tn\/fr\/actualite\/national\/tunisie-plf-2025-mesures-fiscales-pour-les-vehicules-hybrides\/217026\/#primaryimage"},"thumbnailUrl":"https:\/\/www.webdo.tn\/fr\/wp-content\/uploads\/2024\/10\/9be472dad5e3f7343505c60f3475844b.webp","keywords":["exon\u00e9rations","PLF2025","Tunisie","tva","v\u00e9hicules hybrides"],"articleSection":["National"],"inLanguage":"fr-FR"},{"@type":"WebPage","@id":"https:\/\/www.webdo.tn\/fr\/actualite\/national\/tunisie-plf-2025-mesures-fiscales-pour-les-vehicules-hybrides\/217026\/","url":"https:\/\/www.webdo.tn\/fr\/actualite\/national\/tunisie-plf-2025-mesures-fiscales-pour-les-vehicules-hybrides\/217026\/","name":"Tunisie - PLF 2025 : Mesures fiscales pour les v\u00e9hicules hybrides","isPartOf":{"@id":"https:\/\/www.webdo.tn\/fr\/#website"},"primaryImageOfPage":{"@id":"https:\/\/www.webdo.tn\/fr\/actualite\/national\/tunisie-plf-2025-mesures-fiscales-pour-les-vehicules-hybrides\/217026\/#primaryimage"},"image":{"@id":"https:\/\/www.webdo.tn\/fr\/actualite\/national\/tunisie-plf-2025-mesures-fiscales-pour-les-vehicules-hybrides\/217026\/#primaryimage"},"thumbnailUrl":"https:\/\/www.webdo.tn\/fr\/wp-content\/uploads\/2024\/10\/9be472dad5e3f7343505c60f3475844b.webp","datePublished":"2024-10-16T20:21:00+00:00","dateModified":"2025-05-21T09:02:42+00:00","description":"Le projet de loi de finances 2025 en Tunisie pr\u00e9voit une r\u00e9duction de la TVA \u00e0 7% sur l'importation de v\u00e9hicules hybrides et des exon\u00e9rations pour les bornes de...","breadcrumb":{"@id":"https:\/\/www.webdo.tn\/fr\/actualite\/national\/tunisie-plf-2025-mesures-fiscales-pour-les-vehicules-hybrides\/217026\/#breadcrumb"},"inLanguage":"fr-FR","potentialAction":[{"@type":"ReadAction","target":["https:\/\/www.webdo.tn\/fr\/actualite\/national\/tunisie-plf-2025-mesures-fiscales-pour-les-vehicules-hybrides\/217026\/"]}]},{"@type":"ImageObject","inLanguage":"fr-FR","@id":"https:\/\/www.webdo.tn\/fr\/actualite\/national\/tunisie-plf-2025-mesures-fiscales-pour-les-vehicules-hybrides\/217026\/#primaryimage","url":"https:\/\/www.webdo.tn\/fr\/wp-content\/uploads\/2024\/10\/9be472dad5e3f7343505c60f3475844b.webp","contentUrl":"https:\/\/www.webdo.tn\/fr\/wp-content\/uploads\/2024\/10\/9be472dad5e3f7343505c60f3475844b.webp","width":750,"height":400,"caption":"Tunisie - PLF 2025 : Mesures fiscales pour les v\u00e9hicules hybrides"},{"@type":"BreadcrumbList","@id":"https:\/\/www.webdo.tn\/fr\/actualite\/national\/tunisie-plf-2025-mesures-fiscales-pour-les-vehicules-hybrides\/217026\/#breadcrumb","itemListElement":[{"@type":"ListItem","position":1,"name":"Accueil","item":"https:\/\/www.webdo.tn\/fr\/"},{"@type":"ListItem","position":2,"name":"Tunisie &#8211; PLF 2025 : Mesures fiscales pour les v\u00e9hicules hybrides"}]},{"@type":"WebSite","@id":"https:\/\/www.webdo.tn\/fr\/#website","url":"https:\/\/www.webdo.tn\/fr\/","name":"webdo","description":"Tunisie - News en Tunisie et \u00e0 l&#039;international sur Webdo.tn","publisher":{"@id":"https:\/\/www.webdo.tn\/fr\/#organization"},"potentialAction":[{"@type":"SearchAction","target":{"@type":"EntryPoint","urlTemplate":"https:\/\/www.webdo.tn\/fr\/?s={search_term_string}"},"query-input":{"@type":"PropertyValueSpecification","valueRequired":true,"valueName":"search_term_string"}}],"inLanguage":"fr-FR"},{"@type":"Organization","@id":"https:\/\/www.webdo.tn\/fr\/#organization","name":"Webdo","alternateName":"Webdo.tn","url":"https:\/\/www.webdo.tn\/fr\/","logo":{"@type":"ImageObject","inLanguage":"fr-FR","@id":"https:\/\/www.webdo.tn\/fr\/#\/schema\/logo\/image\/","url":"https:\/\/www.webdo.tn\/fr\/wp-content\/uploads\/2025\/06\/Webdo-Tunisie_168377.jpg","contentUrl":"https:\/\/www.webdo.tn\/fr\/wp-content\/uploads\/2025\/06\/Webdo-Tunisie_168377.jpg","width":301,"height":301,"caption":"Webdo"},"image":{"@id":"https:\/\/www.webdo.tn\/fr\/#\/schema\/logo\/image\/"},"sameAs":["https:\/\/www.facebook.com\/webdotn","https:\/\/x.com\/webdo_tn"],"description":"Webdo est un m\u00e9dia num\u00e9rique tunisien fond\u00e9 en 2010, sp\u00e9cialis\u00e9 dans l\u2019actualit\u00e9 nationale et internationale, l\u2019\u00e9conomie, la soci\u00e9t\u00e9 et les analyses politiques. Le site s\u2019adresse \u00e0 un large public francophone et couvre l\u2019information tunisienne en temps r\u00e9el.","email":"redac@webdo.tn","legalName":"YNJ SARL","foundingDate":"2010-09-06","numberOfEmployees":{"@type":"QuantitativeValue","minValue":"11","maxValue":"50"}},{"@type":"Person","@id":"https:\/\/www.webdo.tn\/fr\/#\/schema\/person\/b8a41c04d93287d375510db360906b34","name":"AZ","image":{"@type":"ImageObject","inLanguage":"fr-FR","@id":"https:\/\/secure.gravatar.com\/avatar\/492b80bada79439de4201dce15cd41eece6c277cfdf1b53382073c79105c1f89?s=96&d=mm&r=g","url":"https:\/\/secure.gravatar.com\/avatar\/492b80bada79439de4201dce15cd41eece6c277cfdf1b53382073c79105c1f89?s=96&d=mm&r=g","contentUrl":"https:\/\/secure.gravatar.com\/avatar\/492b80bada79439de4201dce15cd41eece6c277cfdf1b53382073c79105c1f89?s=96&d=mm&r=g","caption":"AZ"},"url":"https:\/\/www.webdo.tn\/fr\/actualite\/author\/az\/"}]}},"_links":{"self":[{"href":"https:\/\/www.webdo.tn\/fr\/wp-json\/wp\/v2\/posts\/217026","targetHints":{"allow":["GET"]}}],"collection":[{"href":"https:\/\/www.webdo.tn\/fr\/wp-json\/wp\/v2\/posts"}],"about":[{"href":"https:\/\/www.webdo.tn\/fr\/wp-json\/wp\/v2\/types\/post"}],"author":[{"embeddable":true,"href":"https:\/\/www.webdo.tn\/fr\/wp-json\/wp\/v2\/users\/3166"}],"replies":[{"embeddable":true,"href":"https:\/\/www.webdo.tn\/fr\/wp-json\/wp\/v2\/comments?post=217026"}],"version-history":[{"count":0,"href":"https:\/\/www.webdo.tn\/fr\/wp-json\/wp\/v2\/posts\/217026\/revisions"}],"wp:featuredmedia":[{"embeddable":true,"href":"https:\/\/www.webdo.tn\/fr\/wp-json\/wp\/v2\/media\/246318"}],"wp:attachment":[{"href":"https:\/\/www.webdo.tn\/fr\/wp-json\/wp\/v2\/media?parent=217026"}],"wp:term":[{"taxonomy":"category","embeddable":true,"href":"https:\/\/www.webdo.tn\/fr\/wp-json\/wp\/v2\/categories?post=217026"},{"taxonomy":"post_tag","embeddable":true,"href":"https:\/\/www.webdo.tn\/fr\/wp-json\/wp\/v2\/tags?post=217026"}],"curies":[{"name":"wp","href":"https:\/\/api.w.org\/{rel}","templated":true}]}}