{"id":217024,"date":"2024-10-16T19:09:00","date_gmt":"2024-10-16T19:09:00","guid":{"rendered":"https:\/\/www.webdo.tn\/fr\/blog\/tunisie-plf-vers-une-extension-du-programme-de-retraite-anticipee\/217024\/"},"modified":"2025-05-21T09:02:41","modified_gmt":"2025-05-21T09:02:41","slug":"tunisie-plf-vers-une-extension-du-programme-de-retraite-anticipee","status":"publish","type":"post","link":"https:\/\/www.webdo.tn\/fr\/actualite\/national\/tunisie-plf-vers-une-extension-du-programme-de-retraite-anticipee\/217024\/","title":{"rendered":"Tunisie &#8211; PLF 2025 :  Vers une extension du programme de retraite anticip\u00e9e"},"content":{"rendered":"<p>Le projet de loi de finances pour l&rsquo;ann\u00e9e 2025 inclut une proposition visant \u00e0 prolonger le programme de retraite anticip\u00e9e avant l&rsquo;\u00e2ge l\u00e9gal, d\u00e9j\u00e0 en vigueur depuis 2022<\/p>\n<p>\t\t\t\t\t\t\t\t\tCe programme, introduit dans la loi de finances de 2022 par l&rsquo;article 14, permet aux fonctionnaires de demander leur d\u00e9part \u00e0 la retraite avant d&rsquo;atteindre l&rsquo;\u00e2ge l\u00e9gal, sous r\u00e9serve de remplir certaines conditions. Les fonctionnaires concern\u00e9s doivent avoir atteint au moins 57 ans durant la p\u00e9riode allant du 1er janvier 2022 au 31 d\u00e9cembre 2024, et justifier d&rsquo;une dur\u00e9e de service suffisante pour pr\u00e9tendre \u00e0 une pension de retraite.<\/p>\n<p>Le d\u00e9put\u00e9 Chokri El Bahri a publi\u00e9 sur sa page Facebook le texte de l&rsquo;article 12 du nouveau projet de loi, qui propose de reconduire les dispositions de l&rsquo;article 14 du d\u00e9cret n\u00b021 de l&rsquo;ann\u00e9e 2021, relatif \u00e0 la loi de finances de 2022. Cette reconduction permettrait de maintenir les m\u00eames conditions, proc\u00e9dures et modalit\u00e9s d\u00e9j\u00e0 pr\u00e9vues par les r\u00e8glements en vigueur, et ce, pour la p\u00e9riode allant du 1er janvier 2025 au 31 d\u00e9cembre 2027.<\/p>\n<p>Dans une note explicative, le minist\u00e8re des Finances a pr\u00e9cis\u00e9 que, depuis le lancement de ce programme jusqu&rsquo;\u00e0 la fin du mois d&rsquo;ao\u00fbt 2024, environ 12 351 demandes ont \u00e9t\u00e9 valid\u00e9es, et 11 762 fonctionnaires ont d\u00e9j\u00e0 commenc\u00e9 \u00e0 percevoir une pension de retraite anticip\u00e9e.<\/p>\n<p>Le minist\u00e8re justifie cette proposition de prolongation par la volont\u00e9 de poursuivre les efforts engag\u00e9s pour r\u00e9duire progressivement la masse salariale de l&rsquo;\u00c9tat, en la ramenant \u00e0 des niveaux jug\u00e9s plus raisonnables par rapport au produit int\u00e9rieur brut (PIB). Cette mesure vise \u00e9galement \u00e0 r\u00e9tablir les \u00e9quilibres financiers du pays, \u00e0 garantir la p\u00e9rennit\u00e9 des finances publiques, ainsi qu&rsquo;\u00e0 rationaliser la gestion des ressources humaines dans la fonction publique.<\/p>\n","protected":false},"excerpt":{"rendered":"<p>Le projet de loi de finances 2025 propose de prolonger le programme de retraite anticip\u00e9e, permettant aux fonctionnaires de partir avant l&rsquo;\u00e2ge l\u00e9gal, afin de r\u00e9&#8230;<\/p>\n","protected":false},"author":3166,"featured_media":246316,"comment_status":"open","ping_status":"closed","sticky":false,"template":"","format":"standard","meta":{"footnotes":""},"categories":[44],"tags":[5309,4860,4449,2608],"class_list":["post-217024","post","type-post","status-publish","format-standard","has-post-thumbnail","hentry","category-national","tag-plf2025","tag-projet-de-loi-de-finances","tag-retraite-anticipee","tag-tunisie"],"yoast_head":"<!-- This site is optimized with the Yoast SEO Premium plugin v27.5 (Yoast SEO v27.5) - https:\/\/yoast.com\/product\/yoast-seo-premium-wordpress\/ -->\n<title>Tunisie - PLF 2025 : Vers une extension du programme de retraite anticip\u00e9e<\/title>\n<meta name=\"description\" content=\"Le projet de loi de finances 2025 propose de prolonger le programme de retraite anticip\u00e9e, permettant aux fonctionnaires de partir avant l&#039;\u00e2ge l\u00e9gal, afin de r\u00e9...\" \/>\n<link rel=\"canonical\" href=\"https:\/\/www.webdo.tn\/fr\/actualite\/national\/tunisie-plf-vers-une-extension-du-programme-de-retraite-anticipee\/217024\/\" \/>\n<meta property=\"og:locale\" content=\"fr_FR\" \/>\n<meta property=\"og:type\" content=\"article\" \/>\n<meta property=\"og:title\" content=\"Tunisie - PLF 2025 : Vers une extension du programme de retraite anticip\u00e9e\" \/>\n<meta property=\"og:description\" content=\"Le projet de loi de finances 2025 propose de prolonger le programme de retraite anticip\u00e9e, permettant aux fonctionnaires de partir avant l&#039;\u00e2ge l\u00e9gal, afin de r\u00e9...\" \/>\n<meta property=\"og:url\" content=\"https:\/\/www.webdo.tn\/fr\/actualite\/national\/tunisie-plf-vers-une-extension-du-programme-de-retraite-anticipee\/217024\/\" \/>\n<meta property=\"og:site_name\" content=\"webdo\" \/>\n<meta property=\"article:publisher\" content=\"https:\/\/www.facebook.com\/webdotn\" \/>\n<meta property=\"article:published_time\" content=\"2024-10-16T19:09:00+00:00\" \/>\n<meta property=\"article:modified_time\" content=\"2025-05-21T09:02:41+00:00\" \/>\n<meta property=\"og:image\" content=\"https:\/\/www.webdo.tn\/fr\/wp-content\/uploads\/2024\/10\/82f8cddd721bae7d975b4142e2f8013a.webp\" \/>\n\t<meta property=\"og:image:width\" content=\"750\" \/>\n\t<meta property=\"og:image:height\" content=\"400\" \/>\n\t<meta property=\"og:image:type\" content=\"image\/webp\" \/>\n<meta name=\"author\" content=\"AZ\" \/>\n<meta name=\"twitter:card\" content=\"summary_large_image\" \/>\n<meta name=\"twitter:creator\" content=\"@webdo_tn\" \/>\n<meta name=\"twitter:site\" content=\"@webdo_tn\" \/>\n<meta name=\"twitter:label1\" content=\"\u00c9crit par\" \/>\n\t<meta name=\"twitter:data1\" content=\"AZ\" \/>\n\t<meta name=\"twitter:label2\" content=\"Dur\u00e9e de lecture estim\u00e9e\" \/>\n\t<meta name=\"twitter:data2\" content=\"1 minute\" \/>\n<script type=\"application\/ld+json\" class=\"yoast-schema-graph\">{\"@context\":\"https:\\\/\\\/schema.org\",\"@graph\":[{\"@type\":\"NewsArticle\",\"@id\":\"https:\\\/\\\/www.webdo.tn\\\/fr\\\/actualite\\\/national\\\/tunisie-plf-vers-une-extension-du-programme-de-retraite-anticipee\\\/217024\\\/#article\",\"isPartOf\":{\"@id\":\"https:\\\/\\\/www.webdo.tn\\\/fr\\\/actualite\\\/national\\\/tunisie-plf-vers-une-extension-du-programme-de-retraite-anticipee\\\/217024\\\/\"},\"author\":{\"name\":\"AZ\",\"@id\":\"https:\\\/\\\/www.webdo.tn\\\/fr\\\/#\\\/schema\\\/person\\\/b8a41c04d93287d375510db360906b34\"},\"headline\":\"Tunisie &#8211; PLF 2025 : Vers une extension du programme de retraite anticip\u00e9e\",\"datePublished\":\"2024-10-16T19:09:00+00:00\",\"dateModified\":\"2025-05-21T09:02:41+00:00\",\"mainEntityOfPage\":{\"@id\":\"https:\\\/\\\/www.webdo.tn\\\/fr\\\/actualite\\\/national\\\/tunisie-plf-vers-une-extension-du-programme-de-retraite-anticipee\\\/217024\\\/\"},\"wordCount\":318,\"commentCount\":0,\"publisher\":{\"@id\":\"https:\\\/\\\/www.webdo.tn\\\/fr\\\/#organization\"},\"image\":{\"@id\":\"https:\\\/\\\/www.webdo.tn\\\/fr\\\/actualite\\\/national\\\/tunisie-plf-vers-une-extension-du-programme-de-retraite-anticipee\\\/217024\\\/#primaryimage\"},\"thumbnailUrl\":\"https:\\\/\\\/www.webdo.tn\\\/fr\\\/wp-content\\\/uploads\\\/2024\\\/10\\\/82f8cddd721bae7d975b4142e2f8013a.webp\",\"keywords\":[\"PLF2025\",\"projet de loi de finances\",\"retraite anticip\u00e9e\",\"Tunisie\"],\"articleSection\":[\"National\"],\"inLanguage\":\"fr-FR\"},{\"@type\":\"WebPage\",\"@id\":\"https:\\\/\\\/www.webdo.tn\\\/fr\\\/actualite\\\/national\\\/tunisie-plf-vers-une-extension-du-programme-de-retraite-anticipee\\\/217024\\\/\",\"url\":\"https:\\\/\\\/www.webdo.tn\\\/fr\\\/actualite\\\/national\\\/tunisie-plf-vers-une-extension-du-programme-de-retraite-anticipee\\\/217024\\\/\",\"name\":\"Tunisie - PLF 2025 : Vers une extension du programme de retraite anticip\u00e9e\",\"isPartOf\":{\"@id\":\"https:\\\/\\\/www.webdo.tn\\\/fr\\\/#website\"},\"primaryImageOfPage\":{\"@id\":\"https:\\\/\\\/www.webdo.tn\\\/fr\\\/actualite\\\/national\\\/tunisie-plf-vers-une-extension-du-programme-de-retraite-anticipee\\\/217024\\\/#primaryimage\"},\"image\":{\"@id\":\"https:\\\/\\\/www.webdo.tn\\\/fr\\\/actualite\\\/national\\\/tunisie-plf-vers-une-extension-du-programme-de-retraite-anticipee\\\/217024\\\/#primaryimage\"},\"thumbnailUrl\":\"https:\\\/\\\/www.webdo.tn\\\/fr\\\/wp-content\\\/uploads\\\/2024\\\/10\\\/82f8cddd721bae7d975b4142e2f8013a.webp\",\"datePublished\":\"2024-10-16T19:09:00+00:00\",\"dateModified\":\"2025-05-21T09:02:41+00:00\",\"description\":\"Le projet de loi de finances 2025 propose de prolonger le programme de retraite anticip\u00e9e, permettant aux fonctionnaires de partir avant l'\u00e2ge l\u00e9gal, afin de r\u00e9...\",\"breadcrumb\":{\"@id\":\"https:\\\/\\\/www.webdo.tn\\\/fr\\\/actualite\\\/national\\\/tunisie-plf-vers-une-extension-du-programme-de-retraite-anticipee\\\/217024\\\/#breadcrumb\"},\"inLanguage\":\"fr-FR\",\"potentialAction\":[{\"@type\":\"ReadAction\",\"target\":[\"https:\\\/\\\/www.webdo.tn\\\/fr\\\/actualite\\\/national\\\/tunisie-plf-vers-une-extension-du-programme-de-retraite-anticipee\\\/217024\\\/\"]}]},{\"@type\":\"ImageObject\",\"inLanguage\":\"fr-FR\",\"@id\":\"https:\\\/\\\/www.webdo.tn\\\/fr\\\/actualite\\\/national\\\/tunisie-plf-vers-une-extension-du-programme-de-retraite-anticipee\\\/217024\\\/#primaryimage\",\"url\":\"https:\\\/\\\/www.webdo.tn\\\/fr\\\/wp-content\\\/uploads\\\/2024\\\/10\\\/82f8cddd721bae7d975b4142e2f8013a.webp\",\"contentUrl\":\"https:\\\/\\\/www.webdo.tn\\\/fr\\\/wp-content\\\/uploads\\\/2024\\\/10\\\/82f8cddd721bae7d975b4142e2f8013a.webp\",\"width\":750,\"height\":400,\"caption\":\"Tunisie - PLF 2025 : Vers une extension du programme de retraite anticip\u00e9e\"},{\"@type\":\"BreadcrumbList\",\"@id\":\"https:\\\/\\\/www.webdo.tn\\\/fr\\\/actualite\\\/national\\\/tunisie-plf-vers-une-extension-du-programme-de-retraite-anticipee\\\/217024\\\/#breadcrumb\",\"itemListElement\":[{\"@type\":\"ListItem\",\"position\":1,\"name\":\"Accueil\",\"item\":\"https:\\\/\\\/www.webdo.tn\\\/fr\\\/\"},{\"@type\":\"ListItem\",\"position\":2,\"name\":\"Tunisie &#8211; PLF 2025 : Vers une extension du programme de retraite anticip\u00e9e\"}]},{\"@type\":\"WebSite\",\"@id\":\"https:\\\/\\\/www.webdo.tn\\\/fr\\\/#website\",\"url\":\"https:\\\/\\\/www.webdo.tn\\\/fr\\\/\",\"name\":\"webdo\",\"description\":\"Tunisie - News en Tunisie et \u00e0 l&#039;international sur Webdo.tn\",\"publisher\":{\"@id\":\"https:\\\/\\\/www.webdo.tn\\\/fr\\\/#organization\"},\"potentialAction\":[{\"@type\":\"SearchAction\",\"target\":{\"@type\":\"EntryPoint\",\"urlTemplate\":\"https:\\\/\\\/www.webdo.tn\\\/fr\\\/?s={search_term_string}\"},\"query-input\":{\"@type\":\"PropertyValueSpecification\",\"valueRequired\":true,\"valueName\":\"search_term_string\"}}],\"inLanguage\":\"fr-FR\"},{\"@type\":\"Organization\",\"@id\":\"https:\\\/\\\/www.webdo.tn\\\/fr\\\/#organization\",\"name\":\"Webdo\",\"alternateName\":\"Webdo.tn\",\"url\":\"https:\\\/\\\/www.webdo.tn\\\/fr\\\/\",\"logo\":{\"@type\":\"ImageObject\",\"inLanguage\":\"fr-FR\",\"@id\":\"https:\\\/\\\/www.webdo.tn\\\/fr\\\/#\\\/schema\\\/logo\\\/image\\\/\",\"url\":\"https:\\\/\\\/www.webdo.tn\\\/fr\\\/wp-content\\\/uploads\\\/2025\\\/06\\\/Webdo-Tunisie_168377.jpg\",\"contentUrl\":\"https:\\\/\\\/www.webdo.tn\\\/fr\\\/wp-content\\\/uploads\\\/2025\\\/06\\\/Webdo-Tunisie_168377.jpg\",\"width\":301,\"height\":301,\"caption\":\"Webdo\"},\"image\":{\"@id\":\"https:\\\/\\\/www.webdo.tn\\\/fr\\\/#\\\/schema\\\/logo\\\/image\\\/\"},\"sameAs\":[\"https:\\\/\\\/www.facebook.com\\\/webdotn\",\"https:\\\/\\\/x.com\\\/webdo_tn\"],\"description\":\"Webdo est un m\u00e9dia num\u00e9rique tunisien fond\u00e9 en 2010, sp\u00e9cialis\u00e9 dans l\u2019actualit\u00e9 nationale et internationale, l\u2019\u00e9conomie, la soci\u00e9t\u00e9 et les analyses politiques. Le site s\u2019adresse \u00e0 un large public francophone et couvre l\u2019information tunisienne en temps r\u00e9el.\",\"email\":\"redac@webdo.tn\",\"legalName\":\"YNJ SARL\",\"foundingDate\":\"2010-09-06\",\"numberOfEmployees\":{\"@type\":\"QuantitativeValue\",\"minValue\":\"11\",\"maxValue\":\"50\"}},{\"@type\":\"Person\",\"@id\":\"https:\\\/\\\/www.webdo.tn\\\/fr\\\/#\\\/schema\\\/person\\\/b8a41c04d93287d375510db360906b34\",\"name\":\"AZ\",\"image\":{\"@type\":\"ImageObject\",\"inLanguage\":\"fr-FR\",\"@id\":\"https:\\\/\\\/secure.gravatar.com\\\/avatar\\\/492b80bada79439de4201dce15cd41eece6c277cfdf1b53382073c79105c1f89?s=96&d=mm&r=g\",\"url\":\"https:\\\/\\\/secure.gravatar.com\\\/avatar\\\/492b80bada79439de4201dce15cd41eece6c277cfdf1b53382073c79105c1f89?s=96&d=mm&r=g\",\"contentUrl\":\"https:\\\/\\\/secure.gravatar.com\\\/avatar\\\/492b80bada79439de4201dce15cd41eece6c277cfdf1b53382073c79105c1f89?s=96&d=mm&r=g\",\"caption\":\"AZ\"},\"url\":\"https:\\\/\\\/www.webdo.tn\\\/fr\\\/actualite\\\/author\\\/az\\\/\"}]}<\/script>\n<!-- \/ Yoast SEO Premium plugin. -->","yoast_head_json":{"title":"Tunisie - PLF 2025 : Vers une extension du programme de retraite anticip\u00e9e","description":"Le projet de loi de finances 2025 propose de prolonger le programme de retraite anticip\u00e9e, permettant aux fonctionnaires de partir avant l'\u00e2ge l\u00e9gal, afin de r\u00e9...","canonical":"https:\/\/www.webdo.tn\/fr\/actualite\/national\/tunisie-plf-vers-une-extension-du-programme-de-retraite-anticipee\/217024\/","og_locale":"fr_FR","og_type":"article","og_title":"Tunisie - PLF 2025 : Vers une extension du programme de retraite anticip\u00e9e","og_description":"Le projet de loi de finances 2025 propose de prolonger le programme de retraite anticip\u00e9e, permettant aux fonctionnaires de partir avant l'\u00e2ge l\u00e9gal, afin de r\u00e9...","og_url":"https:\/\/www.webdo.tn\/fr\/actualite\/national\/tunisie-plf-vers-une-extension-du-programme-de-retraite-anticipee\/217024\/","og_site_name":"webdo","article_publisher":"https:\/\/www.facebook.com\/webdotn","article_published_time":"2024-10-16T19:09:00+00:00","article_modified_time":"2025-05-21T09:02:41+00:00","og_image":[{"width":750,"height":400,"url":"https:\/\/www.webdo.tn\/fr\/wp-content\/uploads\/2024\/10\/82f8cddd721bae7d975b4142e2f8013a.webp","type":"image\/webp"}],"author":"AZ","twitter_card":"summary_large_image","twitter_creator":"@webdo_tn","twitter_site":"@webdo_tn","twitter_misc":{"\u00c9crit par":"AZ","Dur\u00e9e de lecture estim\u00e9e":"1 minute"},"schema":{"@context":"https:\/\/schema.org","@graph":[{"@type":"NewsArticle","@id":"https:\/\/www.webdo.tn\/fr\/actualite\/national\/tunisie-plf-vers-une-extension-du-programme-de-retraite-anticipee\/217024\/#article","isPartOf":{"@id":"https:\/\/www.webdo.tn\/fr\/actualite\/national\/tunisie-plf-vers-une-extension-du-programme-de-retraite-anticipee\/217024\/"},"author":{"name":"AZ","@id":"https:\/\/www.webdo.tn\/fr\/#\/schema\/person\/b8a41c04d93287d375510db360906b34"},"headline":"Tunisie &#8211; PLF 2025 : Vers une extension du programme de retraite anticip\u00e9e","datePublished":"2024-10-16T19:09:00+00:00","dateModified":"2025-05-21T09:02:41+00:00","mainEntityOfPage":{"@id":"https:\/\/www.webdo.tn\/fr\/actualite\/national\/tunisie-plf-vers-une-extension-du-programme-de-retraite-anticipee\/217024\/"},"wordCount":318,"commentCount":0,"publisher":{"@id":"https:\/\/www.webdo.tn\/fr\/#organization"},"image":{"@id":"https:\/\/www.webdo.tn\/fr\/actualite\/national\/tunisie-plf-vers-une-extension-du-programme-de-retraite-anticipee\/217024\/#primaryimage"},"thumbnailUrl":"https:\/\/www.webdo.tn\/fr\/wp-content\/uploads\/2024\/10\/82f8cddd721bae7d975b4142e2f8013a.webp","keywords":["PLF2025","projet de loi de finances","retraite anticip\u00e9e","Tunisie"],"articleSection":["National"],"inLanguage":"fr-FR"},{"@type":"WebPage","@id":"https:\/\/www.webdo.tn\/fr\/actualite\/national\/tunisie-plf-vers-une-extension-du-programme-de-retraite-anticipee\/217024\/","url":"https:\/\/www.webdo.tn\/fr\/actualite\/national\/tunisie-plf-vers-une-extension-du-programme-de-retraite-anticipee\/217024\/","name":"Tunisie - PLF 2025 : Vers une extension du programme de retraite anticip\u00e9e","isPartOf":{"@id":"https:\/\/www.webdo.tn\/fr\/#website"},"primaryImageOfPage":{"@id":"https:\/\/www.webdo.tn\/fr\/actualite\/national\/tunisie-plf-vers-une-extension-du-programme-de-retraite-anticipee\/217024\/#primaryimage"},"image":{"@id":"https:\/\/www.webdo.tn\/fr\/actualite\/national\/tunisie-plf-vers-une-extension-du-programme-de-retraite-anticipee\/217024\/#primaryimage"},"thumbnailUrl":"https:\/\/www.webdo.tn\/fr\/wp-content\/uploads\/2024\/10\/82f8cddd721bae7d975b4142e2f8013a.webp","datePublished":"2024-10-16T19:09:00+00:00","dateModified":"2025-05-21T09:02:41+00:00","description":"Le projet de loi de finances 2025 propose de prolonger le programme de retraite anticip\u00e9e, permettant aux fonctionnaires de partir avant l'\u00e2ge l\u00e9gal, afin de r\u00e9...","breadcrumb":{"@id":"https:\/\/www.webdo.tn\/fr\/actualite\/national\/tunisie-plf-vers-une-extension-du-programme-de-retraite-anticipee\/217024\/#breadcrumb"},"inLanguage":"fr-FR","potentialAction":[{"@type":"ReadAction","target":["https:\/\/www.webdo.tn\/fr\/actualite\/national\/tunisie-plf-vers-une-extension-du-programme-de-retraite-anticipee\/217024\/"]}]},{"@type":"ImageObject","inLanguage":"fr-FR","@id":"https:\/\/www.webdo.tn\/fr\/actualite\/national\/tunisie-plf-vers-une-extension-du-programme-de-retraite-anticipee\/217024\/#primaryimage","url":"https:\/\/www.webdo.tn\/fr\/wp-content\/uploads\/2024\/10\/82f8cddd721bae7d975b4142e2f8013a.webp","contentUrl":"https:\/\/www.webdo.tn\/fr\/wp-content\/uploads\/2024\/10\/82f8cddd721bae7d975b4142e2f8013a.webp","width":750,"height":400,"caption":"Tunisie - PLF 2025 : Vers une extension du programme de retraite anticip\u00e9e"},{"@type":"BreadcrumbList","@id":"https:\/\/www.webdo.tn\/fr\/actualite\/national\/tunisie-plf-vers-une-extension-du-programme-de-retraite-anticipee\/217024\/#breadcrumb","itemListElement":[{"@type":"ListItem","position":1,"name":"Accueil","item":"https:\/\/www.webdo.tn\/fr\/"},{"@type":"ListItem","position":2,"name":"Tunisie &#8211; PLF 2025 : Vers une extension du programme de retraite anticip\u00e9e"}]},{"@type":"WebSite","@id":"https:\/\/www.webdo.tn\/fr\/#website","url":"https:\/\/www.webdo.tn\/fr\/","name":"webdo","description":"Tunisie - News en Tunisie et \u00e0 l&#039;international sur Webdo.tn","publisher":{"@id":"https:\/\/www.webdo.tn\/fr\/#organization"},"potentialAction":[{"@type":"SearchAction","target":{"@type":"EntryPoint","urlTemplate":"https:\/\/www.webdo.tn\/fr\/?s={search_term_string}"},"query-input":{"@type":"PropertyValueSpecification","valueRequired":true,"valueName":"search_term_string"}}],"inLanguage":"fr-FR"},{"@type":"Organization","@id":"https:\/\/www.webdo.tn\/fr\/#organization","name":"Webdo","alternateName":"Webdo.tn","url":"https:\/\/www.webdo.tn\/fr\/","logo":{"@type":"ImageObject","inLanguage":"fr-FR","@id":"https:\/\/www.webdo.tn\/fr\/#\/schema\/logo\/image\/","url":"https:\/\/www.webdo.tn\/fr\/wp-content\/uploads\/2025\/06\/Webdo-Tunisie_168377.jpg","contentUrl":"https:\/\/www.webdo.tn\/fr\/wp-content\/uploads\/2025\/06\/Webdo-Tunisie_168377.jpg","width":301,"height":301,"caption":"Webdo"},"image":{"@id":"https:\/\/www.webdo.tn\/fr\/#\/schema\/logo\/image\/"},"sameAs":["https:\/\/www.facebook.com\/webdotn","https:\/\/x.com\/webdo_tn"],"description":"Webdo est un m\u00e9dia num\u00e9rique tunisien fond\u00e9 en 2010, sp\u00e9cialis\u00e9 dans l\u2019actualit\u00e9 nationale et internationale, l\u2019\u00e9conomie, la soci\u00e9t\u00e9 et les analyses politiques. Le site s\u2019adresse \u00e0 un large public francophone et couvre l\u2019information tunisienne en temps r\u00e9el.","email":"redac@webdo.tn","legalName":"YNJ SARL","foundingDate":"2010-09-06","numberOfEmployees":{"@type":"QuantitativeValue","minValue":"11","maxValue":"50"}},{"@type":"Person","@id":"https:\/\/www.webdo.tn\/fr\/#\/schema\/person\/b8a41c04d93287d375510db360906b34","name":"AZ","image":{"@type":"ImageObject","inLanguage":"fr-FR","@id":"https:\/\/secure.gravatar.com\/avatar\/492b80bada79439de4201dce15cd41eece6c277cfdf1b53382073c79105c1f89?s=96&d=mm&r=g","url":"https:\/\/secure.gravatar.com\/avatar\/492b80bada79439de4201dce15cd41eece6c277cfdf1b53382073c79105c1f89?s=96&d=mm&r=g","contentUrl":"https:\/\/secure.gravatar.com\/avatar\/492b80bada79439de4201dce15cd41eece6c277cfdf1b53382073c79105c1f89?s=96&d=mm&r=g","caption":"AZ"},"url":"https:\/\/www.webdo.tn\/fr\/actualite\/author\/az\/"}]}},"_links":{"self":[{"href":"https:\/\/www.webdo.tn\/fr\/wp-json\/wp\/v2\/posts\/217024","targetHints":{"allow":["GET"]}}],"collection":[{"href":"https:\/\/www.webdo.tn\/fr\/wp-json\/wp\/v2\/posts"}],"about":[{"href":"https:\/\/www.webdo.tn\/fr\/wp-json\/wp\/v2\/types\/post"}],"author":[{"embeddable":true,"href":"https:\/\/www.webdo.tn\/fr\/wp-json\/wp\/v2\/users\/3166"}],"replies":[{"embeddable":true,"href":"https:\/\/www.webdo.tn\/fr\/wp-json\/wp\/v2\/comments?post=217024"}],"version-history":[{"count":0,"href":"https:\/\/www.webdo.tn\/fr\/wp-json\/wp\/v2\/posts\/217024\/revisions"}],"wp:featuredmedia":[{"embeddable":true,"href":"https:\/\/www.webdo.tn\/fr\/wp-json\/wp\/v2\/media\/246316"}],"wp:attachment":[{"href":"https:\/\/www.webdo.tn\/fr\/wp-json\/wp\/v2\/media?parent=217024"}],"wp:term":[{"taxonomy":"category","embeddable":true,"href":"https:\/\/www.webdo.tn\/fr\/wp-json\/wp\/v2\/categories?post=217024"},{"taxonomy":"post_tag","embeddable":true,"href":"https:\/\/www.webdo.tn\/fr\/wp-json\/wp\/v2\/tags?post=217024"}],"curies":[{"name":"wp","href":"https:\/\/api.w.org\/{rel}","templated":true}]}}