{"id":217022,"date":"2024-10-16T18:35:00","date_gmt":"2024-10-16T18:35:00","guid":{"rendered":"https:\/\/www.webdo.tn\/fr\/blog\/tunisie-plf-2025-un-fonds-social-dedie-aux-ouvrieres-agricoles\/217022\/"},"modified":"2025-05-21T09:02:40","modified_gmt":"2025-05-21T09:02:40","slug":"tunisie-plf-2025-un-fonds-social-dedie-aux-ouvrieres-agricoles","status":"publish","type":"post","link":"https:\/\/www.webdo.tn\/fr\/actualite\/national\/tunisie-plf-2025-un-fonds-social-dedie-aux-ouvrieres-agricoles\/217022\/","title":{"rendered":"Tunisie &#8211; PLF 2025 : Un fonds social d\u00e9di\u00e9 aux ouvri\u00e8res agricoles"},"content":{"rendered":"<p>Le projet de loi de finances 2025 inclut diverses mesures visant \u00e0 renforcer le r\u00f4le social de l&rsquo;\u00c9tat, \u00e0 soutenir les citoyens \u00e0 revenu limit\u00e9 et \u00e0 accompagner les cat\u00e9gories vuln\u00e9rables.<\/p>\n<p>\t\t\t\t\t\t\t\t\tParmi ces initiatives, figure la cr\u00e9ation d\u2019un Fonds de protection sociale destin\u00e9 aux ouvri\u00e8res agricoles, financ\u00e9 par plusieurs sources, dont une subvention de 5 millions de dinars du budget de l\u2019\u00c9tat, une taxe de 1 % sur les primes d\u2019assurance, une contribution de 5 dinars sur les certificats de visite technique, ainsi que 10 % du montant total des infractions routi\u00e8res annuelles. Des donations et d&rsquo;autres ressources pr\u00e9vues par la l\u00e9gislation en vigueur viendront \u00e9galement alimenter ce fonds.<\/p>\n<p>Ce projet vise \u00e0 mobiliser les ressources n\u00e9cessaires pour mettre en place des programmes de protection sociale au b\u00e9n\u00e9fice des ouvri\u00e8res agricoles, renfor\u00e7ant ainsi leur r\u00f4le dans l&rsquo;\u00e9conomie. Les b\u00e9n\u00e9ficiaires de ce fonds seront exon\u00e9r\u00e9es de l\u2019imp\u00f4t sur le revenu pendant cinq ans, une mesure destin\u00e9e \u00e0 all\u00e9ger leur fardeau fiscal.<\/p>\n<p>Par ailleurs, pour encourager les transporteurs \u00e0 se sp\u00e9cialiser dans le transport des travailleurs agricoles, les v\u00e9hicules affect\u00e9s \u00e0 cette activit\u00e9 seront exon\u00e9r\u00e9s des taxes de circulation, \u00e0 condition qu&rsquo;ils ne soient pas utilis\u00e9s pour d&rsquo;autres services de transport de personnes ou de marchandises<\/p>\n","protected":false},"excerpt":{"rendered":"<p>Le projet de loi de finances 2025 pr\u00e9voit la cr\u00e9ation d&rsquo;un Fonds de protection sociale pour les ouvri\u00e8res agricoles, avec des exon\u00e9rations fiscales et des mesur&#8230;<\/p>\n","protected":false},"author":3166,"featured_media":246313,"comment_status":"open","ping_status":"closed","sticky":false,"template":"","format":"standard","meta":{"footnotes":""},"categories":[44],"tags":[5380,5379,5309,5372,2608],"class_list":["post-217022","post","type-post","status-publish","format-standard","has-post-thumbnail","hentry","category-national","tag-fonds-social","tag-ministere-des-finance","tag-plf2025","tag-projet-de-loi-de-finances-2025","tag-tunisie"],"yoast_head":"<!-- This site is optimized with the Yoast SEO Premium plugin v27.5 (Yoast SEO v27.5) - https:\/\/yoast.com\/product\/yoast-seo-premium-wordpress\/ -->\n<title>Tunisie - PLF 2025 : Un fonds social d\u00e9di\u00e9 aux ouvri\u00e8res agricoles<\/title>\n<meta name=\"description\" content=\"Le projet de loi de finances 2025 pr\u00e9voit la cr\u00e9ation d&#039;un Fonds de protection sociale pour les ouvri\u00e8res agricoles, avec des exon\u00e9rations fiscales et des mesur...\" \/>\n<link rel=\"canonical\" href=\"https:\/\/www.webdo.tn\/fr\/actualite\/national\/tunisie-plf-2025-un-fonds-social-dedie-aux-ouvrieres-agricoles\/217022\/\" \/>\n<meta property=\"og:locale\" content=\"fr_FR\" \/>\n<meta property=\"og:type\" content=\"article\" \/>\n<meta property=\"og:title\" content=\"Tunisie - PLF 2025 : Un fonds social d\u00e9di\u00e9 aux ouvri\u00e8res agricoles\" \/>\n<meta property=\"og:description\" content=\"Le projet de loi de finances 2025 pr\u00e9voit la cr\u00e9ation d&#039;un Fonds de protection sociale pour les ouvri\u00e8res agricoles, avec des exon\u00e9rations fiscales et des mesur...\" \/>\n<meta property=\"og:url\" content=\"https:\/\/www.webdo.tn\/fr\/actualite\/national\/tunisie-plf-2025-un-fonds-social-dedie-aux-ouvrieres-agricoles\/217022\/\" \/>\n<meta property=\"og:site_name\" content=\"webdo\" \/>\n<meta property=\"article:publisher\" content=\"https:\/\/www.facebook.com\/webdotn\" \/>\n<meta property=\"article:published_time\" content=\"2024-10-16T18:35:00+00:00\" \/>\n<meta property=\"article:modified_time\" content=\"2025-05-21T09:02:40+00:00\" \/>\n<meta property=\"og:image\" content=\"https:\/\/www.webdo.tn\/fr\/wp-content\/uploads\/2024\/10\/f0768c996757ab518e83d65a6c82049e.webp\" \/>\n\t<meta property=\"og:image:width\" content=\"750\" \/>\n\t<meta property=\"og:image:height\" content=\"400\" \/>\n\t<meta property=\"og:image:type\" content=\"image\/webp\" \/>\n<meta name=\"author\" content=\"AZ\" \/>\n<meta name=\"twitter:card\" content=\"summary_large_image\" \/>\n<meta name=\"twitter:creator\" content=\"@webdo_tn\" \/>\n<meta name=\"twitter:site\" content=\"@webdo_tn\" \/>\n<meta name=\"twitter:label1\" content=\"\u00c9crit par\" \/>\n\t<meta name=\"twitter:data1\" content=\"AZ\" \/>\n\t<meta name=\"twitter:label2\" content=\"Dur\u00e9e de lecture estim\u00e9e\" \/>\n\t<meta name=\"twitter:data2\" content=\"1 minute\" \/>\n<script type=\"application\/ld+json\" class=\"yoast-schema-graph\">{\"@context\":\"https:\\\/\\\/schema.org\",\"@graph\":[{\"@type\":\"NewsArticle\",\"@id\":\"https:\\\/\\\/www.webdo.tn\\\/fr\\\/actualite\\\/national\\\/tunisie-plf-2025-un-fonds-social-dedie-aux-ouvrieres-agricoles\\\/217022\\\/#article\",\"isPartOf\":{\"@id\":\"https:\\\/\\\/www.webdo.tn\\\/fr\\\/actualite\\\/national\\\/tunisie-plf-2025-un-fonds-social-dedie-aux-ouvrieres-agricoles\\\/217022\\\/\"},\"author\":{\"name\":\"AZ\",\"@id\":\"https:\\\/\\\/www.webdo.tn\\\/fr\\\/#\\\/schema\\\/person\\\/b8a41c04d93287d375510db360906b34\"},\"headline\":\"Tunisie &#8211; PLF 2025 : Un fonds social d\u00e9di\u00e9 aux ouvri\u00e8res agricoles\",\"datePublished\":\"2024-10-16T18:35:00+00:00\",\"dateModified\":\"2025-05-21T09:02:40+00:00\",\"mainEntityOfPage\":{\"@id\":\"https:\\\/\\\/www.webdo.tn\\\/fr\\\/actualite\\\/national\\\/tunisie-plf-2025-un-fonds-social-dedie-aux-ouvrieres-agricoles\\\/217022\\\/\"},\"wordCount\":236,\"commentCount\":0,\"publisher\":{\"@id\":\"https:\\\/\\\/www.webdo.tn\\\/fr\\\/#organization\"},\"image\":{\"@id\":\"https:\\\/\\\/www.webdo.tn\\\/fr\\\/actualite\\\/national\\\/tunisie-plf-2025-un-fonds-social-dedie-aux-ouvrieres-agricoles\\\/217022\\\/#primaryimage\"},\"thumbnailUrl\":\"https:\\\/\\\/www.webdo.tn\\\/fr\\\/wp-content\\\/uploads\\\/2024\\\/10\\\/f0768c996757ab518e83d65a6c82049e.webp\",\"keywords\":[\"fonds social\",\"Minist\u00e8re des finance\",\"PLF2025\",\"Projet de loi de finances 2025\",\"Tunisie\"],\"articleSection\":[\"National\"],\"inLanguage\":\"fr-FR\"},{\"@type\":\"WebPage\",\"@id\":\"https:\\\/\\\/www.webdo.tn\\\/fr\\\/actualite\\\/national\\\/tunisie-plf-2025-un-fonds-social-dedie-aux-ouvrieres-agricoles\\\/217022\\\/\",\"url\":\"https:\\\/\\\/www.webdo.tn\\\/fr\\\/actualite\\\/national\\\/tunisie-plf-2025-un-fonds-social-dedie-aux-ouvrieres-agricoles\\\/217022\\\/\",\"name\":\"Tunisie - PLF 2025 : Un fonds social d\u00e9di\u00e9 aux ouvri\u00e8res agricoles\",\"isPartOf\":{\"@id\":\"https:\\\/\\\/www.webdo.tn\\\/fr\\\/#website\"},\"primaryImageOfPage\":{\"@id\":\"https:\\\/\\\/www.webdo.tn\\\/fr\\\/actualite\\\/national\\\/tunisie-plf-2025-un-fonds-social-dedie-aux-ouvrieres-agricoles\\\/217022\\\/#primaryimage\"},\"image\":{\"@id\":\"https:\\\/\\\/www.webdo.tn\\\/fr\\\/actualite\\\/national\\\/tunisie-plf-2025-un-fonds-social-dedie-aux-ouvrieres-agricoles\\\/217022\\\/#primaryimage\"},\"thumbnailUrl\":\"https:\\\/\\\/www.webdo.tn\\\/fr\\\/wp-content\\\/uploads\\\/2024\\\/10\\\/f0768c996757ab518e83d65a6c82049e.webp\",\"datePublished\":\"2024-10-16T18:35:00+00:00\",\"dateModified\":\"2025-05-21T09:02:40+00:00\",\"description\":\"Le projet de loi de finances 2025 pr\u00e9voit la cr\u00e9ation d'un Fonds de protection sociale pour les ouvri\u00e8res agricoles, avec des exon\u00e9rations fiscales et des mesur...\",\"breadcrumb\":{\"@id\":\"https:\\\/\\\/www.webdo.tn\\\/fr\\\/actualite\\\/national\\\/tunisie-plf-2025-un-fonds-social-dedie-aux-ouvrieres-agricoles\\\/217022\\\/#breadcrumb\"},\"inLanguage\":\"fr-FR\",\"potentialAction\":[{\"@type\":\"ReadAction\",\"target\":[\"https:\\\/\\\/www.webdo.tn\\\/fr\\\/actualite\\\/national\\\/tunisie-plf-2025-un-fonds-social-dedie-aux-ouvrieres-agricoles\\\/217022\\\/\"]}]},{\"@type\":\"ImageObject\",\"inLanguage\":\"fr-FR\",\"@id\":\"https:\\\/\\\/www.webdo.tn\\\/fr\\\/actualite\\\/national\\\/tunisie-plf-2025-un-fonds-social-dedie-aux-ouvrieres-agricoles\\\/217022\\\/#primaryimage\",\"url\":\"https:\\\/\\\/www.webdo.tn\\\/fr\\\/wp-content\\\/uploads\\\/2024\\\/10\\\/f0768c996757ab518e83d65a6c82049e.webp\",\"contentUrl\":\"https:\\\/\\\/www.webdo.tn\\\/fr\\\/wp-content\\\/uploads\\\/2024\\\/10\\\/f0768c996757ab518e83d65a6c82049e.webp\",\"width\":750,\"height\":400,\"caption\":\"Tunisie - PLF 2025 : Un fonds social d\u00e9di\u00e9 aux ouvri\u00e8res agricoles\"},{\"@type\":\"BreadcrumbList\",\"@id\":\"https:\\\/\\\/www.webdo.tn\\\/fr\\\/actualite\\\/national\\\/tunisie-plf-2025-un-fonds-social-dedie-aux-ouvrieres-agricoles\\\/217022\\\/#breadcrumb\",\"itemListElement\":[{\"@type\":\"ListItem\",\"position\":1,\"name\":\"Accueil\",\"item\":\"https:\\\/\\\/www.webdo.tn\\\/fr\\\/\"},{\"@type\":\"ListItem\",\"position\":2,\"name\":\"Tunisie &#8211; PLF 2025 : Un fonds social d\u00e9di\u00e9 aux ouvri\u00e8res agricoles\"}]},{\"@type\":\"WebSite\",\"@id\":\"https:\\\/\\\/www.webdo.tn\\\/fr\\\/#website\",\"url\":\"https:\\\/\\\/www.webdo.tn\\\/fr\\\/\",\"name\":\"webdo\",\"description\":\"Tunisie - News en Tunisie et \u00e0 l&#039;international sur Webdo.tn\",\"publisher\":{\"@id\":\"https:\\\/\\\/www.webdo.tn\\\/fr\\\/#organization\"},\"potentialAction\":[{\"@type\":\"SearchAction\",\"target\":{\"@type\":\"EntryPoint\",\"urlTemplate\":\"https:\\\/\\\/www.webdo.tn\\\/fr\\\/?s={search_term_string}\"},\"query-input\":{\"@type\":\"PropertyValueSpecification\",\"valueRequired\":true,\"valueName\":\"search_term_string\"}}],\"inLanguage\":\"fr-FR\"},{\"@type\":\"Organization\",\"@id\":\"https:\\\/\\\/www.webdo.tn\\\/fr\\\/#organization\",\"name\":\"Webdo\",\"alternateName\":\"Webdo.tn\",\"url\":\"https:\\\/\\\/www.webdo.tn\\\/fr\\\/\",\"logo\":{\"@type\":\"ImageObject\",\"inLanguage\":\"fr-FR\",\"@id\":\"https:\\\/\\\/www.webdo.tn\\\/fr\\\/#\\\/schema\\\/logo\\\/image\\\/\",\"url\":\"https:\\\/\\\/www.webdo.tn\\\/fr\\\/wp-content\\\/uploads\\\/2025\\\/06\\\/Webdo-Tunisie_168377.jpg\",\"contentUrl\":\"https:\\\/\\\/www.webdo.tn\\\/fr\\\/wp-content\\\/uploads\\\/2025\\\/06\\\/Webdo-Tunisie_168377.jpg\",\"width\":301,\"height\":301,\"caption\":\"Webdo\"},\"image\":{\"@id\":\"https:\\\/\\\/www.webdo.tn\\\/fr\\\/#\\\/schema\\\/logo\\\/image\\\/\"},\"sameAs\":[\"https:\\\/\\\/www.facebook.com\\\/webdotn\",\"https:\\\/\\\/x.com\\\/webdo_tn\"],\"description\":\"Webdo est un m\u00e9dia num\u00e9rique tunisien fond\u00e9 en 2010, sp\u00e9cialis\u00e9 dans l\u2019actualit\u00e9 nationale et internationale, l\u2019\u00e9conomie, la soci\u00e9t\u00e9 et les analyses politiques. Le site s\u2019adresse \u00e0 un large public francophone et couvre l\u2019information tunisienne en temps r\u00e9el.\",\"email\":\"redac@webdo.tn\",\"legalName\":\"YNJ SARL\",\"foundingDate\":\"2010-09-06\",\"numberOfEmployees\":{\"@type\":\"QuantitativeValue\",\"minValue\":\"11\",\"maxValue\":\"50\"}},{\"@type\":\"Person\",\"@id\":\"https:\\\/\\\/www.webdo.tn\\\/fr\\\/#\\\/schema\\\/person\\\/b8a41c04d93287d375510db360906b34\",\"name\":\"AZ\",\"image\":{\"@type\":\"ImageObject\",\"inLanguage\":\"fr-FR\",\"@id\":\"https:\\\/\\\/secure.gravatar.com\\\/avatar\\\/492b80bada79439de4201dce15cd41eece6c277cfdf1b53382073c79105c1f89?s=96&d=mm&r=g\",\"url\":\"https:\\\/\\\/secure.gravatar.com\\\/avatar\\\/492b80bada79439de4201dce15cd41eece6c277cfdf1b53382073c79105c1f89?s=96&d=mm&r=g\",\"contentUrl\":\"https:\\\/\\\/secure.gravatar.com\\\/avatar\\\/492b80bada79439de4201dce15cd41eece6c277cfdf1b53382073c79105c1f89?s=96&d=mm&r=g\",\"caption\":\"AZ\"},\"url\":\"https:\\\/\\\/www.webdo.tn\\\/fr\\\/actualite\\\/author\\\/az\\\/\"}]}<\/script>\n<!-- \/ Yoast SEO Premium plugin. -->","yoast_head_json":{"title":"Tunisie - PLF 2025 : Un fonds social d\u00e9di\u00e9 aux ouvri\u00e8res agricoles","description":"Le projet de loi de finances 2025 pr\u00e9voit la cr\u00e9ation d'un Fonds de protection sociale pour les ouvri\u00e8res agricoles, avec des exon\u00e9rations fiscales et des mesur...","canonical":"https:\/\/www.webdo.tn\/fr\/actualite\/national\/tunisie-plf-2025-un-fonds-social-dedie-aux-ouvrieres-agricoles\/217022\/","og_locale":"fr_FR","og_type":"article","og_title":"Tunisie - PLF 2025 : Un fonds social d\u00e9di\u00e9 aux ouvri\u00e8res agricoles","og_description":"Le projet de loi de finances 2025 pr\u00e9voit la cr\u00e9ation d'un Fonds de protection sociale pour les ouvri\u00e8res agricoles, avec des exon\u00e9rations fiscales et des mesur...","og_url":"https:\/\/www.webdo.tn\/fr\/actualite\/national\/tunisie-plf-2025-un-fonds-social-dedie-aux-ouvrieres-agricoles\/217022\/","og_site_name":"webdo","article_publisher":"https:\/\/www.facebook.com\/webdotn","article_published_time":"2024-10-16T18:35:00+00:00","article_modified_time":"2025-05-21T09:02:40+00:00","og_image":[{"width":750,"height":400,"url":"https:\/\/www.webdo.tn\/fr\/wp-content\/uploads\/2024\/10\/f0768c996757ab518e83d65a6c82049e.webp","type":"image\/webp"}],"author":"AZ","twitter_card":"summary_large_image","twitter_creator":"@webdo_tn","twitter_site":"@webdo_tn","twitter_misc":{"\u00c9crit par":"AZ","Dur\u00e9e de lecture estim\u00e9e":"1 minute"},"schema":{"@context":"https:\/\/schema.org","@graph":[{"@type":"NewsArticle","@id":"https:\/\/www.webdo.tn\/fr\/actualite\/national\/tunisie-plf-2025-un-fonds-social-dedie-aux-ouvrieres-agricoles\/217022\/#article","isPartOf":{"@id":"https:\/\/www.webdo.tn\/fr\/actualite\/national\/tunisie-plf-2025-un-fonds-social-dedie-aux-ouvrieres-agricoles\/217022\/"},"author":{"name":"AZ","@id":"https:\/\/www.webdo.tn\/fr\/#\/schema\/person\/b8a41c04d93287d375510db360906b34"},"headline":"Tunisie &#8211; PLF 2025 : Un fonds social d\u00e9di\u00e9 aux ouvri\u00e8res agricoles","datePublished":"2024-10-16T18:35:00+00:00","dateModified":"2025-05-21T09:02:40+00:00","mainEntityOfPage":{"@id":"https:\/\/www.webdo.tn\/fr\/actualite\/national\/tunisie-plf-2025-un-fonds-social-dedie-aux-ouvrieres-agricoles\/217022\/"},"wordCount":236,"commentCount":0,"publisher":{"@id":"https:\/\/www.webdo.tn\/fr\/#organization"},"image":{"@id":"https:\/\/www.webdo.tn\/fr\/actualite\/national\/tunisie-plf-2025-un-fonds-social-dedie-aux-ouvrieres-agricoles\/217022\/#primaryimage"},"thumbnailUrl":"https:\/\/www.webdo.tn\/fr\/wp-content\/uploads\/2024\/10\/f0768c996757ab518e83d65a6c82049e.webp","keywords":["fonds social","Minist\u00e8re des finance","PLF2025","Projet de loi de finances 2025","Tunisie"],"articleSection":["National"],"inLanguage":"fr-FR"},{"@type":"WebPage","@id":"https:\/\/www.webdo.tn\/fr\/actualite\/national\/tunisie-plf-2025-un-fonds-social-dedie-aux-ouvrieres-agricoles\/217022\/","url":"https:\/\/www.webdo.tn\/fr\/actualite\/national\/tunisie-plf-2025-un-fonds-social-dedie-aux-ouvrieres-agricoles\/217022\/","name":"Tunisie - PLF 2025 : Un fonds social d\u00e9di\u00e9 aux ouvri\u00e8res agricoles","isPartOf":{"@id":"https:\/\/www.webdo.tn\/fr\/#website"},"primaryImageOfPage":{"@id":"https:\/\/www.webdo.tn\/fr\/actualite\/national\/tunisie-plf-2025-un-fonds-social-dedie-aux-ouvrieres-agricoles\/217022\/#primaryimage"},"image":{"@id":"https:\/\/www.webdo.tn\/fr\/actualite\/national\/tunisie-plf-2025-un-fonds-social-dedie-aux-ouvrieres-agricoles\/217022\/#primaryimage"},"thumbnailUrl":"https:\/\/www.webdo.tn\/fr\/wp-content\/uploads\/2024\/10\/f0768c996757ab518e83d65a6c82049e.webp","datePublished":"2024-10-16T18:35:00+00:00","dateModified":"2025-05-21T09:02:40+00:00","description":"Le projet de loi de finances 2025 pr\u00e9voit la cr\u00e9ation d'un Fonds de protection sociale pour les ouvri\u00e8res agricoles, avec des exon\u00e9rations fiscales et des mesur...","breadcrumb":{"@id":"https:\/\/www.webdo.tn\/fr\/actualite\/national\/tunisie-plf-2025-un-fonds-social-dedie-aux-ouvrieres-agricoles\/217022\/#breadcrumb"},"inLanguage":"fr-FR","potentialAction":[{"@type":"ReadAction","target":["https:\/\/www.webdo.tn\/fr\/actualite\/national\/tunisie-plf-2025-un-fonds-social-dedie-aux-ouvrieres-agricoles\/217022\/"]}]},{"@type":"ImageObject","inLanguage":"fr-FR","@id":"https:\/\/www.webdo.tn\/fr\/actualite\/national\/tunisie-plf-2025-un-fonds-social-dedie-aux-ouvrieres-agricoles\/217022\/#primaryimage","url":"https:\/\/www.webdo.tn\/fr\/wp-content\/uploads\/2024\/10\/f0768c996757ab518e83d65a6c82049e.webp","contentUrl":"https:\/\/www.webdo.tn\/fr\/wp-content\/uploads\/2024\/10\/f0768c996757ab518e83d65a6c82049e.webp","width":750,"height":400,"caption":"Tunisie - PLF 2025 : Un fonds social d\u00e9di\u00e9 aux ouvri\u00e8res agricoles"},{"@type":"BreadcrumbList","@id":"https:\/\/www.webdo.tn\/fr\/actualite\/national\/tunisie-plf-2025-un-fonds-social-dedie-aux-ouvrieres-agricoles\/217022\/#breadcrumb","itemListElement":[{"@type":"ListItem","position":1,"name":"Accueil","item":"https:\/\/www.webdo.tn\/fr\/"},{"@type":"ListItem","position":2,"name":"Tunisie &#8211; PLF 2025 : Un fonds social d\u00e9di\u00e9 aux ouvri\u00e8res agricoles"}]},{"@type":"WebSite","@id":"https:\/\/www.webdo.tn\/fr\/#website","url":"https:\/\/www.webdo.tn\/fr\/","name":"webdo","description":"Tunisie - News en Tunisie et \u00e0 l&#039;international sur Webdo.tn","publisher":{"@id":"https:\/\/www.webdo.tn\/fr\/#organization"},"potentialAction":[{"@type":"SearchAction","target":{"@type":"EntryPoint","urlTemplate":"https:\/\/www.webdo.tn\/fr\/?s={search_term_string}"},"query-input":{"@type":"PropertyValueSpecification","valueRequired":true,"valueName":"search_term_string"}}],"inLanguage":"fr-FR"},{"@type":"Organization","@id":"https:\/\/www.webdo.tn\/fr\/#organization","name":"Webdo","alternateName":"Webdo.tn","url":"https:\/\/www.webdo.tn\/fr\/","logo":{"@type":"ImageObject","inLanguage":"fr-FR","@id":"https:\/\/www.webdo.tn\/fr\/#\/schema\/logo\/image\/","url":"https:\/\/www.webdo.tn\/fr\/wp-content\/uploads\/2025\/06\/Webdo-Tunisie_168377.jpg","contentUrl":"https:\/\/www.webdo.tn\/fr\/wp-content\/uploads\/2025\/06\/Webdo-Tunisie_168377.jpg","width":301,"height":301,"caption":"Webdo"},"image":{"@id":"https:\/\/www.webdo.tn\/fr\/#\/schema\/logo\/image\/"},"sameAs":["https:\/\/www.facebook.com\/webdotn","https:\/\/x.com\/webdo_tn"],"description":"Webdo est un m\u00e9dia num\u00e9rique tunisien fond\u00e9 en 2010, sp\u00e9cialis\u00e9 dans l\u2019actualit\u00e9 nationale et internationale, l\u2019\u00e9conomie, la soci\u00e9t\u00e9 et les analyses politiques. Le site s\u2019adresse \u00e0 un large public francophone et couvre l\u2019information tunisienne en temps r\u00e9el.","email":"redac@webdo.tn","legalName":"YNJ SARL","foundingDate":"2010-09-06","numberOfEmployees":{"@type":"QuantitativeValue","minValue":"11","maxValue":"50"}},{"@type":"Person","@id":"https:\/\/www.webdo.tn\/fr\/#\/schema\/person\/b8a41c04d93287d375510db360906b34","name":"AZ","image":{"@type":"ImageObject","inLanguage":"fr-FR","@id":"https:\/\/secure.gravatar.com\/avatar\/492b80bada79439de4201dce15cd41eece6c277cfdf1b53382073c79105c1f89?s=96&d=mm&r=g","url":"https:\/\/secure.gravatar.com\/avatar\/492b80bada79439de4201dce15cd41eece6c277cfdf1b53382073c79105c1f89?s=96&d=mm&r=g","contentUrl":"https:\/\/secure.gravatar.com\/avatar\/492b80bada79439de4201dce15cd41eece6c277cfdf1b53382073c79105c1f89?s=96&d=mm&r=g","caption":"AZ"},"url":"https:\/\/www.webdo.tn\/fr\/actualite\/author\/az\/"}]}},"_links":{"self":[{"href":"https:\/\/www.webdo.tn\/fr\/wp-json\/wp\/v2\/posts\/217022","targetHints":{"allow":["GET"]}}],"collection":[{"href":"https:\/\/www.webdo.tn\/fr\/wp-json\/wp\/v2\/posts"}],"about":[{"href":"https:\/\/www.webdo.tn\/fr\/wp-json\/wp\/v2\/types\/post"}],"author":[{"embeddable":true,"href":"https:\/\/www.webdo.tn\/fr\/wp-json\/wp\/v2\/users\/3166"}],"replies":[{"embeddable":true,"href":"https:\/\/www.webdo.tn\/fr\/wp-json\/wp\/v2\/comments?post=217022"}],"version-history":[{"count":0,"href":"https:\/\/www.webdo.tn\/fr\/wp-json\/wp\/v2\/posts\/217022\/revisions"}],"wp:featuredmedia":[{"embeddable":true,"href":"https:\/\/www.webdo.tn\/fr\/wp-json\/wp\/v2\/media\/246313"}],"wp:attachment":[{"href":"https:\/\/www.webdo.tn\/fr\/wp-json\/wp\/v2\/media?parent=217022"}],"wp:term":[{"taxonomy":"category","embeddable":true,"href":"https:\/\/www.webdo.tn\/fr\/wp-json\/wp\/v2\/categories?post=217022"},{"taxonomy":"post_tag","embeddable":true,"href":"https:\/\/www.webdo.tn\/fr\/wp-json\/wp\/v2\/tags?post=217022"}],"curies":[{"name":"wp","href":"https:\/\/api.w.org\/{rel}","templated":true}]}}