{"id":217017,"date":"2024-10-16T14:35:00","date_gmt":"2024-10-16T14:35:00","guid":{"rendered":"https:\/\/www.webdo.tn\/fr\/blog\/tunisie-plf-2025-un-fonds-d-assurance-contre-la-perte-d-emploi\/217017\/"},"modified":"2025-05-20T21:47:43","modified_gmt":"2025-05-20T21:47:43","slug":"tunisie-plf-2025-un-fonds-d-assurance-contre-la-perte-d-emploi","status":"publish","type":"post","link":"https:\/\/www.webdo.tn\/fr\/actualite\/national\/tunisie-plf-2025-un-fonds-d-assurance-contre-la-perte-d-emploi\/217017\/","title":{"rendered":"Tunisie &#8211; PLF 2025 : Un fonds d\u2019assurance contre la perte d\u2019emploi"},"content":{"rendered":"<p>Le projet de loi de finances pour l&rsquo;ann\u00e9e 2025, qui doit \u00eatre examin\u00e9 dans les prochains jours par l\u2019Assembl\u00e9e des repr\u00e9sentants du peuple, pr\u00e9voit la cr\u00e9ation d\u2019un fonds destin\u00e9 \u00e0 ceux qui perdent leur emploi pour des raisons \u00e9conomiques.<\/p>\n<p>\t\t\t\t\t\t\t\t\tIl s\u2019agit d\u2019un Fonds d\u2019assurance contre la perte d\u2019emploi pour des raisons \u00e9conomiques, qui aura pour objectif de financer un r\u00e9gime d\u2019assurance pour les travailleurs contre la perte collective d\u2019emplois pour des raisons non personnelles et de mettre en place un syst\u00e8me de protection sociale pour les travailleurs licenci\u00e9s pour des raisons \u00e9conomiques, selon le minist\u00e8re des Finances.<\/p>\n<p>Sa finalit\u00e9 est de prot\u00e9ger les cat\u00e9gories vuln\u00e9rables et de r\u00e9duire l\u2019impact des changements \u00e9conomiques sur les entreprises outre l\u2019accompagnement des travailleurs licenci\u00e9s et leur r\u00e9insertion dans la vie \u00e9conomique.<\/p>\n<p>Comment sera financ\u00e9 ce fonds ?<\/p>\n<p>D\u2019apr\u00e8s le minist\u00e8re des finances, le Fonds sera financ\u00e9 par une subvention de 5 millions de dinars du budget de l\u2019\u00c9tat, une cotisation de 0,5 % pr\u00e9lev\u00e9e \u00e0 la fois sur l\u2019employeur et l\u2019employ\u00e9, appliqu\u00e9e sur la masse salariale d\u00e9clar\u00e9e \u00e0 la Caisse nationale de s\u00e9curit\u00e9 sociale (CNSS), ainsi que par les 14% des recettes g\u00e9n\u00e9r\u00e9es par l\u2019augmentation sp\u00e9cifique appliqu\u00e9e sur le tabac et les allumettes outre une taxe de 30% qui sera impos\u00e9e sur les jeux par t\u00e9l\u00e9phone, SMS ou r\u00e9pondeur vocal, \u00e0 la charge des participants.<\/p>\n<p>Toutes les donations et ressources pouvant \u00eatre allou\u00e9es au fonds conform\u00e9ment \u00e0 la l\u00e9gislation en vigueur seront \u00e9galement prises en compte.<\/p>\n<p>Ce projet de loi a \u00e9t\u00e9 propos\u00e9 par le minist\u00e8re des Finances en concr\u00e9tisation de la d\u00e9cision du Chef de l\u2019Etat et de son appel \u00e0 renforcer le r\u00f4le social de l\u2019Etat.<\/p>\n","protected":false},"excerpt":{"rendered":"<p>Le projet de loi de finances 2025 en Tunisie pr\u00e9voit un fonds d&rsquo;assurance pour prot\u00e9ger les travailleurs licenci\u00e9s pour des raisons \u00e9conomiques. Ce fonds sera f&#8230;<\/p>\n","protected":false},"author":3162,"featured_media":246315,"comment_status":"open","ping_status":"closed","sticky":false,"template":"","format":"standard","meta":{"footnotes":""},"categories":[44],"tags":[5387,2721,5388,4773,5372,4402,2608],"class_list":["post-217017","post","type-post","status-publish","format-standard","has-post-thumbnail","hentry","category-national","tag-fonds-dassurance","tag-ministere-des-finances","tag-perte-demploi","tag-plf-2025","tag-projet-de-loi-de-finances-2025","tag-protection-sociale","tag-tunisie"],"yoast_head":"<!-- This site is optimized with the Yoast SEO Premium plugin v27.4 (Yoast SEO v27.5) - https:\/\/yoast.com\/product\/yoast-seo-premium-wordpress\/ -->\n<title>Tunisie - PLF 2025 : Un fonds d\u2019assurance contre la perte d\u2019emploi<\/title>\n<meta name=\"description\" content=\"Le projet de loi de finances 2025 en Tunisie pr\u00e9voit un fonds d&#039;assurance pour prot\u00e9ger les travailleurs licenci\u00e9s pour des raisons \u00e9conomiques. Ce fonds sera f...\" \/>\n<link rel=\"canonical\" href=\"https:\/\/www.webdo.tn\/fr\/actualite\/national\/tunisie-plf-2025-un-fonds-d-assurance-contre-la-perte-d-emploi\/217017\/\" \/>\n<meta property=\"og:locale\" content=\"fr_FR\" \/>\n<meta property=\"og:type\" content=\"article\" \/>\n<meta property=\"og:title\" content=\"Tunisie - PLF 2025 : Un fonds d\u2019assurance contre la perte d\u2019emploi\" \/>\n<meta property=\"og:description\" content=\"Le projet de loi de finances 2025 en Tunisie pr\u00e9voit un fonds d&#039;assurance pour prot\u00e9ger les travailleurs licenci\u00e9s pour des raisons \u00e9conomiques. Ce fonds sera f...\" \/>\n<meta property=\"og:url\" content=\"https:\/\/www.webdo.tn\/fr\/actualite\/national\/tunisie-plf-2025-un-fonds-d-assurance-contre-la-perte-d-emploi\/217017\/\" \/>\n<meta property=\"og:site_name\" content=\"webdo\" \/>\n<meta property=\"article:publisher\" content=\"https:\/\/www.facebook.com\/webdotn\" \/>\n<meta property=\"article:published_time\" content=\"2024-10-16T14:35:00+00:00\" \/>\n<meta property=\"article:modified_time\" content=\"2025-05-20T21:47:43+00:00\" \/>\n<meta property=\"og:image\" content=\"https:\/\/www.webdo.tn\/fr\/wp-content\/uploads\/2024\/10\/a79fa7292f77b91a2b73335ee60e2c68.webp\" \/>\n\t<meta property=\"og:image:width\" content=\"626\" \/>\n\t<meta property=\"og:image:height\" content=\"334\" \/>\n\t<meta property=\"og:image:type\" content=\"image\/webp\" \/>\n<meta name=\"author\" content=\"MC\" \/>\n<meta name=\"twitter:card\" content=\"summary_large_image\" \/>\n<meta name=\"twitter:creator\" content=\"@webdo_tn\" \/>\n<meta name=\"twitter:site\" content=\"@webdo_tn\" \/>\n<meta name=\"twitter:label1\" content=\"\u00c9crit par\" \/>\n\t<meta name=\"twitter:data1\" content=\"MC\" \/>\n\t<meta name=\"twitter:label2\" content=\"Dur\u00e9e de lecture estim\u00e9e\" \/>\n\t<meta name=\"twitter:data2\" content=\"2 minutes\" \/>\n<script type=\"application\/ld+json\" class=\"yoast-schema-graph\">{\"@context\":\"https:\\\/\\\/schema.org\",\"@graph\":[{\"@type\":\"NewsArticle\",\"@id\":\"https:\\\/\\\/www.webdo.tn\\\/fr\\\/actualite\\\/national\\\/tunisie-plf-2025-un-fonds-d-assurance-contre-la-perte-d-emploi\\\/217017\\\/#article\",\"isPartOf\":{\"@id\":\"https:\\\/\\\/www.webdo.tn\\\/fr\\\/actualite\\\/national\\\/tunisie-plf-2025-un-fonds-d-assurance-contre-la-perte-d-emploi\\\/217017\\\/\"},\"author\":{\"name\":\"MC\",\"@id\":\"https:\\\/\\\/www.webdo.tn\\\/fr\\\/#\\\/schema\\\/person\\\/2c4929cbf5a809e3bd38617c6ce150f6\"},\"headline\":\"Tunisie &#8211; PLF 2025 : Un fonds d\u2019assurance contre la perte d\u2019emploi\",\"datePublished\":\"2024-10-16T14:35:00+00:00\",\"dateModified\":\"2025-05-20T21:47:43+00:00\",\"mainEntityOfPage\":{\"@id\":\"https:\\\/\\\/www.webdo.tn\\\/fr\\\/actualite\\\/national\\\/tunisie-plf-2025-un-fonds-d-assurance-contre-la-perte-d-emploi\\\/217017\\\/\"},\"wordCount\":330,\"commentCount\":0,\"publisher\":{\"@id\":\"https:\\\/\\\/www.webdo.tn\\\/fr\\\/#organization\"},\"image\":{\"@id\":\"https:\\\/\\\/www.webdo.tn\\\/fr\\\/actualite\\\/national\\\/tunisie-plf-2025-un-fonds-d-assurance-contre-la-perte-d-emploi\\\/217017\\\/#primaryimage\"},\"thumbnailUrl\":\"https:\\\/\\\/www.webdo.tn\\\/fr\\\/wp-content\\\/uploads\\\/2024\\\/10\\\/a79fa7292f77b91a2b73335ee60e2c68.webp\",\"keywords\":[\"Fonds d\u2019assurance\",\"minist\u00e8re des finances\",\"Perte d\u2019emploi\",\"PLF 2025\",\"Projet de loi de finances 2025\",\"Protection sociale\",\"Tunisie\"],\"articleSection\":[\"National\"],\"inLanguage\":\"fr-FR\"},{\"@type\":\"WebPage\",\"@id\":\"https:\\\/\\\/www.webdo.tn\\\/fr\\\/actualite\\\/national\\\/tunisie-plf-2025-un-fonds-d-assurance-contre-la-perte-d-emploi\\\/217017\\\/\",\"url\":\"https:\\\/\\\/www.webdo.tn\\\/fr\\\/actualite\\\/national\\\/tunisie-plf-2025-un-fonds-d-assurance-contre-la-perte-d-emploi\\\/217017\\\/\",\"name\":\"Tunisie - PLF 2025 : Un fonds d\u2019assurance contre la perte d\u2019emploi\",\"isPartOf\":{\"@id\":\"https:\\\/\\\/www.webdo.tn\\\/fr\\\/#website\"},\"primaryImageOfPage\":{\"@id\":\"https:\\\/\\\/www.webdo.tn\\\/fr\\\/actualite\\\/national\\\/tunisie-plf-2025-un-fonds-d-assurance-contre-la-perte-d-emploi\\\/217017\\\/#primaryimage\"},\"image\":{\"@id\":\"https:\\\/\\\/www.webdo.tn\\\/fr\\\/actualite\\\/national\\\/tunisie-plf-2025-un-fonds-d-assurance-contre-la-perte-d-emploi\\\/217017\\\/#primaryimage\"},\"thumbnailUrl\":\"https:\\\/\\\/www.webdo.tn\\\/fr\\\/wp-content\\\/uploads\\\/2024\\\/10\\\/a79fa7292f77b91a2b73335ee60e2c68.webp\",\"datePublished\":\"2024-10-16T14:35:00+00:00\",\"dateModified\":\"2025-05-20T21:47:43+00:00\",\"description\":\"Le projet de loi de finances 2025 en Tunisie pr\u00e9voit un fonds d'assurance pour prot\u00e9ger les travailleurs licenci\u00e9s pour des raisons \u00e9conomiques. Ce fonds sera f...\",\"breadcrumb\":{\"@id\":\"https:\\\/\\\/www.webdo.tn\\\/fr\\\/actualite\\\/national\\\/tunisie-plf-2025-un-fonds-d-assurance-contre-la-perte-d-emploi\\\/217017\\\/#breadcrumb\"},\"inLanguage\":\"fr-FR\",\"potentialAction\":[{\"@type\":\"ReadAction\",\"target\":[\"https:\\\/\\\/www.webdo.tn\\\/fr\\\/actualite\\\/national\\\/tunisie-plf-2025-un-fonds-d-assurance-contre-la-perte-d-emploi\\\/217017\\\/\"]}]},{\"@type\":\"ImageObject\",\"inLanguage\":\"fr-FR\",\"@id\":\"https:\\\/\\\/www.webdo.tn\\\/fr\\\/actualite\\\/national\\\/tunisie-plf-2025-un-fonds-d-assurance-contre-la-perte-d-emploi\\\/217017\\\/#primaryimage\",\"url\":\"https:\\\/\\\/www.webdo.tn\\\/fr\\\/wp-content\\\/uploads\\\/2024\\\/10\\\/a79fa7292f77b91a2b73335ee60e2c68.webp\",\"contentUrl\":\"https:\\\/\\\/www.webdo.tn\\\/fr\\\/wp-content\\\/uploads\\\/2024\\\/10\\\/a79fa7292f77b91a2b73335ee60e2c68.webp\",\"width\":626,\"height\":334,\"caption\":\"Tunisie - PLF 2025 : Un fonds d\u2019assurance contre la perte d\u2019emploi\"},{\"@type\":\"BreadcrumbList\",\"@id\":\"https:\\\/\\\/www.webdo.tn\\\/fr\\\/actualite\\\/national\\\/tunisie-plf-2025-un-fonds-d-assurance-contre-la-perte-d-emploi\\\/217017\\\/#breadcrumb\",\"itemListElement\":[{\"@type\":\"ListItem\",\"position\":1,\"name\":\"Accueil\",\"item\":\"https:\\\/\\\/www.webdo.tn\\\/fr\\\/\"},{\"@type\":\"ListItem\",\"position\":2,\"name\":\"Tunisie &#8211; PLF 2025 : Un fonds d\u2019assurance contre la perte d\u2019emploi\"}]},{\"@type\":\"WebSite\",\"@id\":\"https:\\\/\\\/www.webdo.tn\\\/fr\\\/#website\",\"url\":\"https:\\\/\\\/www.webdo.tn\\\/fr\\\/\",\"name\":\"webdo\",\"description\":\"Tunisie - News en Tunisie et \u00e0 l&#039;international sur Webdo.tn\",\"publisher\":{\"@id\":\"https:\\\/\\\/www.webdo.tn\\\/fr\\\/#organization\"},\"potentialAction\":[{\"@type\":\"SearchAction\",\"target\":{\"@type\":\"EntryPoint\",\"urlTemplate\":\"https:\\\/\\\/www.webdo.tn\\\/fr\\\/?s={search_term_string}\"},\"query-input\":{\"@type\":\"PropertyValueSpecification\",\"valueRequired\":true,\"valueName\":\"search_term_string\"}}],\"inLanguage\":\"fr-FR\"},{\"@type\":\"Organization\",\"@id\":\"https:\\\/\\\/www.webdo.tn\\\/fr\\\/#organization\",\"name\":\"Webdo\",\"alternateName\":\"Webdo.tn\",\"url\":\"https:\\\/\\\/www.webdo.tn\\\/fr\\\/\",\"logo\":{\"@type\":\"ImageObject\",\"inLanguage\":\"fr-FR\",\"@id\":\"https:\\\/\\\/www.webdo.tn\\\/fr\\\/#\\\/schema\\\/logo\\\/image\\\/\",\"url\":\"https:\\\/\\\/www.webdo.tn\\\/fr\\\/wp-content\\\/uploads\\\/2025\\\/06\\\/Webdo-Tunisie_168377.jpg\",\"contentUrl\":\"https:\\\/\\\/www.webdo.tn\\\/fr\\\/wp-content\\\/uploads\\\/2025\\\/06\\\/Webdo-Tunisie_168377.jpg\",\"width\":301,\"height\":301,\"caption\":\"Webdo\"},\"image\":{\"@id\":\"https:\\\/\\\/www.webdo.tn\\\/fr\\\/#\\\/schema\\\/logo\\\/image\\\/\"},\"sameAs\":[\"https:\\\/\\\/www.facebook.com\\\/webdotn\",\"https:\\\/\\\/x.com\\\/webdo_tn\"],\"description\":\"Webdo est un m\u00e9dia num\u00e9rique tunisien fond\u00e9 en 2010, sp\u00e9cialis\u00e9 dans l\u2019actualit\u00e9 nationale et internationale, l\u2019\u00e9conomie, la soci\u00e9t\u00e9 et les analyses politiques. Le site s\u2019adresse \u00e0 un large public francophone et couvre l\u2019information tunisienne en temps r\u00e9el.\",\"email\":\"redac@webdo.tn\",\"legalName\":\"YNJ SARL\",\"foundingDate\":\"2010-09-06\",\"numberOfEmployees\":{\"@type\":\"QuantitativeValue\",\"minValue\":\"11\",\"maxValue\":\"50\"}},{\"@type\":\"Person\",\"@id\":\"https:\\\/\\\/www.webdo.tn\\\/fr\\\/#\\\/schema\\\/person\\\/2c4929cbf5a809e3bd38617c6ce150f6\",\"name\":\"MC\",\"image\":{\"@type\":\"ImageObject\",\"inLanguage\":\"fr-FR\",\"@id\":\"https:\\\/\\\/secure.gravatar.com\\\/avatar\\\/a545bbb6f84efdd5553dbbc2895e3ca8f1d12c5215e00a041c9670b54aa9b18a?s=96&d=mm&r=g\",\"url\":\"https:\\\/\\\/secure.gravatar.com\\\/avatar\\\/a545bbb6f84efdd5553dbbc2895e3ca8f1d12c5215e00a041c9670b54aa9b18a?s=96&d=mm&r=g\",\"contentUrl\":\"https:\\\/\\\/secure.gravatar.com\\\/avatar\\\/a545bbb6f84efdd5553dbbc2895e3ca8f1d12c5215e00a041c9670b54aa9b18a?s=96&d=mm&r=g\",\"caption\":\"MC\"},\"url\":\"https:\\\/\\\/www.webdo.tn\\\/fr\\\/actualite\\\/author\\\/mc\\\/\"}]}<\/script>\n<!-- \/ Yoast SEO Premium plugin. -->","yoast_head_json":{"title":"Tunisie - PLF 2025 : Un fonds d\u2019assurance contre la perte d\u2019emploi","description":"Le projet de loi de finances 2025 en Tunisie pr\u00e9voit un fonds d'assurance pour prot\u00e9ger les travailleurs licenci\u00e9s pour des raisons \u00e9conomiques. Ce fonds sera f...","canonical":"https:\/\/www.webdo.tn\/fr\/actualite\/national\/tunisie-plf-2025-un-fonds-d-assurance-contre-la-perte-d-emploi\/217017\/","og_locale":"fr_FR","og_type":"article","og_title":"Tunisie - PLF 2025 : Un fonds d\u2019assurance contre la perte d\u2019emploi","og_description":"Le projet de loi de finances 2025 en Tunisie pr\u00e9voit un fonds d'assurance pour prot\u00e9ger les travailleurs licenci\u00e9s pour des raisons \u00e9conomiques. Ce fonds sera f...","og_url":"https:\/\/www.webdo.tn\/fr\/actualite\/national\/tunisie-plf-2025-un-fonds-d-assurance-contre-la-perte-d-emploi\/217017\/","og_site_name":"webdo","article_publisher":"https:\/\/www.facebook.com\/webdotn","article_published_time":"2024-10-16T14:35:00+00:00","article_modified_time":"2025-05-20T21:47:43+00:00","og_image":[{"width":626,"height":334,"url":"https:\/\/www.webdo.tn\/fr\/wp-content\/uploads\/2024\/10\/a79fa7292f77b91a2b73335ee60e2c68.webp","type":"image\/webp"}],"author":"MC","twitter_card":"summary_large_image","twitter_creator":"@webdo_tn","twitter_site":"@webdo_tn","twitter_misc":{"\u00c9crit par":"MC","Dur\u00e9e de lecture estim\u00e9e":"2 minutes"},"schema":{"@context":"https:\/\/schema.org","@graph":[{"@type":"NewsArticle","@id":"https:\/\/www.webdo.tn\/fr\/actualite\/national\/tunisie-plf-2025-un-fonds-d-assurance-contre-la-perte-d-emploi\/217017\/#article","isPartOf":{"@id":"https:\/\/www.webdo.tn\/fr\/actualite\/national\/tunisie-plf-2025-un-fonds-d-assurance-contre-la-perte-d-emploi\/217017\/"},"author":{"name":"MC","@id":"https:\/\/www.webdo.tn\/fr\/#\/schema\/person\/2c4929cbf5a809e3bd38617c6ce150f6"},"headline":"Tunisie &#8211; PLF 2025 : Un fonds d\u2019assurance contre la perte d\u2019emploi","datePublished":"2024-10-16T14:35:00+00:00","dateModified":"2025-05-20T21:47:43+00:00","mainEntityOfPage":{"@id":"https:\/\/www.webdo.tn\/fr\/actualite\/national\/tunisie-plf-2025-un-fonds-d-assurance-contre-la-perte-d-emploi\/217017\/"},"wordCount":330,"commentCount":0,"publisher":{"@id":"https:\/\/www.webdo.tn\/fr\/#organization"},"image":{"@id":"https:\/\/www.webdo.tn\/fr\/actualite\/national\/tunisie-plf-2025-un-fonds-d-assurance-contre-la-perte-d-emploi\/217017\/#primaryimage"},"thumbnailUrl":"https:\/\/www.webdo.tn\/fr\/wp-content\/uploads\/2024\/10\/a79fa7292f77b91a2b73335ee60e2c68.webp","keywords":["Fonds d\u2019assurance","minist\u00e8re des finances","Perte d\u2019emploi","PLF 2025","Projet de loi de finances 2025","Protection sociale","Tunisie"],"articleSection":["National"],"inLanguage":"fr-FR"},{"@type":"WebPage","@id":"https:\/\/www.webdo.tn\/fr\/actualite\/national\/tunisie-plf-2025-un-fonds-d-assurance-contre-la-perte-d-emploi\/217017\/","url":"https:\/\/www.webdo.tn\/fr\/actualite\/national\/tunisie-plf-2025-un-fonds-d-assurance-contre-la-perte-d-emploi\/217017\/","name":"Tunisie - PLF 2025 : Un fonds d\u2019assurance contre la perte d\u2019emploi","isPartOf":{"@id":"https:\/\/www.webdo.tn\/fr\/#website"},"primaryImageOfPage":{"@id":"https:\/\/www.webdo.tn\/fr\/actualite\/national\/tunisie-plf-2025-un-fonds-d-assurance-contre-la-perte-d-emploi\/217017\/#primaryimage"},"image":{"@id":"https:\/\/www.webdo.tn\/fr\/actualite\/national\/tunisie-plf-2025-un-fonds-d-assurance-contre-la-perte-d-emploi\/217017\/#primaryimage"},"thumbnailUrl":"https:\/\/www.webdo.tn\/fr\/wp-content\/uploads\/2024\/10\/a79fa7292f77b91a2b73335ee60e2c68.webp","datePublished":"2024-10-16T14:35:00+00:00","dateModified":"2025-05-20T21:47:43+00:00","description":"Le projet de loi de finances 2025 en Tunisie pr\u00e9voit un fonds d'assurance pour prot\u00e9ger les travailleurs licenci\u00e9s pour des raisons \u00e9conomiques. Ce fonds sera f...","breadcrumb":{"@id":"https:\/\/www.webdo.tn\/fr\/actualite\/national\/tunisie-plf-2025-un-fonds-d-assurance-contre-la-perte-d-emploi\/217017\/#breadcrumb"},"inLanguage":"fr-FR","potentialAction":[{"@type":"ReadAction","target":["https:\/\/www.webdo.tn\/fr\/actualite\/national\/tunisie-plf-2025-un-fonds-d-assurance-contre-la-perte-d-emploi\/217017\/"]}]},{"@type":"ImageObject","inLanguage":"fr-FR","@id":"https:\/\/www.webdo.tn\/fr\/actualite\/national\/tunisie-plf-2025-un-fonds-d-assurance-contre-la-perte-d-emploi\/217017\/#primaryimage","url":"https:\/\/www.webdo.tn\/fr\/wp-content\/uploads\/2024\/10\/a79fa7292f77b91a2b73335ee60e2c68.webp","contentUrl":"https:\/\/www.webdo.tn\/fr\/wp-content\/uploads\/2024\/10\/a79fa7292f77b91a2b73335ee60e2c68.webp","width":626,"height":334,"caption":"Tunisie - PLF 2025 : Un fonds d\u2019assurance contre la perte d\u2019emploi"},{"@type":"BreadcrumbList","@id":"https:\/\/www.webdo.tn\/fr\/actualite\/national\/tunisie-plf-2025-un-fonds-d-assurance-contre-la-perte-d-emploi\/217017\/#breadcrumb","itemListElement":[{"@type":"ListItem","position":1,"name":"Accueil","item":"https:\/\/www.webdo.tn\/fr\/"},{"@type":"ListItem","position":2,"name":"Tunisie &#8211; PLF 2025 : Un fonds d\u2019assurance contre la perte d\u2019emploi"}]},{"@type":"WebSite","@id":"https:\/\/www.webdo.tn\/fr\/#website","url":"https:\/\/www.webdo.tn\/fr\/","name":"webdo","description":"Tunisie - News en Tunisie et \u00e0 l&#039;international sur Webdo.tn","publisher":{"@id":"https:\/\/www.webdo.tn\/fr\/#organization"},"potentialAction":[{"@type":"SearchAction","target":{"@type":"EntryPoint","urlTemplate":"https:\/\/www.webdo.tn\/fr\/?s={search_term_string}"},"query-input":{"@type":"PropertyValueSpecification","valueRequired":true,"valueName":"search_term_string"}}],"inLanguage":"fr-FR"},{"@type":"Organization","@id":"https:\/\/www.webdo.tn\/fr\/#organization","name":"Webdo","alternateName":"Webdo.tn","url":"https:\/\/www.webdo.tn\/fr\/","logo":{"@type":"ImageObject","inLanguage":"fr-FR","@id":"https:\/\/www.webdo.tn\/fr\/#\/schema\/logo\/image\/","url":"https:\/\/www.webdo.tn\/fr\/wp-content\/uploads\/2025\/06\/Webdo-Tunisie_168377.jpg","contentUrl":"https:\/\/www.webdo.tn\/fr\/wp-content\/uploads\/2025\/06\/Webdo-Tunisie_168377.jpg","width":301,"height":301,"caption":"Webdo"},"image":{"@id":"https:\/\/www.webdo.tn\/fr\/#\/schema\/logo\/image\/"},"sameAs":["https:\/\/www.facebook.com\/webdotn","https:\/\/x.com\/webdo_tn"],"description":"Webdo est un m\u00e9dia num\u00e9rique tunisien fond\u00e9 en 2010, sp\u00e9cialis\u00e9 dans l\u2019actualit\u00e9 nationale et internationale, l\u2019\u00e9conomie, la soci\u00e9t\u00e9 et les analyses politiques. Le site s\u2019adresse \u00e0 un large public francophone et couvre l\u2019information tunisienne en temps r\u00e9el.","email":"redac@webdo.tn","legalName":"YNJ SARL","foundingDate":"2010-09-06","numberOfEmployees":{"@type":"QuantitativeValue","minValue":"11","maxValue":"50"}},{"@type":"Person","@id":"https:\/\/www.webdo.tn\/fr\/#\/schema\/person\/2c4929cbf5a809e3bd38617c6ce150f6","name":"MC","image":{"@type":"ImageObject","inLanguage":"fr-FR","@id":"https:\/\/secure.gravatar.com\/avatar\/a545bbb6f84efdd5553dbbc2895e3ca8f1d12c5215e00a041c9670b54aa9b18a?s=96&d=mm&r=g","url":"https:\/\/secure.gravatar.com\/avatar\/a545bbb6f84efdd5553dbbc2895e3ca8f1d12c5215e00a041c9670b54aa9b18a?s=96&d=mm&r=g","contentUrl":"https:\/\/secure.gravatar.com\/avatar\/a545bbb6f84efdd5553dbbc2895e3ca8f1d12c5215e00a041c9670b54aa9b18a?s=96&d=mm&r=g","caption":"MC"},"url":"https:\/\/www.webdo.tn\/fr\/actualite\/author\/mc\/"}]}},"_links":{"self":[{"href":"https:\/\/www.webdo.tn\/fr\/wp-json\/wp\/v2\/posts\/217017","targetHints":{"allow":["GET"]}}],"collection":[{"href":"https:\/\/www.webdo.tn\/fr\/wp-json\/wp\/v2\/posts"}],"about":[{"href":"https:\/\/www.webdo.tn\/fr\/wp-json\/wp\/v2\/types\/post"}],"author":[{"embeddable":true,"href":"https:\/\/www.webdo.tn\/fr\/wp-json\/wp\/v2\/users\/3162"}],"replies":[{"embeddable":true,"href":"https:\/\/www.webdo.tn\/fr\/wp-json\/wp\/v2\/comments?post=217017"}],"version-history":[{"count":0,"href":"https:\/\/www.webdo.tn\/fr\/wp-json\/wp\/v2\/posts\/217017\/revisions"}],"wp:featuredmedia":[{"embeddable":true,"href":"https:\/\/www.webdo.tn\/fr\/wp-json\/wp\/v2\/media\/246315"}],"wp:attachment":[{"href":"https:\/\/www.webdo.tn\/fr\/wp-json\/wp\/v2\/media?parent=217017"}],"wp:term":[{"taxonomy":"category","embeddable":true,"href":"https:\/\/www.webdo.tn\/fr\/wp-json\/wp\/v2\/categories?post=217017"},{"taxonomy":"post_tag","embeddable":true,"href":"https:\/\/www.webdo.tn\/fr\/wp-json\/wp\/v2\/tags?post=217017"}],"curies":[{"name":"wp","href":"https:\/\/api.w.org\/{rel}","templated":true}]}}