{"id":217007,"date":"2024-10-16T10:12:00","date_gmt":"2024-10-16T10:12:00","guid":{"rendered":"https:\/\/www.webdo.tn\/fr\/blog\/gaza-les-dommages-causes-par-la-guerre-a-gaza-couteront-entre-14-et-20-milliards-de-dollars\/217007\/"},"modified":"2025-05-20T22:14:36","modified_gmt":"2025-05-20T22:14:36","slug":"gaza-les-dommages-causes-par-la-guerre-a-gaza-couteront-entre-14-et-20-milliards-de-dollars","status":"publish","type":"post","link":"https:\/\/www.webdo.tn\/fr\/actualite\/international\/gaza-les-dommages-causes-par-la-guerre-a-gaza-couteront-entre-14-et-20-milliards-de-dollars\/217007\/","title":{"rendered":"Gaza : Les dommages caus\u00e9s par la guerre \u00e0 Gaza co\u00fbteront entre 14 et 20 milliards de dollars"},"content":{"rendered":"<p>Les dommages li\u00e9s \u00e0 la guerre de Gaza co\u00fbteront entre 14 et 20 milliards de dollars, estim\u00e9 la Banque mondiale.<\/p>\n<p>\t\t\t\t\t\t\t\t\tLe pr\u00e9sident de la Banque mondiale Ajay Banga a estim\u00e9 que le co\u00fbt des dommages caus\u00e9s par la guerre \u00e0 Gaza se situerait d\u00e9sormais entre 14 et 20 milliards de dollars, en ajoutant que les destructions caus\u00e9es par les bombardements isra\u00e9liens sur le Liban-sud viendraient s&rsquo;ajouter \u00e0 ce total r\u00e9gional, rapporte Reuters.<\/p>\n<p>Le pr\u00e9sident de la Banque mondiale a rappel\u00e9 que la guerre avait eu un impact relativement faible sur l&rsquo;\u00e9conomie mondiale, mais qu&rsquo;une \u00ab\u00a0extension significative du conflit\u00a0\u00bb impliquant d&rsquo;autres pays qui contribuent davantage \u00e0 la croissance mondiale, notamment les exportateurs de mati\u00e8res premi\u00e8res, pourrait l&rsquo;impacter plus durement.<\/p>\n","protected":false},"excerpt":{"rendered":"<p>La Banque mondiale estime que les dommages caus\u00e9s par la guerre \u00e0 Gaza se chiffrent entre 14 et 20 milliards de dollars. Le pr\u00e9sident Ajay Banga souligne les im&#8230;<\/p>\n","protected":false},"author":3162,"featured_media":291196,"comment_status":"open","ping_status":"closed","sticky":false,"template":"","format":"standard","meta":{"footnotes":""},"categories":[2598],"tags":[10537,10536,2939,5480,2689,9770],"class_list":["post-217007","post","type-post","status-publish","format-standard","has-post-thumbnail","hentry","category-international","tag-ajay-banga","tag-cout-des-dommages","tag-banque-mondiale","tag-conflit-au-moyen-orient","tag-gaza","tag-guerre-a-gaza"],"yoast_head":"<!-- This site is optimized with the Yoast SEO Premium plugin v27.5 (Yoast SEO v27.5) - https:\/\/yoast.com\/product\/yoast-seo-premium-wordpress\/ -->\n<title>Gaza : Les dommages caus\u00e9s par la guerre \u00e0 Gaza co\u00fbteront entre 14 et 20 milliards de dollars<\/title>\n<meta name=\"description\" content=\"La Banque mondiale estime que les dommages caus\u00e9s par la guerre \u00e0 Gaza se chiffrent entre 14 et 20 milliards de dollars. Le pr\u00e9sident Ajay Banga souligne les im...\" \/>\n<link rel=\"canonical\" href=\"https:\/\/www.webdo.tn\/fr\/actualite\/international\/gaza-les-dommages-causes-par-la-guerre-a-gaza-couteront-entre-14-et-20-milliards-de-dollars\/217007\/\" \/>\n<meta property=\"og:locale\" content=\"fr_FR\" \/>\n<meta property=\"og:type\" content=\"article\" \/>\n<meta property=\"og:title\" content=\"Gaza : Les dommages caus\u00e9s par la guerre \u00e0 Gaza co\u00fbteront entre 14 et 20 milliards de dollars\" \/>\n<meta property=\"og:description\" content=\"La Banque mondiale estime que les dommages caus\u00e9s par la guerre \u00e0 Gaza se chiffrent entre 14 et 20 milliards de dollars. Le pr\u00e9sident Ajay Banga souligne les im...\" \/>\n<meta property=\"og:url\" content=\"https:\/\/www.webdo.tn\/fr\/actualite\/international\/gaza-les-dommages-causes-par-la-guerre-a-gaza-couteront-entre-14-et-20-milliards-de-dollars\/217007\/\" \/>\n<meta property=\"og:site_name\" content=\"webdo\" \/>\n<meta property=\"article:publisher\" content=\"https:\/\/www.facebook.com\/webdotn\" \/>\n<meta property=\"article:published_time\" content=\"2024-10-16T10:12:00+00:00\" \/>\n<meta property=\"article:modified_time\" content=\"2025-05-20T22:14:36+00:00\" \/>\n<meta property=\"og:image\" content=\"https:\/\/www.webdo.tn\/fr\/wp-content\/uploads\/2024\/10\/4d4a3f7b2fbe247ab7824f9989cf259e.webp\" \/>\n\t<meta property=\"og:image:width\" content=\"750\" \/>\n\t<meta property=\"og:image:height\" content=\"400\" \/>\n\t<meta property=\"og:image:type\" content=\"image\/webp\" \/>\n<meta name=\"author\" content=\"MC\" \/>\n<meta name=\"twitter:card\" content=\"summary_large_image\" \/>\n<meta name=\"twitter:creator\" content=\"@webdo_tn\" \/>\n<meta name=\"twitter:site\" content=\"@webdo_tn\" \/>\n<meta name=\"twitter:label1\" content=\"\u00c9crit par\" \/>\n\t<meta name=\"twitter:data1\" content=\"MC\" \/>\n\t<meta name=\"twitter:label2\" content=\"Dur\u00e9e de lecture estim\u00e9e\" \/>\n\t<meta name=\"twitter:data2\" content=\"1 minute\" \/>\n<script type=\"application\/ld+json\" class=\"yoast-schema-graph\">{\"@context\":\"https:\\\/\\\/schema.org\",\"@graph\":[{\"@type\":\"NewsArticle\",\"@id\":\"https:\\\/\\\/www.webdo.tn\\\/fr\\\/actualite\\\/international\\\/gaza-les-dommages-causes-par-la-guerre-a-gaza-couteront-entre-14-et-20-milliards-de-dollars\\\/217007\\\/#article\",\"isPartOf\":{\"@id\":\"https:\\\/\\\/www.webdo.tn\\\/fr\\\/actualite\\\/international\\\/gaza-les-dommages-causes-par-la-guerre-a-gaza-couteront-entre-14-et-20-milliards-de-dollars\\\/217007\\\/\"},\"author\":{\"name\":\"MC\",\"@id\":\"https:\\\/\\\/www.webdo.tn\\\/fr\\\/#\\\/schema\\\/person\\\/2c4929cbf5a809e3bd38617c6ce150f6\"},\"headline\":\"Gaza : Les dommages caus\u00e9s par la guerre \u00e0 Gaza co\u00fbteront entre 14 et 20 milliards de dollars\",\"datePublished\":\"2024-10-16T10:12:00+00:00\",\"dateModified\":\"2025-05-20T22:14:36+00:00\",\"mainEntityOfPage\":{\"@id\":\"https:\\\/\\\/www.webdo.tn\\\/fr\\\/actualite\\\/international\\\/gaza-les-dommages-causes-par-la-guerre-a-gaza-couteront-entre-14-et-20-milliards-de-dollars\\\/217007\\\/\"},\"wordCount\":143,\"commentCount\":0,\"publisher\":{\"@id\":\"https:\\\/\\\/www.webdo.tn\\\/fr\\\/#organization\"},\"image\":{\"@id\":\"https:\\\/\\\/www.webdo.tn\\\/fr\\\/actualite\\\/international\\\/gaza-les-dommages-causes-par-la-guerre-a-gaza-couteront-entre-14-et-20-milliards-de-dollars\\\/217007\\\/#primaryimage\"},\"thumbnailUrl\":\"https:\\\/\\\/www.webdo.tn\\\/fr\\\/wp-content\\\/uploads\\\/2024\\\/10\\\/4d4a3f7b2fbe247ab7824f9989cf259e.webp\",\"keywords\":[\"'Ajay Banga']\",\"'Co\u00fbt des dommages'\",\"Banque Mondiale\",\"Conflit au Moyen-Orient\",\"Gaza\",\"Guerre \u00e0 Gaza\"],\"articleSection\":[\"International\"],\"inLanguage\":\"fr-FR\"},{\"@type\":\"WebPage\",\"@id\":\"https:\\\/\\\/www.webdo.tn\\\/fr\\\/actualite\\\/international\\\/gaza-les-dommages-causes-par-la-guerre-a-gaza-couteront-entre-14-et-20-milliards-de-dollars\\\/217007\\\/\",\"url\":\"https:\\\/\\\/www.webdo.tn\\\/fr\\\/actualite\\\/international\\\/gaza-les-dommages-causes-par-la-guerre-a-gaza-couteront-entre-14-et-20-milliards-de-dollars\\\/217007\\\/\",\"name\":\"Gaza : Les dommages caus\u00e9s par la guerre \u00e0 Gaza co\u00fbteront entre 14 et 20 milliards de dollars\",\"isPartOf\":{\"@id\":\"https:\\\/\\\/www.webdo.tn\\\/fr\\\/#website\"},\"primaryImageOfPage\":{\"@id\":\"https:\\\/\\\/www.webdo.tn\\\/fr\\\/actualite\\\/international\\\/gaza-les-dommages-causes-par-la-guerre-a-gaza-couteront-entre-14-et-20-milliards-de-dollars\\\/217007\\\/#primaryimage\"},\"image\":{\"@id\":\"https:\\\/\\\/www.webdo.tn\\\/fr\\\/actualite\\\/international\\\/gaza-les-dommages-causes-par-la-guerre-a-gaza-couteront-entre-14-et-20-milliards-de-dollars\\\/217007\\\/#primaryimage\"},\"thumbnailUrl\":\"https:\\\/\\\/www.webdo.tn\\\/fr\\\/wp-content\\\/uploads\\\/2024\\\/10\\\/4d4a3f7b2fbe247ab7824f9989cf259e.webp\",\"datePublished\":\"2024-10-16T10:12:00+00:00\",\"dateModified\":\"2025-05-20T22:14:36+00:00\",\"description\":\"La Banque mondiale estime que les dommages caus\u00e9s par la guerre \u00e0 Gaza se chiffrent entre 14 et 20 milliards de dollars. Le pr\u00e9sident Ajay Banga souligne les im...\",\"breadcrumb\":{\"@id\":\"https:\\\/\\\/www.webdo.tn\\\/fr\\\/actualite\\\/international\\\/gaza-les-dommages-causes-par-la-guerre-a-gaza-couteront-entre-14-et-20-milliards-de-dollars\\\/217007\\\/#breadcrumb\"},\"inLanguage\":\"fr-FR\",\"potentialAction\":[{\"@type\":\"ReadAction\",\"target\":[\"https:\\\/\\\/www.webdo.tn\\\/fr\\\/actualite\\\/international\\\/gaza-les-dommages-causes-par-la-guerre-a-gaza-couteront-entre-14-et-20-milliards-de-dollars\\\/217007\\\/\"]}]},{\"@type\":\"ImageObject\",\"inLanguage\":\"fr-FR\",\"@id\":\"https:\\\/\\\/www.webdo.tn\\\/fr\\\/actualite\\\/international\\\/gaza-les-dommages-causes-par-la-guerre-a-gaza-couteront-entre-14-et-20-milliards-de-dollars\\\/217007\\\/#primaryimage\",\"url\":\"https:\\\/\\\/www.webdo.tn\\\/fr\\\/wp-content\\\/uploads\\\/2024\\\/10\\\/4d4a3f7b2fbe247ab7824f9989cf259e.webp\",\"contentUrl\":\"https:\\\/\\\/www.webdo.tn\\\/fr\\\/wp-content\\\/uploads\\\/2024\\\/10\\\/4d4a3f7b2fbe247ab7824f9989cf259e.webp\",\"width\":750,\"height\":400,\"caption\":\"Gaza : Les dommages caus\u00e9s par la guerre \u00e0 Gaza co\u00fbteront entre 14 et 20 milliards de dollars\"},{\"@type\":\"BreadcrumbList\",\"@id\":\"https:\\\/\\\/www.webdo.tn\\\/fr\\\/actualite\\\/international\\\/gaza-les-dommages-causes-par-la-guerre-a-gaza-couteront-entre-14-et-20-milliards-de-dollars\\\/217007\\\/#breadcrumb\",\"itemListElement\":[{\"@type\":\"ListItem\",\"position\":1,\"name\":\"Accueil\",\"item\":\"https:\\\/\\\/www.webdo.tn\\\/fr\\\/\"},{\"@type\":\"ListItem\",\"position\":2,\"name\":\"Gaza : Les dommages caus\u00e9s par la guerre \u00e0 Gaza co\u00fbteront entre 14 et 20 milliards de dollars\"}]},{\"@type\":\"WebSite\",\"@id\":\"https:\\\/\\\/www.webdo.tn\\\/fr\\\/#website\",\"url\":\"https:\\\/\\\/www.webdo.tn\\\/fr\\\/\",\"name\":\"webdo\",\"description\":\"Tunisie - News en Tunisie et \u00e0 l&#039;international sur Webdo.tn\",\"publisher\":{\"@id\":\"https:\\\/\\\/www.webdo.tn\\\/fr\\\/#organization\"},\"potentialAction\":[{\"@type\":\"SearchAction\",\"target\":{\"@type\":\"EntryPoint\",\"urlTemplate\":\"https:\\\/\\\/www.webdo.tn\\\/fr\\\/?s={search_term_string}\"},\"query-input\":{\"@type\":\"PropertyValueSpecification\",\"valueRequired\":true,\"valueName\":\"search_term_string\"}}],\"inLanguage\":\"fr-FR\"},{\"@type\":\"Organization\",\"@id\":\"https:\\\/\\\/www.webdo.tn\\\/fr\\\/#organization\",\"name\":\"Webdo\",\"alternateName\":\"Webdo.tn\",\"url\":\"https:\\\/\\\/www.webdo.tn\\\/fr\\\/\",\"logo\":{\"@type\":\"ImageObject\",\"inLanguage\":\"fr-FR\",\"@id\":\"https:\\\/\\\/www.webdo.tn\\\/fr\\\/#\\\/schema\\\/logo\\\/image\\\/\",\"url\":\"https:\\\/\\\/www.webdo.tn\\\/fr\\\/wp-content\\\/uploads\\\/2025\\\/06\\\/Webdo-Tunisie_168377.jpg\",\"contentUrl\":\"https:\\\/\\\/www.webdo.tn\\\/fr\\\/wp-content\\\/uploads\\\/2025\\\/06\\\/Webdo-Tunisie_168377.jpg\",\"width\":301,\"height\":301,\"caption\":\"Webdo\"},\"image\":{\"@id\":\"https:\\\/\\\/www.webdo.tn\\\/fr\\\/#\\\/schema\\\/logo\\\/image\\\/\"},\"sameAs\":[\"https:\\\/\\\/www.facebook.com\\\/webdotn\",\"https:\\\/\\\/x.com\\\/webdo_tn\"],\"description\":\"Webdo est un m\u00e9dia num\u00e9rique tunisien fond\u00e9 en 2010, sp\u00e9cialis\u00e9 dans l\u2019actualit\u00e9 nationale et internationale, l\u2019\u00e9conomie, la soci\u00e9t\u00e9 et les analyses politiques. Le site s\u2019adresse \u00e0 un large public francophone et couvre l\u2019information tunisienne en temps r\u00e9el.\",\"email\":\"redac@webdo.tn\",\"legalName\":\"YNJ SARL\",\"foundingDate\":\"2010-09-06\",\"numberOfEmployees\":{\"@type\":\"QuantitativeValue\",\"minValue\":\"11\",\"maxValue\":\"50\"}},{\"@type\":\"Person\",\"@id\":\"https:\\\/\\\/www.webdo.tn\\\/fr\\\/#\\\/schema\\\/person\\\/2c4929cbf5a809e3bd38617c6ce150f6\",\"name\":\"MC\",\"image\":{\"@type\":\"ImageObject\",\"inLanguage\":\"fr-FR\",\"@id\":\"https:\\\/\\\/secure.gravatar.com\\\/avatar\\\/a545bbb6f84efdd5553dbbc2895e3ca8f1d12c5215e00a041c9670b54aa9b18a?s=96&d=mm&r=g\",\"url\":\"https:\\\/\\\/secure.gravatar.com\\\/avatar\\\/a545bbb6f84efdd5553dbbc2895e3ca8f1d12c5215e00a041c9670b54aa9b18a?s=96&d=mm&r=g\",\"contentUrl\":\"https:\\\/\\\/secure.gravatar.com\\\/avatar\\\/a545bbb6f84efdd5553dbbc2895e3ca8f1d12c5215e00a041c9670b54aa9b18a?s=96&d=mm&r=g\",\"caption\":\"MC\"},\"url\":\"https:\\\/\\\/www.webdo.tn\\\/fr\\\/actualite\\\/author\\\/mc\\\/\"}]}<\/script>\n<!-- \/ Yoast SEO Premium plugin. -->","yoast_head_json":{"title":"Gaza : Les dommages caus\u00e9s par la guerre \u00e0 Gaza co\u00fbteront entre 14 et 20 milliards de dollars","description":"La Banque mondiale estime que les dommages caus\u00e9s par la guerre \u00e0 Gaza se chiffrent entre 14 et 20 milliards de dollars. Le pr\u00e9sident Ajay Banga souligne les im...","canonical":"https:\/\/www.webdo.tn\/fr\/actualite\/international\/gaza-les-dommages-causes-par-la-guerre-a-gaza-couteront-entre-14-et-20-milliards-de-dollars\/217007\/","og_locale":"fr_FR","og_type":"article","og_title":"Gaza : Les dommages caus\u00e9s par la guerre \u00e0 Gaza co\u00fbteront entre 14 et 20 milliards de dollars","og_description":"La Banque mondiale estime que les dommages caus\u00e9s par la guerre \u00e0 Gaza se chiffrent entre 14 et 20 milliards de dollars. Le pr\u00e9sident Ajay Banga souligne les im...","og_url":"https:\/\/www.webdo.tn\/fr\/actualite\/international\/gaza-les-dommages-causes-par-la-guerre-a-gaza-couteront-entre-14-et-20-milliards-de-dollars\/217007\/","og_site_name":"webdo","article_publisher":"https:\/\/www.facebook.com\/webdotn","article_published_time":"2024-10-16T10:12:00+00:00","article_modified_time":"2025-05-20T22:14:36+00:00","og_image":[{"width":750,"height":400,"url":"https:\/\/www.webdo.tn\/fr\/wp-content\/uploads\/2024\/10\/4d4a3f7b2fbe247ab7824f9989cf259e.webp","type":"image\/webp"}],"author":"MC","twitter_card":"summary_large_image","twitter_creator":"@webdo_tn","twitter_site":"@webdo_tn","twitter_misc":{"\u00c9crit par":"MC","Dur\u00e9e de lecture estim\u00e9e":"1 minute"},"schema":{"@context":"https:\/\/schema.org","@graph":[{"@type":"NewsArticle","@id":"https:\/\/www.webdo.tn\/fr\/actualite\/international\/gaza-les-dommages-causes-par-la-guerre-a-gaza-couteront-entre-14-et-20-milliards-de-dollars\/217007\/#article","isPartOf":{"@id":"https:\/\/www.webdo.tn\/fr\/actualite\/international\/gaza-les-dommages-causes-par-la-guerre-a-gaza-couteront-entre-14-et-20-milliards-de-dollars\/217007\/"},"author":{"name":"MC","@id":"https:\/\/www.webdo.tn\/fr\/#\/schema\/person\/2c4929cbf5a809e3bd38617c6ce150f6"},"headline":"Gaza : Les dommages caus\u00e9s par la guerre \u00e0 Gaza co\u00fbteront entre 14 et 20 milliards de dollars","datePublished":"2024-10-16T10:12:00+00:00","dateModified":"2025-05-20T22:14:36+00:00","mainEntityOfPage":{"@id":"https:\/\/www.webdo.tn\/fr\/actualite\/international\/gaza-les-dommages-causes-par-la-guerre-a-gaza-couteront-entre-14-et-20-milliards-de-dollars\/217007\/"},"wordCount":143,"commentCount":0,"publisher":{"@id":"https:\/\/www.webdo.tn\/fr\/#organization"},"image":{"@id":"https:\/\/www.webdo.tn\/fr\/actualite\/international\/gaza-les-dommages-causes-par-la-guerre-a-gaza-couteront-entre-14-et-20-milliards-de-dollars\/217007\/#primaryimage"},"thumbnailUrl":"https:\/\/www.webdo.tn\/fr\/wp-content\/uploads\/2024\/10\/4d4a3f7b2fbe247ab7824f9989cf259e.webp","keywords":["'Ajay Banga']","'Co\u00fbt des dommages'","Banque Mondiale","Conflit au Moyen-Orient","Gaza","Guerre \u00e0 Gaza"],"articleSection":["International"],"inLanguage":"fr-FR"},{"@type":"WebPage","@id":"https:\/\/www.webdo.tn\/fr\/actualite\/international\/gaza-les-dommages-causes-par-la-guerre-a-gaza-couteront-entre-14-et-20-milliards-de-dollars\/217007\/","url":"https:\/\/www.webdo.tn\/fr\/actualite\/international\/gaza-les-dommages-causes-par-la-guerre-a-gaza-couteront-entre-14-et-20-milliards-de-dollars\/217007\/","name":"Gaza : Les dommages caus\u00e9s par la guerre \u00e0 Gaza co\u00fbteront entre 14 et 20 milliards de dollars","isPartOf":{"@id":"https:\/\/www.webdo.tn\/fr\/#website"},"primaryImageOfPage":{"@id":"https:\/\/www.webdo.tn\/fr\/actualite\/international\/gaza-les-dommages-causes-par-la-guerre-a-gaza-couteront-entre-14-et-20-milliards-de-dollars\/217007\/#primaryimage"},"image":{"@id":"https:\/\/www.webdo.tn\/fr\/actualite\/international\/gaza-les-dommages-causes-par-la-guerre-a-gaza-couteront-entre-14-et-20-milliards-de-dollars\/217007\/#primaryimage"},"thumbnailUrl":"https:\/\/www.webdo.tn\/fr\/wp-content\/uploads\/2024\/10\/4d4a3f7b2fbe247ab7824f9989cf259e.webp","datePublished":"2024-10-16T10:12:00+00:00","dateModified":"2025-05-20T22:14:36+00:00","description":"La Banque mondiale estime que les dommages caus\u00e9s par la guerre \u00e0 Gaza se chiffrent entre 14 et 20 milliards de dollars. Le pr\u00e9sident Ajay Banga souligne les im...","breadcrumb":{"@id":"https:\/\/www.webdo.tn\/fr\/actualite\/international\/gaza-les-dommages-causes-par-la-guerre-a-gaza-couteront-entre-14-et-20-milliards-de-dollars\/217007\/#breadcrumb"},"inLanguage":"fr-FR","potentialAction":[{"@type":"ReadAction","target":["https:\/\/www.webdo.tn\/fr\/actualite\/international\/gaza-les-dommages-causes-par-la-guerre-a-gaza-couteront-entre-14-et-20-milliards-de-dollars\/217007\/"]}]},{"@type":"ImageObject","inLanguage":"fr-FR","@id":"https:\/\/www.webdo.tn\/fr\/actualite\/international\/gaza-les-dommages-causes-par-la-guerre-a-gaza-couteront-entre-14-et-20-milliards-de-dollars\/217007\/#primaryimage","url":"https:\/\/www.webdo.tn\/fr\/wp-content\/uploads\/2024\/10\/4d4a3f7b2fbe247ab7824f9989cf259e.webp","contentUrl":"https:\/\/www.webdo.tn\/fr\/wp-content\/uploads\/2024\/10\/4d4a3f7b2fbe247ab7824f9989cf259e.webp","width":750,"height":400,"caption":"Gaza : Les dommages caus\u00e9s par la guerre \u00e0 Gaza co\u00fbteront entre 14 et 20 milliards de dollars"},{"@type":"BreadcrumbList","@id":"https:\/\/www.webdo.tn\/fr\/actualite\/international\/gaza-les-dommages-causes-par-la-guerre-a-gaza-couteront-entre-14-et-20-milliards-de-dollars\/217007\/#breadcrumb","itemListElement":[{"@type":"ListItem","position":1,"name":"Accueil","item":"https:\/\/www.webdo.tn\/fr\/"},{"@type":"ListItem","position":2,"name":"Gaza : Les dommages caus\u00e9s par la guerre \u00e0 Gaza co\u00fbteront entre 14 et 20 milliards de dollars"}]},{"@type":"WebSite","@id":"https:\/\/www.webdo.tn\/fr\/#website","url":"https:\/\/www.webdo.tn\/fr\/","name":"webdo","description":"Tunisie - News en Tunisie et \u00e0 l&#039;international sur Webdo.tn","publisher":{"@id":"https:\/\/www.webdo.tn\/fr\/#organization"},"potentialAction":[{"@type":"SearchAction","target":{"@type":"EntryPoint","urlTemplate":"https:\/\/www.webdo.tn\/fr\/?s={search_term_string}"},"query-input":{"@type":"PropertyValueSpecification","valueRequired":true,"valueName":"search_term_string"}}],"inLanguage":"fr-FR"},{"@type":"Organization","@id":"https:\/\/www.webdo.tn\/fr\/#organization","name":"Webdo","alternateName":"Webdo.tn","url":"https:\/\/www.webdo.tn\/fr\/","logo":{"@type":"ImageObject","inLanguage":"fr-FR","@id":"https:\/\/www.webdo.tn\/fr\/#\/schema\/logo\/image\/","url":"https:\/\/www.webdo.tn\/fr\/wp-content\/uploads\/2025\/06\/Webdo-Tunisie_168377.jpg","contentUrl":"https:\/\/www.webdo.tn\/fr\/wp-content\/uploads\/2025\/06\/Webdo-Tunisie_168377.jpg","width":301,"height":301,"caption":"Webdo"},"image":{"@id":"https:\/\/www.webdo.tn\/fr\/#\/schema\/logo\/image\/"},"sameAs":["https:\/\/www.facebook.com\/webdotn","https:\/\/x.com\/webdo_tn"],"description":"Webdo est un m\u00e9dia num\u00e9rique tunisien fond\u00e9 en 2010, sp\u00e9cialis\u00e9 dans l\u2019actualit\u00e9 nationale et internationale, l\u2019\u00e9conomie, la soci\u00e9t\u00e9 et les analyses politiques. Le site s\u2019adresse \u00e0 un large public francophone et couvre l\u2019information tunisienne en temps r\u00e9el.","email":"redac@webdo.tn","legalName":"YNJ SARL","foundingDate":"2010-09-06","numberOfEmployees":{"@type":"QuantitativeValue","minValue":"11","maxValue":"50"}},{"@type":"Person","@id":"https:\/\/www.webdo.tn\/fr\/#\/schema\/person\/2c4929cbf5a809e3bd38617c6ce150f6","name":"MC","image":{"@type":"ImageObject","inLanguage":"fr-FR","@id":"https:\/\/secure.gravatar.com\/avatar\/a545bbb6f84efdd5553dbbc2895e3ca8f1d12c5215e00a041c9670b54aa9b18a?s=96&d=mm&r=g","url":"https:\/\/secure.gravatar.com\/avatar\/a545bbb6f84efdd5553dbbc2895e3ca8f1d12c5215e00a041c9670b54aa9b18a?s=96&d=mm&r=g","contentUrl":"https:\/\/secure.gravatar.com\/avatar\/a545bbb6f84efdd5553dbbc2895e3ca8f1d12c5215e00a041c9670b54aa9b18a?s=96&d=mm&r=g","caption":"MC"},"url":"https:\/\/www.webdo.tn\/fr\/actualite\/author\/mc\/"}]}},"_links":{"self":[{"href":"https:\/\/www.webdo.tn\/fr\/wp-json\/wp\/v2\/posts\/217007","targetHints":{"allow":["GET"]}}],"collection":[{"href":"https:\/\/www.webdo.tn\/fr\/wp-json\/wp\/v2\/posts"}],"about":[{"href":"https:\/\/www.webdo.tn\/fr\/wp-json\/wp\/v2\/types\/post"}],"author":[{"embeddable":true,"href":"https:\/\/www.webdo.tn\/fr\/wp-json\/wp\/v2\/users\/3162"}],"replies":[{"embeddable":true,"href":"https:\/\/www.webdo.tn\/fr\/wp-json\/wp\/v2\/comments?post=217007"}],"version-history":[{"count":0,"href":"https:\/\/www.webdo.tn\/fr\/wp-json\/wp\/v2\/posts\/217007\/revisions"}],"wp:featuredmedia":[{"embeddable":true,"href":"https:\/\/www.webdo.tn\/fr\/wp-json\/wp\/v2\/media\/291196"}],"wp:attachment":[{"href":"https:\/\/www.webdo.tn\/fr\/wp-json\/wp\/v2\/media?parent=217007"}],"wp:term":[{"taxonomy":"category","embeddable":true,"href":"https:\/\/www.webdo.tn\/fr\/wp-json\/wp\/v2\/categories?post=217007"},{"taxonomy":"post_tag","embeddable":true,"href":"https:\/\/www.webdo.tn\/fr\/wp-json\/wp\/v2\/tags?post=217007"}],"curies":[{"name":"wp","href":"https:\/\/api.w.org\/{rel}","templated":true}]}}