{"id":217005,"date":"2024-10-16T09:35:00","date_gmt":"2024-10-16T09:35:00","guid":{"rendered":"https:\/\/www.webdo.tn\/fr\/blog\/macron-m-netanyahou-ne-doit-pas-oublier-que-son-pays-a-ete-cree-par-une-decision-de-l-onu\/217005\/"},"modified":"2025-05-20T22:14:37","modified_gmt":"2025-05-20T22:14:37","slug":"macron-m-netanyahou-ne-doit-pas-oublier-que-son-pays-a-ete-cree-par-une-decision-de-l-onu","status":"publish","type":"post","link":"https:\/\/www.webdo.tn\/fr\/actualite\/international\/macron-m-netanyahou-ne-doit-pas-oublier-que-son-pays-a-ete-cree-par-une-decision-de-l-onu\/217005\/","title":{"rendered":"Macron : \u00ab\u00a0M. Netanyahou ne doit pas oublier que son pays a \u00e9t\u00e9 cr\u00e9\u00e9 par une d\u00e9cision de l\u2019ONU\u00a0\u00bb"},"content":{"rendered":"<p>Emmanuel Macron a r\u00e9cemment suscit\u00e9 une vive pol\u00e9mique en d\u00e9clarant lors d&rsquo;un Conseil des ministres tenu mardi que Benjamin Netanyahou \u00ab\u00a0ne doit pas oublier que son pays a \u00e9t\u00e9 cr\u00e9\u00e9 par une d\u00e9cision de l\u2019ONU\u00a0\u00bb.<\/p>\n<p>\t\t\t\t\t\t\t\t\tAvec cette affirmation, qui fait r\u00e9f\u00e9rence \u00e0 la r\u00e9solution de l&rsquo;ONU de 1947, ayant \u00e9tabli le plan de partage de la Palestine, Macron a soulign\u00e9 que, par cons\u00e9quent, Isra\u00ebl ne devrait pas ignorer les d\u00e9cisions des Nations unies.<\/p>\n<p>Ces propos n\u2019\u00e9taient pas destin\u00e9s \u00e0 \u00eatre rendus publics et ont \u00e9t\u00e9 dits dans le huis clos du Conseil des ministres qui s\u2019est tenu ce mardi,, mais ils interviennent dans un contexte de tensions au Sud Liban, o\u00f9 Isra\u00ebl m\u00e8ne des op\u00e9rations militaires contre le Hezbollah, entra\u00eenant des frappes qui ont bless\u00e9 des casques bleus de l&rsquo;ONU.<\/p>\n<p>Le pr\u00e9sident fran\u00e7ais a jug\u00e9 \u00ab\u00a0inacceptable\u00a0\u00bb que ces forces onusiennes soient d\u00e9lib\u00e9r\u00e9ment cibl\u00e9es et a exprim\u00e9 sa pr\u00e9occupation face \u00e0 l&rsquo;intensification des attaques isra\u00e9liennes, appelant \u00e0 un cessez-le-feu imm\u00e9diat.<\/p>\n<p>La d\u00e9claration de Macron pourrait exacerber les relations d\u00e9j\u00e0 tendues entre la France et Isra\u00ebl, alors que Netanyahou a r\u00e9pliqu\u00e9 en soutenant que la cr\u00e9ation de l&rsquo;\u00c9tat d&rsquo;Isra\u00ebl \u00e9tait le r\u00e9sultat d&rsquo;une lutte militaire, non d&rsquo;une simple r\u00e9solution de l&rsquo;ONU.<\/p>\n<p>Cette mont\u00e9e de tensions a des implications significatives, d&rsquo;autant plus que Macron avait d\u00e9j\u00e0 \u00e9t\u00e9 critiqu\u00e9 pour ses d\u00e9clarations concernant les livraisons d&rsquo;armes \u00e0 Isra\u00ebl.<\/p>\n<p>Dans un contexte o\u00f9 les deux dirigeants se sont r\u00e9cemment appel\u00e9s, cette prise de position de Macron pourrait marquer un tournant dans les relations franco-isra\u00e9liennes, soulignant les d\u00e9fis diplomatiques auxquels la France fait face dans cette r\u00e9gion instable.<\/p>\n","protected":false},"excerpt":{"rendered":"<p>Emmanuel Macron a d\u00e9clar\u00e9 que Benjamin Netanyahou ne doit pas oublier que l&rsquo;\u00c9tat d&rsquo;Isra\u00ebl a \u00e9t\u00e9 cr\u00e9\u00e9 par une d\u00e9cision de l&rsquo;ONU. Cette affirmation, faite en Cons&#8230;<\/p>\n","protected":false},"author":3162,"featured_media":291197,"comment_status":"open","ping_status":"closed","sticky":false,"template":"","format":"standard","meta":{"footnotes":""},"categories":[2598],"tags":[10538,5336,5467,5302,2636,3920,3296],"class_list":["post-217005","post","type-post","status-publish","format-standard","has-post-thumbnail","hentry","category-international","tag-resolution-1947","tag-benjamin-netanyahou","tag-emmanuel-macron","tag-hezbollah","tag-israel","tag-liban","tag-onu"],"yoast_head":"<!-- This site is optimized with the Yoast SEO Premium plugin v27.5 (Yoast SEO v27.5) - https:\/\/yoast.com\/product\/yoast-seo-premium-wordpress\/ -->\n<title>Macron : M. Netanyahou ne doit pas oublier que son pays a \u00e9t\u00e9 cr\u00e9\u00e9 par une d\u00e9cision de l\u2019ONU<\/title>\n<meta name=\"description\" content=\"Emmanuel Macron a d\u00e9clar\u00e9 que Benjamin Netanyahou ne doit pas oublier que l&#039;\u00c9tat d&#039;Isra\u00ebl a \u00e9t\u00e9 cr\u00e9\u00e9 par une d\u00e9cision de l&#039;ONU. Cette affirmation, faite en Cons...\" \/>\n<link rel=\"canonical\" href=\"https:\/\/www.webdo.tn\/fr\/actualite\/international\/macron-m-netanyahou-ne-doit-pas-oublier-que-son-pays-a-ete-cree-par-une-decision-de-l-onu\/217005\/\" \/>\n<meta property=\"og:locale\" content=\"fr_FR\" \/>\n<meta property=\"og:type\" content=\"article\" \/>\n<meta property=\"og:title\" content=\"Macron : &quot;M. Netanyahou ne doit pas oublier que son pays a \u00e9t\u00e9 cr\u00e9\u00e9 par une d\u00e9cision de l\u2019ONU&quot;\" \/>\n<meta property=\"og:description\" content=\"Emmanuel Macron a d\u00e9clar\u00e9 que Benjamin Netanyahou ne doit pas oublier que l&#039;\u00c9tat d&#039;Isra\u00ebl a \u00e9t\u00e9 cr\u00e9\u00e9 par une d\u00e9cision de l&#039;ONU. Cette affirmation, faite en Cons...\" \/>\n<meta property=\"og:url\" content=\"https:\/\/www.webdo.tn\/fr\/actualite\/international\/macron-m-netanyahou-ne-doit-pas-oublier-que-son-pays-a-ete-cree-par-une-decision-de-l-onu\/217005\/\" \/>\n<meta property=\"og:site_name\" content=\"webdo\" \/>\n<meta property=\"article:publisher\" content=\"https:\/\/www.facebook.com\/webdotn\" \/>\n<meta property=\"article:published_time\" content=\"2024-10-16T09:35:00+00:00\" \/>\n<meta property=\"article:modified_time\" content=\"2025-05-20T22:14:37+00:00\" \/>\n<meta property=\"og:image\" content=\"https:\/\/www.webdo.tn\/fr\/wp-content\/uploads\/2024\/10\/f87b162f25d42ba51f9dfd1a9c0cedc6.webp\" \/>\n\t<meta property=\"og:image:width\" content=\"750\" \/>\n\t<meta property=\"og:image:height\" content=\"400\" \/>\n\t<meta property=\"og:image:type\" content=\"image\/webp\" \/>\n<meta name=\"author\" content=\"MC\" \/>\n<meta name=\"twitter:card\" content=\"summary_large_image\" \/>\n<meta name=\"twitter:creator\" content=\"@webdo_tn\" \/>\n<meta name=\"twitter:site\" content=\"@webdo_tn\" \/>\n<meta name=\"twitter:label1\" content=\"\u00c9crit par\" \/>\n\t<meta name=\"twitter:data1\" content=\"MC\" \/>\n\t<meta name=\"twitter:label2\" content=\"Dur\u00e9e de lecture estim\u00e9e\" \/>\n\t<meta name=\"twitter:data2\" content=\"2 minutes\" \/>\n<script type=\"application\/ld+json\" class=\"yoast-schema-graph\">{\"@context\":\"https:\\\/\\\/schema.org\",\"@graph\":[{\"@type\":\"NewsArticle\",\"@id\":\"https:\\\/\\\/www.webdo.tn\\\/fr\\\/actualite\\\/international\\\/macron-m-netanyahou-ne-doit-pas-oublier-que-son-pays-a-ete-cree-par-une-decision-de-l-onu\\\/217005\\\/#article\",\"isPartOf\":{\"@id\":\"https:\\\/\\\/www.webdo.tn\\\/fr\\\/actualite\\\/international\\\/macron-m-netanyahou-ne-doit-pas-oublier-que-son-pays-a-ete-cree-par-une-decision-de-l-onu\\\/217005\\\/\"},\"author\":{\"name\":\"MC\",\"@id\":\"https:\\\/\\\/www.webdo.tn\\\/fr\\\/#\\\/schema\\\/person\\\/2c4929cbf5a809e3bd38617c6ce150f6\"},\"headline\":\"Macron : \u00ab\u00a0M. Netanyahou ne doit pas oublier que son pays a \u00e9t\u00e9 cr\u00e9\u00e9 par une d\u00e9cision de l\u2019ONU\u00a0\u00bb\",\"datePublished\":\"2024-10-16T09:35:00+00:00\",\"dateModified\":\"2025-05-20T22:14:37+00:00\",\"mainEntityOfPage\":{\"@id\":\"https:\\\/\\\/www.webdo.tn\\\/fr\\\/actualite\\\/international\\\/macron-m-netanyahou-ne-doit-pas-oublier-que-son-pays-a-ete-cree-par-une-decision-de-l-onu\\\/217005\\\/\"},\"wordCount\":331,\"commentCount\":0,\"publisher\":{\"@id\":\"https:\\\/\\\/www.webdo.tn\\\/fr\\\/#organization\"},\"image\":{\"@id\":\"https:\\\/\\\/www.webdo.tn\\\/fr\\\/actualite\\\/international\\\/macron-m-netanyahou-ne-doit-pas-oublier-que-son-pays-a-ete-cree-par-une-decision-de-l-onu\\\/217005\\\/#primaryimage\"},\"thumbnailUrl\":\"https:\\\/\\\/www.webdo.tn\\\/fr\\\/wp-content\\\/uploads\\\/2024\\\/10\\\/f87b162f25d42ba51f9dfd1a9c0cedc6.webp\",\"keywords\":[\"'R\u00e9solution 1947']\",\"Benjamin Netanyahou\",\"Emmanuel Macron\",\"Hezbollah\",\"isra\u00ebl\",\"liban\",\"ONU\"],\"articleSection\":[\"International\"],\"inLanguage\":\"fr-FR\"},{\"@type\":\"WebPage\",\"@id\":\"https:\\\/\\\/www.webdo.tn\\\/fr\\\/actualite\\\/international\\\/macron-m-netanyahou-ne-doit-pas-oublier-que-son-pays-a-ete-cree-par-une-decision-de-l-onu\\\/217005\\\/\",\"url\":\"https:\\\/\\\/www.webdo.tn\\\/fr\\\/actualite\\\/international\\\/macron-m-netanyahou-ne-doit-pas-oublier-que-son-pays-a-ete-cree-par-une-decision-de-l-onu\\\/217005\\\/\",\"name\":\"Macron : M. Netanyahou ne doit pas oublier que son pays a \u00e9t\u00e9 cr\u00e9\u00e9 par une d\u00e9cision de l\u2019ONU\",\"isPartOf\":{\"@id\":\"https:\\\/\\\/www.webdo.tn\\\/fr\\\/#website\"},\"primaryImageOfPage\":{\"@id\":\"https:\\\/\\\/www.webdo.tn\\\/fr\\\/actualite\\\/international\\\/macron-m-netanyahou-ne-doit-pas-oublier-que-son-pays-a-ete-cree-par-une-decision-de-l-onu\\\/217005\\\/#primaryimage\"},\"image\":{\"@id\":\"https:\\\/\\\/www.webdo.tn\\\/fr\\\/actualite\\\/international\\\/macron-m-netanyahou-ne-doit-pas-oublier-que-son-pays-a-ete-cree-par-une-decision-de-l-onu\\\/217005\\\/#primaryimage\"},\"thumbnailUrl\":\"https:\\\/\\\/www.webdo.tn\\\/fr\\\/wp-content\\\/uploads\\\/2024\\\/10\\\/f87b162f25d42ba51f9dfd1a9c0cedc6.webp\",\"datePublished\":\"2024-10-16T09:35:00+00:00\",\"dateModified\":\"2025-05-20T22:14:37+00:00\",\"description\":\"Emmanuel Macron a d\u00e9clar\u00e9 que Benjamin Netanyahou ne doit pas oublier que l'\u00c9tat d'Isra\u00ebl a \u00e9t\u00e9 cr\u00e9\u00e9 par une d\u00e9cision de l'ONU. Cette affirmation, faite en Cons...\",\"breadcrumb\":{\"@id\":\"https:\\\/\\\/www.webdo.tn\\\/fr\\\/actualite\\\/international\\\/macron-m-netanyahou-ne-doit-pas-oublier-que-son-pays-a-ete-cree-par-une-decision-de-l-onu\\\/217005\\\/#breadcrumb\"},\"inLanguage\":\"fr-FR\",\"potentialAction\":[{\"@type\":\"ReadAction\",\"target\":[\"https:\\\/\\\/www.webdo.tn\\\/fr\\\/actualite\\\/international\\\/macron-m-netanyahou-ne-doit-pas-oublier-que-son-pays-a-ete-cree-par-une-decision-de-l-onu\\\/217005\\\/\"]}]},{\"@type\":\"ImageObject\",\"inLanguage\":\"fr-FR\",\"@id\":\"https:\\\/\\\/www.webdo.tn\\\/fr\\\/actualite\\\/international\\\/macron-m-netanyahou-ne-doit-pas-oublier-que-son-pays-a-ete-cree-par-une-decision-de-l-onu\\\/217005\\\/#primaryimage\",\"url\":\"https:\\\/\\\/www.webdo.tn\\\/fr\\\/wp-content\\\/uploads\\\/2024\\\/10\\\/f87b162f25d42ba51f9dfd1a9c0cedc6.webp\",\"contentUrl\":\"https:\\\/\\\/www.webdo.tn\\\/fr\\\/wp-content\\\/uploads\\\/2024\\\/10\\\/f87b162f25d42ba51f9dfd1a9c0cedc6.webp\",\"width\":750,\"height\":400,\"caption\":\"Macron : \\\"M. Netanyahou ne doit pas oublier que son pays a \u00e9t\u00e9 cr\u00e9\u00e9 par une d\u00e9cision de l\u2019ONU\\\"\"},{\"@type\":\"BreadcrumbList\",\"@id\":\"https:\\\/\\\/www.webdo.tn\\\/fr\\\/actualite\\\/international\\\/macron-m-netanyahou-ne-doit-pas-oublier-que-son-pays-a-ete-cree-par-une-decision-de-l-onu\\\/217005\\\/#breadcrumb\",\"itemListElement\":[{\"@type\":\"ListItem\",\"position\":1,\"name\":\"Accueil\",\"item\":\"https:\\\/\\\/www.webdo.tn\\\/fr\\\/\"},{\"@type\":\"ListItem\",\"position\":2,\"name\":\"Macron : \u00ab\u00a0M. Netanyahou ne doit pas oublier que son pays a \u00e9t\u00e9 cr\u00e9\u00e9 par une d\u00e9cision de l\u2019ONU\u00a0\u00bb\"}]},{\"@type\":\"WebSite\",\"@id\":\"https:\\\/\\\/www.webdo.tn\\\/fr\\\/#website\",\"url\":\"https:\\\/\\\/www.webdo.tn\\\/fr\\\/\",\"name\":\"webdo\",\"description\":\"Tunisie - News en Tunisie et \u00e0 l&#039;international sur Webdo.tn\",\"publisher\":{\"@id\":\"https:\\\/\\\/www.webdo.tn\\\/fr\\\/#organization\"},\"potentialAction\":[{\"@type\":\"SearchAction\",\"target\":{\"@type\":\"EntryPoint\",\"urlTemplate\":\"https:\\\/\\\/www.webdo.tn\\\/fr\\\/?s={search_term_string}\"},\"query-input\":{\"@type\":\"PropertyValueSpecification\",\"valueRequired\":true,\"valueName\":\"search_term_string\"}}],\"inLanguage\":\"fr-FR\"},{\"@type\":\"Organization\",\"@id\":\"https:\\\/\\\/www.webdo.tn\\\/fr\\\/#organization\",\"name\":\"Webdo\",\"alternateName\":\"Webdo.tn\",\"url\":\"https:\\\/\\\/www.webdo.tn\\\/fr\\\/\",\"logo\":{\"@type\":\"ImageObject\",\"inLanguage\":\"fr-FR\",\"@id\":\"https:\\\/\\\/www.webdo.tn\\\/fr\\\/#\\\/schema\\\/logo\\\/image\\\/\",\"url\":\"https:\\\/\\\/www.webdo.tn\\\/fr\\\/wp-content\\\/uploads\\\/2025\\\/06\\\/Webdo-Tunisie_168377.jpg\",\"contentUrl\":\"https:\\\/\\\/www.webdo.tn\\\/fr\\\/wp-content\\\/uploads\\\/2025\\\/06\\\/Webdo-Tunisie_168377.jpg\",\"width\":301,\"height\":301,\"caption\":\"Webdo\"},\"image\":{\"@id\":\"https:\\\/\\\/www.webdo.tn\\\/fr\\\/#\\\/schema\\\/logo\\\/image\\\/\"},\"sameAs\":[\"https:\\\/\\\/www.facebook.com\\\/webdotn\",\"https:\\\/\\\/x.com\\\/webdo_tn\"],\"description\":\"Webdo est un m\u00e9dia num\u00e9rique tunisien fond\u00e9 en 2010, sp\u00e9cialis\u00e9 dans l\u2019actualit\u00e9 nationale et internationale, l\u2019\u00e9conomie, la soci\u00e9t\u00e9 et les analyses politiques. Le site s\u2019adresse \u00e0 un large public francophone et couvre l\u2019information tunisienne en temps r\u00e9el.\",\"email\":\"redac@webdo.tn\",\"legalName\":\"YNJ SARL\",\"foundingDate\":\"2010-09-06\",\"numberOfEmployees\":{\"@type\":\"QuantitativeValue\",\"minValue\":\"11\",\"maxValue\":\"50\"}},{\"@type\":\"Person\",\"@id\":\"https:\\\/\\\/www.webdo.tn\\\/fr\\\/#\\\/schema\\\/person\\\/2c4929cbf5a809e3bd38617c6ce150f6\",\"name\":\"MC\",\"image\":{\"@type\":\"ImageObject\",\"inLanguage\":\"fr-FR\",\"@id\":\"https:\\\/\\\/secure.gravatar.com\\\/avatar\\\/a545bbb6f84efdd5553dbbc2895e3ca8f1d12c5215e00a041c9670b54aa9b18a?s=96&d=mm&r=g\",\"url\":\"https:\\\/\\\/secure.gravatar.com\\\/avatar\\\/a545bbb6f84efdd5553dbbc2895e3ca8f1d12c5215e00a041c9670b54aa9b18a?s=96&d=mm&r=g\",\"contentUrl\":\"https:\\\/\\\/secure.gravatar.com\\\/avatar\\\/a545bbb6f84efdd5553dbbc2895e3ca8f1d12c5215e00a041c9670b54aa9b18a?s=96&d=mm&r=g\",\"caption\":\"MC\"},\"url\":\"https:\\\/\\\/www.webdo.tn\\\/fr\\\/actualite\\\/author\\\/mc\\\/\"}]}<\/script>\n<!-- \/ Yoast SEO Premium plugin. -->","yoast_head_json":{"title":"Macron : M. Netanyahou ne doit pas oublier que son pays a \u00e9t\u00e9 cr\u00e9\u00e9 par une d\u00e9cision de l\u2019ONU","description":"Emmanuel Macron a d\u00e9clar\u00e9 que Benjamin Netanyahou ne doit pas oublier que l'\u00c9tat d'Isra\u00ebl a \u00e9t\u00e9 cr\u00e9\u00e9 par une d\u00e9cision de l'ONU. Cette affirmation, faite en Cons...","canonical":"https:\/\/www.webdo.tn\/fr\/actualite\/international\/macron-m-netanyahou-ne-doit-pas-oublier-que-son-pays-a-ete-cree-par-une-decision-de-l-onu\/217005\/","og_locale":"fr_FR","og_type":"article","og_title":"Macron : \"M. Netanyahou ne doit pas oublier que son pays a \u00e9t\u00e9 cr\u00e9\u00e9 par une d\u00e9cision de l\u2019ONU\"","og_description":"Emmanuel Macron a d\u00e9clar\u00e9 que Benjamin Netanyahou ne doit pas oublier que l'\u00c9tat d'Isra\u00ebl a \u00e9t\u00e9 cr\u00e9\u00e9 par une d\u00e9cision de l'ONU. Cette affirmation, faite en Cons...","og_url":"https:\/\/www.webdo.tn\/fr\/actualite\/international\/macron-m-netanyahou-ne-doit-pas-oublier-que-son-pays-a-ete-cree-par-une-decision-de-l-onu\/217005\/","og_site_name":"webdo","article_publisher":"https:\/\/www.facebook.com\/webdotn","article_published_time":"2024-10-16T09:35:00+00:00","article_modified_time":"2025-05-20T22:14:37+00:00","og_image":[{"width":750,"height":400,"url":"https:\/\/www.webdo.tn\/fr\/wp-content\/uploads\/2024\/10\/f87b162f25d42ba51f9dfd1a9c0cedc6.webp","type":"image\/webp"}],"author":"MC","twitter_card":"summary_large_image","twitter_creator":"@webdo_tn","twitter_site":"@webdo_tn","twitter_misc":{"\u00c9crit par":"MC","Dur\u00e9e de lecture estim\u00e9e":"2 minutes"},"schema":{"@context":"https:\/\/schema.org","@graph":[{"@type":"NewsArticle","@id":"https:\/\/www.webdo.tn\/fr\/actualite\/international\/macron-m-netanyahou-ne-doit-pas-oublier-que-son-pays-a-ete-cree-par-une-decision-de-l-onu\/217005\/#article","isPartOf":{"@id":"https:\/\/www.webdo.tn\/fr\/actualite\/international\/macron-m-netanyahou-ne-doit-pas-oublier-que-son-pays-a-ete-cree-par-une-decision-de-l-onu\/217005\/"},"author":{"name":"MC","@id":"https:\/\/www.webdo.tn\/fr\/#\/schema\/person\/2c4929cbf5a809e3bd38617c6ce150f6"},"headline":"Macron : \u00ab\u00a0M. Netanyahou ne doit pas oublier que son pays a \u00e9t\u00e9 cr\u00e9\u00e9 par une d\u00e9cision de l\u2019ONU\u00a0\u00bb","datePublished":"2024-10-16T09:35:00+00:00","dateModified":"2025-05-20T22:14:37+00:00","mainEntityOfPage":{"@id":"https:\/\/www.webdo.tn\/fr\/actualite\/international\/macron-m-netanyahou-ne-doit-pas-oublier-que-son-pays-a-ete-cree-par-une-decision-de-l-onu\/217005\/"},"wordCount":331,"commentCount":0,"publisher":{"@id":"https:\/\/www.webdo.tn\/fr\/#organization"},"image":{"@id":"https:\/\/www.webdo.tn\/fr\/actualite\/international\/macron-m-netanyahou-ne-doit-pas-oublier-que-son-pays-a-ete-cree-par-une-decision-de-l-onu\/217005\/#primaryimage"},"thumbnailUrl":"https:\/\/www.webdo.tn\/fr\/wp-content\/uploads\/2024\/10\/f87b162f25d42ba51f9dfd1a9c0cedc6.webp","keywords":["'R\u00e9solution 1947']","Benjamin Netanyahou","Emmanuel Macron","Hezbollah","isra\u00ebl","liban","ONU"],"articleSection":["International"],"inLanguage":"fr-FR"},{"@type":"WebPage","@id":"https:\/\/www.webdo.tn\/fr\/actualite\/international\/macron-m-netanyahou-ne-doit-pas-oublier-que-son-pays-a-ete-cree-par-une-decision-de-l-onu\/217005\/","url":"https:\/\/www.webdo.tn\/fr\/actualite\/international\/macron-m-netanyahou-ne-doit-pas-oublier-que-son-pays-a-ete-cree-par-une-decision-de-l-onu\/217005\/","name":"Macron : M. Netanyahou ne doit pas oublier que son pays a \u00e9t\u00e9 cr\u00e9\u00e9 par une d\u00e9cision de l\u2019ONU","isPartOf":{"@id":"https:\/\/www.webdo.tn\/fr\/#website"},"primaryImageOfPage":{"@id":"https:\/\/www.webdo.tn\/fr\/actualite\/international\/macron-m-netanyahou-ne-doit-pas-oublier-que-son-pays-a-ete-cree-par-une-decision-de-l-onu\/217005\/#primaryimage"},"image":{"@id":"https:\/\/www.webdo.tn\/fr\/actualite\/international\/macron-m-netanyahou-ne-doit-pas-oublier-que-son-pays-a-ete-cree-par-une-decision-de-l-onu\/217005\/#primaryimage"},"thumbnailUrl":"https:\/\/www.webdo.tn\/fr\/wp-content\/uploads\/2024\/10\/f87b162f25d42ba51f9dfd1a9c0cedc6.webp","datePublished":"2024-10-16T09:35:00+00:00","dateModified":"2025-05-20T22:14:37+00:00","description":"Emmanuel Macron a d\u00e9clar\u00e9 que Benjamin Netanyahou ne doit pas oublier que l'\u00c9tat d'Isra\u00ebl a \u00e9t\u00e9 cr\u00e9\u00e9 par une d\u00e9cision de l'ONU. Cette affirmation, faite en Cons...","breadcrumb":{"@id":"https:\/\/www.webdo.tn\/fr\/actualite\/international\/macron-m-netanyahou-ne-doit-pas-oublier-que-son-pays-a-ete-cree-par-une-decision-de-l-onu\/217005\/#breadcrumb"},"inLanguage":"fr-FR","potentialAction":[{"@type":"ReadAction","target":["https:\/\/www.webdo.tn\/fr\/actualite\/international\/macron-m-netanyahou-ne-doit-pas-oublier-que-son-pays-a-ete-cree-par-une-decision-de-l-onu\/217005\/"]}]},{"@type":"ImageObject","inLanguage":"fr-FR","@id":"https:\/\/www.webdo.tn\/fr\/actualite\/international\/macron-m-netanyahou-ne-doit-pas-oublier-que-son-pays-a-ete-cree-par-une-decision-de-l-onu\/217005\/#primaryimage","url":"https:\/\/www.webdo.tn\/fr\/wp-content\/uploads\/2024\/10\/f87b162f25d42ba51f9dfd1a9c0cedc6.webp","contentUrl":"https:\/\/www.webdo.tn\/fr\/wp-content\/uploads\/2024\/10\/f87b162f25d42ba51f9dfd1a9c0cedc6.webp","width":750,"height":400,"caption":"Macron : \"M. Netanyahou ne doit pas oublier que son pays a \u00e9t\u00e9 cr\u00e9\u00e9 par une d\u00e9cision de l\u2019ONU\""},{"@type":"BreadcrumbList","@id":"https:\/\/www.webdo.tn\/fr\/actualite\/international\/macron-m-netanyahou-ne-doit-pas-oublier-que-son-pays-a-ete-cree-par-une-decision-de-l-onu\/217005\/#breadcrumb","itemListElement":[{"@type":"ListItem","position":1,"name":"Accueil","item":"https:\/\/www.webdo.tn\/fr\/"},{"@type":"ListItem","position":2,"name":"Macron : \u00ab\u00a0M. Netanyahou ne doit pas oublier que son pays a \u00e9t\u00e9 cr\u00e9\u00e9 par une d\u00e9cision de l\u2019ONU\u00a0\u00bb"}]},{"@type":"WebSite","@id":"https:\/\/www.webdo.tn\/fr\/#website","url":"https:\/\/www.webdo.tn\/fr\/","name":"webdo","description":"Tunisie - News en Tunisie et \u00e0 l&#039;international sur Webdo.tn","publisher":{"@id":"https:\/\/www.webdo.tn\/fr\/#organization"},"potentialAction":[{"@type":"SearchAction","target":{"@type":"EntryPoint","urlTemplate":"https:\/\/www.webdo.tn\/fr\/?s={search_term_string}"},"query-input":{"@type":"PropertyValueSpecification","valueRequired":true,"valueName":"search_term_string"}}],"inLanguage":"fr-FR"},{"@type":"Organization","@id":"https:\/\/www.webdo.tn\/fr\/#organization","name":"Webdo","alternateName":"Webdo.tn","url":"https:\/\/www.webdo.tn\/fr\/","logo":{"@type":"ImageObject","inLanguage":"fr-FR","@id":"https:\/\/www.webdo.tn\/fr\/#\/schema\/logo\/image\/","url":"https:\/\/www.webdo.tn\/fr\/wp-content\/uploads\/2025\/06\/Webdo-Tunisie_168377.jpg","contentUrl":"https:\/\/www.webdo.tn\/fr\/wp-content\/uploads\/2025\/06\/Webdo-Tunisie_168377.jpg","width":301,"height":301,"caption":"Webdo"},"image":{"@id":"https:\/\/www.webdo.tn\/fr\/#\/schema\/logo\/image\/"},"sameAs":["https:\/\/www.facebook.com\/webdotn","https:\/\/x.com\/webdo_tn"],"description":"Webdo est un m\u00e9dia num\u00e9rique tunisien fond\u00e9 en 2010, sp\u00e9cialis\u00e9 dans l\u2019actualit\u00e9 nationale et internationale, l\u2019\u00e9conomie, la soci\u00e9t\u00e9 et les analyses politiques. Le site s\u2019adresse \u00e0 un large public francophone et couvre l\u2019information tunisienne en temps r\u00e9el.","email":"redac@webdo.tn","legalName":"YNJ SARL","foundingDate":"2010-09-06","numberOfEmployees":{"@type":"QuantitativeValue","minValue":"11","maxValue":"50"}},{"@type":"Person","@id":"https:\/\/www.webdo.tn\/fr\/#\/schema\/person\/2c4929cbf5a809e3bd38617c6ce150f6","name":"MC","image":{"@type":"ImageObject","inLanguage":"fr-FR","@id":"https:\/\/secure.gravatar.com\/avatar\/a545bbb6f84efdd5553dbbc2895e3ca8f1d12c5215e00a041c9670b54aa9b18a?s=96&d=mm&r=g","url":"https:\/\/secure.gravatar.com\/avatar\/a545bbb6f84efdd5553dbbc2895e3ca8f1d12c5215e00a041c9670b54aa9b18a?s=96&d=mm&r=g","contentUrl":"https:\/\/secure.gravatar.com\/avatar\/a545bbb6f84efdd5553dbbc2895e3ca8f1d12c5215e00a041c9670b54aa9b18a?s=96&d=mm&r=g","caption":"MC"},"url":"https:\/\/www.webdo.tn\/fr\/actualite\/author\/mc\/"}]}},"_links":{"self":[{"href":"https:\/\/www.webdo.tn\/fr\/wp-json\/wp\/v2\/posts\/217005","targetHints":{"allow":["GET"]}}],"collection":[{"href":"https:\/\/www.webdo.tn\/fr\/wp-json\/wp\/v2\/posts"}],"about":[{"href":"https:\/\/www.webdo.tn\/fr\/wp-json\/wp\/v2\/types\/post"}],"author":[{"embeddable":true,"href":"https:\/\/www.webdo.tn\/fr\/wp-json\/wp\/v2\/users\/3162"}],"replies":[{"embeddable":true,"href":"https:\/\/www.webdo.tn\/fr\/wp-json\/wp\/v2\/comments?post=217005"}],"version-history":[{"count":0,"href":"https:\/\/www.webdo.tn\/fr\/wp-json\/wp\/v2\/posts\/217005\/revisions"}],"wp:featuredmedia":[{"embeddable":true,"href":"https:\/\/www.webdo.tn\/fr\/wp-json\/wp\/v2\/media\/291197"}],"wp:attachment":[{"href":"https:\/\/www.webdo.tn\/fr\/wp-json\/wp\/v2\/media?parent=217005"}],"wp:term":[{"taxonomy":"category","embeddable":true,"href":"https:\/\/www.webdo.tn\/fr\/wp-json\/wp\/v2\/categories?post=217005"},{"taxonomy":"post_tag","embeddable":true,"href":"https:\/\/www.webdo.tn\/fr\/wp-json\/wp\/v2\/tags?post=217005"}],"curies":[{"name":"wp","href":"https:\/\/api.w.org\/{rel}","templated":true}]}}