{"id":216996,"date":"2024-10-15T15:28:00","date_gmt":"2024-10-15T15:28:00","guid":{"rendered":"https:\/\/www.webdo.tn\/fr\/blog\/france-une-nouvelle-loi-sur-l-immigration-en-preparation\/216996\/"},"modified":"2025-05-20T22:14:34","modified_gmt":"2025-05-20T22:14:34","slug":"france-une-nouvelle-loi-sur-l-immigration-en-preparation","status":"publish","type":"post","link":"https:\/\/www.webdo.tn\/fr\/actualite\/international\/france-une-nouvelle-loi-sur-l-immigration-en-preparation\/216996\/","title":{"rendered":"France : Une nouvelle loi sur l\u2019immigration en pr\u00e9paration"},"content":{"rendered":"<p>En France, le gouvernement a annonc\u00e9 dimanche une nouvelle loi sur l&rsquo;immigration, dont l&rsquo;examen pourrait d\u00e9marrer d\u00e9but 2025 au Parlement, un an seulement apr\u00e8s le pr\u00e9c\u00e9dent texte sur le sujet qui avait fractur\u00e9 la majorit\u00e9 \u00e0 l&rsquo;Assembl\u00e9e nationale.<\/p>\n<p>\t\t\t\t\t\t\t\t\tApr\u00e8s l&rsquo;annonce par le gouvernement d&rsquo;une nouvelle loi immigration, le ministre de l&rsquo;Int\u00e9rieur Bruno Retailleau a d\u2019ailleurs assur\u00e9 ne pas vouloir pr\u00e9senter un texte identique \u00e0 la loi immigration vot\u00e9e l&rsquo;ann\u00e9e derni\u00e8re puis partiellement censur\u00e9e. A ce titre, la porte-parole du gouvernement Maud Bregeon a pr\u00e9cis\u00e9 que neuf des treize d\u00e9crets d&rsquo;application \u00ab\u00a0ont d\u00e9j\u00e0 \u00e9t\u00e9 pris\u00a0\u00bb.<\/p>\n<p>Lors de l&rsquo;examen de la derni\u00e8re loi immigration, d\u00e9put\u00e9s et ministres de l&rsquo;aile gauche de la macronie avaient d\u00e9j\u00e0 exprim\u00e9 leurs r\u00e9ticences.<\/p>\n<p>D\u00e9but 2025, ce sera rebelote, mais dans un tout autre contexte. Le parti Les R\u00e9publicains qui avait tr\u00e8s largement contribu\u00e9 \u00e0 durcir le pr\u00e9c\u00e9dent texte d\u00e9tient d\u00e9sormais Matignon et Beauvau, tandis que le RN laisse planer des menaces de censure.<\/p>\n<p>Bruno Retailleau a r\u00e9p\u00e9t\u00e9 mardi vouloir reprendre les mesures les plus s\u00e9v\u00e8res qui avaient finalement \u00e9t\u00e9 censur\u00e9es par le Conseil constitutionnel.<\/p>\n<p>Parmi celles-ci, la diminution des droits sociaux des migrants, avec l&rsquo;allongement de la dur\u00e9e de r\u00e9sidence n\u00e9cessaire aux \u00e9trangers pour b\u00e9n\u00e9ficier des prestations familiales ou la transformation de l&rsquo;aide m\u00e9dicale d&rsquo;\u00c9tat, qui prend en charge certains soins m\u00e9dicaux, en aide \u00ab\u00a0d&rsquo;urgence\u00a0\u00bb.<\/p>\n<p>Des mesures assimil\u00e9es par la gauche \u00e0 la \u00ab\u00a0pr\u00e9f\u00e9rence nationale\u00a0\u00bb, d\u00e9fendue de longue date par le Rassemblement national.<\/p>\n<p>Le ministre de l&rsquo;Int\u00e9rieur entend de plus prolonger de 90 \u00e0 210 jours le d\u00e9lai maximum en centre de r\u00e9tention administrative pour les \u00e9trangers \u00ab\u00a0dangereux\u00a0\u00bb, ce qui n&rsquo;est possible pour le moment que pour les infractions terroristes.<\/p>\n<p>Il veut enfin durcir les conditions du regroupement familial. Parmi les mesures censur\u00e9es du pr\u00e9c\u00e9dent texte, figurait ainsi l\u2019allongement de 18 \u00e0 24 mois de la dur\u00e9e de r\u00e9sidence requise pour pr\u00e9tendre \u00e0 ce regroupement.<\/p>\n","protected":false},"excerpt":{"rendered":"<p>Apr\u00e8s l&rsquo;annonce par le gouvernement d&rsquo;une nouvelle loi immigration, le ministre de l&rsquo;Int\u00e9rieur Bruno Retailleau a d\u2019ailleurs assur\u00e9 ne pas vouloir pr\u00e9senter un&#8230;<\/p>\n","protected":false},"author":3162,"featured_media":291191,"comment_status":"open","ping_status":"closed","sticky":false,"template":"","format":"standard","meta":{"footnotes":""},"categories":[2598],"tags":[2998,3632,3033],"class_list":["post-216996","post","type-post","status-publish","format-standard","has-post-thumbnail","hentry","category-international","tag-france","tag-immigration","tag-loi"],"yoast_head":"<!-- This site is optimized with the Yoast SEO Premium plugin v27.5 (Yoast SEO v27.5) - https:\/\/yoast.com\/product\/yoast-seo-premium-wordpress\/ -->\n<title>France : Une nouvelle loi sur l\u2019immigration en pr\u00e9paration<\/title>\n<meta name=\"description\" content=\"Apr\u00e8s l&#039;annonce par le gouvernement d&#039;une nouvelle loi immigration, le ministre de l&#039;Int\u00e9rieur Bruno Retailleau a d\u2019ailleurs assur\u00e9 ne pas vouloir pr\u00e9senter un...\" \/>\n<link rel=\"canonical\" href=\"https:\/\/www.webdo.tn\/fr\/actualite\/international\/france-une-nouvelle-loi-sur-l-immigration-en-preparation\/216996\/\" \/>\n<meta property=\"og:locale\" content=\"fr_FR\" \/>\n<meta property=\"og:type\" content=\"article\" \/>\n<meta property=\"og:title\" content=\"France : Une nouvelle loi sur l\u2019immigration en pr\u00e9paration\" \/>\n<meta property=\"og:description\" content=\"Apr\u00e8s l&#039;annonce par le gouvernement d&#039;une nouvelle loi immigration, le ministre de l&#039;Int\u00e9rieur Bruno Retailleau a d\u2019ailleurs assur\u00e9 ne pas vouloir pr\u00e9senter un...\" \/>\n<meta property=\"og:url\" content=\"https:\/\/www.webdo.tn\/fr\/actualite\/international\/france-une-nouvelle-loi-sur-l-immigration-en-preparation\/216996\/\" \/>\n<meta property=\"og:site_name\" content=\"webdo\" \/>\n<meta property=\"article:publisher\" content=\"https:\/\/www.facebook.com\/webdotn\" \/>\n<meta property=\"article:published_time\" content=\"2024-10-15T15:28:00+00:00\" \/>\n<meta property=\"article:modified_time\" content=\"2025-05-20T22:14:34+00:00\" \/>\n<meta property=\"og:image\" content=\"https:\/\/www.webdo.tn\/fr\/wp-content\/uploads\/2024\/10\/be1453e34bdd4ea6299563f85896b317.webp\" \/>\n\t<meta property=\"og:image:width\" content=\"750\" \/>\n\t<meta property=\"og:image:height\" content=\"400\" \/>\n\t<meta property=\"og:image:type\" content=\"image\/webp\" \/>\n<meta name=\"author\" content=\"MC\" \/>\n<meta name=\"twitter:card\" content=\"summary_large_image\" \/>\n<meta name=\"twitter:creator\" content=\"@webdo_tn\" \/>\n<meta name=\"twitter:site\" content=\"@webdo_tn\" \/>\n<meta name=\"twitter:label1\" content=\"\u00c9crit par\" \/>\n\t<meta name=\"twitter:data1\" content=\"MC\" \/>\n\t<meta name=\"twitter:label2\" content=\"Dur\u00e9e de lecture estim\u00e9e\" \/>\n\t<meta name=\"twitter:data2\" content=\"2 minutes\" \/>\n<script type=\"application\/ld+json\" class=\"yoast-schema-graph\">{\"@context\":\"https:\\\/\\\/schema.org\",\"@graph\":[{\"@type\":\"NewsArticle\",\"@id\":\"https:\\\/\\\/www.webdo.tn\\\/fr\\\/actualite\\\/international\\\/france-une-nouvelle-loi-sur-l-immigration-en-preparation\\\/216996\\\/#article\",\"isPartOf\":{\"@id\":\"https:\\\/\\\/www.webdo.tn\\\/fr\\\/actualite\\\/international\\\/france-une-nouvelle-loi-sur-l-immigration-en-preparation\\\/216996\\\/\"},\"author\":{\"name\":\"MC\",\"@id\":\"https:\\\/\\\/www.webdo.tn\\\/fr\\\/#\\\/schema\\\/person\\\/2c4929cbf5a809e3bd38617c6ce150f6\"},\"headline\":\"France : Une nouvelle loi sur l\u2019immigration en pr\u00e9paration\",\"datePublished\":\"2024-10-15T15:28:00+00:00\",\"dateModified\":\"2025-05-20T22:14:34+00:00\",\"mainEntityOfPage\":{\"@id\":\"https:\\\/\\\/www.webdo.tn\\\/fr\\\/actualite\\\/international\\\/france-une-nouvelle-loi-sur-l-immigration-en-preparation\\\/216996\\\/\"},\"wordCount\":376,\"commentCount\":0,\"publisher\":{\"@id\":\"https:\\\/\\\/www.webdo.tn\\\/fr\\\/#organization\"},\"image\":{\"@id\":\"https:\\\/\\\/www.webdo.tn\\\/fr\\\/actualite\\\/international\\\/france-une-nouvelle-loi-sur-l-immigration-en-preparation\\\/216996\\\/#primaryimage\"},\"thumbnailUrl\":\"https:\\\/\\\/www.webdo.tn\\\/fr\\\/wp-content\\\/uploads\\\/2024\\\/10\\\/be1453e34bdd4ea6299563f85896b317.webp\",\"keywords\":[\"france\",\"immigration\",\"loi\"],\"articleSection\":[\"International\"],\"inLanguage\":\"fr-FR\"},{\"@type\":\"WebPage\",\"@id\":\"https:\\\/\\\/www.webdo.tn\\\/fr\\\/actualite\\\/international\\\/france-une-nouvelle-loi-sur-l-immigration-en-preparation\\\/216996\\\/\",\"url\":\"https:\\\/\\\/www.webdo.tn\\\/fr\\\/actualite\\\/international\\\/france-une-nouvelle-loi-sur-l-immigration-en-preparation\\\/216996\\\/\",\"name\":\"France : Une nouvelle loi sur l\u2019immigration en pr\u00e9paration\",\"isPartOf\":{\"@id\":\"https:\\\/\\\/www.webdo.tn\\\/fr\\\/#website\"},\"primaryImageOfPage\":{\"@id\":\"https:\\\/\\\/www.webdo.tn\\\/fr\\\/actualite\\\/international\\\/france-une-nouvelle-loi-sur-l-immigration-en-preparation\\\/216996\\\/#primaryimage\"},\"image\":{\"@id\":\"https:\\\/\\\/www.webdo.tn\\\/fr\\\/actualite\\\/international\\\/france-une-nouvelle-loi-sur-l-immigration-en-preparation\\\/216996\\\/#primaryimage\"},\"thumbnailUrl\":\"https:\\\/\\\/www.webdo.tn\\\/fr\\\/wp-content\\\/uploads\\\/2024\\\/10\\\/be1453e34bdd4ea6299563f85896b317.webp\",\"datePublished\":\"2024-10-15T15:28:00+00:00\",\"dateModified\":\"2025-05-20T22:14:34+00:00\",\"description\":\"Apr\u00e8s l'annonce par le gouvernement d'une nouvelle loi immigration, le ministre de l'Int\u00e9rieur Bruno Retailleau a d\u2019ailleurs assur\u00e9 ne pas vouloir pr\u00e9senter un...\",\"breadcrumb\":{\"@id\":\"https:\\\/\\\/www.webdo.tn\\\/fr\\\/actualite\\\/international\\\/france-une-nouvelle-loi-sur-l-immigration-en-preparation\\\/216996\\\/#breadcrumb\"},\"inLanguage\":\"fr-FR\",\"potentialAction\":[{\"@type\":\"ReadAction\",\"target\":[\"https:\\\/\\\/www.webdo.tn\\\/fr\\\/actualite\\\/international\\\/france-une-nouvelle-loi-sur-l-immigration-en-preparation\\\/216996\\\/\"]}]},{\"@type\":\"ImageObject\",\"inLanguage\":\"fr-FR\",\"@id\":\"https:\\\/\\\/www.webdo.tn\\\/fr\\\/actualite\\\/international\\\/france-une-nouvelle-loi-sur-l-immigration-en-preparation\\\/216996\\\/#primaryimage\",\"url\":\"https:\\\/\\\/www.webdo.tn\\\/fr\\\/wp-content\\\/uploads\\\/2024\\\/10\\\/be1453e34bdd4ea6299563f85896b317.webp\",\"contentUrl\":\"https:\\\/\\\/www.webdo.tn\\\/fr\\\/wp-content\\\/uploads\\\/2024\\\/10\\\/be1453e34bdd4ea6299563f85896b317.webp\",\"width\":750,\"height\":400,\"caption\":\"France : Une nouvelle loi sur l\u2019immigration en pr\u00e9paration\"},{\"@type\":\"BreadcrumbList\",\"@id\":\"https:\\\/\\\/www.webdo.tn\\\/fr\\\/actualite\\\/international\\\/france-une-nouvelle-loi-sur-l-immigration-en-preparation\\\/216996\\\/#breadcrumb\",\"itemListElement\":[{\"@type\":\"ListItem\",\"position\":1,\"name\":\"Accueil\",\"item\":\"https:\\\/\\\/www.webdo.tn\\\/fr\\\/\"},{\"@type\":\"ListItem\",\"position\":2,\"name\":\"France : Une nouvelle loi sur l\u2019immigration en pr\u00e9paration\"}]},{\"@type\":\"WebSite\",\"@id\":\"https:\\\/\\\/www.webdo.tn\\\/fr\\\/#website\",\"url\":\"https:\\\/\\\/www.webdo.tn\\\/fr\\\/\",\"name\":\"webdo\",\"description\":\"Tunisie - News en Tunisie et \u00e0 l&#039;international sur Webdo.tn\",\"publisher\":{\"@id\":\"https:\\\/\\\/www.webdo.tn\\\/fr\\\/#organization\"},\"potentialAction\":[{\"@type\":\"SearchAction\",\"target\":{\"@type\":\"EntryPoint\",\"urlTemplate\":\"https:\\\/\\\/www.webdo.tn\\\/fr\\\/?s={search_term_string}\"},\"query-input\":{\"@type\":\"PropertyValueSpecification\",\"valueRequired\":true,\"valueName\":\"search_term_string\"}}],\"inLanguage\":\"fr-FR\"},{\"@type\":\"Organization\",\"@id\":\"https:\\\/\\\/www.webdo.tn\\\/fr\\\/#organization\",\"name\":\"Webdo\",\"alternateName\":\"Webdo.tn\",\"url\":\"https:\\\/\\\/www.webdo.tn\\\/fr\\\/\",\"logo\":{\"@type\":\"ImageObject\",\"inLanguage\":\"fr-FR\",\"@id\":\"https:\\\/\\\/www.webdo.tn\\\/fr\\\/#\\\/schema\\\/logo\\\/image\\\/\",\"url\":\"https:\\\/\\\/www.webdo.tn\\\/fr\\\/wp-content\\\/uploads\\\/2025\\\/06\\\/Webdo-Tunisie_168377.jpg\",\"contentUrl\":\"https:\\\/\\\/www.webdo.tn\\\/fr\\\/wp-content\\\/uploads\\\/2025\\\/06\\\/Webdo-Tunisie_168377.jpg\",\"width\":301,\"height\":301,\"caption\":\"Webdo\"},\"image\":{\"@id\":\"https:\\\/\\\/www.webdo.tn\\\/fr\\\/#\\\/schema\\\/logo\\\/image\\\/\"},\"sameAs\":[\"https:\\\/\\\/www.facebook.com\\\/webdotn\",\"https:\\\/\\\/x.com\\\/webdo_tn\"],\"description\":\"Webdo est un m\u00e9dia num\u00e9rique tunisien fond\u00e9 en 2010, sp\u00e9cialis\u00e9 dans l\u2019actualit\u00e9 nationale et internationale, l\u2019\u00e9conomie, la soci\u00e9t\u00e9 et les analyses politiques. Le site s\u2019adresse \u00e0 un large public francophone et couvre l\u2019information tunisienne en temps r\u00e9el.\",\"email\":\"redac@webdo.tn\",\"legalName\":\"YNJ SARL\",\"foundingDate\":\"2010-09-06\",\"numberOfEmployees\":{\"@type\":\"QuantitativeValue\",\"minValue\":\"11\",\"maxValue\":\"50\"}},{\"@type\":\"Person\",\"@id\":\"https:\\\/\\\/www.webdo.tn\\\/fr\\\/#\\\/schema\\\/person\\\/2c4929cbf5a809e3bd38617c6ce150f6\",\"name\":\"MC\",\"image\":{\"@type\":\"ImageObject\",\"inLanguage\":\"fr-FR\",\"@id\":\"https:\\\/\\\/secure.gravatar.com\\\/avatar\\\/a545bbb6f84efdd5553dbbc2895e3ca8f1d12c5215e00a041c9670b54aa9b18a?s=96&d=mm&r=g\",\"url\":\"https:\\\/\\\/secure.gravatar.com\\\/avatar\\\/a545bbb6f84efdd5553dbbc2895e3ca8f1d12c5215e00a041c9670b54aa9b18a?s=96&d=mm&r=g\",\"contentUrl\":\"https:\\\/\\\/secure.gravatar.com\\\/avatar\\\/a545bbb6f84efdd5553dbbc2895e3ca8f1d12c5215e00a041c9670b54aa9b18a?s=96&d=mm&r=g\",\"caption\":\"MC\"},\"url\":\"https:\\\/\\\/www.webdo.tn\\\/fr\\\/actualite\\\/author\\\/mc\\\/\"}]}<\/script>\n<!-- \/ Yoast SEO Premium plugin. -->","yoast_head_json":{"title":"France : Une nouvelle loi sur l\u2019immigration en pr\u00e9paration","description":"Apr\u00e8s l'annonce par le gouvernement d'une nouvelle loi immigration, le ministre de l'Int\u00e9rieur Bruno Retailleau a d\u2019ailleurs assur\u00e9 ne pas vouloir pr\u00e9senter un...","canonical":"https:\/\/www.webdo.tn\/fr\/actualite\/international\/france-une-nouvelle-loi-sur-l-immigration-en-preparation\/216996\/","og_locale":"fr_FR","og_type":"article","og_title":"France : Une nouvelle loi sur l\u2019immigration en pr\u00e9paration","og_description":"Apr\u00e8s l'annonce par le gouvernement d'une nouvelle loi immigration, le ministre de l'Int\u00e9rieur Bruno Retailleau a d\u2019ailleurs assur\u00e9 ne pas vouloir pr\u00e9senter un...","og_url":"https:\/\/www.webdo.tn\/fr\/actualite\/international\/france-une-nouvelle-loi-sur-l-immigration-en-preparation\/216996\/","og_site_name":"webdo","article_publisher":"https:\/\/www.facebook.com\/webdotn","article_published_time":"2024-10-15T15:28:00+00:00","article_modified_time":"2025-05-20T22:14:34+00:00","og_image":[{"width":750,"height":400,"url":"https:\/\/www.webdo.tn\/fr\/wp-content\/uploads\/2024\/10\/be1453e34bdd4ea6299563f85896b317.webp","type":"image\/webp"}],"author":"MC","twitter_card":"summary_large_image","twitter_creator":"@webdo_tn","twitter_site":"@webdo_tn","twitter_misc":{"\u00c9crit par":"MC","Dur\u00e9e de lecture estim\u00e9e":"2 minutes"},"schema":{"@context":"https:\/\/schema.org","@graph":[{"@type":"NewsArticle","@id":"https:\/\/www.webdo.tn\/fr\/actualite\/international\/france-une-nouvelle-loi-sur-l-immigration-en-preparation\/216996\/#article","isPartOf":{"@id":"https:\/\/www.webdo.tn\/fr\/actualite\/international\/france-une-nouvelle-loi-sur-l-immigration-en-preparation\/216996\/"},"author":{"name":"MC","@id":"https:\/\/www.webdo.tn\/fr\/#\/schema\/person\/2c4929cbf5a809e3bd38617c6ce150f6"},"headline":"France : Une nouvelle loi sur l\u2019immigration en pr\u00e9paration","datePublished":"2024-10-15T15:28:00+00:00","dateModified":"2025-05-20T22:14:34+00:00","mainEntityOfPage":{"@id":"https:\/\/www.webdo.tn\/fr\/actualite\/international\/france-une-nouvelle-loi-sur-l-immigration-en-preparation\/216996\/"},"wordCount":376,"commentCount":0,"publisher":{"@id":"https:\/\/www.webdo.tn\/fr\/#organization"},"image":{"@id":"https:\/\/www.webdo.tn\/fr\/actualite\/international\/france-une-nouvelle-loi-sur-l-immigration-en-preparation\/216996\/#primaryimage"},"thumbnailUrl":"https:\/\/www.webdo.tn\/fr\/wp-content\/uploads\/2024\/10\/be1453e34bdd4ea6299563f85896b317.webp","keywords":["france","immigration","loi"],"articleSection":["International"],"inLanguage":"fr-FR"},{"@type":"WebPage","@id":"https:\/\/www.webdo.tn\/fr\/actualite\/international\/france-une-nouvelle-loi-sur-l-immigration-en-preparation\/216996\/","url":"https:\/\/www.webdo.tn\/fr\/actualite\/international\/france-une-nouvelle-loi-sur-l-immigration-en-preparation\/216996\/","name":"France : Une nouvelle loi sur l\u2019immigration en pr\u00e9paration","isPartOf":{"@id":"https:\/\/www.webdo.tn\/fr\/#website"},"primaryImageOfPage":{"@id":"https:\/\/www.webdo.tn\/fr\/actualite\/international\/france-une-nouvelle-loi-sur-l-immigration-en-preparation\/216996\/#primaryimage"},"image":{"@id":"https:\/\/www.webdo.tn\/fr\/actualite\/international\/france-une-nouvelle-loi-sur-l-immigration-en-preparation\/216996\/#primaryimage"},"thumbnailUrl":"https:\/\/www.webdo.tn\/fr\/wp-content\/uploads\/2024\/10\/be1453e34bdd4ea6299563f85896b317.webp","datePublished":"2024-10-15T15:28:00+00:00","dateModified":"2025-05-20T22:14:34+00:00","description":"Apr\u00e8s l'annonce par le gouvernement d'une nouvelle loi immigration, le ministre de l'Int\u00e9rieur Bruno Retailleau a d\u2019ailleurs assur\u00e9 ne pas vouloir pr\u00e9senter un...","breadcrumb":{"@id":"https:\/\/www.webdo.tn\/fr\/actualite\/international\/france-une-nouvelle-loi-sur-l-immigration-en-preparation\/216996\/#breadcrumb"},"inLanguage":"fr-FR","potentialAction":[{"@type":"ReadAction","target":["https:\/\/www.webdo.tn\/fr\/actualite\/international\/france-une-nouvelle-loi-sur-l-immigration-en-preparation\/216996\/"]}]},{"@type":"ImageObject","inLanguage":"fr-FR","@id":"https:\/\/www.webdo.tn\/fr\/actualite\/international\/france-une-nouvelle-loi-sur-l-immigration-en-preparation\/216996\/#primaryimage","url":"https:\/\/www.webdo.tn\/fr\/wp-content\/uploads\/2024\/10\/be1453e34bdd4ea6299563f85896b317.webp","contentUrl":"https:\/\/www.webdo.tn\/fr\/wp-content\/uploads\/2024\/10\/be1453e34bdd4ea6299563f85896b317.webp","width":750,"height":400,"caption":"France : Une nouvelle loi sur l\u2019immigration en pr\u00e9paration"},{"@type":"BreadcrumbList","@id":"https:\/\/www.webdo.tn\/fr\/actualite\/international\/france-une-nouvelle-loi-sur-l-immigration-en-preparation\/216996\/#breadcrumb","itemListElement":[{"@type":"ListItem","position":1,"name":"Accueil","item":"https:\/\/www.webdo.tn\/fr\/"},{"@type":"ListItem","position":2,"name":"France : Une nouvelle loi sur l\u2019immigration en pr\u00e9paration"}]},{"@type":"WebSite","@id":"https:\/\/www.webdo.tn\/fr\/#website","url":"https:\/\/www.webdo.tn\/fr\/","name":"webdo","description":"Tunisie - News en Tunisie et \u00e0 l&#039;international sur Webdo.tn","publisher":{"@id":"https:\/\/www.webdo.tn\/fr\/#organization"},"potentialAction":[{"@type":"SearchAction","target":{"@type":"EntryPoint","urlTemplate":"https:\/\/www.webdo.tn\/fr\/?s={search_term_string}"},"query-input":{"@type":"PropertyValueSpecification","valueRequired":true,"valueName":"search_term_string"}}],"inLanguage":"fr-FR"},{"@type":"Organization","@id":"https:\/\/www.webdo.tn\/fr\/#organization","name":"Webdo","alternateName":"Webdo.tn","url":"https:\/\/www.webdo.tn\/fr\/","logo":{"@type":"ImageObject","inLanguage":"fr-FR","@id":"https:\/\/www.webdo.tn\/fr\/#\/schema\/logo\/image\/","url":"https:\/\/www.webdo.tn\/fr\/wp-content\/uploads\/2025\/06\/Webdo-Tunisie_168377.jpg","contentUrl":"https:\/\/www.webdo.tn\/fr\/wp-content\/uploads\/2025\/06\/Webdo-Tunisie_168377.jpg","width":301,"height":301,"caption":"Webdo"},"image":{"@id":"https:\/\/www.webdo.tn\/fr\/#\/schema\/logo\/image\/"},"sameAs":["https:\/\/www.facebook.com\/webdotn","https:\/\/x.com\/webdo_tn"],"description":"Webdo est un m\u00e9dia num\u00e9rique tunisien fond\u00e9 en 2010, sp\u00e9cialis\u00e9 dans l\u2019actualit\u00e9 nationale et internationale, l\u2019\u00e9conomie, la soci\u00e9t\u00e9 et les analyses politiques. Le site s\u2019adresse \u00e0 un large public francophone et couvre l\u2019information tunisienne en temps r\u00e9el.","email":"redac@webdo.tn","legalName":"YNJ SARL","foundingDate":"2010-09-06","numberOfEmployees":{"@type":"QuantitativeValue","minValue":"11","maxValue":"50"}},{"@type":"Person","@id":"https:\/\/www.webdo.tn\/fr\/#\/schema\/person\/2c4929cbf5a809e3bd38617c6ce150f6","name":"MC","image":{"@type":"ImageObject","inLanguage":"fr-FR","@id":"https:\/\/secure.gravatar.com\/avatar\/a545bbb6f84efdd5553dbbc2895e3ca8f1d12c5215e00a041c9670b54aa9b18a?s=96&d=mm&r=g","url":"https:\/\/secure.gravatar.com\/avatar\/a545bbb6f84efdd5553dbbc2895e3ca8f1d12c5215e00a041c9670b54aa9b18a?s=96&d=mm&r=g","contentUrl":"https:\/\/secure.gravatar.com\/avatar\/a545bbb6f84efdd5553dbbc2895e3ca8f1d12c5215e00a041c9670b54aa9b18a?s=96&d=mm&r=g","caption":"MC"},"url":"https:\/\/www.webdo.tn\/fr\/actualite\/author\/mc\/"}]}},"_links":{"self":[{"href":"https:\/\/www.webdo.tn\/fr\/wp-json\/wp\/v2\/posts\/216996","targetHints":{"allow":["GET"]}}],"collection":[{"href":"https:\/\/www.webdo.tn\/fr\/wp-json\/wp\/v2\/posts"}],"about":[{"href":"https:\/\/www.webdo.tn\/fr\/wp-json\/wp\/v2\/types\/post"}],"author":[{"embeddable":true,"href":"https:\/\/www.webdo.tn\/fr\/wp-json\/wp\/v2\/users\/3162"}],"replies":[{"embeddable":true,"href":"https:\/\/www.webdo.tn\/fr\/wp-json\/wp\/v2\/comments?post=216996"}],"version-history":[{"count":0,"href":"https:\/\/www.webdo.tn\/fr\/wp-json\/wp\/v2\/posts\/216996\/revisions"}],"wp:featuredmedia":[{"embeddable":true,"href":"https:\/\/www.webdo.tn\/fr\/wp-json\/wp\/v2\/media\/291191"}],"wp:attachment":[{"href":"https:\/\/www.webdo.tn\/fr\/wp-json\/wp\/v2\/media?parent=216996"}],"wp:term":[{"taxonomy":"category","embeddable":true,"href":"https:\/\/www.webdo.tn\/fr\/wp-json\/wp\/v2\/categories?post=216996"},{"taxonomy":"post_tag","embeddable":true,"href":"https:\/\/www.webdo.tn\/fr\/wp-json\/wp\/v2\/tags?post=216996"}],"curies":[{"name":"wp","href":"https:\/\/api.w.org\/{rel}","templated":true}]}}