{"id":216993,"date":"2024-10-15T12:03:00","date_gmt":"2024-10-15T12:03:00","guid":{"rendered":"https:\/\/www.webdo.tn\/fr\/blog\/le-directeur-regional-de-la-sante-a-kasserine-abdel-ghani-chaabani\/216993\/"},"modified":"2025-05-20T21:47:50","modified_gmt":"2025-05-20T21:47:50","slug":"le-directeur-regional-de-la-sante-a-kasserine-abdel-ghani-chaabani","status":"publish","type":"post","link":"https:\/\/www.webdo.tn\/fr\/actualite\/regions\/le-directeur-regional-de-la-sante-a-kasserine-abdel-ghani-chaabani\/216993\/","title":{"rendered":"Tunisie : Une femme amput\u00e9e de la jambe apr\u00e8s l\u2019explosion d\u2019une mine"},"content":{"rendered":"<p>Une femme a \u00e9t\u00e9 gravement bless\u00e9e aujourd\u2019hui suite \u00e0 l\u2019explosion d\u2019une mine au mont Salloum, dans le gouvernorat de Kasserine.<\/p>\n<p>\t\t\t\t\t\t\t\t\tApr\u00e8s avoir \u00e9t\u00e9 bless\u00e9e par la mine, la femme, \u00e2g\u00e9e de 36 ans, a \u00e9t\u00e9 transport\u00e9e d\u2019urgence \u00e0 l\u2019h\u00f4pital r\u00e9gional de Kasserine o\u00f9 elle a \u00e9t\u00e9 amput\u00e9e d\u2019une jambe, a indiqu\u00e9 ce mardi 15 octobre 2024 le directeur r\u00e9gional de la sant\u00e9 \u00e0 Kasserine, Abdel Ghani Chaabani sur les ondes de Mosaique fm.<\/p>\n<p>Elle a \u00e9galement subi une fracture \u00e0 l&rsquo;autre jambe et doit aussi subir une intervention chirurgicale d&rsquo;urgence.<\/p>\n","protected":false},"excerpt":{"rendered":"<p>Apr\u00e8s avoir \u00e9t\u00e9 bless\u00e9e par la mine, la femme, \u00e2g\u00e9e de 36 ans, a \u00e9t\u00e9 transport\u00e9e d\u2019urgence \u00e0 l\u2019h\u00f4pital r\u00e9gional de Kasserine o\u00f9 elle a \u00e9t\u00e9 amput\u00e9e d\u2019une jambe,&#8230;<\/p>\n","protected":false},"author":3162,"featured_media":246333,"comment_status":"open","ping_status":"closed","sticky":false,"template":"","format":"standard","meta":{"footnotes":""},"categories":[2595],"tags":[5413,4925,2869,2744,3391,5412,2608],"class_list":["post-216993","post","type-post","status-publish","format-standard","has-post-thumbnail","hentry","category-regions","tag-amputation","tag-blessure","tag-explosion","tag-kasserine","tag-mine","tag-mont-salloum","tag-tunisie"],"yoast_head":"<!-- This site is optimized with the Yoast SEO Premium plugin v27.5 (Yoast SEO v27.5) - https:\/\/yoast.com\/product\/yoast-seo-premium-wordpress\/ -->\n<title>Tunisie : Une femme amput\u00e9e de la jambe apr\u00e8s l\u2019explosion d\u2019une mine<\/title>\n<meta name=\"description\" content=\"Apr\u00e8s avoir \u00e9t\u00e9 bless\u00e9e par la mine, la femme, \u00e2g\u00e9e de 36 ans, a \u00e9t\u00e9 transport\u00e9e d\u2019urgence \u00e0 l\u2019h\u00f4pital r\u00e9gional de Kasserine o\u00f9 elle a \u00e9t\u00e9 amput\u00e9e d\u2019une jambe,...\" \/>\n<link rel=\"canonical\" href=\"https:\/\/www.webdo.tn\/fr\/actualite\/regions\/le-directeur-regional-de-la-sante-a-kasserine-abdel-ghani-chaabani\/216993\/\" \/>\n<meta property=\"og:locale\" content=\"fr_FR\" \/>\n<meta property=\"og:type\" content=\"article\" \/>\n<meta property=\"og:title\" content=\"Tunisie : Une femme amput\u00e9e de la jambe apr\u00e8s l\u2019explosion d\u2019une mine\" \/>\n<meta property=\"og:description\" content=\"Apr\u00e8s avoir \u00e9t\u00e9 bless\u00e9e par la mine, la femme, \u00e2g\u00e9e de 36 ans, a \u00e9t\u00e9 transport\u00e9e d\u2019urgence \u00e0 l\u2019h\u00f4pital r\u00e9gional de Kasserine o\u00f9 elle a \u00e9t\u00e9 amput\u00e9e d\u2019une jambe,...\" \/>\n<meta property=\"og:url\" content=\"https:\/\/www.webdo.tn\/fr\/actualite\/regions\/le-directeur-regional-de-la-sante-a-kasserine-abdel-ghani-chaabani\/216993\/\" \/>\n<meta property=\"og:site_name\" content=\"webdo\" \/>\n<meta property=\"article:publisher\" content=\"https:\/\/www.facebook.com\/webdotn\" \/>\n<meta property=\"article:published_time\" content=\"2024-10-15T12:03:00+00:00\" \/>\n<meta property=\"article:modified_time\" content=\"2025-05-20T21:47:50+00:00\" \/>\n<meta property=\"og:image\" content=\"https:\/\/www.webdo.tn\/fr\/wp-content\/uploads\/2024\/10\/a42f9dd8fd732440e088de8dca589af1.webp\" \/>\n\t<meta property=\"og:image:width\" content=\"680\" \/>\n\t<meta property=\"og:image:height\" content=\"363\" \/>\n\t<meta property=\"og:image:type\" content=\"image\/webp\" \/>\n<meta name=\"author\" content=\"MC\" \/>\n<meta name=\"twitter:card\" content=\"summary_large_image\" \/>\n<meta name=\"twitter:creator\" content=\"@webdo_tn\" \/>\n<meta name=\"twitter:site\" content=\"@webdo_tn\" \/>\n<meta name=\"twitter:label1\" content=\"\u00c9crit par\" \/>\n\t<meta name=\"twitter:data1\" content=\"MC\" \/>\n<script type=\"application\/ld+json\" class=\"yoast-schema-graph\">{\"@context\":\"https:\\\/\\\/schema.org\",\"@graph\":[{\"@type\":\"NewsArticle\",\"@id\":\"https:\\\/\\\/www.webdo.tn\\\/fr\\\/actualite\\\/regions\\\/le-directeur-regional-de-la-sante-a-kasserine-abdel-ghani-chaabani\\\/216993\\\/#article\",\"isPartOf\":{\"@id\":\"https:\\\/\\\/www.webdo.tn\\\/fr\\\/actualite\\\/regions\\\/le-directeur-regional-de-la-sante-a-kasserine-abdel-ghani-chaabani\\\/216993\\\/\"},\"author\":{\"name\":\"MC\",\"@id\":\"https:\\\/\\\/www.webdo.tn\\\/fr\\\/#\\\/schema\\\/person\\\/2c4929cbf5a809e3bd38617c6ce150f6\"},\"headline\":\"Tunisie : Une femme amput\u00e9e de la jambe apr\u00e8s l\u2019explosion d\u2019une mine\",\"datePublished\":\"2024-10-15T12:03:00+00:00\",\"dateModified\":\"2025-05-20T21:47:50+00:00\",\"mainEntityOfPage\":{\"@id\":\"https:\\\/\\\/www.webdo.tn\\\/fr\\\/actualite\\\/regions\\\/le-directeur-regional-de-la-sante-a-kasserine-abdel-ghani-chaabani\\\/216993\\\/\"},\"wordCount\":115,\"commentCount\":0,\"publisher\":{\"@id\":\"https:\\\/\\\/www.webdo.tn\\\/fr\\\/#organization\"},\"image\":{\"@id\":\"https:\\\/\\\/www.webdo.tn\\\/fr\\\/actualite\\\/regions\\\/le-directeur-regional-de-la-sante-a-kasserine-abdel-ghani-chaabani\\\/216993\\\/#primaryimage\"},\"thumbnailUrl\":\"https:\\\/\\\/www.webdo.tn\\\/fr\\\/wp-content\\\/uploads\\\/2024\\\/10\\\/a42f9dd8fd732440e088de8dca589af1.webp\",\"keywords\":[\"amputation\",\"blessure\",\"Explosion\",\"Kasserine\",\"Mine\",\"mont salloum\",\"Tunisie\"],\"articleSection\":[\"regions\"],\"inLanguage\":\"fr-FR\"},{\"@type\":\"WebPage\",\"@id\":\"https:\\\/\\\/www.webdo.tn\\\/fr\\\/actualite\\\/regions\\\/le-directeur-regional-de-la-sante-a-kasserine-abdel-ghani-chaabani\\\/216993\\\/\",\"url\":\"https:\\\/\\\/www.webdo.tn\\\/fr\\\/actualite\\\/regions\\\/le-directeur-regional-de-la-sante-a-kasserine-abdel-ghani-chaabani\\\/216993\\\/\",\"name\":\"Tunisie : Une femme amput\u00e9e de la jambe apr\u00e8s l\u2019explosion d\u2019une mine\",\"isPartOf\":{\"@id\":\"https:\\\/\\\/www.webdo.tn\\\/fr\\\/#website\"},\"primaryImageOfPage\":{\"@id\":\"https:\\\/\\\/www.webdo.tn\\\/fr\\\/actualite\\\/regions\\\/le-directeur-regional-de-la-sante-a-kasserine-abdel-ghani-chaabani\\\/216993\\\/#primaryimage\"},\"image\":{\"@id\":\"https:\\\/\\\/www.webdo.tn\\\/fr\\\/actualite\\\/regions\\\/le-directeur-regional-de-la-sante-a-kasserine-abdel-ghani-chaabani\\\/216993\\\/#primaryimage\"},\"thumbnailUrl\":\"https:\\\/\\\/www.webdo.tn\\\/fr\\\/wp-content\\\/uploads\\\/2024\\\/10\\\/a42f9dd8fd732440e088de8dca589af1.webp\",\"datePublished\":\"2024-10-15T12:03:00+00:00\",\"dateModified\":\"2025-05-20T21:47:50+00:00\",\"description\":\"Apr\u00e8s avoir \u00e9t\u00e9 bless\u00e9e par la mine, la femme, \u00e2g\u00e9e de 36 ans, a \u00e9t\u00e9 transport\u00e9e d\u2019urgence \u00e0 l\u2019h\u00f4pital r\u00e9gional de Kasserine o\u00f9 elle a \u00e9t\u00e9 amput\u00e9e d\u2019une jambe,...\",\"breadcrumb\":{\"@id\":\"https:\\\/\\\/www.webdo.tn\\\/fr\\\/actualite\\\/regions\\\/le-directeur-regional-de-la-sante-a-kasserine-abdel-ghani-chaabani\\\/216993\\\/#breadcrumb\"},\"inLanguage\":\"fr-FR\",\"potentialAction\":[{\"@type\":\"ReadAction\",\"target\":[\"https:\\\/\\\/www.webdo.tn\\\/fr\\\/actualite\\\/regions\\\/le-directeur-regional-de-la-sante-a-kasserine-abdel-ghani-chaabani\\\/216993\\\/\"]}]},{\"@type\":\"ImageObject\",\"inLanguage\":\"fr-FR\",\"@id\":\"https:\\\/\\\/www.webdo.tn\\\/fr\\\/actualite\\\/regions\\\/le-directeur-regional-de-la-sante-a-kasserine-abdel-ghani-chaabani\\\/216993\\\/#primaryimage\",\"url\":\"https:\\\/\\\/www.webdo.tn\\\/fr\\\/wp-content\\\/uploads\\\/2024\\\/10\\\/a42f9dd8fd732440e088de8dca589af1.webp\",\"contentUrl\":\"https:\\\/\\\/www.webdo.tn\\\/fr\\\/wp-content\\\/uploads\\\/2024\\\/10\\\/a42f9dd8fd732440e088de8dca589af1.webp\",\"width\":680,\"height\":363,\"caption\":\"Tunisie : Une femme amput\u00e9e de la jambe apr\u00e8s l\u2019explosion d\u2019une mine\"},{\"@type\":\"BreadcrumbList\",\"@id\":\"https:\\\/\\\/www.webdo.tn\\\/fr\\\/actualite\\\/regions\\\/le-directeur-regional-de-la-sante-a-kasserine-abdel-ghani-chaabani\\\/216993\\\/#breadcrumb\",\"itemListElement\":[{\"@type\":\"ListItem\",\"position\":1,\"name\":\"Accueil\",\"item\":\"https:\\\/\\\/www.webdo.tn\\\/fr\\\/\"},{\"@type\":\"ListItem\",\"position\":2,\"name\":\"Tunisie : Une femme amput\u00e9e de la jambe apr\u00e8s l\u2019explosion d\u2019une mine\"}]},{\"@type\":\"WebSite\",\"@id\":\"https:\\\/\\\/www.webdo.tn\\\/fr\\\/#website\",\"url\":\"https:\\\/\\\/www.webdo.tn\\\/fr\\\/\",\"name\":\"webdo\",\"description\":\"Tunisie - News en Tunisie et \u00e0 l&#039;international sur Webdo.tn\",\"publisher\":{\"@id\":\"https:\\\/\\\/www.webdo.tn\\\/fr\\\/#organization\"},\"potentialAction\":[{\"@type\":\"SearchAction\",\"target\":{\"@type\":\"EntryPoint\",\"urlTemplate\":\"https:\\\/\\\/www.webdo.tn\\\/fr\\\/?s={search_term_string}\"},\"query-input\":{\"@type\":\"PropertyValueSpecification\",\"valueRequired\":true,\"valueName\":\"search_term_string\"}}],\"inLanguage\":\"fr-FR\"},{\"@type\":\"Organization\",\"@id\":\"https:\\\/\\\/www.webdo.tn\\\/fr\\\/#organization\",\"name\":\"Webdo\",\"alternateName\":\"Webdo.tn\",\"url\":\"https:\\\/\\\/www.webdo.tn\\\/fr\\\/\",\"logo\":{\"@type\":\"ImageObject\",\"inLanguage\":\"fr-FR\",\"@id\":\"https:\\\/\\\/www.webdo.tn\\\/fr\\\/#\\\/schema\\\/logo\\\/image\\\/\",\"url\":\"https:\\\/\\\/www.webdo.tn\\\/fr\\\/wp-content\\\/uploads\\\/2025\\\/06\\\/Webdo-Tunisie_168377.jpg\",\"contentUrl\":\"https:\\\/\\\/www.webdo.tn\\\/fr\\\/wp-content\\\/uploads\\\/2025\\\/06\\\/Webdo-Tunisie_168377.jpg\",\"width\":301,\"height\":301,\"caption\":\"Webdo\"},\"image\":{\"@id\":\"https:\\\/\\\/www.webdo.tn\\\/fr\\\/#\\\/schema\\\/logo\\\/image\\\/\"},\"sameAs\":[\"https:\\\/\\\/www.facebook.com\\\/webdotn\",\"https:\\\/\\\/x.com\\\/webdo_tn\"],\"description\":\"Webdo est un m\u00e9dia num\u00e9rique tunisien fond\u00e9 en 2010, sp\u00e9cialis\u00e9 dans l\u2019actualit\u00e9 nationale et internationale, l\u2019\u00e9conomie, la soci\u00e9t\u00e9 et les analyses politiques. Le site s\u2019adresse \u00e0 un large public francophone et couvre l\u2019information tunisienne en temps r\u00e9el.\",\"email\":\"redac@webdo.tn\",\"legalName\":\"YNJ SARL\",\"foundingDate\":\"2010-09-06\",\"numberOfEmployees\":{\"@type\":\"QuantitativeValue\",\"minValue\":\"11\",\"maxValue\":\"50\"}},{\"@type\":\"Person\",\"@id\":\"https:\\\/\\\/www.webdo.tn\\\/fr\\\/#\\\/schema\\\/person\\\/2c4929cbf5a809e3bd38617c6ce150f6\",\"name\":\"MC\",\"image\":{\"@type\":\"ImageObject\",\"inLanguage\":\"fr-FR\",\"@id\":\"https:\\\/\\\/secure.gravatar.com\\\/avatar\\\/a545bbb6f84efdd5553dbbc2895e3ca8f1d12c5215e00a041c9670b54aa9b18a?s=96&d=mm&r=g\",\"url\":\"https:\\\/\\\/secure.gravatar.com\\\/avatar\\\/a545bbb6f84efdd5553dbbc2895e3ca8f1d12c5215e00a041c9670b54aa9b18a?s=96&d=mm&r=g\",\"contentUrl\":\"https:\\\/\\\/secure.gravatar.com\\\/avatar\\\/a545bbb6f84efdd5553dbbc2895e3ca8f1d12c5215e00a041c9670b54aa9b18a?s=96&d=mm&r=g\",\"caption\":\"MC\"},\"url\":\"https:\\\/\\\/www.webdo.tn\\\/fr\\\/actualite\\\/author\\\/mc\\\/\"}]}<\/script>\n<!-- \/ Yoast SEO Premium plugin. -->","yoast_head_json":{"title":"Tunisie : Une femme amput\u00e9e de la jambe apr\u00e8s l\u2019explosion d\u2019une mine","description":"Apr\u00e8s avoir \u00e9t\u00e9 bless\u00e9e par la mine, la femme, \u00e2g\u00e9e de 36 ans, a \u00e9t\u00e9 transport\u00e9e d\u2019urgence \u00e0 l\u2019h\u00f4pital r\u00e9gional de Kasserine o\u00f9 elle a \u00e9t\u00e9 amput\u00e9e d\u2019une jambe,...","canonical":"https:\/\/www.webdo.tn\/fr\/actualite\/regions\/le-directeur-regional-de-la-sante-a-kasserine-abdel-ghani-chaabani\/216993\/","og_locale":"fr_FR","og_type":"article","og_title":"Tunisie : Une femme amput\u00e9e de la jambe apr\u00e8s l\u2019explosion d\u2019une mine","og_description":"Apr\u00e8s avoir \u00e9t\u00e9 bless\u00e9e par la mine, la femme, \u00e2g\u00e9e de 36 ans, a \u00e9t\u00e9 transport\u00e9e d\u2019urgence \u00e0 l\u2019h\u00f4pital r\u00e9gional de Kasserine o\u00f9 elle a \u00e9t\u00e9 amput\u00e9e d\u2019une jambe,...","og_url":"https:\/\/www.webdo.tn\/fr\/actualite\/regions\/le-directeur-regional-de-la-sante-a-kasserine-abdel-ghani-chaabani\/216993\/","og_site_name":"webdo","article_publisher":"https:\/\/www.facebook.com\/webdotn","article_published_time":"2024-10-15T12:03:00+00:00","article_modified_time":"2025-05-20T21:47:50+00:00","og_image":[{"width":680,"height":363,"url":"https:\/\/www.webdo.tn\/fr\/wp-content\/uploads\/2024\/10\/a42f9dd8fd732440e088de8dca589af1.webp","type":"image\/webp"}],"author":"MC","twitter_card":"summary_large_image","twitter_creator":"@webdo_tn","twitter_site":"@webdo_tn","twitter_misc":{"\u00c9crit par":"MC"},"schema":{"@context":"https:\/\/schema.org","@graph":[{"@type":"NewsArticle","@id":"https:\/\/www.webdo.tn\/fr\/actualite\/regions\/le-directeur-regional-de-la-sante-a-kasserine-abdel-ghani-chaabani\/216993\/#article","isPartOf":{"@id":"https:\/\/www.webdo.tn\/fr\/actualite\/regions\/le-directeur-regional-de-la-sante-a-kasserine-abdel-ghani-chaabani\/216993\/"},"author":{"name":"MC","@id":"https:\/\/www.webdo.tn\/fr\/#\/schema\/person\/2c4929cbf5a809e3bd38617c6ce150f6"},"headline":"Tunisie : Une femme amput\u00e9e de la jambe apr\u00e8s l\u2019explosion d\u2019une mine","datePublished":"2024-10-15T12:03:00+00:00","dateModified":"2025-05-20T21:47:50+00:00","mainEntityOfPage":{"@id":"https:\/\/www.webdo.tn\/fr\/actualite\/regions\/le-directeur-regional-de-la-sante-a-kasserine-abdel-ghani-chaabani\/216993\/"},"wordCount":115,"commentCount":0,"publisher":{"@id":"https:\/\/www.webdo.tn\/fr\/#organization"},"image":{"@id":"https:\/\/www.webdo.tn\/fr\/actualite\/regions\/le-directeur-regional-de-la-sante-a-kasserine-abdel-ghani-chaabani\/216993\/#primaryimage"},"thumbnailUrl":"https:\/\/www.webdo.tn\/fr\/wp-content\/uploads\/2024\/10\/a42f9dd8fd732440e088de8dca589af1.webp","keywords":["amputation","blessure","Explosion","Kasserine","Mine","mont salloum","Tunisie"],"articleSection":["regions"],"inLanguage":"fr-FR"},{"@type":"WebPage","@id":"https:\/\/www.webdo.tn\/fr\/actualite\/regions\/le-directeur-regional-de-la-sante-a-kasserine-abdel-ghani-chaabani\/216993\/","url":"https:\/\/www.webdo.tn\/fr\/actualite\/regions\/le-directeur-regional-de-la-sante-a-kasserine-abdel-ghani-chaabani\/216993\/","name":"Tunisie : Une femme amput\u00e9e de la jambe apr\u00e8s l\u2019explosion d\u2019une mine","isPartOf":{"@id":"https:\/\/www.webdo.tn\/fr\/#website"},"primaryImageOfPage":{"@id":"https:\/\/www.webdo.tn\/fr\/actualite\/regions\/le-directeur-regional-de-la-sante-a-kasserine-abdel-ghani-chaabani\/216993\/#primaryimage"},"image":{"@id":"https:\/\/www.webdo.tn\/fr\/actualite\/regions\/le-directeur-regional-de-la-sante-a-kasserine-abdel-ghani-chaabani\/216993\/#primaryimage"},"thumbnailUrl":"https:\/\/www.webdo.tn\/fr\/wp-content\/uploads\/2024\/10\/a42f9dd8fd732440e088de8dca589af1.webp","datePublished":"2024-10-15T12:03:00+00:00","dateModified":"2025-05-20T21:47:50+00:00","description":"Apr\u00e8s avoir \u00e9t\u00e9 bless\u00e9e par la mine, la femme, \u00e2g\u00e9e de 36 ans, a \u00e9t\u00e9 transport\u00e9e d\u2019urgence \u00e0 l\u2019h\u00f4pital r\u00e9gional de Kasserine o\u00f9 elle a \u00e9t\u00e9 amput\u00e9e d\u2019une jambe,...","breadcrumb":{"@id":"https:\/\/www.webdo.tn\/fr\/actualite\/regions\/le-directeur-regional-de-la-sante-a-kasserine-abdel-ghani-chaabani\/216993\/#breadcrumb"},"inLanguage":"fr-FR","potentialAction":[{"@type":"ReadAction","target":["https:\/\/www.webdo.tn\/fr\/actualite\/regions\/le-directeur-regional-de-la-sante-a-kasserine-abdel-ghani-chaabani\/216993\/"]}]},{"@type":"ImageObject","inLanguage":"fr-FR","@id":"https:\/\/www.webdo.tn\/fr\/actualite\/regions\/le-directeur-regional-de-la-sante-a-kasserine-abdel-ghani-chaabani\/216993\/#primaryimage","url":"https:\/\/www.webdo.tn\/fr\/wp-content\/uploads\/2024\/10\/a42f9dd8fd732440e088de8dca589af1.webp","contentUrl":"https:\/\/www.webdo.tn\/fr\/wp-content\/uploads\/2024\/10\/a42f9dd8fd732440e088de8dca589af1.webp","width":680,"height":363,"caption":"Tunisie : Une femme amput\u00e9e de la jambe apr\u00e8s l\u2019explosion d\u2019une mine"},{"@type":"BreadcrumbList","@id":"https:\/\/www.webdo.tn\/fr\/actualite\/regions\/le-directeur-regional-de-la-sante-a-kasserine-abdel-ghani-chaabani\/216993\/#breadcrumb","itemListElement":[{"@type":"ListItem","position":1,"name":"Accueil","item":"https:\/\/www.webdo.tn\/fr\/"},{"@type":"ListItem","position":2,"name":"Tunisie : Une femme amput\u00e9e de la jambe apr\u00e8s l\u2019explosion d\u2019une mine"}]},{"@type":"WebSite","@id":"https:\/\/www.webdo.tn\/fr\/#website","url":"https:\/\/www.webdo.tn\/fr\/","name":"webdo","description":"Tunisie - News en Tunisie et \u00e0 l&#039;international sur Webdo.tn","publisher":{"@id":"https:\/\/www.webdo.tn\/fr\/#organization"},"potentialAction":[{"@type":"SearchAction","target":{"@type":"EntryPoint","urlTemplate":"https:\/\/www.webdo.tn\/fr\/?s={search_term_string}"},"query-input":{"@type":"PropertyValueSpecification","valueRequired":true,"valueName":"search_term_string"}}],"inLanguage":"fr-FR"},{"@type":"Organization","@id":"https:\/\/www.webdo.tn\/fr\/#organization","name":"Webdo","alternateName":"Webdo.tn","url":"https:\/\/www.webdo.tn\/fr\/","logo":{"@type":"ImageObject","inLanguage":"fr-FR","@id":"https:\/\/www.webdo.tn\/fr\/#\/schema\/logo\/image\/","url":"https:\/\/www.webdo.tn\/fr\/wp-content\/uploads\/2025\/06\/Webdo-Tunisie_168377.jpg","contentUrl":"https:\/\/www.webdo.tn\/fr\/wp-content\/uploads\/2025\/06\/Webdo-Tunisie_168377.jpg","width":301,"height":301,"caption":"Webdo"},"image":{"@id":"https:\/\/www.webdo.tn\/fr\/#\/schema\/logo\/image\/"},"sameAs":["https:\/\/www.facebook.com\/webdotn","https:\/\/x.com\/webdo_tn"],"description":"Webdo est un m\u00e9dia num\u00e9rique tunisien fond\u00e9 en 2010, sp\u00e9cialis\u00e9 dans l\u2019actualit\u00e9 nationale et internationale, l\u2019\u00e9conomie, la soci\u00e9t\u00e9 et les analyses politiques. Le site s\u2019adresse \u00e0 un large public francophone et couvre l\u2019information tunisienne en temps r\u00e9el.","email":"redac@webdo.tn","legalName":"YNJ SARL","foundingDate":"2010-09-06","numberOfEmployees":{"@type":"QuantitativeValue","minValue":"11","maxValue":"50"}},{"@type":"Person","@id":"https:\/\/www.webdo.tn\/fr\/#\/schema\/person\/2c4929cbf5a809e3bd38617c6ce150f6","name":"MC","image":{"@type":"ImageObject","inLanguage":"fr-FR","@id":"https:\/\/secure.gravatar.com\/avatar\/a545bbb6f84efdd5553dbbc2895e3ca8f1d12c5215e00a041c9670b54aa9b18a?s=96&d=mm&r=g","url":"https:\/\/secure.gravatar.com\/avatar\/a545bbb6f84efdd5553dbbc2895e3ca8f1d12c5215e00a041c9670b54aa9b18a?s=96&d=mm&r=g","contentUrl":"https:\/\/secure.gravatar.com\/avatar\/a545bbb6f84efdd5553dbbc2895e3ca8f1d12c5215e00a041c9670b54aa9b18a?s=96&d=mm&r=g","caption":"MC"},"url":"https:\/\/www.webdo.tn\/fr\/actualite\/author\/mc\/"}]}},"_links":{"self":[{"href":"https:\/\/www.webdo.tn\/fr\/wp-json\/wp\/v2\/posts\/216993","targetHints":{"allow":["GET"]}}],"collection":[{"href":"https:\/\/www.webdo.tn\/fr\/wp-json\/wp\/v2\/posts"}],"about":[{"href":"https:\/\/www.webdo.tn\/fr\/wp-json\/wp\/v2\/types\/post"}],"author":[{"embeddable":true,"href":"https:\/\/www.webdo.tn\/fr\/wp-json\/wp\/v2\/users\/3162"}],"replies":[{"embeddable":true,"href":"https:\/\/www.webdo.tn\/fr\/wp-json\/wp\/v2\/comments?post=216993"}],"version-history":[{"count":0,"href":"https:\/\/www.webdo.tn\/fr\/wp-json\/wp\/v2\/posts\/216993\/revisions"}],"wp:featuredmedia":[{"embeddable":true,"href":"https:\/\/www.webdo.tn\/fr\/wp-json\/wp\/v2\/media\/246333"}],"wp:attachment":[{"href":"https:\/\/www.webdo.tn\/fr\/wp-json\/wp\/v2\/media?parent=216993"}],"wp:term":[{"taxonomy":"category","embeddable":true,"href":"https:\/\/www.webdo.tn\/fr\/wp-json\/wp\/v2\/categories?post=216993"},{"taxonomy":"post_tag","embeddable":true,"href":"https:\/\/www.webdo.tn\/fr\/wp-json\/wp\/v2\/tags?post=216993"}],"curies":[{"name":"wp","href":"https:\/\/api.w.org\/{rel}","templated":true}]}}