{"id":216984,"date":"2024-10-15T09:04:00","date_gmt":"2024-10-15T09:04:00","guid":{"rendered":"https:\/\/www.webdo.tn\/fr\/blog\/tunisie-ayachi-zammel-condamne-a-14-mois-de-prison-siwar-bergaoui-ecope-de-28-mois\/216984\/"},"modified":"2025-05-20T21:47:47","modified_gmt":"2025-05-20T21:47:47","slug":"tunisie-ayachi-zammel-condamne-a-14-mois-de-prison-siwar-bergaoui-ecope-de-28-mois","status":"publish","type":"post","link":"https:\/\/www.webdo.tn\/fr\/actualite\/national\/tunisie-ayachi-zammel-condamne-a-14-mois-de-prison-siwar-bergaoui-ecope-de-28-mois\/216984\/","title":{"rendered":"Tunisie : Ayachi Zammel condamn\u00e9 \u00e0 14 mois de prison, Siwar Bergaoui \u00e9cope de 28 mois"},"content":{"rendered":"<p>Nouvelle condamnation pour Ayachi Zammel, incarc\u00e9r\u00e9 depuis le 4 septembre 2024 et qui a d\u00e9j\u00e0 \u00e9cop\u00e9 de quatre peines de 20 mois, 6 mois, 12 ans et 5 ans et huit mois de prison. L\u2019ancien candidat \u00e0 l\u2019\u00e9lection pr\u00e9sidentielle a \u00e9cop\u00e9 d\u2019une peine de quatorze mois de prison dans cinq autres affaires de falsification de parrainages.<\/p>\n<p>\t\t\t\t\t\t\t\t\tLa Chambre correctionnelle pr\u00e8s le Tribunal de Premi\u00e8re Instance de Tunis 2 a condamn\u00e9 l&rsquo;ancien candidat \u00e0 l\u2019\u00e9lection pr\u00e9sidentielle Ayachi Zammel \u00e0 une peine d&rsquo;un an et deux mois de prison et \u00e0 l&rsquo;interdiction de voter.<\/p>\n<p>Il a \u00e9t\u00e9 condamn\u00e9 dans cinq proc\u00e8s de falsification de parrainages a indiqu\u00e9, lundi 14 octobre 2024 le porte-parole officiel du tribunal de premi\u00e8re instance de Tunis 2, ajoutant que la membre de son \u00e9quipe de campagne \u00e9lectorale et tr\u00e9sori\u00e8re du parti \u00ab\u00a0Azimoun\u00a0\u00bb, Siwar Bergaoui, a \u00e9t\u00e9 condamn\u00e9e, pour sa part \u00e0 une peine de deux ans et quatre mois de prison.<\/p>\n<p>Vendredi dernier Ayachi Zammel a \u00e9t\u00e9 condamn\u00e9 par la Chambre p\u00e9nale du Tribunal de premi\u00e8re instance de Siliana \u00e0 une peine de cinq ans et huit mois de prison dans quatre affaires de falsification de parrainages de la pr\u00e9sidentielle et ce, en marge du mandat de d\u00e9p\u00f4t d\u00e9livr\u00e9 contre lui par le minist\u00e8re public du Tribunal de Siliana, le 9 septembre dernier.<\/p>\n<p>Vis\u00e9 par plus d\u2019une quinzaine d\u2019affaires relatives \u00e0 des suspicions de falsification de parrainages relatifs \u00e0 l\u2019\u00e9lection pr\u00e9sidentielle, Ayachi Zammel a aussi \u00e9t\u00e9 condamn\u00e9, le 30 septembre par la chambre correctionnelle du tribunal de premi\u00e8re instance de Tunis 2 \u00e0 une peine de 12 ans de prison dans le cadre de quatre affaires (trois ans d&#8217;emprisonnement pour chaque affaire parmi les quatre dossiers le concernant).<\/p>\n<p>Ayachi Zammel a \u00e9galement \u00e9t\u00e9 condamn\u00e9, le 18 septembre dernier \u00e0 une peine de vingt mois de prison par le tribunal de premi\u00e8re instance de Jendouba pour \u00ab\u00a0falsification de parrainages\u00a0\u00bb. Le 25 septembre, il a \u00e9cop\u00e9 d\u2019une peine de six mois de prison pour avoir utilis\u00e9 une attestation falsifi\u00e9e.<\/p>\n","protected":false},"excerpt":{"rendered":"<p>La Chambre correctionnelle pr\u00e8s le Tribunal de Premi\u00e8re Instance de Tunis 2 a condamn\u00e9 l&rsquo;ancien candidat \u00e0 l\u2019\u00e9lection pr\u00e9sidentielle Ayachi Zammel \u00e0 une peine d&#8230;<\/p>\n","protected":false},"author":3162,"featured_media":246328,"comment_status":"open","ping_status":"closed","sticky":false,"template":"","format":"standard","meta":{"footnotes":""},"categories":[44],"tags":[4430,2835,4428,5323,2608],"class_list":["post-216984","post","type-post","status-publish","format-standard","has-post-thumbnail","hentry","category-national","tag-ayachi-zammel","tag-condamnation","tag-election-presidentielle","tag-falsification-de-parrainages","tag-tunisie"],"yoast_head":"<!-- This site is optimized with the Yoast SEO Premium plugin v27.4 (Yoast SEO v27.5) - https:\/\/yoast.com\/product\/yoast-seo-premium-wordpress\/ -->\n<title>Tunisie : Ayachi Zammel condamn\u00e9 \u00e0 14 mois de prison, Siwar Bergaoui \u00e9cope de 28 mois<\/title>\n<meta name=\"description\" content=\"La Chambre correctionnelle pr\u00e8s le Tribunal de Premi\u00e8re Instance de Tunis 2 a condamn\u00e9 l&#039;ancien candidat \u00e0 l\u2019\u00e9lection pr\u00e9sidentielle Ayachi Zammel \u00e0 une peine d...\" \/>\n<link rel=\"canonical\" href=\"https:\/\/www.webdo.tn\/fr\/actualite\/national\/tunisie-ayachi-zammel-condamne-a-14-mois-de-prison-siwar-bergaoui-ecope-de-28-mois\/216984\/\" \/>\n<meta property=\"og:locale\" content=\"fr_FR\" \/>\n<meta property=\"og:type\" content=\"article\" \/>\n<meta property=\"og:title\" content=\"Tunisie : Ayachi Zammel condamn\u00e9 \u00e0 14 mois de prison, Siwar Bergaoui \u00e9cope de 28 mois\" \/>\n<meta property=\"og:description\" content=\"La Chambre correctionnelle pr\u00e8s le Tribunal de Premi\u00e8re Instance de Tunis 2 a condamn\u00e9 l&#039;ancien candidat \u00e0 l\u2019\u00e9lection pr\u00e9sidentielle Ayachi Zammel \u00e0 une peine d...\" \/>\n<meta property=\"og:url\" content=\"https:\/\/www.webdo.tn\/fr\/actualite\/national\/tunisie-ayachi-zammel-condamne-a-14-mois-de-prison-siwar-bergaoui-ecope-de-28-mois\/216984\/\" \/>\n<meta property=\"og:site_name\" content=\"webdo\" \/>\n<meta property=\"article:publisher\" content=\"https:\/\/www.facebook.com\/webdotn\" \/>\n<meta property=\"article:published_time\" content=\"2024-10-15T09:04:00+00:00\" \/>\n<meta property=\"article:modified_time\" content=\"2025-05-20T21:47:47+00:00\" \/>\n<meta property=\"og:image\" content=\"https:\/\/www.webdo.tn\/fr\/wp-content\/uploads\/2024\/10\/75d7a55a2326469e92c2922954f25df6.webp\" \/>\n\t<meta property=\"og:image:width\" content=\"750\" \/>\n\t<meta property=\"og:image:height\" content=\"400\" \/>\n\t<meta property=\"og:image:type\" content=\"image\/webp\" \/>\n<meta name=\"author\" content=\"MC\" \/>\n<meta name=\"twitter:card\" content=\"summary_large_image\" \/>\n<meta name=\"twitter:creator\" content=\"@webdo_tn\" \/>\n<meta name=\"twitter:site\" content=\"@webdo_tn\" \/>\n<meta name=\"twitter:label1\" content=\"\u00c9crit par\" \/>\n\t<meta name=\"twitter:data1\" content=\"MC\" \/>\n\t<meta name=\"twitter:label2\" content=\"Dur\u00e9e de lecture estim\u00e9e\" \/>\n\t<meta name=\"twitter:data2\" content=\"2 minutes\" \/>\n<script type=\"application\/ld+json\" class=\"yoast-schema-graph\">{\"@context\":\"https:\\\/\\\/schema.org\",\"@graph\":[{\"@type\":\"NewsArticle\",\"@id\":\"https:\\\/\\\/www.webdo.tn\\\/fr\\\/actualite\\\/national\\\/tunisie-ayachi-zammel-condamne-a-14-mois-de-prison-siwar-bergaoui-ecope-de-28-mois\\\/216984\\\/#article\",\"isPartOf\":{\"@id\":\"https:\\\/\\\/www.webdo.tn\\\/fr\\\/actualite\\\/national\\\/tunisie-ayachi-zammel-condamne-a-14-mois-de-prison-siwar-bergaoui-ecope-de-28-mois\\\/216984\\\/\"},\"author\":{\"name\":\"MC\",\"@id\":\"https:\\\/\\\/www.webdo.tn\\\/fr\\\/#\\\/schema\\\/person\\\/2c4929cbf5a809e3bd38617c6ce150f6\"},\"headline\":\"Tunisie : Ayachi Zammel condamn\u00e9 \u00e0 14 mois de prison, Siwar Bergaoui \u00e9cope de 28 mois\",\"datePublished\":\"2024-10-15T09:04:00+00:00\",\"dateModified\":\"2025-05-20T21:47:47+00:00\",\"mainEntityOfPage\":{\"@id\":\"https:\\\/\\\/www.webdo.tn\\\/fr\\\/actualite\\\/national\\\/tunisie-ayachi-zammel-condamne-a-14-mois-de-prison-siwar-bergaoui-ecope-de-28-mois\\\/216984\\\/\"},\"wordCount\":350,\"commentCount\":0,\"publisher\":{\"@id\":\"https:\\\/\\\/www.webdo.tn\\\/fr\\\/#organization\"},\"image\":{\"@id\":\"https:\\\/\\\/www.webdo.tn\\\/fr\\\/actualite\\\/national\\\/tunisie-ayachi-zammel-condamne-a-14-mois-de-prison-siwar-bergaoui-ecope-de-28-mois\\\/216984\\\/#primaryimage\"},\"thumbnailUrl\":\"https:\\\/\\\/www.webdo.tn\\\/fr\\\/wp-content\\\/uploads\\\/2024\\\/10\\\/75d7a55a2326469e92c2922954f25df6.webp\",\"keywords\":[\"ayachi zammel\",\"condamnation\",\"\u00e9lection pr\u00e9sidentielle\",\"falsification de parrainages\",\"Tunisie\"],\"articleSection\":[\"National\"],\"inLanguage\":\"fr-FR\"},{\"@type\":\"WebPage\",\"@id\":\"https:\\\/\\\/www.webdo.tn\\\/fr\\\/actualite\\\/national\\\/tunisie-ayachi-zammel-condamne-a-14-mois-de-prison-siwar-bergaoui-ecope-de-28-mois\\\/216984\\\/\",\"url\":\"https:\\\/\\\/www.webdo.tn\\\/fr\\\/actualite\\\/national\\\/tunisie-ayachi-zammel-condamne-a-14-mois-de-prison-siwar-bergaoui-ecope-de-28-mois\\\/216984\\\/\",\"name\":\"Tunisie : Ayachi Zammel condamn\u00e9 \u00e0 14 mois de prison, Siwar Bergaoui \u00e9cope de 28 mois\",\"isPartOf\":{\"@id\":\"https:\\\/\\\/www.webdo.tn\\\/fr\\\/#website\"},\"primaryImageOfPage\":{\"@id\":\"https:\\\/\\\/www.webdo.tn\\\/fr\\\/actualite\\\/national\\\/tunisie-ayachi-zammel-condamne-a-14-mois-de-prison-siwar-bergaoui-ecope-de-28-mois\\\/216984\\\/#primaryimage\"},\"image\":{\"@id\":\"https:\\\/\\\/www.webdo.tn\\\/fr\\\/actualite\\\/national\\\/tunisie-ayachi-zammel-condamne-a-14-mois-de-prison-siwar-bergaoui-ecope-de-28-mois\\\/216984\\\/#primaryimage\"},\"thumbnailUrl\":\"https:\\\/\\\/www.webdo.tn\\\/fr\\\/wp-content\\\/uploads\\\/2024\\\/10\\\/75d7a55a2326469e92c2922954f25df6.webp\",\"datePublished\":\"2024-10-15T09:04:00+00:00\",\"dateModified\":\"2025-05-20T21:47:47+00:00\",\"description\":\"La Chambre correctionnelle pr\u00e8s le Tribunal de Premi\u00e8re Instance de Tunis 2 a condamn\u00e9 l'ancien candidat \u00e0 l\u2019\u00e9lection pr\u00e9sidentielle Ayachi Zammel \u00e0 une peine d...\",\"breadcrumb\":{\"@id\":\"https:\\\/\\\/www.webdo.tn\\\/fr\\\/actualite\\\/national\\\/tunisie-ayachi-zammel-condamne-a-14-mois-de-prison-siwar-bergaoui-ecope-de-28-mois\\\/216984\\\/#breadcrumb\"},\"inLanguage\":\"fr-FR\",\"potentialAction\":[{\"@type\":\"ReadAction\",\"target\":[\"https:\\\/\\\/www.webdo.tn\\\/fr\\\/actualite\\\/national\\\/tunisie-ayachi-zammel-condamne-a-14-mois-de-prison-siwar-bergaoui-ecope-de-28-mois\\\/216984\\\/\"]}]},{\"@type\":\"ImageObject\",\"inLanguage\":\"fr-FR\",\"@id\":\"https:\\\/\\\/www.webdo.tn\\\/fr\\\/actualite\\\/national\\\/tunisie-ayachi-zammel-condamne-a-14-mois-de-prison-siwar-bergaoui-ecope-de-28-mois\\\/216984\\\/#primaryimage\",\"url\":\"https:\\\/\\\/www.webdo.tn\\\/fr\\\/wp-content\\\/uploads\\\/2024\\\/10\\\/75d7a55a2326469e92c2922954f25df6.webp\",\"contentUrl\":\"https:\\\/\\\/www.webdo.tn\\\/fr\\\/wp-content\\\/uploads\\\/2024\\\/10\\\/75d7a55a2326469e92c2922954f25df6.webp\",\"width\":750,\"height\":400,\"caption\":\"Tunisie : Ayachi Zammel condamn\u00e9 \u00e0 14 mois de prison, Siwar Bergaoui \u00e9cope de 28 mois\"},{\"@type\":\"BreadcrumbList\",\"@id\":\"https:\\\/\\\/www.webdo.tn\\\/fr\\\/actualite\\\/national\\\/tunisie-ayachi-zammel-condamne-a-14-mois-de-prison-siwar-bergaoui-ecope-de-28-mois\\\/216984\\\/#breadcrumb\",\"itemListElement\":[{\"@type\":\"ListItem\",\"position\":1,\"name\":\"Accueil\",\"item\":\"https:\\\/\\\/www.webdo.tn\\\/fr\\\/\"},{\"@type\":\"ListItem\",\"position\":2,\"name\":\"Tunisie : Ayachi Zammel condamn\u00e9 \u00e0 14 mois de prison, Siwar Bergaoui \u00e9cope de 28 mois\"}]},{\"@type\":\"WebSite\",\"@id\":\"https:\\\/\\\/www.webdo.tn\\\/fr\\\/#website\",\"url\":\"https:\\\/\\\/www.webdo.tn\\\/fr\\\/\",\"name\":\"webdo\",\"description\":\"Tunisie - News en Tunisie et \u00e0 l&#039;international sur Webdo.tn\",\"publisher\":{\"@id\":\"https:\\\/\\\/www.webdo.tn\\\/fr\\\/#organization\"},\"potentialAction\":[{\"@type\":\"SearchAction\",\"target\":{\"@type\":\"EntryPoint\",\"urlTemplate\":\"https:\\\/\\\/www.webdo.tn\\\/fr\\\/?s={search_term_string}\"},\"query-input\":{\"@type\":\"PropertyValueSpecification\",\"valueRequired\":true,\"valueName\":\"search_term_string\"}}],\"inLanguage\":\"fr-FR\"},{\"@type\":\"Organization\",\"@id\":\"https:\\\/\\\/www.webdo.tn\\\/fr\\\/#organization\",\"name\":\"Webdo\",\"alternateName\":\"Webdo.tn\",\"url\":\"https:\\\/\\\/www.webdo.tn\\\/fr\\\/\",\"logo\":{\"@type\":\"ImageObject\",\"inLanguage\":\"fr-FR\",\"@id\":\"https:\\\/\\\/www.webdo.tn\\\/fr\\\/#\\\/schema\\\/logo\\\/image\\\/\",\"url\":\"https:\\\/\\\/www.webdo.tn\\\/fr\\\/wp-content\\\/uploads\\\/2025\\\/06\\\/Webdo-Tunisie_168377.jpg\",\"contentUrl\":\"https:\\\/\\\/www.webdo.tn\\\/fr\\\/wp-content\\\/uploads\\\/2025\\\/06\\\/Webdo-Tunisie_168377.jpg\",\"width\":301,\"height\":301,\"caption\":\"Webdo\"},\"image\":{\"@id\":\"https:\\\/\\\/www.webdo.tn\\\/fr\\\/#\\\/schema\\\/logo\\\/image\\\/\"},\"sameAs\":[\"https:\\\/\\\/www.facebook.com\\\/webdotn\",\"https:\\\/\\\/x.com\\\/webdo_tn\"],\"description\":\"Webdo est un m\u00e9dia num\u00e9rique tunisien fond\u00e9 en 2010, sp\u00e9cialis\u00e9 dans l\u2019actualit\u00e9 nationale et internationale, l\u2019\u00e9conomie, la soci\u00e9t\u00e9 et les analyses politiques. Le site s\u2019adresse \u00e0 un large public francophone et couvre l\u2019information tunisienne en temps r\u00e9el.\",\"email\":\"redac@webdo.tn\",\"legalName\":\"YNJ SARL\",\"foundingDate\":\"2010-09-06\",\"numberOfEmployees\":{\"@type\":\"QuantitativeValue\",\"minValue\":\"11\",\"maxValue\":\"50\"}},{\"@type\":\"Person\",\"@id\":\"https:\\\/\\\/www.webdo.tn\\\/fr\\\/#\\\/schema\\\/person\\\/2c4929cbf5a809e3bd38617c6ce150f6\",\"name\":\"MC\",\"image\":{\"@type\":\"ImageObject\",\"inLanguage\":\"fr-FR\",\"@id\":\"https:\\\/\\\/secure.gravatar.com\\\/avatar\\\/a545bbb6f84efdd5553dbbc2895e3ca8f1d12c5215e00a041c9670b54aa9b18a?s=96&d=mm&r=g\",\"url\":\"https:\\\/\\\/secure.gravatar.com\\\/avatar\\\/a545bbb6f84efdd5553dbbc2895e3ca8f1d12c5215e00a041c9670b54aa9b18a?s=96&d=mm&r=g\",\"contentUrl\":\"https:\\\/\\\/secure.gravatar.com\\\/avatar\\\/a545bbb6f84efdd5553dbbc2895e3ca8f1d12c5215e00a041c9670b54aa9b18a?s=96&d=mm&r=g\",\"caption\":\"MC\"},\"url\":\"https:\\\/\\\/www.webdo.tn\\\/fr\\\/actualite\\\/author\\\/mc\\\/\"}]}<\/script>\n<!-- \/ Yoast SEO Premium plugin. -->","yoast_head_json":{"title":"Tunisie : Ayachi Zammel condamn\u00e9 \u00e0 14 mois de prison, Siwar Bergaoui \u00e9cope de 28 mois","description":"La Chambre correctionnelle pr\u00e8s le Tribunal de Premi\u00e8re Instance de Tunis 2 a condamn\u00e9 l'ancien candidat \u00e0 l\u2019\u00e9lection pr\u00e9sidentielle Ayachi Zammel \u00e0 une peine d...","canonical":"https:\/\/www.webdo.tn\/fr\/actualite\/national\/tunisie-ayachi-zammel-condamne-a-14-mois-de-prison-siwar-bergaoui-ecope-de-28-mois\/216984\/","og_locale":"fr_FR","og_type":"article","og_title":"Tunisie : Ayachi Zammel condamn\u00e9 \u00e0 14 mois de prison, Siwar Bergaoui \u00e9cope de 28 mois","og_description":"La Chambre correctionnelle pr\u00e8s le Tribunal de Premi\u00e8re Instance de Tunis 2 a condamn\u00e9 l'ancien candidat \u00e0 l\u2019\u00e9lection pr\u00e9sidentielle Ayachi Zammel \u00e0 une peine d...","og_url":"https:\/\/www.webdo.tn\/fr\/actualite\/national\/tunisie-ayachi-zammel-condamne-a-14-mois-de-prison-siwar-bergaoui-ecope-de-28-mois\/216984\/","og_site_name":"webdo","article_publisher":"https:\/\/www.facebook.com\/webdotn","article_published_time":"2024-10-15T09:04:00+00:00","article_modified_time":"2025-05-20T21:47:47+00:00","og_image":[{"width":750,"height":400,"url":"https:\/\/www.webdo.tn\/fr\/wp-content\/uploads\/2024\/10\/75d7a55a2326469e92c2922954f25df6.webp","type":"image\/webp"}],"author":"MC","twitter_card":"summary_large_image","twitter_creator":"@webdo_tn","twitter_site":"@webdo_tn","twitter_misc":{"\u00c9crit par":"MC","Dur\u00e9e de lecture estim\u00e9e":"2 minutes"},"schema":{"@context":"https:\/\/schema.org","@graph":[{"@type":"NewsArticle","@id":"https:\/\/www.webdo.tn\/fr\/actualite\/national\/tunisie-ayachi-zammel-condamne-a-14-mois-de-prison-siwar-bergaoui-ecope-de-28-mois\/216984\/#article","isPartOf":{"@id":"https:\/\/www.webdo.tn\/fr\/actualite\/national\/tunisie-ayachi-zammel-condamne-a-14-mois-de-prison-siwar-bergaoui-ecope-de-28-mois\/216984\/"},"author":{"name":"MC","@id":"https:\/\/www.webdo.tn\/fr\/#\/schema\/person\/2c4929cbf5a809e3bd38617c6ce150f6"},"headline":"Tunisie : Ayachi Zammel condamn\u00e9 \u00e0 14 mois de prison, Siwar Bergaoui \u00e9cope de 28 mois","datePublished":"2024-10-15T09:04:00+00:00","dateModified":"2025-05-20T21:47:47+00:00","mainEntityOfPage":{"@id":"https:\/\/www.webdo.tn\/fr\/actualite\/national\/tunisie-ayachi-zammel-condamne-a-14-mois-de-prison-siwar-bergaoui-ecope-de-28-mois\/216984\/"},"wordCount":350,"commentCount":0,"publisher":{"@id":"https:\/\/www.webdo.tn\/fr\/#organization"},"image":{"@id":"https:\/\/www.webdo.tn\/fr\/actualite\/national\/tunisie-ayachi-zammel-condamne-a-14-mois-de-prison-siwar-bergaoui-ecope-de-28-mois\/216984\/#primaryimage"},"thumbnailUrl":"https:\/\/www.webdo.tn\/fr\/wp-content\/uploads\/2024\/10\/75d7a55a2326469e92c2922954f25df6.webp","keywords":["ayachi zammel","condamnation","\u00e9lection pr\u00e9sidentielle","falsification de parrainages","Tunisie"],"articleSection":["National"],"inLanguage":"fr-FR"},{"@type":"WebPage","@id":"https:\/\/www.webdo.tn\/fr\/actualite\/national\/tunisie-ayachi-zammel-condamne-a-14-mois-de-prison-siwar-bergaoui-ecope-de-28-mois\/216984\/","url":"https:\/\/www.webdo.tn\/fr\/actualite\/national\/tunisie-ayachi-zammel-condamne-a-14-mois-de-prison-siwar-bergaoui-ecope-de-28-mois\/216984\/","name":"Tunisie : Ayachi Zammel condamn\u00e9 \u00e0 14 mois de prison, Siwar Bergaoui \u00e9cope de 28 mois","isPartOf":{"@id":"https:\/\/www.webdo.tn\/fr\/#website"},"primaryImageOfPage":{"@id":"https:\/\/www.webdo.tn\/fr\/actualite\/national\/tunisie-ayachi-zammel-condamne-a-14-mois-de-prison-siwar-bergaoui-ecope-de-28-mois\/216984\/#primaryimage"},"image":{"@id":"https:\/\/www.webdo.tn\/fr\/actualite\/national\/tunisie-ayachi-zammel-condamne-a-14-mois-de-prison-siwar-bergaoui-ecope-de-28-mois\/216984\/#primaryimage"},"thumbnailUrl":"https:\/\/www.webdo.tn\/fr\/wp-content\/uploads\/2024\/10\/75d7a55a2326469e92c2922954f25df6.webp","datePublished":"2024-10-15T09:04:00+00:00","dateModified":"2025-05-20T21:47:47+00:00","description":"La Chambre correctionnelle pr\u00e8s le Tribunal de Premi\u00e8re Instance de Tunis 2 a condamn\u00e9 l'ancien candidat \u00e0 l\u2019\u00e9lection pr\u00e9sidentielle Ayachi Zammel \u00e0 une peine d...","breadcrumb":{"@id":"https:\/\/www.webdo.tn\/fr\/actualite\/national\/tunisie-ayachi-zammel-condamne-a-14-mois-de-prison-siwar-bergaoui-ecope-de-28-mois\/216984\/#breadcrumb"},"inLanguage":"fr-FR","potentialAction":[{"@type":"ReadAction","target":["https:\/\/www.webdo.tn\/fr\/actualite\/national\/tunisie-ayachi-zammel-condamne-a-14-mois-de-prison-siwar-bergaoui-ecope-de-28-mois\/216984\/"]}]},{"@type":"ImageObject","inLanguage":"fr-FR","@id":"https:\/\/www.webdo.tn\/fr\/actualite\/national\/tunisie-ayachi-zammel-condamne-a-14-mois-de-prison-siwar-bergaoui-ecope-de-28-mois\/216984\/#primaryimage","url":"https:\/\/www.webdo.tn\/fr\/wp-content\/uploads\/2024\/10\/75d7a55a2326469e92c2922954f25df6.webp","contentUrl":"https:\/\/www.webdo.tn\/fr\/wp-content\/uploads\/2024\/10\/75d7a55a2326469e92c2922954f25df6.webp","width":750,"height":400,"caption":"Tunisie : Ayachi Zammel condamn\u00e9 \u00e0 14 mois de prison, Siwar Bergaoui \u00e9cope de 28 mois"},{"@type":"BreadcrumbList","@id":"https:\/\/www.webdo.tn\/fr\/actualite\/national\/tunisie-ayachi-zammel-condamne-a-14-mois-de-prison-siwar-bergaoui-ecope-de-28-mois\/216984\/#breadcrumb","itemListElement":[{"@type":"ListItem","position":1,"name":"Accueil","item":"https:\/\/www.webdo.tn\/fr\/"},{"@type":"ListItem","position":2,"name":"Tunisie : Ayachi Zammel condamn\u00e9 \u00e0 14 mois de prison, Siwar Bergaoui \u00e9cope de 28 mois"}]},{"@type":"WebSite","@id":"https:\/\/www.webdo.tn\/fr\/#website","url":"https:\/\/www.webdo.tn\/fr\/","name":"webdo","description":"Tunisie - News en Tunisie et \u00e0 l&#039;international sur Webdo.tn","publisher":{"@id":"https:\/\/www.webdo.tn\/fr\/#organization"},"potentialAction":[{"@type":"SearchAction","target":{"@type":"EntryPoint","urlTemplate":"https:\/\/www.webdo.tn\/fr\/?s={search_term_string}"},"query-input":{"@type":"PropertyValueSpecification","valueRequired":true,"valueName":"search_term_string"}}],"inLanguage":"fr-FR"},{"@type":"Organization","@id":"https:\/\/www.webdo.tn\/fr\/#organization","name":"Webdo","alternateName":"Webdo.tn","url":"https:\/\/www.webdo.tn\/fr\/","logo":{"@type":"ImageObject","inLanguage":"fr-FR","@id":"https:\/\/www.webdo.tn\/fr\/#\/schema\/logo\/image\/","url":"https:\/\/www.webdo.tn\/fr\/wp-content\/uploads\/2025\/06\/Webdo-Tunisie_168377.jpg","contentUrl":"https:\/\/www.webdo.tn\/fr\/wp-content\/uploads\/2025\/06\/Webdo-Tunisie_168377.jpg","width":301,"height":301,"caption":"Webdo"},"image":{"@id":"https:\/\/www.webdo.tn\/fr\/#\/schema\/logo\/image\/"},"sameAs":["https:\/\/www.facebook.com\/webdotn","https:\/\/x.com\/webdo_tn"],"description":"Webdo est un m\u00e9dia num\u00e9rique tunisien fond\u00e9 en 2010, sp\u00e9cialis\u00e9 dans l\u2019actualit\u00e9 nationale et internationale, l\u2019\u00e9conomie, la soci\u00e9t\u00e9 et les analyses politiques. Le site s\u2019adresse \u00e0 un large public francophone et couvre l\u2019information tunisienne en temps r\u00e9el.","email":"redac@webdo.tn","legalName":"YNJ SARL","foundingDate":"2010-09-06","numberOfEmployees":{"@type":"QuantitativeValue","minValue":"11","maxValue":"50"}},{"@type":"Person","@id":"https:\/\/www.webdo.tn\/fr\/#\/schema\/person\/2c4929cbf5a809e3bd38617c6ce150f6","name":"MC","image":{"@type":"ImageObject","inLanguage":"fr-FR","@id":"https:\/\/secure.gravatar.com\/avatar\/a545bbb6f84efdd5553dbbc2895e3ca8f1d12c5215e00a041c9670b54aa9b18a?s=96&d=mm&r=g","url":"https:\/\/secure.gravatar.com\/avatar\/a545bbb6f84efdd5553dbbc2895e3ca8f1d12c5215e00a041c9670b54aa9b18a?s=96&d=mm&r=g","contentUrl":"https:\/\/secure.gravatar.com\/avatar\/a545bbb6f84efdd5553dbbc2895e3ca8f1d12c5215e00a041c9670b54aa9b18a?s=96&d=mm&r=g","caption":"MC"},"url":"https:\/\/www.webdo.tn\/fr\/actualite\/author\/mc\/"}]}},"_links":{"self":[{"href":"https:\/\/www.webdo.tn\/fr\/wp-json\/wp\/v2\/posts\/216984","targetHints":{"allow":["GET"]}}],"collection":[{"href":"https:\/\/www.webdo.tn\/fr\/wp-json\/wp\/v2\/posts"}],"about":[{"href":"https:\/\/www.webdo.tn\/fr\/wp-json\/wp\/v2\/types\/post"}],"author":[{"embeddable":true,"href":"https:\/\/www.webdo.tn\/fr\/wp-json\/wp\/v2\/users\/3162"}],"replies":[{"embeddable":true,"href":"https:\/\/www.webdo.tn\/fr\/wp-json\/wp\/v2\/comments?post=216984"}],"version-history":[{"count":0,"href":"https:\/\/www.webdo.tn\/fr\/wp-json\/wp\/v2\/posts\/216984\/revisions"}],"wp:featuredmedia":[{"embeddable":true,"href":"https:\/\/www.webdo.tn\/fr\/wp-json\/wp\/v2\/media\/246328"}],"wp:attachment":[{"href":"https:\/\/www.webdo.tn\/fr\/wp-json\/wp\/v2\/media?parent=216984"}],"wp:term":[{"taxonomy":"category","embeddable":true,"href":"https:\/\/www.webdo.tn\/fr\/wp-json\/wp\/v2\/categories?post=216984"},{"taxonomy":"post_tag","embeddable":true,"href":"https:\/\/www.webdo.tn\/fr\/wp-json\/wp\/v2\/tags?post=216984"}],"curies":[{"name":"wp","href":"https:\/\/api.w.org\/{rel}","templated":true}]}}