{"id":216976,"date":"2024-10-14T11:59:00","date_gmt":"2024-10-14T11:59:00","guid":{"rendered":"https:\/\/www.webdo.tn\/fr\/blog\/96-000-vehicules-administratifs-des-sanctions-renforcees-contre-l-usage-abusif\/216976\/"},"modified":"2025-05-20T22:34:21","modified_gmt":"2025-05-20T22:34:21","slug":"96-000-vehicules-administratifs-des-sanctions-renforcees-contre-l-usage-abusif","status":"publish","type":"post","link":"https:\/\/www.webdo.tn\/fr\/actualite\/national\/96-000-vehicules-administratifs-des-sanctions-renforcees-contre-l-usage-abusif\/216976\/","title":{"rendered":"96.000 v\u00e9hicules administratifs : des sanctions renforc\u00e9es contre l\u2019usage abusif"},"content":{"rendered":"<p>Lors de son intervention \u00e0 la Radio nationale le 14 octobre 2024, Mohamed Bouhlal, contr\u00f4leur g\u00e9n\u00e9ral des domaines de l\u2019\u00c9tat et des affaires fonci\u00e8res, a abord\u00e9 la gestion de la flotte des v\u00e9hicules administratifs, comptant environ 96.000 unit\u00e9s, dont des tracteurs.<\/p>\n<p>Il a pr\u00e9cis\u00e9 que 45.000 de ces v\u00e9hicules sont allou\u00e9s \u00e0 l&rsquo;\u00c9tat, 37.000 aux \u00e9tablissements publics, et le reste aux collectivit\u00e9s locales.<\/p>\n","protected":false},"excerpt":{"rendered":"<p>Lors de son intervention \u00e0 la Radio nationale le 14 octobre 2024, Mohamed Bouhlal, contr\u00f4leur g\u00e9n\u00e9ral des domaines de l\u2019\u00c9tat et des affaires fonci\u00e8res, a abord\u00e9&#8230;<\/p>\n","protected":false},"author":3169,"featured_media":291188,"comment_status":"open","ping_status":"closed","sticky":false,"template":"","format":"standard","meta":{"footnotes":""},"categories":[44],"tags":[10526,7848,2608],"class_list":["post-216976","post","type-post","status-publish","format-standard","has-post-thumbnail","hentry","category-national","tag-vehicules-administratifs","tag-sanction","tag-tunisie"],"yoast_head":"<!-- This site is optimized with the Yoast SEO Premium plugin v27.4 (Yoast SEO v27.5) - https:\/\/yoast.com\/product\/yoast-seo-premium-wordpress\/ -->\n<title>96.000 v\u00e9hicules administratifs : des sanctions renforc\u00e9es contre l\u2019usage abusif<\/title>\n<meta name=\"description\" content=\"Lors de son intervention \u00e0 la Radio nationale le 14 octobre 2024, Mohamed Bouhlal, contr\u00f4leur g\u00e9n\u00e9ral des domaines de l\u2019\u00c9tat et des affaires fonci\u00e8res, a abord\u00e9...\" \/>\n<link rel=\"canonical\" href=\"https:\/\/www.webdo.tn\/fr\/actualite\/national\/96-000-vehicules-administratifs-des-sanctions-renforcees-contre-l-usage-abusif\/216976\/\" \/>\n<meta property=\"og:locale\" content=\"fr_FR\" \/>\n<meta property=\"og:type\" content=\"article\" \/>\n<meta property=\"og:title\" content=\"96.000 v\u00e9hicules administratifs : des sanctions renforc\u00e9es contre l\u2019usage abusif\" \/>\n<meta property=\"og:description\" content=\"Lors de son intervention \u00e0 la Radio nationale le 14 octobre 2024, Mohamed Bouhlal, contr\u00f4leur g\u00e9n\u00e9ral des domaines de l\u2019\u00c9tat et des affaires fonci\u00e8res, a abord\u00e9...\" \/>\n<meta property=\"og:url\" content=\"https:\/\/www.webdo.tn\/fr\/actualite\/national\/96-000-vehicules-administratifs-des-sanctions-renforcees-contre-l-usage-abusif\/216976\/\" \/>\n<meta property=\"og:site_name\" content=\"webdo\" \/>\n<meta property=\"article:publisher\" content=\"https:\/\/www.facebook.com\/webdotn\" \/>\n<meta property=\"article:published_time\" content=\"2024-10-14T11:59:00+00:00\" \/>\n<meta property=\"article:modified_time\" content=\"2025-05-20T22:34:21+00:00\" \/>\n<meta property=\"og:image\" content=\"https:\/\/www.webdo.tn\/fr\/wp-content\/uploads\/2024\/10\/c1cd73eabeac280f9f4d2f6c476835a7.webp\" \/>\n\t<meta property=\"og:image:width\" content=\"300\" \/>\n\t<meta property=\"og:image:height\" content=\"160\" \/>\n\t<meta property=\"og:image:type\" content=\"image\/webp\" \/>\n<meta name=\"author\" content=\"Webdo\" \/>\n<meta name=\"twitter:card\" content=\"summary_large_image\" \/>\n<meta name=\"twitter:creator\" content=\"@webdo_tn\" \/>\n<meta name=\"twitter:site\" content=\"@webdo_tn\" \/>\n<meta name=\"twitter:label1\" content=\"\u00c9crit par\" \/>\n\t<meta name=\"twitter:data1\" content=\"Webdo\" \/>\n<script type=\"application\/ld+json\" class=\"yoast-schema-graph\">{\"@context\":\"https:\\\/\\\/schema.org\",\"@graph\":[{\"@type\":\"NewsArticle\",\"@id\":\"https:\\\/\\\/www.webdo.tn\\\/fr\\\/actualite\\\/national\\\/96-000-vehicules-administratifs-des-sanctions-renforcees-contre-l-usage-abusif\\\/216976\\\/#article\",\"isPartOf\":{\"@id\":\"https:\\\/\\\/www.webdo.tn\\\/fr\\\/actualite\\\/national\\\/96-000-vehicules-administratifs-des-sanctions-renforcees-contre-l-usage-abusif\\\/216976\\\/\"},\"author\":{\"name\":\"Webdo\",\"@id\":\"https:\\\/\\\/www.webdo.tn\\\/fr\\\/#\\\/schema\\\/person\\\/1f4e491e0907b413d61089e8eb573acc\"},\"headline\":\"96.000 v\u00e9hicules administratifs : des sanctions renforc\u00e9es contre l\u2019usage abusif\",\"datePublished\":\"2024-10-14T11:59:00+00:00\",\"dateModified\":\"2025-05-20T22:34:21+00:00\",\"mainEntityOfPage\":{\"@id\":\"https:\\\/\\\/www.webdo.tn\\\/fr\\\/actualite\\\/national\\\/96-000-vehicules-administratifs-des-sanctions-renforcees-contre-l-usage-abusif\\\/216976\\\/\"},\"wordCount\":79,\"commentCount\":0,\"publisher\":{\"@id\":\"https:\\\/\\\/www.webdo.tn\\\/fr\\\/#organization\"},\"image\":{\"@id\":\"https:\\\/\\\/www.webdo.tn\\\/fr\\\/actualite\\\/national\\\/96-000-vehicules-administratifs-des-sanctions-renforcees-contre-l-usage-abusif\\\/216976\\\/#primaryimage\"},\"thumbnailUrl\":\"https:\\\/\\\/www.webdo.tn\\\/fr\\\/wp-content\\\/uploads\\\/2024\\\/10\\\/c1cd73eabeac280f9f4d2f6c476835a7.webp\",\"keywords\":[\"'V\u00e9hicules administratifs']\",\"Sanction\",\"Tunisie\"],\"articleSection\":[\"National\"],\"inLanguage\":\"fr-FR\"},{\"@type\":\"WebPage\",\"@id\":\"https:\\\/\\\/www.webdo.tn\\\/fr\\\/actualite\\\/national\\\/96-000-vehicules-administratifs-des-sanctions-renforcees-contre-l-usage-abusif\\\/216976\\\/\",\"url\":\"https:\\\/\\\/www.webdo.tn\\\/fr\\\/actualite\\\/national\\\/96-000-vehicules-administratifs-des-sanctions-renforcees-contre-l-usage-abusif\\\/216976\\\/\",\"name\":\"96.000 v\u00e9hicules administratifs : des sanctions renforc\u00e9es contre l\u2019usage abusif\",\"isPartOf\":{\"@id\":\"https:\\\/\\\/www.webdo.tn\\\/fr\\\/#website\"},\"primaryImageOfPage\":{\"@id\":\"https:\\\/\\\/www.webdo.tn\\\/fr\\\/actualite\\\/national\\\/96-000-vehicules-administratifs-des-sanctions-renforcees-contre-l-usage-abusif\\\/216976\\\/#primaryimage\"},\"image\":{\"@id\":\"https:\\\/\\\/www.webdo.tn\\\/fr\\\/actualite\\\/national\\\/96-000-vehicules-administratifs-des-sanctions-renforcees-contre-l-usage-abusif\\\/216976\\\/#primaryimage\"},\"thumbnailUrl\":\"https:\\\/\\\/www.webdo.tn\\\/fr\\\/wp-content\\\/uploads\\\/2024\\\/10\\\/c1cd73eabeac280f9f4d2f6c476835a7.webp\",\"datePublished\":\"2024-10-14T11:59:00+00:00\",\"dateModified\":\"2025-05-20T22:34:21+00:00\",\"description\":\"Lors de son intervention \u00e0 la Radio nationale le 14 octobre 2024, Mohamed Bouhlal, contr\u00f4leur g\u00e9n\u00e9ral des domaines de l\u2019\u00c9tat et des affaires fonci\u00e8res, a abord\u00e9...\",\"breadcrumb\":{\"@id\":\"https:\\\/\\\/www.webdo.tn\\\/fr\\\/actualite\\\/national\\\/96-000-vehicules-administratifs-des-sanctions-renforcees-contre-l-usage-abusif\\\/216976\\\/#breadcrumb\"},\"inLanguage\":\"fr-FR\",\"potentialAction\":[{\"@type\":\"ReadAction\",\"target\":[\"https:\\\/\\\/www.webdo.tn\\\/fr\\\/actualite\\\/national\\\/96-000-vehicules-administratifs-des-sanctions-renforcees-contre-l-usage-abusif\\\/216976\\\/\"]}]},{\"@type\":\"ImageObject\",\"inLanguage\":\"fr-FR\",\"@id\":\"https:\\\/\\\/www.webdo.tn\\\/fr\\\/actualite\\\/national\\\/96-000-vehicules-administratifs-des-sanctions-renforcees-contre-l-usage-abusif\\\/216976\\\/#primaryimage\",\"url\":\"https:\\\/\\\/www.webdo.tn\\\/fr\\\/wp-content\\\/uploads\\\/2024\\\/10\\\/c1cd73eabeac280f9f4d2f6c476835a7.webp\",\"contentUrl\":\"https:\\\/\\\/www.webdo.tn\\\/fr\\\/wp-content\\\/uploads\\\/2024\\\/10\\\/c1cd73eabeac280f9f4d2f6c476835a7.webp\",\"width\":300,\"height\":160,\"caption\":\"96.000 v\u00e9hicules administratifs : des sanctions renforc\u00e9es contre l\u2019usage abusif\"},{\"@type\":\"BreadcrumbList\",\"@id\":\"https:\\\/\\\/www.webdo.tn\\\/fr\\\/actualite\\\/national\\\/96-000-vehicules-administratifs-des-sanctions-renforcees-contre-l-usage-abusif\\\/216976\\\/#breadcrumb\",\"itemListElement\":[{\"@type\":\"ListItem\",\"position\":1,\"name\":\"Accueil\",\"item\":\"https:\\\/\\\/www.webdo.tn\\\/fr\\\/\"},{\"@type\":\"ListItem\",\"position\":2,\"name\":\"96.000 v\u00e9hicules administratifs : des sanctions renforc\u00e9es contre l\u2019usage abusif\"}]},{\"@type\":\"WebSite\",\"@id\":\"https:\\\/\\\/www.webdo.tn\\\/fr\\\/#website\",\"url\":\"https:\\\/\\\/www.webdo.tn\\\/fr\\\/\",\"name\":\"webdo\",\"description\":\"Tunisie - News en Tunisie et \u00e0 l&#039;international sur Webdo.tn\",\"publisher\":{\"@id\":\"https:\\\/\\\/www.webdo.tn\\\/fr\\\/#organization\"},\"potentialAction\":[{\"@type\":\"SearchAction\",\"target\":{\"@type\":\"EntryPoint\",\"urlTemplate\":\"https:\\\/\\\/www.webdo.tn\\\/fr\\\/?s={search_term_string}\"},\"query-input\":{\"@type\":\"PropertyValueSpecification\",\"valueRequired\":true,\"valueName\":\"search_term_string\"}}],\"inLanguage\":\"fr-FR\"},{\"@type\":\"Organization\",\"@id\":\"https:\\\/\\\/www.webdo.tn\\\/fr\\\/#organization\",\"name\":\"Webdo\",\"alternateName\":\"Webdo.tn\",\"url\":\"https:\\\/\\\/www.webdo.tn\\\/fr\\\/\",\"logo\":{\"@type\":\"ImageObject\",\"inLanguage\":\"fr-FR\",\"@id\":\"https:\\\/\\\/www.webdo.tn\\\/fr\\\/#\\\/schema\\\/logo\\\/image\\\/\",\"url\":\"https:\\\/\\\/www.webdo.tn\\\/fr\\\/wp-content\\\/uploads\\\/2025\\\/06\\\/Webdo-Tunisie_168377.jpg\",\"contentUrl\":\"https:\\\/\\\/www.webdo.tn\\\/fr\\\/wp-content\\\/uploads\\\/2025\\\/06\\\/Webdo-Tunisie_168377.jpg\",\"width\":301,\"height\":301,\"caption\":\"Webdo\"},\"image\":{\"@id\":\"https:\\\/\\\/www.webdo.tn\\\/fr\\\/#\\\/schema\\\/logo\\\/image\\\/\"},\"sameAs\":[\"https:\\\/\\\/www.facebook.com\\\/webdotn\",\"https:\\\/\\\/x.com\\\/webdo_tn\"],\"description\":\"Webdo est un m\u00e9dia num\u00e9rique tunisien fond\u00e9 en 2010, sp\u00e9cialis\u00e9 dans l\u2019actualit\u00e9 nationale et internationale, l\u2019\u00e9conomie, la soci\u00e9t\u00e9 et les analyses politiques. Le site s\u2019adresse \u00e0 un large public francophone et couvre l\u2019information tunisienne en temps r\u00e9el.\",\"email\":\"redac@webdo.tn\",\"legalName\":\"YNJ SARL\",\"foundingDate\":\"2010-09-06\",\"numberOfEmployees\":{\"@type\":\"QuantitativeValue\",\"minValue\":\"11\",\"maxValue\":\"50\"}},{\"@type\":\"Person\",\"@id\":\"https:\\\/\\\/www.webdo.tn\\\/fr\\\/#\\\/schema\\\/person\\\/1f4e491e0907b413d61089e8eb573acc\",\"name\":\"Webdo\",\"image\":{\"@type\":\"ImageObject\",\"inLanguage\":\"fr-FR\",\"@id\":\"https:\\\/\\\/secure.gravatar.com\\\/avatar\\\/de97aeec1bb80978a9dbb127e47dfc88aaacb2f3c29aac907d8d3222e3495d49?s=96&d=mm&r=g\",\"url\":\"https:\\\/\\\/secure.gravatar.com\\\/avatar\\\/de97aeec1bb80978a9dbb127e47dfc88aaacb2f3c29aac907d8d3222e3495d49?s=96&d=mm&r=g\",\"contentUrl\":\"https:\\\/\\\/secure.gravatar.com\\\/avatar\\\/de97aeec1bb80978a9dbb127e47dfc88aaacb2f3c29aac907d8d3222e3495d49?s=96&d=mm&r=g\",\"caption\":\"Webdo\"},\"url\":\"https:\\\/\\\/www.webdo.tn\\\/fr\\\/actualite\\\/author\\\/webdo\\\/\"}]}<\/script>\n<!-- \/ Yoast SEO Premium plugin. -->","yoast_head_json":{"title":"96.000 v\u00e9hicules administratifs : des sanctions renforc\u00e9es contre l\u2019usage abusif","description":"Lors de son intervention \u00e0 la Radio nationale le 14 octobre 2024, Mohamed Bouhlal, contr\u00f4leur g\u00e9n\u00e9ral des domaines de l\u2019\u00c9tat et des affaires fonci\u00e8res, a abord\u00e9...","canonical":"https:\/\/www.webdo.tn\/fr\/actualite\/national\/96-000-vehicules-administratifs-des-sanctions-renforcees-contre-l-usage-abusif\/216976\/","og_locale":"fr_FR","og_type":"article","og_title":"96.000 v\u00e9hicules administratifs : des sanctions renforc\u00e9es contre l\u2019usage abusif","og_description":"Lors de son intervention \u00e0 la Radio nationale le 14 octobre 2024, Mohamed Bouhlal, contr\u00f4leur g\u00e9n\u00e9ral des domaines de l\u2019\u00c9tat et des affaires fonci\u00e8res, a abord\u00e9...","og_url":"https:\/\/www.webdo.tn\/fr\/actualite\/national\/96-000-vehicules-administratifs-des-sanctions-renforcees-contre-l-usage-abusif\/216976\/","og_site_name":"webdo","article_publisher":"https:\/\/www.facebook.com\/webdotn","article_published_time":"2024-10-14T11:59:00+00:00","article_modified_time":"2025-05-20T22:34:21+00:00","og_image":[{"width":300,"height":160,"url":"https:\/\/www.webdo.tn\/fr\/wp-content\/uploads\/2024\/10\/c1cd73eabeac280f9f4d2f6c476835a7.webp","type":"image\/webp"}],"author":"Webdo","twitter_card":"summary_large_image","twitter_creator":"@webdo_tn","twitter_site":"@webdo_tn","twitter_misc":{"\u00c9crit par":"Webdo"},"schema":{"@context":"https:\/\/schema.org","@graph":[{"@type":"NewsArticle","@id":"https:\/\/www.webdo.tn\/fr\/actualite\/national\/96-000-vehicules-administratifs-des-sanctions-renforcees-contre-l-usage-abusif\/216976\/#article","isPartOf":{"@id":"https:\/\/www.webdo.tn\/fr\/actualite\/national\/96-000-vehicules-administratifs-des-sanctions-renforcees-contre-l-usage-abusif\/216976\/"},"author":{"name":"Webdo","@id":"https:\/\/www.webdo.tn\/fr\/#\/schema\/person\/1f4e491e0907b413d61089e8eb573acc"},"headline":"96.000 v\u00e9hicules administratifs : des sanctions renforc\u00e9es contre l\u2019usage abusif","datePublished":"2024-10-14T11:59:00+00:00","dateModified":"2025-05-20T22:34:21+00:00","mainEntityOfPage":{"@id":"https:\/\/www.webdo.tn\/fr\/actualite\/national\/96-000-vehicules-administratifs-des-sanctions-renforcees-contre-l-usage-abusif\/216976\/"},"wordCount":79,"commentCount":0,"publisher":{"@id":"https:\/\/www.webdo.tn\/fr\/#organization"},"image":{"@id":"https:\/\/www.webdo.tn\/fr\/actualite\/national\/96-000-vehicules-administratifs-des-sanctions-renforcees-contre-l-usage-abusif\/216976\/#primaryimage"},"thumbnailUrl":"https:\/\/www.webdo.tn\/fr\/wp-content\/uploads\/2024\/10\/c1cd73eabeac280f9f4d2f6c476835a7.webp","keywords":["'V\u00e9hicules administratifs']","Sanction","Tunisie"],"articleSection":["National"],"inLanguage":"fr-FR"},{"@type":"WebPage","@id":"https:\/\/www.webdo.tn\/fr\/actualite\/national\/96-000-vehicules-administratifs-des-sanctions-renforcees-contre-l-usage-abusif\/216976\/","url":"https:\/\/www.webdo.tn\/fr\/actualite\/national\/96-000-vehicules-administratifs-des-sanctions-renforcees-contre-l-usage-abusif\/216976\/","name":"96.000 v\u00e9hicules administratifs : des sanctions renforc\u00e9es contre l\u2019usage abusif","isPartOf":{"@id":"https:\/\/www.webdo.tn\/fr\/#website"},"primaryImageOfPage":{"@id":"https:\/\/www.webdo.tn\/fr\/actualite\/national\/96-000-vehicules-administratifs-des-sanctions-renforcees-contre-l-usage-abusif\/216976\/#primaryimage"},"image":{"@id":"https:\/\/www.webdo.tn\/fr\/actualite\/national\/96-000-vehicules-administratifs-des-sanctions-renforcees-contre-l-usage-abusif\/216976\/#primaryimage"},"thumbnailUrl":"https:\/\/www.webdo.tn\/fr\/wp-content\/uploads\/2024\/10\/c1cd73eabeac280f9f4d2f6c476835a7.webp","datePublished":"2024-10-14T11:59:00+00:00","dateModified":"2025-05-20T22:34:21+00:00","description":"Lors de son intervention \u00e0 la Radio nationale le 14 octobre 2024, Mohamed Bouhlal, contr\u00f4leur g\u00e9n\u00e9ral des domaines de l\u2019\u00c9tat et des affaires fonci\u00e8res, a abord\u00e9...","breadcrumb":{"@id":"https:\/\/www.webdo.tn\/fr\/actualite\/national\/96-000-vehicules-administratifs-des-sanctions-renforcees-contre-l-usage-abusif\/216976\/#breadcrumb"},"inLanguage":"fr-FR","potentialAction":[{"@type":"ReadAction","target":["https:\/\/www.webdo.tn\/fr\/actualite\/national\/96-000-vehicules-administratifs-des-sanctions-renforcees-contre-l-usage-abusif\/216976\/"]}]},{"@type":"ImageObject","inLanguage":"fr-FR","@id":"https:\/\/www.webdo.tn\/fr\/actualite\/national\/96-000-vehicules-administratifs-des-sanctions-renforcees-contre-l-usage-abusif\/216976\/#primaryimage","url":"https:\/\/www.webdo.tn\/fr\/wp-content\/uploads\/2024\/10\/c1cd73eabeac280f9f4d2f6c476835a7.webp","contentUrl":"https:\/\/www.webdo.tn\/fr\/wp-content\/uploads\/2024\/10\/c1cd73eabeac280f9f4d2f6c476835a7.webp","width":300,"height":160,"caption":"96.000 v\u00e9hicules administratifs : des sanctions renforc\u00e9es contre l\u2019usage abusif"},{"@type":"BreadcrumbList","@id":"https:\/\/www.webdo.tn\/fr\/actualite\/national\/96-000-vehicules-administratifs-des-sanctions-renforcees-contre-l-usage-abusif\/216976\/#breadcrumb","itemListElement":[{"@type":"ListItem","position":1,"name":"Accueil","item":"https:\/\/www.webdo.tn\/fr\/"},{"@type":"ListItem","position":2,"name":"96.000 v\u00e9hicules administratifs : des sanctions renforc\u00e9es contre l\u2019usage abusif"}]},{"@type":"WebSite","@id":"https:\/\/www.webdo.tn\/fr\/#website","url":"https:\/\/www.webdo.tn\/fr\/","name":"webdo","description":"Tunisie - News en Tunisie et \u00e0 l&#039;international sur Webdo.tn","publisher":{"@id":"https:\/\/www.webdo.tn\/fr\/#organization"},"potentialAction":[{"@type":"SearchAction","target":{"@type":"EntryPoint","urlTemplate":"https:\/\/www.webdo.tn\/fr\/?s={search_term_string}"},"query-input":{"@type":"PropertyValueSpecification","valueRequired":true,"valueName":"search_term_string"}}],"inLanguage":"fr-FR"},{"@type":"Organization","@id":"https:\/\/www.webdo.tn\/fr\/#organization","name":"Webdo","alternateName":"Webdo.tn","url":"https:\/\/www.webdo.tn\/fr\/","logo":{"@type":"ImageObject","inLanguage":"fr-FR","@id":"https:\/\/www.webdo.tn\/fr\/#\/schema\/logo\/image\/","url":"https:\/\/www.webdo.tn\/fr\/wp-content\/uploads\/2025\/06\/Webdo-Tunisie_168377.jpg","contentUrl":"https:\/\/www.webdo.tn\/fr\/wp-content\/uploads\/2025\/06\/Webdo-Tunisie_168377.jpg","width":301,"height":301,"caption":"Webdo"},"image":{"@id":"https:\/\/www.webdo.tn\/fr\/#\/schema\/logo\/image\/"},"sameAs":["https:\/\/www.facebook.com\/webdotn","https:\/\/x.com\/webdo_tn"],"description":"Webdo est un m\u00e9dia num\u00e9rique tunisien fond\u00e9 en 2010, sp\u00e9cialis\u00e9 dans l\u2019actualit\u00e9 nationale et internationale, l\u2019\u00e9conomie, la soci\u00e9t\u00e9 et les analyses politiques. Le site s\u2019adresse \u00e0 un large public francophone et couvre l\u2019information tunisienne en temps r\u00e9el.","email":"redac@webdo.tn","legalName":"YNJ SARL","foundingDate":"2010-09-06","numberOfEmployees":{"@type":"QuantitativeValue","minValue":"11","maxValue":"50"}},{"@type":"Person","@id":"https:\/\/www.webdo.tn\/fr\/#\/schema\/person\/1f4e491e0907b413d61089e8eb573acc","name":"Webdo","image":{"@type":"ImageObject","inLanguage":"fr-FR","@id":"https:\/\/secure.gravatar.com\/avatar\/de97aeec1bb80978a9dbb127e47dfc88aaacb2f3c29aac907d8d3222e3495d49?s=96&d=mm&r=g","url":"https:\/\/secure.gravatar.com\/avatar\/de97aeec1bb80978a9dbb127e47dfc88aaacb2f3c29aac907d8d3222e3495d49?s=96&d=mm&r=g","contentUrl":"https:\/\/secure.gravatar.com\/avatar\/de97aeec1bb80978a9dbb127e47dfc88aaacb2f3c29aac907d8d3222e3495d49?s=96&d=mm&r=g","caption":"Webdo"},"url":"https:\/\/www.webdo.tn\/fr\/actualite\/author\/webdo\/"}]}},"_links":{"self":[{"href":"https:\/\/www.webdo.tn\/fr\/wp-json\/wp\/v2\/posts\/216976","targetHints":{"allow":["GET"]}}],"collection":[{"href":"https:\/\/www.webdo.tn\/fr\/wp-json\/wp\/v2\/posts"}],"about":[{"href":"https:\/\/www.webdo.tn\/fr\/wp-json\/wp\/v2\/types\/post"}],"author":[{"embeddable":true,"href":"https:\/\/www.webdo.tn\/fr\/wp-json\/wp\/v2\/users\/3169"}],"replies":[{"embeddable":true,"href":"https:\/\/www.webdo.tn\/fr\/wp-json\/wp\/v2\/comments?post=216976"}],"version-history":[{"count":0,"href":"https:\/\/www.webdo.tn\/fr\/wp-json\/wp\/v2\/posts\/216976\/revisions"}],"wp:featuredmedia":[{"embeddable":true,"href":"https:\/\/www.webdo.tn\/fr\/wp-json\/wp\/v2\/media\/291188"}],"wp:attachment":[{"href":"https:\/\/www.webdo.tn\/fr\/wp-json\/wp\/v2\/media?parent=216976"}],"wp:term":[{"taxonomy":"category","embeddable":true,"href":"https:\/\/www.webdo.tn\/fr\/wp-json\/wp\/v2\/categories?post=216976"},{"taxonomy":"post_tag","embeddable":true,"href":"https:\/\/www.webdo.tn\/fr\/wp-json\/wp\/v2\/tags?post=216976"}],"curies":[{"name":"wp","href":"https:\/\/api.w.org\/{rel}","templated":true}]}}