{"id":216963,"date":"2024-10-13T10:48:00","date_gmt":"2024-10-13T10:48:00","guid":{"rendered":"https:\/\/www.webdo.tn\/fr\/blog\/tunisie-du-nouveau-dans-le-projet-du-passeport-biometrique\/216963\/"},"modified":"2025-06-04T18:08:20","modified_gmt":"2025-06-04T18:08:20","slug":"tunisie-du-nouveau-dans-le-projet-du-passeport-biometrique-2","status":"publish","type":"post","link":"https:\/\/www.webdo.tn\/fr\/actualite\/national\/tunisie-du-nouveau-dans-le-projet-du-passeport-biometrique-2\/216963\/","title":{"rendered":"Tunisie : Du nouveau dans le projet du passeport biom\u00e9trique"},"content":{"rendered":"<p>Le chef du gouvernement, Kamel Maddouri, a pr\u00e9sid\u00e9, le samedi 12 octobre 2024, \u00e0 la Kasbah, une r\u00e9union minist\u00e9rielle restreinte consacr\u00e9e au suivi de l&rsquo;avancement du projet de passeport biom\u00e9trique.\u00a0<\/p>\n<p> Selon un communiqu\u00e9 de la pr\u00e9sidence du gouvernement, \u00e9taient pr\u00e9sents \u00e0 cette rencontre le ministre de la D\u00e9fense nationale, Khaled Sahili, la ministre des Finances, Sihem Nemsia, le ministre de l&rsquo;\u00c9conomie et de la Planification, Samir Abdelhafidh, le ministre des Technologies de la Communication, Sofiane Hmissi, le directeur g\u00e9n\u00e9ral de l&rsquo;Imprimerie nationale et des repr\u00e9sentants du minist\u00e8re de l&rsquo;Int\u00e9rieur.<\/p>\n<p>A cet \u00e9gard, le chef du gouvernement a soulign\u00e9 l&rsquo;importance du projet de passeport biom\u00e9trique, qui b\u00e9n\u00e9ficie de l&rsquo;attention particuli\u00e8re du pr\u00e9sident de la R\u00e9publique.\u00a0<\/p>\n<p>Il a qualifi\u00e9 ce projet de \u00ab\u00a0projet national structurant\u00a0\u00bb s&rsquo;inscrivant dans le cadre de la transition num\u00e9rique, de l&rsquo;am\u00e9lioration de la qualit\u00e9 des services et du renforcement de la s\u00e9curit\u00e9.<\/p>\n<p>Le conseil a adopt\u00e9 une s\u00e9rie de recommandations visant \u00e0 renforcer la conduite et la mise en \u0153uvre de ce projet, \u00e0 garantir son succ\u00e8s, notamment en ce qui concerne le suivi et l&rsquo;\u00e9valuation de ses diff\u00e9rentes \u00e9tapes, conform\u00e9ment aux objectifs fix\u00e9s et aux d\u00e9lais impartis.\u00a0\u00bb<\/p>\n","protected":false},"excerpt":{"rendered":"<p>Selon un communiqu\u00e9 de la pr\u00e9sidence du gouvernement, \u00e9taient pr\u00e9sents \u00e0 cette rencontre le ministre de la D\u00e9fense nationale, Khaled Sahili, la ministre des Fin&#8230;<\/p>\n","protected":false},"author":3162,"featured_media":246343,"comment_status":"open","ping_status":"closed","sticky":false,"template":"","format":"standard","meta":{"footnotes":""},"categories":[44],"tags":[4628,5432,2608],"class_list":["post-216963","post","type-post","status-publish","format-standard","has-post-thumbnail","hentry","category-national","tag-passeport","tag-passeport-biometrique","tag-tunisie"],"yoast_head":"<!-- This site is optimized with the Yoast SEO Premium plugin v27.5 (Yoast SEO v27.5) - https:\/\/yoast.com\/product\/yoast-seo-premium-wordpress\/ -->\n<title>Tunisie : Du nouveau dans le projet du passeport biom\u00e9trique<\/title>\n<meta name=\"description\" content=\"Selon un communiqu\u00e9 de la pr\u00e9sidence du gouvernement, \u00e9taient pr\u00e9sents \u00e0 cette rencontre le ministre de la D\u00e9fense nationale, Khaled Sahili, la ministre des Fin...\" \/>\n<link rel=\"canonical\" href=\"https:\/\/www.webdo.tn\/fr\/actualite\/national\/tunisie-du-nouveau-dans-le-projet-du-passeport-biometrique-2\/216963\/\" \/>\n<meta property=\"og:locale\" content=\"fr_FR\" \/>\n<meta property=\"og:type\" content=\"article\" \/>\n<meta property=\"og:title\" content=\"Tunisie : Du nouveau dans le projet du passeport biom\u00e9trique\" \/>\n<meta property=\"og:description\" content=\"Selon un communiqu\u00e9 de la pr\u00e9sidence du gouvernement, \u00e9taient pr\u00e9sents \u00e0 cette rencontre le ministre de la D\u00e9fense nationale, Khaled Sahili, la ministre des Fin...\" \/>\n<meta property=\"og:url\" content=\"https:\/\/www.webdo.tn\/fr\/actualite\/national\/tunisie-du-nouveau-dans-le-projet-du-passeport-biometrique-2\/216963\/\" \/>\n<meta property=\"og:site_name\" content=\"webdo\" \/>\n<meta property=\"article:publisher\" content=\"https:\/\/www.facebook.com\/webdotn\" \/>\n<meta property=\"article:published_time\" content=\"2024-10-13T10:48:00+00:00\" \/>\n<meta property=\"article:modified_time\" content=\"2025-06-04T18:08:20+00:00\" \/>\n<meta property=\"og:image\" content=\"https:\/\/www.webdo.tn\/fr\/wp-content\/uploads\/2024\/10\/7291eacc0b15ddb6d52c205ca77422d0.webp\" \/>\n\t<meta property=\"og:image:width\" content=\"750\" \/>\n\t<meta property=\"og:image:height\" content=\"400\" \/>\n\t<meta property=\"og:image:type\" content=\"image\/webp\" \/>\n<meta name=\"author\" content=\"MC\" \/>\n<meta name=\"twitter:card\" content=\"summary_large_image\" \/>\n<meta name=\"twitter:creator\" content=\"@webdo_tn\" \/>\n<meta name=\"twitter:site\" content=\"@webdo_tn\" \/>\n<meta name=\"twitter:label1\" content=\"\u00c9crit par\" \/>\n\t<meta name=\"twitter:data1\" content=\"MC\" \/>\n\t<meta name=\"twitter:label2\" content=\"Dur\u00e9e de lecture estim\u00e9e\" \/>\n\t<meta name=\"twitter:data2\" content=\"1 minute\" \/>\n<script type=\"application\/ld+json\" class=\"yoast-schema-graph\">{\"@context\":\"https:\\\/\\\/schema.org\",\"@graph\":[{\"@type\":\"NewsArticle\",\"@id\":\"https:\\\/\\\/www.webdo.tn\\\/fr\\\/actualite\\\/national\\\/tunisie-du-nouveau-dans-le-projet-du-passeport-biometrique-2\\\/216963\\\/#article\",\"isPartOf\":{\"@id\":\"https:\\\/\\\/www.webdo.tn\\\/fr\\\/actualite\\\/national\\\/tunisie-du-nouveau-dans-le-projet-du-passeport-biometrique-2\\\/216963\\\/\"},\"author\":{\"name\":\"MC\",\"@id\":\"https:\\\/\\\/www.webdo.tn\\\/fr\\\/#\\\/schema\\\/person\\\/2c4929cbf5a809e3bd38617c6ce150f6\"},\"headline\":\"Tunisie : Du nouveau dans le projet du passeport biom\u00e9trique\",\"datePublished\":\"2024-10-13T10:48:00+00:00\",\"dateModified\":\"2025-06-04T18:08:20+00:00\",\"mainEntityOfPage\":{\"@id\":\"https:\\\/\\\/www.webdo.tn\\\/fr\\\/actualite\\\/national\\\/tunisie-du-nouveau-dans-le-projet-du-passeport-biometrique-2\\\/216963\\\/\"},\"wordCount\":231,\"commentCount\":0,\"publisher\":{\"@id\":\"https:\\\/\\\/www.webdo.tn\\\/fr\\\/#organization\"},\"image\":{\"@id\":\"https:\\\/\\\/www.webdo.tn\\\/fr\\\/actualite\\\/national\\\/tunisie-du-nouveau-dans-le-projet-du-passeport-biometrique-2\\\/216963\\\/#primaryimage\"},\"thumbnailUrl\":\"https:\\\/\\\/www.webdo.tn\\\/fr\\\/wp-content\\\/uploads\\\/2024\\\/10\\\/7291eacc0b15ddb6d52c205ca77422d0.webp\",\"keywords\":[\"passeport\",\"passeport biom\u00e9trique\",\"Tunisie\"],\"articleSection\":[\"National\"],\"inLanguage\":\"fr-FR\"},{\"@type\":\"WebPage\",\"@id\":\"https:\\\/\\\/www.webdo.tn\\\/fr\\\/actualite\\\/national\\\/tunisie-du-nouveau-dans-le-projet-du-passeport-biometrique-2\\\/216963\\\/\",\"url\":\"https:\\\/\\\/www.webdo.tn\\\/fr\\\/actualite\\\/national\\\/tunisie-du-nouveau-dans-le-projet-du-passeport-biometrique-2\\\/216963\\\/\",\"name\":\"Tunisie : Du nouveau dans le projet du passeport biom\u00e9trique\",\"isPartOf\":{\"@id\":\"https:\\\/\\\/www.webdo.tn\\\/fr\\\/#website\"},\"primaryImageOfPage\":{\"@id\":\"https:\\\/\\\/www.webdo.tn\\\/fr\\\/actualite\\\/national\\\/tunisie-du-nouveau-dans-le-projet-du-passeport-biometrique-2\\\/216963\\\/#primaryimage\"},\"image\":{\"@id\":\"https:\\\/\\\/www.webdo.tn\\\/fr\\\/actualite\\\/national\\\/tunisie-du-nouveau-dans-le-projet-du-passeport-biometrique-2\\\/216963\\\/#primaryimage\"},\"thumbnailUrl\":\"https:\\\/\\\/www.webdo.tn\\\/fr\\\/wp-content\\\/uploads\\\/2024\\\/10\\\/7291eacc0b15ddb6d52c205ca77422d0.webp\",\"datePublished\":\"2024-10-13T10:48:00+00:00\",\"dateModified\":\"2025-06-04T18:08:20+00:00\",\"description\":\"Selon un communiqu\u00e9 de la pr\u00e9sidence du gouvernement, \u00e9taient pr\u00e9sents \u00e0 cette rencontre le ministre de la D\u00e9fense nationale, Khaled Sahili, la ministre des Fin...\",\"breadcrumb\":{\"@id\":\"https:\\\/\\\/www.webdo.tn\\\/fr\\\/actualite\\\/national\\\/tunisie-du-nouveau-dans-le-projet-du-passeport-biometrique-2\\\/216963\\\/#breadcrumb\"},\"inLanguage\":\"fr-FR\",\"potentialAction\":[{\"@type\":\"ReadAction\",\"target\":[\"https:\\\/\\\/www.webdo.tn\\\/fr\\\/actualite\\\/national\\\/tunisie-du-nouveau-dans-le-projet-du-passeport-biometrique-2\\\/216963\\\/\"]}]},{\"@type\":\"ImageObject\",\"inLanguage\":\"fr-FR\",\"@id\":\"https:\\\/\\\/www.webdo.tn\\\/fr\\\/actualite\\\/national\\\/tunisie-du-nouveau-dans-le-projet-du-passeport-biometrique-2\\\/216963\\\/#primaryimage\",\"url\":\"https:\\\/\\\/www.webdo.tn\\\/fr\\\/wp-content\\\/uploads\\\/2024\\\/10\\\/7291eacc0b15ddb6d52c205ca77422d0.webp\",\"contentUrl\":\"https:\\\/\\\/www.webdo.tn\\\/fr\\\/wp-content\\\/uploads\\\/2024\\\/10\\\/7291eacc0b15ddb6d52c205ca77422d0.webp\",\"width\":750,\"height\":400,\"caption\":\"Tunisie : Du nouveau dans le projet du passeport biom\u00e9trique\"},{\"@type\":\"BreadcrumbList\",\"@id\":\"https:\\\/\\\/www.webdo.tn\\\/fr\\\/actualite\\\/national\\\/tunisie-du-nouveau-dans-le-projet-du-passeport-biometrique-2\\\/216963\\\/#breadcrumb\",\"itemListElement\":[{\"@type\":\"ListItem\",\"position\":1,\"name\":\"Accueil\",\"item\":\"https:\\\/\\\/www.webdo.tn\\\/fr\\\/\"},{\"@type\":\"ListItem\",\"position\":2,\"name\":\"Tunisie : Du nouveau dans le projet du passeport biom\u00e9trique\"}]},{\"@type\":\"WebSite\",\"@id\":\"https:\\\/\\\/www.webdo.tn\\\/fr\\\/#website\",\"url\":\"https:\\\/\\\/www.webdo.tn\\\/fr\\\/\",\"name\":\"webdo\",\"description\":\"Tunisie - News en Tunisie et \u00e0 l&#039;international sur Webdo.tn\",\"publisher\":{\"@id\":\"https:\\\/\\\/www.webdo.tn\\\/fr\\\/#organization\"},\"potentialAction\":[{\"@type\":\"SearchAction\",\"target\":{\"@type\":\"EntryPoint\",\"urlTemplate\":\"https:\\\/\\\/www.webdo.tn\\\/fr\\\/?s={search_term_string}\"},\"query-input\":{\"@type\":\"PropertyValueSpecification\",\"valueRequired\":true,\"valueName\":\"search_term_string\"}}],\"inLanguage\":\"fr-FR\"},{\"@type\":\"Organization\",\"@id\":\"https:\\\/\\\/www.webdo.tn\\\/fr\\\/#organization\",\"name\":\"Webdo\",\"alternateName\":\"Webdo.tn\",\"url\":\"https:\\\/\\\/www.webdo.tn\\\/fr\\\/\",\"logo\":{\"@type\":\"ImageObject\",\"inLanguage\":\"fr-FR\",\"@id\":\"https:\\\/\\\/www.webdo.tn\\\/fr\\\/#\\\/schema\\\/logo\\\/image\\\/\",\"url\":\"https:\\\/\\\/www.webdo.tn\\\/fr\\\/wp-content\\\/uploads\\\/2025\\\/06\\\/Webdo-Tunisie_168377.jpg\",\"contentUrl\":\"https:\\\/\\\/www.webdo.tn\\\/fr\\\/wp-content\\\/uploads\\\/2025\\\/06\\\/Webdo-Tunisie_168377.jpg\",\"width\":301,\"height\":301,\"caption\":\"Webdo\"},\"image\":{\"@id\":\"https:\\\/\\\/www.webdo.tn\\\/fr\\\/#\\\/schema\\\/logo\\\/image\\\/\"},\"sameAs\":[\"https:\\\/\\\/www.facebook.com\\\/webdotn\",\"https:\\\/\\\/x.com\\\/webdo_tn\"],\"description\":\"Webdo est un m\u00e9dia num\u00e9rique tunisien fond\u00e9 en 2010, sp\u00e9cialis\u00e9 dans l\u2019actualit\u00e9 nationale et internationale, l\u2019\u00e9conomie, la soci\u00e9t\u00e9 et les analyses politiques. Le site s\u2019adresse \u00e0 un large public francophone et couvre l\u2019information tunisienne en temps r\u00e9el.\",\"email\":\"redac@webdo.tn\",\"legalName\":\"YNJ SARL\",\"foundingDate\":\"2010-09-06\",\"numberOfEmployees\":{\"@type\":\"QuantitativeValue\",\"minValue\":\"11\",\"maxValue\":\"50\"}},{\"@type\":\"Person\",\"@id\":\"https:\\\/\\\/www.webdo.tn\\\/fr\\\/#\\\/schema\\\/person\\\/2c4929cbf5a809e3bd38617c6ce150f6\",\"name\":\"MC\",\"image\":{\"@type\":\"ImageObject\",\"inLanguage\":\"fr-FR\",\"@id\":\"https:\\\/\\\/secure.gravatar.com\\\/avatar\\\/a545bbb6f84efdd5553dbbc2895e3ca8f1d12c5215e00a041c9670b54aa9b18a?s=96&d=mm&r=g\",\"url\":\"https:\\\/\\\/secure.gravatar.com\\\/avatar\\\/a545bbb6f84efdd5553dbbc2895e3ca8f1d12c5215e00a041c9670b54aa9b18a?s=96&d=mm&r=g\",\"contentUrl\":\"https:\\\/\\\/secure.gravatar.com\\\/avatar\\\/a545bbb6f84efdd5553dbbc2895e3ca8f1d12c5215e00a041c9670b54aa9b18a?s=96&d=mm&r=g\",\"caption\":\"MC\"},\"url\":\"https:\\\/\\\/www.webdo.tn\\\/fr\\\/actualite\\\/author\\\/mc\\\/\"}]}<\/script>\n<!-- \/ Yoast SEO Premium plugin. -->","yoast_head_json":{"title":"Tunisie : Du nouveau dans le projet du passeport biom\u00e9trique","description":"Selon un communiqu\u00e9 de la pr\u00e9sidence du gouvernement, \u00e9taient pr\u00e9sents \u00e0 cette rencontre le ministre de la D\u00e9fense nationale, Khaled Sahili, la ministre des Fin...","canonical":"https:\/\/www.webdo.tn\/fr\/actualite\/national\/tunisie-du-nouveau-dans-le-projet-du-passeport-biometrique-2\/216963\/","og_locale":"fr_FR","og_type":"article","og_title":"Tunisie : Du nouveau dans le projet du passeport biom\u00e9trique","og_description":"Selon un communiqu\u00e9 de la pr\u00e9sidence du gouvernement, \u00e9taient pr\u00e9sents \u00e0 cette rencontre le ministre de la D\u00e9fense nationale, Khaled Sahili, la ministre des Fin...","og_url":"https:\/\/www.webdo.tn\/fr\/actualite\/national\/tunisie-du-nouveau-dans-le-projet-du-passeport-biometrique-2\/216963\/","og_site_name":"webdo","article_publisher":"https:\/\/www.facebook.com\/webdotn","article_published_time":"2024-10-13T10:48:00+00:00","article_modified_time":"2025-06-04T18:08:20+00:00","og_image":[{"width":750,"height":400,"url":"https:\/\/www.webdo.tn\/fr\/wp-content\/uploads\/2024\/10\/7291eacc0b15ddb6d52c205ca77422d0.webp","type":"image\/webp"}],"author":"MC","twitter_card":"summary_large_image","twitter_creator":"@webdo_tn","twitter_site":"@webdo_tn","twitter_misc":{"\u00c9crit par":"MC","Dur\u00e9e de lecture estim\u00e9e":"1 minute"},"schema":{"@context":"https:\/\/schema.org","@graph":[{"@type":"NewsArticle","@id":"https:\/\/www.webdo.tn\/fr\/actualite\/national\/tunisie-du-nouveau-dans-le-projet-du-passeport-biometrique-2\/216963\/#article","isPartOf":{"@id":"https:\/\/www.webdo.tn\/fr\/actualite\/national\/tunisie-du-nouveau-dans-le-projet-du-passeport-biometrique-2\/216963\/"},"author":{"name":"MC","@id":"https:\/\/www.webdo.tn\/fr\/#\/schema\/person\/2c4929cbf5a809e3bd38617c6ce150f6"},"headline":"Tunisie : Du nouveau dans le projet du passeport biom\u00e9trique","datePublished":"2024-10-13T10:48:00+00:00","dateModified":"2025-06-04T18:08:20+00:00","mainEntityOfPage":{"@id":"https:\/\/www.webdo.tn\/fr\/actualite\/national\/tunisie-du-nouveau-dans-le-projet-du-passeport-biometrique-2\/216963\/"},"wordCount":231,"commentCount":0,"publisher":{"@id":"https:\/\/www.webdo.tn\/fr\/#organization"},"image":{"@id":"https:\/\/www.webdo.tn\/fr\/actualite\/national\/tunisie-du-nouveau-dans-le-projet-du-passeport-biometrique-2\/216963\/#primaryimage"},"thumbnailUrl":"https:\/\/www.webdo.tn\/fr\/wp-content\/uploads\/2024\/10\/7291eacc0b15ddb6d52c205ca77422d0.webp","keywords":["passeport","passeport biom\u00e9trique","Tunisie"],"articleSection":["National"],"inLanguage":"fr-FR"},{"@type":"WebPage","@id":"https:\/\/www.webdo.tn\/fr\/actualite\/national\/tunisie-du-nouveau-dans-le-projet-du-passeport-biometrique-2\/216963\/","url":"https:\/\/www.webdo.tn\/fr\/actualite\/national\/tunisie-du-nouveau-dans-le-projet-du-passeport-biometrique-2\/216963\/","name":"Tunisie : Du nouveau dans le projet du passeport biom\u00e9trique","isPartOf":{"@id":"https:\/\/www.webdo.tn\/fr\/#website"},"primaryImageOfPage":{"@id":"https:\/\/www.webdo.tn\/fr\/actualite\/national\/tunisie-du-nouveau-dans-le-projet-du-passeport-biometrique-2\/216963\/#primaryimage"},"image":{"@id":"https:\/\/www.webdo.tn\/fr\/actualite\/national\/tunisie-du-nouveau-dans-le-projet-du-passeport-biometrique-2\/216963\/#primaryimage"},"thumbnailUrl":"https:\/\/www.webdo.tn\/fr\/wp-content\/uploads\/2024\/10\/7291eacc0b15ddb6d52c205ca77422d0.webp","datePublished":"2024-10-13T10:48:00+00:00","dateModified":"2025-06-04T18:08:20+00:00","description":"Selon un communiqu\u00e9 de la pr\u00e9sidence du gouvernement, \u00e9taient pr\u00e9sents \u00e0 cette rencontre le ministre de la D\u00e9fense nationale, Khaled Sahili, la ministre des Fin...","breadcrumb":{"@id":"https:\/\/www.webdo.tn\/fr\/actualite\/national\/tunisie-du-nouveau-dans-le-projet-du-passeport-biometrique-2\/216963\/#breadcrumb"},"inLanguage":"fr-FR","potentialAction":[{"@type":"ReadAction","target":["https:\/\/www.webdo.tn\/fr\/actualite\/national\/tunisie-du-nouveau-dans-le-projet-du-passeport-biometrique-2\/216963\/"]}]},{"@type":"ImageObject","inLanguage":"fr-FR","@id":"https:\/\/www.webdo.tn\/fr\/actualite\/national\/tunisie-du-nouveau-dans-le-projet-du-passeport-biometrique-2\/216963\/#primaryimage","url":"https:\/\/www.webdo.tn\/fr\/wp-content\/uploads\/2024\/10\/7291eacc0b15ddb6d52c205ca77422d0.webp","contentUrl":"https:\/\/www.webdo.tn\/fr\/wp-content\/uploads\/2024\/10\/7291eacc0b15ddb6d52c205ca77422d0.webp","width":750,"height":400,"caption":"Tunisie : Du nouveau dans le projet du passeport biom\u00e9trique"},{"@type":"BreadcrumbList","@id":"https:\/\/www.webdo.tn\/fr\/actualite\/national\/tunisie-du-nouveau-dans-le-projet-du-passeport-biometrique-2\/216963\/#breadcrumb","itemListElement":[{"@type":"ListItem","position":1,"name":"Accueil","item":"https:\/\/www.webdo.tn\/fr\/"},{"@type":"ListItem","position":2,"name":"Tunisie : Du nouveau dans le projet du passeport biom\u00e9trique"}]},{"@type":"WebSite","@id":"https:\/\/www.webdo.tn\/fr\/#website","url":"https:\/\/www.webdo.tn\/fr\/","name":"webdo","description":"Tunisie - News en Tunisie et \u00e0 l&#039;international sur Webdo.tn","publisher":{"@id":"https:\/\/www.webdo.tn\/fr\/#organization"},"potentialAction":[{"@type":"SearchAction","target":{"@type":"EntryPoint","urlTemplate":"https:\/\/www.webdo.tn\/fr\/?s={search_term_string}"},"query-input":{"@type":"PropertyValueSpecification","valueRequired":true,"valueName":"search_term_string"}}],"inLanguage":"fr-FR"},{"@type":"Organization","@id":"https:\/\/www.webdo.tn\/fr\/#organization","name":"Webdo","alternateName":"Webdo.tn","url":"https:\/\/www.webdo.tn\/fr\/","logo":{"@type":"ImageObject","inLanguage":"fr-FR","@id":"https:\/\/www.webdo.tn\/fr\/#\/schema\/logo\/image\/","url":"https:\/\/www.webdo.tn\/fr\/wp-content\/uploads\/2025\/06\/Webdo-Tunisie_168377.jpg","contentUrl":"https:\/\/www.webdo.tn\/fr\/wp-content\/uploads\/2025\/06\/Webdo-Tunisie_168377.jpg","width":301,"height":301,"caption":"Webdo"},"image":{"@id":"https:\/\/www.webdo.tn\/fr\/#\/schema\/logo\/image\/"},"sameAs":["https:\/\/www.facebook.com\/webdotn","https:\/\/x.com\/webdo_tn"],"description":"Webdo est un m\u00e9dia num\u00e9rique tunisien fond\u00e9 en 2010, sp\u00e9cialis\u00e9 dans l\u2019actualit\u00e9 nationale et internationale, l\u2019\u00e9conomie, la soci\u00e9t\u00e9 et les analyses politiques. Le site s\u2019adresse \u00e0 un large public francophone et couvre l\u2019information tunisienne en temps r\u00e9el.","email":"redac@webdo.tn","legalName":"YNJ SARL","foundingDate":"2010-09-06","numberOfEmployees":{"@type":"QuantitativeValue","minValue":"11","maxValue":"50"}},{"@type":"Person","@id":"https:\/\/www.webdo.tn\/fr\/#\/schema\/person\/2c4929cbf5a809e3bd38617c6ce150f6","name":"MC","image":{"@type":"ImageObject","inLanguage":"fr-FR","@id":"https:\/\/secure.gravatar.com\/avatar\/a545bbb6f84efdd5553dbbc2895e3ca8f1d12c5215e00a041c9670b54aa9b18a?s=96&d=mm&r=g","url":"https:\/\/secure.gravatar.com\/avatar\/a545bbb6f84efdd5553dbbc2895e3ca8f1d12c5215e00a041c9670b54aa9b18a?s=96&d=mm&r=g","contentUrl":"https:\/\/secure.gravatar.com\/avatar\/a545bbb6f84efdd5553dbbc2895e3ca8f1d12c5215e00a041c9670b54aa9b18a?s=96&d=mm&r=g","caption":"MC"},"url":"https:\/\/www.webdo.tn\/fr\/actualite\/author\/mc\/"}]}},"_links":{"self":[{"href":"https:\/\/www.webdo.tn\/fr\/wp-json\/wp\/v2\/posts\/216963","targetHints":{"allow":["GET"]}}],"collection":[{"href":"https:\/\/www.webdo.tn\/fr\/wp-json\/wp\/v2\/posts"}],"about":[{"href":"https:\/\/www.webdo.tn\/fr\/wp-json\/wp\/v2\/types\/post"}],"author":[{"embeddable":true,"href":"https:\/\/www.webdo.tn\/fr\/wp-json\/wp\/v2\/users\/3162"}],"replies":[{"embeddable":true,"href":"https:\/\/www.webdo.tn\/fr\/wp-json\/wp\/v2\/comments?post=216963"}],"version-history":[{"count":0,"href":"https:\/\/www.webdo.tn\/fr\/wp-json\/wp\/v2\/posts\/216963\/revisions"}],"wp:featuredmedia":[{"embeddable":true,"href":"https:\/\/www.webdo.tn\/fr\/wp-json\/wp\/v2\/media\/246343"}],"wp:attachment":[{"href":"https:\/\/www.webdo.tn\/fr\/wp-json\/wp\/v2\/media?parent=216963"}],"wp:term":[{"taxonomy":"category","embeddable":true,"href":"https:\/\/www.webdo.tn\/fr\/wp-json\/wp\/v2\/categories?post=216963"},{"taxonomy":"post_tag","embeddable":true,"href":"https:\/\/www.webdo.tn\/fr\/wp-json\/wp\/v2\/tags?post=216963"}],"curies":[{"name":"wp","href":"https:\/\/api.w.org\/{rel}","templated":true}]}}