{"id":216962,"date":"2024-10-13T10:33:00","date_gmt":"2024-10-13T10:33:00","guid":{"rendered":"https:\/\/www.webdo.tn\/fr\/blog\/tunisie-fabrication-de-cables-un-geant-sud-coreen-prevoit-6000-emplois-d-ici-2026\/216962\/"},"modified":"2025-05-20T22:34:40","modified_gmt":"2025-05-20T22:34:40","slug":"tunisie-fabrication-de-cables-un-geant-sud-coreen-prevoit-6000-emplois-d-ici-2026","status":"publish","type":"post","link":"https:\/\/www.webdo.tn\/fr\/actualite\/national\/tunisie-fabrication-de-cables-un-geant-sud-coreen-prevoit-6000-emplois-d-ici-2026\/216962\/","title":{"rendered":"Tunisie &#8211; Fabrication de c\u00e2bles : Un g\u00e9ant sud-cor\u00e9en pr\u00e9voit 6000 emplois d&rsquo;ici 2026"},"content":{"rendered":"<p>\u00ab\u00a0La filiale tunisienne de &lsquo;Yura&rsquo;, un g\u00e9ant sud-cor\u00e9en de la fabrication de c\u00e2bles et de composants automobiles, pr\u00e9voit de cr\u00e9er 6000 emplois d&rsquo;ici 2026, selon un communiqu\u00e9 publi\u00e9 samedi par l&rsquo;Agence de promotion de l&rsquo;investissement ext\u00e9rieur.<\/p>\n<p>\t\t\t\t\t\t\t\t\tImplant\u00e9e depuis 2007 sur un site de plus de 3 hectares dans la zone industrielle de Kairouan 2, &lsquo;Yura&rsquo; emploie d\u00e9j\u00e0 plus de 2000 personnes. Gr\u00e2ce \u00e0 ses trois unit\u00e9s de production, ce projet contribue \u00e0 renforcer l&rsquo;\u00e9cosyst\u00e8me de la fabrication de composants automobiles, un secteur strat\u00e9gique pour l&rsquo;\u00e9conomie tunisienne.<\/p>\n<p>Pr\u00e9sente dans plusieurs pays (Cor\u00e9e du Sud, Chine, Vietnam, Slovaquie, Serbie et Russie), &lsquo;Yura&rsquo; est un leader mondial dans son domaine, fournissant notamment les grands constructeurs automobiles tels que Hyundai et Kia Motors.<\/p>\n<p>La Tunisie compte actuellement plus de 280 entreprises op\u00e9rant dans le secteur des composants automobiles, employant plus de 95 000 personnes et g\u00e9n\u00e9rant un chiffre d&rsquo;affaires sup\u00e9rieur \u00e0 4,2 milliards d&rsquo;euros, soit plus de 16% des exportations du pays.\u00a0\u00bb<\/p>\n","protected":false},"excerpt":{"rendered":"<p>Implant\u00e9e depuis 2007 sur un site de plus de 3 hectares dans la zone industrielle de Kairouan 2, &lsquo;Yura&rsquo; emploie d\u00e9j\u00e0 plus de 2000 personnes. Gr\u00e2ce \u00e0 ses trois u&#8230;<\/p>\n","protected":false},"author":3175,"featured_media":246342,"comment_status":"open","ping_status":"closed","sticky":false,"template":"","format":"standard","meta":{"footnotes":""},"categories":[44],"tags":[5431,3012,2608],"class_list":["post-216962","post","type-post","status-publish","format-standard","has-post-thumbnail","hentry","category-national","tag-cables","tag-industrie","tag-tunisie"],"yoast_head":"<!-- This site is optimized with the Yoast SEO Premium plugin v27.5 (Yoast SEO v27.5) - https:\/\/yoast.com\/product\/yoast-seo-premium-wordpress\/ -->\n<title>Tunisie - Fabrication de c\u00e2bles : Un g\u00e9ant sud-cor\u00e9en pr\u00e9voit 6000 emplois d&#039;ici 2026<\/title>\n<meta name=\"description\" content=\"Implant\u00e9e depuis 2007 sur un site de plus de 3 hectares dans la zone industrielle de Kairouan 2, &#039;Yura&#039; emploie d\u00e9j\u00e0 plus de 2000 personnes. Gr\u00e2ce \u00e0 ses trois u...\" \/>\n<link rel=\"canonical\" href=\"https:\/\/www.webdo.tn\/fr\/actualite\/national\/tunisie-fabrication-de-cables-un-geant-sud-coreen-prevoit-6000-emplois-d-ici-2026\/216962\/\" \/>\n<meta property=\"og:locale\" content=\"fr_FR\" \/>\n<meta property=\"og:type\" content=\"article\" \/>\n<meta property=\"og:title\" content=\"Tunisie - Fabrication de c\u00e2bles : Un g\u00e9ant sud-cor\u00e9en pr\u00e9voit 6000 emplois d&#039;ici 2026\" \/>\n<meta property=\"og:description\" content=\"Implant\u00e9e depuis 2007 sur un site de plus de 3 hectares dans la zone industrielle de Kairouan 2, &#039;Yura&#039; emploie d\u00e9j\u00e0 plus de 2000 personnes. Gr\u00e2ce \u00e0 ses trois u...\" \/>\n<meta property=\"og:url\" content=\"https:\/\/www.webdo.tn\/fr\/actualite\/national\/tunisie-fabrication-de-cables-un-geant-sud-coreen-prevoit-6000-emplois-d-ici-2026\/216962\/\" \/>\n<meta property=\"og:site_name\" content=\"webdo\" \/>\n<meta property=\"article:publisher\" content=\"https:\/\/www.facebook.com\/webdotn\" \/>\n<meta property=\"article:published_time\" content=\"2024-10-13T10:33:00+00:00\" \/>\n<meta property=\"article:modified_time\" content=\"2025-05-20T22:34:40+00:00\" \/>\n<meta property=\"og:image\" content=\"https:\/\/www.webdo.tn\/fr\/wp-content\/uploads\/2024\/10\/fb495d3c4b9ea446581ae8a24c3a8e41.webp\" \/>\n\t<meta property=\"og:image:width\" content=\"750\" \/>\n\t<meta property=\"og:image:height\" content=\"400\" \/>\n\t<meta property=\"og:image:type\" content=\"image\/webp\" \/>\n<meta name=\"author\" content=\"CL\" \/>\n<meta name=\"twitter:card\" content=\"summary_large_image\" \/>\n<meta name=\"twitter:creator\" content=\"@webdo_tn\" \/>\n<meta name=\"twitter:site\" content=\"@webdo_tn\" \/>\n<meta name=\"twitter:label1\" content=\"\u00c9crit par\" \/>\n\t<meta name=\"twitter:data1\" content=\"CL\" \/>\n\t<meta name=\"twitter:label2\" content=\"Dur\u00e9e de lecture estim\u00e9e\" \/>\n\t<meta name=\"twitter:data2\" content=\"1 minute\" \/>\n<script type=\"application\/ld+json\" class=\"yoast-schema-graph\">{\"@context\":\"https:\\\/\\\/schema.org\",\"@graph\":[{\"@type\":\"NewsArticle\",\"@id\":\"https:\\\/\\\/www.webdo.tn\\\/fr\\\/actualite\\\/national\\\/tunisie-fabrication-de-cables-un-geant-sud-coreen-prevoit-6000-emplois-d-ici-2026\\\/216962\\\/#article\",\"isPartOf\":{\"@id\":\"https:\\\/\\\/www.webdo.tn\\\/fr\\\/actualite\\\/national\\\/tunisie-fabrication-de-cables-un-geant-sud-coreen-prevoit-6000-emplois-d-ici-2026\\\/216962\\\/\"},\"author\":{\"name\":\"CL\",\"@id\":\"https:\\\/\\\/www.webdo.tn\\\/fr\\\/#\\\/schema\\\/person\\\/f35b42a42c5e2511bbd282959d6385cc\"},\"headline\":\"Tunisie &#8211; Fabrication de c\u00e2bles : Un g\u00e9ant sud-cor\u00e9en pr\u00e9voit 6000 emplois d&rsquo;ici 2026\",\"datePublished\":\"2024-10-13T10:33:00+00:00\",\"dateModified\":\"2025-05-20T22:34:40+00:00\",\"mainEntityOfPage\":{\"@id\":\"https:\\\/\\\/www.webdo.tn\\\/fr\\\/actualite\\\/national\\\/tunisie-fabrication-de-cables-un-geant-sud-coreen-prevoit-6000-emplois-d-ici-2026\\\/216962\\\/\"},\"wordCount\":185,\"commentCount\":0,\"publisher\":{\"@id\":\"https:\\\/\\\/www.webdo.tn\\\/fr\\\/#organization\"},\"image\":{\"@id\":\"https:\\\/\\\/www.webdo.tn\\\/fr\\\/actualite\\\/national\\\/tunisie-fabrication-de-cables-un-geant-sud-coreen-prevoit-6000-emplois-d-ici-2026\\\/216962\\\/#primaryimage\"},\"thumbnailUrl\":\"https:\\\/\\\/www.webdo.tn\\\/fr\\\/wp-content\\\/uploads\\\/2024\\\/10\\\/fb495d3c4b9ea446581ae8a24c3a8e41.webp\",\"keywords\":[\"c\u00e2bles\",\"industrie\",\"Tunisie\"],\"articleSection\":[\"National\"],\"inLanguage\":\"fr-FR\"},{\"@type\":\"WebPage\",\"@id\":\"https:\\\/\\\/www.webdo.tn\\\/fr\\\/actualite\\\/national\\\/tunisie-fabrication-de-cables-un-geant-sud-coreen-prevoit-6000-emplois-d-ici-2026\\\/216962\\\/\",\"url\":\"https:\\\/\\\/www.webdo.tn\\\/fr\\\/actualite\\\/national\\\/tunisie-fabrication-de-cables-un-geant-sud-coreen-prevoit-6000-emplois-d-ici-2026\\\/216962\\\/\",\"name\":\"Tunisie - Fabrication de c\u00e2bles : Un g\u00e9ant sud-cor\u00e9en pr\u00e9voit 6000 emplois d'ici 2026\",\"isPartOf\":{\"@id\":\"https:\\\/\\\/www.webdo.tn\\\/fr\\\/#website\"},\"primaryImageOfPage\":{\"@id\":\"https:\\\/\\\/www.webdo.tn\\\/fr\\\/actualite\\\/national\\\/tunisie-fabrication-de-cables-un-geant-sud-coreen-prevoit-6000-emplois-d-ici-2026\\\/216962\\\/#primaryimage\"},\"image\":{\"@id\":\"https:\\\/\\\/www.webdo.tn\\\/fr\\\/actualite\\\/national\\\/tunisie-fabrication-de-cables-un-geant-sud-coreen-prevoit-6000-emplois-d-ici-2026\\\/216962\\\/#primaryimage\"},\"thumbnailUrl\":\"https:\\\/\\\/www.webdo.tn\\\/fr\\\/wp-content\\\/uploads\\\/2024\\\/10\\\/fb495d3c4b9ea446581ae8a24c3a8e41.webp\",\"datePublished\":\"2024-10-13T10:33:00+00:00\",\"dateModified\":\"2025-05-20T22:34:40+00:00\",\"description\":\"Implant\u00e9e depuis 2007 sur un site de plus de 3 hectares dans la zone industrielle de Kairouan 2, 'Yura' emploie d\u00e9j\u00e0 plus de 2000 personnes. Gr\u00e2ce \u00e0 ses trois u...\",\"breadcrumb\":{\"@id\":\"https:\\\/\\\/www.webdo.tn\\\/fr\\\/actualite\\\/national\\\/tunisie-fabrication-de-cables-un-geant-sud-coreen-prevoit-6000-emplois-d-ici-2026\\\/216962\\\/#breadcrumb\"},\"inLanguage\":\"fr-FR\",\"potentialAction\":[{\"@type\":\"ReadAction\",\"target\":[\"https:\\\/\\\/www.webdo.tn\\\/fr\\\/actualite\\\/national\\\/tunisie-fabrication-de-cables-un-geant-sud-coreen-prevoit-6000-emplois-d-ici-2026\\\/216962\\\/\"]}]},{\"@type\":\"ImageObject\",\"inLanguage\":\"fr-FR\",\"@id\":\"https:\\\/\\\/www.webdo.tn\\\/fr\\\/actualite\\\/national\\\/tunisie-fabrication-de-cables-un-geant-sud-coreen-prevoit-6000-emplois-d-ici-2026\\\/216962\\\/#primaryimage\",\"url\":\"https:\\\/\\\/www.webdo.tn\\\/fr\\\/wp-content\\\/uploads\\\/2024\\\/10\\\/fb495d3c4b9ea446581ae8a24c3a8e41.webp\",\"contentUrl\":\"https:\\\/\\\/www.webdo.tn\\\/fr\\\/wp-content\\\/uploads\\\/2024\\\/10\\\/fb495d3c4b9ea446581ae8a24c3a8e41.webp\",\"width\":750,\"height\":400,\"caption\":\"Tunisie - Fabrication de c\u00e2bles : Un g\u00e9ant sud-cor\u00e9en pr\u00e9voit 6000 emplois d'ici 2026\"},{\"@type\":\"BreadcrumbList\",\"@id\":\"https:\\\/\\\/www.webdo.tn\\\/fr\\\/actualite\\\/national\\\/tunisie-fabrication-de-cables-un-geant-sud-coreen-prevoit-6000-emplois-d-ici-2026\\\/216962\\\/#breadcrumb\",\"itemListElement\":[{\"@type\":\"ListItem\",\"position\":1,\"name\":\"Accueil\",\"item\":\"https:\\\/\\\/www.webdo.tn\\\/fr\\\/\"},{\"@type\":\"ListItem\",\"position\":2,\"name\":\"Tunisie &#8211; Fabrication de c\u00e2bles : Un g\u00e9ant sud-cor\u00e9en pr\u00e9voit 6000 emplois d&#8217;ici 2026\"}]},{\"@type\":\"WebSite\",\"@id\":\"https:\\\/\\\/www.webdo.tn\\\/fr\\\/#website\",\"url\":\"https:\\\/\\\/www.webdo.tn\\\/fr\\\/\",\"name\":\"webdo\",\"description\":\"Tunisie - News en Tunisie et \u00e0 l&#039;international sur Webdo.tn\",\"publisher\":{\"@id\":\"https:\\\/\\\/www.webdo.tn\\\/fr\\\/#organization\"},\"potentialAction\":[{\"@type\":\"SearchAction\",\"target\":{\"@type\":\"EntryPoint\",\"urlTemplate\":\"https:\\\/\\\/www.webdo.tn\\\/fr\\\/?s={search_term_string}\"},\"query-input\":{\"@type\":\"PropertyValueSpecification\",\"valueRequired\":true,\"valueName\":\"search_term_string\"}}],\"inLanguage\":\"fr-FR\"},{\"@type\":\"Organization\",\"@id\":\"https:\\\/\\\/www.webdo.tn\\\/fr\\\/#organization\",\"name\":\"Webdo\",\"alternateName\":\"Webdo.tn\",\"url\":\"https:\\\/\\\/www.webdo.tn\\\/fr\\\/\",\"logo\":{\"@type\":\"ImageObject\",\"inLanguage\":\"fr-FR\",\"@id\":\"https:\\\/\\\/www.webdo.tn\\\/fr\\\/#\\\/schema\\\/logo\\\/image\\\/\",\"url\":\"https:\\\/\\\/www.webdo.tn\\\/fr\\\/wp-content\\\/uploads\\\/2025\\\/06\\\/Webdo-Tunisie_168377.jpg\",\"contentUrl\":\"https:\\\/\\\/www.webdo.tn\\\/fr\\\/wp-content\\\/uploads\\\/2025\\\/06\\\/Webdo-Tunisie_168377.jpg\",\"width\":301,\"height\":301,\"caption\":\"Webdo\"},\"image\":{\"@id\":\"https:\\\/\\\/www.webdo.tn\\\/fr\\\/#\\\/schema\\\/logo\\\/image\\\/\"},\"sameAs\":[\"https:\\\/\\\/www.facebook.com\\\/webdotn\",\"https:\\\/\\\/x.com\\\/webdo_tn\"],\"description\":\"Webdo est un m\u00e9dia num\u00e9rique tunisien fond\u00e9 en 2010, sp\u00e9cialis\u00e9 dans l\u2019actualit\u00e9 nationale et internationale, l\u2019\u00e9conomie, la soci\u00e9t\u00e9 et les analyses politiques. Le site s\u2019adresse \u00e0 un large public francophone et couvre l\u2019information tunisienne en temps r\u00e9el.\",\"email\":\"redac@webdo.tn\",\"legalName\":\"YNJ SARL\",\"foundingDate\":\"2010-09-06\",\"numberOfEmployees\":{\"@type\":\"QuantitativeValue\",\"minValue\":\"11\",\"maxValue\":\"50\"}},{\"@type\":\"Person\",\"@id\":\"https:\\\/\\\/www.webdo.tn\\\/fr\\\/#\\\/schema\\\/person\\\/f35b42a42c5e2511bbd282959d6385cc\",\"name\":\"CL\",\"image\":{\"@type\":\"ImageObject\",\"inLanguage\":\"fr-FR\",\"@id\":\"https:\\\/\\\/secure.gravatar.com\\\/avatar\\\/1447a49909b67aa657c488aec6512e1dd6143a480c1ecfee9b5b5cd74eb3b59e?s=96&d=mm&r=g\",\"url\":\"https:\\\/\\\/secure.gravatar.com\\\/avatar\\\/1447a49909b67aa657c488aec6512e1dd6143a480c1ecfee9b5b5cd74eb3b59e?s=96&d=mm&r=g\",\"contentUrl\":\"https:\\\/\\\/secure.gravatar.com\\\/avatar\\\/1447a49909b67aa657c488aec6512e1dd6143a480c1ecfee9b5b5cd74eb3b59e?s=96&d=mm&r=g\",\"caption\":\"CL\"},\"url\":\"https:\\\/\\\/www.webdo.tn\\\/fr\\\/actualite\\\/author\\\/cl\\\/\"}]}<\/script>\n<!-- \/ Yoast SEO Premium plugin. -->","yoast_head_json":{"title":"Tunisie - Fabrication de c\u00e2bles : Un g\u00e9ant sud-cor\u00e9en pr\u00e9voit 6000 emplois d'ici 2026","description":"Implant\u00e9e depuis 2007 sur un site de plus de 3 hectares dans la zone industrielle de Kairouan 2, 'Yura' emploie d\u00e9j\u00e0 plus de 2000 personnes. Gr\u00e2ce \u00e0 ses trois u...","canonical":"https:\/\/www.webdo.tn\/fr\/actualite\/national\/tunisie-fabrication-de-cables-un-geant-sud-coreen-prevoit-6000-emplois-d-ici-2026\/216962\/","og_locale":"fr_FR","og_type":"article","og_title":"Tunisie - Fabrication de c\u00e2bles : Un g\u00e9ant sud-cor\u00e9en pr\u00e9voit 6000 emplois d'ici 2026","og_description":"Implant\u00e9e depuis 2007 sur un site de plus de 3 hectares dans la zone industrielle de Kairouan 2, 'Yura' emploie d\u00e9j\u00e0 plus de 2000 personnes. Gr\u00e2ce \u00e0 ses trois u...","og_url":"https:\/\/www.webdo.tn\/fr\/actualite\/national\/tunisie-fabrication-de-cables-un-geant-sud-coreen-prevoit-6000-emplois-d-ici-2026\/216962\/","og_site_name":"webdo","article_publisher":"https:\/\/www.facebook.com\/webdotn","article_published_time":"2024-10-13T10:33:00+00:00","article_modified_time":"2025-05-20T22:34:40+00:00","og_image":[{"width":750,"height":400,"url":"https:\/\/www.webdo.tn\/fr\/wp-content\/uploads\/2024\/10\/fb495d3c4b9ea446581ae8a24c3a8e41.webp","type":"image\/webp"}],"author":"CL","twitter_card":"summary_large_image","twitter_creator":"@webdo_tn","twitter_site":"@webdo_tn","twitter_misc":{"\u00c9crit par":"CL","Dur\u00e9e de lecture estim\u00e9e":"1 minute"},"schema":{"@context":"https:\/\/schema.org","@graph":[{"@type":"NewsArticle","@id":"https:\/\/www.webdo.tn\/fr\/actualite\/national\/tunisie-fabrication-de-cables-un-geant-sud-coreen-prevoit-6000-emplois-d-ici-2026\/216962\/#article","isPartOf":{"@id":"https:\/\/www.webdo.tn\/fr\/actualite\/national\/tunisie-fabrication-de-cables-un-geant-sud-coreen-prevoit-6000-emplois-d-ici-2026\/216962\/"},"author":{"name":"CL","@id":"https:\/\/www.webdo.tn\/fr\/#\/schema\/person\/f35b42a42c5e2511bbd282959d6385cc"},"headline":"Tunisie &#8211; Fabrication de c\u00e2bles : Un g\u00e9ant sud-cor\u00e9en pr\u00e9voit 6000 emplois d&rsquo;ici 2026","datePublished":"2024-10-13T10:33:00+00:00","dateModified":"2025-05-20T22:34:40+00:00","mainEntityOfPage":{"@id":"https:\/\/www.webdo.tn\/fr\/actualite\/national\/tunisie-fabrication-de-cables-un-geant-sud-coreen-prevoit-6000-emplois-d-ici-2026\/216962\/"},"wordCount":185,"commentCount":0,"publisher":{"@id":"https:\/\/www.webdo.tn\/fr\/#organization"},"image":{"@id":"https:\/\/www.webdo.tn\/fr\/actualite\/national\/tunisie-fabrication-de-cables-un-geant-sud-coreen-prevoit-6000-emplois-d-ici-2026\/216962\/#primaryimage"},"thumbnailUrl":"https:\/\/www.webdo.tn\/fr\/wp-content\/uploads\/2024\/10\/fb495d3c4b9ea446581ae8a24c3a8e41.webp","keywords":["c\u00e2bles","industrie","Tunisie"],"articleSection":["National"],"inLanguage":"fr-FR"},{"@type":"WebPage","@id":"https:\/\/www.webdo.tn\/fr\/actualite\/national\/tunisie-fabrication-de-cables-un-geant-sud-coreen-prevoit-6000-emplois-d-ici-2026\/216962\/","url":"https:\/\/www.webdo.tn\/fr\/actualite\/national\/tunisie-fabrication-de-cables-un-geant-sud-coreen-prevoit-6000-emplois-d-ici-2026\/216962\/","name":"Tunisie - Fabrication de c\u00e2bles : Un g\u00e9ant sud-cor\u00e9en pr\u00e9voit 6000 emplois d'ici 2026","isPartOf":{"@id":"https:\/\/www.webdo.tn\/fr\/#website"},"primaryImageOfPage":{"@id":"https:\/\/www.webdo.tn\/fr\/actualite\/national\/tunisie-fabrication-de-cables-un-geant-sud-coreen-prevoit-6000-emplois-d-ici-2026\/216962\/#primaryimage"},"image":{"@id":"https:\/\/www.webdo.tn\/fr\/actualite\/national\/tunisie-fabrication-de-cables-un-geant-sud-coreen-prevoit-6000-emplois-d-ici-2026\/216962\/#primaryimage"},"thumbnailUrl":"https:\/\/www.webdo.tn\/fr\/wp-content\/uploads\/2024\/10\/fb495d3c4b9ea446581ae8a24c3a8e41.webp","datePublished":"2024-10-13T10:33:00+00:00","dateModified":"2025-05-20T22:34:40+00:00","description":"Implant\u00e9e depuis 2007 sur un site de plus de 3 hectares dans la zone industrielle de Kairouan 2, 'Yura' emploie d\u00e9j\u00e0 plus de 2000 personnes. Gr\u00e2ce \u00e0 ses trois u...","breadcrumb":{"@id":"https:\/\/www.webdo.tn\/fr\/actualite\/national\/tunisie-fabrication-de-cables-un-geant-sud-coreen-prevoit-6000-emplois-d-ici-2026\/216962\/#breadcrumb"},"inLanguage":"fr-FR","potentialAction":[{"@type":"ReadAction","target":["https:\/\/www.webdo.tn\/fr\/actualite\/national\/tunisie-fabrication-de-cables-un-geant-sud-coreen-prevoit-6000-emplois-d-ici-2026\/216962\/"]}]},{"@type":"ImageObject","inLanguage":"fr-FR","@id":"https:\/\/www.webdo.tn\/fr\/actualite\/national\/tunisie-fabrication-de-cables-un-geant-sud-coreen-prevoit-6000-emplois-d-ici-2026\/216962\/#primaryimage","url":"https:\/\/www.webdo.tn\/fr\/wp-content\/uploads\/2024\/10\/fb495d3c4b9ea446581ae8a24c3a8e41.webp","contentUrl":"https:\/\/www.webdo.tn\/fr\/wp-content\/uploads\/2024\/10\/fb495d3c4b9ea446581ae8a24c3a8e41.webp","width":750,"height":400,"caption":"Tunisie - Fabrication de c\u00e2bles : Un g\u00e9ant sud-cor\u00e9en pr\u00e9voit 6000 emplois d'ici 2026"},{"@type":"BreadcrumbList","@id":"https:\/\/www.webdo.tn\/fr\/actualite\/national\/tunisie-fabrication-de-cables-un-geant-sud-coreen-prevoit-6000-emplois-d-ici-2026\/216962\/#breadcrumb","itemListElement":[{"@type":"ListItem","position":1,"name":"Accueil","item":"https:\/\/www.webdo.tn\/fr\/"},{"@type":"ListItem","position":2,"name":"Tunisie &#8211; Fabrication de c\u00e2bles : Un g\u00e9ant sud-cor\u00e9en pr\u00e9voit 6000 emplois d&#8217;ici 2026"}]},{"@type":"WebSite","@id":"https:\/\/www.webdo.tn\/fr\/#website","url":"https:\/\/www.webdo.tn\/fr\/","name":"webdo","description":"Tunisie - News en Tunisie et \u00e0 l&#039;international sur Webdo.tn","publisher":{"@id":"https:\/\/www.webdo.tn\/fr\/#organization"},"potentialAction":[{"@type":"SearchAction","target":{"@type":"EntryPoint","urlTemplate":"https:\/\/www.webdo.tn\/fr\/?s={search_term_string}"},"query-input":{"@type":"PropertyValueSpecification","valueRequired":true,"valueName":"search_term_string"}}],"inLanguage":"fr-FR"},{"@type":"Organization","@id":"https:\/\/www.webdo.tn\/fr\/#organization","name":"Webdo","alternateName":"Webdo.tn","url":"https:\/\/www.webdo.tn\/fr\/","logo":{"@type":"ImageObject","inLanguage":"fr-FR","@id":"https:\/\/www.webdo.tn\/fr\/#\/schema\/logo\/image\/","url":"https:\/\/www.webdo.tn\/fr\/wp-content\/uploads\/2025\/06\/Webdo-Tunisie_168377.jpg","contentUrl":"https:\/\/www.webdo.tn\/fr\/wp-content\/uploads\/2025\/06\/Webdo-Tunisie_168377.jpg","width":301,"height":301,"caption":"Webdo"},"image":{"@id":"https:\/\/www.webdo.tn\/fr\/#\/schema\/logo\/image\/"},"sameAs":["https:\/\/www.facebook.com\/webdotn","https:\/\/x.com\/webdo_tn"],"description":"Webdo est un m\u00e9dia num\u00e9rique tunisien fond\u00e9 en 2010, sp\u00e9cialis\u00e9 dans l\u2019actualit\u00e9 nationale et internationale, l\u2019\u00e9conomie, la soci\u00e9t\u00e9 et les analyses politiques. Le site s\u2019adresse \u00e0 un large public francophone et couvre l\u2019information tunisienne en temps r\u00e9el.","email":"redac@webdo.tn","legalName":"YNJ SARL","foundingDate":"2010-09-06","numberOfEmployees":{"@type":"QuantitativeValue","minValue":"11","maxValue":"50"}},{"@type":"Person","@id":"https:\/\/www.webdo.tn\/fr\/#\/schema\/person\/f35b42a42c5e2511bbd282959d6385cc","name":"CL","image":{"@type":"ImageObject","inLanguage":"fr-FR","@id":"https:\/\/secure.gravatar.com\/avatar\/1447a49909b67aa657c488aec6512e1dd6143a480c1ecfee9b5b5cd74eb3b59e?s=96&d=mm&r=g","url":"https:\/\/secure.gravatar.com\/avatar\/1447a49909b67aa657c488aec6512e1dd6143a480c1ecfee9b5b5cd74eb3b59e?s=96&d=mm&r=g","contentUrl":"https:\/\/secure.gravatar.com\/avatar\/1447a49909b67aa657c488aec6512e1dd6143a480c1ecfee9b5b5cd74eb3b59e?s=96&d=mm&r=g","caption":"CL"},"url":"https:\/\/www.webdo.tn\/fr\/actualite\/author\/cl\/"}]}},"_links":{"self":[{"href":"https:\/\/www.webdo.tn\/fr\/wp-json\/wp\/v2\/posts\/216962","targetHints":{"allow":["GET"]}}],"collection":[{"href":"https:\/\/www.webdo.tn\/fr\/wp-json\/wp\/v2\/posts"}],"about":[{"href":"https:\/\/www.webdo.tn\/fr\/wp-json\/wp\/v2\/types\/post"}],"author":[{"embeddable":true,"href":"https:\/\/www.webdo.tn\/fr\/wp-json\/wp\/v2\/users\/3175"}],"replies":[{"embeddable":true,"href":"https:\/\/www.webdo.tn\/fr\/wp-json\/wp\/v2\/comments?post=216962"}],"version-history":[{"count":0,"href":"https:\/\/www.webdo.tn\/fr\/wp-json\/wp\/v2\/posts\/216962\/revisions"}],"wp:featuredmedia":[{"embeddable":true,"href":"https:\/\/www.webdo.tn\/fr\/wp-json\/wp\/v2\/media\/246342"}],"wp:attachment":[{"href":"https:\/\/www.webdo.tn\/fr\/wp-json\/wp\/v2\/media?parent=216962"}],"wp:term":[{"taxonomy":"category","embeddable":true,"href":"https:\/\/www.webdo.tn\/fr\/wp-json\/wp\/v2\/categories?post=216962"},{"taxonomy":"post_tag","embeddable":true,"href":"https:\/\/www.webdo.tn\/fr\/wp-json\/wp\/v2\/tags?post=216962"}],"curies":[{"name":"wp","href":"https:\/\/api.w.org\/{rel}","templated":true}]}}