{"id":216957,"date":"2024-10-12T10:43:00","date_gmt":"2024-10-12T10:43:00","guid":{"rendered":"https:\/\/www.webdo.tn\/fr\/blog\/journee-mondiale-de-l-hispanite-hablamos-espanol\/216957\/"},"modified":"2025-05-17T20:22:23","modified_gmt":"2025-05-17T20:22:23","slug":"journee-mondiale-de-l-hispanite-hablamos-espanol","status":"publish","type":"post","link":"https:\/\/www.webdo.tn\/fr\/actualite\/divers\/journee-mondiale-de-l-hispanite-hablamos-espanol\/216957\/","title":{"rendered":"Journ\u00e9e mondiale de l&rsquo;hispanit\u00e9 : Hablamos Espa\u00f1ol !"},"content":{"rendered":"<p>Comme chaque ann\u00e9e, le 12 octobre est l&rsquo;occasion de c\u00e9l\u00e9brer l&rsquo;hispanit\u00e9 et la langue de Cervant\u00e8s.<\/p>\n<p>\t\t\t\t\t\t\t\t\tLes nombreux locuteurs tunisiens de langue espagnole ainsi que les amateurs de la culture ib\u00e9rique sont aujourd&rsquo;hui \u00e0 la f\u00eate.<\/p>\n<p>En effet, le 12 octobre est une journ\u00e9e consacr\u00e9e \u00e0 l&rsquo;hispanit\u00e9. C\u00e9l\u00e9br\u00e9e dans le monde, cette journ\u00e9e rev\u00eat un lustre particulier dans les pays d&rsquo;Am\u00e9rique latine ayant en commun l&rsquo;usage de la langue espagnole, une langue parl\u00e9e sur tous les continents.<\/p>\n","protected":false},"excerpt":{"rendered":"<p>Le 12 octobre est une journ\u00e9e consacr\u00e9e \u00e0 l&rsquo;hispanit\u00e9. C\u00e9l\u00e9br\u00e9e dans le monde, cette journ\u00e9e rev\u00eat un lustre particulier dans les pays d&rsquo;Am\u00e9rique latine ayant e&#8230;<\/p>\n","protected":false},"author":3229,"featured_media":246338,"comment_status":"open","ping_status":"closed","sticky":false,"template":"","format":"standard","meta":{"footnotes":""},"categories":[2839],"tags":[4477,5427,5426],"class_list":["post-216957","post","type-post","status-publish","format-standard","has-post-thumbnail","hentry","category-divers","tag-celebration","tag-hispanique","tag-langue-espagnole"],"yoast_head":"<!-- This site is optimized with the Yoast SEO Premium plugin v27.5 (Yoast SEO v27.5) - https:\/\/yoast.com\/product\/yoast-seo-premium-wordpress\/ -->\n<title>Journ\u00e9e mondiale de l&#039;hispanit\u00e9 : Hablamos Espa\u00f1ol !<\/title>\n<meta name=\"description\" content=\"Le 12 octobre est une journ\u00e9e consacr\u00e9e \u00e0 l&#039;hispanit\u00e9. C\u00e9l\u00e9br\u00e9e dans le monde, cette journ\u00e9e rev\u00eat un lustre particulier dans les pays d&#039;Am\u00e9rique latine ayant e...\" \/>\n<link rel=\"canonical\" href=\"https:\/\/www.webdo.tn\/fr\/actualite\/divers\/journee-mondiale-de-l-hispanite-hablamos-espanol\/216957\/\" \/>\n<meta property=\"og:locale\" content=\"fr_FR\" \/>\n<meta property=\"og:type\" content=\"article\" \/>\n<meta property=\"og:title\" content=\"Journ\u00e9e mondiale de l&#039;hispanit\u00e9 : Hablamos Espa\u00f1ol !\" \/>\n<meta property=\"og:description\" content=\"Le 12 octobre est une journ\u00e9e consacr\u00e9e \u00e0 l&#039;hispanit\u00e9. C\u00e9l\u00e9br\u00e9e dans le monde, cette journ\u00e9e rev\u00eat un lustre particulier dans les pays d&#039;Am\u00e9rique latine ayant e...\" \/>\n<meta property=\"og:url\" content=\"https:\/\/www.webdo.tn\/fr\/actualite\/divers\/journee-mondiale-de-l-hispanite-hablamos-espanol\/216957\/\" \/>\n<meta property=\"og:site_name\" content=\"webdo\" \/>\n<meta property=\"article:publisher\" content=\"https:\/\/www.facebook.com\/webdotn\" \/>\n<meta property=\"article:author\" content=\"https:\/\/www.facebook.com\/hatem.bourial.2025\" \/>\n<meta property=\"article:published_time\" content=\"2024-10-12T10:43:00+00:00\" \/>\n<meta property=\"article:modified_time\" content=\"2025-05-17T20:22:23+00:00\" \/>\n<meta property=\"og:image\" content=\"https:\/\/www.webdo.tn\/fr\/wp-content\/uploads\/2024\/10\/6b7a9cd94287b7dc83eb0829f4547ede.webp\" \/>\n\t<meta property=\"og:image:width\" content=\"750\" \/>\n\t<meta property=\"og:image:height\" content=\"400\" \/>\n\t<meta property=\"og:image:type\" content=\"image\/webp\" \/>\n<meta name=\"author\" content=\"Hatem Bourial\" \/>\n<meta name=\"twitter:card\" content=\"summary_large_image\" \/>\n<meta name=\"twitter:creator\" content=\"@webdo_tn\" \/>\n<meta name=\"twitter:site\" content=\"@webdo_tn\" \/>\n<meta name=\"twitter:label1\" content=\"\u00c9crit par\" \/>\n\t<meta name=\"twitter:data1\" content=\"Hatem Bourial\" \/>\n<script type=\"application\/ld+json\" class=\"yoast-schema-graph\">{\"@context\":\"https:\\\/\\\/schema.org\",\"@graph\":[{\"@type\":\"NewsArticle\",\"@id\":\"https:\\\/\\\/www.webdo.tn\\\/fr\\\/actualite\\\/divers\\\/journee-mondiale-de-l-hispanite-hablamos-espanol\\\/216957\\\/#article\",\"isPartOf\":{\"@id\":\"https:\\\/\\\/www.webdo.tn\\\/fr\\\/actualite\\\/divers\\\/journee-mondiale-de-l-hispanite-hablamos-espanol\\\/216957\\\/\"},\"author\":{\"name\":\"Hatem Bourial\",\"@id\":\"https:\\\/\\\/www.webdo.tn\\\/fr\\\/#\\\/schema\\\/person\\\/6bc0beba2cd23aec27cb5df85ca2554f\"},\"headline\":\"Journ\u00e9e mondiale de l&rsquo;hispanit\u00e9 : Hablamos Espa\u00f1ol !\",\"datePublished\":\"2024-10-12T10:43:00+00:00\",\"dateModified\":\"2025-05-17T20:22:23+00:00\",\"mainEntityOfPage\":{\"@id\":\"https:\\\/\\\/www.webdo.tn\\\/fr\\\/actualite\\\/divers\\\/journee-mondiale-de-l-hispanite-hablamos-espanol\\\/216957\\\/\"},\"wordCount\":103,\"commentCount\":0,\"publisher\":{\"@id\":\"https:\\\/\\\/www.webdo.tn\\\/fr\\\/#organization\"},\"image\":{\"@id\":\"https:\\\/\\\/www.webdo.tn\\\/fr\\\/actualite\\\/divers\\\/journee-mondiale-de-l-hispanite-hablamos-espanol\\\/216957\\\/#primaryimage\"},\"thumbnailUrl\":\"https:\\\/\\\/www.webdo.tn\\\/fr\\\/wp-content\\\/uploads\\\/2024\\\/10\\\/6b7a9cd94287b7dc83eb0829f4547ede.webp\",\"keywords\":[\"c\u00e9l\u00e9bration\",\"hispanique\",\"langue espagnole\"],\"articleSection\":[\"Divers\"],\"inLanguage\":\"fr-FR\"},{\"@type\":\"WebPage\",\"@id\":\"https:\\\/\\\/www.webdo.tn\\\/fr\\\/actualite\\\/divers\\\/journee-mondiale-de-l-hispanite-hablamos-espanol\\\/216957\\\/\",\"url\":\"https:\\\/\\\/www.webdo.tn\\\/fr\\\/actualite\\\/divers\\\/journee-mondiale-de-l-hispanite-hablamos-espanol\\\/216957\\\/\",\"name\":\"Journ\u00e9e mondiale de l'hispanit\u00e9 : Hablamos Espa\u00f1ol !\",\"isPartOf\":{\"@id\":\"https:\\\/\\\/www.webdo.tn\\\/fr\\\/#website\"},\"primaryImageOfPage\":{\"@id\":\"https:\\\/\\\/www.webdo.tn\\\/fr\\\/actualite\\\/divers\\\/journee-mondiale-de-l-hispanite-hablamos-espanol\\\/216957\\\/#primaryimage\"},\"image\":{\"@id\":\"https:\\\/\\\/www.webdo.tn\\\/fr\\\/actualite\\\/divers\\\/journee-mondiale-de-l-hispanite-hablamos-espanol\\\/216957\\\/#primaryimage\"},\"thumbnailUrl\":\"https:\\\/\\\/www.webdo.tn\\\/fr\\\/wp-content\\\/uploads\\\/2024\\\/10\\\/6b7a9cd94287b7dc83eb0829f4547ede.webp\",\"datePublished\":\"2024-10-12T10:43:00+00:00\",\"dateModified\":\"2025-05-17T20:22:23+00:00\",\"description\":\"Le 12 octobre est une journ\u00e9e consacr\u00e9e \u00e0 l'hispanit\u00e9. C\u00e9l\u00e9br\u00e9e dans le monde, cette journ\u00e9e rev\u00eat un lustre particulier dans les pays d'Am\u00e9rique latine ayant e...\",\"breadcrumb\":{\"@id\":\"https:\\\/\\\/www.webdo.tn\\\/fr\\\/actualite\\\/divers\\\/journee-mondiale-de-l-hispanite-hablamos-espanol\\\/216957\\\/#breadcrumb\"},\"inLanguage\":\"fr-FR\",\"potentialAction\":[{\"@type\":\"ReadAction\",\"target\":[\"https:\\\/\\\/www.webdo.tn\\\/fr\\\/actualite\\\/divers\\\/journee-mondiale-de-l-hispanite-hablamos-espanol\\\/216957\\\/\"]}]},{\"@type\":\"ImageObject\",\"inLanguage\":\"fr-FR\",\"@id\":\"https:\\\/\\\/www.webdo.tn\\\/fr\\\/actualite\\\/divers\\\/journee-mondiale-de-l-hispanite-hablamos-espanol\\\/216957\\\/#primaryimage\",\"url\":\"https:\\\/\\\/www.webdo.tn\\\/fr\\\/wp-content\\\/uploads\\\/2024\\\/10\\\/6b7a9cd94287b7dc83eb0829f4547ede.webp\",\"contentUrl\":\"https:\\\/\\\/www.webdo.tn\\\/fr\\\/wp-content\\\/uploads\\\/2024\\\/10\\\/6b7a9cd94287b7dc83eb0829f4547ede.webp\",\"width\":750,\"height\":400,\"caption\":\"Journ\u00e9e mondiale de l'hispanit\u00e9 : Hablamos Espa\u00f1ol !\"},{\"@type\":\"BreadcrumbList\",\"@id\":\"https:\\\/\\\/www.webdo.tn\\\/fr\\\/actualite\\\/divers\\\/journee-mondiale-de-l-hispanite-hablamos-espanol\\\/216957\\\/#breadcrumb\",\"itemListElement\":[{\"@type\":\"ListItem\",\"position\":1,\"name\":\"Accueil\",\"item\":\"https:\\\/\\\/www.webdo.tn\\\/fr\\\/\"},{\"@type\":\"ListItem\",\"position\":2,\"name\":\"Journ\u00e9e mondiale de l&rsquo;hispanit\u00e9 : Hablamos Espa\u00f1ol !\"}]},{\"@type\":\"WebSite\",\"@id\":\"https:\\\/\\\/www.webdo.tn\\\/fr\\\/#website\",\"url\":\"https:\\\/\\\/www.webdo.tn\\\/fr\\\/\",\"name\":\"webdo\",\"description\":\"Tunisie - News en Tunisie et \u00e0 l&#039;international sur Webdo.tn\",\"publisher\":{\"@id\":\"https:\\\/\\\/www.webdo.tn\\\/fr\\\/#organization\"},\"potentialAction\":[{\"@type\":\"SearchAction\",\"target\":{\"@type\":\"EntryPoint\",\"urlTemplate\":\"https:\\\/\\\/www.webdo.tn\\\/fr\\\/?s={search_term_string}\"},\"query-input\":{\"@type\":\"PropertyValueSpecification\",\"valueRequired\":true,\"valueName\":\"search_term_string\"}}],\"inLanguage\":\"fr-FR\"},{\"@type\":\"Organization\",\"@id\":\"https:\\\/\\\/www.webdo.tn\\\/fr\\\/#organization\",\"name\":\"Webdo\",\"alternateName\":\"Webdo.tn\",\"url\":\"https:\\\/\\\/www.webdo.tn\\\/fr\\\/\",\"logo\":{\"@type\":\"ImageObject\",\"inLanguage\":\"fr-FR\",\"@id\":\"https:\\\/\\\/www.webdo.tn\\\/fr\\\/#\\\/schema\\\/logo\\\/image\\\/\",\"url\":\"https:\\\/\\\/www.webdo.tn\\\/fr\\\/wp-content\\\/uploads\\\/2025\\\/06\\\/Webdo-Tunisie_168377.jpg\",\"contentUrl\":\"https:\\\/\\\/www.webdo.tn\\\/fr\\\/wp-content\\\/uploads\\\/2025\\\/06\\\/Webdo-Tunisie_168377.jpg\",\"width\":301,\"height\":301,\"caption\":\"Webdo\"},\"image\":{\"@id\":\"https:\\\/\\\/www.webdo.tn\\\/fr\\\/#\\\/schema\\\/logo\\\/image\\\/\"},\"sameAs\":[\"https:\\\/\\\/www.facebook.com\\\/webdotn\",\"https:\\\/\\\/x.com\\\/webdo_tn\"],\"description\":\"Webdo est un m\u00e9dia num\u00e9rique tunisien fond\u00e9 en 2010, sp\u00e9cialis\u00e9 dans l\u2019actualit\u00e9 nationale et internationale, l\u2019\u00e9conomie, la soci\u00e9t\u00e9 et les analyses politiques. Le site s\u2019adresse \u00e0 un large public francophone et couvre l\u2019information tunisienne en temps r\u00e9el.\",\"email\":\"redac@webdo.tn\",\"legalName\":\"YNJ SARL\",\"foundingDate\":\"2010-09-06\",\"numberOfEmployees\":{\"@type\":\"QuantitativeValue\",\"minValue\":\"11\",\"maxValue\":\"50\"}},{\"@type\":\"Person\",\"@id\":\"https:\\\/\\\/www.webdo.tn\\\/fr\\\/#\\\/schema\\\/person\\\/6bc0beba2cd23aec27cb5df85ca2554f\",\"name\":\"Hatem Bourial\",\"image\":{\"@type\":\"ImageObject\",\"inLanguage\":\"fr-FR\",\"@id\":\"https:\\\/\\\/www.webdo.tn\\\/fr\\\/wp-content\\\/uploads\\\/2026\\\/04\\\/hatem-bourial_avatar-96x96.jpg\",\"url\":\"https:\\\/\\\/www.webdo.tn\\\/fr\\\/wp-content\\\/uploads\\\/2026\\\/04\\\/hatem-bourial_avatar-96x96.jpg\",\"contentUrl\":\"https:\\\/\\\/www.webdo.tn\\\/fr\\\/wp-content\\\/uploads\\\/2026\\\/04\\\/hatem-bourial_avatar-96x96.jpg\",\"caption\":\"Hatem Bourial\"},\"description\":\"Hatem Bourial est journaliste, \u00e9crivain et chroniqueur tunisien. Actif depuis plusieurs d\u00e9cennies, il s\u2019est impos\u00e9 comme un observateur attentif de la soci\u00e9t\u00e9 tunisienne, m\u00ealant dans ses \u00e9crits m\u00e9moire, culture et analyse du quotidien. Auteur de nombreux ouvrages, il d\u00e9veloppe une \u0153uvre \u00e0 la crois\u00e9e du r\u00e9cit, de la po\u00e9sie et de l\u2019observation sociologique. Parall\u00e8lement \u00e0 ses contributions dans la presse, il intervient r\u00e9guli\u00e8rement \u00e0 la radio et dans des espaces culturels, o\u00f9 il explore les enjeux li\u00e9s au patrimoine, \u00e0 l\u2019identit\u00e9 et aux transformations du monde contemporain. \u00c0 travers ses chroniques, Hatem Bourial propose une lecture sensible et approfondie de l\u2019actualit\u00e9, nourrie par une exp\u00e9rience journalistique et litt\u00e9raire reconnue. \ud83d\udd17 Facebook : https:\\\/\\\/www.facebook.com\\\/hatem.bourial.2025\",\"sameAs\":[\"https:\\\/\\\/www.facebook.com\\\/hatem.bourial.2025\",\"https:\\\/\\\/fr.wikipedia.org\\\/wiki\\\/Fichier:Hatem_Bourial.jpg\"],\"knowsAbout\":[\"Culture & patrimoine tunisien\",\"Chronique soci\u00e9tale\",\"Litt\u00e9rature & m\u00e9moire\",\"Cin\u00e9ma & critique culturelle\",\"Identit\u00e9 & mutations sociales\"],\"knowsLanguage\":[\"Arabe\",\"Fran\u00e7ais\",\"Anglais\",\"Italien\",\"Polonais\"],\"jobTitle\":\"Journaliste, \u00e9crivain et chroniqueur culturel\",\"worksFor\":\"Webdo\",\"url\":\"https:\\\/\\\/www.webdo.tn\\\/fr\\\/actualite\\\/author\\\/hatem-bourial-2\\\/\"}]}<\/script>\n<!-- \/ Yoast SEO Premium plugin. -->","yoast_head_json":{"title":"Journ\u00e9e mondiale de l'hispanit\u00e9 : Hablamos Espa\u00f1ol !","description":"Le 12 octobre est une journ\u00e9e consacr\u00e9e \u00e0 l'hispanit\u00e9. C\u00e9l\u00e9br\u00e9e dans le monde, cette journ\u00e9e rev\u00eat un lustre particulier dans les pays d'Am\u00e9rique latine ayant e...","canonical":"https:\/\/www.webdo.tn\/fr\/actualite\/divers\/journee-mondiale-de-l-hispanite-hablamos-espanol\/216957\/","og_locale":"fr_FR","og_type":"article","og_title":"Journ\u00e9e mondiale de l'hispanit\u00e9 : Hablamos Espa\u00f1ol !","og_description":"Le 12 octobre est une journ\u00e9e consacr\u00e9e \u00e0 l'hispanit\u00e9. C\u00e9l\u00e9br\u00e9e dans le monde, cette journ\u00e9e rev\u00eat un lustre particulier dans les pays d'Am\u00e9rique latine ayant e...","og_url":"https:\/\/www.webdo.tn\/fr\/actualite\/divers\/journee-mondiale-de-l-hispanite-hablamos-espanol\/216957\/","og_site_name":"webdo","article_publisher":"https:\/\/www.facebook.com\/webdotn","article_author":"https:\/\/www.facebook.com\/hatem.bourial.2025","article_published_time":"2024-10-12T10:43:00+00:00","article_modified_time":"2025-05-17T20:22:23+00:00","og_image":[{"width":750,"height":400,"url":"https:\/\/www.webdo.tn\/fr\/wp-content\/uploads\/2024\/10\/6b7a9cd94287b7dc83eb0829f4547ede.webp","type":"image\/webp"}],"author":"Hatem Bourial","twitter_card":"summary_large_image","twitter_creator":"@webdo_tn","twitter_site":"@webdo_tn","twitter_misc":{"\u00c9crit par":"Hatem Bourial"},"schema":{"@context":"https:\/\/schema.org","@graph":[{"@type":"NewsArticle","@id":"https:\/\/www.webdo.tn\/fr\/actualite\/divers\/journee-mondiale-de-l-hispanite-hablamos-espanol\/216957\/#article","isPartOf":{"@id":"https:\/\/www.webdo.tn\/fr\/actualite\/divers\/journee-mondiale-de-l-hispanite-hablamos-espanol\/216957\/"},"author":{"name":"Hatem Bourial","@id":"https:\/\/www.webdo.tn\/fr\/#\/schema\/person\/6bc0beba2cd23aec27cb5df85ca2554f"},"headline":"Journ\u00e9e mondiale de l&rsquo;hispanit\u00e9 : Hablamos Espa\u00f1ol !","datePublished":"2024-10-12T10:43:00+00:00","dateModified":"2025-05-17T20:22:23+00:00","mainEntityOfPage":{"@id":"https:\/\/www.webdo.tn\/fr\/actualite\/divers\/journee-mondiale-de-l-hispanite-hablamos-espanol\/216957\/"},"wordCount":103,"commentCount":0,"publisher":{"@id":"https:\/\/www.webdo.tn\/fr\/#organization"},"image":{"@id":"https:\/\/www.webdo.tn\/fr\/actualite\/divers\/journee-mondiale-de-l-hispanite-hablamos-espanol\/216957\/#primaryimage"},"thumbnailUrl":"https:\/\/www.webdo.tn\/fr\/wp-content\/uploads\/2024\/10\/6b7a9cd94287b7dc83eb0829f4547ede.webp","keywords":["c\u00e9l\u00e9bration","hispanique","langue espagnole"],"articleSection":["Divers"],"inLanguage":"fr-FR"},{"@type":"WebPage","@id":"https:\/\/www.webdo.tn\/fr\/actualite\/divers\/journee-mondiale-de-l-hispanite-hablamos-espanol\/216957\/","url":"https:\/\/www.webdo.tn\/fr\/actualite\/divers\/journee-mondiale-de-l-hispanite-hablamos-espanol\/216957\/","name":"Journ\u00e9e mondiale de l'hispanit\u00e9 : Hablamos Espa\u00f1ol !","isPartOf":{"@id":"https:\/\/www.webdo.tn\/fr\/#website"},"primaryImageOfPage":{"@id":"https:\/\/www.webdo.tn\/fr\/actualite\/divers\/journee-mondiale-de-l-hispanite-hablamos-espanol\/216957\/#primaryimage"},"image":{"@id":"https:\/\/www.webdo.tn\/fr\/actualite\/divers\/journee-mondiale-de-l-hispanite-hablamos-espanol\/216957\/#primaryimage"},"thumbnailUrl":"https:\/\/www.webdo.tn\/fr\/wp-content\/uploads\/2024\/10\/6b7a9cd94287b7dc83eb0829f4547ede.webp","datePublished":"2024-10-12T10:43:00+00:00","dateModified":"2025-05-17T20:22:23+00:00","description":"Le 12 octobre est une journ\u00e9e consacr\u00e9e \u00e0 l'hispanit\u00e9. C\u00e9l\u00e9br\u00e9e dans le monde, cette journ\u00e9e rev\u00eat un lustre particulier dans les pays d'Am\u00e9rique latine ayant e...","breadcrumb":{"@id":"https:\/\/www.webdo.tn\/fr\/actualite\/divers\/journee-mondiale-de-l-hispanite-hablamos-espanol\/216957\/#breadcrumb"},"inLanguage":"fr-FR","potentialAction":[{"@type":"ReadAction","target":["https:\/\/www.webdo.tn\/fr\/actualite\/divers\/journee-mondiale-de-l-hispanite-hablamos-espanol\/216957\/"]}]},{"@type":"ImageObject","inLanguage":"fr-FR","@id":"https:\/\/www.webdo.tn\/fr\/actualite\/divers\/journee-mondiale-de-l-hispanite-hablamos-espanol\/216957\/#primaryimage","url":"https:\/\/www.webdo.tn\/fr\/wp-content\/uploads\/2024\/10\/6b7a9cd94287b7dc83eb0829f4547ede.webp","contentUrl":"https:\/\/www.webdo.tn\/fr\/wp-content\/uploads\/2024\/10\/6b7a9cd94287b7dc83eb0829f4547ede.webp","width":750,"height":400,"caption":"Journ\u00e9e mondiale de l'hispanit\u00e9 : Hablamos Espa\u00f1ol !"},{"@type":"BreadcrumbList","@id":"https:\/\/www.webdo.tn\/fr\/actualite\/divers\/journee-mondiale-de-l-hispanite-hablamos-espanol\/216957\/#breadcrumb","itemListElement":[{"@type":"ListItem","position":1,"name":"Accueil","item":"https:\/\/www.webdo.tn\/fr\/"},{"@type":"ListItem","position":2,"name":"Journ\u00e9e mondiale de l&rsquo;hispanit\u00e9 : Hablamos Espa\u00f1ol !"}]},{"@type":"WebSite","@id":"https:\/\/www.webdo.tn\/fr\/#website","url":"https:\/\/www.webdo.tn\/fr\/","name":"webdo","description":"Tunisie - News en Tunisie et \u00e0 l&#039;international sur Webdo.tn","publisher":{"@id":"https:\/\/www.webdo.tn\/fr\/#organization"},"potentialAction":[{"@type":"SearchAction","target":{"@type":"EntryPoint","urlTemplate":"https:\/\/www.webdo.tn\/fr\/?s={search_term_string}"},"query-input":{"@type":"PropertyValueSpecification","valueRequired":true,"valueName":"search_term_string"}}],"inLanguage":"fr-FR"},{"@type":"Organization","@id":"https:\/\/www.webdo.tn\/fr\/#organization","name":"Webdo","alternateName":"Webdo.tn","url":"https:\/\/www.webdo.tn\/fr\/","logo":{"@type":"ImageObject","inLanguage":"fr-FR","@id":"https:\/\/www.webdo.tn\/fr\/#\/schema\/logo\/image\/","url":"https:\/\/www.webdo.tn\/fr\/wp-content\/uploads\/2025\/06\/Webdo-Tunisie_168377.jpg","contentUrl":"https:\/\/www.webdo.tn\/fr\/wp-content\/uploads\/2025\/06\/Webdo-Tunisie_168377.jpg","width":301,"height":301,"caption":"Webdo"},"image":{"@id":"https:\/\/www.webdo.tn\/fr\/#\/schema\/logo\/image\/"},"sameAs":["https:\/\/www.facebook.com\/webdotn","https:\/\/x.com\/webdo_tn"],"description":"Webdo est un m\u00e9dia num\u00e9rique tunisien fond\u00e9 en 2010, sp\u00e9cialis\u00e9 dans l\u2019actualit\u00e9 nationale et internationale, l\u2019\u00e9conomie, la soci\u00e9t\u00e9 et les analyses politiques. Le site s\u2019adresse \u00e0 un large public francophone et couvre l\u2019information tunisienne en temps r\u00e9el.","email":"redac@webdo.tn","legalName":"YNJ SARL","foundingDate":"2010-09-06","numberOfEmployees":{"@type":"QuantitativeValue","minValue":"11","maxValue":"50"}},{"@type":"Person","@id":"https:\/\/www.webdo.tn\/fr\/#\/schema\/person\/6bc0beba2cd23aec27cb5df85ca2554f","name":"Hatem Bourial","image":{"@type":"ImageObject","inLanguage":"fr-FR","@id":"https:\/\/www.webdo.tn\/fr\/wp-content\/uploads\/2026\/04\/hatem-bourial_avatar-96x96.jpg","url":"https:\/\/www.webdo.tn\/fr\/wp-content\/uploads\/2026\/04\/hatem-bourial_avatar-96x96.jpg","contentUrl":"https:\/\/www.webdo.tn\/fr\/wp-content\/uploads\/2026\/04\/hatem-bourial_avatar-96x96.jpg","caption":"Hatem Bourial"},"description":"Hatem Bourial est journaliste, \u00e9crivain et chroniqueur tunisien. Actif depuis plusieurs d\u00e9cennies, il s\u2019est impos\u00e9 comme un observateur attentif de la soci\u00e9t\u00e9 tunisienne, m\u00ealant dans ses \u00e9crits m\u00e9moire, culture et analyse du quotidien. Auteur de nombreux ouvrages, il d\u00e9veloppe une \u0153uvre \u00e0 la crois\u00e9e du r\u00e9cit, de la po\u00e9sie et de l\u2019observation sociologique. Parall\u00e8lement \u00e0 ses contributions dans la presse, il intervient r\u00e9guli\u00e8rement \u00e0 la radio et dans des espaces culturels, o\u00f9 il explore les enjeux li\u00e9s au patrimoine, \u00e0 l\u2019identit\u00e9 et aux transformations du monde contemporain. \u00c0 travers ses chroniques, Hatem Bourial propose une lecture sensible et approfondie de l\u2019actualit\u00e9, nourrie par une exp\u00e9rience journalistique et litt\u00e9raire reconnue. \ud83d\udd17 Facebook : https:\/\/www.facebook.com\/hatem.bourial.2025","sameAs":["https:\/\/www.facebook.com\/hatem.bourial.2025","https:\/\/fr.wikipedia.org\/wiki\/Fichier:Hatem_Bourial.jpg"],"knowsAbout":["Culture & patrimoine tunisien","Chronique soci\u00e9tale","Litt\u00e9rature & m\u00e9moire","Cin\u00e9ma & critique culturelle","Identit\u00e9 & mutations sociales"],"knowsLanguage":["Arabe","Fran\u00e7ais","Anglais","Italien","Polonais"],"jobTitle":"Journaliste, \u00e9crivain et chroniqueur culturel","worksFor":"Webdo","url":"https:\/\/www.webdo.tn\/fr\/actualite\/author\/hatem-bourial-2\/"}]}},"_links":{"self":[{"href":"https:\/\/www.webdo.tn\/fr\/wp-json\/wp\/v2\/posts\/216957","targetHints":{"allow":["GET"]}}],"collection":[{"href":"https:\/\/www.webdo.tn\/fr\/wp-json\/wp\/v2\/posts"}],"about":[{"href":"https:\/\/www.webdo.tn\/fr\/wp-json\/wp\/v2\/types\/post"}],"author":[{"embeddable":true,"href":"https:\/\/www.webdo.tn\/fr\/wp-json\/wp\/v2\/users\/3229"}],"replies":[{"embeddable":true,"href":"https:\/\/www.webdo.tn\/fr\/wp-json\/wp\/v2\/comments?post=216957"}],"version-history":[{"count":0,"href":"https:\/\/www.webdo.tn\/fr\/wp-json\/wp\/v2\/posts\/216957\/revisions"}],"wp:featuredmedia":[{"embeddable":true,"href":"https:\/\/www.webdo.tn\/fr\/wp-json\/wp\/v2\/media\/246338"}],"wp:attachment":[{"href":"https:\/\/www.webdo.tn\/fr\/wp-json\/wp\/v2\/media?parent=216957"}],"wp:term":[{"taxonomy":"category","embeddable":true,"href":"https:\/\/www.webdo.tn\/fr\/wp-json\/wp\/v2\/categories?post=216957"},{"taxonomy":"post_tag","embeddable":true,"href":"https:\/\/www.webdo.tn\/fr\/wp-json\/wp\/v2\/tags?post=216957"}],"curies":[{"name":"wp","href":"https:\/\/api.w.org\/{rel}","templated":true}]}}