{"id":216951,"date":"2024-10-12T09:27:00","date_gmt":"2024-10-12T09:27:00","guid":{"rendered":"https:\/\/www.webdo.tn\/fr\/blog\/tunisie-signature-d-un-partenariat-strategique-entre-le-gct-et-totalenergies\/216951\/"},"modified":"2025-05-20T22:14:34","modified_gmt":"2025-05-20T22:14:34","slug":"tunisie-signature-d-un-partenariat-strategique-entre-le-gct-et-totalenergies","status":"publish","type":"post","link":"https:\/\/www.webdo.tn\/fr\/actualite\/national\/tunisie-signature-d-un-partenariat-strategique-entre-le-gct-et-totalenergies\/216951\/","title":{"rendered":"Tunisie : Signature d\u2019un partenariat strat\u00e9gique entre le GCT et TotalEnergies"},"content":{"rendered":"<p>Le Groupe Chimique Tunisien (GCT) a conclu, vendredi, un partenariat strat\u00e9gique avec TotalEnergies, au si\u00e8ge du minist\u00e8re de l&rsquo;Industrie, des Mines et de l&rsquo;\u00c9nergie. Cet accord, d&rsquo;une dur\u00e9e de cinq ans, porte sur l&rsquo;approvisionnement en soufre.<\/p>\n<p>\t\t\t\t\t\t\t\t\tSelon un communiqu\u00e9 du minist\u00e8re de l&rsquo;Industrie, cet accord vise \u00e0 renforcer la strat\u00e9gie de diversification des fournisseurs du GCT, en ouvrant la voie \u00e0 de nouveaux partenariats et en garantissant un approvisionnement en soufre adapt\u00e9 aux besoins de production de l&rsquo;entreprise.<\/p>\n<p>TotalEnergies, multinationale fran\u00e7aise op\u00e9rant dans plus de 130 pays, est l&rsquo;une des principales entreprises mondiales du secteur de l&rsquo;\u00e9nergie. Sp\u00e9cialis\u00e9e dans l&rsquo;exploration, l&rsquo;extraction, le transport du p\u00e9trole brut, du gaz naturel et des produits p\u00e9trochimiques, elle se distingue \u00e9galement dans la production et la commercialisation du soufre.<\/p>\n","protected":false},"excerpt":{"rendered":"<p>Le Groupe Chimique Tunisien (GCT) a conclu, vendredi, un partenariat strat\u00e9gique avec TotalEnergies, au si\u00e8ge du minist\u00e8re de l&rsquo;Industrie, des Mines et de l&rsquo;\u00c9ne&#8230;<\/p>\n","protected":false},"author":3162,"featured_media":291185,"comment_status":"open","ping_status":"closed","sticky":false,"template":"","format":"standard","meta":{"footnotes":""},"categories":[44],"tags":[9886,10519,10520,4357,3231,2608],"class_list":["post-216951","post","type-post","status-publish","format-standard","has-post-thumbnail","hentry","category-national","tag-gct","tag-groupe-chimique-tunisien","tag-soufre","tag-partenariat-strategique","tag-totalenergies","tag-tunisie"],"yoast_head":"<!-- This site is optimized with the Yoast SEO Premium plugin v27.5 (Yoast SEO v27.5) - https:\/\/yoast.com\/product\/yoast-seo-premium-wordpress\/ -->\n<title>Tunisie : Signature d\u2019un partenariat strat\u00e9gique entre le GCT et TotalEnergies<\/title>\n<meta name=\"description\" content=\"Le Groupe Chimique Tunisien (GCT) a conclu, vendredi, un partenariat strat\u00e9gique avec TotalEnergies, au si\u00e8ge du minist\u00e8re de l&#039;Industrie, des Mines et de l&#039;\u00c9ne...\" \/>\n<link rel=\"canonical\" href=\"https:\/\/www.webdo.tn\/fr\/actualite\/national\/tunisie-signature-d-un-partenariat-strategique-entre-le-gct-et-totalenergies\/216951\/\" \/>\n<meta property=\"og:locale\" content=\"fr_FR\" \/>\n<meta property=\"og:type\" content=\"article\" \/>\n<meta property=\"og:title\" content=\"Tunisie : Signature d\u2019un partenariat strat\u00e9gique entre le GCT et TotalEnergies\" \/>\n<meta property=\"og:description\" content=\"Le Groupe Chimique Tunisien (GCT) a conclu, vendredi, un partenariat strat\u00e9gique avec TotalEnergies, au si\u00e8ge du minist\u00e8re de l&#039;Industrie, des Mines et de l&#039;\u00c9ne...\" \/>\n<meta property=\"og:url\" content=\"https:\/\/www.webdo.tn\/fr\/actualite\/national\/tunisie-signature-d-un-partenariat-strategique-entre-le-gct-et-totalenergies\/216951\/\" \/>\n<meta property=\"og:site_name\" content=\"webdo\" \/>\n<meta property=\"article:publisher\" content=\"https:\/\/www.facebook.com\/webdotn\" \/>\n<meta property=\"article:published_time\" content=\"2024-10-12T09:27:00+00:00\" \/>\n<meta property=\"article:modified_time\" content=\"2025-05-20T22:14:34+00:00\" \/>\n<meta property=\"og:image\" content=\"https:\/\/www.webdo.tn\/fr\/wp-content\/uploads\/2024\/10\/e50332566ab4131d610f065da1647438.webp\" \/>\n\t<meta property=\"og:image:width\" content=\"750\" \/>\n\t<meta property=\"og:image:height\" content=\"400\" \/>\n\t<meta property=\"og:image:type\" content=\"image\/webp\" \/>\n<meta name=\"author\" content=\"MC\" \/>\n<meta name=\"twitter:card\" content=\"summary_large_image\" \/>\n<meta name=\"twitter:creator\" content=\"@webdo_tn\" \/>\n<meta name=\"twitter:site\" content=\"@webdo_tn\" \/>\n<meta name=\"twitter:label1\" content=\"\u00c9crit par\" \/>\n\t<meta name=\"twitter:data1\" content=\"MC\" \/>\n\t<meta name=\"twitter:label2\" content=\"Dur\u00e9e de lecture estim\u00e9e\" \/>\n\t<meta name=\"twitter:data2\" content=\"1 minute\" \/>\n<script type=\"application\/ld+json\" class=\"yoast-schema-graph\">{\"@context\":\"https:\\\/\\\/schema.org\",\"@graph\":[{\"@type\":\"NewsArticle\",\"@id\":\"https:\\\/\\\/www.webdo.tn\\\/fr\\\/actualite\\\/national\\\/tunisie-signature-d-un-partenariat-strategique-entre-le-gct-et-totalenergies\\\/216951\\\/#article\",\"isPartOf\":{\"@id\":\"https:\\\/\\\/www.webdo.tn\\\/fr\\\/actualite\\\/national\\\/tunisie-signature-d-un-partenariat-strategique-entre-le-gct-et-totalenergies\\\/216951\\\/\"},\"author\":{\"name\":\"MC\",\"@id\":\"https:\\\/\\\/www.webdo.tn\\\/fr\\\/#\\\/schema\\\/person\\\/2c4929cbf5a809e3bd38617c6ce150f6\"},\"headline\":\"Tunisie : Signature d\u2019un partenariat strat\u00e9gique entre le GCT et TotalEnergies\",\"datePublished\":\"2024-10-12T09:27:00+00:00\",\"dateModified\":\"2025-05-20T22:14:34+00:00\",\"mainEntityOfPage\":{\"@id\":\"https:\\\/\\\/www.webdo.tn\\\/fr\\\/actualite\\\/national\\\/tunisie-signature-d-un-partenariat-strategique-entre-le-gct-et-totalenergies\\\/216951\\\/\"},\"wordCount\":156,\"commentCount\":0,\"publisher\":{\"@id\":\"https:\\\/\\\/www.webdo.tn\\\/fr\\\/#organization\"},\"image\":{\"@id\":\"https:\\\/\\\/www.webdo.tn\\\/fr\\\/actualite\\\/national\\\/tunisie-signature-d-un-partenariat-strategique-entre-le-gct-et-totalenergies\\\/216951\\\/#primaryimage\"},\"thumbnailUrl\":\"https:\\\/\\\/www.webdo.tn\\\/fr\\\/wp-content\\\/uploads\\\/2024\\\/10\\\/e50332566ab4131d610f065da1647438.webp\",\"keywords\":[\"'GCT']\",\"'Groupe Chimique Tunisien'\",\"'soufre']\",\"Partenariat strat\u00e9gique\",\"TotalEnergies\",\"Tunisie\"],\"articleSection\":[\"National\"],\"inLanguage\":\"fr-FR\"},{\"@type\":\"WebPage\",\"@id\":\"https:\\\/\\\/www.webdo.tn\\\/fr\\\/actualite\\\/national\\\/tunisie-signature-d-un-partenariat-strategique-entre-le-gct-et-totalenergies\\\/216951\\\/\",\"url\":\"https:\\\/\\\/www.webdo.tn\\\/fr\\\/actualite\\\/national\\\/tunisie-signature-d-un-partenariat-strategique-entre-le-gct-et-totalenergies\\\/216951\\\/\",\"name\":\"Tunisie : Signature d\u2019un partenariat strat\u00e9gique entre le GCT et TotalEnergies\",\"isPartOf\":{\"@id\":\"https:\\\/\\\/www.webdo.tn\\\/fr\\\/#website\"},\"primaryImageOfPage\":{\"@id\":\"https:\\\/\\\/www.webdo.tn\\\/fr\\\/actualite\\\/national\\\/tunisie-signature-d-un-partenariat-strategique-entre-le-gct-et-totalenergies\\\/216951\\\/#primaryimage\"},\"image\":{\"@id\":\"https:\\\/\\\/www.webdo.tn\\\/fr\\\/actualite\\\/national\\\/tunisie-signature-d-un-partenariat-strategique-entre-le-gct-et-totalenergies\\\/216951\\\/#primaryimage\"},\"thumbnailUrl\":\"https:\\\/\\\/www.webdo.tn\\\/fr\\\/wp-content\\\/uploads\\\/2024\\\/10\\\/e50332566ab4131d610f065da1647438.webp\",\"datePublished\":\"2024-10-12T09:27:00+00:00\",\"dateModified\":\"2025-05-20T22:14:34+00:00\",\"description\":\"Le Groupe Chimique Tunisien (GCT) a conclu, vendredi, un partenariat strat\u00e9gique avec TotalEnergies, au si\u00e8ge du minist\u00e8re de l'Industrie, des Mines et de l'\u00c9ne...\",\"breadcrumb\":{\"@id\":\"https:\\\/\\\/www.webdo.tn\\\/fr\\\/actualite\\\/national\\\/tunisie-signature-d-un-partenariat-strategique-entre-le-gct-et-totalenergies\\\/216951\\\/#breadcrumb\"},\"inLanguage\":\"fr-FR\",\"potentialAction\":[{\"@type\":\"ReadAction\",\"target\":[\"https:\\\/\\\/www.webdo.tn\\\/fr\\\/actualite\\\/national\\\/tunisie-signature-d-un-partenariat-strategique-entre-le-gct-et-totalenergies\\\/216951\\\/\"]}]},{\"@type\":\"ImageObject\",\"inLanguage\":\"fr-FR\",\"@id\":\"https:\\\/\\\/www.webdo.tn\\\/fr\\\/actualite\\\/national\\\/tunisie-signature-d-un-partenariat-strategique-entre-le-gct-et-totalenergies\\\/216951\\\/#primaryimage\",\"url\":\"https:\\\/\\\/www.webdo.tn\\\/fr\\\/wp-content\\\/uploads\\\/2024\\\/10\\\/e50332566ab4131d610f065da1647438.webp\",\"contentUrl\":\"https:\\\/\\\/www.webdo.tn\\\/fr\\\/wp-content\\\/uploads\\\/2024\\\/10\\\/e50332566ab4131d610f065da1647438.webp\",\"width\":750,\"height\":400,\"caption\":\"Tunisie : Signature d\u2019un partenariat strat\u00e9gique entre le GCT et TotalEnergies\"},{\"@type\":\"BreadcrumbList\",\"@id\":\"https:\\\/\\\/www.webdo.tn\\\/fr\\\/actualite\\\/national\\\/tunisie-signature-d-un-partenariat-strategique-entre-le-gct-et-totalenergies\\\/216951\\\/#breadcrumb\",\"itemListElement\":[{\"@type\":\"ListItem\",\"position\":1,\"name\":\"Accueil\",\"item\":\"https:\\\/\\\/www.webdo.tn\\\/fr\\\/\"},{\"@type\":\"ListItem\",\"position\":2,\"name\":\"Tunisie : Signature d\u2019un partenariat strat\u00e9gique entre le GCT et TotalEnergies\"}]},{\"@type\":\"WebSite\",\"@id\":\"https:\\\/\\\/www.webdo.tn\\\/fr\\\/#website\",\"url\":\"https:\\\/\\\/www.webdo.tn\\\/fr\\\/\",\"name\":\"webdo\",\"description\":\"Tunisie - News en Tunisie et \u00e0 l&#039;international sur Webdo.tn\",\"publisher\":{\"@id\":\"https:\\\/\\\/www.webdo.tn\\\/fr\\\/#organization\"},\"potentialAction\":[{\"@type\":\"SearchAction\",\"target\":{\"@type\":\"EntryPoint\",\"urlTemplate\":\"https:\\\/\\\/www.webdo.tn\\\/fr\\\/?s={search_term_string}\"},\"query-input\":{\"@type\":\"PropertyValueSpecification\",\"valueRequired\":true,\"valueName\":\"search_term_string\"}}],\"inLanguage\":\"fr-FR\"},{\"@type\":\"Organization\",\"@id\":\"https:\\\/\\\/www.webdo.tn\\\/fr\\\/#organization\",\"name\":\"Webdo\",\"alternateName\":\"Webdo.tn\",\"url\":\"https:\\\/\\\/www.webdo.tn\\\/fr\\\/\",\"logo\":{\"@type\":\"ImageObject\",\"inLanguage\":\"fr-FR\",\"@id\":\"https:\\\/\\\/www.webdo.tn\\\/fr\\\/#\\\/schema\\\/logo\\\/image\\\/\",\"url\":\"https:\\\/\\\/www.webdo.tn\\\/fr\\\/wp-content\\\/uploads\\\/2025\\\/06\\\/Webdo-Tunisie_168377.jpg\",\"contentUrl\":\"https:\\\/\\\/www.webdo.tn\\\/fr\\\/wp-content\\\/uploads\\\/2025\\\/06\\\/Webdo-Tunisie_168377.jpg\",\"width\":301,\"height\":301,\"caption\":\"Webdo\"},\"image\":{\"@id\":\"https:\\\/\\\/www.webdo.tn\\\/fr\\\/#\\\/schema\\\/logo\\\/image\\\/\"},\"sameAs\":[\"https:\\\/\\\/www.facebook.com\\\/webdotn\",\"https:\\\/\\\/x.com\\\/webdo_tn\"],\"description\":\"Webdo est un m\u00e9dia num\u00e9rique tunisien fond\u00e9 en 2010, sp\u00e9cialis\u00e9 dans l\u2019actualit\u00e9 nationale et internationale, l\u2019\u00e9conomie, la soci\u00e9t\u00e9 et les analyses politiques. Le site s\u2019adresse \u00e0 un large public francophone et couvre l\u2019information tunisienne en temps r\u00e9el.\",\"email\":\"redac@webdo.tn\",\"legalName\":\"YNJ SARL\",\"foundingDate\":\"2010-09-06\",\"numberOfEmployees\":{\"@type\":\"QuantitativeValue\",\"minValue\":\"11\",\"maxValue\":\"50\"}},{\"@type\":\"Person\",\"@id\":\"https:\\\/\\\/www.webdo.tn\\\/fr\\\/#\\\/schema\\\/person\\\/2c4929cbf5a809e3bd38617c6ce150f6\",\"name\":\"MC\",\"image\":{\"@type\":\"ImageObject\",\"inLanguage\":\"fr-FR\",\"@id\":\"https:\\\/\\\/secure.gravatar.com\\\/avatar\\\/a545bbb6f84efdd5553dbbc2895e3ca8f1d12c5215e00a041c9670b54aa9b18a?s=96&d=mm&r=g\",\"url\":\"https:\\\/\\\/secure.gravatar.com\\\/avatar\\\/a545bbb6f84efdd5553dbbc2895e3ca8f1d12c5215e00a041c9670b54aa9b18a?s=96&d=mm&r=g\",\"contentUrl\":\"https:\\\/\\\/secure.gravatar.com\\\/avatar\\\/a545bbb6f84efdd5553dbbc2895e3ca8f1d12c5215e00a041c9670b54aa9b18a?s=96&d=mm&r=g\",\"caption\":\"MC\"},\"url\":\"https:\\\/\\\/www.webdo.tn\\\/fr\\\/actualite\\\/author\\\/mc\\\/\"}]}<\/script>\n<!-- \/ Yoast SEO Premium plugin. -->","yoast_head_json":{"title":"Tunisie : Signature d\u2019un partenariat strat\u00e9gique entre le GCT et TotalEnergies","description":"Le Groupe Chimique Tunisien (GCT) a conclu, vendredi, un partenariat strat\u00e9gique avec TotalEnergies, au si\u00e8ge du minist\u00e8re de l'Industrie, des Mines et de l'\u00c9ne...","canonical":"https:\/\/www.webdo.tn\/fr\/actualite\/national\/tunisie-signature-d-un-partenariat-strategique-entre-le-gct-et-totalenergies\/216951\/","og_locale":"fr_FR","og_type":"article","og_title":"Tunisie : Signature d\u2019un partenariat strat\u00e9gique entre le GCT et TotalEnergies","og_description":"Le Groupe Chimique Tunisien (GCT) a conclu, vendredi, un partenariat strat\u00e9gique avec TotalEnergies, au si\u00e8ge du minist\u00e8re de l'Industrie, des Mines et de l'\u00c9ne...","og_url":"https:\/\/www.webdo.tn\/fr\/actualite\/national\/tunisie-signature-d-un-partenariat-strategique-entre-le-gct-et-totalenergies\/216951\/","og_site_name":"webdo","article_publisher":"https:\/\/www.facebook.com\/webdotn","article_published_time":"2024-10-12T09:27:00+00:00","article_modified_time":"2025-05-20T22:14:34+00:00","og_image":[{"width":750,"height":400,"url":"https:\/\/www.webdo.tn\/fr\/wp-content\/uploads\/2024\/10\/e50332566ab4131d610f065da1647438.webp","type":"image\/webp"}],"author":"MC","twitter_card":"summary_large_image","twitter_creator":"@webdo_tn","twitter_site":"@webdo_tn","twitter_misc":{"\u00c9crit par":"MC","Dur\u00e9e de lecture estim\u00e9e":"1 minute"},"schema":{"@context":"https:\/\/schema.org","@graph":[{"@type":"NewsArticle","@id":"https:\/\/www.webdo.tn\/fr\/actualite\/national\/tunisie-signature-d-un-partenariat-strategique-entre-le-gct-et-totalenergies\/216951\/#article","isPartOf":{"@id":"https:\/\/www.webdo.tn\/fr\/actualite\/national\/tunisie-signature-d-un-partenariat-strategique-entre-le-gct-et-totalenergies\/216951\/"},"author":{"name":"MC","@id":"https:\/\/www.webdo.tn\/fr\/#\/schema\/person\/2c4929cbf5a809e3bd38617c6ce150f6"},"headline":"Tunisie : Signature d\u2019un partenariat strat\u00e9gique entre le GCT et TotalEnergies","datePublished":"2024-10-12T09:27:00+00:00","dateModified":"2025-05-20T22:14:34+00:00","mainEntityOfPage":{"@id":"https:\/\/www.webdo.tn\/fr\/actualite\/national\/tunisie-signature-d-un-partenariat-strategique-entre-le-gct-et-totalenergies\/216951\/"},"wordCount":156,"commentCount":0,"publisher":{"@id":"https:\/\/www.webdo.tn\/fr\/#organization"},"image":{"@id":"https:\/\/www.webdo.tn\/fr\/actualite\/national\/tunisie-signature-d-un-partenariat-strategique-entre-le-gct-et-totalenergies\/216951\/#primaryimage"},"thumbnailUrl":"https:\/\/www.webdo.tn\/fr\/wp-content\/uploads\/2024\/10\/e50332566ab4131d610f065da1647438.webp","keywords":["'GCT']","'Groupe Chimique Tunisien'","'soufre']","Partenariat strat\u00e9gique","TotalEnergies","Tunisie"],"articleSection":["National"],"inLanguage":"fr-FR"},{"@type":"WebPage","@id":"https:\/\/www.webdo.tn\/fr\/actualite\/national\/tunisie-signature-d-un-partenariat-strategique-entre-le-gct-et-totalenergies\/216951\/","url":"https:\/\/www.webdo.tn\/fr\/actualite\/national\/tunisie-signature-d-un-partenariat-strategique-entre-le-gct-et-totalenergies\/216951\/","name":"Tunisie : Signature d\u2019un partenariat strat\u00e9gique entre le GCT et TotalEnergies","isPartOf":{"@id":"https:\/\/www.webdo.tn\/fr\/#website"},"primaryImageOfPage":{"@id":"https:\/\/www.webdo.tn\/fr\/actualite\/national\/tunisie-signature-d-un-partenariat-strategique-entre-le-gct-et-totalenergies\/216951\/#primaryimage"},"image":{"@id":"https:\/\/www.webdo.tn\/fr\/actualite\/national\/tunisie-signature-d-un-partenariat-strategique-entre-le-gct-et-totalenergies\/216951\/#primaryimage"},"thumbnailUrl":"https:\/\/www.webdo.tn\/fr\/wp-content\/uploads\/2024\/10\/e50332566ab4131d610f065da1647438.webp","datePublished":"2024-10-12T09:27:00+00:00","dateModified":"2025-05-20T22:14:34+00:00","description":"Le Groupe Chimique Tunisien (GCT) a conclu, vendredi, un partenariat strat\u00e9gique avec TotalEnergies, au si\u00e8ge du minist\u00e8re de l'Industrie, des Mines et de l'\u00c9ne...","breadcrumb":{"@id":"https:\/\/www.webdo.tn\/fr\/actualite\/national\/tunisie-signature-d-un-partenariat-strategique-entre-le-gct-et-totalenergies\/216951\/#breadcrumb"},"inLanguage":"fr-FR","potentialAction":[{"@type":"ReadAction","target":["https:\/\/www.webdo.tn\/fr\/actualite\/national\/tunisie-signature-d-un-partenariat-strategique-entre-le-gct-et-totalenergies\/216951\/"]}]},{"@type":"ImageObject","inLanguage":"fr-FR","@id":"https:\/\/www.webdo.tn\/fr\/actualite\/national\/tunisie-signature-d-un-partenariat-strategique-entre-le-gct-et-totalenergies\/216951\/#primaryimage","url":"https:\/\/www.webdo.tn\/fr\/wp-content\/uploads\/2024\/10\/e50332566ab4131d610f065da1647438.webp","contentUrl":"https:\/\/www.webdo.tn\/fr\/wp-content\/uploads\/2024\/10\/e50332566ab4131d610f065da1647438.webp","width":750,"height":400,"caption":"Tunisie : Signature d\u2019un partenariat strat\u00e9gique entre le GCT et TotalEnergies"},{"@type":"BreadcrumbList","@id":"https:\/\/www.webdo.tn\/fr\/actualite\/national\/tunisie-signature-d-un-partenariat-strategique-entre-le-gct-et-totalenergies\/216951\/#breadcrumb","itemListElement":[{"@type":"ListItem","position":1,"name":"Accueil","item":"https:\/\/www.webdo.tn\/fr\/"},{"@type":"ListItem","position":2,"name":"Tunisie : Signature d\u2019un partenariat strat\u00e9gique entre le GCT et TotalEnergies"}]},{"@type":"WebSite","@id":"https:\/\/www.webdo.tn\/fr\/#website","url":"https:\/\/www.webdo.tn\/fr\/","name":"webdo","description":"Tunisie - News en Tunisie et \u00e0 l&#039;international sur Webdo.tn","publisher":{"@id":"https:\/\/www.webdo.tn\/fr\/#organization"},"potentialAction":[{"@type":"SearchAction","target":{"@type":"EntryPoint","urlTemplate":"https:\/\/www.webdo.tn\/fr\/?s={search_term_string}"},"query-input":{"@type":"PropertyValueSpecification","valueRequired":true,"valueName":"search_term_string"}}],"inLanguage":"fr-FR"},{"@type":"Organization","@id":"https:\/\/www.webdo.tn\/fr\/#organization","name":"Webdo","alternateName":"Webdo.tn","url":"https:\/\/www.webdo.tn\/fr\/","logo":{"@type":"ImageObject","inLanguage":"fr-FR","@id":"https:\/\/www.webdo.tn\/fr\/#\/schema\/logo\/image\/","url":"https:\/\/www.webdo.tn\/fr\/wp-content\/uploads\/2025\/06\/Webdo-Tunisie_168377.jpg","contentUrl":"https:\/\/www.webdo.tn\/fr\/wp-content\/uploads\/2025\/06\/Webdo-Tunisie_168377.jpg","width":301,"height":301,"caption":"Webdo"},"image":{"@id":"https:\/\/www.webdo.tn\/fr\/#\/schema\/logo\/image\/"},"sameAs":["https:\/\/www.facebook.com\/webdotn","https:\/\/x.com\/webdo_tn"],"description":"Webdo est un m\u00e9dia num\u00e9rique tunisien fond\u00e9 en 2010, sp\u00e9cialis\u00e9 dans l\u2019actualit\u00e9 nationale et internationale, l\u2019\u00e9conomie, la soci\u00e9t\u00e9 et les analyses politiques. Le site s\u2019adresse \u00e0 un large public francophone et couvre l\u2019information tunisienne en temps r\u00e9el.","email":"redac@webdo.tn","legalName":"YNJ SARL","foundingDate":"2010-09-06","numberOfEmployees":{"@type":"QuantitativeValue","minValue":"11","maxValue":"50"}},{"@type":"Person","@id":"https:\/\/www.webdo.tn\/fr\/#\/schema\/person\/2c4929cbf5a809e3bd38617c6ce150f6","name":"MC","image":{"@type":"ImageObject","inLanguage":"fr-FR","@id":"https:\/\/secure.gravatar.com\/avatar\/a545bbb6f84efdd5553dbbc2895e3ca8f1d12c5215e00a041c9670b54aa9b18a?s=96&d=mm&r=g","url":"https:\/\/secure.gravatar.com\/avatar\/a545bbb6f84efdd5553dbbc2895e3ca8f1d12c5215e00a041c9670b54aa9b18a?s=96&d=mm&r=g","contentUrl":"https:\/\/secure.gravatar.com\/avatar\/a545bbb6f84efdd5553dbbc2895e3ca8f1d12c5215e00a041c9670b54aa9b18a?s=96&d=mm&r=g","caption":"MC"},"url":"https:\/\/www.webdo.tn\/fr\/actualite\/author\/mc\/"}]}},"_links":{"self":[{"href":"https:\/\/www.webdo.tn\/fr\/wp-json\/wp\/v2\/posts\/216951","targetHints":{"allow":["GET"]}}],"collection":[{"href":"https:\/\/www.webdo.tn\/fr\/wp-json\/wp\/v2\/posts"}],"about":[{"href":"https:\/\/www.webdo.tn\/fr\/wp-json\/wp\/v2\/types\/post"}],"author":[{"embeddable":true,"href":"https:\/\/www.webdo.tn\/fr\/wp-json\/wp\/v2\/users\/3162"}],"replies":[{"embeddable":true,"href":"https:\/\/www.webdo.tn\/fr\/wp-json\/wp\/v2\/comments?post=216951"}],"version-history":[{"count":0,"href":"https:\/\/www.webdo.tn\/fr\/wp-json\/wp\/v2\/posts\/216951\/revisions"}],"wp:featuredmedia":[{"embeddable":true,"href":"https:\/\/www.webdo.tn\/fr\/wp-json\/wp\/v2\/media\/291185"}],"wp:attachment":[{"href":"https:\/\/www.webdo.tn\/fr\/wp-json\/wp\/v2\/media?parent=216951"}],"wp:term":[{"taxonomy":"category","embeddable":true,"href":"https:\/\/www.webdo.tn\/fr\/wp-json\/wp\/v2\/categories?post=216951"},{"taxonomy":"post_tag","embeddable":true,"href":"https:\/\/www.webdo.tn\/fr\/wp-json\/wp\/v2\/tags?post=216951"}],"curies":[{"name":"wp","href":"https:\/\/api.w.org\/{rel}","templated":true}]}}