{"id":216944,"date":"2024-10-11T20:24:00","date_gmt":"2024-10-11T20:24:00","guid":{"rendered":"https:\/\/www.webdo.tn\/fr\/blog\/tunisie-l-isie-officialise-la-reelection-de-kais-saied\/216944\/"},"modified":"2025-05-21T09:07:16","modified_gmt":"2025-05-21T09:07:16","slug":"tunisie-l-isie-officialise-la-reelection-de-kais-saied","status":"publish","type":"post","link":"https:\/\/www.webdo.tn\/fr\/actualite\/national\/tunisie-l-isie-officialise-la-reelection-de-kais-saied\/216944\/","title":{"rendered":"Tunisie : l\u2019ISIE officialise la r\u00e9\u00e9lection de Ka\u00efs Sa\u00efed"},"content":{"rendered":"<p>Lors d&rsquo;une conf\u00e9rence de presse qui s&rsquo;est tenue ce vendredi 11 octobre, le pr\u00e9sident de l&rsquo;Instance sup\u00e9rieure ind\u00e9pendante pour les \u00e9lections (ISIE), Farouk Bouasker, a confirm\u00e9 la victoire de Ka\u00efs Sa\u00efed lors de l&rsquo;\u00e9lection pr\u00e9sidentielle du 6 octobre.<\/p>\n<p>\t\t\t\t\t\t\t\t\tLe Conseil de l&rsquo;ISIE a valid\u00e9 les r\u00e9sultats d\u00e9finitifs, avec Sa\u00efed recevant 90,69 % des suffrages, ce qui repr\u00e9sente 2 438 954 voix.<\/p>\n<p>Les deux autres candidats, Ayachi Zammel et Zouha\u00efer Maghzaoui, ont respectivement obtenu 7,35 % et 1,97 % des voix. L&rsquo;ISIE a \u00e9galement indiqu\u00e9 qu&rsquo;aucun recours n&rsquo;avait \u00e9t\u00e9 d\u00e9pos\u00e9 jusqu&rsquo;\u00e0 la date limite, jeudi \u00e0 minuit, ce qui a permis aux r\u00e9sultats pr\u00e9liminaires de devenir d\u00e9finitifs.<\/p>\n","protected":false},"excerpt":{"rendered":"<p>Ka\u00efs Sa\u00efed est r\u00e9\u00e9lu pr\u00e9sident de la R\u00e9publique avec 90,69 % des voix lors de l&rsquo;\u00e9lection du 6 octobre, selon les r\u00e9sultats valid\u00e9s par l&rsquo;ISIE.<\/p>\n","protected":false},"author":3166,"featured_media":291181,"comment_status":"open","ping_status":"closed","sticky":false,"template":"","format":"standard","meta":{"footnotes":""},"categories":[44],"tags":[2967,2614,5503,2608],"class_list":["post-216944","post","type-post","status-publish","format-standard","has-post-thumbnail","hentry","category-national","tag-isie","tag-kais-saied","tag-presidentielle","tag-tunisie"],"yoast_head":"<!-- This site is optimized with the Yoast SEO Premium plugin v27.5 (Yoast SEO v27.5) - https:\/\/yoast.com\/product\/yoast-seo-premium-wordpress\/ -->\n<title>Tunisie : l\u2019ISIE officialise la r\u00e9\u00e9lection de Ka\u00efs Sa\u00efed<\/title>\n<meta name=\"description\" content=\"Ka\u00efs Sa\u00efed est r\u00e9\u00e9lu pr\u00e9sident de la R\u00e9publique avec 90,69 % des voix lors de l&#039;\u00e9lection du 6 octobre, selon les r\u00e9sultats valid\u00e9s par l&#039;ISIE.\" \/>\n<link rel=\"canonical\" href=\"https:\/\/www.webdo.tn\/fr\/actualite\/national\/tunisie-l-isie-officialise-la-reelection-de-kais-saied\/216944\/\" \/>\n<meta property=\"og:locale\" content=\"fr_FR\" \/>\n<meta property=\"og:type\" content=\"article\" \/>\n<meta property=\"og:title\" content=\"Tunisie : l\u2019ISIE officialise la r\u00e9\u00e9lection de Ka\u00efs Sa\u00efed\" \/>\n<meta property=\"og:description\" content=\"Ka\u00efs Sa\u00efed est r\u00e9\u00e9lu pr\u00e9sident de la R\u00e9publique avec 90,69 % des voix lors de l&#039;\u00e9lection du 6 octobre, selon les r\u00e9sultats valid\u00e9s par l&#039;ISIE.\" \/>\n<meta property=\"og:url\" content=\"https:\/\/www.webdo.tn\/fr\/actualite\/national\/tunisie-l-isie-officialise-la-reelection-de-kais-saied\/216944\/\" \/>\n<meta property=\"og:site_name\" content=\"webdo\" \/>\n<meta property=\"article:publisher\" content=\"https:\/\/www.facebook.com\/webdotn\" \/>\n<meta property=\"article:published_time\" content=\"2024-10-11T20:24:00+00:00\" \/>\n<meta property=\"article:modified_time\" content=\"2025-05-21T09:07:16+00:00\" \/>\n<meta property=\"og:image\" content=\"https:\/\/www.webdo.tn\/fr\/wp-content\/uploads\/2024\/10\/6890a4dc4acb71ffb2db047adc5bb364.webp\" \/>\n\t<meta property=\"og:image:width\" content=\"750\" \/>\n\t<meta property=\"og:image:height\" content=\"400\" \/>\n\t<meta property=\"og:image:type\" content=\"image\/webp\" \/>\n<meta name=\"author\" content=\"AZ\" \/>\n<meta name=\"twitter:card\" content=\"summary_large_image\" \/>\n<meta name=\"twitter:creator\" content=\"@webdo_tn\" \/>\n<meta name=\"twitter:site\" content=\"@webdo_tn\" \/>\n<meta name=\"twitter:label1\" content=\"\u00c9crit par\" \/>\n\t<meta name=\"twitter:data1\" content=\"AZ\" \/>\n\t<meta name=\"twitter:label2\" content=\"Dur\u00e9e de lecture estim\u00e9e\" \/>\n\t<meta name=\"twitter:data2\" content=\"1 minute\" \/>\n<script type=\"application\/ld+json\" class=\"yoast-schema-graph\">{\"@context\":\"https:\\\/\\\/schema.org\",\"@graph\":[{\"@type\":\"NewsArticle\",\"@id\":\"https:\\\/\\\/www.webdo.tn\\\/fr\\\/actualite\\\/national\\\/tunisie-l-isie-officialise-la-reelection-de-kais-saied\\\/216944\\\/#article\",\"isPartOf\":{\"@id\":\"https:\\\/\\\/www.webdo.tn\\\/fr\\\/actualite\\\/national\\\/tunisie-l-isie-officialise-la-reelection-de-kais-saied\\\/216944\\\/\"},\"author\":{\"name\":\"AZ\",\"@id\":\"https:\\\/\\\/www.webdo.tn\\\/fr\\\/#\\\/schema\\\/person\\\/b8a41c04d93287d375510db360906b34\"},\"headline\":\"Tunisie : l\u2019ISIE officialise la r\u00e9\u00e9lection de Ka\u00efs Sa\u00efed\",\"datePublished\":\"2024-10-11T20:24:00+00:00\",\"dateModified\":\"2025-05-21T09:07:16+00:00\",\"mainEntityOfPage\":{\"@id\":\"https:\\\/\\\/www.webdo.tn\\\/fr\\\/actualite\\\/national\\\/tunisie-l-isie-officialise-la-reelection-de-kais-saied\\\/216944\\\/\"},\"wordCount\":130,\"commentCount\":0,\"publisher\":{\"@id\":\"https:\\\/\\\/www.webdo.tn\\\/fr\\\/#organization\"},\"image\":{\"@id\":\"https:\\\/\\\/www.webdo.tn\\\/fr\\\/actualite\\\/national\\\/tunisie-l-isie-officialise-la-reelection-de-kais-saied\\\/216944\\\/#primaryimage\"},\"thumbnailUrl\":\"https:\\\/\\\/www.webdo.tn\\\/fr\\\/wp-content\\\/uploads\\\/2024\\\/10\\\/6890a4dc4acb71ffb2db047adc5bb364.webp\",\"keywords\":[\"ISIE\",\"Kais Saied\",\"pr\u00e9sidentielle\",\"Tunisie\"],\"articleSection\":[\"National\"],\"inLanguage\":\"fr-FR\"},{\"@type\":\"WebPage\",\"@id\":\"https:\\\/\\\/www.webdo.tn\\\/fr\\\/actualite\\\/national\\\/tunisie-l-isie-officialise-la-reelection-de-kais-saied\\\/216944\\\/\",\"url\":\"https:\\\/\\\/www.webdo.tn\\\/fr\\\/actualite\\\/national\\\/tunisie-l-isie-officialise-la-reelection-de-kais-saied\\\/216944\\\/\",\"name\":\"Tunisie : l\u2019ISIE officialise la r\u00e9\u00e9lection de Ka\u00efs Sa\u00efed\",\"isPartOf\":{\"@id\":\"https:\\\/\\\/www.webdo.tn\\\/fr\\\/#website\"},\"primaryImageOfPage\":{\"@id\":\"https:\\\/\\\/www.webdo.tn\\\/fr\\\/actualite\\\/national\\\/tunisie-l-isie-officialise-la-reelection-de-kais-saied\\\/216944\\\/#primaryimage\"},\"image\":{\"@id\":\"https:\\\/\\\/www.webdo.tn\\\/fr\\\/actualite\\\/national\\\/tunisie-l-isie-officialise-la-reelection-de-kais-saied\\\/216944\\\/#primaryimage\"},\"thumbnailUrl\":\"https:\\\/\\\/www.webdo.tn\\\/fr\\\/wp-content\\\/uploads\\\/2024\\\/10\\\/6890a4dc4acb71ffb2db047adc5bb364.webp\",\"datePublished\":\"2024-10-11T20:24:00+00:00\",\"dateModified\":\"2025-05-21T09:07:16+00:00\",\"description\":\"Ka\u00efs Sa\u00efed est r\u00e9\u00e9lu pr\u00e9sident de la R\u00e9publique avec 90,69 % des voix lors de l'\u00e9lection du 6 octobre, selon les r\u00e9sultats valid\u00e9s par l'ISIE.\",\"breadcrumb\":{\"@id\":\"https:\\\/\\\/www.webdo.tn\\\/fr\\\/actualite\\\/national\\\/tunisie-l-isie-officialise-la-reelection-de-kais-saied\\\/216944\\\/#breadcrumb\"},\"inLanguage\":\"fr-FR\",\"potentialAction\":[{\"@type\":\"ReadAction\",\"target\":[\"https:\\\/\\\/www.webdo.tn\\\/fr\\\/actualite\\\/national\\\/tunisie-l-isie-officialise-la-reelection-de-kais-saied\\\/216944\\\/\"]}]},{\"@type\":\"ImageObject\",\"inLanguage\":\"fr-FR\",\"@id\":\"https:\\\/\\\/www.webdo.tn\\\/fr\\\/actualite\\\/national\\\/tunisie-l-isie-officialise-la-reelection-de-kais-saied\\\/216944\\\/#primaryimage\",\"url\":\"https:\\\/\\\/www.webdo.tn\\\/fr\\\/wp-content\\\/uploads\\\/2024\\\/10\\\/6890a4dc4acb71ffb2db047adc5bb364.webp\",\"contentUrl\":\"https:\\\/\\\/www.webdo.tn\\\/fr\\\/wp-content\\\/uploads\\\/2024\\\/10\\\/6890a4dc4acb71ffb2db047adc5bb364.webp\",\"width\":750,\"height\":400,\"caption\":\"Tunisie : l\u2019ISIE officialise la r\u00e9\u00e9lection de Ka\u00efs Sa\u00efed\"},{\"@type\":\"BreadcrumbList\",\"@id\":\"https:\\\/\\\/www.webdo.tn\\\/fr\\\/actualite\\\/national\\\/tunisie-l-isie-officialise-la-reelection-de-kais-saied\\\/216944\\\/#breadcrumb\",\"itemListElement\":[{\"@type\":\"ListItem\",\"position\":1,\"name\":\"Accueil\",\"item\":\"https:\\\/\\\/www.webdo.tn\\\/fr\\\/\"},{\"@type\":\"ListItem\",\"position\":2,\"name\":\"Tunisie : l\u2019ISIE officialise la r\u00e9\u00e9lection de Ka\u00efs Sa\u00efed\"}]},{\"@type\":\"WebSite\",\"@id\":\"https:\\\/\\\/www.webdo.tn\\\/fr\\\/#website\",\"url\":\"https:\\\/\\\/www.webdo.tn\\\/fr\\\/\",\"name\":\"webdo\",\"description\":\"Tunisie - News en Tunisie et \u00e0 l&#039;international sur Webdo.tn\",\"publisher\":{\"@id\":\"https:\\\/\\\/www.webdo.tn\\\/fr\\\/#organization\"},\"potentialAction\":[{\"@type\":\"SearchAction\",\"target\":{\"@type\":\"EntryPoint\",\"urlTemplate\":\"https:\\\/\\\/www.webdo.tn\\\/fr\\\/?s={search_term_string}\"},\"query-input\":{\"@type\":\"PropertyValueSpecification\",\"valueRequired\":true,\"valueName\":\"search_term_string\"}}],\"inLanguage\":\"fr-FR\"},{\"@type\":\"Organization\",\"@id\":\"https:\\\/\\\/www.webdo.tn\\\/fr\\\/#organization\",\"name\":\"Webdo\",\"alternateName\":\"Webdo.tn\",\"url\":\"https:\\\/\\\/www.webdo.tn\\\/fr\\\/\",\"logo\":{\"@type\":\"ImageObject\",\"inLanguage\":\"fr-FR\",\"@id\":\"https:\\\/\\\/www.webdo.tn\\\/fr\\\/#\\\/schema\\\/logo\\\/image\\\/\",\"url\":\"https:\\\/\\\/www.webdo.tn\\\/fr\\\/wp-content\\\/uploads\\\/2025\\\/06\\\/Webdo-Tunisie_168377.jpg\",\"contentUrl\":\"https:\\\/\\\/www.webdo.tn\\\/fr\\\/wp-content\\\/uploads\\\/2025\\\/06\\\/Webdo-Tunisie_168377.jpg\",\"width\":301,\"height\":301,\"caption\":\"Webdo\"},\"image\":{\"@id\":\"https:\\\/\\\/www.webdo.tn\\\/fr\\\/#\\\/schema\\\/logo\\\/image\\\/\"},\"sameAs\":[\"https:\\\/\\\/www.facebook.com\\\/webdotn\",\"https:\\\/\\\/x.com\\\/webdo_tn\"],\"description\":\"Webdo est un m\u00e9dia num\u00e9rique tunisien fond\u00e9 en 2010, sp\u00e9cialis\u00e9 dans l\u2019actualit\u00e9 nationale et internationale, l\u2019\u00e9conomie, la soci\u00e9t\u00e9 et les analyses politiques. Le site s\u2019adresse \u00e0 un large public francophone et couvre l\u2019information tunisienne en temps r\u00e9el.\",\"email\":\"redac@webdo.tn\",\"legalName\":\"YNJ SARL\",\"foundingDate\":\"2010-09-06\",\"numberOfEmployees\":{\"@type\":\"QuantitativeValue\",\"minValue\":\"11\",\"maxValue\":\"50\"}},{\"@type\":\"Person\",\"@id\":\"https:\\\/\\\/www.webdo.tn\\\/fr\\\/#\\\/schema\\\/person\\\/b8a41c04d93287d375510db360906b34\",\"name\":\"AZ\",\"image\":{\"@type\":\"ImageObject\",\"inLanguage\":\"fr-FR\",\"@id\":\"https:\\\/\\\/secure.gravatar.com\\\/avatar\\\/492b80bada79439de4201dce15cd41eece6c277cfdf1b53382073c79105c1f89?s=96&d=mm&r=g\",\"url\":\"https:\\\/\\\/secure.gravatar.com\\\/avatar\\\/492b80bada79439de4201dce15cd41eece6c277cfdf1b53382073c79105c1f89?s=96&d=mm&r=g\",\"contentUrl\":\"https:\\\/\\\/secure.gravatar.com\\\/avatar\\\/492b80bada79439de4201dce15cd41eece6c277cfdf1b53382073c79105c1f89?s=96&d=mm&r=g\",\"caption\":\"AZ\"},\"url\":\"https:\\\/\\\/www.webdo.tn\\\/fr\\\/actualite\\\/author\\\/az\\\/\"}]}<\/script>\n<!-- \/ Yoast SEO Premium plugin. -->","yoast_head_json":{"title":"Tunisie : l\u2019ISIE officialise la r\u00e9\u00e9lection de Ka\u00efs Sa\u00efed","description":"Ka\u00efs Sa\u00efed est r\u00e9\u00e9lu pr\u00e9sident de la R\u00e9publique avec 90,69 % des voix lors de l'\u00e9lection du 6 octobre, selon les r\u00e9sultats valid\u00e9s par l'ISIE.","canonical":"https:\/\/www.webdo.tn\/fr\/actualite\/national\/tunisie-l-isie-officialise-la-reelection-de-kais-saied\/216944\/","og_locale":"fr_FR","og_type":"article","og_title":"Tunisie : l\u2019ISIE officialise la r\u00e9\u00e9lection de Ka\u00efs Sa\u00efed","og_description":"Ka\u00efs Sa\u00efed est r\u00e9\u00e9lu pr\u00e9sident de la R\u00e9publique avec 90,69 % des voix lors de l'\u00e9lection du 6 octobre, selon les r\u00e9sultats valid\u00e9s par l'ISIE.","og_url":"https:\/\/www.webdo.tn\/fr\/actualite\/national\/tunisie-l-isie-officialise-la-reelection-de-kais-saied\/216944\/","og_site_name":"webdo","article_publisher":"https:\/\/www.facebook.com\/webdotn","article_published_time":"2024-10-11T20:24:00+00:00","article_modified_time":"2025-05-21T09:07:16+00:00","og_image":[{"width":750,"height":400,"url":"https:\/\/www.webdo.tn\/fr\/wp-content\/uploads\/2024\/10\/6890a4dc4acb71ffb2db047adc5bb364.webp","type":"image\/webp"}],"author":"AZ","twitter_card":"summary_large_image","twitter_creator":"@webdo_tn","twitter_site":"@webdo_tn","twitter_misc":{"\u00c9crit par":"AZ","Dur\u00e9e de lecture estim\u00e9e":"1 minute"},"schema":{"@context":"https:\/\/schema.org","@graph":[{"@type":"NewsArticle","@id":"https:\/\/www.webdo.tn\/fr\/actualite\/national\/tunisie-l-isie-officialise-la-reelection-de-kais-saied\/216944\/#article","isPartOf":{"@id":"https:\/\/www.webdo.tn\/fr\/actualite\/national\/tunisie-l-isie-officialise-la-reelection-de-kais-saied\/216944\/"},"author":{"name":"AZ","@id":"https:\/\/www.webdo.tn\/fr\/#\/schema\/person\/b8a41c04d93287d375510db360906b34"},"headline":"Tunisie : l\u2019ISIE officialise la r\u00e9\u00e9lection de Ka\u00efs Sa\u00efed","datePublished":"2024-10-11T20:24:00+00:00","dateModified":"2025-05-21T09:07:16+00:00","mainEntityOfPage":{"@id":"https:\/\/www.webdo.tn\/fr\/actualite\/national\/tunisie-l-isie-officialise-la-reelection-de-kais-saied\/216944\/"},"wordCount":130,"commentCount":0,"publisher":{"@id":"https:\/\/www.webdo.tn\/fr\/#organization"},"image":{"@id":"https:\/\/www.webdo.tn\/fr\/actualite\/national\/tunisie-l-isie-officialise-la-reelection-de-kais-saied\/216944\/#primaryimage"},"thumbnailUrl":"https:\/\/www.webdo.tn\/fr\/wp-content\/uploads\/2024\/10\/6890a4dc4acb71ffb2db047adc5bb364.webp","keywords":["ISIE","Kais Saied","pr\u00e9sidentielle","Tunisie"],"articleSection":["National"],"inLanguage":"fr-FR"},{"@type":"WebPage","@id":"https:\/\/www.webdo.tn\/fr\/actualite\/national\/tunisie-l-isie-officialise-la-reelection-de-kais-saied\/216944\/","url":"https:\/\/www.webdo.tn\/fr\/actualite\/national\/tunisie-l-isie-officialise-la-reelection-de-kais-saied\/216944\/","name":"Tunisie : l\u2019ISIE officialise la r\u00e9\u00e9lection de Ka\u00efs Sa\u00efed","isPartOf":{"@id":"https:\/\/www.webdo.tn\/fr\/#website"},"primaryImageOfPage":{"@id":"https:\/\/www.webdo.tn\/fr\/actualite\/national\/tunisie-l-isie-officialise-la-reelection-de-kais-saied\/216944\/#primaryimage"},"image":{"@id":"https:\/\/www.webdo.tn\/fr\/actualite\/national\/tunisie-l-isie-officialise-la-reelection-de-kais-saied\/216944\/#primaryimage"},"thumbnailUrl":"https:\/\/www.webdo.tn\/fr\/wp-content\/uploads\/2024\/10\/6890a4dc4acb71ffb2db047adc5bb364.webp","datePublished":"2024-10-11T20:24:00+00:00","dateModified":"2025-05-21T09:07:16+00:00","description":"Ka\u00efs Sa\u00efed est r\u00e9\u00e9lu pr\u00e9sident de la R\u00e9publique avec 90,69 % des voix lors de l'\u00e9lection du 6 octobre, selon les r\u00e9sultats valid\u00e9s par l'ISIE.","breadcrumb":{"@id":"https:\/\/www.webdo.tn\/fr\/actualite\/national\/tunisie-l-isie-officialise-la-reelection-de-kais-saied\/216944\/#breadcrumb"},"inLanguage":"fr-FR","potentialAction":[{"@type":"ReadAction","target":["https:\/\/www.webdo.tn\/fr\/actualite\/national\/tunisie-l-isie-officialise-la-reelection-de-kais-saied\/216944\/"]}]},{"@type":"ImageObject","inLanguage":"fr-FR","@id":"https:\/\/www.webdo.tn\/fr\/actualite\/national\/tunisie-l-isie-officialise-la-reelection-de-kais-saied\/216944\/#primaryimage","url":"https:\/\/www.webdo.tn\/fr\/wp-content\/uploads\/2024\/10\/6890a4dc4acb71ffb2db047adc5bb364.webp","contentUrl":"https:\/\/www.webdo.tn\/fr\/wp-content\/uploads\/2024\/10\/6890a4dc4acb71ffb2db047adc5bb364.webp","width":750,"height":400,"caption":"Tunisie : l\u2019ISIE officialise la r\u00e9\u00e9lection de Ka\u00efs Sa\u00efed"},{"@type":"BreadcrumbList","@id":"https:\/\/www.webdo.tn\/fr\/actualite\/national\/tunisie-l-isie-officialise-la-reelection-de-kais-saied\/216944\/#breadcrumb","itemListElement":[{"@type":"ListItem","position":1,"name":"Accueil","item":"https:\/\/www.webdo.tn\/fr\/"},{"@type":"ListItem","position":2,"name":"Tunisie : l\u2019ISIE officialise la r\u00e9\u00e9lection de Ka\u00efs Sa\u00efed"}]},{"@type":"WebSite","@id":"https:\/\/www.webdo.tn\/fr\/#website","url":"https:\/\/www.webdo.tn\/fr\/","name":"webdo","description":"Tunisie - News en Tunisie et \u00e0 l&#039;international sur Webdo.tn","publisher":{"@id":"https:\/\/www.webdo.tn\/fr\/#organization"},"potentialAction":[{"@type":"SearchAction","target":{"@type":"EntryPoint","urlTemplate":"https:\/\/www.webdo.tn\/fr\/?s={search_term_string}"},"query-input":{"@type":"PropertyValueSpecification","valueRequired":true,"valueName":"search_term_string"}}],"inLanguage":"fr-FR"},{"@type":"Organization","@id":"https:\/\/www.webdo.tn\/fr\/#organization","name":"Webdo","alternateName":"Webdo.tn","url":"https:\/\/www.webdo.tn\/fr\/","logo":{"@type":"ImageObject","inLanguage":"fr-FR","@id":"https:\/\/www.webdo.tn\/fr\/#\/schema\/logo\/image\/","url":"https:\/\/www.webdo.tn\/fr\/wp-content\/uploads\/2025\/06\/Webdo-Tunisie_168377.jpg","contentUrl":"https:\/\/www.webdo.tn\/fr\/wp-content\/uploads\/2025\/06\/Webdo-Tunisie_168377.jpg","width":301,"height":301,"caption":"Webdo"},"image":{"@id":"https:\/\/www.webdo.tn\/fr\/#\/schema\/logo\/image\/"},"sameAs":["https:\/\/www.facebook.com\/webdotn","https:\/\/x.com\/webdo_tn"],"description":"Webdo est un m\u00e9dia num\u00e9rique tunisien fond\u00e9 en 2010, sp\u00e9cialis\u00e9 dans l\u2019actualit\u00e9 nationale et internationale, l\u2019\u00e9conomie, la soci\u00e9t\u00e9 et les analyses politiques. Le site s\u2019adresse \u00e0 un large public francophone et couvre l\u2019information tunisienne en temps r\u00e9el.","email":"redac@webdo.tn","legalName":"YNJ SARL","foundingDate":"2010-09-06","numberOfEmployees":{"@type":"QuantitativeValue","minValue":"11","maxValue":"50"}},{"@type":"Person","@id":"https:\/\/www.webdo.tn\/fr\/#\/schema\/person\/b8a41c04d93287d375510db360906b34","name":"AZ","image":{"@type":"ImageObject","inLanguage":"fr-FR","@id":"https:\/\/secure.gravatar.com\/avatar\/492b80bada79439de4201dce15cd41eece6c277cfdf1b53382073c79105c1f89?s=96&d=mm&r=g","url":"https:\/\/secure.gravatar.com\/avatar\/492b80bada79439de4201dce15cd41eece6c277cfdf1b53382073c79105c1f89?s=96&d=mm&r=g","contentUrl":"https:\/\/secure.gravatar.com\/avatar\/492b80bada79439de4201dce15cd41eece6c277cfdf1b53382073c79105c1f89?s=96&d=mm&r=g","caption":"AZ"},"url":"https:\/\/www.webdo.tn\/fr\/actualite\/author\/az\/"}]}},"_links":{"self":[{"href":"https:\/\/www.webdo.tn\/fr\/wp-json\/wp\/v2\/posts\/216944","targetHints":{"allow":["GET"]}}],"collection":[{"href":"https:\/\/www.webdo.tn\/fr\/wp-json\/wp\/v2\/posts"}],"about":[{"href":"https:\/\/www.webdo.tn\/fr\/wp-json\/wp\/v2\/types\/post"}],"author":[{"embeddable":true,"href":"https:\/\/www.webdo.tn\/fr\/wp-json\/wp\/v2\/users\/3166"}],"replies":[{"embeddable":true,"href":"https:\/\/www.webdo.tn\/fr\/wp-json\/wp\/v2\/comments?post=216944"}],"version-history":[{"count":0,"href":"https:\/\/www.webdo.tn\/fr\/wp-json\/wp\/v2\/posts\/216944\/revisions"}],"wp:featuredmedia":[{"embeddable":true,"href":"https:\/\/www.webdo.tn\/fr\/wp-json\/wp\/v2\/media\/291181"}],"wp:attachment":[{"href":"https:\/\/www.webdo.tn\/fr\/wp-json\/wp\/v2\/media?parent=216944"}],"wp:term":[{"taxonomy":"category","embeddable":true,"href":"https:\/\/www.webdo.tn\/fr\/wp-json\/wp\/v2\/categories?post=216944"},{"taxonomy":"post_tag","embeddable":true,"href":"https:\/\/www.webdo.tn\/fr\/wp-json\/wp\/v2\/tags?post=216944"}],"curies":[{"name":"wp","href":"https:\/\/api.w.org\/{rel}","templated":true}]}}