{"id":216941,"date":"2024-10-11T19:22:00","date_gmt":"2024-10-11T19:22:00","guid":{"rendered":"https:\/\/www.webdo.tn\/fr\/blog\/eliminatoires-can-2025-la-composition-de-la-tunisie-face-au-comores\/216941\/"},"modified":"2025-05-21T09:02:46","modified_gmt":"2025-05-21T09:02:46","slug":"eliminatoires-can-2025-la-composition-de-la-tunisie-face-au-comores","status":"publish","type":"post","link":"https:\/\/www.webdo.tn\/fr\/actualite\/sport\/eliminatoires-can-2025-la-composition-de-la-tunisie-face-au-comores\/216941\/","title":{"rendered":"Eliminatoires CAN 2025  : La composition de la Tunisie face au Comores"},"content":{"rendered":"<p>Ce vendredi, la s\u00e9lection tunisienne de football rencontrera les Comores lors de la 3e journ\u00e9e du groupe A.<\/p>\n<p>\t\t\t\t\t\t\t\t\tVoici la composition de l&rsquo;\u00e9quipe tunisienne pour cette rencontre :<\/p>\n<p>Titulaire :<\/p>\n<p>\t1 Amanallah Memiche<br \/>\n\t20 Raed Bouchniba<br \/>\n\t3 Montassar Talbi<br \/>\n\t4 Yassine Merieh<br \/>\n\t6 Med Amine Ben Hmida<br \/>\n\t5 Med Ali Ben Romdhane<br \/>\n\t7 Youssef Msakni<br \/>\n\t8 Hamza Rafia<br \/>\n\t13 Ferjani Sassi<br \/>\n\t14 Aissa Laidouni<br \/>\n\t11 Seifeddine Jaziri<\/p>\n<p>Rempla\u00e7ants :<\/p>\n<p>\tBechir Ben Said<br \/>\n\tElyes Skhiri<br \/>\n\tHoussem Ben Ali<br \/>\n\tBilel Mejbri<br \/>\n\tYassine Meriah<br \/>\n\tWajdi Kechrida<br \/>\n\tHoussem Tka<\/p>\n<p>Entra\u00eeneur : Faouzi Benzarti<\/p>\n<p>La rencontre se d\u00e9roulera au stade Hammadi Agrebi de Rades et d\u00e9butera \u00e0 20h00. L&rsquo;arbitre nig\u00e9rian Joseph Odey Ogabor officiera la rencontre, qui sera diffus\u00e9e sur Watania 1 et beIN Sports ar 2.<\/p>\n","protected":false},"excerpt":{"rendered":"<p>D\u00e9couvrez la composition de l&rsquo;\u00e9quipe tunisienne de football pour le match contre les Comores, pr\u00e9vu ce vendredi au stade Hammadi Agrebi de Rades.<\/p>\n","protected":false},"author":3166,"featured_media":246363,"comment_status":"open","ping_status":"closed","sticky":false,"template":"","format":"standard","meta":{"footnotes":""},"categories":[2593],"tags":[5292,5464,3957,5408,5244,3520,2622,2608,5465],"class_list":["post-216941","post","type-post","status-publish","format-standard","has-post-thumbnail","hentry","category-sport","tag-aigles-de-carthage","tag-bein-sports","tag-can-2025","tag-comores","tag-composition","tag-eliminatoires","tag-football","tag-tunisie","tag-watania-1"],"yoast_head":"<!-- This site is optimized with the Yoast SEO Premium plugin v27.5 (Yoast SEO v27.5) - https:\/\/yoast.com\/product\/yoast-seo-premium-wordpress\/ -->\n<title>Eliminatoires CAN 2025 : La composition de la Tunisie face au Comores<\/title>\n<meta name=\"description\" content=\"D\u00e9couvrez la composition de l&#039;\u00e9quipe tunisienne de football pour le match contre les Comores, pr\u00e9vu ce vendredi au stade Hammadi Agrebi de Rades.\" \/>\n<link rel=\"canonical\" href=\"https:\/\/www.webdo.tn\/fr\/actualite\/sport\/eliminatoires-can-2025-la-composition-de-la-tunisie-face-au-comores\/216941\/\" \/>\n<meta property=\"og:locale\" content=\"fr_FR\" \/>\n<meta property=\"og:type\" content=\"article\" \/>\n<meta property=\"og:title\" content=\"Eliminatoires CAN 2025 : La composition de la Tunisie face au Comores\" \/>\n<meta property=\"og:description\" content=\"D\u00e9couvrez la composition de l&#039;\u00e9quipe tunisienne de football pour le match contre les Comores, pr\u00e9vu ce vendredi au stade Hammadi Agrebi de Rades.\" \/>\n<meta property=\"og:url\" content=\"https:\/\/www.webdo.tn\/fr\/actualite\/sport\/eliminatoires-can-2025-la-composition-de-la-tunisie-face-au-comores\/216941\/\" \/>\n<meta property=\"og:site_name\" content=\"webdo\" \/>\n<meta property=\"article:publisher\" content=\"https:\/\/www.facebook.com\/webdotn\" \/>\n<meta property=\"article:published_time\" content=\"2024-10-11T19:22:00+00:00\" \/>\n<meta property=\"article:modified_time\" content=\"2025-05-21T09:02:46+00:00\" \/>\n<meta property=\"og:image\" content=\"https:\/\/www.webdo.tn\/fr\/wp-content\/uploads\/2024\/10\/4ea30d4d495f14ea76f0ecc4dacf5cd4.webp\" \/>\n\t<meta property=\"og:image:width\" content=\"750\" \/>\n\t<meta property=\"og:image:height\" content=\"400\" \/>\n\t<meta property=\"og:image:type\" content=\"image\/webp\" \/>\n<meta name=\"author\" content=\"AZ\" \/>\n<meta name=\"twitter:card\" content=\"summary_large_image\" \/>\n<meta name=\"twitter:creator\" content=\"@webdo_tn\" \/>\n<meta name=\"twitter:site\" content=\"@webdo_tn\" \/>\n<meta name=\"twitter:label1\" content=\"\u00c9crit par\" \/>\n\t<meta name=\"twitter:data1\" content=\"AZ\" \/>\n\t<meta name=\"twitter:label2\" content=\"Dur\u00e9e de lecture estim\u00e9e\" \/>\n\t<meta name=\"twitter:data2\" content=\"1 minute\" \/>\n<script type=\"application\/ld+json\" class=\"yoast-schema-graph\">{\"@context\":\"https:\\\/\\\/schema.org\",\"@graph\":[{\"@type\":\"NewsArticle\",\"@id\":\"https:\\\/\\\/www.webdo.tn\\\/fr\\\/actualite\\\/sport\\\/eliminatoires-can-2025-la-composition-de-la-tunisie-face-au-comores\\\/216941\\\/#article\",\"isPartOf\":{\"@id\":\"https:\\\/\\\/www.webdo.tn\\\/fr\\\/actualite\\\/sport\\\/eliminatoires-can-2025-la-composition-de-la-tunisie-face-au-comores\\\/216941\\\/\"},\"author\":{\"name\":\"AZ\",\"@id\":\"https:\\\/\\\/www.webdo.tn\\\/fr\\\/#\\\/schema\\\/person\\\/b8a41c04d93287d375510db360906b34\"},\"headline\":\"Eliminatoires CAN 2025 : La composition de la Tunisie face au Comores\",\"datePublished\":\"2024-10-11T19:22:00+00:00\",\"dateModified\":\"2025-05-21T09:02:46+00:00\",\"mainEntityOfPage\":{\"@id\":\"https:\\\/\\\/www.webdo.tn\\\/fr\\\/actualite\\\/sport\\\/eliminatoires-can-2025-la-composition-de-la-tunisie-face-au-comores\\\/216941\\\/\"},\"wordCount\":124,\"commentCount\":0,\"publisher\":{\"@id\":\"https:\\\/\\\/www.webdo.tn\\\/fr\\\/#organization\"},\"image\":{\"@id\":\"https:\\\/\\\/www.webdo.tn\\\/fr\\\/actualite\\\/sport\\\/eliminatoires-can-2025-la-composition-de-la-tunisie-face-au-comores\\\/216941\\\/#primaryimage\"},\"thumbnailUrl\":\"https:\\\/\\\/www.webdo.tn\\\/fr\\\/wp-content\\\/uploads\\\/2024\\\/10\\\/4ea30d4d495f14ea76f0ecc4dacf5cd4.webp\",\"keywords\":[\"aigles de carthage\",\"beIN SPORTS\",\"CAN 2025\",\"Comores\",\"Composition\",\"\u00e9liminatoires\",\"football\",\"Tunisie\",\"watania 1\"],\"articleSection\":[\"Sport\"],\"inLanguage\":\"fr-FR\"},{\"@type\":\"WebPage\",\"@id\":\"https:\\\/\\\/www.webdo.tn\\\/fr\\\/actualite\\\/sport\\\/eliminatoires-can-2025-la-composition-de-la-tunisie-face-au-comores\\\/216941\\\/\",\"url\":\"https:\\\/\\\/www.webdo.tn\\\/fr\\\/actualite\\\/sport\\\/eliminatoires-can-2025-la-composition-de-la-tunisie-face-au-comores\\\/216941\\\/\",\"name\":\"Eliminatoires CAN 2025 : La composition de la Tunisie face au Comores\",\"isPartOf\":{\"@id\":\"https:\\\/\\\/www.webdo.tn\\\/fr\\\/#website\"},\"primaryImageOfPage\":{\"@id\":\"https:\\\/\\\/www.webdo.tn\\\/fr\\\/actualite\\\/sport\\\/eliminatoires-can-2025-la-composition-de-la-tunisie-face-au-comores\\\/216941\\\/#primaryimage\"},\"image\":{\"@id\":\"https:\\\/\\\/www.webdo.tn\\\/fr\\\/actualite\\\/sport\\\/eliminatoires-can-2025-la-composition-de-la-tunisie-face-au-comores\\\/216941\\\/#primaryimage\"},\"thumbnailUrl\":\"https:\\\/\\\/www.webdo.tn\\\/fr\\\/wp-content\\\/uploads\\\/2024\\\/10\\\/4ea30d4d495f14ea76f0ecc4dacf5cd4.webp\",\"datePublished\":\"2024-10-11T19:22:00+00:00\",\"dateModified\":\"2025-05-21T09:02:46+00:00\",\"description\":\"D\u00e9couvrez la composition de l'\u00e9quipe tunisienne de football pour le match contre les Comores, pr\u00e9vu ce vendredi au stade Hammadi Agrebi de Rades.\",\"breadcrumb\":{\"@id\":\"https:\\\/\\\/www.webdo.tn\\\/fr\\\/actualite\\\/sport\\\/eliminatoires-can-2025-la-composition-de-la-tunisie-face-au-comores\\\/216941\\\/#breadcrumb\"},\"inLanguage\":\"fr-FR\",\"potentialAction\":[{\"@type\":\"ReadAction\",\"target\":[\"https:\\\/\\\/www.webdo.tn\\\/fr\\\/actualite\\\/sport\\\/eliminatoires-can-2025-la-composition-de-la-tunisie-face-au-comores\\\/216941\\\/\"]}]},{\"@type\":\"ImageObject\",\"inLanguage\":\"fr-FR\",\"@id\":\"https:\\\/\\\/www.webdo.tn\\\/fr\\\/actualite\\\/sport\\\/eliminatoires-can-2025-la-composition-de-la-tunisie-face-au-comores\\\/216941\\\/#primaryimage\",\"url\":\"https:\\\/\\\/www.webdo.tn\\\/fr\\\/wp-content\\\/uploads\\\/2024\\\/10\\\/4ea30d4d495f14ea76f0ecc4dacf5cd4.webp\",\"contentUrl\":\"https:\\\/\\\/www.webdo.tn\\\/fr\\\/wp-content\\\/uploads\\\/2024\\\/10\\\/4ea30d4d495f14ea76f0ecc4dacf5cd4.webp\",\"width\":750,\"height\":400,\"caption\":\"Eliminatoires CAN 2025 : La composition de la Tunisie face au Comores\"},{\"@type\":\"BreadcrumbList\",\"@id\":\"https:\\\/\\\/www.webdo.tn\\\/fr\\\/actualite\\\/sport\\\/eliminatoires-can-2025-la-composition-de-la-tunisie-face-au-comores\\\/216941\\\/#breadcrumb\",\"itemListElement\":[{\"@type\":\"ListItem\",\"position\":1,\"name\":\"Accueil\",\"item\":\"https:\\\/\\\/www.webdo.tn\\\/fr\\\/\"},{\"@type\":\"ListItem\",\"position\":2,\"name\":\"Eliminatoires CAN 2025 : La composition de la Tunisie face au Comores\"}]},{\"@type\":\"WebSite\",\"@id\":\"https:\\\/\\\/www.webdo.tn\\\/fr\\\/#website\",\"url\":\"https:\\\/\\\/www.webdo.tn\\\/fr\\\/\",\"name\":\"webdo\",\"description\":\"Tunisie - News en Tunisie et \u00e0 l&#039;international sur Webdo.tn\",\"publisher\":{\"@id\":\"https:\\\/\\\/www.webdo.tn\\\/fr\\\/#organization\"},\"potentialAction\":[{\"@type\":\"SearchAction\",\"target\":{\"@type\":\"EntryPoint\",\"urlTemplate\":\"https:\\\/\\\/www.webdo.tn\\\/fr\\\/?s={search_term_string}\"},\"query-input\":{\"@type\":\"PropertyValueSpecification\",\"valueRequired\":true,\"valueName\":\"search_term_string\"}}],\"inLanguage\":\"fr-FR\"},{\"@type\":\"Organization\",\"@id\":\"https:\\\/\\\/www.webdo.tn\\\/fr\\\/#organization\",\"name\":\"Webdo\",\"alternateName\":\"Webdo.tn\",\"url\":\"https:\\\/\\\/www.webdo.tn\\\/fr\\\/\",\"logo\":{\"@type\":\"ImageObject\",\"inLanguage\":\"fr-FR\",\"@id\":\"https:\\\/\\\/www.webdo.tn\\\/fr\\\/#\\\/schema\\\/logo\\\/image\\\/\",\"url\":\"https:\\\/\\\/www.webdo.tn\\\/fr\\\/wp-content\\\/uploads\\\/2025\\\/06\\\/Webdo-Tunisie_168377.jpg\",\"contentUrl\":\"https:\\\/\\\/www.webdo.tn\\\/fr\\\/wp-content\\\/uploads\\\/2025\\\/06\\\/Webdo-Tunisie_168377.jpg\",\"width\":301,\"height\":301,\"caption\":\"Webdo\"},\"image\":{\"@id\":\"https:\\\/\\\/www.webdo.tn\\\/fr\\\/#\\\/schema\\\/logo\\\/image\\\/\"},\"sameAs\":[\"https:\\\/\\\/www.facebook.com\\\/webdotn\",\"https:\\\/\\\/x.com\\\/webdo_tn\"],\"description\":\"Webdo est un m\u00e9dia num\u00e9rique tunisien fond\u00e9 en 2010, sp\u00e9cialis\u00e9 dans l\u2019actualit\u00e9 nationale et internationale, l\u2019\u00e9conomie, la soci\u00e9t\u00e9 et les analyses politiques. Le site s\u2019adresse \u00e0 un large public francophone et couvre l\u2019information tunisienne en temps r\u00e9el.\",\"email\":\"redac@webdo.tn\",\"legalName\":\"YNJ SARL\",\"foundingDate\":\"2010-09-06\",\"numberOfEmployees\":{\"@type\":\"QuantitativeValue\",\"minValue\":\"11\",\"maxValue\":\"50\"}},{\"@type\":\"Person\",\"@id\":\"https:\\\/\\\/www.webdo.tn\\\/fr\\\/#\\\/schema\\\/person\\\/b8a41c04d93287d375510db360906b34\",\"name\":\"AZ\",\"image\":{\"@type\":\"ImageObject\",\"inLanguage\":\"fr-FR\",\"@id\":\"https:\\\/\\\/secure.gravatar.com\\\/avatar\\\/492b80bada79439de4201dce15cd41eece6c277cfdf1b53382073c79105c1f89?s=96&d=mm&r=g\",\"url\":\"https:\\\/\\\/secure.gravatar.com\\\/avatar\\\/492b80bada79439de4201dce15cd41eece6c277cfdf1b53382073c79105c1f89?s=96&d=mm&r=g\",\"contentUrl\":\"https:\\\/\\\/secure.gravatar.com\\\/avatar\\\/492b80bada79439de4201dce15cd41eece6c277cfdf1b53382073c79105c1f89?s=96&d=mm&r=g\",\"caption\":\"AZ\"},\"url\":\"https:\\\/\\\/www.webdo.tn\\\/fr\\\/actualite\\\/author\\\/az\\\/\"}]}<\/script>\n<!-- \/ Yoast SEO Premium plugin. -->","yoast_head_json":{"title":"Eliminatoires CAN 2025 : La composition de la Tunisie face au Comores","description":"D\u00e9couvrez la composition de l'\u00e9quipe tunisienne de football pour le match contre les Comores, pr\u00e9vu ce vendredi au stade Hammadi Agrebi de Rades.","canonical":"https:\/\/www.webdo.tn\/fr\/actualite\/sport\/eliminatoires-can-2025-la-composition-de-la-tunisie-face-au-comores\/216941\/","og_locale":"fr_FR","og_type":"article","og_title":"Eliminatoires CAN 2025 : La composition de la Tunisie face au Comores","og_description":"D\u00e9couvrez la composition de l'\u00e9quipe tunisienne de football pour le match contre les Comores, pr\u00e9vu ce vendredi au stade Hammadi Agrebi de Rades.","og_url":"https:\/\/www.webdo.tn\/fr\/actualite\/sport\/eliminatoires-can-2025-la-composition-de-la-tunisie-face-au-comores\/216941\/","og_site_name":"webdo","article_publisher":"https:\/\/www.facebook.com\/webdotn","article_published_time":"2024-10-11T19:22:00+00:00","article_modified_time":"2025-05-21T09:02:46+00:00","og_image":[{"width":750,"height":400,"url":"https:\/\/www.webdo.tn\/fr\/wp-content\/uploads\/2024\/10\/4ea30d4d495f14ea76f0ecc4dacf5cd4.webp","type":"image\/webp"}],"author":"AZ","twitter_card":"summary_large_image","twitter_creator":"@webdo_tn","twitter_site":"@webdo_tn","twitter_misc":{"\u00c9crit par":"AZ","Dur\u00e9e de lecture estim\u00e9e":"1 minute"},"schema":{"@context":"https:\/\/schema.org","@graph":[{"@type":"NewsArticle","@id":"https:\/\/www.webdo.tn\/fr\/actualite\/sport\/eliminatoires-can-2025-la-composition-de-la-tunisie-face-au-comores\/216941\/#article","isPartOf":{"@id":"https:\/\/www.webdo.tn\/fr\/actualite\/sport\/eliminatoires-can-2025-la-composition-de-la-tunisie-face-au-comores\/216941\/"},"author":{"name":"AZ","@id":"https:\/\/www.webdo.tn\/fr\/#\/schema\/person\/b8a41c04d93287d375510db360906b34"},"headline":"Eliminatoires CAN 2025 : La composition de la Tunisie face au Comores","datePublished":"2024-10-11T19:22:00+00:00","dateModified":"2025-05-21T09:02:46+00:00","mainEntityOfPage":{"@id":"https:\/\/www.webdo.tn\/fr\/actualite\/sport\/eliminatoires-can-2025-la-composition-de-la-tunisie-face-au-comores\/216941\/"},"wordCount":124,"commentCount":0,"publisher":{"@id":"https:\/\/www.webdo.tn\/fr\/#organization"},"image":{"@id":"https:\/\/www.webdo.tn\/fr\/actualite\/sport\/eliminatoires-can-2025-la-composition-de-la-tunisie-face-au-comores\/216941\/#primaryimage"},"thumbnailUrl":"https:\/\/www.webdo.tn\/fr\/wp-content\/uploads\/2024\/10\/4ea30d4d495f14ea76f0ecc4dacf5cd4.webp","keywords":["aigles de carthage","beIN SPORTS","CAN 2025","Comores","Composition","\u00e9liminatoires","football","Tunisie","watania 1"],"articleSection":["Sport"],"inLanguage":"fr-FR"},{"@type":"WebPage","@id":"https:\/\/www.webdo.tn\/fr\/actualite\/sport\/eliminatoires-can-2025-la-composition-de-la-tunisie-face-au-comores\/216941\/","url":"https:\/\/www.webdo.tn\/fr\/actualite\/sport\/eliminatoires-can-2025-la-composition-de-la-tunisie-face-au-comores\/216941\/","name":"Eliminatoires CAN 2025 : La composition de la Tunisie face au Comores","isPartOf":{"@id":"https:\/\/www.webdo.tn\/fr\/#website"},"primaryImageOfPage":{"@id":"https:\/\/www.webdo.tn\/fr\/actualite\/sport\/eliminatoires-can-2025-la-composition-de-la-tunisie-face-au-comores\/216941\/#primaryimage"},"image":{"@id":"https:\/\/www.webdo.tn\/fr\/actualite\/sport\/eliminatoires-can-2025-la-composition-de-la-tunisie-face-au-comores\/216941\/#primaryimage"},"thumbnailUrl":"https:\/\/www.webdo.tn\/fr\/wp-content\/uploads\/2024\/10\/4ea30d4d495f14ea76f0ecc4dacf5cd4.webp","datePublished":"2024-10-11T19:22:00+00:00","dateModified":"2025-05-21T09:02:46+00:00","description":"D\u00e9couvrez la composition de l'\u00e9quipe tunisienne de football pour le match contre les Comores, pr\u00e9vu ce vendredi au stade Hammadi Agrebi de Rades.","breadcrumb":{"@id":"https:\/\/www.webdo.tn\/fr\/actualite\/sport\/eliminatoires-can-2025-la-composition-de-la-tunisie-face-au-comores\/216941\/#breadcrumb"},"inLanguage":"fr-FR","potentialAction":[{"@type":"ReadAction","target":["https:\/\/www.webdo.tn\/fr\/actualite\/sport\/eliminatoires-can-2025-la-composition-de-la-tunisie-face-au-comores\/216941\/"]}]},{"@type":"ImageObject","inLanguage":"fr-FR","@id":"https:\/\/www.webdo.tn\/fr\/actualite\/sport\/eliminatoires-can-2025-la-composition-de-la-tunisie-face-au-comores\/216941\/#primaryimage","url":"https:\/\/www.webdo.tn\/fr\/wp-content\/uploads\/2024\/10\/4ea30d4d495f14ea76f0ecc4dacf5cd4.webp","contentUrl":"https:\/\/www.webdo.tn\/fr\/wp-content\/uploads\/2024\/10\/4ea30d4d495f14ea76f0ecc4dacf5cd4.webp","width":750,"height":400,"caption":"Eliminatoires CAN 2025 : La composition de la Tunisie face au Comores"},{"@type":"BreadcrumbList","@id":"https:\/\/www.webdo.tn\/fr\/actualite\/sport\/eliminatoires-can-2025-la-composition-de-la-tunisie-face-au-comores\/216941\/#breadcrumb","itemListElement":[{"@type":"ListItem","position":1,"name":"Accueil","item":"https:\/\/www.webdo.tn\/fr\/"},{"@type":"ListItem","position":2,"name":"Eliminatoires CAN 2025 : La composition de la Tunisie face au Comores"}]},{"@type":"WebSite","@id":"https:\/\/www.webdo.tn\/fr\/#website","url":"https:\/\/www.webdo.tn\/fr\/","name":"webdo","description":"Tunisie - News en Tunisie et \u00e0 l&#039;international sur Webdo.tn","publisher":{"@id":"https:\/\/www.webdo.tn\/fr\/#organization"},"potentialAction":[{"@type":"SearchAction","target":{"@type":"EntryPoint","urlTemplate":"https:\/\/www.webdo.tn\/fr\/?s={search_term_string}"},"query-input":{"@type":"PropertyValueSpecification","valueRequired":true,"valueName":"search_term_string"}}],"inLanguage":"fr-FR"},{"@type":"Organization","@id":"https:\/\/www.webdo.tn\/fr\/#organization","name":"Webdo","alternateName":"Webdo.tn","url":"https:\/\/www.webdo.tn\/fr\/","logo":{"@type":"ImageObject","inLanguage":"fr-FR","@id":"https:\/\/www.webdo.tn\/fr\/#\/schema\/logo\/image\/","url":"https:\/\/www.webdo.tn\/fr\/wp-content\/uploads\/2025\/06\/Webdo-Tunisie_168377.jpg","contentUrl":"https:\/\/www.webdo.tn\/fr\/wp-content\/uploads\/2025\/06\/Webdo-Tunisie_168377.jpg","width":301,"height":301,"caption":"Webdo"},"image":{"@id":"https:\/\/www.webdo.tn\/fr\/#\/schema\/logo\/image\/"},"sameAs":["https:\/\/www.facebook.com\/webdotn","https:\/\/x.com\/webdo_tn"],"description":"Webdo est un m\u00e9dia num\u00e9rique tunisien fond\u00e9 en 2010, sp\u00e9cialis\u00e9 dans l\u2019actualit\u00e9 nationale et internationale, l\u2019\u00e9conomie, la soci\u00e9t\u00e9 et les analyses politiques. Le site s\u2019adresse \u00e0 un large public francophone et couvre l\u2019information tunisienne en temps r\u00e9el.","email":"redac@webdo.tn","legalName":"YNJ SARL","foundingDate":"2010-09-06","numberOfEmployees":{"@type":"QuantitativeValue","minValue":"11","maxValue":"50"}},{"@type":"Person","@id":"https:\/\/www.webdo.tn\/fr\/#\/schema\/person\/b8a41c04d93287d375510db360906b34","name":"AZ","image":{"@type":"ImageObject","inLanguage":"fr-FR","@id":"https:\/\/secure.gravatar.com\/avatar\/492b80bada79439de4201dce15cd41eece6c277cfdf1b53382073c79105c1f89?s=96&d=mm&r=g","url":"https:\/\/secure.gravatar.com\/avatar\/492b80bada79439de4201dce15cd41eece6c277cfdf1b53382073c79105c1f89?s=96&d=mm&r=g","contentUrl":"https:\/\/secure.gravatar.com\/avatar\/492b80bada79439de4201dce15cd41eece6c277cfdf1b53382073c79105c1f89?s=96&d=mm&r=g","caption":"AZ"},"url":"https:\/\/www.webdo.tn\/fr\/actualite\/author\/az\/"}]}},"_links":{"self":[{"href":"https:\/\/www.webdo.tn\/fr\/wp-json\/wp\/v2\/posts\/216941","targetHints":{"allow":["GET"]}}],"collection":[{"href":"https:\/\/www.webdo.tn\/fr\/wp-json\/wp\/v2\/posts"}],"about":[{"href":"https:\/\/www.webdo.tn\/fr\/wp-json\/wp\/v2\/types\/post"}],"author":[{"embeddable":true,"href":"https:\/\/www.webdo.tn\/fr\/wp-json\/wp\/v2\/users\/3166"}],"replies":[{"embeddable":true,"href":"https:\/\/www.webdo.tn\/fr\/wp-json\/wp\/v2\/comments?post=216941"}],"version-history":[{"count":0,"href":"https:\/\/www.webdo.tn\/fr\/wp-json\/wp\/v2\/posts\/216941\/revisions"}],"wp:featuredmedia":[{"embeddable":true,"href":"https:\/\/www.webdo.tn\/fr\/wp-json\/wp\/v2\/media\/246363"}],"wp:attachment":[{"href":"https:\/\/www.webdo.tn\/fr\/wp-json\/wp\/v2\/media?parent=216941"}],"wp:term":[{"taxonomy":"category","embeddable":true,"href":"https:\/\/www.webdo.tn\/fr\/wp-json\/wp\/v2\/categories?post=216941"},{"taxonomy":"post_tag","embeddable":true,"href":"https:\/\/www.webdo.tn\/fr\/wp-json\/wp\/v2\/tags?post=216941"}],"curies":[{"name":"wp","href":"https:\/\/api.w.org\/{rel}","templated":true}]}}