{"id":216934,"date":"2024-10-11T12:42:00","date_gmt":"2024-10-11T12:42:00","guid":{"rendered":"https:\/\/www.webdo.tn\/fr\/blog\/tunisie-la-demande-de-liberation-de-bechir-akremi-rejetee\/216934\/"},"modified":"2025-05-20T21:47:57","modified_gmt":"2025-05-20T21:47:57","slug":"tunisie-la-demande-de-liberation-de-bechir-akremi-rejetee","status":"publish","type":"post","link":"https:\/\/www.webdo.tn\/fr\/actualite\/national\/tunisie-la-demande-de-liberation-de-bechir-akremi-rejetee\/216934\/","title":{"rendered":"Tunisie : La demande de lib\u00e9ration de B\u00e9chir Akremi rejet\u00e9e"},"content":{"rendered":"<p>D\u00e9tenu depuis f\u00e9vrier 2023 et gard\u00e9 \u00e0 la disposition de l&rsquo;affaire relative \u00e0 l&rsquo;assassinat du martyr Chokri Bela\u00efd, l&rsquo;ancien procureur de la R\u00e9publique B\u00e9chir Akremi a vu sa demande de lib\u00e9ration rejet\u00e9e.<\/p>\n<p>\t\t\t\t\t\t\t\t\tLa Chambre d&rsquo;accusation charg\u00e9e d&rsquo;examiner les affaires de terrorisme aupr\u00e8s de la Cour d&rsquo;appel de Tunis a rejet\u00e9 la demande de lib\u00e9ration de B\u00e9chir Akermi et a \u00e9galement d\u00e9cid\u00e9 de le d\u00e9f\u00e9rer devant la Chambre criminelle, selon son avocat Hamadi Zaafrani.<\/p>\n<p>B\u00e9chir Akremi, ancien procureur du Tribunal de premi\u00e8re instance de Tunis, reste donc en d\u00e9tention pr\u00e9ventive sachant qu\u2019il fait l\u2019objet d\u2019un mandat de d\u00e9p\u00f4t d\u00e9livr\u00e9 en juillet 2023 par le doyen des juges d&rsquo;instruction.<\/p>\n<p>Pour rappel, la chambre d&rsquo;accusation n\u00b010 de la Cour d&rsquo;appel avait, le 11 juin dernier, refus\u00e9 la lib\u00e9ration de B\u00e9chir Akremi, pour des accusations de falsification li\u00e9es \u00e0 l&rsquo;abandon de charges dans l&rsquo;affaire de l&rsquo;assassinat de Chokri Bela\u00efd. Apr\u00e8s sa r\u00e9vocation de ses fonctions, Akremi a \u00e9t\u00e9 renvoy\u00e9 devant la chambre criminelle pour escroquerie et falsification.<\/p>\n<p>Un mandat de d\u00e9p\u00f4t avait \u00e9t\u00e9 \u00e9mis contre lui \u00e0 la suite d&rsquo;une plainte du Parti des Patriotes D\u00e9mocratiques Unis et des proches de Mohamed Brahmi. Des mandats d&rsquo;arr\u00eat avaient \u00e9galement \u00e9t\u00e9 \u00e9mis en mars et juillet 2023 pour des infractions pr\u00e9sum\u00e9es dans les affaires Bela\u00efd et Brahmi.<\/p>\n","protected":false},"excerpt":{"rendered":"<p>La Chambre d&rsquo;accusation charg\u00e9e d&rsquo;examiner les affaires de terrorisme aupr\u00e8s de la Cour d&rsquo;appel de Tunis a rejet\u00e9 la demande de lib\u00e9ration de B\u00e9chir Akermi et a&#8230;<\/p>\n","protected":false},"author":3162,"featured_media":246357,"comment_status":"open","ping_status":"closed","sticky":false,"template":"","format":"standard","meta":{"footnotes":""},"categories":[44],"tags":[5458,5457,3286,2608],"class_list":["post-216934","post","type-post","status-publish","format-standard","has-post-thumbnail","hentry","category-national","tag-affaire-chokri-belaid","tag-bechir-akremi","tag-detention","tag-tunisie"],"yoast_head":"<!-- This site is optimized with the Yoast SEO Premium plugin v27.4 (Yoast SEO v27.5) - https:\/\/yoast.com\/product\/yoast-seo-premium-wordpress\/ -->\n<title>Tunisie : La demande de lib\u00e9ration de B\u00e9chir Akremi rejet\u00e9e<\/title>\n<meta name=\"description\" content=\"La Chambre d&#039;accusation charg\u00e9e d&#039;examiner les affaires de terrorisme aupr\u00e8s de la Cour d&#039;appel de Tunis a rejet\u00e9 la demande de lib\u00e9ration de B\u00e9chir Akermi et a...\" \/>\n<link rel=\"canonical\" href=\"https:\/\/www.webdo.tn\/fr\/actualite\/national\/tunisie-la-demande-de-liberation-de-bechir-akremi-rejetee\/216934\/\" \/>\n<meta property=\"og:locale\" content=\"fr_FR\" \/>\n<meta property=\"og:type\" content=\"article\" \/>\n<meta property=\"og:title\" content=\"Tunisie : La demande de lib\u00e9ration de B\u00e9chir Akremi rejet\u00e9e\" \/>\n<meta property=\"og:description\" content=\"La Chambre d&#039;accusation charg\u00e9e d&#039;examiner les affaires de terrorisme aupr\u00e8s de la Cour d&#039;appel de Tunis a rejet\u00e9 la demande de lib\u00e9ration de B\u00e9chir Akermi et a...\" \/>\n<meta property=\"og:url\" content=\"https:\/\/www.webdo.tn\/fr\/actualite\/national\/tunisie-la-demande-de-liberation-de-bechir-akremi-rejetee\/216934\/\" \/>\n<meta property=\"og:site_name\" content=\"webdo\" \/>\n<meta property=\"article:publisher\" content=\"https:\/\/www.facebook.com\/webdotn\" \/>\n<meta property=\"article:published_time\" content=\"2024-10-11T12:42:00+00:00\" \/>\n<meta property=\"article:modified_time\" content=\"2025-05-20T21:47:57+00:00\" \/>\n<meta property=\"og:image\" content=\"https:\/\/www.webdo.tn\/fr\/wp-content\/uploads\/2024\/10\/0861c58b7d6a948be04debd580c1a77e.webp\" \/>\n\t<meta property=\"og:image:width\" content=\"700\" \/>\n\t<meta property=\"og:image:height\" content=\"373\" \/>\n\t<meta property=\"og:image:type\" content=\"image\/webp\" \/>\n<meta name=\"author\" content=\"MC\" \/>\n<meta name=\"twitter:card\" content=\"summary_large_image\" \/>\n<meta name=\"twitter:creator\" content=\"@webdo_tn\" \/>\n<meta name=\"twitter:site\" content=\"@webdo_tn\" \/>\n<meta name=\"twitter:label1\" content=\"\u00c9crit par\" \/>\n\t<meta name=\"twitter:data1\" content=\"MC\" \/>\n\t<meta name=\"twitter:label2\" content=\"Dur\u00e9e de lecture estim\u00e9e\" \/>\n\t<meta name=\"twitter:data2\" content=\"1 minute\" \/>\n<script type=\"application\/ld+json\" class=\"yoast-schema-graph\">{\"@context\":\"https:\\\/\\\/schema.org\",\"@graph\":[{\"@type\":\"NewsArticle\",\"@id\":\"https:\\\/\\\/www.webdo.tn\\\/fr\\\/actualite\\\/national\\\/tunisie-la-demande-de-liberation-de-bechir-akremi-rejetee\\\/216934\\\/#article\",\"isPartOf\":{\"@id\":\"https:\\\/\\\/www.webdo.tn\\\/fr\\\/actualite\\\/national\\\/tunisie-la-demande-de-liberation-de-bechir-akremi-rejetee\\\/216934\\\/\"},\"author\":{\"name\":\"MC\",\"@id\":\"https:\\\/\\\/www.webdo.tn\\\/fr\\\/#\\\/schema\\\/person\\\/2c4929cbf5a809e3bd38617c6ce150f6\"},\"headline\":\"Tunisie : La demande de lib\u00e9ration de B\u00e9chir Akremi rejet\u00e9e\",\"datePublished\":\"2024-10-11T12:42:00+00:00\",\"dateModified\":\"2025-05-20T21:47:57+00:00\",\"mainEntityOfPage\":{\"@id\":\"https:\\\/\\\/www.webdo.tn\\\/fr\\\/actualite\\\/national\\\/tunisie-la-demande-de-liberation-de-bechir-akremi-rejetee\\\/216934\\\/\"},\"wordCount\":266,\"commentCount\":0,\"publisher\":{\"@id\":\"https:\\\/\\\/www.webdo.tn\\\/fr\\\/#organization\"},\"image\":{\"@id\":\"https:\\\/\\\/www.webdo.tn\\\/fr\\\/actualite\\\/national\\\/tunisie-la-demande-de-liberation-de-bechir-akremi-rejetee\\\/216934\\\/#primaryimage\"},\"thumbnailUrl\":\"https:\\\/\\\/www.webdo.tn\\\/fr\\\/wp-content\\\/uploads\\\/2024\\\/10\\\/0861c58b7d6a948be04debd580c1a77e.webp\",\"keywords\":[\"Affaire Chokri Belaid\",\"bechir akremi\",\"d\u00e9tention\",\"Tunisie\"],\"articleSection\":[\"National\"],\"inLanguage\":\"fr-FR\"},{\"@type\":\"WebPage\",\"@id\":\"https:\\\/\\\/www.webdo.tn\\\/fr\\\/actualite\\\/national\\\/tunisie-la-demande-de-liberation-de-bechir-akremi-rejetee\\\/216934\\\/\",\"url\":\"https:\\\/\\\/www.webdo.tn\\\/fr\\\/actualite\\\/national\\\/tunisie-la-demande-de-liberation-de-bechir-akremi-rejetee\\\/216934\\\/\",\"name\":\"Tunisie : La demande de lib\u00e9ration de B\u00e9chir Akremi rejet\u00e9e\",\"isPartOf\":{\"@id\":\"https:\\\/\\\/www.webdo.tn\\\/fr\\\/#website\"},\"primaryImageOfPage\":{\"@id\":\"https:\\\/\\\/www.webdo.tn\\\/fr\\\/actualite\\\/national\\\/tunisie-la-demande-de-liberation-de-bechir-akremi-rejetee\\\/216934\\\/#primaryimage\"},\"image\":{\"@id\":\"https:\\\/\\\/www.webdo.tn\\\/fr\\\/actualite\\\/national\\\/tunisie-la-demande-de-liberation-de-bechir-akremi-rejetee\\\/216934\\\/#primaryimage\"},\"thumbnailUrl\":\"https:\\\/\\\/www.webdo.tn\\\/fr\\\/wp-content\\\/uploads\\\/2024\\\/10\\\/0861c58b7d6a948be04debd580c1a77e.webp\",\"datePublished\":\"2024-10-11T12:42:00+00:00\",\"dateModified\":\"2025-05-20T21:47:57+00:00\",\"description\":\"La Chambre d'accusation charg\u00e9e d'examiner les affaires de terrorisme aupr\u00e8s de la Cour d'appel de Tunis a rejet\u00e9 la demande de lib\u00e9ration de B\u00e9chir Akermi et a...\",\"breadcrumb\":{\"@id\":\"https:\\\/\\\/www.webdo.tn\\\/fr\\\/actualite\\\/national\\\/tunisie-la-demande-de-liberation-de-bechir-akremi-rejetee\\\/216934\\\/#breadcrumb\"},\"inLanguage\":\"fr-FR\",\"potentialAction\":[{\"@type\":\"ReadAction\",\"target\":[\"https:\\\/\\\/www.webdo.tn\\\/fr\\\/actualite\\\/national\\\/tunisie-la-demande-de-liberation-de-bechir-akremi-rejetee\\\/216934\\\/\"]}]},{\"@type\":\"ImageObject\",\"inLanguage\":\"fr-FR\",\"@id\":\"https:\\\/\\\/www.webdo.tn\\\/fr\\\/actualite\\\/national\\\/tunisie-la-demande-de-liberation-de-bechir-akremi-rejetee\\\/216934\\\/#primaryimage\",\"url\":\"https:\\\/\\\/www.webdo.tn\\\/fr\\\/wp-content\\\/uploads\\\/2024\\\/10\\\/0861c58b7d6a948be04debd580c1a77e.webp\",\"contentUrl\":\"https:\\\/\\\/www.webdo.tn\\\/fr\\\/wp-content\\\/uploads\\\/2024\\\/10\\\/0861c58b7d6a948be04debd580c1a77e.webp\",\"width\":700,\"height\":373,\"caption\":\"Tunisie : La demande de lib\u00e9ration de B\u00e9chir Akremi rejet\u00e9e\"},{\"@type\":\"BreadcrumbList\",\"@id\":\"https:\\\/\\\/www.webdo.tn\\\/fr\\\/actualite\\\/national\\\/tunisie-la-demande-de-liberation-de-bechir-akremi-rejetee\\\/216934\\\/#breadcrumb\",\"itemListElement\":[{\"@type\":\"ListItem\",\"position\":1,\"name\":\"Accueil\",\"item\":\"https:\\\/\\\/www.webdo.tn\\\/fr\\\/\"},{\"@type\":\"ListItem\",\"position\":2,\"name\":\"Tunisie : La demande de lib\u00e9ration de B\u00e9chir Akremi rejet\u00e9e\"}]},{\"@type\":\"WebSite\",\"@id\":\"https:\\\/\\\/www.webdo.tn\\\/fr\\\/#website\",\"url\":\"https:\\\/\\\/www.webdo.tn\\\/fr\\\/\",\"name\":\"webdo\",\"description\":\"Tunisie - News en Tunisie et \u00e0 l&#039;international sur Webdo.tn\",\"publisher\":{\"@id\":\"https:\\\/\\\/www.webdo.tn\\\/fr\\\/#organization\"},\"potentialAction\":[{\"@type\":\"SearchAction\",\"target\":{\"@type\":\"EntryPoint\",\"urlTemplate\":\"https:\\\/\\\/www.webdo.tn\\\/fr\\\/?s={search_term_string}\"},\"query-input\":{\"@type\":\"PropertyValueSpecification\",\"valueRequired\":true,\"valueName\":\"search_term_string\"}}],\"inLanguage\":\"fr-FR\"},{\"@type\":\"Organization\",\"@id\":\"https:\\\/\\\/www.webdo.tn\\\/fr\\\/#organization\",\"name\":\"Webdo\",\"alternateName\":\"Webdo.tn\",\"url\":\"https:\\\/\\\/www.webdo.tn\\\/fr\\\/\",\"logo\":{\"@type\":\"ImageObject\",\"inLanguage\":\"fr-FR\",\"@id\":\"https:\\\/\\\/www.webdo.tn\\\/fr\\\/#\\\/schema\\\/logo\\\/image\\\/\",\"url\":\"https:\\\/\\\/www.webdo.tn\\\/fr\\\/wp-content\\\/uploads\\\/2025\\\/06\\\/Webdo-Tunisie_168377.jpg\",\"contentUrl\":\"https:\\\/\\\/www.webdo.tn\\\/fr\\\/wp-content\\\/uploads\\\/2025\\\/06\\\/Webdo-Tunisie_168377.jpg\",\"width\":301,\"height\":301,\"caption\":\"Webdo\"},\"image\":{\"@id\":\"https:\\\/\\\/www.webdo.tn\\\/fr\\\/#\\\/schema\\\/logo\\\/image\\\/\"},\"sameAs\":[\"https:\\\/\\\/www.facebook.com\\\/webdotn\",\"https:\\\/\\\/x.com\\\/webdo_tn\"],\"description\":\"Webdo est un m\u00e9dia num\u00e9rique tunisien fond\u00e9 en 2010, sp\u00e9cialis\u00e9 dans l\u2019actualit\u00e9 nationale et internationale, l\u2019\u00e9conomie, la soci\u00e9t\u00e9 et les analyses politiques. Le site s\u2019adresse \u00e0 un large public francophone et couvre l\u2019information tunisienne en temps r\u00e9el.\",\"email\":\"redac@webdo.tn\",\"legalName\":\"YNJ SARL\",\"foundingDate\":\"2010-09-06\",\"numberOfEmployees\":{\"@type\":\"QuantitativeValue\",\"minValue\":\"11\",\"maxValue\":\"50\"}},{\"@type\":\"Person\",\"@id\":\"https:\\\/\\\/www.webdo.tn\\\/fr\\\/#\\\/schema\\\/person\\\/2c4929cbf5a809e3bd38617c6ce150f6\",\"name\":\"MC\",\"image\":{\"@type\":\"ImageObject\",\"inLanguage\":\"fr-FR\",\"@id\":\"https:\\\/\\\/secure.gravatar.com\\\/avatar\\\/a545bbb6f84efdd5553dbbc2895e3ca8f1d12c5215e00a041c9670b54aa9b18a?s=96&d=mm&r=g\",\"url\":\"https:\\\/\\\/secure.gravatar.com\\\/avatar\\\/a545bbb6f84efdd5553dbbc2895e3ca8f1d12c5215e00a041c9670b54aa9b18a?s=96&d=mm&r=g\",\"contentUrl\":\"https:\\\/\\\/secure.gravatar.com\\\/avatar\\\/a545bbb6f84efdd5553dbbc2895e3ca8f1d12c5215e00a041c9670b54aa9b18a?s=96&d=mm&r=g\",\"caption\":\"MC\"},\"url\":\"https:\\\/\\\/www.webdo.tn\\\/fr\\\/actualite\\\/author\\\/mc\\\/\"}]}<\/script>\n<!-- \/ Yoast SEO Premium plugin. -->","yoast_head_json":{"title":"Tunisie : La demande de lib\u00e9ration de B\u00e9chir Akremi rejet\u00e9e","description":"La Chambre d'accusation charg\u00e9e d'examiner les affaires de terrorisme aupr\u00e8s de la Cour d'appel de Tunis a rejet\u00e9 la demande de lib\u00e9ration de B\u00e9chir Akermi et a...","canonical":"https:\/\/www.webdo.tn\/fr\/actualite\/national\/tunisie-la-demande-de-liberation-de-bechir-akremi-rejetee\/216934\/","og_locale":"fr_FR","og_type":"article","og_title":"Tunisie : La demande de lib\u00e9ration de B\u00e9chir Akremi rejet\u00e9e","og_description":"La Chambre d'accusation charg\u00e9e d'examiner les affaires de terrorisme aupr\u00e8s de la Cour d'appel de Tunis a rejet\u00e9 la demande de lib\u00e9ration de B\u00e9chir Akermi et a...","og_url":"https:\/\/www.webdo.tn\/fr\/actualite\/national\/tunisie-la-demande-de-liberation-de-bechir-akremi-rejetee\/216934\/","og_site_name":"webdo","article_publisher":"https:\/\/www.facebook.com\/webdotn","article_published_time":"2024-10-11T12:42:00+00:00","article_modified_time":"2025-05-20T21:47:57+00:00","og_image":[{"width":700,"height":373,"url":"https:\/\/www.webdo.tn\/fr\/wp-content\/uploads\/2024\/10\/0861c58b7d6a948be04debd580c1a77e.webp","type":"image\/webp"}],"author":"MC","twitter_card":"summary_large_image","twitter_creator":"@webdo_tn","twitter_site":"@webdo_tn","twitter_misc":{"\u00c9crit par":"MC","Dur\u00e9e de lecture estim\u00e9e":"1 minute"},"schema":{"@context":"https:\/\/schema.org","@graph":[{"@type":"NewsArticle","@id":"https:\/\/www.webdo.tn\/fr\/actualite\/national\/tunisie-la-demande-de-liberation-de-bechir-akremi-rejetee\/216934\/#article","isPartOf":{"@id":"https:\/\/www.webdo.tn\/fr\/actualite\/national\/tunisie-la-demande-de-liberation-de-bechir-akremi-rejetee\/216934\/"},"author":{"name":"MC","@id":"https:\/\/www.webdo.tn\/fr\/#\/schema\/person\/2c4929cbf5a809e3bd38617c6ce150f6"},"headline":"Tunisie : La demande de lib\u00e9ration de B\u00e9chir Akremi rejet\u00e9e","datePublished":"2024-10-11T12:42:00+00:00","dateModified":"2025-05-20T21:47:57+00:00","mainEntityOfPage":{"@id":"https:\/\/www.webdo.tn\/fr\/actualite\/national\/tunisie-la-demande-de-liberation-de-bechir-akremi-rejetee\/216934\/"},"wordCount":266,"commentCount":0,"publisher":{"@id":"https:\/\/www.webdo.tn\/fr\/#organization"},"image":{"@id":"https:\/\/www.webdo.tn\/fr\/actualite\/national\/tunisie-la-demande-de-liberation-de-bechir-akremi-rejetee\/216934\/#primaryimage"},"thumbnailUrl":"https:\/\/www.webdo.tn\/fr\/wp-content\/uploads\/2024\/10\/0861c58b7d6a948be04debd580c1a77e.webp","keywords":["Affaire Chokri Belaid","bechir akremi","d\u00e9tention","Tunisie"],"articleSection":["National"],"inLanguage":"fr-FR"},{"@type":"WebPage","@id":"https:\/\/www.webdo.tn\/fr\/actualite\/national\/tunisie-la-demande-de-liberation-de-bechir-akremi-rejetee\/216934\/","url":"https:\/\/www.webdo.tn\/fr\/actualite\/national\/tunisie-la-demande-de-liberation-de-bechir-akremi-rejetee\/216934\/","name":"Tunisie : La demande de lib\u00e9ration de B\u00e9chir Akremi rejet\u00e9e","isPartOf":{"@id":"https:\/\/www.webdo.tn\/fr\/#website"},"primaryImageOfPage":{"@id":"https:\/\/www.webdo.tn\/fr\/actualite\/national\/tunisie-la-demande-de-liberation-de-bechir-akremi-rejetee\/216934\/#primaryimage"},"image":{"@id":"https:\/\/www.webdo.tn\/fr\/actualite\/national\/tunisie-la-demande-de-liberation-de-bechir-akremi-rejetee\/216934\/#primaryimage"},"thumbnailUrl":"https:\/\/www.webdo.tn\/fr\/wp-content\/uploads\/2024\/10\/0861c58b7d6a948be04debd580c1a77e.webp","datePublished":"2024-10-11T12:42:00+00:00","dateModified":"2025-05-20T21:47:57+00:00","description":"La Chambre d'accusation charg\u00e9e d'examiner les affaires de terrorisme aupr\u00e8s de la Cour d'appel de Tunis a rejet\u00e9 la demande de lib\u00e9ration de B\u00e9chir Akermi et a...","breadcrumb":{"@id":"https:\/\/www.webdo.tn\/fr\/actualite\/national\/tunisie-la-demande-de-liberation-de-bechir-akremi-rejetee\/216934\/#breadcrumb"},"inLanguage":"fr-FR","potentialAction":[{"@type":"ReadAction","target":["https:\/\/www.webdo.tn\/fr\/actualite\/national\/tunisie-la-demande-de-liberation-de-bechir-akremi-rejetee\/216934\/"]}]},{"@type":"ImageObject","inLanguage":"fr-FR","@id":"https:\/\/www.webdo.tn\/fr\/actualite\/national\/tunisie-la-demande-de-liberation-de-bechir-akremi-rejetee\/216934\/#primaryimage","url":"https:\/\/www.webdo.tn\/fr\/wp-content\/uploads\/2024\/10\/0861c58b7d6a948be04debd580c1a77e.webp","contentUrl":"https:\/\/www.webdo.tn\/fr\/wp-content\/uploads\/2024\/10\/0861c58b7d6a948be04debd580c1a77e.webp","width":700,"height":373,"caption":"Tunisie : La demande de lib\u00e9ration de B\u00e9chir Akremi rejet\u00e9e"},{"@type":"BreadcrumbList","@id":"https:\/\/www.webdo.tn\/fr\/actualite\/national\/tunisie-la-demande-de-liberation-de-bechir-akremi-rejetee\/216934\/#breadcrumb","itemListElement":[{"@type":"ListItem","position":1,"name":"Accueil","item":"https:\/\/www.webdo.tn\/fr\/"},{"@type":"ListItem","position":2,"name":"Tunisie : La demande de lib\u00e9ration de B\u00e9chir Akremi rejet\u00e9e"}]},{"@type":"WebSite","@id":"https:\/\/www.webdo.tn\/fr\/#website","url":"https:\/\/www.webdo.tn\/fr\/","name":"webdo","description":"Tunisie - News en Tunisie et \u00e0 l&#039;international sur Webdo.tn","publisher":{"@id":"https:\/\/www.webdo.tn\/fr\/#organization"},"potentialAction":[{"@type":"SearchAction","target":{"@type":"EntryPoint","urlTemplate":"https:\/\/www.webdo.tn\/fr\/?s={search_term_string}"},"query-input":{"@type":"PropertyValueSpecification","valueRequired":true,"valueName":"search_term_string"}}],"inLanguage":"fr-FR"},{"@type":"Organization","@id":"https:\/\/www.webdo.tn\/fr\/#organization","name":"Webdo","alternateName":"Webdo.tn","url":"https:\/\/www.webdo.tn\/fr\/","logo":{"@type":"ImageObject","inLanguage":"fr-FR","@id":"https:\/\/www.webdo.tn\/fr\/#\/schema\/logo\/image\/","url":"https:\/\/www.webdo.tn\/fr\/wp-content\/uploads\/2025\/06\/Webdo-Tunisie_168377.jpg","contentUrl":"https:\/\/www.webdo.tn\/fr\/wp-content\/uploads\/2025\/06\/Webdo-Tunisie_168377.jpg","width":301,"height":301,"caption":"Webdo"},"image":{"@id":"https:\/\/www.webdo.tn\/fr\/#\/schema\/logo\/image\/"},"sameAs":["https:\/\/www.facebook.com\/webdotn","https:\/\/x.com\/webdo_tn"],"description":"Webdo est un m\u00e9dia num\u00e9rique tunisien fond\u00e9 en 2010, sp\u00e9cialis\u00e9 dans l\u2019actualit\u00e9 nationale et internationale, l\u2019\u00e9conomie, la soci\u00e9t\u00e9 et les analyses politiques. Le site s\u2019adresse \u00e0 un large public francophone et couvre l\u2019information tunisienne en temps r\u00e9el.","email":"redac@webdo.tn","legalName":"YNJ SARL","foundingDate":"2010-09-06","numberOfEmployees":{"@type":"QuantitativeValue","minValue":"11","maxValue":"50"}},{"@type":"Person","@id":"https:\/\/www.webdo.tn\/fr\/#\/schema\/person\/2c4929cbf5a809e3bd38617c6ce150f6","name":"MC","image":{"@type":"ImageObject","inLanguage":"fr-FR","@id":"https:\/\/secure.gravatar.com\/avatar\/a545bbb6f84efdd5553dbbc2895e3ca8f1d12c5215e00a041c9670b54aa9b18a?s=96&d=mm&r=g","url":"https:\/\/secure.gravatar.com\/avatar\/a545bbb6f84efdd5553dbbc2895e3ca8f1d12c5215e00a041c9670b54aa9b18a?s=96&d=mm&r=g","contentUrl":"https:\/\/secure.gravatar.com\/avatar\/a545bbb6f84efdd5553dbbc2895e3ca8f1d12c5215e00a041c9670b54aa9b18a?s=96&d=mm&r=g","caption":"MC"},"url":"https:\/\/www.webdo.tn\/fr\/actualite\/author\/mc\/"}]}},"_links":{"self":[{"href":"https:\/\/www.webdo.tn\/fr\/wp-json\/wp\/v2\/posts\/216934","targetHints":{"allow":["GET"]}}],"collection":[{"href":"https:\/\/www.webdo.tn\/fr\/wp-json\/wp\/v2\/posts"}],"about":[{"href":"https:\/\/www.webdo.tn\/fr\/wp-json\/wp\/v2\/types\/post"}],"author":[{"embeddable":true,"href":"https:\/\/www.webdo.tn\/fr\/wp-json\/wp\/v2\/users\/3162"}],"replies":[{"embeddable":true,"href":"https:\/\/www.webdo.tn\/fr\/wp-json\/wp\/v2\/comments?post=216934"}],"version-history":[{"count":0,"href":"https:\/\/www.webdo.tn\/fr\/wp-json\/wp\/v2\/posts\/216934\/revisions"}],"wp:featuredmedia":[{"embeddable":true,"href":"https:\/\/www.webdo.tn\/fr\/wp-json\/wp\/v2\/media\/246357"}],"wp:attachment":[{"href":"https:\/\/www.webdo.tn\/fr\/wp-json\/wp\/v2\/media?parent=216934"}],"wp:term":[{"taxonomy":"category","embeddable":true,"href":"https:\/\/www.webdo.tn\/fr\/wp-json\/wp\/v2\/categories?post=216934"},{"taxonomy":"post_tag","embeddable":true,"href":"https:\/\/www.webdo.tn\/fr\/wp-json\/wp\/v2\/tags?post=216934"}],"curies":[{"name":"wp","href":"https:\/\/api.w.org\/{rel}","templated":true}]}}