{"id":216931,"date":"2024-10-11T11:09:00","date_gmt":"2024-10-11T11:09:00","guid":{"rendered":"https:\/\/www.webdo.tn\/fr\/blog\/tunisie-le-suisse-etilog-investit-a-kairouan-dans-l-emballage-auto-et-aerospatial\/216931\/"},"modified":"2025-05-20T21:47:56","modified_gmt":"2025-05-20T21:47:56","slug":"tunisie-le-suisse-etilog-investit-a-kairouan-dans-l-emballage-auto-et-aerospatial","status":"publish","type":"post","link":"https:\/\/www.webdo.tn\/fr\/actualite\/national\/tunisie-le-suisse-etilog-investit-a-kairouan-dans-l-emballage-auto-et-aerospatial\/216931\/","title":{"rendered":"Tunisie : Le Suisse ETILOG investit \u00e0 Kairouan dans l\u2019emballage auto et a\u00e9rospatial"},"content":{"rendered":"<p>L\u2019entreprise suisse ETILOG a entam\u00e9 les travaux de construction d\u2019une nouvelle unit\u00e9 industrielle de sa filiale dans la zone industrielle de Sbikha 2, situ\u00e9e dans le gouvernorat de Kairouan&#8230; 210 emplois seront cr\u00e9\u00e9s dans l\u2019emballage automobile et a\u00e9rospatial.<\/p>\n<p>\t\t\t\t\t\t\t\t\tSp\u00e9cialis\u00e9e dans la fabrication des emballages sp\u00e9ciaux pour l\u2019automobile et l\u2019a\u00e9rospatiale, l\u2019entreprise suisse ETILOG a officiellement entam\u00e9, mercredi 9 ocotbre, les travaux de construction d\u2019une unit\u00e9 industrielle dans la zone industrielle de Sbikha 2 dans le Gouvernorat de Kairouan.<\/p>\n<p>D\u2019une superficie d\u2019un hectare, ce projet g\u00e9n\u00e9rera 210 emplois directs dans sa premi\u00e8re phase, selon l\u2019Agence de Promotion de l\u2019Investissement Ext\u00e9rieur ( FIPA).<\/p>\n<p>Selon la FIPA, ETILOG a opt\u00e9 pour la Tunisie dans le cadre de sa premi\u00e8re expansion internationale en raison de sa position strat\u00e9gique, de son \u00e9cosyst\u00e8me entrepreneurial dynamique, de la disponibilit\u00e9 de comp\u00e9tences qualifi\u00e9es et du soutien gouvernemental significatif pour le d\u00e9veloppement de l\u2019industrie des composants automobiles.<\/p>\n","protected":false},"excerpt":{"rendered":"<p>L\u2019entreprise suisse ETILOG a entam\u00e9 les travaux de construction d\u2019une nouvelle unit\u00e9 industrielle de sa filiale dans la zone industrielle de Sbikha 2, situ\u00e9e da&#8230;<\/p>\n","protected":false},"author":3162,"featured_media":246356,"comment_status":"open","ping_status":"closed","sticky":false,"template":"","format":"standard","meta":{"footnotes":""},"categories":[44],"tags":[5455,2841,5454,5453,3186,3090,5456,3155,2608],"class_list":["post-216931","post","type-post","status-publish","format-standard","has-post-thumbnail","hentry","category-national","tag-aerospatial","tag-automobile","tag-composants-auto","tag-etilog","tag-investissement","tag-kairouan","tag-sbikha","tag-suisse","tag-tunisie"],"yoast_head":"<!-- This site is optimized with the Yoast SEO Premium plugin v27.5 (Yoast SEO v27.5) - https:\/\/yoast.com\/product\/yoast-seo-premium-wordpress\/ -->\n<title>Tunisie : Le Suisse ETILOG investit \u00e0 Kairouan dans l\u2019emballage auto et a\u00e9rospatial<\/title>\n<meta name=\"description\" content=\"L\u2019entreprise suisse ETILOG a entam\u00e9 les travaux de construction d\u2019une nouvelle unit\u00e9 industrielle de sa filiale dans la zone industrielle de Sbikha 2, situ\u00e9e da...\" \/>\n<link rel=\"canonical\" href=\"https:\/\/www.webdo.tn\/fr\/actualite\/national\/tunisie-le-suisse-etilog-investit-a-kairouan-dans-l-emballage-auto-et-aerospatial\/216931\/\" \/>\n<meta property=\"og:locale\" content=\"fr_FR\" \/>\n<meta property=\"og:type\" content=\"article\" \/>\n<meta property=\"og:title\" content=\"Tunisie : Le Suisse ETILOG investit \u00e0 Kairouan dans l\u2019emballage auto et a\u00e9rospatial\" \/>\n<meta property=\"og:description\" content=\"L\u2019entreprise suisse ETILOG a entam\u00e9 les travaux de construction d\u2019une nouvelle unit\u00e9 industrielle de sa filiale dans la zone industrielle de Sbikha 2, situ\u00e9e da...\" \/>\n<meta property=\"og:url\" content=\"https:\/\/www.webdo.tn\/fr\/actualite\/national\/tunisie-le-suisse-etilog-investit-a-kairouan-dans-l-emballage-auto-et-aerospatial\/216931\/\" \/>\n<meta property=\"og:site_name\" content=\"webdo\" \/>\n<meta property=\"article:publisher\" content=\"https:\/\/www.facebook.com\/webdotn\" \/>\n<meta property=\"article:published_time\" content=\"2024-10-11T11:09:00+00:00\" \/>\n<meta property=\"article:modified_time\" content=\"2025-05-20T21:47:56+00:00\" \/>\n<meta property=\"og:image\" content=\"https:\/\/www.webdo.tn\/fr\/wp-content\/uploads\/2024\/10\/243d4909f2fca5a60ed3498b1fa62d1a.webp\" \/>\n\t<meta property=\"og:image:width\" content=\"750\" \/>\n\t<meta property=\"og:image:height\" content=\"400\" \/>\n\t<meta property=\"og:image:type\" content=\"image\/webp\" \/>\n<meta name=\"author\" content=\"MC\" \/>\n<meta name=\"twitter:card\" content=\"summary_large_image\" \/>\n<meta name=\"twitter:creator\" content=\"@webdo_tn\" \/>\n<meta name=\"twitter:site\" content=\"@webdo_tn\" \/>\n<meta name=\"twitter:label1\" content=\"\u00c9crit par\" \/>\n\t<meta name=\"twitter:data1\" content=\"MC\" \/>\n\t<meta name=\"twitter:label2\" content=\"Dur\u00e9e de lecture estim\u00e9e\" \/>\n\t<meta name=\"twitter:data2\" content=\"1 minute\" \/>\n<script type=\"application\/ld+json\" class=\"yoast-schema-graph\">{\"@context\":\"https:\\\/\\\/schema.org\",\"@graph\":[{\"@type\":\"NewsArticle\",\"@id\":\"https:\\\/\\\/www.webdo.tn\\\/fr\\\/actualite\\\/national\\\/tunisie-le-suisse-etilog-investit-a-kairouan-dans-l-emballage-auto-et-aerospatial\\\/216931\\\/#article\",\"isPartOf\":{\"@id\":\"https:\\\/\\\/www.webdo.tn\\\/fr\\\/actualite\\\/national\\\/tunisie-le-suisse-etilog-investit-a-kairouan-dans-l-emballage-auto-et-aerospatial\\\/216931\\\/\"},\"author\":{\"name\":\"MC\",\"@id\":\"https:\\\/\\\/www.webdo.tn\\\/fr\\\/#\\\/schema\\\/person\\\/2c4929cbf5a809e3bd38617c6ce150f6\"},\"headline\":\"Tunisie : Le Suisse ETILOG investit \u00e0 Kairouan dans l\u2019emballage auto et a\u00e9rospatial\",\"datePublished\":\"2024-10-11T11:09:00+00:00\",\"dateModified\":\"2025-05-20T21:47:56+00:00\",\"mainEntityOfPage\":{\"@id\":\"https:\\\/\\\/www.webdo.tn\\\/fr\\\/actualite\\\/national\\\/tunisie-le-suisse-etilog-investit-a-kairouan-dans-l-emballage-auto-et-aerospatial\\\/216931\\\/\"},\"wordCount\":183,\"commentCount\":0,\"publisher\":{\"@id\":\"https:\\\/\\\/www.webdo.tn\\\/fr\\\/#organization\"},\"image\":{\"@id\":\"https:\\\/\\\/www.webdo.tn\\\/fr\\\/actualite\\\/national\\\/tunisie-le-suisse-etilog-investit-a-kairouan-dans-l-emballage-auto-et-aerospatial\\\/216931\\\/#primaryimage\"},\"thumbnailUrl\":\"https:\\\/\\\/www.webdo.tn\\\/fr\\\/wp-content\\\/uploads\\\/2024\\\/10\\\/243d4909f2fca5a60ed3498b1fa62d1a.webp\",\"keywords\":[\"a\u00e9rospatial\",\"Automobile\",\"composants auto\",\"ETILOG\",\"investissement\",\"Kairouan\",\"sbikha\",\"suisse\",\"Tunisie\"],\"articleSection\":[\"National\"],\"inLanguage\":\"fr-FR\"},{\"@type\":\"WebPage\",\"@id\":\"https:\\\/\\\/www.webdo.tn\\\/fr\\\/actualite\\\/national\\\/tunisie-le-suisse-etilog-investit-a-kairouan-dans-l-emballage-auto-et-aerospatial\\\/216931\\\/\",\"url\":\"https:\\\/\\\/www.webdo.tn\\\/fr\\\/actualite\\\/national\\\/tunisie-le-suisse-etilog-investit-a-kairouan-dans-l-emballage-auto-et-aerospatial\\\/216931\\\/\",\"name\":\"Tunisie : Le Suisse ETILOG investit \u00e0 Kairouan dans l\u2019emballage auto et a\u00e9rospatial\",\"isPartOf\":{\"@id\":\"https:\\\/\\\/www.webdo.tn\\\/fr\\\/#website\"},\"primaryImageOfPage\":{\"@id\":\"https:\\\/\\\/www.webdo.tn\\\/fr\\\/actualite\\\/national\\\/tunisie-le-suisse-etilog-investit-a-kairouan-dans-l-emballage-auto-et-aerospatial\\\/216931\\\/#primaryimage\"},\"image\":{\"@id\":\"https:\\\/\\\/www.webdo.tn\\\/fr\\\/actualite\\\/national\\\/tunisie-le-suisse-etilog-investit-a-kairouan-dans-l-emballage-auto-et-aerospatial\\\/216931\\\/#primaryimage\"},\"thumbnailUrl\":\"https:\\\/\\\/www.webdo.tn\\\/fr\\\/wp-content\\\/uploads\\\/2024\\\/10\\\/243d4909f2fca5a60ed3498b1fa62d1a.webp\",\"datePublished\":\"2024-10-11T11:09:00+00:00\",\"dateModified\":\"2025-05-20T21:47:56+00:00\",\"description\":\"L\u2019entreprise suisse ETILOG a entam\u00e9 les travaux de construction d\u2019une nouvelle unit\u00e9 industrielle de sa filiale dans la zone industrielle de Sbikha 2, situ\u00e9e da...\",\"breadcrumb\":{\"@id\":\"https:\\\/\\\/www.webdo.tn\\\/fr\\\/actualite\\\/national\\\/tunisie-le-suisse-etilog-investit-a-kairouan-dans-l-emballage-auto-et-aerospatial\\\/216931\\\/#breadcrumb\"},\"inLanguage\":\"fr-FR\",\"potentialAction\":[{\"@type\":\"ReadAction\",\"target\":[\"https:\\\/\\\/www.webdo.tn\\\/fr\\\/actualite\\\/national\\\/tunisie-le-suisse-etilog-investit-a-kairouan-dans-l-emballage-auto-et-aerospatial\\\/216931\\\/\"]}]},{\"@type\":\"ImageObject\",\"inLanguage\":\"fr-FR\",\"@id\":\"https:\\\/\\\/www.webdo.tn\\\/fr\\\/actualite\\\/national\\\/tunisie-le-suisse-etilog-investit-a-kairouan-dans-l-emballage-auto-et-aerospatial\\\/216931\\\/#primaryimage\",\"url\":\"https:\\\/\\\/www.webdo.tn\\\/fr\\\/wp-content\\\/uploads\\\/2024\\\/10\\\/243d4909f2fca5a60ed3498b1fa62d1a.webp\",\"contentUrl\":\"https:\\\/\\\/www.webdo.tn\\\/fr\\\/wp-content\\\/uploads\\\/2024\\\/10\\\/243d4909f2fca5a60ed3498b1fa62d1a.webp\",\"width\":750,\"height\":400,\"caption\":\"Tunisie : Le Suisse ETILOG investit \u00e0 Kairouan dans l\u2019emballage auto et a\u00e9rospatial\"},{\"@type\":\"BreadcrumbList\",\"@id\":\"https:\\\/\\\/www.webdo.tn\\\/fr\\\/actualite\\\/national\\\/tunisie-le-suisse-etilog-investit-a-kairouan-dans-l-emballage-auto-et-aerospatial\\\/216931\\\/#breadcrumb\",\"itemListElement\":[{\"@type\":\"ListItem\",\"position\":1,\"name\":\"Accueil\",\"item\":\"https:\\\/\\\/www.webdo.tn\\\/fr\\\/\"},{\"@type\":\"ListItem\",\"position\":2,\"name\":\"Tunisie : Le Suisse ETILOG investit \u00e0 Kairouan dans l\u2019emballage auto et a\u00e9rospatial\"}]},{\"@type\":\"WebSite\",\"@id\":\"https:\\\/\\\/www.webdo.tn\\\/fr\\\/#website\",\"url\":\"https:\\\/\\\/www.webdo.tn\\\/fr\\\/\",\"name\":\"webdo\",\"description\":\"Tunisie - News en Tunisie et \u00e0 l&#039;international sur Webdo.tn\",\"publisher\":{\"@id\":\"https:\\\/\\\/www.webdo.tn\\\/fr\\\/#organization\"},\"potentialAction\":[{\"@type\":\"SearchAction\",\"target\":{\"@type\":\"EntryPoint\",\"urlTemplate\":\"https:\\\/\\\/www.webdo.tn\\\/fr\\\/?s={search_term_string}\"},\"query-input\":{\"@type\":\"PropertyValueSpecification\",\"valueRequired\":true,\"valueName\":\"search_term_string\"}}],\"inLanguage\":\"fr-FR\"},{\"@type\":\"Organization\",\"@id\":\"https:\\\/\\\/www.webdo.tn\\\/fr\\\/#organization\",\"name\":\"Webdo\",\"alternateName\":\"Webdo.tn\",\"url\":\"https:\\\/\\\/www.webdo.tn\\\/fr\\\/\",\"logo\":{\"@type\":\"ImageObject\",\"inLanguage\":\"fr-FR\",\"@id\":\"https:\\\/\\\/www.webdo.tn\\\/fr\\\/#\\\/schema\\\/logo\\\/image\\\/\",\"url\":\"https:\\\/\\\/www.webdo.tn\\\/fr\\\/wp-content\\\/uploads\\\/2025\\\/06\\\/Webdo-Tunisie_168377.jpg\",\"contentUrl\":\"https:\\\/\\\/www.webdo.tn\\\/fr\\\/wp-content\\\/uploads\\\/2025\\\/06\\\/Webdo-Tunisie_168377.jpg\",\"width\":301,\"height\":301,\"caption\":\"Webdo\"},\"image\":{\"@id\":\"https:\\\/\\\/www.webdo.tn\\\/fr\\\/#\\\/schema\\\/logo\\\/image\\\/\"},\"sameAs\":[\"https:\\\/\\\/www.facebook.com\\\/webdotn\",\"https:\\\/\\\/x.com\\\/webdo_tn\"],\"description\":\"Webdo est un m\u00e9dia num\u00e9rique tunisien fond\u00e9 en 2010, sp\u00e9cialis\u00e9 dans l\u2019actualit\u00e9 nationale et internationale, l\u2019\u00e9conomie, la soci\u00e9t\u00e9 et les analyses politiques. Le site s\u2019adresse \u00e0 un large public francophone et couvre l\u2019information tunisienne en temps r\u00e9el.\",\"email\":\"redac@webdo.tn\",\"legalName\":\"YNJ SARL\",\"foundingDate\":\"2010-09-06\",\"numberOfEmployees\":{\"@type\":\"QuantitativeValue\",\"minValue\":\"11\",\"maxValue\":\"50\"}},{\"@type\":\"Person\",\"@id\":\"https:\\\/\\\/www.webdo.tn\\\/fr\\\/#\\\/schema\\\/person\\\/2c4929cbf5a809e3bd38617c6ce150f6\",\"name\":\"MC\",\"image\":{\"@type\":\"ImageObject\",\"inLanguage\":\"fr-FR\",\"@id\":\"https:\\\/\\\/secure.gravatar.com\\\/avatar\\\/a545bbb6f84efdd5553dbbc2895e3ca8f1d12c5215e00a041c9670b54aa9b18a?s=96&d=mm&r=g\",\"url\":\"https:\\\/\\\/secure.gravatar.com\\\/avatar\\\/a545bbb6f84efdd5553dbbc2895e3ca8f1d12c5215e00a041c9670b54aa9b18a?s=96&d=mm&r=g\",\"contentUrl\":\"https:\\\/\\\/secure.gravatar.com\\\/avatar\\\/a545bbb6f84efdd5553dbbc2895e3ca8f1d12c5215e00a041c9670b54aa9b18a?s=96&d=mm&r=g\",\"caption\":\"MC\"},\"url\":\"https:\\\/\\\/www.webdo.tn\\\/fr\\\/actualite\\\/author\\\/mc\\\/\"}]}<\/script>\n<!-- \/ Yoast SEO Premium plugin. -->","yoast_head_json":{"title":"Tunisie : Le Suisse ETILOG investit \u00e0 Kairouan dans l\u2019emballage auto et a\u00e9rospatial","description":"L\u2019entreprise suisse ETILOG a entam\u00e9 les travaux de construction d\u2019une nouvelle unit\u00e9 industrielle de sa filiale dans la zone industrielle de Sbikha 2, situ\u00e9e da...","canonical":"https:\/\/www.webdo.tn\/fr\/actualite\/national\/tunisie-le-suisse-etilog-investit-a-kairouan-dans-l-emballage-auto-et-aerospatial\/216931\/","og_locale":"fr_FR","og_type":"article","og_title":"Tunisie : Le Suisse ETILOG investit \u00e0 Kairouan dans l\u2019emballage auto et a\u00e9rospatial","og_description":"L\u2019entreprise suisse ETILOG a entam\u00e9 les travaux de construction d\u2019une nouvelle unit\u00e9 industrielle de sa filiale dans la zone industrielle de Sbikha 2, situ\u00e9e da...","og_url":"https:\/\/www.webdo.tn\/fr\/actualite\/national\/tunisie-le-suisse-etilog-investit-a-kairouan-dans-l-emballage-auto-et-aerospatial\/216931\/","og_site_name":"webdo","article_publisher":"https:\/\/www.facebook.com\/webdotn","article_published_time":"2024-10-11T11:09:00+00:00","article_modified_time":"2025-05-20T21:47:56+00:00","og_image":[{"width":750,"height":400,"url":"https:\/\/www.webdo.tn\/fr\/wp-content\/uploads\/2024\/10\/243d4909f2fca5a60ed3498b1fa62d1a.webp","type":"image\/webp"}],"author":"MC","twitter_card":"summary_large_image","twitter_creator":"@webdo_tn","twitter_site":"@webdo_tn","twitter_misc":{"\u00c9crit par":"MC","Dur\u00e9e de lecture estim\u00e9e":"1 minute"},"schema":{"@context":"https:\/\/schema.org","@graph":[{"@type":"NewsArticle","@id":"https:\/\/www.webdo.tn\/fr\/actualite\/national\/tunisie-le-suisse-etilog-investit-a-kairouan-dans-l-emballage-auto-et-aerospatial\/216931\/#article","isPartOf":{"@id":"https:\/\/www.webdo.tn\/fr\/actualite\/national\/tunisie-le-suisse-etilog-investit-a-kairouan-dans-l-emballage-auto-et-aerospatial\/216931\/"},"author":{"name":"MC","@id":"https:\/\/www.webdo.tn\/fr\/#\/schema\/person\/2c4929cbf5a809e3bd38617c6ce150f6"},"headline":"Tunisie : Le Suisse ETILOG investit \u00e0 Kairouan dans l\u2019emballage auto et a\u00e9rospatial","datePublished":"2024-10-11T11:09:00+00:00","dateModified":"2025-05-20T21:47:56+00:00","mainEntityOfPage":{"@id":"https:\/\/www.webdo.tn\/fr\/actualite\/national\/tunisie-le-suisse-etilog-investit-a-kairouan-dans-l-emballage-auto-et-aerospatial\/216931\/"},"wordCount":183,"commentCount":0,"publisher":{"@id":"https:\/\/www.webdo.tn\/fr\/#organization"},"image":{"@id":"https:\/\/www.webdo.tn\/fr\/actualite\/national\/tunisie-le-suisse-etilog-investit-a-kairouan-dans-l-emballage-auto-et-aerospatial\/216931\/#primaryimage"},"thumbnailUrl":"https:\/\/www.webdo.tn\/fr\/wp-content\/uploads\/2024\/10\/243d4909f2fca5a60ed3498b1fa62d1a.webp","keywords":["a\u00e9rospatial","Automobile","composants auto","ETILOG","investissement","Kairouan","sbikha","suisse","Tunisie"],"articleSection":["National"],"inLanguage":"fr-FR"},{"@type":"WebPage","@id":"https:\/\/www.webdo.tn\/fr\/actualite\/national\/tunisie-le-suisse-etilog-investit-a-kairouan-dans-l-emballage-auto-et-aerospatial\/216931\/","url":"https:\/\/www.webdo.tn\/fr\/actualite\/national\/tunisie-le-suisse-etilog-investit-a-kairouan-dans-l-emballage-auto-et-aerospatial\/216931\/","name":"Tunisie : Le Suisse ETILOG investit \u00e0 Kairouan dans l\u2019emballage auto et a\u00e9rospatial","isPartOf":{"@id":"https:\/\/www.webdo.tn\/fr\/#website"},"primaryImageOfPage":{"@id":"https:\/\/www.webdo.tn\/fr\/actualite\/national\/tunisie-le-suisse-etilog-investit-a-kairouan-dans-l-emballage-auto-et-aerospatial\/216931\/#primaryimage"},"image":{"@id":"https:\/\/www.webdo.tn\/fr\/actualite\/national\/tunisie-le-suisse-etilog-investit-a-kairouan-dans-l-emballage-auto-et-aerospatial\/216931\/#primaryimage"},"thumbnailUrl":"https:\/\/www.webdo.tn\/fr\/wp-content\/uploads\/2024\/10\/243d4909f2fca5a60ed3498b1fa62d1a.webp","datePublished":"2024-10-11T11:09:00+00:00","dateModified":"2025-05-20T21:47:56+00:00","description":"L\u2019entreprise suisse ETILOG a entam\u00e9 les travaux de construction d\u2019une nouvelle unit\u00e9 industrielle de sa filiale dans la zone industrielle de Sbikha 2, situ\u00e9e da...","breadcrumb":{"@id":"https:\/\/www.webdo.tn\/fr\/actualite\/national\/tunisie-le-suisse-etilog-investit-a-kairouan-dans-l-emballage-auto-et-aerospatial\/216931\/#breadcrumb"},"inLanguage":"fr-FR","potentialAction":[{"@type":"ReadAction","target":["https:\/\/www.webdo.tn\/fr\/actualite\/national\/tunisie-le-suisse-etilog-investit-a-kairouan-dans-l-emballage-auto-et-aerospatial\/216931\/"]}]},{"@type":"ImageObject","inLanguage":"fr-FR","@id":"https:\/\/www.webdo.tn\/fr\/actualite\/national\/tunisie-le-suisse-etilog-investit-a-kairouan-dans-l-emballage-auto-et-aerospatial\/216931\/#primaryimage","url":"https:\/\/www.webdo.tn\/fr\/wp-content\/uploads\/2024\/10\/243d4909f2fca5a60ed3498b1fa62d1a.webp","contentUrl":"https:\/\/www.webdo.tn\/fr\/wp-content\/uploads\/2024\/10\/243d4909f2fca5a60ed3498b1fa62d1a.webp","width":750,"height":400,"caption":"Tunisie : Le Suisse ETILOG investit \u00e0 Kairouan dans l\u2019emballage auto et a\u00e9rospatial"},{"@type":"BreadcrumbList","@id":"https:\/\/www.webdo.tn\/fr\/actualite\/national\/tunisie-le-suisse-etilog-investit-a-kairouan-dans-l-emballage-auto-et-aerospatial\/216931\/#breadcrumb","itemListElement":[{"@type":"ListItem","position":1,"name":"Accueil","item":"https:\/\/www.webdo.tn\/fr\/"},{"@type":"ListItem","position":2,"name":"Tunisie : Le Suisse ETILOG investit \u00e0 Kairouan dans l\u2019emballage auto et a\u00e9rospatial"}]},{"@type":"WebSite","@id":"https:\/\/www.webdo.tn\/fr\/#website","url":"https:\/\/www.webdo.tn\/fr\/","name":"webdo","description":"Tunisie - News en Tunisie et \u00e0 l&#039;international sur Webdo.tn","publisher":{"@id":"https:\/\/www.webdo.tn\/fr\/#organization"},"potentialAction":[{"@type":"SearchAction","target":{"@type":"EntryPoint","urlTemplate":"https:\/\/www.webdo.tn\/fr\/?s={search_term_string}"},"query-input":{"@type":"PropertyValueSpecification","valueRequired":true,"valueName":"search_term_string"}}],"inLanguage":"fr-FR"},{"@type":"Organization","@id":"https:\/\/www.webdo.tn\/fr\/#organization","name":"Webdo","alternateName":"Webdo.tn","url":"https:\/\/www.webdo.tn\/fr\/","logo":{"@type":"ImageObject","inLanguage":"fr-FR","@id":"https:\/\/www.webdo.tn\/fr\/#\/schema\/logo\/image\/","url":"https:\/\/www.webdo.tn\/fr\/wp-content\/uploads\/2025\/06\/Webdo-Tunisie_168377.jpg","contentUrl":"https:\/\/www.webdo.tn\/fr\/wp-content\/uploads\/2025\/06\/Webdo-Tunisie_168377.jpg","width":301,"height":301,"caption":"Webdo"},"image":{"@id":"https:\/\/www.webdo.tn\/fr\/#\/schema\/logo\/image\/"},"sameAs":["https:\/\/www.facebook.com\/webdotn","https:\/\/x.com\/webdo_tn"],"description":"Webdo est un m\u00e9dia num\u00e9rique tunisien fond\u00e9 en 2010, sp\u00e9cialis\u00e9 dans l\u2019actualit\u00e9 nationale et internationale, l\u2019\u00e9conomie, la soci\u00e9t\u00e9 et les analyses politiques. Le site s\u2019adresse \u00e0 un large public francophone et couvre l\u2019information tunisienne en temps r\u00e9el.","email":"redac@webdo.tn","legalName":"YNJ SARL","foundingDate":"2010-09-06","numberOfEmployees":{"@type":"QuantitativeValue","minValue":"11","maxValue":"50"}},{"@type":"Person","@id":"https:\/\/www.webdo.tn\/fr\/#\/schema\/person\/2c4929cbf5a809e3bd38617c6ce150f6","name":"MC","image":{"@type":"ImageObject","inLanguage":"fr-FR","@id":"https:\/\/secure.gravatar.com\/avatar\/a545bbb6f84efdd5553dbbc2895e3ca8f1d12c5215e00a041c9670b54aa9b18a?s=96&d=mm&r=g","url":"https:\/\/secure.gravatar.com\/avatar\/a545bbb6f84efdd5553dbbc2895e3ca8f1d12c5215e00a041c9670b54aa9b18a?s=96&d=mm&r=g","contentUrl":"https:\/\/secure.gravatar.com\/avatar\/a545bbb6f84efdd5553dbbc2895e3ca8f1d12c5215e00a041c9670b54aa9b18a?s=96&d=mm&r=g","caption":"MC"},"url":"https:\/\/www.webdo.tn\/fr\/actualite\/author\/mc\/"}]}},"_links":{"self":[{"href":"https:\/\/www.webdo.tn\/fr\/wp-json\/wp\/v2\/posts\/216931","targetHints":{"allow":["GET"]}}],"collection":[{"href":"https:\/\/www.webdo.tn\/fr\/wp-json\/wp\/v2\/posts"}],"about":[{"href":"https:\/\/www.webdo.tn\/fr\/wp-json\/wp\/v2\/types\/post"}],"author":[{"embeddable":true,"href":"https:\/\/www.webdo.tn\/fr\/wp-json\/wp\/v2\/users\/3162"}],"replies":[{"embeddable":true,"href":"https:\/\/www.webdo.tn\/fr\/wp-json\/wp\/v2\/comments?post=216931"}],"version-history":[{"count":0,"href":"https:\/\/www.webdo.tn\/fr\/wp-json\/wp\/v2\/posts\/216931\/revisions"}],"wp:featuredmedia":[{"embeddable":true,"href":"https:\/\/www.webdo.tn\/fr\/wp-json\/wp\/v2\/media\/246356"}],"wp:attachment":[{"href":"https:\/\/www.webdo.tn\/fr\/wp-json\/wp\/v2\/media?parent=216931"}],"wp:term":[{"taxonomy":"category","embeddable":true,"href":"https:\/\/www.webdo.tn\/fr\/wp-json\/wp\/v2\/categories?post=216931"},{"taxonomy":"post_tag","embeddable":true,"href":"https:\/\/www.webdo.tn\/fr\/wp-json\/wp\/v2\/tags?post=216931"}],"curies":[{"name":"wp","href":"https:\/\/api.w.org\/{rel}","templated":true}]}}