{"id":216926,"date":"2024-10-11T09:21:00","date_gmt":"2024-10-11T09:21:00","guid":{"rendered":"https:\/\/www.webdo.tn\/fr\/blog\/tunisie-comparution-d-abir-moussi-devant-la-justice\/216926\/"},"modified":"2025-05-20T21:47:55","modified_gmt":"2025-05-20T21:47:55","slug":"tunisie-comparution-d-abir-moussi-devant-la-justice","status":"publish","type":"post","link":"https:\/\/www.webdo.tn\/fr\/actualite\/national\/tunisie-comparution-d-abir-moussi-devant-la-justice\/216926\/","title":{"rendered":"Tunisie : Comparution d\u2019Abir Moussi devant la justice"},"content":{"rendered":"<p>Arr\u00eat\u00e9e le 3 octobre 2023 devant le Bureau d&rsquo;ordre de la Pr\u00e9sidence de la R\u00e9publique, la pr\u00e9sidente du Parti destourien libre, Abir Moussi, compara\u00eet aujourd\u2019hui dans le cadre de cette affaire.<\/p>\n<p>\t\t\t\t\t\t\t\t\tAbir Moussi doit compara\u00eetre, ce vendredi 11 octobre 2024, devant le b\u00e2tonnier des juges d&rsquo;instruction dans le cadre de l&rsquo;affaire du Bureau d&rsquo;ordre de la Pr\u00e9sidence de la R\u00e9publique, a annonc\u00e9 Karim Krifa, membre du comit\u00e9 de d\u00e9fense. Une affaire qui lui a valu son arrestation et sa d\u00e9tention depuis plus d\u2019un an.<\/p>\n<p>Le 3 octobre 2023, la pr\u00e9sidente du PDL avait \u00e9t\u00e9 interpell\u00e9e alors qu\u2019elle se trouvait devant le Bureau d\u2019ordre du Palais de Carthage, pour y d\u00e9poser une demande dans le cadre du recours qu\u2019elle comptait intenter contre les d\u00e9crets \u00e9mis par la Pr\u00e9sidence de la R\u00e9publique concernant la convocation des \u00e9lecteurs aux \u00e9lections locales et le d\u00e9coupage des districts.<\/p>\n<p>Plac\u00e9e en garde \u00e0 vue en marge de son arrestation, un mandat de d\u00e9p\u00f4t avait \u00e9t\u00e9 d\u00e9livr\u00e9 contre elle le 5 octobre 2023, Abir Moussi, faisant ainsi face \u00e0 plusieurs chefs d\u2019accusation dont \u00ab\u00a0incitation des citoyens \u00e0 s\u2019armer les uns contre les autres, provocation de d\u00e9sordre sur le territoire tunisien, utilisation de donn\u00e9es personnelles sans consentement et entrave \u00e0 la libert\u00e9 du travail\u00a0\u00bb.<\/p>\n<p>Abir Moussi est par ailleurs vis\u00e9e par plusieurs mandats de d\u00e9p\u00f4t et poursuivie en justice dans d&rsquo;autres affaires.<\/p>\n","protected":false},"excerpt":{"rendered":"<p>Abir Moussi doit compara\u00eetre, ce vendredi 11 octobre 2024, devant le b\u00e2tonnier des juges d&rsquo;instruction dans le cadre de l&rsquo;affaire du Bureau d&rsquo;ordre de la Pr\u00e9sid&#8230;<\/p>\n","protected":false},"author":3162,"featured_media":246352,"comment_status":"open","ping_status":"closed","sticky":false,"template":"","format":"standard","meta":{"footnotes":""},"categories":[44],"tags":[2926,5443,5444,2619,5442,2608],"class_list":["post-216926","post","type-post","status-publish","format-standard","has-post-thumbnail","hentry","category-national","tag-abir-moussi","tag-bureau-dordre","tag-comparution","tag-justice","tag-presidence-de-la-republique","tag-tunisie"],"yoast_head":"<!-- This site is optimized with the Yoast SEO Premium plugin v27.4 (Yoast SEO v27.5) - https:\/\/yoast.com\/product\/yoast-seo-premium-wordpress\/ -->\n<title>Tunisie : Comparution d\u2019Abir Moussi devant la justice<\/title>\n<meta name=\"description\" content=\"Abir Moussi doit compara\u00eetre, ce vendredi 11 octobre 2024, devant le b\u00e2tonnier des juges d&#039;instruction dans le cadre de l&#039;affaire du Bureau d&#039;ordre de la Pr\u00e9sid...\" \/>\n<link rel=\"canonical\" href=\"https:\/\/www.webdo.tn\/fr\/actualite\/national\/tunisie-comparution-d-abir-moussi-devant-la-justice\/216926\/\" \/>\n<meta property=\"og:locale\" content=\"fr_FR\" \/>\n<meta property=\"og:type\" content=\"article\" \/>\n<meta property=\"og:title\" content=\"Tunisie : Comparution d\u2019Abir Moussi devant la justice\" \/>\n<meta property=\"og:description\" content=\"Abir Moussi doit compara\u00eetre, ce vendredi 11 octobre 2024, devant le b\u00e2tonnier des juges d&#039;instruction dans le cadre de l&#039;affaire du Bureau d&#039;ordre de la Pr\u00e9sid...\" \/>\n<meta property=\"og:url\" content=\"https:\/\/www.webdo.tn\/fr\/actualite\/national\/tunisie-comparution-d-abir-moussi-devant-la-justice\/216926\/\" \/>\n<meta property=\"og:site_name\" content=\"webdo\" \/>\n<meta property=\"article:publisher\" content=\"https:\/\/www.facebook.com\/webdotn\" \/>\n<meta property=\"article:published_time\" content=\"2024-10-11T09:21:00+00:00\" \/>\n<meta property=\"article:modified_time\" content=\"2025-05-20T21:47:55+00:00\" \/>\n<meta property=\"og:image\" content=\"https:\/\/www.webdo.tn\/fr\/wp-content\/uploads\/2024\/10\/11520f4320f427294b27e629418d9b22.webp\" \/>\n\t<meta property=\"og:image:width\" content=\"750\" \/>\n\t<meta property=\"og:image:height\" content=\"400\" \/>\n\t<meta property=\"og:image:type\" content=\"image\/webp\" \/>\n<meta name=\"author\" content=\"MC\" \/>\n<meta name=\"twitter:card\" content=\"summary_large_image\" \/>\n<meta name=\"twitter:creator\" content=\"@webdo_tn\" \/>\n<meta name=\"twitter:site\" content=\"@webdo_tn\" \/>\n<meta name=\"twitter:label1\" content=\"\u00c9crit par\" \/>\n\t<meta name=\"twitter:data1\" content=\"MC\" \/>\n\t<meta name=\"twitter:label2\" content=\"Dur\u00e9e de lecture estim\u00e9e\" \/>\n\t<meta name=\"twitter:data2\" content=\"1 minute\" \/>\n<script type=\"application\/ld+json\" class=\"yoast-schema-graph\">{\"@context\":\"https:\\\/\\\/schema.org\",\"@graph\":[{\"@type\":\"NewsArticle\",\"@id\":\"https:\\\/\\\/www.webdo.tn\\\/fr\\\/actualite\\\/national\\\/tunisie-comparution-d-abir-moussi-devant-la-justice\\\/216926\\\/#article\",\"isPartOf\":{\"@id\":\"https:\\\/\\\/www.webdo.tn\\\/fr\\\/actualite\\\/national\\\/tunisie-comparution-d-abir-moussi-devant-la-justice\\\/216926\\\/\"},\"author\":{\"name\":\"MC\",\"@id\":\"https:\\\/\\\/www.webdo.tn\\\/fr\\\/#\\\/schema\\\/person\\\/2c4929cbf5a809e3bd38617c6ce150f6\"},\"headline\":\"Tunisie : Comparution d\u2019Abir Moussi devant la justice\",\"datePublished\":\"2024-10-11T09:21:00+00:00\",\"dateModified\":\"2025-05-20T21:47:55+00:00\",\"mainEntityOfPage\":{\"@id\":\"https:\\\/\\\/www.webdo.tn\\\/fr\\\/actualite\\\/national\\\/tunisie-comparution-d-abir-moussi-devant-la-justice\\\/216926\\\/\"},\"wordCount\":260,\"commentCount\":0,\"publisher\":{\"@id\":\"https:\\\/\\\/www.webdo.tn\\\/fr\\\/#organization\"},\"image\":{\"@id\":\"https:\\\/\\\/www.webdo.tn\\\/fr\\\/actualite\\\/national\\\/tunisie-comparution-d-abir-moussi-devant-la-justice\\\/216926\\\/#primaryimage\"},\"thumbnailUrl\":\"https:\\\/\\\/www.webdo.tn\\\/fr\\\/wp-content\\\/uploads\\\/2024\\\/10\\\/11520f4320f427294b27e629418d9b22.webp\",\"keywords\":[\"Abir Moussi\",\"bureau d'ordre\",\"comparution\",\"justice\",\"pr\u00e9sidence de la R\u00e9publique\",\"Tunisie\"],\"articleSection\":[\"National\"],\"inLanguage\":\"fr-FR\"},{\"@type\":\"WebPage\",\"@id\":\"https:\\\/\\\/www.webdo.tn\\\/fr\\\/actualite\\\/national\\\/tunisie-comparution-d-abir-moussi-devant-la-justice\\\/216926\\\/\",\"url\":\"https:\\\/\\\/www.webdo.tn\\\/fr\\\/actualite\\\/national\\\/tunisie-comparution-d-abir-moussi-devant-la-justice\\\/216926\\\/\",\"name\":\"Tunisie : Comparution d\u2019Abir Moussi devant la justice\",\"isPartOf\":{\"@id\":\"https:\\\/\\\/www.webdo.tn\\\/fr\\\/#website\"},\"primaryImageOfPage\":{\"@id\":\"https:\\\/\\\/www.webdo.tn\\\/fr\\\/actualite\\\/national\\\/tunisie-comparution-d-abir-moussi-devant-la-justice\\\/216926\\\/#primaryimage\"},\"image\":{\"@id\":\"https:\\\/\\\/www.webdo.tn\\\/fr\\\/actualite\\\/national\\\/tunisie-comparution-d-abir-moussi-devant-la-justice\\\/216926\\\/#primaryimage\"},\"thumbnailUrl\":\"https:\\\/\\\/www.webdo.tn\\\/fr\\\/wp-content\\\/uploads\\\/2024\\\/10\\\/11520f4320f427294b27e629418d9b22.webp\",\"datePublished\":\"2024-10-11T09:21:00+00:00\",\"dateModified\":\"2025-05-20T21:47:55+00:00\",\"description\":\"Abir Moussi doit compara\u00eetre, ce vendredi 11 octobre 2024, devant le b\u00e2tonnier des juges d'instruction dans le cadre de l'affaire du Bureau d'ordre de la Pr\u00e9sid...\",\"breadcrumb\":{\"@id\":\"https:\\\/\\\/www.webdo.tn\\\/fr\\\/actualite\\\/national\\\/tunisie-comparution-d-abir-moussi-devant-la-justice\\\/216926\\\/#breadcrumb\"},\"inLanguage\":\"fr-FR\",\"potentialAction\":[{\"@type\":\"ReadAction\",\"target\":[\"https:\\\/\\\/www.webdo.tn\\\/fr\\\/actualite\\\/national\\\/tunisie-comparution-d-abir-moussi-devant-la-justice\\\/216926\\\/\"]}]},{\"@type\":\"ImageObject\",\"inLanguage\":\"fr-FR\",\"@id\":\"https:\\\/\\\/www.webdo.tn\\\/fr\\\/actualite\\\/national\\\/tunisie-comparution-d-abir-moussi-devant-la-justice\\\/216926\\\/#primaryimage\",\"url\":\"https:\\\/\\\/www.webdo.tn\\\/fr\\\/wp-content\\\/uploads\\\/2024\\\/10\\\/11520f4320f427294b27e629418d9b22.webp\",\"contentUrl\":\"https:\\\/\\\/www.webdo.tn\\\/fr\\\/wp-content\\\/uploads\\\/2024\\\/10\\\/11520f4320f427294b27e629418d9b22.webp\",\"width\":750,\"height\":400,\"caption\":\"Tunisie : Comparution d\u2019Abir Moussi devant la justice\"},{\"@type\":\"BreadcrumbList\",\"@id\":\"https:\\\/\\\/www.webdo.tn\\\/fr\\\/actualite\\\/national\\\/tunisie-comparution-d-abir-moussi-devant-la-justice\\\/216926\\\/#breadcrumb\",\"itemListElement\":[{\"@type\":\"ListItem\",\"position\":1,\"name\":\"Accueil\",\"item\":\"https:\\\/\\\/www.webdo.tn\\\/fr\\\/\"},{\"@type\":\"ListItem\",\"position\":2,\"name\":\"Tunisie : Comparution d\u2019Abir Moussi devant la justice\"}]},{\"@type\":\"WebSite\",\"@id\":\"https:\\\/\\\/www.webdo.tn\\\/fr\\\/#website\",\"url\":\"https:\\\/\\\/www.webdo.tn\\\/fr\\\/\",\"name\":\"webdo\",\"description\":\"Tunisie - News en Tunisie et \u00e0 l&#039;international sur Webdo.tn\",\"publisher\":{\"@id\":\"https:\\\/\\\/www.webdo.tn\\\/fr\\\/#organization\"},\"potentialAction\":[{\"@type\":\"SearchAction\",\"target\":{\"@type\":\"EntryPoint\",\"urlTemplate\":\"https:\\\/\\\/www.webdo.tn\\\/fr\\\/?s={search_term_string}\"},\"query-input\":{\"@type\":\"PropertyValueSpecification\",\"valueRequired\":true,\"valueName\":\"search_term_string\"}}],\"inLanguage\":\"fr-FR\"},{\"@type\":\"Organization\",\"@id\":\"https:\\\/\\\/www.webdo.tn\\\/fr\\\/#organization\",\"name\":\"Webdo\",\"alternateName\":\"Webdo.tn\",\"url\":\"https:\\\/\\\/www.webdo.tn\\\/fr\\\/\",\"logo\":{\"@type\":\"ImageObject\",\"inLanguage\":\"fr-FR\",\"@id\":\"https:\\\/\\\/www.webdo.tn\\\/fr\\\/#\\\/schema\\\/logo\\\/image\\\/\",\"url\":\"https:\\\/\\\/www.webdo.tn\\\/fr\\\/wp-content\\\/uploads\\\/2025\\\/06\\\/Webdo-Tunisie_168377.jpg\",\"contentUrl\":\"https:\\\/\\\/www.webdo.tn\\\/fr\\\/wp-content\\\/uploads\\\/2025\\\/06\\\/Webdo-Tunisie_168377.jpg\",\"width\":301,\"height\":301,\"caption\":\"Webdo\"},\"image\":{\"@id\":\"https:\\\/\\\/www.webdo.tn\\\/fr\\\/#\\\/schema\\\/logo\\\/image\\\/\"},\"sameAs\":[\"https:\\\/\\\/www.facebook.com\\\/webdotn\",\"https:\\\/\\\/x.com\\\/webdo_tn\"],\"description\":\"Webdo est un m\u00e9dia num\u00e9rique tunisien fond\u00e9 en 2010, sp\u00e9cialis\u00e9 dans l\u2019actualit\u00e9 nationale et internationale, l\u2019\u00e9conomie, la soci\u00e9t\u00e9 et les analyses politiques. Le site s\u2019adresse \u00e0 un large public francophone et couvre l\u2019information tunisienne en temps r\u00e9el.\",\"email\":\"redac@webdo.tn\",\"legalName\":\"YNJ SARL\",\"foundingDate\":\"2010-09-06\",\"numberOfEmployees\":{\"@type\":\"QuantitativeValue\",\"minValue\":\"11\",\"maxValue\":\"50\"}},{\"@type\":\"Person\",\"@id\":\"https:\\\/\\\/www.webdo.tn\\\/fr\\\/#\\\/schema\\\/person\\\/2c4929cbf5a809e3bd38617c6ce150f6\",\"name\":\"MC\",\"image\":{\"@type\":\"ImageObject\",\"inLanguage\":\"fr-FR\",\"@id\":\"https:\\\/\\\/secure.gravatar.com\\\/avatar\\\/a545bbb6f84efdd5553dbbc2895e3ca8f1d12c5215e00a041c9670b54aa9b18a?s=96&d=mm&r=g\",\"url\":\"https:\\\/\\\/secure.gravatar.com\\\/avatar\\\/a545bbb6f84efdd5553dbbc2895e3ca8f1d12c5215e00a041c9670b54aa9b18a?s=96&d=mm&r=g\",\"contentUrl\":\"https:\\\/\\\/secure.gravatar.com\\\/avatar\\\/a545bbb6f84efdd5553dbbc2895e3ca8f1d12c5215e00a041c9670b54aa9b18a?s=96&d=mm&r=g\",\"caption\":\"MC\"},\"url\":\"https:\\\/\\\/www.webdo.tn\\\/fr\\\/actualite\\\/author\\\/mc\\\/\"}]}<\/script>\n<!-- \/ Yoast SEO Premium plugin. -->","yoast_head_json":{"title":"Tunisie : Comparution d\u2019Abir Moussi devant la justice","description":"Abir Moussi doit compara\u00eetre, ce vendredi 11 octobre 2024, devant le b\u00e2tonnier des juges d'instruction dans le cadre de l'affaire du Bureau d'ordre de la Pr\u00e9sid...","canonical":"https:\/\/www.webdo.tn\/fr\/actualite\/national\/tunisie-comparution-d-abir-moussi-devant-la-justice\/216926\/","og_locale":"fr_FR","og_type":"article","og_title":"Tunisie : Comparution d\u2019Abir Moussi devant la justice","og_description":"Abir Moussi doit compara\u00eetre, ce vendredi 11 octobre 2024, devant le b\u00e2tonnier des juges d'instruction dans le cadre de l'affaire du Bureau d'ordre de la Pr\u00e9sid...","og_url":"https:\/\/www.webdo.tn\/fr\/actualite\/national\/tunisie-comparution-d-abir-moussi-devant-la-justice\/216926\/","og_site_name":"webdo","article_publisher":"https:\/\/www.facebook.com\/webdotn","article_published_time":"2024-10-11T09:21:00+00:00","article_modified_time":"2025-05-20T21:47:55+00:00","og_image":[{"width":750,"height":400,"url":"https:\/\/www.webdo.tn\/fr\/wp-content\/uploads\/2024\/10\/11520f4320f427294b27e629418d9b22.webp","type":"image\/webp"}],"author":"MC","twitter_card":"summary_large_image","twitter_creator":"@webdo_tn","twitter_site":"@webdo_tn","twitter_misc":{"\u00c9crit par":"MC","Dur\u00e9e de lecture estim\u00e9e":"1 minute"},"schema":{"@context":"https:\/\/schema.org","@graph":[{"@type":"NewsArticle","@id":"https:\/\/www.webdo.tn\/fr\/actualite\/national\/tunisie-comparution-d-abir-moussi-devant-la-justice\/216926\/#article","isPartOf":{"@id":"https:\/\/www.webdo.tn\/fr\/actualite\/national\/tunisie-comparution-d-abir-moussi-devant-la-justice\/216926\/"},"author":{"name":"MC","@id":"https:\/\/www.webdo.tn\/fr\/#\/schema\/person\/2c4929cbf5a809e3bd38617c6ce150f6"},"headline":"Tunisie : Comparution d\u2019Abir Moussi devant la justice","datePublished":"2024-10-11T09:21:00+00:00","dateModified":"2025-05-20T21:47:55+00:00","mainEntityOfPage":{"@id":"https:\/\/www.webdo.tn\/fr\/actualite\/national\/tunisie-comparution-d-abir-moussi-devant-la-justice\/216926\/"},"wordCount":260,"commentCount":0,"publisher":{"@id":"https:\/\/www.webdo.tn\/fr\/#organization"},"image":{"@id":"https:\/\/www.webdo.tn\/fr\/actualite\/national\/tunisie-comparution-d-abir-moussi-devant-la-justice\/216926\/#primaryimage"},"thumbnailUrl":"https:\/\/www.webdo.tn\/fr\/wp-content\/uploads\/2024\/10\/11520f4320f427294b27e629418d9b22.webp","keywords":["Abir Moussi","bureau d'ordre","comparution","justice","pr\u00e9sidence de la R\u00e9publique","Tunisie"],"articleSection":["National"],"inLanguage":"fr-FR"},{"@type":"WebPage","@id":"https:\/\/www.webdo.tn\/fr\/actualite\/national\/tunisie-comparution-d-abir-moussi-devant-la-justice\/216926\/","url":"https:\/\/www.webdo.tn\/fr\/actualite\/national\/tunisie-comparution-d-abir-moussi-devant-la-justice\/216926\/","name":"Tunisie : Comparution d\u2019Abir Moussi devant la justice","isPartOf":{"@id":"https:\/\/www.webdo.tn\/fr\/#website"},"primaryImageOfPage":{"@id":"https:\/\/www.webdo.tn\/fr\/actualite\/national\/tunisie-comparution-d-abir-moussi-devant-la-justice\/216926\/#primaryimage"},"image":{"@id":"https:\/\/www.webdo.tn\/fr\/actualite\/national\/tunisie-comparution-d-abir-moussi-devant-la-justice\/216926\/#primaryimage"},"thumbnailUrl":"https:\/\/www.webdo.tn\/fr\/wp-content\/uploads\/2024\/10\/11520f4320f427294b27e629418d9b22.webp","datePublished":"2024-10-11T09:21:00+00:00","dateModified":"2025-05-20T21:47:55+00:00","description":"Abir Moussi doit compara\u00eetre, ce vendredi 11 octobre 2024, devant le b\u00e2tonnier des juges d'instruction dans le cadre de l'affaire du Bureau d'ordre de la Pr\u00e9sid...","breadcrumb":{"@id":"https:\/\/www.webdo.tn\/fr\/actualite\/national\/tunisie-comparution-d-abir-moussi-devant-la-justice\/216926\/#breadcrumb"},"inLanguage":"fr-FR","potentialAction":[{"@type":"ReadAction","target":["https:\/\/www.webdo.tn\/fr\/actualite\/national\/tunisie-comparution-d-abir-moussi-devant-la-justice\/216926\/"]}]},{"@type":"ImageObject","inLanguage":"fr-FR","@id":"https:\/\/www.webdo.tn\/fr\/actualite\/national\/tunisie-comparution-d-abir-moussi-devant-la-justice\/216926\/#primaryimage","url":"https:\/\/www.webdo.tn\/fr\/wp-content\/uploads\/2024\/10\/11520f4320f427294b27e629418d9b22.webp","contentUrl":"https:\/\/www.webdo.tn\/fr\/wp-content\/uploads\/2024\/10\/11520f4320f427294b27e629418d9b22.webp","width":750,"height":400,"caption":"Tunisie : Comparution d\u2019Abir Moussi devant la justice"},{"@type":"BreadcrumbList","@id":"https:\/\/www.webdo.tn\/fr\/actualite\/national\/tunisie-comparution-d-abir-moussi-devant-la-justice\/216926\/#breadcrumb","itemListElement":[{"@type":"ListItem","position":1,"name":"Accueil","item":"https:\/\/www.webdo.tn\/fr\/"},{"@type":"ListItem","position":2,"name":"Tunisie : Comparution d\u2019Abir Moussi devant la justice"}]},{"@type":"WebSite","@id":"https:\/\/www.webdo.tn\/fr\/#website","url":"https:\/\/www.webdo.tn\/fr\/","name":"webdo","description":"Tunisie - News en Tunisie et \u00e0 l&#039;international sur Webdo.tn","publisher":{"@id":"https:\/\/www.webdo.tn\/fr\/#organization"},"potentialAction":[{"@type":"SearchAction","target":{"@type":"EntryPoint","urlTemplate":"https:\/\/www.webdo.tn\/fr\/?s={search_term_string}"},"query-input":{"@type":"PropertyValueSpecification","valueRequired":true,"valueName":"search_term_string"}}],"inLanguage":"fr-FR"},{"@type":"Organization","@id":"https:\/\/www.webdo.tn\/fr\/#organization","name":"Webdo","alternateName":"Webdo.tn","url":"https:\/\/www.webdo.tn\/fr\/","logo":{"@type":"ImageObject","inLanguage":"fr-FR","@id":"https:\/\/www.webdo.tn\/fr\/#\/schema\/logo\/image\/","url":"https:\/\/www.webdo.tn\/fr\/wp-content\/uploads\/2025\/06\/Webdo-Tunisie_168377.jpg","contentUrl":"https:\/\/www.webdo.tn\/fr\/wp-content\/uploads\/2025\/06\/Webdo-Tunisie_168377.jpg","width":301,"height":301,"caption":"Webdo"},"image":{"@id":"https:\/\/www.webdo.tn\/fr\/#\/schema\/logo\/image\/"},"sameAs":["https:\/\/www.facebook.com\/webdotn","https:\/\/x.com\/webdo_tn"],"description":"Webdo est un m\u00e9dia num\u00e9rique tunisien fond\u00e9 en 2010, sp\u00e9cialis\u00e9 dans l\u2019actualit\u00e9 nationale et internationale, l\u2019\u00e9conomie, la soci\u00e9t\u00e9 et les analyses politiques. Le site s\u2019adresse \u00e0 un large public francophone et couvre l\u2019information tunisienne en temps r\u00e9el.","email":"redac@webdo.tn","legalName":"YNJ SARL","foundingDate":"2010-09-06","numberOfEmployees":{"@type":"QuantitativeValue","minValue":"11","maxValue":"50"}},{"@type":"Person","@id":"https:\/\/www.webdo.tn\/fr\/#\/schema\/person\/2c4929cbf5a809e3bd38617c6ce150f6","name":"MC","image":{"@type":"ImageObject","inLanguage":"fr-FR","@id":"https:\/\/secure.gravatar.com\/avatar\/a545bbb6f84efdd5553dbbc2895e3ca8f1d12c5215e00a041c9670b54aa9b18a?s=96&d=mm&r=g","url":"https:\/\/secure.gravatar.com\/avatar\/a545bbb6f84efdd5553dbbc2895e3ca8f1d12c5215e00a041c9670b54aa9b18a?s=96&d=mm&r=g","contentUrl":"https:\/\/secure.gravatar.com\/avatar\/a545bbb6f84efdd5553dbbc2895e3ca8f1d12c5215e00a041c9670b54aa9b18a?s=96&d=mm&r=g","caption":"MC"},"url":"https:\/\/www.webdo.tn\/fr\/actualite\/author\/mc\/"}]}},"_links":{"self":[{"href":"https:\/\/www.webdo.tn\/fr\/wp-json\/wp\/v2\/posts\/216926","targetHints":{"allow":["GET"]}}],"collection":[{"href":"https:\/\/www.webdo.tn\/fr\/wp-json\/wp\/v2\/posts"}],"about":[{"href":"https:\/\/www.webdo.tn\/fr\/wp-json\/wp\/v2\/types\/post"}],"author":[{"embeddable":true,"href":"https:\/\/www.webdo.tn\/fr\/wp-json\/wp\/v2\/users\/3162"}],"replies":[{"embeddable":true,"href":"https:\/\/www.webdo.tn\/fr\/wp-json\/wp\/v2\/comments?post=216926"}],"version-history":[{"count":0,"href":"https:\/\/www.webdo.tn\/fr\/wp-json\/wp\/v2\/posts\/216926\/revisions"}],"wp:featuredmedia":[{"embeddable":true,"href":"https:\/\/www.webdo.tn\/fr\/wp-json\/wp\/v2\/media\/246352"}],"wp:attachment":[{"href":"https:\/\/www.webdo.tn\/fr\/wp-json\/wp\/v2\/media?parent=216926"}],"wp:term":[{"taxonomy":"category","embeddable":true,"href":"https:\/\/www.webdo.tn\/fr\/wp-json\/wp\/v2\/categories?post=216926"},{"taxonomy":"post_tag","embeddable":true,"href":"https:\/\/www.webdo.tn\/fr\/wp-json\/wp\/v2\/tags?post=216926"}],"curies":[{"name":"wp","href":"https:\/\/api.w.org\/{rel}","templated":true}]}}