{"id":216921,"date":"2024-10-10T20:42:00","date_gmt":"2024-10-10T20:42:00","guid":{"rendered":"https:\/\/www.webdo.tn\/fr\/blog\/tunisie-rencontre-entre-kais-saied-et-le-president-de-l-institution-fida\/216921\/"},"modified":"2025-05-21T09:07:13","modified_gmt":"2025-05-21T09:07:13","slug":"tunisie-rencontre-entre-kais-saied-et-le-president-de-l-institution-fida","status":"publish","type":"post","link":"https:\/\/www.webdo.tn\/fr\/actualite\/national\/tunisie-rencontre-entre-kais-saied-et-le-president-de-l-institution-fida\/216921\/","title":{"rendered":"Tunisie : Rencontre entre Ka\u00efs Sa\u00efed et le pr\u00e9sident de la Fondation Fida"},"content":{"rendered":"<p>Ce jeudi 10 octobre 2024, le pr\u00e9sident de la R\u00e9publique, Ka\u00efs Sa\u00efed, a re\u00e7u  Ahmed Jaafar, pr\u00e9sident de la Fondation Fida, qui s&rsquo;occupe de l&rsquo;accompagnement des victimes des attentats terroristes, des militaires, des agents des forces de s\u00e9curit\u00e9 int\u00e9rieure et de la douane, ainsi des martyrs et bless\u00e9s de la r\u00e9volution .<\/p>\n<p>\t\t\t\t\t\t\t\t\tAu cours de cette rencontre, ils ont abord\u00e9 le projet de modification du d\u00e9cret ayant \u00e9tabli cette institution, dans le but de renforcer son soutien et de revoir plusieurs dispositions afin d\u2019atteindre au mieux les objectifs nobles pour lesquels elle a \u00e9t\u00e9 cr\u00e9\u00e9e.<\/p>\n<p>Le pr\u00e9sident de la R\u00e9publique a soulign\u00e9 que l&rsquo;institution Fida repr\u00e9sente l&rsquo;engagement de l&rsquo;\u00c9tat tunisien \u00e0 ne jamais oublier les victimes des attentats terroristes, tout comme elle n&rsquo;oubliera jamais les martyrs et les bless\u00e9s de la r\u00e9volution. Il a \u00e9galement affirm\u00e9 que les Tunisiennes et les Tunisiens resteront fid\u00e8les \u00e0 la m\u00e9moire des bless\u00e9s et des martyrs, qui ont sacrifi\u00e9 leur vie pour la patrie.<\/p>\n","protected":false},"excerpt":{"rendered":"<p>Rencontre entre Ka\u00efs Sa\u00efed et Ahmed Jaafar pour renforcer le soutien aux victimes des attentats terroristes et aux martyrs de la r\u00e9volution.<\/p>\n","protected":false},"author":3166,"featured_media":291178,"comment_status":"open","ping_status":"closed","sticky":false,"template":"","format":"standard","meta":{"footnotes":""},"categories":[44],"tags":[10517,4472,2608],"class_list":["post-216921","post","type-post","status-publish","format-standard","has-post-thumbnail","hentry","category-national","tag-fida","tag-martyrs","tag-tunisie"],"yoast_head":"<!-- This site is optimized with the Yoast SEO Premium plugin v27.5 (Yoast SEO v27.5) - https:\/\/yoast.com\/product\/yoast-seo-premium-wordpress\/ -->\n<title>Tunisie : Rencontre entre Ka\u00efs Sa\u00efed et le pr\u00e9sident de la Fondation Fida<\/title>\n<meta name=\"description\" content=\"Rencontre entre Ka\u00efs Sa\u00efed et Ahmed Jaafar pour renforcer le soutien aux victimes des attentats terroristes et aux martyrs de la r\u00e9volution.\" \/>\n<link rel=\"canonical\" href=\"https:\/\/www.webdo.tn\/fr\/actualite\/national\/tunisie-rencontre-entre-kais-saied-et-le-president-de-l-institution-fida\/216921\/\" \/>\n<meta property=\"og:locale\" content=\"fr_FR\" \/>\n<meta property=\"og:type\" content=\"article\" \/>\n<meta property=\"og:title\" content=\"Tunisie : Rencontre entre Ka\u00efs Sa\u00efed et le pr\u00e9sident de la Fondation Fida\" \/>\n<meta property=\"og:description\" content=\"Rencontre entre Ka\u00efs Sa\u00efed et Ahmed Jaafar pour renforcer le soutien aux victimes des attentats terroristes et aux martyrs de la r\u00e9volution.\" \/>\n<meta property=\"og:url\" content=\"https:\/\/www.webdo.tn\/fr\/actualite\/national\/tunisie-rencontre-entre-kais-saied-et-le-president-de-l-institution-fida\/216921\/\" \/>\n<meta property=\"og:site_name\" content=\"webdo\" \/>\n<meta property=\"article:publisher\" content=\"https:\/\/www.facebook.com\/webdotn\" \/>\n<meta property=\"article:published_time\" content=\"2024-10-10T20:42:00+00:00\" \/>\n<meta property=\"article:modified_time\" content=\"2025-05-21T09:07:13+00:00\" \/>\n<meta property=\"og:image\" content=\"https:\/\/www.webdo.tn\/fr\/wp-content\/uploads\/2024\/10\/de38290eeb78d599cf05250ebf2d1ce3.webp\" \/>\n\t<meta property=\"og:image:width\" content=\"750\" \/>\n\t<meta property=\"og:image:height\" content=\"400\" \/>\n\t<meta property=\"og:image:type\" content=\"image\/webp\" \/>\n<meta name=\"author\" content=\"AZ\" \/>\n<meta name=\"twitter:card\" content=\"summary_large_image\" \/>\n<meta name=\"twitter:creator\" content=\"@webdo_tn\" \/>\n<meta name=\"twitter:site\" content=\"@webdo_tn\" \/>\n<meta name=\"twitter:label1\" content=\"\u00c9crit par\" \/>\n\t<meta name=\"twitter:data1\" content=\"AZ\" \/>\n\t<meta name=\"twitter:label2\" content=\"Dur\u00e9e de lecture estim\u00e9e\" \/>\n\t<meta name=\"twitter:data2\" content=\"1 minute\" \/>\n<script type=\"application\/ld+json\" class=\"yoast-schema-graph\">{\"@context\":\"https:\\\/\\\/schema.org\",\"@graph\":[{\"@type\":\"NewsArticle\",\"@id\":\"https:\\\/\\\/www.webdo.tn\\\/fr\\\/actualite\\\/national\\\/tunisie-rencontre-entre-kais-saied-et-le-president-de-l-institution-fida\\\/216921\\\/#article\",\"isPartOf\":{\"@id\":\"https:\\\/\\\/www.webdo.tn\\\/fr\\\/actualite\\\/national\\\/tunisie-rencontre-entre-kais-saied-et-le-president-de-l-institution-fida\\\/216921\\\/\"},\"author\":{\"name\":\"AZ\",\"@id\":\"https:\\\/\\\/www.webdo.tn\\\/fr\\\/#\\\/schema\\\/person\\\/b8a41c04d93287d375510db360906b34\"},\"headline\":\"Tunisie : Rencontre entre Ka\u00efs Sa\u00efed et le pr\u00e9sident de la Fondation Fida\",\"datePublished\":\"2024-10-10T20:42:00+00:00\",\"dateModified\":\"2025-05-21T09:07:13+00:00\",\"mainEntityOfPage\":{\"@id\":\"https:\\\/\\\/www.webdo.tn\\\/fr\\\/actualite\\\/national\\\/tunisie-rencontre-entre-kais-saied-et-le-president-de-l-institution-fida\\\/216921\\\/\"},\"wordCount\":197,\"commentCount\":0,\"publisher\":{\"@id\":\"https:\\\/\\\/www.webdo.tn\\\/fr\\\/#organization\"},\"image\":{\"@id\":\"https:\\\/\\\/www.webdo.tn\\\/fr\\\/actualite\\\/national\\\/tunisie-rencontre-entre-kais-saied-et-le-president-de-l-institution-fida\\\/216921\\\/#primaryimage\"},\"thumbnailUrl\":\"https:\\\/\\\/www.webdo.tn\\\/fr\\\/wp-content\\\/uploads\\\/2024\\\/10\\\/de38290eeb78d599cf05250ebf2d1ce3.webp\",\"keywords\":[\"'Fida']\",\"Martyrs\",\"Tunisie\"],\"articleSection\":[\"National\"],\"inLanguage\":\"fr-FR\"},{\"@type\":\"WebPage\",\"@id\":\"https:\\\/\\\/www.webdo.tn\\\/fr\\\/actualite\\\/national\\\/tunisie-rencontre-entre-kais-saied-et-le-president-de-l-institution-fida\\\/216921\\\/\",\"url\":\"https:\\\/\\\/www.webdo.tn\\\/fr\\\/actualite\\\/national\\\/tunisie-rencontre-entre-kais-saied-et-le-president-de-l-institution-fida\\\/216921\\\/\",\"name\":\"Tunisie : Rencontre entre Ka\u00efs Sa\u00efed et le pr\u00e9sident de la Fondation Fida\",\"isPartOf\":{\"@id\":\"https:\\\/\\\/www.webdo.tn\\\/fr\\\/#website\"},\"primaryImageOfPage\":{\"@id\":\"https:\\\/\\\/www.webdo.tn\\\/fr\\\/actualite\\\/national\\\/tunisie-rencontre-entre-kais-saied-et-le-president-de-l-institution-fida\\\/216921\\\/#primaryimage\"},\"image\":{\"@id\":\"https:\\\/\\\/www.webdo.tn\\\/fr\\\/actualite\\\/national\\\/tunisie-rencontre-entre-kais-saied-et-le-president-de-l-institution-fida\\\/216921\\\/#primaryimage\"},\"thumbnailUrl\":\"https:\\\/\\\/www.webdo.tn\\\/fr\\\/wp-content\\\/uploads\\\/2024\\\/10\\\/de38290eeb78d599cf05250ebf2d1ce3.webp\",\"datePublished\":\"2024-10-10T20:42:00+00:00\",\"dateModified\":\"2025-05-21T09:07:13+00:00\",\"description\":\"Rencontre entre Ka\u00efs Sa\u00efed et Ahmed Jaafar pour renforcer le soutien aux victimes des attentats terroristes et aux martyrs de la r\u00e9volution.\",\"breadcrumb\":{\"@id\":\"https:\\\/\\\/www.webdo.tn\\\/fr\\\/actualite\\\/national\\\/tunisie-rencontre-entre-kais-saied-et-le-president-de-l-institution-fida\\\/216921\\\/#breadcrumb\"},\"inLanguage\":\"fr-FR\",\"potentialAction\":[{\"@type\":\"ReadAction\",\"target\":[\"https:\\\/\\\/www.webdo.tn\\\/fr\\\/actualite\\\/national\\\/tunisie-rencontre-entre-kais-saied-et-le-president-de-l-institution-fida\\\/216921\\\/\"]}]},{\"@type\":\"ImageObject\",\"inLanguage\":\"fr-FR\",\"@id\":\"https:\\\/\\\/www.webdo.tn\\\/fr\\\/actualite\\\/national\\\/tunisie-rencontre-entre-kais-saied-et-le-president-de-l-institution-fida\\\/216921\\\/#primaryimage\",\"url\":\"https:\\\/\\\/www.webdo.tn\\\/fr\\\/wp-content\\\/uploads\\\/2024\\\/10\\\/de38290eeb78d599cf05250ebf2d1ce3.webp\",\"contentUrl\":\"https:\\\/\\\/www.webdo.tn\\\/fr\\\/wp-content\\\/uploads\\\/2024\\\/10\\\/de38290eeb78d599cf05250ebf2d1ce3.webp\",\"width\":750,\"height\":400,\"caption\":\"Tunisie : Rencontre entre Ka\u00efs Sa\u00efed et le pr\u00e9sident de la Fondation Fida\"},{\"@type\":\"BreadcrumbList\",\"@id\":\"https:\\\/\\\/www.webdo.tn\\\/fr\\\/actualite\\\/national\\\/tunisie-rencontre-entre-kais-saied-et-le-president-de-l-institution-fida\\\/216921\\\/#breadcrumb\",\"itemListElement\":[{\"@type\":\"ListItem\",\"position\":1,\"name\":\"Accueil\",\"item\":\"https:\\\/\\\/www.webdo.tn\\\/fr\\\/\"},{\"@type\":\"ListItem\",\"position\":2,\"name\":\"Tunisie : Rencontre entre Ka\u00efs Sa\u00efed et le pr\u00e9sident de la Fondation Fida\"}]},{\"@type\":\"WebSite\",\"@id\":\"https:\\\/\\\/www.webdo.tn\\\/fr\\\/#website\",\"url\":\"https:\\\/\\\/www.webdo.tn\\\/fr\\\/\",\"name\":\"webdo\",\"description\":\"Tunisie - News en Tunisie et \u00e0 l&#039;international sur Webdo.tn\",\"publisher\":{\"@id\":\"https:\\\/\\\/www.webdo.tn\\\/fr\\\/#organization\"},\"potentialAction\":[{\"@type\":\"SearchAction\",\"target\":{\"@type\":\"EntryPoint\",\"urlTemplate\":\"https:\\\/\\\/www.webdo.tn\\\/fr\\\/?s={search_term_string}\"},\"query-input\":{\"@type\":\"PropertyValueSpecification\",\"valueRequired\":true,\"valueName\":\"search_term_string\"}}],\"inLanguage\":\"fr-FR\"},{\"@type\":\"Organization\",\"@id\":\"https:\\\/\\\/www.webdo.tn\\\/fr\\\/#organization\",\"name\":\"Webdo\",\"alternateName\":\"Webdo.tn\",\"url\":\"https:\\\/\\\/www.webdo.tn\\\/fr\\\/\",\"logo\":{\"@type\":\"ImageObject\",\"inLanguage\":\"fr-FR\",\"@id\":\"https:\\\/\\\/www.webdo.tn\\\/fr\\\/#\\\/schema\\\/logo\\\/image\\\/\",\"url\":\"https:\\\/\\\/www.webdo.tn\\\/fr\\\/wp-content\\\/uploads\\\/2025\\\/06\\\/Webdo-Tunisie_168377.jpg\",\"contentUrl\":\"https:\\\/\\\/www.webdo.tn\\\/fr\\\/wp-content\\\/uploads\\\/2025\\\/06\\\/Webdo-Tunisie_168377.jpg\",\"width\":301,\"height\":301,\"caption\":\"Webdo\"},\"image\":{\"@id\":\"https:\\\/\\\/www.webdo.tn\\\/fr\\\/#\\\/schema\\\/logo\\\/image\\\/\"},\"sameAs\":[\"https:\\\/\\\/www.facebook.com\\\/webdotn\",\"https:\\\/\\\/x.com\\\/webdo_tn\"],\"description\":\"Webdo est un m\u00e9dia num\u00e9rique tunisien fond\u00e9 en 2010, sp\u00e9cialis\u00e9 dans l\u2019actualit\u00e9 nationale et internationale, l\u2019\u00e9conomie, la soci\u00e9t\u00e9 et les analyses politiques. Le site s\u2019adresse \u00e0 un large public francophone et couvre l\u2019information tunisienne en temps r\u00e9el.\",\"email\":\"redac@webdo.tn\",\"legalName\":\"YNJ SARL\",\"foundingDate\":\"2010-09-06\",\"numberOfEmployees\":{\"@type\":\"QuantitativeValue\",\"minValue\":\"11\",\"maxValue\":\"50\"}},{\"@type\":\"Person\",\"@id\":\"https:\\\/\\\/www.webdo.tn\\\/fr\\\/#\\\/schema\\\/person\\\/b8a41c04d93287d375510db360906b34\",\"name\":\"AZ\",\"image\":{\"@type\":\"ImageObject\",\"inLanguage\":\"fr-FR\",\"@id\":\"https:\\\/\\\/secure.gravatar.com\\\/avatar\\\/492b80bada79439de4201dce15cd41eece6c277cfdf1b53382073c79105c1f89?s=96&d=mm&r=g\",\"url\":\"https:\\\/\\\/secure.gravatar.com\\\/avatar\\\/492b80bada79439de4201dce15cd41eece6c277cfdf1b53382073c79105c1f89?s=96&d=mm&r=g\",\"contentUrl\":\"https:\\\/\\\/secure.gravatar.com\\\/avatar\\\/492b80bada79439de4201dce15cd41eece6c277cfdf1b53382073c79105c1f89?s=96&d=mm&r=g\",\"caption\":\"AZ\"},\"url\":\"https:\\\/\\\/www.webdo.tn\\\/fr\\\/actualite\\\/author\\\/az\\\/\"}]}<\/script>\n<!-- \/ Yoast SEO Premium plugin. -->","yoast_head_json":{"title":"Tunisie : Rencontre entre Ka\u00efs Sa\u00efed et le pr\u00e9sident de la Fondation Fida","description":"Rencontre entre Ka\u00efs Sa\u00efed et Ahmed Jaafar pour renforcer le soutien aux victimes des attentats terroristes et aux martyrs de la r\u00e9volution.","canonical":"https:\/\/www.webdo.tn\/fr\/actualite\/national\/tunisie-rencontre-entre-kais-saied-et-le-president-de-l-institution-fida\/216921\/","og_locale":"fr_FR","og_type":"article","og_title":"Tunisie : Rencontre entre Ka\u00efs Sa\u00efed et le pr\u00e9sident de la Fondation Fida","og_description":"Rencontre entre Ka\u00efs Sa\u00efed et Ahmed Jaafar pour renforcer le soutien aux victimes des attentats terroristes et aux martyrs de la r\u00e9volution.","og_url":"https:\/\/www.webdo.tn\/fr\/actualite\/national\/tunisie-rencontre-entre-kais-saied-et-le-president-de-l-institution-fida\/216921\/","og_site_name":"webdo","article_publisher":"https:\/\/www.facebook.com\/webdotn","article_published_time":"2024-10-10T20:42:00+00:00","article_modified_time":"2025-05-21T09:07:13+00:00","og_image":[{"width":750,"height":400,"url":"https:\/\/www.webdo.tn\/fr\/wp-content\/uploads\/2024\/10\/de38290eeb78d599cf05250ebf2d1ce3.webp","type":"image\/webp"}],"author":"AZ","twitter_card":"summary_large_image","twitter_creator":"@webdo_tn","twitter_site":"@webdo_tn","twitter_misc":{"\u00c9crit par":"AZ","Dur\u00e9e de lecture estim\u00e9e":"1 minute"},"schema":{"@context":"https:\/\/schema.org","@graph":[{"@type":"NewsArticle","@id":"https:\/\/www.webdo.tn\/fr\/actualite\/national\/tunisie-rencontre-entre-kais-saied-et-le-president-de-l-institution-fida\/216921\/#article","isPartOf":{"@id":"https:\/\/www.webdo.tn\/fr\/actualite\/national\/tunisie-rencontre-entre-kais-saied-et-le-president-de-l-institution-fida\/216921\/"},"author":{"name":"AZ","@id":"https:\/\/www.webdo.tn\/fr\/#\/schema\/person\/b8a41c04d93287d375510db360906b34"},"headline":"Tunisie : Rencontre entre Ka\u00efs Sa\u00efed et le pr\u00e9sident de la Fondation Fida","datePublished":"2024-10-10T20:42:00+00:00","dateModified":"2025-05-21T09:07:13+00:00","mainEntityOfPage":{"@id":"https:\/\/www.webdo.tn\/fr\/actualite\/national\/tunisie-rencontre-entre-kais-saied-et-le-president-de-l-institution-fida\/216921\/"},"wordCount":197,"commentCount":0,"publisher":{"@id":"https:\/\/www.webdo.tn\/fr\/#organization"},"image":{"@id":"https:\/\/www.webdo.tn\/fr\/actualite\/national\/tunisie-rencontre-entre-kais-saied-et-le-president-de-l-institution-fida\/216921\/#primaryimage"},"thumbnailUrl":"https:\/\/www.webdo.tn\/fr\/wp-content\/uploads\/2024\/10\/de38290eeb78d599cf05250ebf2d1ce3.webp","keywords":["'Fida']","Martyrs","Tunisie"],"articleSection":["National"],"inLanguage":"fr-FR"},{"@type":"WebPage","@id":"https:\/\/www.webdo.tn\/fr\/actualite\/national\/tunisie-rencontre-entre-kais-saied-et-le-president-de-l-institution-fida\/216921\/","url":"https:\/\/www.webdo.tn\/fr\/actualite\/national\/tunisie-rencontre-entre-kais-saied-et-le-president-de-l-institution-fida\/216921\/","name":"Tunisie : Rencontre entre Ka\u00efs Sa\u00efed et le pr\u00e9sident de la Fondation Fida","isPartOf":{"@id":"https:\/\/www.webdo.tn\/fr\/#website"},"primaryImageOfPage":{"@id":"https:\/\/www.webdo.tn\/fr\/actualite\/national\/tunisie-rencontre-entre-kais-saied-et-le-president-de-l-institution-fida\/216921\/#primaryimage"},"image":{"@id":"https:\/\/www.webdo.tn\/fr\/actualite\/national\/tunisie-rencontre-entre-kais-saied-et-le-president-de-l-institution-fida\/216921\/#primaryimage"},"thumbnailUrl":"https:\/\/www.webdo.tn\/fr\/wp-content\/uploads\/2024\/10\/de38290eeb78d599cf05250ebf2d1ce3.webp","datePublished":"2024-10-10T20:42:00+00:00","dateModified":"2025-05-21T09:07:13+00:00","description":"Rencontre entre Ka\u00efs Sa\u00efed et Ahmed Jaafar pour renforcer le soutien aux victimes des attentats terroristes et aux martyrs de la r\u00e9volution.","breadcrumb":{"@id":"https:\/\/www.webdo.tn\/fr\/actualite\/national\/tunisie-rencontre-entre-kais-saied-et-le-president-de-l-institution-fida\/216921\/#breadcrumb"},"inLanguage":"fr-FR","potentialAction":[{"@type":"ReadAction","target":["https:\/\/www.webdo.tn\/fr\/actualite\/national\/tunisie-rencontre-entre-kais-saied-et-le-president-de-l-institution-fida\/216921\/"]}]},{"@type":"ImageObject","inLanguage":"fr-FR","@id":"https:\/\/www.webdo.tn\/fr\/actualite\/national\/tunisie-rencontre-entre-kais-saied-et-le-president-de-l-institution-fida\/216921\/#primaryimage","url":"https:\/\/www.webdo.tn\/fr\/wp-content\/uploads\/2024\/10\/de38290eeb78d599cf05250ebf2d1ce3.webp","contentUrl":"https:\/\/www.webdo.tn\/fr\/wp-content\/uploads\/2024\/10\/de38290eeb78d599cf05250ebf2d1ce3.webp","width":750,"height":400,"caption":"Tunisie : Rencontre entre Ka\u00efs Sa\u00efed et le pr\u00e9sident de la Fondation Fida"},{"@type":"BreadcrumbList","@id":"https:\/\/www.webdo.tn\/fr\/actualite\/national\/tunisie-rencontre-entre-kais-saied-et-le-president-de-l-institution-fida\/216921\/#breadcrumb","itemListElement":[{"@type":"ListItem","position":1,"name":"Accueil","item":"https:\/\/www.webdo.tn\/fr\/"},{"@type":"ListItem","position":2,"name":"Tunisie : Rencontre entre Ka\u00efs Sa\u00efed et le pr\u00e9sident de la Fondation Fida"}]},{"@type":"WebSite","@id":"https:\/\/www.webdo.tn\/fr\/#website","url":"https:\/\/www.webdo.tn\/fr\/","name":"webdo","description":"Tunisie - News en Tunisie et \u00e0 l&#039;international sur Webdo.tn","publisher":{"@id":"https:\/\/www.webdo.tn\/fr\/#organization"},"potentialAction":[{"@type":"SearchAction","target":{"@type":"EntryPoint","urlTemplate":"https:\/\/www.webdo.tn\/fr\/?s={search_term_string}"},"query-input":{"@type":"PropertyValueSpecification","valueRequired":true,"valueName":"search_term_string"}}],"inLanguage":"fr-FR"},{"@type":"Organization","@id":"https:\/\/www.webdo.tn\/fr\/#organization","name":"Webdo","alternateName":"Webdo.tn","url":"https:\/\/www.webdo.tn\/fr\/","logo":{"@type":"ImageObject","inLanguage":"fr-FR","@id":"https:\/\/www.webdo.tn\/fr\/#\/schema\/logo\/image\/","url":"https:\/\/www.webdo.tn\/fr\/wp-content\/uploads\/2025\/06\/Webdo-Tunisie_168377.jpg","contentUrl":"https:\/\/www.webdo.tn\/fr\/wp-content\/uploads\/2025\/06\/Webdo-Tunisie_168377.jpg","width":301,"height":301,"caption":"Webdo"},"image":{"@id":"https:\/\/www.webdo.tn\/fr\/#\/schema\/logo\/image\/"},"sameAs":["https:\/\/www.facebook.com\/webdotn","https:\/\/x.com\/webdo_tn"],"description":"Webdo est un m\u00e9dia num\u00e9rique tunisien fond\u00e9 en 2010, sp\u00e9cialis\u00e9 dans l\u2019actualit\u00e9 nationale et internationale, l\u2019\u00e9conomie, la soci\u00e9t\u00e9 et les analyses politiques. Le site s\u2019adresse \u00e0 un large public francophone et couvre l\u2019information tunisienne en temps r\u00e9el.","email":"redac@webdo.tn","legalName":"YNJ SARL","foundingDate":"2010-09-06","numberOfEmployees":{"@type":"QuantitativeValue","minValue":"11","maxValue":"50"}},{"@type":"Person","@id":"https:\/\/www.webdo.tn\/fr\/#\/schema\/person\/b8a41c04d93287d375510db360906b34","name":"AZ","image":{"@type":"ImageObject","inLanguage":"fr-FR","@id":"https:\/\/secure.gravatar.com\/avatar\/492b80bada79439de4201dce15cd41eece6c277cfdf1b53382073c79105c1f89?s=96&d=mm&r=g","url":"https:\/\/secure.gravatar.com\/avatar\/492b80bada79439de4201dce15cd41eece6c277cfdf1b53382073c79105c1f89?s=96&d=mm&r=g","contentUrl":"https:\/\/secure.gravatar.com\/avatar\/492b80bada79439de4201dce15cd41eece6c277cfdf1b53382073c79105c1f89?s=96&d=mm&r=g","caption":"AZ"},"url":"https:\/\/www.webdo.tn\/fr\/actualite\/author\/az\/"}]}},"_links":{"self":[{"href":"https:\/\/www.webdo.tn\/fr\/wp-json\/wp\/v2\/posts\/216921","targetHints":{"allow":["GET"]}}],"collection":[{"href":"https:\/\/www.webdo.tn\/fr\/wp-json\/wp\/v2\/posts"}],"about":[{"href":"https:\/\/www.webdo.tn\/fr\/wp-json\/wp\/v2\/types\/post"}],"author":[{"embeddable":true,"href":"https:\/\/www.webdo.tn\/fr\/wp-json\/wp\/v2\/users\/3166"}],"replies":[{"embeddable":true,"href":"https:\/\/www.webdo.tn\/fr\/wp-json\/wp\/v2\/comments?post=216921"}],"version-history":[{"count":0,"href":"https:\/\/www.webdo.tn\/fr\/wp-json\/wp\/v2\/posts\/216921\/revisions"}],"wp:featuredmedia":[{"embeddable":true,"href":"https:\/\/www.webdo.tn\/fr\/wp-json\/wp\/v2\/media\/291178"}],"wp:attachment":[{"href":"https:\/\/www.webdo.tn\/fr\/wp-json\/wp\/v2\/media?parent=216921"}],"wp:term":[{"taxonomy":"category","embeddable":true,"href":"https:\/\/www.webdo.tn\/fr\/wp-json\/wp\/v2\/categories?post=216921"},{"taxonomy":"post_tag","embeddable":true,"href":"https:\/\/www.webdo.tn\/fr\/wp-json\/wp\/v2\/tags?post=216921"}],"curies":[{"name":"wp","href":"https:\/\/api.w.org\/{rel}","templated":true}]}}