{"id":216912,"date":"2024-10-10T15:55:00","date_gmt":"2024-10-10T15:55:00","guid":{"rendered":"https:\/\/www.webdo.tn\/fr\/blog\/affaire-donia-gueni-intervention-directe-du-ministre-des-ae\/216912\/"},"modified":"2025-05-20T22:54:58","modified_gmt":"2025-05-20T22:54:58","slug":"affaire-donia-gueni-intervention-directe-du-ministre-des-ae","status":"publish","type":"post","link":"https:\/\/www.webdo.tn\/fr\/actualite\/national\/affaire-donia-gueni-intervention-directe-du-ministre-des-ae\/216912\/","title":{"rendered":"Affaire Donia Gueni : Intervention directe du ministre des AE"},"content":{"rendered":"<p>Cette affaire a secou\u00e9 les r\u00e9seaux sociaux ! Donia Gueni, une jeune femme tunisienne, a \u00e9t\u00e9 condamn\u00e9e \u00e0 un an de prison en Alg\u00e9rie apr\u00e8s avoir publi\u00e9 une vid\u00e9o d\u00e9non\u00e7ant des faits de harc\u00e8lement sexuel. Le ministre des Affaires \u00e9trang\u00e8res, Mohamed Ali Nafti aurait pris l\u2019affaire en charge.<\/p>\n<p>\t\t\t\t\t\t\t\t\tC\u2019est ce qu\u2019a indiqu\u00e9 le pr\u00e9sident de l&rsquo;organisation tunisienne de d\u00e9veloppement et de lutte contre la corruption, Zoubeir Turki, aujourd\u2019hui sur les ondes de Jawhara FM en \u00e9voquant le cas de l\u2019arrestation, du jugement et de l\u2019incarc\u00e9ration de Donia Gueni en Alg\u00e9rie.<\/p>\n<p>Il a d\u00e9clar\u00e9 avoir contact\u00e9 directement Mohamed Ali Nafti, ministre des Affaires \u00e9trang\u00e8res et fait savoir que le ministre lui a indiqu\u00e9 qu\u2019il prenait lui-m\u00eame l\u2019affaire en charge en donnant des instructions \u00e0 l\u2019ambassadeur de Tunisie \u00e0 Alger pour intervenir aupr\u00e8s des autorit\u00e9s alg\u00e9rienne sur le plan diplomatique.<\/p>\n<p>Rappelons que Donia Gueni aurait \u00e9t\u00e9 victime de harc\u00e8lement sexuel de la part d&rsquo;un groupe d&rsquo;hommes en Alg\u00e9rie. En voulant porter plainte, elle aurait \u00e9t\u00e9 maltrait\u00e9e par la gendarmerie alg\u00e9rienne d\u2019Annaba avant d\u2019\u00eatre arr\u00eat\u00e9e. La publication d\u2019une vid\u00e9o sur les r\u00e9seaux sociaux, o\u00f9 elle relate les faits, a rapidement conduit \u00e0 son arrestation et son proc\u00e8s \u00e9clair.<\/p>\n<p>Selon son avocat, Donia Gueni a \u00e9t\u00e9 jug\u00e9e en seulement deux jours apr\u00e8s son arrestation, sans avoir eu l&rsquo;opportunit\u00e9 de contacter sa famille ni d&rsquo;\u00eatre assist\u00e9e par un avocat lors de son proc\u00e8s. La jeune femme a \u00e9t\u00e9 condamn\u00e9e \u00e0 une ann\u00e9e de prison ferme et \u00e0 une amende de 30.000 dinars alg\u00e9riens pour \u00ab\u00a0diffamation sur les r\u00e9seaux sociaux, fausses accusations contre un fonctionnaire public et atteinte \u00e0 la souverainet\u00e9 de l&rsquo;\u00c9tat\u00a0\u00bb.<\/p>\n<p>Dans la vid\u00e9o diffus\u00e9e par Donia Gueni, elle y d\u00e9clare \u00e9galement que l&rsquo;Alg\u00e9rie n&rsquo;\u00e9tait pas un pays s\u00fbr pour les femmes, une d\u00e9claration qui a provoqu\u00e9 un toll\u00e9 en Alg\u00e9rie, certains m\u00e9dias la consid\u00e9rant comme une atteinte \u00e0 la dignit\u00e9 du pays.<\/p>\n","protected":false},"excerpt":{"rendered":"<p>Cette affaire a secou\u00e9 les r\u00e9seaux sociaux ! Donia Gueni, une jeune femme tunisienne, a \u00e9t\u00e9 condamn\u00e9e \u00e0 un an de prison en Alg\u00e9rie apr\u00e8s avoir publi\u00e9 une vid\u00e9o&#8230;<\/p>\n","protected":false},"author":3175,"featured_media":291174,"comment_status":"open","ping_status":"closed","sticky":false,"template":"","format":"standard","meta":{"footnotes":""},"categories":[44],"tags":[2907,2835,5475,3700,2608,3825],"class_list":["post-216912","post","type-post","status-publish","format-standard","has-post-thumbnail","hentry","category-national","tag-algerie","tag-condamnation","tag-donia-gueni","tag-femmes","tag-tunisie","tag-video"],"yoast_head":"<!-- This site is optimized with the Yoast SEO Premium plugin v27.5 (Yoast SEO v27.5) - https:\/\/yoast.com\/product\/yoast-seo-premium-wordpress\/ -->\n<title>Affaire Donia Gueni : Intervention directe du ministre des AE<\/title>\n<meta name=\"description\" content=\"Cette affaire a secou\u00e9 les r\u00e9seaux sociaux ! Donia Gueni, une jeune femme tunisienne, a \u00e9t\u00e9 condamn\u00e9e \u00e0 un an de prison en Alg\u00e9rie apr\u00e8s avoir publi\u00e9 une vid\u00e9o...\" \/>\n<link rel=\"canonical\" href=\"https:\/\/www.webdo.tn\/fr\/actualite\/national\/affaire-donia-gueni-intervention-directe-du-ministre-des-ae\/216912\/\" \/>\n<meta property=\"og:locale\" content=\"fr_FR\" \/>\n<meta property=\"og:type\" content=\"article\" \/>\n<meta property=\"og:title\" content=\"Affaire Donia Gueni : Intervention directe du ministre des AE\" \/>\n<meta property=\"og:description\" content=\"Cette affaire a secou\u00e9 les r\u00e9seaux sociaux ! Donia Gueni, une jeune femme tunisienne, a \u00e9t\u00e9 condamn\u00e9e \u00e0 un an de prison en Alg\u00e9rie apr\u00e8s avoir publi\u00e9 une vid\u00e9o...\" \/>\n<meta property=\"og:url\" content=\"https:\/\/www.webdo.tn\/fr\/actualite\/national\/affaire-donia-gueni-intervention-directe-du-ministre-des-ae\/216912\/\" \/>\n<meta property=\"og:site_name\" content=\"webdo\" \/>\n<meta property=\"article:publisher\" content=\"https:\/\/www.facebook.com\/webdotn\" \/>\n<meta property=\"article:published_time\" content=\"2024-10-10T15:55:00+00:00\" \/>\n<meta property=\"article:modified_time\" content=\"2025-05-20T22:54:58+00:00\" \/>\n<meta property=\"og:image\" content=\"https:\/\/www.webdo.tn\/fr\/wp-content\/uploads\/2024\/10\/58c3047ac2633ac25f060b8b63aa987c.webp\" \/>\n\t<meta property=\"og:image:width\" content=\"750\" \/>\n\t<meta property=\"og:image:height\" content=\"400\" \/>\n\t<meta property=\"og:image:type\" content=\"image\/webp\" \/>\n<meta name=\"author\" content=\"CL\" \/>\n<meta name=\"twitter:card\" content=\"summary_large_image\" \/>\n<meta name=\"twitter:creator\" content=\"@webdo_tn\" \/>\n<meta name=\"twitter:site\" content=\"@webdo_tn\" \/>\n<meta name=\"twitter:label1\" content=\"\u00c9crit par\" \/>\n\t<meta name=\"twitter:data1\" content=\"CL\" \/>\n\t<meta name=\"twitter:label2\" content=\"Dur\u00e9e de lecture estim\u00e9e\" \/>\n\t<meta name=\"twitter:data2\" content=\"2 minutes\" \/>\n<script type=\"application\/ld+json\" class=\"yoast-schema-graph\">{\"@context\":\"https:\\\/\\\/schema.org\",\"@graph\":[{\"@type\":\"NewsArticle\",\"@id\":\"https:\\\/\\\/www.webdo.tn\\\/fr\\\/actualite\\\/national\\\/affaire-donia-gueni-intervention-directe-du-ministre-des-ae\\\/216912\\\/#article\",\"isPartOf\":{\"@id\":\"https:\\\/\\\/www.webdo.tn\\\/fr\\\/actualite\\\/national\\\/affaire-donia-gueni-intervention-directe-du-ministre-des-ae\\\/216912\\\/\"},\"author\":{\"name\":\"CL\",\"@id\":\"https:\\\/\\\/www.webdo.tn\\\/fr\\\/#\\\/schema\\\/person\\\/f35b42a42c5e2511bbd282959d6385cc\"},\"headline\":\"Affaire Donia Gueni : Intervention directe du ministre des AE\",\"datePublished\":\"2024-10-10T15:55:00+00:00\",\"dateModified\":\"2025-05-20T22:54:58+00:00\",\"mainEntityOfPage\":{\"@id\":\"https:\\\/\\\/www.webdo.tn\\\/fr\\\/actualite\\\/national\\\/affaire-donia-gueni-intervention-directe-du-ministre-des-ae\\\/216912\\\/\"},\"wordCount\":373,\"commentCount\":0,\"publisher\":{\"@id\":\"https:\\\/\\\/www.webdo.tn\\\/fr\\\/#organization\"},\"image\":{\"@id\":\"https:\\\/\\\/www.webdo.tn\\\/fr\\\/actualite\\\/national\\\/affaire-donia-gueni-intervention-directe-du-ministre-des-ae\\\/216912\\\/#primaryimage\"},\"thumbnailUrl\":\"https:\\\/\\\/www.webdo.tn\\\/fr\\\/wp-content\\\/uploads\\\/2024\\\/10\\\/58c3047ac2633ac25f060b8b63aa987c.webp\",\"keywords\":[\"Alg\u00e9rie\",\"condamnation\",\"Donia Gueni\",\"femmes\",\"Tunisie\",\"Vid\u00e9o\"],\"articleSection\":[\"National\"],\"inLanguage\":\"fr-FR\"},{\"@type\":\"WebPage\",\"@id\":\"https:\\\/\\\/www.webdo.tn\\\/fr\\\/actualite\\\/national\\\/affaire-donia-gueni-intervention-directe-du-ministre-des-ae\\\/216912\\\/\",\"url\":\"https:\\\/\\\/www.webdo.tn\\\/fr\\\/actualite\\\/national\\\/affaire-donia-gueni-intervention-directe-du-ministre-des-ae\\\/216912\\\/\",\"name\":\"Affaire Donia Gueni : Intervention directe du ministre des AE\",\"isPartOf\":{\"@id\":\"https:\\\/\\\/www.webdo.tn\\\/fr\\\/#website\"},\"primaryImageOfPage\":{\"@id\":\"https:\\\/\\\/www.webdo.tn\\\/fr\\\/actualite\\\/national\\\/affaire-donia-gueni-intervention-directe-du-ministre-des-ae\\\/216912\\\/#primaryimage\"},\"image\":{\"@id\":\"https:\\\/\\\/www.webdo.tn\\\/fr\\\/actualite\\\/national\\\/affaire-donia-gueni-intervention-directe-du-ministre-des-ae\\\/216912\\\/#primaryimage\"},\"thumbnailUrl\":\"https:\\\/\\\/www.webdo.tn\\\/fr\\\/wp-content\\\/uploads\\\/2024\\\/10\\\/58c3047ac2633ac25f060b8b63aa987c.webp\",\"datePublished\":\"2024-10-10T15:55:00+00:00\",\"dateModified\":\"2025-05-20T22:54:58+00:00\",\"description\":\"Cette affaire a secou\u00e9 les r\u00e9seaux sociaux ! Donia Gueni, une jeune femme tunisienne, a \u00e9t\u00e9 condamn\u00e9e \u00e0 un an de prison en Alg\u00e9rie apr\u00e8s avoir publi\u00e9 une vid\u00e9o...\",\"breadcrumb\":{\"@id\":\"https:\\\/\\\/www.webdo.tn\\\/fr\\\/actualite\\\/national\\\/affaire-donia-gueni-intervention-directe-du-ministre-des-ae\\\/216912\\\/#breadcrumb\"},\"inLanguage\":\"fr-FR\",\"potentialAction\":[{\"@type\":\"ReadAction\",\"target\":[\"https:\\\/\\\/www.webdo.tn\\\/fr\\\/actualite\\\/national\\\/affaire-donia-gueni-intervention-directe-du-ministre-des-ae\\\/216912\\\/\"]}]},{\"@type\":\"ImageObject\",\"inLanguage\":\"fr-FR\",\"@id\":\"https:\\\/\\\/www.webdo.tn\\\/fr\\\/actualite\\\/national\\\/affaire-donia-gueni-intervention-directe-du-ministre-des-ae\\\/216912\\\/#primaryimage\",\"url\":\"https:\\\/\\\/www.webdo.tn\\\/fr\\\/wp-content\\\/uploads\\\/2024\\\/10\\\/58c3047ac2633ac25f060b8b63aa987c.webp\",\"contentUrl\":\"https:\\\/\\\/www.webdo.tn\\\/fr\\\/wp-content\\\/uploads\\\/2024\\\/10\\\/58c3047ac2633ac25f060b8b63aa987c.webp\",\"width\":750,\"height\":400,\"caption\":\"Affaire Donia Gueni : Intervention directe du ministre des AE\"},{\"@type\":\"BreadcrumbList\",\"@id\":\"https:\\\/\\\/www.webdo.tn\\\/fr\\\/actualite\\\/national\\\/affaire-donia-gueni-intervention-directe-du-ministre-des-ae\\\/216912\\\/#breadcrumb\",\"itemListElement\":[{\"@type\":\"ListItem\",\"position\":1,\"name\":\"Accueil\",\"item\":\"https:\\\/\\\/www.webdo.tn\\\/fr\\\/\"},{\"@type\":\"ListItem\",\"position\":2,\"name\":\"Affaire Donia Gueni : Intervention directe du ministre des AE\"}]},{\"@type\":\"WebSite\",\"@id\":\"https:\\\/\\\/www.webdo.tn\\\/fr\\\/#website\",\"url\":\"https:\\\/\\\/www.webdo.tn\\\/fr\\\/\",\"name\":\"webdo\",\"description\":\"Tunisie - News en Tunisie et \u00e0 l&#039;international sur Webdo.tn\",\"publisher\":{\"@id\":\"https:\\\/\\\/www.webdo.tn\\\/fr\\\/#organization\"},\"potentialAction\":[{\"@type\":\"SearchAction\",\"target\":{\"@type\":\"EntryPoint\",\"urlTemplate\":\"https:\\\/\\\/www.webdo.tn\\\/fr\\\/?s={search_term_string}\"},\"query-input\":{\"@type\":\"PropertyValueSpecification\",\"valueRequired\":true,\"valueName\":\"search_term_string\"}}],\"inLanguage\":\"fr-FR\"},{\"@type\":\"Organization\",\"@id\":\"https:\\\/\\\/www.webdo.tn\\\/fr\\\/#organization\",\"name\":\"Webdo\",\"alternateName\":\"Webdo.tn\",\"url\":\"https:\\\/\\\/www.webdo.tn\\\/fr\\\/\",\"logo\":{\"@type\":\"ImageObject\",\"inLanguage\":\"fr-FR\",\"@id\":\"https:\\\/\\\/www.webdo.tn\\\/fr\\\/#\\\/schema\\\/logo\\\/image\\\/\",\"url\":\"https:\\\/\\\/www.webdo.tn\\\/fr\\\/wp-content\\\/uploads\\\/2025\\\/06\\\/Webdo-Tunisie_168377.jpg\",\"contentUrl\":\"https:\\\/\\\/www.webdo.tn\\\/fr\\\/wp-content\\\/uploads\\\/2025\\\/06\\\/Webdo-Tunisie_168377.jpg\",\"width\":301,\"height\":301,\"caption\":\"Webdo\"},\"image\":{\"@id\":\"https:\\\/\\\/www.webdo.tn\\\/fr\\\/#\\\/schema\\\/logo\\\/image\\\/\"},\"sameAs\":[\"https:\\\/\\\/www.facebook.com\\\/webdotn\",\"https:\\\/\\\/x.com\\\/webdo_tn\"],\"description\":\"Webdo est un m\u00e9dia num\u00e9rique tunisien fond\u00e9 en 2010, sp\u00e9cialis\u00e9 dans l\u2019actualit\u00e9 nationale et internationale, l\u2019\u00e9conomie, la soci\u00e9t\u00e9 et les analyses politiques. Le site s\u2019adresse \u00e0 un large public francophone et couvre l\u2019information tunisienne en temps r\u00e9el.\",\"email\":\"redac@webdo.tn\",\"legalName\":\"YNJ SARL\",\"foundingDate\":\"2010-09-06\",\"numberOfEmployees\":{\"@type\":\"QuantitativeValue\",\"minValue\":\"11\",\"maxValue\":\"50\"}},{\"@type\":\"Person\",\"@id\":\"https:\\\/\\\/www.webdo.tn\\\/fr\\\/#\\\/schema\\\/person\\\/f35b42a42c5e2511bbd282959d6385cc\",\"name\":\"CL\",\"image\":{\"@type\":\"ImageObject\",\"inLanguage\":\"fr-FR\",\"@id\":\"https:\\\/\\\/secure.gravatar.com\\\/avatar\\\/1447a49909b67aa657c488aec6512e1dd6143a480c1ecfee9b5b5cd74eb3b59e?s=96&d=mm&r=g\",\"url\":\"https:\\\/\\\/secure.gravatar.com\\\/avatar\\\/1447a49909b67aa657c488aec6512e1dd6143a480c1ecfee9b5b5cd74eb3b59e?s=96&d=mm&r=g\",\"contentUrl\":\"https:\\\/\\\/secure.gravatar.com\\\/avatar\\\/1447a49909b67aa657c488aec6512e1dd6143a480c1ecfee9b5b5cd74eb3b59e?s=96&d=mm&r=g\",\"caption\":\"CL\"},\"url\":\"https:\\\/\\\/www.webdo.tn\\\/fr\\\/actualite\\\/author\\\/cl\\\/\"}]}<\/script>\n<!-- \/ Yoast SEO Premium plugin. -->","yoast_head_json":{"title":"Affaire Donia Gueni : Intervention directe du ministre des AE","description":"Cette affaire a secou\u00e9 les r\u00e9seaux sociaux ! Donia Gueni, une jeune femme tunisienne, a \u00e9t\u00e9 condamn\u00e9e \u00e0 un an de prison en Alg\u00e9rie apr\u00e8s avoir publi\u00e9 une vid\u00e9o...","canonical":"https:\/\/www.webdo.tn\/fr\/actualite\/national\/affaire-donia-gueni-intervention-directe-du-ministre-des-ae\/216912\/","og_locale":"fr_FR","og_type":"article","og_title":"Affaire Donia Gueni : Intervention directe du ministre des AE","og_description":"Cette affaire a secou\u00e9 les r\u00e9seaux sociaux ! Donia Gueni, une jeune femme tunisienne, a \u00e9t\u00e9 condamn\u00e9e \u00e0 un an de prison en Alg\u00e9rie apr\u00e8s avoir publi\u00e9 une vid\u00e9o...","og_url":"https:\/\/www.webdo.tn\/fr\/actualite\/national\/affaire-donia-gueni-intervention-directe-du-ministre-des-ae\/216912\/","og_site_name":"webdo","article_publisher":"https:\/\/www.facebook.com\/webdotn","article_published_time":"2024-10-10T15:55:00+00:00","article_modified_time":"2025-05-20T22:54:58+00:00","og_image":[{"width":750,"height":400,"url":"https:\/\/www.webdo.tn\/fr\/wp-content\/uploads\/2024\/10\/58c3047ac2633ac25f060b8b63aa987c.webp","type":"image\/webp"}],"author":"CL","twitter_card":"summary_large_image","twitter_creator":"@webdo_tn","twitter_site":"@webdo_tn","twitter_misc":{"\u00c9crit par":"CL","Dur\u00e9e de lecture estim\u00e9e":"2 minutes"},"schema":{"@context":"https:\/\/schema.org","@graph":[{"@type":"NewsArticle","@id":"https:\/\/www.webdo.tn\/fr\/actualite\/national\/affaire-donia-gueni-intervention-directe-du-ministre-des-ae\/216912\/#article","isPartOf":{"@id":"https:\/\/www.webdo.tn\/fr\/actualite\/national\/affaire-donia-gueni-intervention-directe-du-ministre-des-ae\/216912\/"},"author":{"name":"CL","@id":"https:\/\/www.webdo.tn\/fr\/#\/schema\/person\/f35b42a42c5e2511bbd282959d6385cc"},"headline":"Affaire Donia Gueni : Intervention directe du ministre des AE","datePublished":"2024-10-10T15:55:00+00:00","dateModified":"2025-05-20T22:54:58+00:00","mainEntityOfPage":{"@id":"https:\/\/www.webdo.tn\/fr\/actualite\/national\/affaire-donia-gueni-intervention-directe-du-ministre-des-ae\/216912\/"},"wordCount":373,"commentCount":0,"publisher":{"@id":"https:\/\/www.webdo.tn\/fr\/#organization"},"image":{"@id":"https:\/\/www.webdo.tn\/fr\/actualite\/national\/affaire-donia-gueni-intervention-directe-du-ministre-des-ae\/216912\/#primaryimage"},"thumbnailUrl":"https:\/\/www.webdo.tn\/fr\/wp-content\/uploads\/2024\/10\/58c3047ac2633ac25f060b8b63aa987c.webp","keywords":["Alg\u00e9rie","condamnation","Donia Gueni","femmes","Tunisie","Vid\u00e9o"],"articleSection":["National"],"inLanguage":"fr-FR"},{"@type":"WebPage","@id":"https:\/\/www.webdo.tn\/fr\/actualite\/national\/affaire-donia-gueni-intervention-directe-du-ministre-des-ae\/216912\/","url":"https:\/\/www.webdo.tn\/fr\/actualite\/national\/affaire-donia-gueni-intervention-directe-du-ministre-des-ae\/216912\/","name":"Affaire Donia Gueni : Intervention directe du ministre des AE","isPartOf":{"@id":"https:\/\/www.webdo.tn\/fr\/#website"},"primaryImageOfPage":{"@id":"https:\/\/www.webdo.tn\/fr\/actualite\/national\/affaire-donia-gueni-intervention-directe-du-ministre-des-ae\/216912\/#primaryimage"},"image":{"@id":"https:\/\/www.webdo.tn\/fr\/actualite\/national\/affaire-donia-gueni-intervention-directe-du-ministre-des-ae\/216912\/#primaryimage"},"thumbnailUrl":"https:\/\/www.webdo.tn\/fr\/wp-content\/uploads\/2024\/10\/58c3047ac2633ac25f060b8b63aa987c.webp","datePublished":"2024-10-10T15:55:00+00:00","dateModified":"2025-05-20T22:54:58+00:00","description":"Cette affaire a secou\u00e9 les r\u00e9seaux sociaux ! Donia Gueni, une jeune femme tunisienne, a \u00e9t\u00e9 condamn\u00e9e \u00e0 un an de prison en Alg\u00e9rie apr\u00e8s avoir publi\u00e9 une vid\u00e9o...","breadcrumb":{"@id":"https:\/\/www.webdo.tn\/fr\/actualite\/national\/affaire-donia-gueni-intervention-directe-du-ministre-des-ae\/216912\/#breadcrumb"},"inLanguage":"fr-FR","potentialAction":[{"@type":"ReadAction","target":["https:\/\/www.webdo.tn\/fr\/actualite\/national\/affaire-donia-gueni-intervention-directe-du-ministre-des-ae\/216912\/"]}]},{"@type":"ImageObject","inLanguage":"fr-FR","@id":"https:\/\/www.webdo.tn\/fr\/actualite\/national\/affaire-donia-gueni-intervention-directe-du-ministre-des-ae\/216912\/#primaryimage","url":"https:\/\/www.webdo.tn\/fr\/wp-content\/uploads\/2024\/10\/58c3047ac2633ac25f060b8b63aa987c.webp","contentUrl":"https:\/\/www.webdo.tn\/fr\/wp-content\/uploads\/2024\/10\/58c3047ac2633ac25f060b8b63aa987c.webp","width":750,"height":400,"caption":"Affaire Donia Gueni : Intervention directe du ministre des AE"},{"@type":"BreadcrumbList","@id":"https:\/\/www.webdo.tn\/fr\/actualite\/national\/affaire-donia-gueni-intervention-directe-du-ministre-des-ae\/216912\/#breadcrumb","itemListElement":[{"@type":"ListItem","position":1,"name":"Accueil","item":"https:\/\/www.webdo.tn\/fr\/"},{"@type":"ListItem","position":2,"name":"Affaire Donia Gueni : Intervention directe du ministre des AE"}]},{"@type":"WebSite","@id":"https:\/\/www.webdo.tn\/fr\/#website","url":"https:\/\/www.webdo.tn\/fr\/","name":"webdo","description":"Tunisie - News en Tunisie et \u00e0 l&#039;international sur Webdo.tn","publisher":{"@id":"https:\/\/www.webdo.tn\/fr\/#organization"},"potentialAction":[{"@type":"SearchAction","target":{"@type":"EntryPoint","urlTemplate":"https:\/\/www.webdo.tn\/fr\/?s={search_term_string}"},"query-input":{"@type":"PropertyValueSpecification","valueRequired":true,"valueName":"search_term_string"}}],"inLanguage":"fr-FR"},{"@type":"Organization","@id":"https:\/\/www.webdo.tn\/fr\/#organization","name":"Webdo","alternateName":"Webdo.tn","url":"https:\/\/www.webdo.tn\/fr\/","logo":{"@type":"ImageObject","inLanguage":"fr-FR","@id":"https:\/\/www.webdo.tn\/fr\/#\/schema\/logo\/image\/","url":"https:\/\/www.webdo.tn\/fr\/wp-content\/uploads\/2025\/06\/Webdo-Tunisie_168377.jpg","contentUrl":"https:\/\/www.webdo.tn\/fr\/wp-content\/uploads\/2025\/06\/Webdo-Tunisie_168377.jpg","width":301,"height":301,"caption":"Webdo"},"image":{"@id":"https:\/\/www.webdo.tn\/fr\/#\/schema\/logo\/image\/"},"sameAs":["https:\/\/www.facebook.com\/webdotn","https:\/\/x.com\/webdo_tn"],"description":"Webdo est un m\u00e9dia num\u00e9rique tunisien fond\u00e9 en 2010, sp\u00e9cialis\u00e9 dans l\u2019actualit\u00e9 nationale et internationale, l\u2019\u00e9conomie, la soci\u00e9t\u00e9 et les analyses politiques. Le site s\u2019adresse \u00e0 un large public francophone et couvre l\u2019information tunisienne en temps r\u00e9el.","email":"redac@webdo.tn","legalName":"YNJ SARL","foundingDate":"2010-09-06","numberOfEmployees":{"@type":"QuantitativeValue","minValue":"11","maxValue":"50"}},{"@type":"Person","@id":"https:\/\/www.webdo.tn\/fr\/#\/schema\/person\/f35b42a42c5e2511bbd282959d6385cc","name":"CL","image":{"@type":"ImageObject","inLanguage":"fr-FR","@id":"https:\/\/secure.gravatar.com\/avatar\/1447a49909b67aa657c488aec6512e1dd6143a480c1ecfee9b5b5cd74eb3b59e?s=96&d=mm&r=g","url":"https:\/\/secure.gravatar.com\/avatar\/1447a49909b67aa657c488aec6512e1dd6143a480c1ecfee9b5b5cd74eb3b59e?s=96&d=mm&r=g","contentUrl":"https:\/\/secure.gravatar.com\/avatar\/1447a49909b67aa657c488aec6512e1dd6143a480c1ecfee9b5b5cd74eb3b59e?s=96&d=mm&r=g","caption":"CL"},"url":"https:\/\/www.webdo.tn\/fr\/actualite\/author\/cl\/"}]}},"_links":{"self":[{"href":"https:\/\/www.webdo.tn\/fr\/wp-json\/wp\/v2\/posts\/216912","targetHints":{"allow":["GET"]}}],"collection":[{"href":"https:\/\/www.webdo.tn\/fr\/wp-json\/wp\/v2\/posts"}],"about":[{"href":"https:\/\/www.webdo.tn\/fr\/wp-json\/wp\/v2\/types\/post"}],"author":[{"embeddable":true,"href":"https:\/\/www.webdo.tn\/fr\/wp-json\/wp\/v2\/users\/3175"}],"replies":[{"embeddable":true,"href":"https:\/\/www.webdo.tn\/fr\/wp-json\/wp\/v2\/comments?post=216912"}],"version-history":[{"count":0,"href":"https:\/\/www.webdo.tn\/fr\/wp-json\/wp\/v2\/posts\/216912\/revisions"}],"wp:featuredmedia":[{"embeddable":true,"href":"https:\/\/www.webdo.tn\/fr\/wp-json\/wp\/v2\/media\/291174"}],"wp:attachment":[{"href":"https:\/\/www.webdo.tn\/fr\/wp-json\/wp\/v2\/media?parent=216912"}],"wp:term":[{"taxonomy":"category","embeddable":true,"href":"https:\/\/www.webdo.tn\/fr\/wp-json\/wp\/v2\/categories?post=216912"},{"taxonomy":"post_tag","embeddable":true,"href":"https:\/\/www.webdo.tn\/fr\/wp-json\/wp\/v2\/tags?post=216912"}],"curies":[{"name":"wp","href":"https:\/\/api.w.org\/{rel}","templated":true}]}}