{"id":216910,"date":"2024-10-10T14:45:00","date_gmt":"2024-10-10T14:45:00","guid":{"rendered":"https:\/\/www.webdo.tn\/fr\/blog\/tunisie-chaima-issa-devant-la-cour-d-appel-militaire-de-tunis\/216910\/"},"modified":"2025-05-20T22:54:58","modified_gmt":"2025-05-20T22:54:58","slug":"tunisie-chaima-issa-devant-la-cour-d-appel-militaire-de-tunis","status":"publish","type":"post","link":"https:\/\/www.webdo.tn\/fr\/actualite\/national\/tunisie-chaima-issa-devant-la-cour-d-appel-militaire-de-tunis\/216910\/","title":{"rendered":"Tunisie : Chaima Issa devant la Cour d\u2019appel militaire de Tunis"},"content":{"rendered":"<p>Chaima Issa, membre du Front du Salut national, compara\u00eet aujourd\u2019hui devant la chambre criminelle de la Cour d&rsquo;appel militaire de Tunis, dans le cadre d&rsquo;une affaire pour laquelle elle est accus\u00e9e \u00ab\u00a0d&rsquo;offense \u00e0 la personne du pr\u00e9sident de la R\u00e9publique\u00a0\u00bb, \u00ab\u00a0d&rsquo;incitation des militaires \u00e0 la d\u00e9sob\u00e9issance\u00a0\u00bb et \u00ab\u00a0de propagation de rumeurs mena\u00e7ant la s\u00fbret\u00e9 publique\u00a0\u00bb sur fond de d\u00e9clarations accord\u00e9es \u00e0 une chaine radiophonique.<\/p>\n<p>\t\t\t\t\t\t\t\t\tChaima Issa, dont l\u2019audience \u00e9tait fix\u00e9e au 6 juin, puis report\u00e9e au 4 juillet compara\u00eet aujourd\u2019hui devant la chambre criminelle de la Cour d&rsquo;appel militaire de Tunis. Elle avait comparu, le 12 d\u00e9cembre 2023, devant la chambre criminelle pr\u00e8s le Tribunal militaire permanent de premi\u00e8re instance de Tunis qui l\u2019avait condamn\u00e9e \u00e0 un an de prison avec sursis.<\/p>\n<p>Le 8 mai dernier, la Chambre p\u00e9nale de la Cour d&rsquo;appel militaire de Tunis avait d\u00e9cid\u00e9 de maintenir la condamnation de Chaima Issa \u00e0 un an de prison avec modification de la peine corporelle \u00e0 un an d\u2019incarc\u00e9ration au lieu du sursis.<\/p>\n<p>Chaima Issa a \u00e9t\u00e9 condamn\u00e9e sur la base \u00ab\u00a0d&rsquo;offense \u00e0 la personne du pr\u00e9sident de la R\u00e9publique\u00a0\u00bb, \u00ab\u00a0d&rsquo;incitation des militaires \u00e0 la d\u00e9sob\u00e9issance\u00a0\u00bb et \u00ab\u00a0de propagation de rumeurs mena\u00e7ant la s\u00fbret\u00e9 publique\u00a0\u00bb sur fond de d\u00e9clarations accord\u00e9es \u00e0 une chaine radiophonique, et ce, conform\u00e9ment aux articles 81 du Code des proc\u00e9dures et des peines militaires, 67 du Code p\u00e9nal, et 24 du d\u00e9cret 54.<\/p>\n","protected":false},"excerpt":{"rendered":"<p>Chaima Issa, membre du Front du Salut national, compara\u00eet aujourd\u2019hui devant la chambre criminelle de la Cour d&rsquo;appel militaire de Tunis, dans le cadre d&rsquo;une af&#8230;<\/p>\n","protected":false},"author":3175,"featured_media":291173,"comment_status":"open","ping_status":"closed","sticky":false,"template":"","format":"standard","meta":{"footnotes":""},"categories":[44],"tags":[4263,6357,2835,3859,2608],"class_list":["post-216910","post","type-post","status-publish","format-standard","has-post-thumbnail","hentry","category-national","tag-appel","tag-chaima-issa","tag-condamnation","tag-justice-militaire","tag-tunisie"],"yoast_head":"<!-- This site is optimized with the Yoast SEO Premium plugin v27.5 (Yoast SEO v27.5) - https:\/\/yoast.com\/product\/yoast-seo-premium-wordpress\/ -->\n<title>Tunisie : Chaima Issa devant la Cour d\u2019appel militaire de Tunis<\/title>\n<meta name=\"description\" content=\"Chaima Issa, membre du Front du Salut national, compara\u00eet aujourd\u2019hui devant la chambre criminelle de la Cour d&#039;appel militaire de Tunis, dans le cadre d&#039;une af...\" \/>\n<link rel=\"canonical\" href=\"https:\/\/www.webdo.tn\/fr\/actualite\/national\/tunisie-chaima-issa-devant-la-cour-d-appel-militaire-de-tunis\/216910\/\" \/>\n<meta property=\"og:locale\" content=\"fr_FR\" \/>\n<meta property=\"og:type\" content=\"article\" \/>\n<meta property=\"og:title\" content=\"Tunisie : Chaima Issa devant la Cour d\u2019appel militaire de Tunis\" \/>\n<meta property=\"og:description\" content=\"Chaima Issa, membre du Front du Salut national, compara\u00eet aujourd\u2019hui devant la chambre criminelle de la Cour d&#039;appel militaire de Tunis, dans le cadre d&#039;une af...\" \/>\n<meta property=\"og:url\" content=\"https:\/\/www.webdo.tn\/fr\/actualite\/national\/tunisie-chaima-issa-devant-la-cour-d-appel-militaire-de-tunis\/216910\/\" \/>\n<meta property=\"og:site_name\" content=\"webdo\" \/>\n<meta property=\"article:publisher\" content=\"https:\/\/www.facebook.com\/webdotn\" \/>\n<meta property=\"article:published_time\" content=\"2024-10-10T14:45:00+00:00\" \/>\n<meta property=\"article:modified_time\" content=\"2025-05-20T22:54:58+00:00\" \/>\n<meta property=\"og:image\" content=\"https:\/\/www.webdo.tn\/fr\/wp-content\/uploads\/2024\/10\/6d44685030b37b64a76d8b043a1d19ac.webp\" \/>\n\t<meta property=\"og:image:width\" content=\"750\" \/>\n\t<meta property=\"og:image:height\" content=\"400\" \/>\n\t<meta property=\"og:image:type\" content=\"image\/webp\" \/>\n<meta name=\"author\" content=\"CL\" \/>\n<meta name=\"twitter:card\" content=\"summary_large_image\" \/>\n<meta name=\"twitter:creator\" content=\"@webdo_tn\" \/>\n<meta name=\"twitter:site\" content=\"@webdo_tn\" \/>\n<meta name=\"twitter:label1\" content=\"\u00c9crit par\" \/>\n\t<meta name=\"twitter:data1\" content=\"CL\" \/>\n\t<meta name=\"twitter:label2\" content=\"Dur\u00e9e de lecture estim\u00e9e\" \/>\n\t<meta name=\"twitter:data2\" content=\"1 minute\" \/>\n<script type=\"application\/ld+json\" class=\"yoast-schema-graph\">{\"@context\":\"https:\\\/\\\/schema.org\",\"@graph\":[{\"@type\":\"NewsArticle\",\"@id\":\"https:\\\/\\\/www.webdo.tn\\\/fr\\\/actualite\\\/national\\\/tunisie-chaima-issa-devant-la-cour-d-appel-militaire-de-tunis\\\/216910\\\/#article\",\"isPartOf\":{\"@id\":\"https:\\\/\\\/www.webdo.tn\\\/fr\\\/actualite\\\/national\\\/tunisie-chaima-issa-devant-la-cour-d-appel-militaire-de-tunis\\\/216910\\\/\"},\"author\":{\"name\":\"CL\",\"@id\":\"https:\\\/\\\/www.webdo.tn\\\/fr\\\/#\\\/schema\\\/person\\\/f35b42a42c5e2511bbd282959d6385cc\"},\"headline\":\"Tunisie : Chaima Issa devant la Cour d\u2019appel militaire de Tunis\",\"datePublished\":\"2024-10-10T14:45:00+00:00\",\"dateModified\":\"2025-05-20T22:54:58+00:00\",\"mainEntityOfPage\":{\"@id\":\"https:\\\/\\\/www.webdo.tn\\\/fr\\\/actualite\\\/national\\\/tunisie-chaima-issa-devant-la-cour-d-appel-militaire-de-tunis\\\/216910\\\/\"},\"wordCount\":267,\"commentCount\":0,\"publisher\":{\"@id\":\"https:\\\/\\\/www.webdo.tn\\\/fr\\\/#organization\"},\"image\":{\"@id\":\"https:\\\/\\\/www.webdo.tn\\\/fr\\\/actualite\\\/national\\\/tunisie-chaima-issa-devant-la-cour-d-appel-militaire-de-tunis\\\/216910\\\/#primaryimage\"},\"thumbnailUrl\":\"https:\\\/\\\/www.webdo.tn\\\/fr\\\/wp-content\\\/uploads\\\/2024\\\/10\\\/6d44685030b37b64a76d8b043a1d19ac.webp\",\"keywords\":[\"appel\",\"Chaima Issa\",\"condamnation\",\"justice militaire\",\"Tunisie\"],\"articleSection\":[\"National\"],\"inLanguage\":\"fr-FR\"},{\"@type\":\"WebPage\",\"@id\":\"https:\\\/\\\/www.webdo.tn\\\/fr\\\/actualite\\\/national\\\/tunisie-chaima-issa-devant-la-cour-d-appel-militaire-de-tunis\\\/216910\\\/\",\"url\":\"https:\\\/\\\/www.webdo.tn\\\/fr\\\/actualite\\\/national\\\/tunisie-chaima-issa-devant-la-cour-d-appel-militaire-de-tunis\\\/216910\\\/\",\"name\":\"Tunisie : Chaima Issa devant la Cour d\u2019appel militaire de Tunis\",\"isPartOf\":{\"@id\":\"https:\\\/\\\/www.webdo.tn\\\/fr\\\/#website\"},\"primaryImageOfPage\":{\"@id\":\"https:\\\/\\\/www.webdo.tn\\\/fr\\\/actualite\\\/national\\\/tunisie-chaima-issa-devant-la-cour-d-appel-militaire-de-tunis\\\/216910\\\/#primaryimage\"},\"image\":{\"@id\":\"https:\\\/\\\/www.webdo.tn\\\/fr\\\/actualite\\\/national\\\/tunisie-chaima-issa-devant-la-cour-d-appel-militaire-de-tunis\\\/216910\\\/#primaryimage\"},\"thumbnailUrl\":\"https:\\\/\\\/www.webdo.tn\\\/fr\\\/wp-content\\\/uploads\\\/2024\\\/10\\\/6d44685030b37b64a76d8b043a1d19ac.webp\",\"datePublished\":\"2024-10-10T14:45:00+00:00\",\"dateModified\":\"2025-05-20T22:54:58+00:00\",\"description\":\"Chaima Issa, membre du Front du Salut national, compara\u00eet aujourd\u2019hui devant la chambre criminelle de la Cour d'appel militaire de Tunis, dans le cadre d'une af...\",\"breadcrumb\":{\"@id\":\"https:\\\/\\\/www.webdo.tn\\\/fr\\\/actualite\\\/national\\\/tunisie-chaima-issa-devant-la-cour-d-appel-militaire-de-tunis\\\/216910\\\/#breadcrumb\"},\"inLanguage\":\"fr-FR\",\"potentialAction\":[{\"@type\":\"ReadAction\",\"target\":[\"https:\\\/\\\/www.webdo.tn\\\/fr\\\/actualite\\\/national\\\/tunisie-chaima-issa-devant-la-cour-d-appel-militaire-de-tunis\\\/216910\\\/\"]}]},{\"@type\":\"ImageObject\",\"inLanguage\":\"fr-FR\",\"@id\":\"https:\\\/\\\/www.webdo.tn\\\/fr\\\/actualite\\\/national\\\/tunisie-chaima-issa-devant-la-cour-d-appel-militaire-de-tunis\\\/216910\\\/#primaryimage\",\"url\":\"https:\\\/\\\/www.webdo.tn\\\/fr\\\/wp-content\\\/uploads\\\/2024\\\/10\\\/6d44685030b37b64a76d8b043a1d19ac.webp\",\"contentUrl\":\"https:\\\/\\\/www.webdo.tn\\\/fr\\\/wp-content\\\/uploads\\\/2024\\\/10\\\/6d44685030b37b64a76d8b043a1d19ac.webp\",\"width\":750,\"height\":400,\"caption\":\"Tunisie : Chaima Issa devant la Cour d\u2019appel militaire de Tunis\"},{\"@type\":\"BreadcrumbList\",\"@id\":\"https:\\\/\\\/www.webdo.tn\\\/fr\\\/actualite\\\/national\\\/tunisie-chaima-issa-devant-la-cour-d-appel-militaire-de-tunis\\\/216910\\\/#breadcrumb\",\"itemListElement\":[{\"@type\":\"ListItem\",\"position\":1,\"name\":\"Accueil\",\"item\":\"https:\\\/\\\/www.webdo.tn\\\/fr\\\/\"},{\"@type\":\"ListItem\",\"position\":2,\"name\":\"Tunisie : Chaima Issa devant la Cour d\u2019appel militaire de Tunis\"}]},{\"@type\":\"WebSite\",\"@id\":\"https:\\\/\\\/www.webdo.tn\\\/fr\\\/#website\",\"url\":\"https:\\\/\\\/www.webdo.tn\\\/fr\\\/\",\"name\":\"webdo\",\"description\":\"Tunisie - News en Tunisie et \u00e0 l&#039;international sur Webdo.tn\",\"publisher\":{\"@id\":\"https:\\\/\\\/www.webdo.tn\\\/fr\\\/#organization\"},\"potentialAction\":[{\"@type\":\"SearchAction\",\"target\":{\"@type\":\"EntryPoint\",\"urlTemplate\":\"https:\\\/\\\/www.webdo.tn\\\/fr\\\/?s={search_term_string}\"},\"query-input\":{\"@type\":\"PropertyValueSpecification\",\"valueRequired\":true,\"valueName\":\"search_term_string\"}}],\"inLanguage\":\"fr-FR\"},{\"@type\":\"Organization\",\"@id\":\"https:\\\/\\\/www.webdo.tn\\\/fr\\\/#organization\",\"name\":\"Webdo\",\"alternateName\":\"Webdo.tn\",\"url\":\"https:\\\/\\\/www.webdo.tn\\\/fr\\\/\",\"logo\":{\"@type\":\"ImageObject\",\"inLanguage\":\"fr-FR\",\"@id\":\"https:\\\/\\\/www.webdo.tn\\\/fr\\\/#\\\/schema\\\/logo\\\/image\\\/\",\"url\":\"https:\\\/\\\/www.webdo.tn\\\/fr\\\/wp-content\\\/uploads\\\/2025\\\/06\\\/Webdo-Tunisie_168377.jpg\",\"contentUrl\":\"https:\\\/\\\/www.webdo.tn\\\/fr\\\/wp-content\\\/uploads\\\/2025\\\/06\\\/Webdo-Tunisie_168377.jpg\",\"width\":301,\"height\":301,\"caption\":\"Webdo\"},\"image\":{\"@id\":\"https:\\\/\\\/www.webdo.tn\\\/fr\\\/#\\\/schema\\\/logo\\\/image\\\/\"},\"sameAs\":[\"https:\\\/\\\/www.facebook.com\\\/webdotn\",\"https:\\\/\\\/x.com\\\/webdo_tn\"],\"description\":\"Webdo est un m\u00e9dia num\u00e9rique tunisien fond\u00e9 en 2010, sp\u00e9cialis\u00e9 dans l\u2019actualit\u00e9 nationale et internationale, l\u2019\u00e9conomie, la soci\u00e9t\u00e9 et les analyses politiques. Le site s\u2019adresse \u00e0 un large public francophone et couvre l\u2019information tunisienne en temps r\u00e9el.\",\"email\":\"redac@webdo.tn\",\"legalName\":\"YNJ SARL\",\"foundingDate\":\"2010-09-06\",\"numberOfEmployees\":{\"@type\":\"QuantitativeValue\",\"minValue\":\"11\",\"maxValue\":\"50\"}},{\"@type\":\"Person\",\"@id\":\"https:\\\/\\\/www.webdo.tn\\\/fr\\\/#\\\/schema\\\/person\\\/f35b42a42c5e2511bbd282959d6385cc\",\"name\":\"CL\",\"image\":{\"@type\":\"ImageObject\",\"inLanguage\":\"fr-FR\",\"@id\":\"https:\\\/\\\/secure.gravatar.com\\\/avatar\\\/1447a49909b67aa657c488aec6512e1dd6143a480c1ecfee9b5b5cd74eb3b59e?s=96&d=mm&r=g\",\"url\":\"https:\\\/\\\/secure.gravatar.com\\\/avatar\\\/1447a49909b67aa657c488aec6512e1dd6143a480c1ecfee9b5b5cd74eb3b59e?s=96&d=mm&r=g\",\"contentUrl\":\"https:\\\/\\\/secure.gravatar.com\\\/avatar\\\/1447a49909b67aa657c488aec6512e1dd6143a480c1ecfee9b5b5cd74eb3b59e?s=96&d=mm&r=g\",\"caption\":\"CL\"},\"url\":\"https:\\\/\\\/www.webdo.tn\\\/fr\\\/actualite\\\/author\\\/cl\\\/\"}]}<\/script>\n<!-- \/ Yoast SEO Premium plugin. -->","yoast_head_json":{"title":"Tunisie : Chaima Issa devant la Cour d\u2019appel militaire de Tunis","description":"Chaima Issa, membre du Front du Salut national, compara\u00eet aujourd\u2019hui devant la chambre criminelle de la Cour d'appel militaire de Tunis, dans le cadre d'une af...","canonical":"https:\/\/www.webdo.tn\/fr\/actualite\/national\/tunisie-chaima-issa-devant-la-cour-d-appel-militaire-de-tunis\/216910\/","og_locale":"fr_FR","og_type":"article","og_title":"Tunisie : Chaima Issa devant la Cour d\u2019appel militaire de Tunis","og_description":"Chaima Issa, membre du Front du Salut national, compara\u00eet aujourd\u2019hui devant la chambre criminelle de la Cour d'appel militaire de Tunis, dans le cadre d'une af...","og_url":"https:\/\/www.webdo.tn\/fr\/actualite\/national\/tunisie-chaima-issa-devant-la-cour-d-appel-militaire-de-tunis\/216910\/","og_site_name":"webdo","article_publisher":"https:\/\/www.facebook.com\/webdotn","article_published_time":"2024-10-10T14:45:00+00:00","article_modified_time":"2025-05-20T22:54:58+00:00","og_image":[{"width":750,"height":400,"url":"https:\/\/www.webdo.tn\/fr\/wp-content\/uploads\/2024\/10\/6d44685030b37b64a76d8b043a1d19ac.webp","type":"image\/webp"}],"author":"CL","twitter_card":"summary_large_image","twitter_creator":"@webdo_tn","twitter_site":"@webdo_tn","twitter_misc":{"\u00c9crit par":"CL","Dur\u00e9e de lecture estim\u00e9e":"1 minute"},"schema":{"@context":"https:\/\/schema.org","@graph":[{"@type":"NewsArticle","@id":"https:\/\/www.webdo.tn\/fr\/actualite\/national\/tunisie-chaima-issa-devant-la-cour-d-appel-militaire-de-tunis\/216910\/#article","isPartOf":{"@id":"https:\/\/www.webdo.tn\/fr\/actualite\/national\/tunisie-chaima-issa-devant-la-cour-d-appel-militaire-de-tunis\/216910\/"},"author":{"name":"CL","@id":"https:\/\/www.webdo.tn\/fr\/#\/schema\/person\/f35b42a42c5e2511bbd282959d6385cc"},"headline":"Tunisie : Chaima Issa devant la Cour d\u2019appel militaire de Tunis","datePublished":"2024-10-10T14:45:00+00:00","dateModified":"2025-05-20T22:54:58+00:00","mainEntityOfPage":{"@id":"https:\/\/www.webdo.tn\/fr\/actualite\/national\/tunisie-chaima-issa-devant-la-cour-d-appel-militaire-de-tunis\/216910\/"},"wordCount":267,"commentCount":0,"publisher":{"@id":"https:\/\/www.webdo.tn\/fr\/#organization"},"image":{"@id":"https:\/\/www.webdo.tn\/fr\/actualite\/national\/tunisie-chaima-issa-devant-la-cour-d-appel-militaire-de-tunis\/216910\/#primaryimage"},"thumbnailUrl":"https:\/\/www.webdo.tn\/fr\/wp-content\/uploads\/2024\/10\/6d44685030b37b64a76d8b043a1d19ac.webp","keywords":["appel","Chaima Issa","condamnation","justice militaire","Tunisie"],"articleSection":["National"],"inLanguage":"fr-FR"},{"@type":"WebPage","@id":"https:\/\/www.webdo.tn\/fr\/actualite\/national\/tunisie-chaima-issa-devant-la-cour-d-appel-militaire-de-tunis\/216910\/","url":"https:\/\/www.webdo.tn\/fr\/actualite\/national\/tunisie-chaima-issa-devant-la-cour-d-appel-militaire-de-tunis\/216910\/","name":"Tunisie : Chaima Issa devant la Cour d\u2019appel militaire de Tunis","isPartOf":{"@id":"https:\/\/www.webdo.tn\/fr\/#website"},"primaryImageOfPage":{"@id":"https:\/\/www.webdo.tn\/fr\/actualite\/national\/tunisie-chaima-issa-devant-la-cour-d-appel-militaire-de-tunis\/216910\/#primaryimage"},"image":{"@id":"https:\/\/www.webdo.tn\/fr\/actualite\/national\/tunisie-chaima-issa-devant-la-cour-d-appel-militaire-de-tunis\/216910\/#primaryimage"},"thumbnailUrl":"https:\/\/www.webdo.tn\/fr\/wp-content\/uploads\/2024\/10\/6d44685030b37b64a76d8b043a1d19ac.webp","datePublished":"2024-10-10T14:45:00+00:00","dateModified":"2025-05-20T22:54:58+00:00","description":"Chaima Issa, membre du Front du Salut national, compara\u00eet aujourd\u2019hui devant la chambre criminelle de la Cour d'appel militaire de Tunis, dans le cadre d'une af...","breadcrumb":{"@id":"https:\/\/www.webdo.tn\/fr\/actualite\/national\/tunisie-chaima-issa-devant-la-cour-d-appel-militaire-de-tunis\/216910\/#breadcrumb"},"inLanguage":"fr-FR","potentialAction":[{"@type":"ReadAction","target":["https:\/\/www.webdo.tn\/fr\/actualite\/national\/tunisie-chaima-issa-devant-la-cour-d-appel-militaire-de-tunis\/216910\/"]}]},{"@type":"ImageObject","inLanguage":"fr-FR","@id":"https:\/\/www.webdo.tn\/fr\/actualite\/national\/tunisie-chaima-issa-devant-la-cour-d-appel-militaire-de-tunis\/216910\/#primaryimage","url":"https:\/\/www.webdo.tn\/fr\/wp-content\/uploads\/2024\/10\/6d44685030b37b64a76d8b043a1d19ac.webp","contentUrl":"https:\/\/www.webdo.tn\/fr\/wp-content\/uploads\/2024\/10\/6d44685030b37b64a76d8b043a1d19ac.webp","width":750,"height":400,"caption":"Tunisie : Chaima Issa devant la Cour d\u2019appel militaire de Tunis"},{"@type":"BreadcrumbList","@id":"https:\/\/www.webdo.tn\/fr\/actualite\/national\/tunisie-chaima-issa-devant-la-cour-d-appel-militaire-de-tunis\/216910\/#breadcrumb","itemListElement":[{"@type":"ListItem","position":1,"name":"Accueil","item":"https:\/\/www.webdo.tn\/fr\/"},{"@type":"ListItem","position":2,"name":"Tunisie : Chaima Issa devant la Cour d\u2019appel militaire de Tunis"}]},{"@type":"WebSite","@id":"https:\/\/www.webdo.tn\/fr\/#website","url":"https:\/\/www.webdo.tn\/fr\/","name":"webdo","description":"Tunisie - News en Tunisie et \u00e0 l&#039;international sur Webdo.tn","publisher":{"@id":"https:\/\/www.webdo.tn\/fr\/#organization"},"potentialAction":[{"@type":"SearchAction","target":{"@type":"EntryPoint","urlTemplate":"https:\/\/www.webdo.tn\/fr\/?s={search_term_string}"},"query-input":{"@type":"PropertyValueSpecification","valueRequired":true,"valueName":"search_term_string"}}],"inLanguage":"fr-FR"},{"@type":"Organization","@id":"https:\/\/www.webdo.tn\/fr\/#organization","name":"Webdo","alternateName":"Webdo.tn","url":"https:\/\/www.webdo.tn\/fr\/","logo":{"@type":"ImageObject","inLanguage":"fr-FR","@id":"https:\/\/www.webdo.tn\/fr\/#\/schema\/logo\/image\/","url":"https:\/\/www.webdo.tn\/fr\/wp-content\/uploads\/2025\/06\/Webdo-Tunisie_168377.jpg","contentUrl":"https:\/\/www.webdo.tn\/fr\/wp-content\/uploads\/2025\/06\/Webdo-Tunisie_168377.jpg","width":301,"height":301,"caption":"Webdo"},"image":{"@id":"https:\/\/www.webdo.tn\/fr\/#\/schema\/logo\/image\/"},"sameAs":["https:\/\/www.facebook.com\/webdotn","https:\/\/x.com\/webdo_tn"],"description":"Webdo est un m\u00e9dia num\u00e9rique tunisien fond\u00e9 en 2010, sp\u00e9cialis\u00e9 dans l\u2019actualit\u00e9 nationale et internationale, l\u2019\u00e9conomie, la soci\u00e9t\u00e9 et les analyses politiques. Le site s\u2019adresse \u00e0 un large public francophone et couvre l\u2019information tunisienne en temps r\u00e9el.","email":"redac@webdo.tn","legalName":"YNJ SARL","foundingDate":"2010-09-06","numberOfEmployees":{"@type":"QuantitativeValue","minValue":"11","maxValue":"50"}},{"@type":"Person","@id":"https:\/\/www.webdo.tn\/fr\/#\/schema\/person\/f35b42a42c5e2511bbd282959d6385cc","name":"CL","image":{"@type":"ImageObject","inLanguage":"fr-FR","@id":"https:\/\/secure.gravatar.com\/avatar\/1447a49909b67aa657c488aec6512e1dd6143a480c1ecfee9b5b5cd74eb3b59e?s=96&d=mm&r=g","url":"https:\/\/secure.gravatar.com\/avatar\/1447a49909b67aa657c488aec6512e1dd6143a480c1ecfee9b5b5cd74eb3b59e?s=96&d=mm&r=g","contentUrl":"https:\/\/secure.gravatar.com\/avatar\/1447a49909b67aa657c488aec6512e1dd6143a480c1ecfee9b5b5cd74eb3b59e?s=96&d=mm&r=g","caption":"CL"},"url":"https:\/\/www.webdo.tn\/fr\/actualite\/author\/cl\/"}]}},"_links":{"self":[{"href":"https:\/\/www.webdo.tn\/fr\/wp-json\/wp\/v2\/posts\/216910","targetHints":{"allow":["GET"]}}],"collection":[{"href":"https:\/\/www.webdo.tn\/fr\/wp-json\/wp\/v2\/posts"}],"about":[{"href":"https:\/\/www.webdo.tn\/fr\/wp-json\/wp\/v2\/types\/post"}],"author":[{"embeddable":true,"href":"https:\/\/www.webdo.tn\/fr\/wp-json\/wp\/v2\/users\/3175"}],"replies":[{"embeddable":true,"href":"https:\/\/www.webdo.tn\/fr\/wp-json\/wp\/v2\/comments?post=216910"}],"version-history":[{"count":0,"href":"https:\/\/www.webdo.tn\/fr\/wp-json\/wp\/v2\/posts\/216910\/revisions"}],"wp:featuredmedia":[{"embeddable":true,"href":"https:\/\/www.webdo.tn\/fr\/wp-json\/wp\/v2\/media\/291173"}],"wp:attachment":[{"href":"https:\/\/www.webdo.tn\/fr\/wp-json\/wp\/v2\/media?parent=216910"}],"wp:term":[{"taxonomy":"category","embeddable":true,"href":"https:\/\/www.webdo.tn\/fr\/wp-json\/wp\/v2\/categories?post=216910"},{"taxonomy":"post_tag","embeddable":true,"href":"https:\/\/www.webdo.tn\/fr\/wp-json\/wp\/v2\/tags?post=216910"}],"curies":[{"name":"wp","href":"https:\/\/api.w.org\/{rel}","templated":true}]}}