{"id":216904,"date":"2024-10-10T11:20:00","date_gmt":"2024-10-10T11:20:00","guid":{"rendered":"https:\/\/www.webdo.tn\/fr\/blog\/sahara-occidental-l-algerie-boycotte-le-ble-francais\/216904\/"},"modified":"2025-05-17T20:22:37","modified_gmt":"2025-05-17T20:22:37","slug":"sahara-occidental-l-algerie-boycotte-le-ble-francais","status":"publish","type":"post","link":"https:\/\/www.webdo.tn\/fr\/actualite\/international\/sahara-occidental-l-algerie-boycotte-le-ble-francais\/216904\/","title":{"rendered":"A cause du Sahara occidental, l&rsquo;Alg\u00e9rie boycotte le bl\u00e9 fran\u00e7ais"},"content":{"rendered":"<p>L&rsquo;Alg\u00e9rie a marqu\u00e9 un nouveau tournant dans ses relations tendues avec la France cette semaine en excluant explicitement les entreprises fran\u00e7aises de son dernier appel d&rsquo;offres pour l&rsquo;importation de bl\u00e9, rapporte Reuters en exclusivit\u00e9. Cette d\u00e9cision, qui rappelle un diff\u00e9rend similaire survenu il y a trois ans, refl\u00e8te la d\u00e9t\u00e9rioration des relations diplomatiques entre les deux pays.<\/p>\n<p>\t\t\t\t\t\t\t\t\tAu c\u0153ur de cette tension se trouve la position fran\u00e7aise sur le Sahara occidental. En juillet, Paris a soutenu un plan pla\u00e7ant la r\u00e9gion sous souverainet\u00e9 marocaine, provoquant la col\u00e8re d&rsquo;Alger qui soutient le Front Polisario dans sa qu\u00eate d&rsquo;ind\u00e9pendance.<\/p>\n<p>Selon six sources proches du dossier, l&rsquo;Office alg\u00e9rien interprofessionnel des c\u00e9r\u00e9ales (OAIC) n&rsquo;a pas invit\u00e9 les entreprises fran\u00e7aises \u00e0 participer \u00e0 l&rsquo;appel d&rsquo;offres de mardi. Plus encore, les soci\u00e9t\u00e9s non-fran\u00e7aises ont re\u00e7u l&rsquo;instruction explicite de ne pas proposer de bl\u00e9 d&rsquo;origine fran\u00e7aise. Cette d\u00e9cision intervient alors que l&rsquo;OAIC aurait achet\u00e9 plus de 500 000 tonnes m\u00e9triques lors de cet appel d&rsquo;offres.<\/p>\n<p>Cette exclusion pourrait renforcer davantage la domination des fournisseurs de la mer Noire, particuli\u00e8rement la Russie, sur le march\u00e9 alg\u00e9rien. Un changement significatif pour l&rsquo;Alg\u00e9rie, qui fut pendant longtemps l&rsquo;un des plus importants clients du bl\u00e9 fran\u00e7ais. La situation est d&rsquo;autant plus complexe que la France conna\u00eet cette ann\u00e9e sa plus faible r\u00e9colte de bl\u00e9 depuis les ann\u00e9es 1980, en raison de conditions m\u00e9t\u00e9orologiques d\u00e9favorables.<\/p>\n","protected":false},"excerpt":{"rendered":"<p>L&rsquo;Alg\u00e9rie exclut les entreprises fran\u00e7aises de son appel d&rsquo;offres pour le bl\u00e9, illustrant les tensions diplomatiques croissantes entre Alger et Paris sur fond d&#8230;<\/p>\n","protected":false},"author":4779,"featured_media":246373,"comment_status":"open","ping_status":"closed","sticky":false,"template":"","format":"standard","meta":{"footnotes":""},"categories":[2598],"tags":[2907,3627,2998,5481],"class_list":["post-216904","post","type-post","status-publish","format-standard","has-post-thumbnail","hentry","category-international","tag-algerie","tag-ble","tag-france","tag-saharaoccidental"],"yoast_head":"<!-- This site is optimized with the Yoast SEO Premium plugin v27.5 (Yoast SEO v27.5) - https:\/\/yoast.com\/product\/yoast-seo-premium-wordpress\/ -->\n<title>A cause du Sahara occidental, l&#039;Alg\u00e9rie boycotte le bl\u00e9 fran\u00e7ais<\/title>\n<meta name=\"description\" content=\"L&#039;Alg\u00e9rie exclut les entreprises fran\u00e7aises de son appel d&#039;offres pour le bl\u00e9, illustrant les tensions diplomatiques croissantes entre Alger et Paris sur fond d...\" \/>\n<link rel=\"canonical\" href=\"https:\/\/www.webdo.tn\/fr\/actualite\/international\/sahara-occidental-l-algerie-boycotte-le-ble-francais\/216904\/\" \/>\n<meta property=\"og:locale\" content=\"fr_FR\" \/>\n<meta property=\"og:type\" content=\"article\" \/>\n<meta property=\"og:title\" content=\"A cause du Sahara occidental, l&#039;Alg\u00e9rie boycotte le bl\u00e9 fran\u00e7ais\" \/>\n<meta property=\"og:description\" content=\"L&#039;Alg\u00e9rie exclut les entreprises fran\u00e7aises de son appel d&#039;offres pour le bl\u00e9, illustrant les tensions diplomatiques croissantes entre Alger et Paris sur fond d...\" \/>\n<meta property=\"og:url\" content=\"https:\/\/www.webdo.tn\/fr\/actualite\/international\/sahara-occidental-l-algerie-boycotte-le-ble-francais\/216904\/\" \/>\n<meta property=\"og:site_name\" content=\"webdo\" \/>\n<meta property=\"article:publisher\" content=\"https:\/\/www.facebook.com\/webdotn\" \/>\n<meta property=\"article:published_time\" content=\"2024-10-10T11:20:00+00:00\" \/>\n<meta property=\"article:modified_time\" content=\"2025-05-17T20:22:37+00:00\" \/>\n<meta property=\"og:image\" content=\"https:\/\/www.webdo.tn\/fr\/wp-content\/uploads\/2024\/10\/ef4cad270046e48485707a110246eca0.webp\" \/>\n\t<meta property=\"og:image:width\" content=\"750\" \/>\n\t<meta property=\"og:image:height\" content=\"400\" \/>\n\t<meta property=\"og:image:type\" content=\"image\/webp\" \/>\n<meta name=\"author\" content=\"Firas Ben Abdeltif\" \/>\n<meta name=\"twitter:card\" content=\"summary_large_image\" \/>\n<meta name=\"twitter:creator\" content=\"@webdo_tn\" \/>\n<meta name=\"twitter:site\" content=\"@webdo_tn\" \/>\n<meta name=\"twitter:label1\" content=\"\u00c9crit par\" \/>\n\t<meta name=\"twitter:data1\" content=\"Firas Ben Abdeltif\" \/>\n\t<meta name=\"twitter:label2\" content=\"Dur\u00e9e de lecture estim\u00e9e\" \/>\n\t<meta name=\"twitter:data2\" content=\"1 minute\" \/>\n<script type=\"application\/ld+json\" class=\"yoast-schema-graph\">{\"@context\":\"https:\\\/\\\/schema.org\",\"@graph\":[{\"@type\":\"NewsArticle\",\"@id\":\"https:\\\/\\\/www.webdo.tn\\\/fr\\\/actualite\\\/international\\\/sahara-occidental-l-algerie-boycotte-le-ble-francais\\\/216904\\\/#article\",\"isPartOf\":{\"@id\":\"https:\\\/\\\/www.webdo.tn\\\/fr\\\/actualite\\\/international\\\/sahara-occidental-l-algerie-boycotte-le-ble-francais\\\/216904\\\/\"},\"author\":{\"name\":\"Firas Ben Abdeltif\",\"@id\":\"https:\\\/\\\/www.webdo.tn\\\/fr\\\/#\\\/schema\\\/person\\\/19664196c9bfdcda126f3c27709f7d11\"},\"headline\":\"A cause du Sahara occidental, l&rsquo;Alg\u00e9rie boycotte le bl\u00e9 fran\u00e7ais\",\"datePublished\":\"2024-10-10T11:20:00+00:00\",\"dateModified\":\"2025-05-17T20:22:37+00:00\",\"mainEntityOfPage\":{\"@id\":\"https:\\\/\\\/www.webdo.tn\\\/fr\\\/actualite\\\/international\\\/sahara-occidental-l-algerie-boycotte-le-ble-francais\\\/216904\\\/\"},\"wordCount\":283,\"commentCount\":0,\"publisher\":{\"@id\":\"https:\\\/\\\/www.webdo.tn\\\/fr\\\/#organization\"},\"image\":{\"@id\":\"https:\\\/\\\/www.webdo.tn\\\/fr\\\/actualite\\\/international\\\/sahara-occidental-l-algerie-boycotte-le-ble-francais\\\/216904\\\/#primaryimage\"},\"thumbnailUrl\":\"https:\\\/\\\/www.webdo.tn\\\/fr\\\/wp-content\\\/uploads\\\/2024\\\/10\\\/ef4cad270046e48485707a110246eca0.webp\",\"keywords\":[\"Alg\u00e9rie\",\"bl\u00e9\",\"france\",\"SaharaOccidental\"],\"articleSection\":[\"International\"],\"inLanguage\":\"fr-FR\"},{\"@type\":\"WebPage\",\"@id\":\"https:\\\/\\\/www.webdo.tn\\\/fr\\\/actualite\\\/international\\\/sahara-occidental-l-algerie-boycotte-le-ble-francais\\\/216904\\\/\",\"url\":\"https:\\\/\\\/www.webdo.tn\\\/fr\\\/actualite\\\/international\\\/sahara-occidental-l-algerie-boycotte-le-ble-francais\\\/216904\\\/\",\"name\":\"A cause du Sahara occidental, l'Alg\u00e9rie boycotte le bl\u00e9 fran\u00e7ais\",\"isPartOf\":{\"@id\":\"https:\\\/\\\/www.webdo.tn\\\/fr\\\/#website\"},\"primaryImageOfPage\":{\"@id\":\"https:\\\/\\\/www.webdo.tn\\\/fr\\\/actualite\\\/international\\\/sahara-occidental-l-algerie-boycotte-le-ble-francais\\\/216904\\\/#primaryimage\"},\"image\":{\"@id\":\"https:\\\/\\\/www.webdo.tn\\\/fr\\\/actualite\\\/international\\\/sahara-occidental-l-algerie-boycotte-le-ble-francais\\\/216904\\\/#primaryimage\"},\"thumbnailUrl\":\"https:\\\/\\\/www.webdo.tn\\\/fr\\\/wp-content\\\/uploads\\\/2024\\\/10\\\/ef4cad270046e48485707a110246eca0.webp\",\"datePublished\":\"2024-10-10T11:20:00+00:00\",\"dateModified\":\"2025-05-17T20:22:37+00:00\",\"description\":\"L'Alg\u00e9rie exclut les entreprises fran\u00e7aises de son appel d'offres pour le bl\u00e9, illustrant les tensions diplomatiques croissantes entre Alger et Paris sur fond d...\",\"breadcrumb\":{\"@id\":\"https:\\\/\\\/www.webdo.tn\\\/fr\\\/actualite\\\/international\\\/sahara-occidental-l-algerie-boycotte-le-ble-francais\\\/216904\\\/#breadcrumb\"},\"inLanguage\":\"fr-FR\",\"potentialAction\":[{\"@type\":\"ReadAction\",\"target\":[\"https:\\\/\\\/www.webdo.tn\\\/fr\\\/actualite\\\/international\\\/sahara-occidental-l-algerie-boycotte-le-ble-francais\\\/216904\\\/\"]}]},{\"@type\":\"ImageObject\",\"inLanguage\":\"fr-FR\",\"@id\":\"https:\\\/\\\/www.webdo.tn\\\/fr\\\/actualite\\\/international\\\/sahara-occidental-l-algerie-boycotte-le-ble-francais\\\/216904\\\/#primaryimage\",\"url\":\"https:\\\/\\\/www.webdo.tn\\\/fr\\\/wp-content\\\/uploads\\\/2024\\\/10\\\/ef4cad270046e48485707a110246eca0.webp\",\"contentUrl\":\"https:\\\/\\\/www.webdo.tn\\\/fr\\\/wp-content\\\/uploads\\\/2024\\\/10\\\/ef4cad270046e48485707a110246eca0.webp\",\"width\":750,\"height\":400,\"caption\":\"A cause du Sahara occidental, l'Alg\u00e9rie boycotte le bl\u00e9 fran\u00e7ais\"},{\"@type\":\"BreadcrumbList\",\"@id\":\"https:\\\/\\\/www.webdo.tn\\\/fr\\\/actualite\\\/international\\\/sahara-occidental-l-algerie-boycotte-le-ble-francais\\\/216904\\\/#breadcrumb\",\"itemListElement\":[{\"@type\":\"ListItem\",\"position\":1,\"name\":\"Accueil\",\"item\":\"https:\\\/\\\/www.webdo.tn\\\/fr\\\/\"},{\"@type\":\"ListItem\",\"position\":2,\"name\":\"A cause du Sahara occidental, l&rsquo;Alg\u00e9rie boycotte le bl\u00e9 fran\u00e7ais\"}]},{\"@type\":\"WebSite\",\"@id\":\"https:\\\/\\\/www.webdo.tn\\\/fr\\\/#website\",\"url\":\"https:\\\/\\\/www.webdo.tn\\\/fr\\\/\",\"name\":\"webdo\",\"description\":\"Tunisie - News en Tunisie et \u00e0 l&#039;international sur Webdo.tn\",\"publisher\":{\"@id\":\"https:\\\/\\\/www.webdo.tn\\\/fr\\\/#organization\"},\"potentialAction\":[{\"@type\":\"SearchAction\",\"target\":{\"@type\":\"EntryPoint\",\"urlTemplate\":\"https:\\\/\\\/www.webdo.tn\\\/fr\\\/?s={search_term_string}\"},\"query-input\":{\"@type\":\"PropertyValueSpecification\",\"valueRequired\":true,\"valueName\":\"search_term_string\"}}],\"inLanguage\":\"fr-FR\"},{\"@type\":\"Organization\",\"@id\":\"https:\\\/\\\/www.webdo.tn\\\/fr\\\/#organization\",\"name\":\"Webdo\",\"alternateName\":\"Webdo.tn\",\"url\":\"https:\\\/\\\/www.webdo.tn\\\/fr\\\/\",\"logo\":{\"@type\":\"ImageObject\",\"inLanguage\":\"fr-FR\",\"@id\":\"https:\\\/\\\/www.webdo.tn\\\/fr\\\/#\\\/schema\\\/logo\\\/image\\\/\",\"url\":\"https:\\\/\\\/www.webdo.tn\\\/fr\\\/wp-content\\\/uploads\\\/2025\\\/06\\\/Webdo-Tunisie_168377.jpg\",\"contentUrl\":\"https:\\\/\\\/www.webdo.tn\\\/fr\\\/wp-content\\\/uploads\\\/2025\\\/06\\\/Webdo-Tunisie_168377.jpg\",\"width\":301,\"height\":301,\"caption\":\"Webdo\"},\"image\":{\"@id\":\"https:\\\/\\\/www.webdo.tn\\\/fr\\\/#\\\/schema\\\/logo\\\/image\\\/\"},\"sameAs\":[\"https:\\\/\\\/www.facebook.com\\\/webdotn\",\"https:\\\/\\\/x.com\\\/webdo_tn\"],\"description\":\"Webdo est un m\u00e9dia num\u00e9rique tunisien fond\u00e9 en 2010, sp\u00e9cialis\u00e9 dans l\u2019actualit\u00e9 nationale et internationale, l\u2019\u00e9conomie, la soci\u00e9t\u00e9 et les analyses politiques. Le site s\u2019adresse \u00e0 un large public francophone et couvre l\u2019information tunisienne en temps r\u00e9el.\",\"email\":\"redac@webdo.tn\",\"legalName\":\"YNJ SARL\",\"foundingDate\":\"2010-09-06\",\"numberOfEmployees\":{\"@type\":\"QuantitativeValue\",\"minValue\":\"11\",\"maxValue\":\"50\"}},{\"@type\":\"Person\",\"@id\":\"https:\\\/\\\/www.webdo.tn\\\/fr\\\/#\\\/schema\\\/person\\\/19664196c9bfdcda126f3c27709f7d11\",\"name\":\"Firas Ben Abdeltif\",\"image\":{\"@type\":\"ImageObject\",\"inLanguage\":\"fr-FR\",\"@id\":\"https:\\\/\\\/secure.gravatar.com\\\/avatar\\\/161a347d40df098a084778c52ed133dbd85f14df003867067c5948081241ec55?s=96&d=mm&r=g\",\"url\":\"https:\\\/\\\/secure.gravatar.com\\\/avatar\\\/161a347d40df098a084778c52ed133dbd85f14df003867067c5948081241ec55?s=96&d=mm&r=g\",\"contentUrl\":\"https:\\\/\\\/secure.gravatar.com\\\/avatar\\\/161a347d40df098a084778c52ed133dbd85f14df003867067c5948081241ec55?s=96&d=mm&r=g\",\"caption\":\"Firas Ben Abdeltif\"},\"url\":\"https:\\\/\\\/www.webdo.tn\\\/fr\\\/actualite\\\/author\\\/firas-ben-abdeltif\\\/\"}]}<\/script>\n<!-- \/ Yoast SEO Premium plugin. -->","yoast_head_json":{"title":"A cause du Sahara occidental, l'Alg\u00e9rie boycotte le bl\u00e9 fran\u00e7ais","description":"L'Alg\u00e9rie exclut les entreprises fran\u00e7aises de son appel d'offres pour le bl\u00e9, illustrant les tensions diplomatiques croissantes entre Alger et Paris sur fond d...","canonical":"https:\/\/www.webdo.tn\/fr\/actualite\/international\/sahara-occidental-l-algerie-boycotte-le-ble-francais\/216904\/","og_locale":"fr_FR","og_type":"article","og_title":"A cause du Sahara occidental, l'Alg\u00e9rie boycotte le bl\u00e9 fran\u00e7ais","og_description":"L'Alg\u00e9rie exclut les entreprises fran\u00e7aises de son appel d'offres pour le bl\u00e9, illustrant les tensions diplomatiques croissantes entre Alger et Paris sur fond d...","og_url":"https:\/\/www.webdo.tn\/fr\/actualite\/international\/sahara-occidental-l-algerie-boycotte-le-ble-francais\/216904\/","og_site_name":"webdo","article_publisher":"https:\/\/www.facebook.com\/webdotn","article_published_time":"2024-10-10T11:20:00+00:00","article_modified_time":"2025-05-17T20:22:37+00:00","og_image":[{"width":750,"height":400,"url":"https:\/\/www.webdo.tn\/fr\/wp-content\/uploads\/2024\/10\/ef4cad270046e48485707a110246eca0.webp","type":"image\/webp"}],"author":"Firas Ben Abdeltif","twitter_card":"summary_large_image","twitter_creator":"@webdo_tn","twitter_site":"@webdo_tn","twitter_misc":{"\u00c9crit par":"Firas Ben Abdeltif","Dur\u00e9e de lecture estim\u00e9e":"1 minute"},"schema":{"@context":"https:\/\/schema.org","@graph":[{"@type":"NewsArticle","@id":"https:\/\/www.webdo.tn\/fr\/actualite\/international\/sahara-occidental-l-algerie-boycotte-le-ble-francais\/216904\/#article","isPartOf":{"@id":"https:\/\/www.webdo.tn\/fr\/actualite\/international\/sahara-occidental-l-algerie-boycotte-le-ble-francais\/216904\/"},"author":{"name":"Firas Ben Abdeltif","@id":"https:\/\/www.webdo.tn\/fr\/#\/schema\/person\/19664196c9bfdcda126f3c27709f7d11"},"headline":"A cause du Sahara occidental, l&rsquo;Alg\u00e9rie boycotte le bl\u00e9 fran\u00e7ais","datePublished":"2024-10-10T11:20:00+00:00","dateModified":"2025-05-17T20:22:37+00:00","mainEntityOfPage":{"@id":"https:\/\/www.webdo.tn\/fr\/actualite\/international\/sahara-occidental-l-algerie-boycotte-le-ble-francais\/216904\/"},"wordCount":283,"commentCount":0,"publisher":{"@id":"https:\/\/www.webdo.tn\/fr\/#organization"},"image":{"@id":"https:\/\/www.webdo.tn\/fr\/actualite\/international\/sahara-occidental-l-algerie-boycotte-le-ble-francais\/216904\/#primaryimage"},"thumbnailUrl":"https:\/\/www.webdo.tn\/fr\/wp-content\/uploads\/2024\/10\/ef4cad270046e48485707a110246eca0.webp","keywords":["Alg\u00e9rie","bl\u00e9","france","SaharaOccidental"],"articleSection":["International"],"inLanguage":"fr-FR"},{"@type":"WebPage","@id":"https:\/\/www.webdo.tn\/fr\/actualite\/international\/sahara-occidental-l-algerie-boycotte-le-ble-francais\/216904\/","url":"https:\/\/www.webdo.tn\/fr\/actualite\/international\/sahara-occidental-l-algerie-boycotte-le-ble-francais\/216904\/","name":"A cause du Sahara occidental, l'Alg\u00e9rie boycotte le bl\u00e9 fran\u00e7ais","isPartOf":{"@id":"https:\/\/www.webdo.tn\/fr\/#website"},"primaryImageOfPage":{"@id":"https:\/\/www.webdo.tn\/fr\/actualite\/international\/sahara-occidental-l-algerie-boycotte-le-ble-francais\/216904\/#primaryimage"},"image":{"@id":"https:\/\/www.webdo.tn\/fr\/actualite\/international\/sahara-occidental-l-algerie-boycotte-le-ble-francais\/216904\/#primaryimage"},"thumbnailUrl":"https:\/\/www.webdo.tn\/fr\/wp-content\/uploads\/2024\/10\/ef4cad270046e48485707a110246eca0.webp","datePublished":"2024-10-10T11:20:00+00:00","dateModified":"2025-05-17T20:22:37+00:00","description":"L'Alg\u00e9rie exclut les entreprises fran\u00e7aises de son appel d'offres pour le bl\u00e9, illustrant les tensions diplomatiques croissantes entre Alger et Paris sur fond d...","breadcrumb":{"@id":"https:\/\/www.webdo.tn\/fr\/actualite\/international\/sahara-occidental-l-algerie-boycotte-le-ble-francais\/216904\/#breadcrumb"},"inLanguage":"fr-FR","potentialAction":[{"@type":"ReadAction","target":["https:\/\/www.webdo.tn\/fr\/actualite\/international\/sahara-occidental-l-algerie-boycotte-le-ble-francais\/216904\/"]}]},{"@type":"ImageObject","inLanguage":"fr-FR","@id":"https:\/\/www.webdo.tn\/fr\/actualite\/international\/sahara-occidental-l-algerie-boycotte-le-ble-francais\/216904\/#primaryimage","url":"https:\/\/www.webdo.tn\/fr\/wp-content\/uploads\/2024\/10\/ef4cad270046e48485707a110246eca0.webp","contentUrl":"https:\/\/www.webdo.tn\/fr\/wp-content\/uploads\/2024\/10\/ef4cad270046e48485707a110246eca0.webp","width":750,"height":400,"caption":"A cause du Sahara occidental, l'Alg\u00e9rie boycotte le bl\u00e9 fran\u00e7ais"},{"@type":"BreadcrumbList","@id":"https:\/\/www.webdo.tn\/fr\/actualite\/international\/sahara-occidental-l-algerie-boycotte-le-ble-francais\/216904\/#breadcrumb","itemListElement":[{"@type":"ListItem","position":1,"name":"Accueil","item":"https:\/\/www.webdo.tn\/fr\/"},{"@type":"ListItem","position":2,"name":"A cause du Sahara occidental, l&rsquo;Alg\u00e9rie boycotte le bl\u00e9 fran\u00e7ais"}]},{"@type":"WebSite","@id":"https:\/\/www.webdo.tn\/fr\/#website","url":"https:\/\/www.webdo.tn\/fr\/","name":"webdo","description":"Tunisie - News en Tunisie et \u00e0 l&#039;international sur Webdo.tn","publisher":{"@id":"https:\/\/www.webdo.tn\/fr\/#organization"},"potentialAction":[{"@type":"SearchAction","target":{"@type":"EntryPoint","urlTemplate":"https:\/\/www.webdo.tn\/fr\/?s={search_term_string}"},"query-input":{"@type":"PropertyValueSpecification","valueRequired":true,"valueName":"search_term_string"}}],"inLanguage":"fr-FR"},{"@type":"Organization","@id":"https:\/\/www.webdo.tn\/fr\/#organization","name":"Webdo","alternateName":"Webdo.tn","url":"https:\/\/www.webdo.tn\/fr\/","logo":{"@type":"ImageObject","inLanguage":"fr-FR","@id":"https:\/\/www.webdo.tn\/fr\/#\/schema\/logo\/image\/","url":"https:\/\/www.webdo.tn\/fr\/wp-content\/uploads\/2025\/06\/Webdo-Tunisie_168377.jpg","contentUrl":"https:\/\/www.webdo.tn\/fr\/wp-content\/uploads\/2025\/06\/Webdo-Tunisie_168377.jpg","width":301,"height":301,"caption":"Webdo"},"image":{"@id":"https:\/\/www.webdo.tn\/fr\/#\/schema\/logo\/image\/"},"sameAs":["https:\/\/www.facebook.com\/webdotn","https:\/\/x.com\/webdo_tn"],"description":"Webdo est un m\u00e9dia num\u00e9rique tunisien fond\u00e9 en 2010, sp\u00e9cialis\u00e9 dans l\u2019actualit\u00e9 nationale et internationale, l\u2019\u00e9conomie, la soci\u00e9t\u00e9 et les analyses politiques. Le site s\u2019adresse \u00e0 un large public francophone et couvre l\u2019information tunisienne en temps r\u00e9el.","email":"redac@webdo.tn","legalName":"YNJ SARL","foundingDate":"2010-09-06","numberOfEmployees":{"@type":"QuantitativeValue","minValue":"11","maxValue":"50"}},{"@type":"Person","@id":"https:\/\/www.webdo.tn\/fr\/#\/schema\/person\/19664196c9bfdcda126f3c27709f7d11","name":"Firas Ben Abdeltif","image":{"@type":"ImageObject","inLanguage":"fr-FR","@id":"https:\/\/secure.gravatar.com\/avatar\/161a347d40df098a084778c52ed133dbd85f14df003867067c5948081241ec55?s=96&d=mm&r=g","url":"https:\/\/secure.gravatar.com\/avatar\/161a347d40df098a084778c52ed133dbd85f14df003867067c5948081241ec55?s=96&d=mm&r=g","contentUrl":"https:\/\/secure.gravatar.com\/avatar\/161a347d40df098a084778c52ed133dbd85f14df003867067c5948081241ec55?s=96&d=mm&r=g","caption":"Firas Ben Abdeltif"},"url":"https:\/\/www.webdo.tn\/fr\/actualite\/author\/firas-ben-abdeltif\/"}]}},"_links":{"self":[{"href":"https:\/\/www.webdo.tn\/fr\/wp-json\/wp\/v2\/posts\/216904","targetHints":{"allow":["GET"]}}],"collection":[{"href":"https:\/\/www.webdo.tn\/fr\/wp-json\/wp\/v2\/posts"}],"about":[{"href":"https:\/\/www.webdo.tn\/fr\/wp-json\/wp\/v2\/types\/post"}],"author":[{"embeddable":true,"href":"https:\/\/www.webdo.tn\/fr\/wp-json\/wp\/v2\/users\/4779"}],"replies":[{"embeddable":true,"href":"https:\/\/www.webdo.tn\/fr\/wp-json\/wp\/v2\/comments?post=216904"}],"version-history":[{"count":0,"href":"https:\/\/www.webdo.tn\/fr\/wp-json\/wp\/v2\/posts\/216904\/revisions"}],"wp:featuredmedia":[{"embeddable":true,"href":"https:\/\/www.webdo.tn\/fr\/wp-json\/wp\/v2\/media\/246373"}],"wp:attachment":[{"href":"https:\/\/www.webdo.tn\/fr\/wp-json\/wp\/v2\/media?parent=216904"}],"wp:term":[{"taxonomy":"category","embeddable":true,"href":"https:\/\/www.webdo.tn\/fr\/wp-json\/wp\/v2\/categories?post=216904"},{"taxonomy":"post_tag","embeddable":true,"href":"https:\/\/www.webdo.tn\/fr\/wp-json\/wp\/v2\/tags?post=216904"}],"curies":[{"name":"wp","href":"https:\/\/api.w.org\/{rel}","templated":true}]}}