{"id":216903,"date":"2024-10-10T11:19:00","date_gmt":"2024-10-10T11:19:00","guid":{"rendered":"https:\/\/www.webdo.tn\/fr\/blog\/tunisie-presidentielle-aucun-recours-n-a-ete-depose-aupres-de-la-cour-d-appel\/216903\/"},"modified":"2025-05-20T21:48:00","modified_gmt":"2025-05-20T21:48:00","slug":"tunisie-presidentielle-aucun-recours-n-a-ete-depose-aupres-de-la-cour-d-appel","status":"publish","type":"post","link":"https:\/\/www.webdo.tn\/fr\/actualite\/national\/tunisie-presidentielle-aucun-recours-n-a-ete-depose-aupres-de-la-cour-d-appel\/216903\/","title":{"rendered":"Tunisie &#8211; Pr\u00e9sidentielle : Aucun recours n\u2019a \u00e9t\u00e9 d\u00e9pos\u00e9 aupr\u00e8s de la Cour d\u2019appel"},"content":{"rendered":"<p>Aucun recours n\u2019a encore \u00e9t\u00e9 d\u00e9pos\u00e9 concernant les r\u00e9sultats pr\u00e9liminaires de l\u2019\u00e9lection pr\u00e9sidentielle, a indiqu\u00e9 aujourd\u2019hui sur les ondes de Mosaique fm alors que le d\u00e9lai de d\u00e9p\u00f4t des recours s\u2019ach\u00e8ve \u00e0 minuit.<\/p>\n<p>\t\t\t\t\t\t\t\t\tLe porte-parole de l&rsquo;Instance sup\u00e9rieure ind\u00e9pendante pour les \u00e9lections (ISIE), Mohamed Tlili Mansri, a indiqu\u00e9 qu\u2019aucun recours concernant les r\u00e9sultats de la pr\u00e9sidentielle n\u2019a pour l\u2019instant \u00e9t\u00e9 d\u00e9pos\u00e9 aupr\u00e8s de la Cour d\u2019appel de Tunis alors que le d\u00e9lai de d\u00e9p\u00f4t des recours s\u2019ach\u00e8ve jeudi 10 octobre \u00e0 minuit.<\/p>\n<p>Si cette situation perdure et qu\u2019aucun recours n\u2019est d\u00e9pos\u00e9 d\u2019ici minuit les r\u00e9sultats pr\u00e9liminaires deviendront d\u00e9finitifs et seront officiellement annonc\u00e9s en fin de semaine.<\/p>\n<p>Rappelons qu\u2019avec l\u2019amendement de la loi \u00e9lectorale, ce n\u2019est plus le tribunal administratif qui a la latitude de traiter les contentieux \u00e9lectoraux. La nouvelle loi \u00e9lectorale les attribue d\u00e9sormais \u00e0 la Cour d\u2019appel de Tunis.<\/p>\n<p>Selon les chiffres annonc\u00e9s par l\u2019ISIE, lundi 7 octobre, Kais Saied a \u00e9t\u00e9 r\u00e9\u00e9lu d\u00e8s le premier tour de la pr\u00e9sidentielle en obtenant 90,69% des suffrages exprim\u00e9s, soit 2.438.954 voix. Ayachi Zammel a obtenu 7,35% des voix (197.551 votes) alors que le troisi\u00e8me candidat Zouheir Maghzaoui a obtenu 1,97% des voix (52.903 votes).<\/p>\n","protected":false},"excerpt":{"rendered":"<p>Le porte-parole de l&rsquo;Instance sup\u00e9rieure ind\u00e9pendante pour les \u00e9lections (ISIE), Mohamed Tlili Mansri, a indiqu\u00e9 qu\u2019aucun recours concernant les r\u00e9sultats de la&#8230;<\/p>\n","protected":false},"author":3162,"featured_media":246371,"comment_status":"open","ping_status":"closed","sticky":false,"template":"","format":"standard","meta":{"footnotes":""},"categories":[44],"tags":[5478,4428,5477,2608],"class_list":["post-216903","post","type-post","status-publish","format-standard","has-post-thumbnail","hentry","category-national","tag-cour-dappel","tag-election-presidentielle","tag-recours","tag-tunisie"],"yoast_head":"<!-- This site is optimized with the Yoast SEO Premium plugin v27.5 (Yoast SEO v27.5) - https:\/\/yoast.com\/product\/yoast-seo-premium-wordpress\/ -->\n<title>Tunisie - Pr\u00e9sidentielle : Aucun recours n\u2019a \u00e9t\u00e9 d\u00e9pos\u00e9 aupr\u00e8s de la Cour d\u2019appel<\/title>\n<meta name=\"description\" content=\"Le porte-parole de l&#039;Instance sup\u00e9rieure ind\u00e9pendante pour les \u00e9lections (ISIE), Mohamed Tlili Mansri, a indiqu\u00e9 qu\u2019aucun recours concernant les r\u00e9sultats de la...\" \/>\n<link rel=\"canonical\" href=\"https:\/\/www.webdo.tn\/fr\/actualite\/national\/tunisie-presidentielle-aucun-recours-n-a-ete-depose-aupres-de-la-cour-d-appel\/216903\/\" \/>\n<meta property=\"og:locale\" content=\"fr_FR\" \/>\n<meta property=\"og:type\" content=\"article\" \/>\n<meta property=\"og:title\" content=\"Tunisie - Pr\u00e9sidentielle : Aucun recours n\u2019a \u00e9t\u00e9 d\u00e9pos\u00e9 aupr\u00e8s de la Cour d\u2019appel\" \/>\n<meta property=\"og:description\" content=\"Le porte-parole de l&#039;Instance sup\u00e9rieure ind\u00e9pendante pour les \u00e9lections (ISIE), Mohamed Tlili Mansri, a indiqu\u00e9 qu\u2019aucun recours concernant les r\u00e9sultats de la...\" \/>\n<meta property=\"og:url\" content=\"https:\/\/www.webdo.tn\/fr\/actualite\/national\/tunisie-presidentielle-aucun-recours-n-a-ete-depose-aupres-de-la-cour-d-appel\/216903\/\" \/>\n<meta property=\"og:site_name\" content=\"webdo\" \/>\n<meta property=\"article:publisher\" content=\"https:\/\/www.facebook.com\/webdotn\" \/>\n<meta property=\"article:published_time\" content=\"2024-10-10T11:19:00+00:00\" \/>\n<meta property=\"article:modified_time\" content=\"2025-05-20T21:48:00+00:00\" \/>\n<meta property=\"og:image\" content=\"https:\/\/www.webdo.tn\/fr\/wp-content\/uploads\/2024\/10\/f24a522a9c999e97a6245b65c14d44a9.webp\" \/>\n\t<meta property=\"og:image:width\" content=\"656\" \/>\n\t<meta property=\"og:image:height\" content=\"350\" \/>\n\t<meta property=\"og:image:type\" content=\"image\/webp\" \/>\n<meta name=\"author\" content=\"MC\" \/>\n<meta name=\"twitter:card\" content=\"summary_large_image\" \/>\n<meta name=\"twitter:creator\" content=\"@webdo_tn\" \/>\n<meta name=\"twitter:site\" content=\"@webdo_tn\" \/>\n<meta name=\"twitter:label1\" content=\"\u00c9crit par\" \/>\n\t<meta name=\"twitter:data1\" content=\"MC\" \/>\n\t<meta name=\"twitter:label2\" content=\"Dur\u00e9e de lecture estim\u00e9e\" \/>\n\t<meta name=\"twitter:data2\" content=\"1 minute\" \/>\n<script type=\"application\/ld+json\" class=\"yoast-schema-graph\">{\"@context\":\"https:\\\/\\\/schema.org\",\"@graph\":[{\"@type\":\"NewsArticle\",\"@id\":\"https:\\\/\\\/www.webdo.tn\\\/fr\\\/actualite\\\/national\\\/tunisie-presidentielle-aucun-recours-n-a-ete-depose-aupres-de-la-cour-d-appel\\\/216903\\\/#article\",\"isPartOf\":{\"@id\":\"https:\\\/\\\/www.webdo.tn\\\/fr\\\/actualite\\\/national\\\/tunisie-presidentielle-aucun-recours-n-a-ete-depose-aupres-de-la-cour-d-appel\\\/216903\\\/\"},\"author\":{\"name\":\"MC\",\"@id\":\"https:\\\/\\\/www.webdo.tn\\\/fr\\\/#\\\/schema\\\/person\\\/2c4929cbf5a809e3bd38617c6ce150f6\"},\"headline\":\"Tunisie &#8211; Pr\u00e9sidentielle : Aucun recours n\u2019a \u00e9t\u00e9 d\u00e9pos\u00e9 aupr\u00e8s de la Cour d\u2019appel\",\"datePublished\":\"2024-10-10T11:19:00+00:00\",\"dateModified\":\"2025-05-20T21:48:00+00:00\",\"mainEntityOfPage\":{\"@id\":\"https:\\\/\\\/www.webdo.tn\\\/fr\\\/actualite\\\/national\\\/tunisie-presidentielle-aucun-recours-n-a-ete-depose-aupres-de-la-cour-d-appel\\\/216903\\\/\"},\"wordCount\":249,\"commentCount\":0,\"publisher\":{\"@id\":\"https:\\\/\\\/www.webdo.tn\\\/fr\\\/#organization\"},\"image\":{\"@id\":\"https:\\\/\\\/www.webdo.tn\\\/fr\\\/actualite\\\/national\\\/tunisie-presidentielle-aucun-recours-n-a-ete-depose-aupres-de-la-cour-d-appel\\\/216903\\\/#primaryimage\"},\"thumbnailUrl\":\"https:\\\/\\\/www.webdo.tn\\\/fr\\\/wp-content\\\/uploads\\\/2024\\\/10\\\/f24a522a9c999e97a6245b65c14d44a9.webp\",\"keywords\":[\"cour d'appel\",\"\u00e9lection pr\u00e9sidentielle\",\"recours\",\"Tunisie\"],\"articleSection\":[\"National\"],\"inLanguage\":\"fr-FR\"},{\"@type\":\"WebPage\",\"@id\":\"https:\\\/\\\/www.webdo.tn\\\/fr\\\/actualite\\\/national\\\/tunisie-presidentielle-aucun-recours-n-a-ete-depose-aupres-de-la-cour-d-appel\\\/216903\\\/\",\"url\":\"https:\\\/\\\/www.webdo.tn\\\/fr\\\/actualite\\\/national\\\/tunisie-presidentielle-aucun-recours-n-a-ete-depose-aupres-de-la-cour-d-appel\\\/216903\\\/\",\"name\":\"Tunisie - Pr\u00e9sidentielle : Aucun recours n\u2019a \u00e9t\u00e9 d\u00e9pos\u00e9 aupr\u00e8s de la Cour d\u2019appel\",\"isPartOf\":{\"@id\":\"https:\\\/\\\/www.webdo.tn\\\/fr\\\/#website\"},\"primaryImageOfPage\":{\"@id\":\"https:\\\/\\\/www.webdo.tn\\\/fr\\\/actualite\\\/national\\\/tunisie-presidentielle-aucun-recours-n-a-ete-depose-aupres-de-la-cour-d-appel\\\/216903\\\/#primaryimage\"},\"image\":{\"@id\":\"https:\\\/\\\/www.webdo.tn\\\/fr\\\/actualite\\\/national\\\/tunisie-presidentielle-aucun-recours-n-a-ete-depose-aupres-de-la-cour-d-appel\\\/216903\\\/#primaryimage\"},\"thumbnailUrl\":\"https:\\\/\\\/www.webdo.tn\\\/fr\\\/wp-content\\\/uploads\\\/2024\\\/10\\\/f24a522a9c999e97a6245b65c14d44a9.webp\",\"datePublished\":\"2024-10-10T11:19:00+00:00\",\"dateModified\":\"2025-05-20T21:48:00+00:00\",\"description\":\"Le porte-parole de l'Instance sup\u00e9rieure ind\u00e9pendante pour les \u00e9lections (ISIE), Mohamed Tlili Mansri, a indiqu\u00e9 qu\u2019aucun recours concernant les r\u00e9sultats de la...\",\"breadcrumb\":{\"@id\":\"https:\\\/\\\/www.webdo.tn\\\/fr\\\/actualite\\\/national\\\/tunisie-presidentielle-aucun-recours-n-a-ete-depose-aupres-de-la-cour-d-appel\\\/216903\\\/#breadcrumb\"},\"inLanguage\":\"fr-FR\",\"potentialAction\":[{\"@type\":\"ReadAction\",\"target\":[\"https:\\\/\\\/www.webdo.tn\\\/fr\\\/actualite\\\/national\\\/tunisie-presidentielle-aucun-recours-n-a-ete-depose-aupres-de-la-cour-d-appel\\\/216903\\\/\"]}]},{\"@type\":\"ImageObject\",\"inLanguage\":\"fr-FR\",\"@id\":\"https:\\\/\\\/www.webdo.tn\\\/fr\\\/actualite\\\/national\\\/tunisie-presidentielle-aucun-recours-n-a-ete-depose-aupres-de-la-cour-d-appel\\\/216903\\\/#primaryimage\",\"url\":\"https:\\\/\\\/www.webdo.tn\\\/fr\\\/wp-content\\\/uploads\\\/2024\\\/10\\\/f24a522a9c999e97a6245b65c14d44a9.webp\",\"contentUrl\":\"https:\\\/\\\/www.webdo.tn\\\/fr\\\/wp-content\\\/uploads\\\/2024\\\/10\\\/f24a522a9c999e97a6245b65c14d44a9.webp\",\"width\":656,\"height\":350,\"caption\":\"Tunisie - Pr\u00e9sidentielle : Aucun recours n\u2019a \u00e9t\u00e9 d\u00e9pos\u00e9 aupr\u00e8s de la Cour d\u2019appel\"},{\"@type\":\"BreadcrumbList\",\"@id\":\"https:\\\/\\\/www.webdo.tn\\\/fr\\\/actualite\\\/national\\\/tunisie-presidentielle-aucun-recours-n-a-ete-depose-aupres-de-la-cour-d-appel\\\/216903\\\/#breadcrumb\",\"itemListElement\":[{\"@type\":\"ListItem\",\"position\":1,\"name\":\"Accueil\",\"item\":\"https:\\\/\\\/www.webdo.tn\\\/fr\\\/\"},{\"@type\":\"ListItem\",\"position\":2,\"name\":\"Tunisie &#8211; Pr\u00e9sidentielle : Aucun recours n\u2019a \u00e9t\u00e9 d\u00e9pos\u00e9 aupr\u00e8s de la Cour d\u2019appel\"}]},{\"@type\":\"WebSite\",\"@id\":\"https:\\\/\\\/www.webdo.tn\\\/fr\\\/#website\",\"url\":\"https:\\\/\\\/www.webdo.tn\\\/fr\\\/\",\"name\":\"webdo\",\"description\":\"Tunisie - News en Tunisie et \u00e0 l&#039;international sur Webdo.tn\",\"publisher\":{\"@id\":\"https:\\\/\\\/www.webdo.tn\\\/fr\\\/#organization\"},\"potentialAction\":[{\"@type\":\"SearchAction\",\"target\":{\"@type\":\"EntryPoint\",\"urlTemplate\":\"https:\\\/\\\/www.webdo.tn\\\/fr\\\/?s={search_term_string}\"},\"query-input\":{\"@type\":\"PropertyValueSpecification\",\"valueRequired\":true,\"valueName\":\"search_term_string\"}}],\"inLanguage\":\"fr-FR\"},{\"@type\":\"Organization\",\"@id\":\"https:\\\/\\\/www.webdo.tn\\\/fr\\\/#organization\",\"name\":\"Webdo\",\"alternateName\":\"Webdo.tn\",\"url\":\"https:\\\/\\\/www.webdo.tn\\\/fr\\\/\",\"logo\":{\"@type\":\"ImageObject\",\"inLanguage\":\"fr-FR\",\"@id\":\"https:\\\/\\\/www.webdo.tn\\\/fr\\\/#\\\/schema\\\/logo\\\/image\\\/\",\"url\":\"https:\\\/\\\/www.webdo.tn\\\/fr\\\/wp-content\\\/uploads\\\/2025\\\/06\\\/Webdo-Tunisie_168377.jpg\",\"contentUrl\":\"https:\\\/\\\/www.webdo.tn\\\/fr\\\/wp-content\\\/uploads\\\/2025\\\/06\\\/Webdo-Tunisie_168377.jpg\",\"width\":301,\"height\":301,\"caption\":\"Webdo\"},\"image\":{\"@id\":\"https:\\\/\\\/www.webdo.tn\\\/fr\\\/#\\\/schema\\\/logo\\\/image\\\/\"},\"sameAs\":[\"https:\\\/\\\/www.facebook.com\\\/webdotn\",\"https:\\\/\\\/x.com\\\/webdo_tn\"],\"description\":\"Webdo est un m\u00e9dia num\u00e9rique tunisien fond\u00e9 en 2010, sp\u00e9cialis\u00e9 dans l\u2019actualit\u00e9 nationale et internationale, l\u2019\u00e9conomie, la soci\u00e9t\u00e9 et les analyses politiques. Le site s\u2019adresse \u00e0 un large public francophone et couvre l\u2019information tunisienne en temps r\u00e9el.\",\"email\":\"redac@webdo.tn\",\"legalName\":\"YNJ SARL\",\"foundingDate\":\"2010-09-06\",\"numberOfEmployees\":{\"@type\":\"QuantitativeValue\",\"minValue\":\"11\",\"maxValue\":\"50\"}},{\"@type\":\"Person\",\"@id\":\"https:\\\/\\\/www.webdo.tn\\\/fr\\\/#\\\/schema\\\/person\\\/2c4929cbf5a809e3bd38617c6ce150f6\",\"name\":\"MC\",\"image\":{\"@type\":\"ImageObject\",\"inLanguage\":\"fr-FR\",\"@id\":\"https:\\\/\\\/secure.gravatar.com\\\/avatar\\\/a545bbb6f84efdd5553dbbc2895e3ca8f1d12c5215e00a041c9670b54aa9b18a?s=96&d=mm&r=g\",\"url\":\"https:\\\/\\\/secure.gravatar.com\\\/avatar\\\/a545bbb6f84efdd5553dbbc2895e3ca8f1d12c5215e00a041c9670b54aa9b18a?s=96&d=mm&r=g\",\"contentUrl\":\"https:\\\/\\\/secure.gravatar.com\\\/avatar\\\/a545bbb6f84efdd5553dbbc2895e3ca8f1d12c5215e00a041c9670b54aa9b18a?s=96&d=mm&r=g\",\"caption\":\"MC\"},\"url\":\"https:\\\/\\\/www.webdo.tn\\\/fr\\\/actualite\\\/author\\\/mc\\\/\"}]}<\/script>\n<!-- \/ Yoast SEO Premium plugin. -->","yoast_head_json":{"title":"Tunisie - Pr\u00e9sidentielle : Aucun recours n\u2019a \u00e9t\u00e9 d\u00e9pos\u00e9 aupr\u00e8s de la Cour d\u2019appel","description":"Le porte-parole de l'Instance sup\u00e9rieure ind\u00e9pendante pour les \u00e9lections (ISIE), Mohamed Tlili Mansri, a indiqu\u00e9 qu\u2019aucun recours concernant les r\u00e9sultats de la...","canonical":"https:\/\/www.webdo.tn\/fr\/actualite\/national\/tunisie-presidentielle-aucun-recours-n-a-ete-depose-aupres-de-la-cour-d-appel\/216903\/","og_locale":"fr_FR","og_type":"article","og_title":"Tunisie - Pr\u00e9sidentielle : Aucun recours n\u2019a \u00e9t\u00e9 d\u00e9pos\u00e9 aupr\u00e8s de la Cour d\u2019appel","og_description":"Le porte-parole de l'Instance sup\u00e9rieure ind\u00e9pendante pour les \u00e9lections (ISIE), Mohamed Tlili Mansri, a indiqu\u00e9 qu\u2019aucun recours concernant les r\u00e9sultats de la...","og_url":"https:\/\/www.webdo.tn\/fr\/actualite\/national\/tunisie-presidentielle-aucun-recours-n-a-ete-depose-aupres-de-la-cour-d-appel\/216903\/","og_site_name":"webdo","article_publisher":"https:\/\/www.facebook.com\/webdotn","article_published_time":"2024-10-10T11:19:00+00:00","article_modified_time":"2025-05-20T21:48:00+00:00","og_image":[{"width":656,"height":350,"url":"https:\/\/www.webdo.tn\/fr\/wp-content\/uploads\/2024\/10\/f24a522a9c999e97a6245b65c14d44a9.webp","type":"image\/webp"}],"author":"MC","twitter_card":"summary_large_image","twitter_creator":"@webdo_tn","twitter_site":"@webdo_tn","twitter_misc":{"\u00c9crit par":"MC","Dur\u00e9e de lecture estim\u00e9e":"1 minute"},"schema":{"@context":"https:\/\/schema.org","@graph":[{"@type":"NewsArticle","@id":"https:\/\/www.webdo.tn\/fr\/actualite\/national\/tunisie-presidentielle-aucun-recours-n-a-ete-depose-aupres-de-la-cour-d-appel\/216903\/#article","isPartOf":{"@id":"https:\/\/www.webdo.tn\/fr\/actualite\/national\/tunisie-presidentielle-aucun-recours-n-a-ete-depose-aupres-de-la-cour-d-appel\/216903\/"},"author":{"name":"MC","@id":"https:\/\/www.webdo.tn\/fr\/#\/schema\/person\/2c4929cbf5a809e3bd38617c6ce150f6"},"headline":"Tunisie &#8211; Pr\u00e9sidentielle : Aucun recours n\u2019a \u00e9t\u00e9 d\u00e9pos\u00e9 aupr\u00e8s de la Cour d\u2019appel","datePublished":"2024-10-10T11:19:00+00:00","dateModified":"2025-05-20T21:48:00+00:00","mainEntityOfPage":{"@id":"https:\/\/www.webdo.tn\/fr\/actualite\/national\/tunisie-presidentielle-aucun-recours-n-a-ete-depose-aupres-de-la-cour-d-appel\/216903\/"},"wordCount":249,"commentCount":0,"publisher":{"@id":"https:\/\/www.webdo.tn\/fr\/#organization"},"image":{"@id":"https:\/\/www.webdo.tn\/fr\/actualite\/national\/tunisie-presidentielle-aucun-recours-n-a-ete-depose-aupres-de-la-cour-d-appel\/216903\/#primaryimage"},"thumbnailUrl":"https:\/\/www.webdo.tn\/fr\/wp-content\/uploads\/2024\/10\/f24a522a9c999e97a6245b65c14d44a9.webp","keywords":["cour d'appel","\u00e9lection pr\u00e9sidentielle","recours","Tunisie"],"articleSection":["National"],"inLanguage":"fr-FR"},{"@type":"WebPage","@id":"https:\/\/www.webdo.tn\/fr\/actualite\/national\/tunisie-presidentielle-aucun-recours-n-a-ete-depose-aupres-de-la-cour-d-appel\/216903\/","url":"https:\/\/www.webdo.tn\/fr\/actualite\/national\/tunisie-presidentielle-aucun-recours-n-a-ete-depose-aupres-de-la-cour-d-appel\/216903\/","name":"Tunisie - Pr\u00e9sidentielle : Aucun recours n\u2019a \u00e9t\u00e9 d\u00e9pos\u00e9 aupr\u00e8s de la Cour d\u2019appel","isPartOf":{"@id":"https:\/\/www.webdo.tn\/fr\/#website"},"primaryImageOfPage":{"@id":"https:\/\/www.webdo.tn\/fr\/actualite\/national\/tunisie-presidentielle-aucun-recours-n-a-ete-depose-aupres-de-la-cour-d-appel\/216903\/#primaryimage"},"image":{"@id":"https:\/\/www.webdo.tn\/fr\/actualite\/national\/tunisie-presidentielle-aucun-recours-n-a-ete-depose-aupres-de-la-cour-d-appel\/216903\/#primaryimage"},"thumbnailUrl":"https:\/\/www.webdo.tn\/fr\/wp-content\/uploads\/2024\/10\/f24a522a9c999e97a6245b65c14d44a9.webp","datePublished":"2024-10-10T11:19:00+00:00","dateModified":"2025-05-20T21:48:00+00:00","description":"Le porte-parole de l'Instance sup\u00e9rieure ind\u00e9pendante pour les \u00e9lections (ISIE), Mohamed Tlili Mansri, a indiqu\u00e9 qu\u2019aucun recours concernant les r\u00e9sultats de la...","breadcrumb":{"@id":"https:\/\/www.webdo.tn\/fr\/actualite\/national\/tunisie-presidentielle-aucun-recours-n-a-ete-depose-aupres-de-la-cour-d-appel\/216903\/#breadcrumb"},"inLanguage":"fr-FR","potentialAction":[{"@type":"ReadAction","target":["https:\/\/www.webdo.tn\/fr\/actualite\/national\/tunisie-presidentielle-aucun-recours-n-a-ete-depose-aupres-de-la-cour-d-appel\/216903\/"]}]},{"@type":"ImageObject","inLanguage":"fr-FR","@id":"https:\/\/www.webdo.tn\/fr\/actualite\/national\/tunisie-presidentielle-aucun-recours-n-a-ete-depose-aupres-de-la-cour-d-appel\/216903\/#primaryimage","url":"https:\/\/www.webdo.tn\/fr\/wp-content\/uploads\/2024\/10\/f24a522a9c999e97a6245b65c14d44a9.webp","contentUrl":"https:\/\/www.webdo.tn\/fr\/wp-content\/uploads\/2024\/10\/f24a522a9c999e97a6245b65c14d44a9.webp","width":656,"height":350,"caption":"Tunisie - Pr\u00e9sidentielle : Aucun recours n\u2019a \u00e9t\u00e9 d\u00e9pos\u00e9 aupr\u00e8s de la Cour d\u2019appel"},{"@type":"BreadcrumbList","@id":"https:\/\/www.webdo.tn\/fr\/actualite\/national\/tunisie-presidentielle-aucun-recours-n-a-ete-depose-aupres-de-la-cour-d-appel\/216903\/#breadcrumb","itemListElement":[{"@type":"ListItem","position":1,"name":"Accueil","item":"https:\/\/www.webdo.tn\/fr\/"},{"@type":"ListItem","position":2,"name":"Tunisie &#8211; Pr\u00e9sidentielle : Aucun recours n\u2019a \u00e9t\u00e9 d\u00e9pos\u00e9 aupr\u00e8s de la Cour d\u2019appel"}]},{"@type":"WebSite","@id":"https:\/\/www.webdo.tn\/fr\/#website","url":"https:\/\/www.webdo.tn\/fr\/","name":"webdo","description":"Tunisie - News en Tunisie et \u00e0 l&#039;international sur Webdo.tn","publisher":{"@id":"https:\/\/www.webdo.tn\/fr\/#organization"},"potentialAction":[{"@type":"SearchAction","target":{"@type":"EntryPoint","urlTemplate":"https:\/\/www.webdo.tn\/fr\/?s={search_term_string}"},"query-input":{"@type":"PropertyValueSpecification","valueRequired":true,"valueName":"search_term_string"}}],"inLanguage":"fr-FR"},{"@type":"Organization","@id":"https:\/\/www.webdo.tn\/fr\/#organization","name":"Webdo","alternateName":"Webdo.tn","url":"https:\/\/www.webdo.tn\/fr\/","logo":{"@type":"ImageObject","inLanguage":"fr-FR","@id":"https:\/\/www.webdo.tn\/fr\/#\/schema\/logo\/image\/","url":"https:\/\/www.webdo.tn\/fr\/wp-content\/uploads\/2025\/06\/Webdo-Tunisie_168377.jpg","contentUrl":"https:\/\/www.webdo.tn\/fr\/wp-content\/uploads\/2025\/06\/Webdo-Tunisie_168377.jpg","width":301,"height":301,"caption":"Webdo"},"image":{"@id":"https:\/\/www.webdo.tn\/fr\/#\/schema\/logo\/image\/"},"sameAs":["https:\/\/www.facebook.com\/webdotn","https:\/\/x.com\/webdo_tn"],"description":"Webdo est un m\u00e9dia num\u00e9rique tunisien fond\u00e9 en 2010, sp\u00e9cialis\u00e9 dans l\u2019actualit\u00e9 nationale et internationale, l\u2019\u00e9conomie, la soci\u00e9t\u00e9 et les analyses politiques. Le site s\u2019adresse \u00e0 un large public francophone et couvre l\u2019information tunisienne en temps r\u00e9el.","email":"redac@webdo.tn","legalName":"YNJ SARL","foundingDate":"2010-09-06","numberOfEmployees":{"@type":"QuantitativeValue","minValue":"11","maxValue":"50"}},{"@type":"Person","@id":"https:\/\/www.webdo.tn\/fr\/#\/schema\/person\/2c4929cbf5a809e3bd38617c6ce150f6","name":"MC","image":{"@type":"ImageObject","inLanguage":"fr-FR","@id":"https:\/\/secure.gravatar.com\/avatar\/a545bbb6f84efdd5553dbbc2895e3ca8f1d12c5215e00a041c9670b54aa9b18a?s=96&d=mm&r=g","url":"https:\/\/secure.gravatar.com\/avatar\/a545bbb6f84efdd5553dbbc2895e3ca8f1d12c5215e00a041c9670b54aa9b18a?s=96&d=mm&r=g","contentUrl":"https:\/\/secure.gravatar.com\/avatar\/a545bbb6f84efdd5553dbbc2895e3ca8f1d12c5215e00a041c9670b54aa9b18a?s=96&d=mm&r=g","caption":"MC"},"url":"https:\/\/www.webdo.tn\/fr\/actualite\/author\/mc\/"}]}},"_links":{"self":[{"href":"https:\/\/www.webdo.tn\/fr\/wp-json\/wp\/v2\/posts\/216903","targetHints":{"allow":["GET"]}}],"collection":[{"href":"https:\/\/www.webdo.tn\/fr\/wp-json\/wp\/v2\/posts"}],"about":[{"href":"https:\/\/www.webdo.tn\/fr\/wp-json\/wp\/v2\/types\/post"}],"author":[{"embeddable":true,"href":"https:\/\/www.webdo.tn\/fr\/wp-json\/wp\/v2\/users\/3162"}],"replies":[{"embeddable":true,"href":"https:\/\/www.webdo.tn\/fr\/wp-json\/wp\/v2\/comments?post=216903"}],"version-history":[{"count":0,"href":"https:\/\/www.webdo.tn\/fr\/wp-json\/wp\/v2\/posts\/216903\/revisions"}],"wp:featuredmedia":[{"embeddable":true,"href":"https:\/\/www.webdo.tn\/fr\/wp-json\/wp\/v2\/media\/246371"}],"wp:attachment":[{"href":"https:\/\/www.webdo.tn\/fr\/wp-json\/wp\/v2\/media?parent=216903"}],"wp:term":[{"taxonomy":"category","embeddable":true,"href":"https:\/\/www.webdo.tn\/fr\/wp-json\/wp\/v2\/categories?post=216903"},{"taxonomy":"post_tag","embeddable":true,"href":"https:\/\/www.webdo.tn\/fr\/wp-json\/wp\/v2\/tags?post=216903"}],"curies":[{"name":"wp","href":"https:\/\/api.w.org\/{rel}","templated":true}]}}