{"id":216901,"date":"2024-10-10T10:35:00","date_gmt":"2024-10-10T10:35:00","guid":{"rendered":"https:\/\/www.webdo.tn\/fr\/blog\/biden-deconseille-a-netanyahu-le-bombardement-des-champs-petroliers-iraniens\/216901\/"},"modified":"2025-05-17T20:22:37","modified_gmt":"2025-05-17T20:22:37","slug":"biden-deconseille-a-netanyahu-le-bombardement-des-champs-petroliers-iraniens","status":"publish","type":"post","link":"https:\/\/www.webdo.tn\/fr\/actualite\/international\/biden-deconseille-a-netanyahu-le-bombardement-des-champs-petroliers-iraniens\/216901\/","title":{"rendered":"Biden d\u00e9conseille \u00e0 Netanyahu le bombardement des champs p\u00e9troliers iraniens"},"content":{"rendered":"<p>Dans un contexte de tensions croissantes au Moyen-Orient, le pr\u00e9sident am\u00e9ricain Joe Biden a clairement exprim\u00e9 son opposition \u00e0 une \u00e9ventuelle frappe isra\u00e9lienne sur les champs p\u00e9troliers iraniens, lors d&rsquo;un entretien t\u00e9l\u00e9phonique avec le Premier ministre Benjamin Netanyahu ce mercredi.<\/p>\n<p>\t\t\t\t\t\t\t\t\t\u00ab\u00a0Si j&rsquo;\u00e9tais \u00e0 leur place, je r\u00e9fl\u00e9chirais \u00e0 d&rsquo;autres alternatives que de frapper les champs p\u00e9troliers iraniens\u00a0\u00bb, a d\u00e9clar\u00e9 Biden aux journalistes vendredi dernier, une position qu&rsquo;il a r\u00e9it\u00e9r\u00e9e lors de cet appel de 30 minutes avec Netanyahu. Cette mise en garde intervient alors qu&rsquo;Isra\u00ebl envisage des repr\u00e9sailles suite \u00e0 l&rsquo;attaque iranienne du 1er octobre dernier.<\/p>\n<p>La position am\u00e9ricaine refl\u00e8te des pr\u00e9occupations \u00e9conomiques majeures : une attaque contre les installations p\u00e9troli\u00e8res iraniennes pourrait provoquer une flamb\u00e9e des prix du p\u00e9trole \u00e0 l&rsquo;\u00e9chelle mondiale. Cette perspective inqui\u00e8te particuli\u00e8rement l&rsquo;administration Biden \u00e0 l&rsquo;approche de l&rsquo;\u00e9lection pr\u00e9sidentielle du 5 novembre, o\u00f9 Kamala Harris, pr\u00e9sente lors de l&rsquo;appel, sera candidate \u00e0 la succession de Biden.<\/p>\n<p>L&rsquo;\u00e9change entre les deux dirigeants, leur premier contact officiel depuis ao\u00fbt, s&rsquo;est d\u00e9roul\u00e9 dans un climat tendu. Si Biden a r\u00e9affirm\u00e9 son \u00ab\u00a0soutien ind\u00e9fectible\u00a0\u00bb \u00e0 la s\u00e9curit\u00e9 d&rsquo;Isra\u00ebl et \u00ab\u00a0condamn\u00e9 sans \u00e9quivoque\u00a0\u00bb l&rsquo;attaque iranienne, il a \u00e9galement pos\u00e9 des limites claires.<\/p>\n<p>Au-del\u00e0 de son opposition au bombardement des champs p\u00e9troliers, le pr\u00e9sident am\u00e9ricain a \u00e9galement r\u00e9pondu \u00ab\u00a0non\u00a0\u00bb lorsqu&rsquo;on lui a demand\u00e9 s&rsquo;il soutiendrait une frappe isra\u00e9lienne contre les installations nucl\u00e9aires iraniennes.<\/p>\n<p>Cette position nuanc\u00e9e s&rsquo;inscrit dans un contexte r\u00e9gional complexe. L&rsquo;Iran avait justifi\u00e9 son attaque du 1er octobre comme une r\u00e9ponse \u00e0 l&rsquo;\u00e9limination de plusieurs figures majeures : le chef du Hamas Ismail Haniyeh \u00e0 T\u00e9h\u00e9ran, le leader du Hezbollah Hassan Nasrallah et un g\u00e9n\u00e9ral iranien \u00e0 Beyrouth.<\/p>\n<p>Le soutien am\u00e9ricain \u00e0 Isra\u00ebl reste n\u00e9anmoins cons\u00e9quent, avec une aide militaire annuelle de 3,8 milliards de dollars, augment\u00e9e r\u00e9cemment de 14 milliards suppl\u00e9mentaires. Cependant, Washington cherche visiblement \u00e0 \u00e9viter une escalade r\u00e9gionale qui pourrait d\u00e9stabiliser davantage le Moyen-Orient et l&rsquo;\u00e9conomie mondiale.<\/p>\n<p>La situation reste \u00e9galement critique sur d&rsquo;autres fronts. Au Liban, plus de 2.000 personnes ont p\u00e9ri et un million ont \u00e9t\u00e9 d\u00e9plac\u00e9es suite aux op\u00e9rations militaires isra\u00e9liennes. \u00c0 Gaza, le bilan d\u00e9passe les 42.000 victimes palestiniennes, poussant les \u00c9tats-Unis \u00e0 insister sur le respect du droit humanitaire international.<\/p>\n<p>Le porte-parole du D\u00e9partement d&rsquo;\u00c9tat, Matthew Miller, a soulign\u00e9 que \u00ab\u00a0les Isra\u00e9liens n&rsquo;ont pas encore d\u00e9cid\u00e9 de leur action. C&rsquo;est en discussion.\u00a0\u00bb Cette d\u00e9claration sugg\u00e8re que les \u00c9tats-Unis tentent activement d&rsquo;influencer la r\u00e9ponse isra\u00e9lienne pour \u00e9viter une nouvelle escalade r\u00e9gionale aux cons\u00e9quences potentiellement d\u00e9sastreuses.<\/p>\n","protected":false},"excerpt":{"rendered":"<p>Biden r\u00e9affirme son soutien \u00e0 Isra\u00ebl tout en d\u00e9conseillant \u00e0 Netanyahu le bombardement des champs p\u00e9troliers iraniens. D\u00e9couvrez comment les tensions au Moyen-O&#8230;<\/p>\n","protected":false},"author":3203,"featured_media":246372,"comment_status":"open","ping_status":"closed","sticky":false,"template":"","format":"standard","meta":{"footnotes":""},"categories":[2598],"tags":[4874,5480,2912,2636,5479],"class_list":["post-216901","post","type-post","status-publish","format-standard","has-post-thumbnail","hentry","category-international","tag-biden","tag-conflit-au-moyen-orient","tag-iran","tag-israel","tag-netanyahu"],"yoast_head":"<!-- This site is optimized with the Yoast SEO Premium plugin v27.5 (Yoast SEO v27.5) - https:\/\/yoast.com\/product\/yoast-seo-premium-wordpress\/ -->\n<title>Biden d\u00e9conseille \u00e0 Netanyahu le bombardement des champs p\u00e9troliers iraniens<\/title>\n<meta name=\"description\" content=\"Biden r\u00e9affirme son soutien \u00e0 Isra\u00ebl tout en d\u00e9conseillant \u00e0 Netanyahu le bombardement des champs p\u00e9troliers iraniens. D\u00e9couvrez comment les tensions au Moyen-O...\" \/>\n<link rel=\"canonical\" href=\"https:\/\/www.webdo.tn\/fr\/actualite\/international\/biden-deconseille-a-netanyahu-le-bombardement-des-champs-petroliers-iraniens\/216901\/\" \/>\n<meta property=\"og:locale\" content=\"fr_FR\" \/>\n<meta property=\"og:type\" content=\"article\" \/>\n<meta property=\"og:title\" content=\"Biden d\u00e9conseille \u00e0 Netanyahu le bombardement des champs p\u00e9troliers iraniens\" \/>\n<meta property=\"og:description\" content=\"Biden r\u00e9affirme son soutien \u00e0 Isra\u00ebl tout en d\u00e9conseillant \u00e0 Netanyahu le bombardement des champs p\u00e9troliers iraniens. D\u00e9couvrez comment les tensions au Moyen-O...\" \/>\n<meta property=\"og:url\" content=\"https:\/\/www.webdo.tn\/fr\/actualite\/international\/biden-deconseille-a-netanyahu-le-bombardement-des-champs-petroliers-iraniens\/216901\/\" \/>\n<meta property=\"og:site_name\" content=\"webdo\" \/>\n<meta property=\"article:publisher\" content=\"https:\/\/www.facebook.com\/webdotn\" \/>\n<meta property=\"article:published_time\" content=\"2024-10-10T10:35:00+00:00\" \/>\n<meta property=\"article:modified_time\" content=\"2025-05-17T20:22:37+00:00\" \/>\n<meta property=\"og:image\" content=\"https:\/\/www.webdo.tn\/fr\/wp-content\/uploads\/2024\/10\/312ef7e46ad0744e4e6856c252beca7f.webp\" \/>\n\t<meta property=\"og:image:width\" content=\"750\" \/>\n\t<meta property=\"og:image:height\" content=\"400\" \/>\n\t<meta property=\"og:image:type\" content=\"image\/webp\" \/>\n<meta name=\"author\" content=\"Ramzi Haddad\" \/>\n<meta name=\"twitter:card\" content=\"summary_large_image\" \/>\n<meta name=\"twitter:creator\" content=\"@webdo_tn\" \/>\n<meta name=\"twitter:site\" content=\"@webdo_tn\" \/>\n<meta name=\"twitter:label1\" content=\"\u00c9crit par\" \/>\n\t<meta name=\"twitter:data1\" content=\"Ramzi Haddad\" \/>\n\t<meta name=\"twitter:label2\" content=\"Dur\u00e9e de lecture estim\u00e9e\" \/>\n\t<meta name=\"twitter:data2\" content=\"2 minutes\" \/>\n<script type=\"application\/ld+json\" class=\"yoast-schema-graph\">{\"@context\":\"https:\\\/\\\/schema.org\",\"@graph\":[{\"@type\":\"NewsArticle\",\"@id\":\"https:\\\/\\\/www.webdo.tn\\\/fr\\\/actualite\\\/international\\\/biden-deconseille-a-netanyahu-le-bombardement-des-champs-petroliers-iraniens\\\/216901\\\/#article\",\"isPartOf\":{\"@id\":\"https:\\\/\\\/www.webdo.tn\\\/fr\\\/actualite\\\/international\\\/biden-deconseille-a-netanyahu-le-bombardement-des-champs-petroliers-iraniens\\\/216901\\\/\"},\"author\":{\"name\":\"Ramzi Haddad\",\"@id\":\"https:\\\/\\\/www.webdo.tn\\\/fr\\\/#\\\/schema\\\/person\\\/5663044c25eb36d8f88ba5b653f12f8c\"},\"headline\":\"Biden d\u00e9conseille \u00e0 Netanyahu le bombardement des champs p\u00e9troliers iraniens\",\"datePublished\":\"2024-10-10T10:35:00+00:00\",\"dateModified\":\"2025-05-17T20:22:37+00:00\",\"mainEntityOfPage\":{\"@id\":\"https:\\\/\\\/www.webdo.tn\\\/fr\\\/actualite\\\/international\\\/biden-deconseille-a-netanyahu-le-bombardement-des-champs-petroliers-iraniens\\\/216901\\\/\"},\"wordCount\":487,\"commentCount\":0,\"publisher\":{\"@id\":\"https:\\\/\\\/www.webdo.tn\\\/fr\\\/#organization\"},\"image\":{\"@id\":\"https:\\\/\\\/www.webdo.tn\\\/fr\\\/actualite\\\/international\\\/biden-deconseille-a-netanyahu-le-bombardement-des-champs-petroliers-iraniens\\\/216901\\\/#primaryimage\"},\"thumbnailUrl\":\"https:\\\/\\\/www.webdo.tn\\\/fr\\\/wp-content\\\/uploads\\\/2024\\\/10\\\/312ef7e46ad0744e4e6856c252beca7f.webp\",\"keywords\":[\"Biden\",\"Conflit au Moyen-Orient\",\"Iran\",\"isra\u00ebl\",\"Netanyahu\"],\"articleSection\":[\"International\"],\"inLanguage\":\"fr-FR\"},{\"@type\":\"WebPage\",\"@id\":\"https:\\\/\\\/www.webdo.tn\\\/fr\\\/actualite\\\/international\\\/biden-deconseille-a-netanyahu-le-bombardement-des-champs-petroliers-iraniens\\\/216901\\\/\",\"url\":\"https:\\\/\\\/www.webdo.tn\\\/fr\\\/actualite\\\/international\\\/biden-deconseille-a-netanyahu-le-bombardement-des-champs-petroliers-iraniens\\\/216901\\\/\",\"name\":\"Biden d\u00e9conseille \u00e0 Netanyahu le bombardement des champs p\u00e9troliers iraniens\",\"isPartOf\":{\"@id\":\"https:\\\/\\\/www.webdo.tn\\\/fr\\\/#website\"},\"primaryImageOfPage\":{\"@id\":\"https:\\\/\\\/www.webdo.tn\\\/fr\\\/actualite\\\/international\\\/biden-deconseille-a-netanyahu-le-bombardement-des-champs-petroliers-iraniens\\\/216901\\\/#primaryimage\"},\"image\":{\"@id\":\"https:\\\/\\\/www.webdo.tn\\\/fr\\\/actualite\\\/international\\\/biden-deconseille-a-netanyahu-le-bombardement-des-champs-petroliers-iraniens\\\/216901\\\/#primaryimage\"},\"thumbnailUrl\":\"https:\\\/\\\/www.webdo.tn\\\/fr\\\/wp-content\\\/uploads\\\/2024\\\/10\\\/312ef7e46ad0744e4e6856c252beca7f.webp\",\"datePublished\":\"2024-10-10T10:35:00+00:00\",\"dateModified\":\"2025-05-17T20:22:37+00:00\",\"description\":\"Biden r\u00e9affirme son soutien \u00e0 Isra\u00ebl tout en d\u00e9conseillant \u00e0 Netanyahu le bombardement des champs p\u00e9troliers iraniens. D\u00e9couvrez comment les tensions au Moyen-O...\",\"breadcrumb\":{\"@id\":\"https:\\\/\\\/www.webdo.tn\\\/fr\\\/actualite\\\/international\\\/biden-deconseille-a-netanyahu-le-bombardement-des-champs-petroliers-iraniens\\\/216901\\\/#breadcrumb\"},\"inLanguage\":\"fr-FR\",\"potentialAction\":[{\"@type\":\"ReadAction\",\"target\":[\"https:\\\/\\\/www.webdo.tn\\\/fr\\\/actualite\\\/international\\\/biden-deconseille-a-netanyahu-le-bombardement-des-champs-petroliers-iraniens\\\/216901\\\/\"]}]},{\"@type\":\"ImageObject\",\"inLanguage\":\"fr-FR\",\"@id\":\"https:\\\/\\\/www.webdo.tn\\\/fr\\\/actualite\\\/international\\\/biden-deconseille-a-netanyahu-le-bombardement-des-champs-petroliers-iraniens\\\/216901\\\/#primaryimage\",\"url\":\"https:\\\/\\\/www.webdo.tn\\\/fr\\\/wp-content\\\/uploads\\\/2024\\\/10\\\/312ef7e46ad0744e4e6856c252beca7f.webp\",\"contentUrl\":\"https:\\\/\\\/www.webdo.tn\\\/fr\\\/wp-content\\\/uploads\\\/2024\\\/10\\\/312ef7e46ad0744e4e6856c252beca7f.webp\",\"width\":750,\"height\":400,\"caption\":\"Biden d\u00e9conseille \u00e0 Netanyahu le bombardement des champs p\u00e9troliers iraniens\"},{\"@type\":\"BreadcrumbList\",\"@id\":\"https:\\\/\\\/www.webdo.tn\\\/fr\\\/actualite\\\/international\\\/biden-deconseille-a-netanyahu-le-bombardement-des-champs-petroliers-iraniens\\\/216901\\\/#breadcrumb\",\"itemListElement\":[{\"@type\":\"ListItem\",\"position\":1,\"name\":\"Accueil\",\"item\":\"https:\\\/\\\/www.webdo.tn\\\/fr\\\/\"},{\"@type\":\"ListItem\",\"position\":2,\"name\":\"Biden d\u00e9conseille \u00e0 Netanyahu le bombardement des champs p\u00e9troliers iraniens\"}]},{\"@type\":\"WebSite\",\"@id\":\"https:\\\/\\\/www.webdo.tn\\\/fr\\\/#website\",\"url\":\"https:\\\/\\\/www.webdo.tn\\\/fr\\\/\",\"name\":\"webdo\",\"description\":\"Tunisie - News en Tunisie et \u00e0 l&#039;international sur Webdo.tn\",\"publisher\":{\"@id\":\"https:\\\/\\\/www.webdo.tn\\\/fr\\\/#organization\"},\"potentialAction\":[{\"@type\":\"SearchAction\",\"target\":{\"@type\":\"EntryPoint\",\"urlTemplate\":\"https:\\\/\\\/www.webdo.tn\\\/fr\\\/?s={search_term_string}\"},\"query-input\":{\"@type\":\"PropertyValueSpecification\",\"valueRequired\":true,\"valueName\":\"search_term_string\"}}],\"inLanguage\":\"fr-FR\"},{\"@type\":\"Organization\",\"@id\":\"https:\\\/\\\/www.webdo.tn\\\/fr\\\/#organization\",\"name\":\"Webdo\",\"alternateName\":\"Webdo.tn\",\"url\":\"https:\\\/\\\/www.webdo.tn\\\/fr\\\/\",\"logo\":{\"@type\":\"ImageObject\",\"inLanguage\":\"fr-FR\",\"@id\":\"https:\\\/\\\/www.webdo.tn\\\/fr\\\/#\\\/schema\\\/logo\\\/image\\\/\",\"url\":\"https:\\\/\\\/www.webdo.tn\\\/fr\\\/wp-content\\\/uploads\\\/2025\\\/06\\\/Webdo-Tunisie_168377.jpg\",\"contentUrl\":\"https:\\\/\\\/www.webdo.tn\\\/fr\\\/wp-content\\\/uploads\\\/2025\\\/06\\\/Webdo-Tunisie_168377.jpg\",\"width\":301,\"height\":301,\"caption\":\"Webdo\"},\"image\":{\"@id\":\"https:\\\/\\\/www.webdo.tn\\\/fr\\\/#\\\/schema\\\/logo\\\/image\\\/\"},\"sameAs\":[\"https:\\\/\\\/www.facebook.com\\\/webdotn\",\"https:\\\/\\\/x.com\\\/webdo_tn\"],\"description\":\"Webdo est un m\u00e9dia num\u00e9rique tunisien fond\u00e9 en 2010, sp\u00e9cialis\u00e9 dans l\u2019actualit\u00e9 nationale et internationale, l\u2019\u00e9conomie, la soci\u00e9t\u00e9 et les analyses politiques. Le site s\u2019adresse \u00e0 un large public francophone et couvre l\u2019information tunisienne en temps r\u00e9el.\",\"email\":\"redac@webdo.tn\",\"legalName\":\"YNJ SARL\",\"foundingDate\":\"2010-09-06\",\"numberOfEmployees\":{\"@type\":\"QuantitativeValue\",\"minValue\":\"11\",\"maxValue\":\"50\"}},{\"@type\":\"Person\",\"@id\":\"https:\\\/\\\/www.webdo.tn\\\/fr\\\/#\\\/schema\\\/person\\\/5663044c25eb36d8f88ba5b653f12f8c\",\"name\":\"Ramzi Haddad\",\"image\":{\"@type\":\"ImageObject\",\"inLanguage\":\"fr-FR\",\"@id\":\"https:\\\/\\\/www.webdo.tn\\\/fr\\\/wp-content\\\/uploads\\\/2026\\\/04\\\/ramzi-haddad_avatar-96x96.jpg\",\"url\":\"https:\\\/\\\/www.webdo.tn\\\/fr\\\/wp-content\\\/uploads\\\/2026\\\/04\\\/ramzi-haddad_avatar-96x96.jpg\",\"contentUrl\":\"https:\\\/\\\/www.webdo.tn\\\/fr\\\/wp-content\\\/uploads\\\/2026\\\/04\\\/ramzi-haddad_avatar-96x96.jpg\",\"caption\":\"Ramzi Haddad\"},\"description\":\"Signature \u00e9ditoriale de Walid Ben Youssef Ramzi Haddad est le pseudonyme \u00e9ditorial de Walid Ben Youssef, fondateur et g\u00e9rant de Webdo.tn. Cette signature est d\u00e9di\u00e9e \u00e0 la couverture de l'actualit\u00e9 nationale et internationale, ainsi qu'aux analyses des dynamiques num\u00e9riques. Ce profil b\u00e9n\u00e9ficie de l'expertise de Walid Ben Youssef, pionnier du web en Tunisie depuis 2000 et dipl\u00f4m\u00e9 en Math\u00e9matiques pures de l'Universit\u00e9 d'Oregon. \u00c0 travers cette signature, la r\u00e9daction de Webdo garantit une information structur\u00e9e et v\u00e9rifi\u00e9e, fid\u00e8le aux standards journalistiques du m\u00e9dia.\",\"url\":\"https:\\\/\\\/www.webdo.tn\\\/fr\\\/actualite\\\/author\\\/ramzi-haddad\\\/\"}]}<\/script>\n<!-- \/ Yoast SEO Premium plugin. -->","yoast_head_json":{"title":"Biden d\u00e9conseille \u00e0 Netanyahu le bombardement des champs p\u00e9troliers iraniens","description":"Biden r\u00e9affirme son soutien \u00e0 Isra\u00ebl tout en d\u00e9conseillant \u00e0 Netanyahu le bombardement des champs p\u00e9troliers iraniens. D\u00e9couvrez comment les tensions au Moyen-O...","canonical":"https:\/\/www.webdo.tn\/fr\/actualite\/international\/biden-deconseille-a-netanyahu-le-bombardement-des-champs-petroliers-iraniens\/216901\/","og_locale":"fr_FR","og_type":"article","og_title":"Biden d\u00e9conseille \u00e0 Netanyahu le bombardement des champs p\u00e9troliers iraniens","og_description":"Biden r\u00e9affirme son soutien \u00e0 Isra\u00ebl tout en d\u00e9conseillant \u00e0 Netanyahu le bombardement des champs p\u00e9troliers iraniens. D\u00e9couvrez comment les tensions au Moyen-O...","og_url":"https:\/\/www.webdo.tn\/fr\/actualite\/international\/biden-deconseille-a-netanyahu-le-bombardement-des-champs-petroliers-iraniens\/216901\/","og_site_name":"webdo","article_publisher":"https:\/\/www.facebook.com\/webdotn","article_published_time":"2024-10-10T10:35:00+00:00","article_modified_time":"2025-05-17T20:22:37+00:00","og_image":[{"width":750,"height":400,"url":"https:\/\/www.webdo.tn\/fr\/wp-content\/uploads\/2024\/10\/312ef7e46ad0744e4e6856c252beca7f.webp","type":"image\/webp"}],"author":"Ramzi Haddad","twitter_card":"summary_large_image","twitter_creator":"@webdo_tn","twitter_site":"@webdo_tn","twitter_misc":{"\u00c9crit par":"Ramzi Haddad","Dur\u00e9e de lecture estim\u00e9e":"2 minutes"},"schema":{"@context":"https:\/\/schema.org","@graph":[{"@type":"NewsArticle","@id":"https:\/\/www.webdo.tn\/fr\/actualite\/international\/biden-deconseille-a-netanyahu-le-bombardement-des-champs-petroliers-iraniens\/216901\/#article","isPartOf":{"@id":"https:\/\/www.webdo.tn\/fr\/actualite\/international\/biden-deconseille-a-netanyahu-le-bombardement-des-champs-petroliers-iraniens\/216901\/"},"author":{"name":"Ramzi Haddad","@id":"https:\/\/www.webdo.tn\/fr\/#\/schema\/person\/5663044c25eb36d8f88ba5b653f12f8c"},"headline":"Biden d\u00e9conseille \u00e0 Netanyahu le bombardement des champs p\u00e9troliers iraniens","datePublished":"2024-10-10T10:35:00+00:00","dateModified":"2025-05-17T20:22:37+00:00","mainEntityOfPage":{"@id":"https:\/\/www.webdo.tn\/fr\/actualite\/international\/biden-deconseille-a-netanyahu-le-bombardement-des-champs-petroliers-iraniens\/216901\/"},"wordCount":487,"commentCount":0,"publisher":{"@id":"https:\/\/www.webdo.tn\/fr\/#organization"},"image":{"@id":"https:\/\/www.webdo.tn\/fr\/actualite\/international\/biden-deconseille-a-netanyahu-le-bombardement-des-champs-petroliers-iraniens\/216901\/#primaryimage"},"thumbnailUrl":"https:\/\/www.webdo.tn\/fr\/wp-content\/uploads\/2024\/10\/312ef7e46ad0744e4e6856c252beca7f.webp","keywords":["Biden","Conflit au Moyen-Orient","Iran","isra\u00ebl","Netanyahu"],"articleSection":["International"],"inLanguage":"fr-FR"},{"@type":"WebPage","@id":"https:\/\/www.webdo.tn\/fr\/actualite\/international\/biden-deconseille-a-netanyahu-le-bombardement-des-champs-petroliers-iraniens\/216901\/","url":"https:\/\/www.webdo.tn\/fr\/actualite\/international\/biden-deconseille-a-netanyahu-le-bombardement-des-champs-petroliers-iraniens\/216901\/","name":"Biden d\u00e9conseille \u00e0 Netanyahu le bombardement des champs p\u00e9troliers iraniens","isPartOf":{"@id":"https:\/\/www.webdo.tn\/fr\/#website"},"primaryImageOfPage":{"@id":"https:\/\/www.webdo.tn\/fr\/actualite\/international\/biden-deconseille-a-netanyahu-le-bombardement-des-champs-petroliers-iraniens\/216901\/#primaryimage"},"image":{"@id":"https:\/\/www.webdo.tn\/fr\/actualite\/international\/biden-deconseille-a-netanyahu-le-bombardement-des-champs-petroliers-iraniens\/216901\/#primaryimage"},"thumbnailUrl":"https:\/\/www.webdo.tn\/fr\/wp-content\/uploads\/2024\/10\/312ef7e46ad0744e4e6856c252beca7f.webp","datePublished":"2024-10-10T10:35:00+00:00","dateModified":"2025-05-17T20:22:37+00:00","description":"Biden r\u00e9affirme son soutien \u00e0 Isra\u00ebl tout en d\u00e9conseillant \u00e0 Netanyahu le bombardement des champs p\u00e9troliers iraniens. D\u00e9couvrez comment les tensions au Moyen-O...","breadcrumb":{"@id":"https:\/\/www.webdo.tn\/fr\/actualite\/international\/biden-deconseille-a-netanyahu-le-bombardement-des-champs-petroliers-iraniens\/216901\/#breadcrumb"},"inLanguage":"fr-FR","potentialAction":[{"@type":"ReadAction","target":["https:\/\/www.webdo.tn\/fr\/actualite\/international\/biden-deconseille-a-netanyahu-le-bombardement-des-champs-petroliers-iraniens\/216901\/"]}]},{"@type":"ImageObject","inLanguage":"fr-FR","@id":"https:\/\/www.webdo.tn\/fr\/actualite\/international\/biden-deconseille-a-netanyahu-le-bombardement-des-champs-petroliers-iraniens\/216901\/#primaryimage","url":"https:\/\/www.webdo.tn\/fr\/wp-content\/uploads\/2024\/10\/312ef7e46ad0744e4e6856c252beca7f.webp","contentUrl":"https:\/\/www.webdo.tn\/fr\/wp-content\/uploads\/2024\/10\/312ef7e46ad0744e4e6856c252beca7f.webp","width":750,"height":400,"caption":"Biden d\u00e9conseille \u00e0 Netanyahu le bombardement des champs p\u00e9troliers iraniens"},{"@type":"BreadcrumbList","@id":"https:\/\/www.webdo.tn\/fr\/actualite\/international\/biden-deconseille-a-netanyahu-le-bombardement-des-champs-petroliers-iraniens\/216901\/#breadcrumb","itemListElement":[{"@type":"ListItem","position":1,"name":"Accueil","item":"https:\/\/www.webdo.tn\/fr\/"},{"@type":"ListItem","position":2,"name":"Biden d\u00e9conseille \u00e0 Netanyahu le bombardement des champs p\u00e9troliers iraniens"}]},{"@type":"WebSite","@id":"https:\/\/www.webdo.tn\/fr\/#website","url":"https:\/\/www.webdo.tn\/fr\/","name":"webdo","description":"Tunisie - News en Tunisie et \u00e0 l&#039;international sur Webdo.tn","publisher":{"@id":"https:\/\/www.webdo.tn\/fr\/#organization"},"potentialAction":[{"@type":"SearchAction","target":{"@type":"EntryPoint","urlTemplate":"https:\/\/www.webdo.tn\/fr\/?s={search_term_string}"},"query-input":{"@type":"PropertyValueSpecification","valueRequired":true,"valueName":"search_term_string"}}],"inLanguage":"fr-FR"},{"@type":"Organization","@id":"https:\/\/www.webdo.tn\/fr\/#organization","name":"Webdo","alternateName":"Webdo.tn","url":"https:\/\/www.webdo.tn\/fr\/","logo":{"@type":"ImageObject","inLanguage":"fr-FR","@id":"https:\/\/www.webdo.tn\/fr\/#\/schema\/logo\/image\/","url":"https:\/\/www.webdo.tn\/fr\/wp-content\/uploads\/2025\/06\/Webdo-Tunisie_168377.jpg","contentUrl":"https:\/\/www.webdo.tn\/fr\/wp-content\/uploads\/2025\/06\/Webdo-Tunisie_168377.jpg","width":301,"height":301,"caption":"Webdo"},"image":{"@id":"https:\/\/www.webdo.tn\/fr\/#\/schema\/logo\/image\/"},"sameAs":["https:\/\/www.facebook.com\/webdotn","https:\/\/x.com\/webdo_tn"],"description":"Webdo est un m\u00e9dia num\u00e9rique tunisien fond\u00e9 en 2010, sp\u00e9cialis\u00e9 dans l\u2019actualit\u00e9 nationale et internationale, l\u2019\u00e9conomie, la soci\u00e9t\u00e9 et les analyses politiques. Le site s\u2019adresse \u00e0 un large public francophone et couvre l\u2019information tunisienne en temps r\u00e9el.","email":"redac@webdo.tn","legalName":"YNJ SARL","foundingDate":"2010-09-06","numberOfEmployees":{"@type":"QuantitativeValue","minValue":"11","maxValue":"50"}},{"@type":"Person","@id":"https:\/\/www.webdo.tn\/fr\/#\/schema\/person\/5663044c25eb36d8f88ba5b653f12f8c","name":"Ramzi Haddad","image":{"@type":"ImageObject","inLanguage":"fr-FR","@id":"https:\/\/www.webdo.tn\/fr\/wp-content\/uploads\/2026\/04\/ramzi-haddad_avatar-96x96.jpg","url":"https:\/\/www.webdo.tn\/fr\/wp-content\/uploads\/2026\/04\/ramzi-haddad_avatar-96x96.jpg","contentUrl":"https:\/\/www.webdo.tn\/fr\/wp-content\/uploads\/2026\/04\/ramzi-haddad_avatar-96x96.jpg","caption":"Ramzi Haddad"},"description":"Signature \u00e9ditoriale de Walid Ben Youssef Ramzi Haddad est le pseudonyme \u00e9ditorial de Walid Ben Youssef, fondateur et g\u00e9rant de Webdo.tn. Cette signature est d\u00e9di\u00e9e \u00e0 la couverture de l'actualit\u00e9 nationale et internationale, ainsi qu'aux analyses des dynamiques num\u00e9riques. Ce profil b\u00e9n\u00e9ficie de l'expertise de Walid Ben Youssef, pionnier du web en Tunisie depuis 2000 et dipl\u00f4m\u00e9 en Math\u00e9matiques pures de l'Universit\u00e9 d'Oregon. \u00c0 travers cette signature, la r\u00e9daction de Webdo garantit une information structur\u00e9e et v\u00e9rifi\u00e9e, fid\u00e8le aux standards journalistiques du m\u00e9dia.","url":"https:\/\/www.webdo.tn\/fr\/actualite\/author\/ramzi-haddad\/"}]}},"_links":{"self":[{"href":"https:\/\/www.webdo.tn\/fr\/wp-json\/wp\/v2\/posts\/216901","targetHints":{"allow":["GET"]}}],"collection":[{"href":"https:\/\/www.webdo.tn\/fr\/wp-json\/wp\/v2\/posts"}],"about":[{"href":"https:\/\/www.webdo.tn\/fr\/wp-json\/wp\/v2\/types\/post"}],"author":[{"embeddable":true,"href":"https:\/\/www.webdo.tn\/fr\/wp-json\/wp\/v2\/users\/3203"}],"replies":[{"embeddable":true,"href":"https:\/\/www.webdo.tn\/fr\/wp-json\/wp\/v2\/comments?post=216901"}],"version-history":[{"count":0,"href":"https:\/\/www.webdo.tn\/fr\/wp-json\/wp\/v2\/posts\/216901\/revisions"}],"wp:featuredmedia":[{"embeddable":true,"href":"https:\/\/www.webdo.tn\/fr\/wp-json\/wp\/v2\/media\/246372"}],"wp:attachment":[{"href":"https:\/\/www.webdo.tn\/fr\/wp-json\/wp\/v2\/media?parent=216901"}],"wp:term":[{"taxonomy":"category","embeddable":true,"href":"https:\/\/www.webdo.tn\/fr\/wp-json\/wp\/v2\/categories?post=216901"},{"taxonomy":"post_tag","embeddable":true,"href":"https:\/\/www.webdo.tn\/fr\/wp-json\/wp\/v2\/tags?post=216901"}],"curies":[{"name":"wp","href":"https:\/\/api.w.org\/{rel}","templated":true}]}}