{"id":216898,"date":"2024-10-10T09:49:00","date_gmt":"2024-10-10T09:49:00","guid":{"rendered":"https:\/\/www.webdo.tn\/fr\/blog\/le-cas-de-la-tunisienne-donia-gueni-emprisonnee-en-algerie-la-chronologie-complete-de-l-affaire\/216898\/"},"modified":"2025-05-17T20:22:36","modified_gmt":"2025-05-17T20:22:36","slug":"le-cas-de-la-tunisienne-donia-gueni-emprisonnee-en-algerie-la-chronologie-complete-de-l-affaire","status":"publish","type":"post","link":"https:\/\/www.webdo.tn\/fr\/actualite\/national\/le-cas-de-la-tunisienne-donia-gueni-emprisonnee-en-algerie-la-chronologie-complete-de-l-affaire\/216898\/","title":{"rendered":"Affaire Donia Gueni : Les faits marquants de sa condamnation en Alg\u00e9rie"},"content":{"rendered":"<p>Dans une affaire qui secoue les r\u00e9seaux sociaux et met \u00e0 l\u2019\u00e9preuve les relations diplomatiques entre la Tunisie et l\u2019Alg\u00e9rie, Donia Gueni, une jeune femme tunisienne, a \u00e9t\u00e9 condamn\u00e9e \u00e0 une ann\u00e9e de prison en Alg\u00e9rie apr\u00e8s avoir publi\u00e9 une vid\u00e9o d\u00e9non\u00e7ant des faits de harc\u00e8lement sexuel.<\/p>\n<p>\t\t\t\t\t\t\t\t\tL\u2019avocat de la jeune femme, Ma\u00eetre Mohamed Chahdi, a r\u00e9v\u00e9l\u00e9 que sa cliente avait \u00e9t\u00e9 harcel\u00e9e par plusieurs Alg\u00e9riens lors de son s\u00e9jour touristique \u00e0 Annaba. Tentant de porter plainte aupr\u00e8s de la gendarmerie locale, elle aurait \u00e9t\u00e9 maltrait\u00e9e par les forces de l&rsquo;ordre avant d\u2019\u00eatre arr\u00eat\u00e9e. La publication d\u2019une vid\u00e9o sur les r\u00e9seaux sociaux, o\u00f9 elle expliquait les \u00e9v\u00e9nements, a rapidement conduit \u00e0 son arrestation et son proc\u00e8s \u00e9clair.<\/p>\n<p>Un proc\u00e8s exp\u00e9ditif et une condamnation controvers\u00e9e<\/p>\n<p>Selon son avocat, Donia Gueni a \u00e9t\u00e9 jug\u00e9e en seulement deux jours apr\u00e8s son arrestation, sans avoir eu l&rsquo;opportunit\u00e9 de contacter sa famille ni d&rsquo;\u00eatre assist\u00e9e par un avocat lors de son proc\u00e8s. La jeune femme a \u00e9t\u00e9 condamn\u00e9e \u00e0 une ann\u00e9e de prison ferme et \u00e0 une amende de 30 000 dinars alg\u00e9riens pour \u00ab\u00a0diffamation sur les r\u00e9seaux sociaux et accusations fausses contre un fonctionnaire public\u00a0\u00bb.<\/p>\n<p>Le point central du proc\u00e8s repose sur la vid\u00e9o diffus\u00e9e par Donia Gueni. Dans ce message, elle critiquait la r\u00e9ponse des autorit\u00e9s alg\u00e9riennes \u00e0 sa plainte pour harc\u00e8lement, estimant que leur comportement n\u2019\u00e9tait pas \u00e0 la hauteur de la gravit\u00e9 de la situation.<\/p>\n<p>Elle y d\u00e9clarait \u00e9galement que l&rsquo;Alg\u00e9rie n&rsquo;\u00e9tait pas un pays s\u00fbr pour les femmes, une d\u00e9claration qui a provoqu\u00e9 un toll\u00e9 en Alg\u00e9rie, certains m\u00e9dias la consid\u00e9rant comme une atteinte \u00e0 la dignit\u00e9 du pays.<\/p>\n<p>R\u00e9actions en Tunisie et appels \u00e0 la lib\u00e9ration<\/p>\n<p>La d\u00e9tention de Donia Gueni a d\u00e9clench\u00e9 une vague de soutien sur les r\u00e9seaux sociaux tunisiens, sous le hashtag #\u0643\u0644\u0646\u0627_\u062f\u0646\u064a\u0627 (Nous sommes tous Donia)**, appelant \u00e0 sa lib\u00e9ration imm\u00e9diate. De nombreuses voix, tant en Tunisie qu\u2019\u00e0 l\u2019\u00e9tranger, d\u00e9noncent l&rsquo;injustice de sa condamnation.<\/p>\n<p>Sa s\u0153ur, dans une intervention m\u00e9diatique, a exhort\u00e9 les autorit\u00e9s tunisiennes \u00e0 agir rapidement pour obtenir des nouvelles de Donia et n\u00e9gocier sa lib\u00e9ration. Elle a soulign\u00e9 que la famille avait perdu tout contact avec elle depuis son emprisonnement.<\/p>\n<p>Appels \u00e0 l\u2019intervention des autorit\u00e9s tunisiennes<\/p>\n<p>Des personnalit\u00e9s publiques tunisiennes, telles que l&rsquo;actrice Leila Chebbi, ont \u00e9galement lanc\u00e9 des appels aux minist\u00e8res tunisiens des Affaires \u00e9trang\u00e8res et de l\u2019Int\u00e9rieur pour qu\u2019ils interviennent aupr\u00e8s des autorit\u00e9s alg\u00e9riennes. Elles soulignent la jeunesse de Donia et l&rsquo;importance des relations historiques entre les deux pays, qui devraient, selon elles, favoriser la cl\u00e9mence dans cette affaire.<\/p>\n<p>Des militantes des droits de l&rsquo;homme, comme Najwa Dhaouadi, membre de l\u2019Association des droits de l&rsquo;homme et des r\u00e9fugi\u00e9s \u00e0 Gen\u00e8ve, ont \u00e9galement plaid\u00e9 pour la lib\u00e9ration de Donia Gueni, arguant que ses d\u00e9clarations ont \u00e9t\u00e9 faites sous le coup de l\u2019\u00e9motion.<\/p>\n<p>Un d\u00e9bat sur le harc\u00e8lement en Alg\u00e9rie<\/p>\n<p>Cette affaire intervient dans un contexte de sensibilisation accrue en Alg\u00e9rie autour du harc\u00e8lement sexuel. Bien que les Alg\u00e9riens soient majoritairement hospitaliers et accueillants, de nombreuses femmes, tant locales qu&rsquo;\u00e9trang\u00e8res, rapportent des incidents de harc\u00e8lement.<\/p>\n<p>En septembre, une influenceuse fran\u00e7aise,Dolciana,\u00a0avait elle aussi d\u00e9nonc\u00e9 des agressions verbales lors d&rsquo;une visite \u00e0 Alger, suscitant une vague d&rsquo;indignation sur les r\u00e9seaux sociaux. Ce genre d\u2019incidents alimente un d\u00e9bat national sur l&rsquo;ins\u00e9curit\u00e9 des femmes dans les espaces publics alg\u00e9riens, bien que la l\u00e9gislation en place punisse s\u00e9v\u00e8rement ce type de comportement.<\/p>\n<p>Une affaire \u00e0 suivre<\/p>\n<p>Le cas de Donia Gueni soul\u00e8ve des questions sur la gestion des plaintes pour harc\u00e8lement en Alg\u00e9rie et la libert\u00e9 d\u2019expression sur les r\u00e9seaux sociaux. Alors que les soutiens \u00e0 Donia continuent de cro\u00eetre, les yeux restent tourn\u00e9s vers les autorit\u00e9s tunisiennes pour une \u00e9ventuelle intervention diplomatique, tandis que la famille et les activistes esp\u00e8rent une issue favorable.<\/p>\n","protected":false},"excerpt":{"rendered":"<p>Une Tunisienne condamn\u00e9e \u00e0 un an de prison en Alg\u00e9rie apr\u00e8s avoir d\u00e9nonc\u00e9 du harc\u00e8lement sur les r\u00e9seaux sociaux. L&rsquo;affaire Donia Gueni provoque l&rsquo;indignation e&#8230;<\/p>\n","protected":false},"author":4779,"featured_media":246370,"comment_status":"open","ping_status":"closed","sticky":false,"template":"","format":"standard","meta":{"footnotes":""},"categories":[44],"tags":[5475,5474,5473,5476],"class_list":["post-216898","post","type-post","status-publish","format-standard","has-post-thumbnail","hentry","category-national","tag-donia-gueni","tag-harcelement-sexuel","tag-liberte-dexpression","tag-tunisie-algerie"],"yoast_head":"<!-- This site is optimized with the Yoast SEO Premium plugin v27.5 (Yoast SEO v27.5) - https:\/\/yoast.com\/product\/yoast-seo-premium-wordpress\/ -->\n<title>Affaire Donia Gueni : Les faits marquants de sa condamnation en Alg\u00e9rie<\/title>\n<meta name=\"description\" content=\"Une Tunisienne condamn\u00e9e \u00e0 un an de prison en Alg\u00e9rie apr\u00e8s avoir d\u00e9nonc\u00e9 du harc\u00e8lement sur les r\u00e9seaux sociaux. L&#039;affaire Donia Gueni provoque l&#039;indignation e...\" \/>\n<link rel=\"canonical\" href=\"https:\/\/www.webdo.tn\/fr\/actualite\/national\/le-cas-de-la-tunisienne-donia-gueni-emprisonnee-en-algerie-la-chronologie-complete-de-l-affaire\/216898\/\" \/>\n<meta property=\"og:locale\" content=\"fr_FR\" \/>\n<meta property=\"og:type\" content=\"article\" \/>\n<meta property=\"og:title\" content=\"Affaire Donia Gueni : Les faits marquants de sa condamnation en Alg\u00e9rie\" \/>\n<meta property=\"og:description\" content=\"Une Tunisienne condamn\u00e9e \u00e0 un an de prison en Alg\u00e9rie apr\u00e8s avoir d\u00e9nonc\u00e9 du harc\u00e8lement sur les r\u00e9seaux sociaux. L&#039;affaire Donia Gueni provoque l&#039;indignation e...\" \/>\n<meta property=\"og:url\" content=\"https:\/\/www.webdo.tn\/fr\/actualite\/national\/le-cas-de-la-tunisienne-donia-gueni-emprisonnee-en-algerie-la-chronologie-complete-de-l-affaire\/216898\/\" \/>\n<meta property=\"og:site_name\" content=\"webdo\" \/>\n<meta property=\"article:publisher\" content=\"https:\/\/www.facebook.com\/webdotn\" \/>\n<meta property=\"article:published_time\" content=\"2024-10-10T09:49:00+00:00\" \/>\n<meta property=\"article:modified_time\" content=\"2025-05-17T20:22:36+00:00\" \/>\n<meta property=\"og:image\" content=\"https:\/\/www.webdo.tn\/fr\/wp-content\/uploads\/2024\/10\/57d83435d607bd086ddc945045a13bed.webp\" \/>\n\t<meta property=\"og:image:width\" content=\"750\" \/>\n\t<meta property=\"og:image:height\" content=\"400\" \/>\n\t<meta property=\"og:image:type\" content=\"image\/webp\" \/>\n<meta name=\"author\" content=\"Firas Ben Abdeltif\" \/>\n<meta name=\"twitter:card\" content=\"summary_large_image\" \/>\n<meta name=\"twitter:creator\" content=\"@webdo_tn\" \/>\n<meta name=\"twitter:site\" content=\"@webdo_tn\" \/>\n<meta name=\"twitter:label1\" content=\"\u00c9crit par\" \/>\n\t<meta name=\"twitter:data1\" content=\"Firas Ben Abdeltif\" \/>\n\t<meta name=\"twitter:label2\" content=\"Dur\u00e9e de lecture estim\u00e9e\" \/>\n\t<meta name=\"twitter:data2\" content=\"4 minutes\" \/>\n<script type=\"application\/ld+json\" class=\"yoast-schema-graph\">{\"@context\":\"https:\\\/\\\/schema.org\",\"@graph\":[{\"@type\":\"NewsArticle\",\"@id\":\"https:\\\/\\\/www.webdo.tn\\\/fr\\\/actualite\\\/national\\\/le-cas-de-la-tunisienne-donia-gueni-emprisonnee-en-algerie-la-chronologie-complete-de-l-affaire\\\/216898\\\/#article\",\"isPartOf\":{\"@id\":\"https:\\\/\\\/www.webdo.tn\\\/fr\\\/actualite\\\/national\\\/le-cas-de-la-tunisienne-donia-gueni-emprisonnee-en-algerie-la-chronologie-complete-de-l-affaire\\\/216898\\\/\"},\"author\":{\"name\":\"Firas Ben Abdeltif\",\"@id\":\"https:\\\/\\\/www.webdo.tn\\\/fr\\\/#\\\/schema\\\/person\\\/19664196c9bfdcda126f3c27709f7d11\"},\"headline\":\"Affaire Donia Gueni : Les faits marquants de sa condamnation en Alg\u00e9rie\",\"datePublished\":\"2024-10-10T09:49:00+00:00\",\"dateModified\":\"2025-05-17T20:22:36+00:00\",\"mainEntityOfPage\":{\"@id\":\"https:\\\/\\\/www.webdo.tn\\\/fr\\\/actualite\\\/national\\\/le-cas-de-la-tunisienne-donia-gueni-emprisonnee-en-algerie-la-chronologie-complete-de-l-affaire\\\/216898\\\/\"},\"wordCount\":740,\"commentCount\":0,\"publisher\":{\"@id\":\"https:\\\/\\\/www.webdo.tn\\\/fr\\\/#organization\"},\"image\":{\"@id\":\"https:\\\/\\\/www.webdo.tn\\\/fr\\\/actualite\\\/national\\\/le-cas-de-la-tunisienne-donia-gueni-emprisonnee-en-algerie-la-chronologie-complete-de-l-affaire\\\/216898\\\/#primaryimage\"},\"thumbnailUrl\":\"https:\\\/\\\/www.webdo.tn\\\/fr\\\/wp-content\\\/uploads\\\/2024\\\/10\\\/57d83435d607bd086ddc945045a13bed.webp\",\"keywords\":[\"Donia Gueni\",\"harc\u00e8lement sexuel\",\"libert\u00e9 d'expression\",\"Tunisie Alg\u00e9rie\"],\"articleSection\":[\"National\"],\"inLanguage\":\"fr-FR\"},{\"@type\":\"WebPage\",\"@id\":\"https:\\\/\\\/www.webdo.tn\\\/fr\\\/actualite\\\/national\\\/le-cas-de-la-tunisienne-donia-gueni-emprisonnee-en-algerie-la-chronologie-complete-de-l-affaire\\\/216898\\\/\",\"url\":\"https:\\\/\\\/www.webdo.tn\\\/fr\\\/actualite\\\/national\\\/le-cas-de-la-tunisienne-donia-gueni-emprisonnee-en-algerie-la-chronologie-complete-de-l-affaire\\\/216898\\\/\",\"name\":\"Affaire Donia Gueni : Les faits marquants de sa condamnation en Alg\u00e9rie\",\"isPartOf\":{\"@id\":\"https:\\\/\\\/www.webdo.tn\\\/fr\\\/#website\"},\"primaryImageOfPage\":{\"@id\":\"https:\\\/\\\/www.webdo.tn\\\/fr\\\/actualite\\\/national\\\/le-cas-de-la-tunisienne-donia-gueni-emprisonnee-en-algerie-la-chronologie-complete-de-l-affaire\\\/216898\\\/#primaryimage\"},\"image\":{\"@id\":\"https:\\\/\\\/www.webdo.tn\\\/fr\\\/actualite\\\/national\\\/le-cas-de-la-tunisienne-donia-gueni-emprisonnee-en-algerie-la-chronologie-complete-de-l-affaire\\\/216898\\\/#primaryimage\"},\"thumbnailUrl\":\"https:\\\/\\\/www.webdo.tn\\\/fr\\\/wp-content\\\/uploads\\\/2024\\\/10\\\/57d83435d607bd086ddc945045a13bed.webp\",\"datePublished\":\"2024-10-10T09:49:00+00:00\",\"dateModified\":\"2025-05-17T20:22:36+00:00\",\"description\":\"Une Tunisienne condamn\u00e9e \u00e0 un an de prison en Alg\u00e9rie apr\u00e8s avoir d\u00e9nonc\u00e9 du harc\u00e8lement sur les r\u00e9seaux sociaux. L'affaire Donia Gueni provoque l'indignation e...\",\"breadcrumb\":{\"@id\":\"https:\\\/\\\/www.webdo.tn\\\/fr\\\/actualite\\\/national\\\/le-cas-de-la-tunisienne-donia-gueni-emprisonnee-en-algerie-la-chronologie-complete-de-l-affaire\\\/216898\\\/#breadcrumb\"},\"inLanguage\":\"fr-FR\",\"potentialAction\":[{\"@type\":\"ReadAction\",\"target\":[\"https:\\\/\\\/www.webdo.tn\\\/fr\\\/actualite\\\/national\\\/le-cas-de-la-tunisienne-donia-gueni-emprisonnee-en-algerie-la-chronologie-complete-de-l-affaire\\\/216898\\\/\"]}]},{\"@type\":\"ImageObject\",\"inLanguage\":\"fr-FR\",\"@id\":\"https:\\\/\\\/www.webdo.tn\\\/fr\\\/actualite\\\/national\\\/le-cas-de-la-tunisienne-donia-gueni-emprisonnee-en-algerie-la-chronologie-complete-de-l-affaire\\\/216898\\\/#primaryimage\",\"url\":\"https:\\\/\\\/www.webdo.tn\\\/fr\\\/wp-content\\\/uploads\\\/2024\\\/10\\\/57d83435d607bd086ddc945045a13bed.webp\",\"contentUrl\":\"https:\\\/\\\/www.webdo.tn\\\/fr\\\/wp-content\\\/uploads\\\/2024\\\/10\\\/57d83435d607bd086ddc945045a13bed.webp\",\"width\":750,\"height\":400,\"caption\":\"Affaire Donia Gueni : Les faits marquants de sa condamnation en Alg\u00e9rie\"},{\"@type\":\"BreadcrumbList\",\"@id\":\"https:\\\/\\\/www.webdo.tn\\\/fr\\\/actualite\\\/national\\\/le-cas-de-la-tunisienne-donia-gueni-emprisonnee-en-algerie-la-chronologie-complete-de-l-affaire\\\/216898\\\/#breadcrumb\",\"itemListElement\":[{\"@type\":\"ListItem\",\"position\":1,\"name\":\"Accueil\",\"item\":\"https:\\\/\\\/www.webdo.tn\\\/fr\\\/\"},{\"@type\":\"ListItem\",\"position\":2,\"name\":\"Affaire Donia Gueni : Les faits marquants de sa condamnation en Alg\u00e9rie\"}]},{\"@type\":\"WebSite\",\"@id\":\"https:\\\/\\\/www.webdo.tn\\\/fr\\\/#website\",\"url\":\"https:\\\/\\\/www.webdo.tn\\\/fr\\\/\",\"name\":\"webdo\",\"description\":\"Tunisie - News en Tunisie et \u00e0 l&#039;international sur Webdo.tn\",\"publisher\":{\"@id\":\"https:\\\/\\\/www.webdo.tn\\\/fr\\\/#organization\"},\"potentialAction\":[{\"@type\":\"SearchAction\",\"target\":{\"@type\":\"EntryPoint\",\"urlTemplate\":\"https:\\\/\\\/www.webdo.tn\\\/fr\\\/?s={search_term_string}\"},\"query-input\":{\"@type\":\"PropertyValueSpecification\",\"valueRequired\":true,\"valueName\":\"search_term_string\"}}],\"inLanguage\":\"fr-FR\"},{\"@type\":\"Organization\",\"@id\":\"https:\\\/\\\/www.webdo.tn\\\/fr\\\/#organization\",\"name\":\"Webdo\",\"alternateName\":\"Webdo.tn\",\"url\":\"https:\\\/\\\/www.webdo.tn\\\/fr\\\/\",\"logo\":{\"@type\":\"ImageObject\",\"inLanguage\":\"fr-FR\",\"@id\":\"https:\\\/\\\/www.webdo.tn\\\/fr\\\/#\\\/schema\\\/logo\\\/image\\\/\",\"url\":\"https:\\\/\\\/www.webdo.tn\\\/fr\\\/wp-content\\\/uploads\\\/2025\\\/06\\\/Webdo-Tunisie_168377.jpg\",\"contentUrl\":\"https:\\\/\\\/www.webdo.tn\\\/fr\\\/wp-content\\\/uploads\\\/2025\\\/06\\\/Webdo-Tunisie_168377.jpg\",\"width\":301,\"height\":301,\"caption\":\"Webdo\"},\"image\":{\"@id\":\"https:\\\/\\\/www.webdo.tn\\\/fr\\\/#\\\/schema\\\/logo\\\/image\\\/\"},\"sameAs\":[\"https:\\\/\\\/www.facebook.com\\\/webdotn\",\"https:\\\/\\\/x.com\\\/webdo_tn\"],\"description\":\"Webdo est un m\u00e9dia num\u00e9rique tunisien fond\u00e9 en 2010, sp\u00e9cialis\u00e9 dans l\u2019actualit\u00e9 nationale et internationale, l\u2019\u00e9conomie, la soci\u00e9t\u00e9 et les analyses politiques. Le site s\u2019adresse \u00e0 un large public francophone et couvre l\u2019information tunisienne en temps r\u00e9el.\",\"email\":\"redac@webdo.tn\",\"legalName\":\"YNJ SARL\",\"foundingDate\":\"2010-09-06\",\"numberOfEmployees\":{\"@type\":\"QuantitativeValue\",\"minValue\":\"11\",\"maxValue\":\"50\"}},{\"@type\":\"Person\",\"@id\":\"https:\\\/\\\/www.webdo.tn\\\/fr\\\/#\\\/schema\\\/person\\\/19664196c9bfdcda126f3c27709f7d11\",\"name\":\"Firas Ben Abdeltif\",\"image\":{\"@type\":\"ImageObject\",\"inLanguage\":\"fr-FR\",\"@id\":\"https:\\\/\\\/secure.gravatar.com\\\/avatar\\\/161a347d40df098a084778c52ed133dbd85f14df003867067c5948081241ec55?s=96&d=mm&r=g\",\"url\":\"https:\\\/\\\/secure.gravatar.com\\\/avatar\\\/161a347d40df098a084778c52ed133dbd85f14df003867067c5948081241ec55?s=96&d=mm&r=g\",\"contentUrl\":\"https:\\\/\\\/secure.gravatar.com\\\/avatar\\\/161a347d40df098a084778c52ed133dbd85f14df003867067c5948081241ec55?s=96&d=mm&r=g\",\"caption\":\"Firas Ben Abdeltif\"},\"url\":\"https:\\\/\\\/www.webdo.tn\\\/fr\\\/actualite\\\/author\\\/firas-ben-abdeltif\\\/\"}]}<\/script>\n<!-- \/ Yoast SEO Premium plugin. -->","yoast_head_json":{"title":"Affaire Donia Gueni : Les faits marquants de sa condamnation en Alg\u00e9rie","description":"Une Tunisienne condamn\u00e9e \u00e0 un an de prison en Alg\u00e9rie apr\u00e8s avoir d\u00e9nonc\u00e9 du harc\u00e8lement sur les r\u00e9seaux sociaux. L'affaire Donia Gueni provoque l'indignation e...","canonical":"https:\/\/www.webdo.tn\/fr\/actualite\/national\/le-cas-de-la-tunisienne-donia-gueni-emprisonnee-en-algerie-la-chronologie-complete-de-l-affaire\/216898\/","og_locale":"fr_FR","og_type":"article","og_title":"Affaire Donia Gueni : Les faits marquants de sa condamnation en Alg\u00e9rie","og_description":"Une Tunisienne condamn\u00e9e \u00e0 un an de prison en Alg\u00e9rie apr\u00e8s avoir d\u00e9nonc\u00e9 du harc\u00e8lement sur les r\u00e9seaux sociaux. L'affaire Donia Gueni provoque l'indignation e...","og_url":"https:\/\/www.webdo.tn\/fr\/actualite\/national\/le-cas-de-la-tunisienne-donia-gueni-emprisonnee-en-algerie-la-chronologie-complete-de-l-affaire\/216898\/","og_site_name":"webdo","article_publisher":"https:\/\/www.facebook.com\/webdotn","article_published_time":"2024-10-10T09:49:00+00:00","article_modified_time":"2025-05-17T20:22:36+00:00","og_image":[{"width":750,"height":400,"url":"https:\/\/www.webdo.tn\/fr\/wp-content\/uploads\/2024\/10\/57d83435d607bd086ddc945045a13bed.webp","type":"image\/webp"}],"author":"Firas Ben Abdeltif","twitter_card":"summary_large_image","twitter_creator":"@webdo_tn","twitter_site":"@webdo_tn","twitter_misc":{"\u00c9crit par":"Firas Ben Abdeltif","Dur\u00e9e de lecture estim\u00e9e":"4 minutes"},"schema":{"@context":"https:\/\/schema.org","@graph":[{"@type":"NewsArticle","@id":"https:\/\/www.webdo.tn\/fr\/actualite\/national\/le-cas-de-la-tunisienne-donia-gueni-emprisonnee-en-algerie-la-chronologie-complete-de-l-affaire\/216898\/#article","isPartOf":{"@id":"https:\/\/www.webdo.tn\/fr\/actualite\/national\/le-cas-de-la-tunisienne-donia-gueni-emprisonnee-en-algerie-la-chronologie-complete-de-l-affaire\/216898\/"},"author":{"name":"Firas Ben Abdeltif","@id":"https:\/\/www.webdo.tn\/fr\/#\/schema\/person\/19664196c9bfdcda126f3c27709f7d11"},"headline":"Affaire Donia Gueni : Les faits marquants de sa condamnation en Alg\u00e9rie","datePublished":"2024-10-10T09:49:00+00:00","dateModified":"2025-05-17T20:22:36+00:00","mainEntityOfPage":{"@id":"https:\/\/www.webdo.tn\/fr\/actualite\/national\/le-cas-de-la-tunisienne-donia-gueni-emprisonnee-en-algerie-la-chronologie-complete-de-l-affaire\/216898\/"},"wordCount":740,"commentCount":0,"publisher":{"@id":"https:\/\/www.webdo.tn\/fr\/#organization"},"image":{"@id":"https:\/\/www.webdo.tn\/fr\/actualite\/national\/le-cas-de-la-tunisienne-donia-gueni-emprisonnee-en-algerie-la-chronologie-complete-de-l-affaire\/216898\/#primaryimage"},"thumbnailUrl":"https:\/\/www.webdo.tn\/fr\/wp-content\/uploads\/2024\/10\/57d83435d607bd086ddc945045a13bed.webp","keywords":["Donia Gueni","harc\u00e8lement sexuel","libert\u00e9 d'expression","Tunisie Alg\u00e9rie"],"articleSection":["National"],"inLanguage":"fr-FR"},{"@type":"WebPage","@id":"https:\/\/www.webdo.tn\/fr\/actualite\/national\/le-cas-de-la-tunisienne-donia-gueni-emprisonnee-en-algerie-la-chronologie-complete-de-l-affaire\/216898\/","url":"https:\/\/www.webdo.tn\/fr\/actualite\/national\/le-cas-de-la-tunisienne-donia-gueni-emprisonnee-en-algerie-la-chronologie-complete-de-l-affaire\/216898\/","name":"Affaire Donia Gueni : Les faits marquants de sa condamnation en Alg\u00e9rie","isPartOf":{"@id":"https:\/\/www.webdo.tn\/fr\/#website"},"primaryImageOfPage":{"@id":"https:\/\/www.webdo.tn\/fr\/actualite\/national\/le-cas-de-la-tunisienne-donia-gueni-emprisonnee-en-algerie-la-chronologie-complete-de-l-affaire\/216898\/#primaryimage"},"image":{"@id":"https:\/\/www.webdo.tn\/fr\/actualite\/national\/le-cas-de-la-tunisienne-donia-gueni-emprisonnee-en-algerie-la-chronologie-complete-de-l-affaire\/216898\/#primaryimage"},"thumbnailUrl":"https:\/\/www.webdo.tn\/fr\/wp-content\/uploads\/2024\/10\/57d83435d607bd086ddc945045a13bed.webp","datePublished":"2024-10-10T09:49:00+00:00","dateModified":"2025-05-17T20:22:36+00:00","description":"Une Tunisienne condamn\u00e9e \u00e0 un an de prison en Alg\u00e9rie apr\u00e8s avoir d\u00e9nonc\u00e9 du harc\u00e8lement sur les r\u00e9seaux sociaux. L'affaire Donia Gueni provoque l'indignation e...","breadcrumb":{"@id":"https:\/\/www.webdo.tn\/fr\/actualite\/national\/le-cas-de-la-tunisienne-donia-gueni-emprisonnee-en-algerie-la-chronologie-complete-de-l-affaire\/216898\/#breadcrumb"},"inLanguage":"fr-FR","potentialAction":[{"@type":"ReadAction","target":["https:\/\/www.webdo.tn\/fr\/actualite\/national\/le-cas-de-la-tunisienne-donia-gueni-emprisonnee-en-algerie-la-chronologie-complete-de-l-affaire\/216898\/"]}]},{"@type":"ImageObject","inLanguage":"fr-FR","@id":"https:\/\/www.webdo.tn\/fr\/actualite\/national\/le-cas-de-la-tunisienne-donia-gueni-emprisonnee-en-algerie-la-chronologie-complete-de-l-affaire\/216898\/#primaryimage","url":"https:\/\/www.webdo.tn\/fr\/wp-content\/uploads\/2024\/10\/57d83435d607bd086ddc945045a13bed.webp","contentUrl":"https:\/\/www.webdo.tn\/fr\/wp-content\/uploads\/2024\/10\/57d83435d607bd086ddc945045a13bed.webp","width":750,"height":400,"caption":"Affaire Donia Gueni : Les faits marquants de sa condamnation en Alg\u00e9rie"},{"@type":"BreadcrumbList","@id":"https:\/\/www.webdo.tn\/fr\/actualite\/national\/le-cas-de-la-tunisienne-donia-gueni-emprisonnee-en-algerie-la-chronologie-complete-de-l-affaire\/216898\/#breadcrumb","itemListElement":[{"@type":"ListItem","position":1,"name":"Accueil","item":"https:\/\/www.webdo.tn\/fr\/"},{"@type":"ListItem","position":2,"name":"Affaire Donia Gueni : Les faits marquants de sa condamnation en Alg\u00e9rie"}]},{"@type":"WebSite","@id":"https:\/\/www.webdo.tn\/fr\/#website","url":"https:\/\/www.webdo.tn\/fr\/","name":"webdo","description":"Tunisie - News en Tunisie et \u00e0 l&#039;international sur Webdo.tn","publisher":{"@id":"https:\/\/www.webdo.tn\/fr\/#organization"},"potentialAction":[{"@type":"SearchAction","target":{"@type":"EntryPoint","urlTemplate":"https:\/\/www.webdo.tn\/fr\/?s={search_term_string}"},"query-input":{"@type":"PropertyValueSpecification","valueRequired":true,"valueName":"search_term_string"}}],"inLanguage":"fr-FR"},{"@type":"Organization","@id":"https:\/\/www.webdo.tn\/fr\/#organization","name":"Webdo","alternateName":"Webdo.tn","url":"https:\/\/www.webdo.tn\/fr\/","logo":{"@type":"ImageObject","inLanguage":"fr-FR","@id":"https:\/\/www.webdo.tn\/fr\/#\/schema\/logo\/image\/","url":"https:\/\/www.webdo.tn\/fr\/wp-content\/uploads\/2025\/06\/Webdo-Tunisie_168377.jpg","contentUrl":"https:\/\/www.webdo.tn\/fr\/wp-content\/uploads\/2025\/06\/Webdo-Tunisie_168377.jpg","width":301,"height":301,"caption":"Webdo"},"image":{"@id":"https:\/\/www.webdo.tn\/fr\/#\/schema\/logo\/image\/"},"sameAs":["https:\/\/www.facebook.com\/webdotn","https:\/\/x.com\/webdo_tn"],"description":"Webdo est un m\u00e9dia num\u00e9rique tunisien fond\u00e9 en 2010, sp\u00e9cialis\u00e9 dans l\u2019actualit\u00e9 nationale et internationale, l\u2019\u00e9conomie, la soci\u00e9t\u00e9 et les analyses politiques. Le site s\u2019adresse \u00e0 un large public francophone et couvre l\u2019information tunisienne en temps r\u00e9el.","email":"redac@webdo.tn","legalName":"YNJ SARL","foundingDate":"2010-09-06","numberOfEmployees":{"@type":"QuantitativeValue","minValue":"11","maxValue":"50"}},{"@type":"Person","@id":"https:\/\/www.webdo.tn\/fr\/#\/schema\/person\/19664196c9bfdcda126f3c27709f7d11","name":"Firas Ben Abdeltif","image":{"@type":"ImageObject","inLanguage":"fr-FR","@id":"https:\/\/secure.gravatar.com\/avatar\/161a347d40df098a084778c52ed133dbd85f14df003867067c5948081241ec55?s=96&d=mm&r=g","url":"https:\/\/secure.gravatar.com\/avatar\/161a347d40df098a084778c52ed133dbd85f14df003867067c5948081241ec55?s=96&d=mm&r=g","contentUrl":"https:\/\/secure.gravatar.com\/avatar\/161a347d40df098a084778c52ed133dbd85f14df003867067c5948081241ec55?s=96&d=mm&r=g","caption":"Firas Ben Abdeltif"},"url":"https:\/\/www.webdo.tn\/fr\/actualite\/author\/firas-ben-abdeltif\/"}]}},"_links":{"self":[{"href":"https:\/\/www.webdo.tn\/fr\/wp-json\/wp\/v2\/posts\/216898","targetHints":{"allow":["GET"]}}],"collection":[{"href":"https:\/\/www.webdo.tn\/fr\/wp-json\/wp\/v2\/posts"}],"about":[{"href":"https:\/\/www.webdo.tn\/fr\/wp-json\/wp\/v2\/types\/post"}],"author":[{"embeddable":true,"href":"https:\/\/www.webdo.tn\/fr\/wp-json\/wp\/v2\/users\/4779"}],"replies":[{"embeddable":true,"href":"https:\/\/www.webdo.tn\/fr\/wp-json\/wp\/v2\/comments?post=216898"}],"version-history":[{"count":0,"href":"https:\/\/www.webdo.tn\/fr\/wp-json\/wp\/v2\/posts\/216898\/revisions"}],"wp:featuredmedia":[{"embeddable":true,"href":"https:\/\/www.webdo.tn\/fr\/wp-json\/wp\/v2\/media\/246370"}],"wp:attachment":[{"href":"https:\/\/www.webdo.tn\/fr\/wp-json\/wp\/v2\/media?parent=216898"}],"wp:term":[{"taxonomy":"category","embeddable":true,"href":"https:\/\/www.webdo.tn\/fr\/wp-json\/wp\/v2\/categories?post=216898"},{"taxonomy":"post_tag","embeddable":true,"href":"https:\/\/www.webdo.tn\/fr\/wp-json\/wp\/v2\/tags?post=216898"}],"curies":[{"name":"wp","href":"https:\/\/api.w.org\/{rel}","templated":true}]}}