{"id":216896,"date":"2024-10-10T09:23:00","date_gmt":"2024-10-10T09:23:00","guid":{"rendered":"https:\/\/www.webdo.tn\/fr\/blog\/detournement-de-la-circulation-a-l-entree-sud-de-tunis\/216896\/"},"modified":"2025-05-20T22:34:42","modified_gmt":"2025-05-20T22:34:42","slug":"detournement-de-la-circulation-a-l-entree-sud-de-tunis","status":"publish","type":"post","link":"https:\/\/www.webdo.tn\/fr\/actualite\/national\/detournement-de-la-circulation-a-l-entree-sud-de-tunis\/216896\/","title":{"rendered":"D\u00e9tournement de la circulation \u00e0 l&rsquo;entr\u00e9e sud de Tunis"},"content":{"rendered":"<p>Le minist\u00e8re de l&rsquo;\u00c9quipement et de l&rsquo;Habitat a annonc\u00e9 un d\u00e9tournement partiel de la circulation \u00e0 l&rsquo;entr\u00e9e sud de la capitale, sur la route r\u00e9gionale n\u00b022, \u00e0 partir d\u2019aujourd\u2019hui, jeudi 10 octobre 2024, et ce pour une dur\u00e9e de 14 jours.<\/p>\n<p>\t\t\t\t\t\t\t\t\tCe d\u00e9tournement, qui s\u2019\u00e9tend sur une distance d&rsquo;environ 4 km au niveau de Bir El Kass\u00e2a, se justifie par la r\u00e9alisation de la couche de roulement dans le cadre du projet d&rsquo;\u00e9largissement de cette entr\u00e9e.<\/p>\n<p>Les v\u00e9hicules se dirigeant vers Hammamet seront d\u00e9vi\u00e9s vers une route bidirectionnelle en direction de Tunis. Le minist\u00e8re invite les usagers \u00e0 faire preuve de prudence et \u00e0 respecter la signalisation, en raison des possibles embouteillages.<\/p>\n","protected":false},"excerpt":{"rendered":"<p>Le minist\u00e8re de l&rsquo;\u00c9quipement et de l&rsquo;Habitat a annonc\u00e9 un d\u00e9tournement partiel de la circulation \u00e0 l&rsquo;entr\u00e9e sud de la capitale, sur la route r\u00e9gionale n\u00b022, \u00e0 p&#8230;<\/p>\n","protected":false},"author":3175,"featured_media":246368,"comment_status":"open","ping_status":"closed","sticky":false,"template":"","format":"standard","meta":{"footnotes":""},"categories":[44],"tags":[4163,4421,5471,5472,3607,2640,2608],"class_list":["post-216896","post","type-post","status-publish","format-standard","has-post-thumbnail","hentry","category-national","tag-autoroute","tag-circulation","tag-detournement","tag-entree-sud","tag-hammamet","tag-tunis","tag-tunisie"],"yoast_head":"<!-- This site is optimized with the Yoast SEO Premium plugin v27.5 (Yoast SEO v27.5) - https:\/\/yoast.com\/product\/yoast-seo-premium-wordpress\/ -->\n<title>D\u00e9tournement de la circulation \u00e0 l&#039;entr\u00e9e sud de Tunis<\/title>\n<meta name=\"description\" content=\"Le minist\u00e8re de l&#039;\u00c9quipement et de l&#039;Habitat a annonc\u00e9 un d\u00e9tournement partiel de la circulation \u00e0 l&#039;entr\u00e9e sud de la capitale, sur la route r\u00e9gionale n\u00b022, \u00e0 p...\" \/>\n<link rel=\"canonical\" href=\"https:\/\/www.webdo.tn\/fr\/actualite\/national\/detournement-de-la-circulation-a-l-entree-sud-de-tunis\/216896\/\" \/>\n<meta property=\"og:locale\" content=\"fr_FR\" \/>\n<meta property=\"og:type\" content=\"article\" \/>\n<meta property=\"og:title\" content=\"D\u00e9tournement de la circulation \u00e0 l&#039;entr\u00e9e sud de Tunis\" \/>\n<meta property=\"og:description\" content=\"Le minist\u00e8re de l&#039;\u00c9quipement et de l&#039;Habitat a annonc\u00e9 un d\u00e9tournement partiel de la circulation \u00e0 l&#039;entr\u00e9e sud de la capitale, sur la route r\u00e9gionale n\u00b022, \u00e0 p...\" \/>\n<meta property=\"og:url\" content=\"https:\/\/www.webdo.tn\/fr\/actualite\/national\/detournement-de-la-circulation-a-l-entree-sud-de-tunis\/216896\/\" \/>\n<meta property=\"og:site_name\" content=\"webdo\" \/>\n<meta property=\"article:publisher\" content=\"https:\/\/www.facebook.com\/webdotn\" \/>\n<meta property=\"article:published_time\" content=\"2024-10-10T09:23:00+00:00\" \/>\n<meta property=\"article:modified_time\" content=\"2025-05-20T22:34:42+00:00\" \/>\n<meta property=\"og:image\" content=\"https:\/\/www.webdo.tn\/fr\/wp-content\/uploads\/2024\/10\/5fbde61763ed3a77147620e8116910af.webp\" \/>\n\t<meta property=\"og:image:width\" content=\"750\" \/>\n\t<meta property=\"og:image:height\" content=\"400\" \/>\n\t<meta property=\"og:image:type\" content=\"image\/webp\" \/>\n<meta name=\"author\" content=\"CL\" \/>\n<meta name=\"twitter:card\" content=\"summary_large_image\" \/>\n<meta name=\"twitter:creator\" content=\"@webdo_tn\" \/>\n<meta name=\"twitter:site\" content=\"@webdo_tn\" \/>\n<meta name=\"twitter:label1\" content=\"\u00c9crit par\" \/>\n\t<meta name=\"twitter:data1\" content=\"CL\" \/>\n\t<meta name=\"twitter:label2\" content=\"Dur\u00e9e de lecture estim\u00e9e\" \/>\n\t<meta name=\"twitter:data2\" content=\"1 minute\" \/>\n<script type=\"application\/ld+json\" class=\"yoast-schema-graph\">{\"@context\":\"https:\\\/\\\/schema.org\",\"@graph\":[{\"@type\":\"NewsArticle\",\"@id\":\"https:\\\/\\\/www.webdo.tn\\\/fr\\\/actualite\\\/national\\\/detournement-de-la-circulation-a-l-entree-sud-de-tunis\\\/216896\\\/#article\",\"isPartOf\":{\"@id\":\"https:\\\/\\\/www.webdo.tn\\\/fr\\\/actualite\\\/national\\\/detournement-de-la-circulation-a-l-entree-sud-de-tunis\\\/216896\\\/\"},\"author\":{\"name\":\"CL\",\"@id\":\"https:\\\/\\\/www.webdo.tn\\\/fr\\\/#\\\/schema\\\/person\\\/f35b42a42c5e2511bbd282959d6385cc\"},\"headline\":\"D\u00e9tournement de la circulation \u00e0 l&rsquo;entr\u00e9e sud de Tunis\",\"datePublished\":\"2024-10-10T09:23:00+00:00\",\"dateModified\":\"2025-05-20T22:34:42+00:00\",\"mainEntityOfPage\":{\"@id\":\"https:\\\/\\\/www.webdo.tn\\\/fr\\\/actualite\\\/national\\\/detournement-de-la-circulation-a-l-entree-sud-de-tunis\\\/216896\\\/\"},\"wordCount\":136,\"commentCount\":0,\"publisher\":{\"@id\":\"https:\\\/\\\/www.webdo.tn\\\/fr\\\/#organization\"},\"image\":{\"@id\":\"https:\\\/\\\/www.webdo.tn\\\/fr\\\/actualite\\\/national\\\/detournement-de-la-circulation-a-l-entree-sud-de-tunis\\\/216896\\\/#primaryimage\"},\"thumbnailUrl\":\"https:\\\/\\\/www.webdo.tn\\\/fr\\\/wp-content\\\/uploads\\\/2024\\\/10\\\/5fbde61763ed3a77147620e8116910af.webp\",\"keywords\":[\"Autoroute\",\"circulation\",\"d\u00e9tournement\",\"entr\u00e9e sud\",\"hammamet\",\"Tunis\",\"Tunisie\"],\"articleSection\":[\"National\"],\"inLanguage\":\"fr-FR\"},{\"@type\":\"WebPage\",\"@id\":\"https:\\\/\\\/www.webdo.tn\\\/fr\\\/actualite\\\/national\\\/detournement-de-la-circulation-a-l-entree-sud-de-tunis\\\/216896\\\/\",\"url\":\"https:\\\/\\\/www.webdo.tn\\\/fr\\\/actualite\\\/national\\\/detournement-de-la-circulation-a-l-entree-sud-de-tunis\\\/216896\\\/\",\"name\":\"D\u00e9tournement de la circulation \u00e0 l'entr\u00e9e sud de Tunis\",\"isPartOf\":{\"@id\":\"https:\\\/\\\/www.webdo.tn\\\/fr\\\/#website\"},\"primaryImageOfPage\":{\"@id\":\"https:\\\/\\\/www.webdo.tn\\\/fr\\\/actualite\\\/national\\\/detournement-de-la-circulation-a-l-entree-sud-de-tunis\\\/216896\\\/#primaryimage\"},\"image\":{\"@id\":\"https:\\\/\\\/www.webdo.tn\\\/fr\\\/actualite\\\/national\\\/detournement-de-la-circulation-a-l-entree-sud-de-tunis\\\/216896\\\/#primaryimage\"},\"thumbnailUrl\":\"https:\\\/\\\/www.webdo.tn\\\/fr\\\/wp-content\\\/uploads\\\/2024\\\/10\\\/5fbde61763ed3a77147620e8116910af.webp\",\"datePublished\":\"2024-10-10T09:23:00+00:00\",\"dateModified\":\"2025-05-20T22:34:42+00:00\",\"description\":\"Le minist\u00e8re de l'\u00c9quipement et de l'Habitat a annonc\u00e9 un d\u00e9tournement partiel de la circulation \u00e0 l'entr\u00e9e sud de la capitale, sur la route r\u00e9gionale n\u00b022, \u00e0 p...\",\"breadcrumb\":{\"@id\":\"https:\\\/\\\/www.webdo.tn\\\/fr\\\/actualite\\\/national\\\/detournement-de-la-circulation-a-l-entree-sud-de-tunis\\\/216896\\\/#breadcrumb\"},\"inLanguage\":\"fr-FR\",\"potentialAction\":[{\"@type\":\"ReadAction\",\"target\":[\"https:\\\/\\\/www.webdo.tn\\\/fr\\\/actualite\\\/national\\\/detournement-de-la-circulation-a-l-entree-sud-de-tunis\\\/216896\\\/\"]}]},{\"@type\":\"ImageObject\",\"inLanguage\":\"fr-FR\",\"@id\":\"https:\\\/\\\/www.webdo.tn\\\/fr\\\/actualite\\\/national\\\/detournement-de-la-circulation-a-l-entree-sud-de-tunis\\\/216896\\\/#primaryimage\",\"url\":\"https:\\\/\\\/www.webdo.tn\\\/fr\\\/wp-content\\\/uploads\\\/2024\\\/10\\\/5fbde61763ed3a77147620e8116910af.webp\",\"contentUrl\":\"https:\\\/\\\/www.webdo.tn\\\/fr\\\/wp-content\\\/uploads\\\/2024\\\/10\\\/5fbde61763ed3a77147620e8116910af.webp\",\"width\":750,\"height\":400,\"caption\":\"D\u00e9tournement de la circulation \u00e0 l'entr\u00e9e sud de Tunis\"},{\"@type\":\"BreadcrumbList\",\"@id\":\"https:\\\/\\\/www.webdo.tn\\\/fr\\\/actualite\\\/national\\\/detournement-de-la-circulation-a-l-entree-sud-de-tunis\\\/216896\\\/#breadcrumb\",\"itemListElement\":[{\"@type\":\"ListItem\",\"position\":1,\"name\":\"Accueil\",\"item\":\"https:\\\/\\\/www.webdo.tn\\\/fr\\\/\"},{\"@type\":\"ListItem\",\"position\":2,\"name\":\"D\u00e9tournement de la circulation \u00e0 l&#8217;entr\u00e9e sud de Tunis\"}]},{\"@type\":\"WebSite\",\"@id\":\"https:\\\/\\\/www.webdo.tn\\\/fr\\\/#website\",\"url\":\"https:\\\/\\\/www.webdo.tn\\\/fr\\\/\",\"name\":\"webdo\",\"description\":\"Tunisie - News en Tunisie et \u00e0 l&#039;international sur Webdo.tn\",\"publisher\":{\"@id\":\"https:\\\/\\\/www.webdo.tn\\\/fr\\\/#organization\"},\"potentialAction\":[{\"@type\":\"SearchAction\",\"target\":{\"@type\":\"EntryPoint\",\"urlTemplate\":\"https:\\\/\\\/www.webdo.tn\\\/fr\\\/?s={search_term_string}\"},\"query-input\":{\"@type\":\"PropertyValueSpecification\",\"valueRequired\":true,\"valueName\":\"search_term_string\"}}],\"inLanguage\":\"fr-FR\"},{\"@type\":\"Organization\",\"@id\":\"https:\\\/\\\/www.webdo.tn\\\/fr\\\/#organization\",\"name\":\"Webdo\",\"alternateName\":\"Webdo.tn\",\"url\":\"https:\\\/\\\/www.webdo.tn\\\/fr\\\/\",\"logo\":{\"@type\":\"ImageObject\",\"inLanguage\":\"fr-FR\",\"@id\":\"https:\\\/\\\/www.webdo.tn\\\/fr\\\/#\\\/schema\\\/logo\\\/image\\\/\",\"url\":\"https:\\\/\\\/www.webdo.tn\\\/fr\\\/wp-content\\\/uploads\\\/2025\\\/06\\\/Webdo-Tunisie_168377.jpg\",\"contentUrl\":\"https:\\\/\\\/www.webdo.tn\\\/fr\\\/wp-content\\\/uploads\\\/2025\\\/06\\\/Webdo-Tunisie_168377.jpg\",\"width\":301,\"height\":301,\"caption\":\"Webdo\"},\"image\":{\"@id\":\"https:\\\/\\\/www.webdo.tn\\\/fr\\\/#\\\/schema\\\/logo\\\/image\\\/\"},\"sameAs\":[\"https:\\\/\\\/www.facebook.com\\\/webdotn\",\"https:\\\/\\\/x.com\\\/webdo_tn\"],\"description\":\"Webdo est un m\u00e9dia num\u00e9rique tunisien fond\u00e9 en 2010, sp\u00e9cialis\u00e9 dans l\u2019actualit\u00e9 nationale et internationale, l\u2019\u00e9conomie, la soci\u00e9t\u00e9 et les analyses politiques. Le site s\u2019adresse \u00e0 un large public francophone et couvre l\u2019information tunisienne en temps r\u00e9el.\",\"email\":\"redac@webdo.tn\",\"legalName\":\"YNJ SARL\",\"foundingDate\":\"2010-09-06\",\"numberOfEmployees\":{\"@type\":\"QuantitativeValue\",\"minValue\":\"11\",\"maxValue\":\"50\"}},{\"@type\":\"Person\",\"@id\":\"https:\\\/\\\/www.webdo.tn\\\/fr\\\/#\\\/schema\\\/person\\\/f35b42a42c5e2511bbd282959d6385cc\",\"name\":\"CL\",\"image\":{\"@type\":\"ImageObject\",\"inLanguage\":\"fr-FR\",\"@id\":\"https:\\\/\\\/secure.gravatar.com\\\/avatar\\\/1447a49909b67aa657c488aec6512e1dd6143a480c1ecfee9b5b5cd74eb3b59e?s=96&d=mm&r=g\",\"url\":\"https:\\\/\\\/secure.gravatar.com\\\/avatar\\\/1447a49909b67aa657c488aec6512e1dd6143a480c1ecfee9b5b5cd74eb3b59e?s=96&d=mm&r=g\",\"contentUrl\":\"https:\\\/\\\/secure.gravatar.com\\\/avatar\\\/1447a49909b67aa657c488aec6512e1dd6143a480c1ecfee9b5b5cd74eb3b59e?s=96&d=mm&r=g\",\"caption\":\"CL\"},\"url\":\"https:\\\/\\\/www.webdo.tn\\\/fr\\\/actualite\\\/author\\\/cl\\\/\"}]}<\/script>\n<!-- \/ Yoast SEO Premium plugin. -->","yoast_head_json":{"title":"D\u00e9tournement de la circulation \u00e0 l'entr\u00e9e sud de Tunis","description":"Le minist\u00e8re de l'\u00c9quipement et de l'Habitat a annonc\u00e9 un d\u00e9tournement partiel de la circulation \u00e0 l'entr\u00e9e sud de la capitale, sur la route r\u00e9gionale n\u00b022, \u00e0 p...","canonical":"https:\/\/www.webdo.tn\/fr\/actualite\/national\/detournement-de-la-circulation-a-l-entree-sud-de-tunis\/216896\/","og_locale":"fr_FR","og_type":"article","og_title":"D\u00e9tournement de la circulation \u00e0 l'entr\u00e9e sud de Tunis","og_description":"Le minist\u00e8re de l'\u00c9quipement et de l'Habitat a annonc\u00e9 un d\u00e9tournement partiel de la circulation \u00e0 l'entr\u00e9e sud de la capitale, sur la route r\u00e9gionale n\u00b022, \u00e0 p...","og_url":"https:\/\/www.webdo.tn\/fr\/actualite\/national\/detournement-de-la-circulation-a-l-entree-sud-de-tunis\/216896\/","og_site_name":"webdo","article_publisher":"https:\/\/www.facebook.com\/webdotn","article_published_time":"2024-10-10T09:23:00+00:00","article_modified_time":"2025-05-20T22:34:42+00:00","og_image":[{"width":750,"height":400,"url":"https:\/\/www.webdo.tn\/fr\/wp-content\/uploads\/2024\/10\/5fbde61763ed3a77147620e8116910af.webp","type":"image\/webp"}],"author":"CL","twitter_card":"summary_large_image","twitter_creator":"@webdo_tn","twitter_site":"@webdo_tn","twitter_misc":{"\u00c9crit par":"CL","Dur\u00e9e de lecture estim\u00e9e":"1 minute"},"schema":{"@context":"https:\/\/schema.org","@graph":[{"@type":"NewsArticle","@id":"https:\/\/www.webdo.tn\/fr\/actualite\/national\/detournement-de-la-circulation-a-l-entree-sud-de-tunis\/216896\/#article","isPartOf":{"@id":"https:\/\/www.webdo.tn\/fr\/actualite\/national\/detournement-de-la-circulation-a-l-entree-sud-de-tunis\/216896\/"},"author":{"name":"CL","@id":"https:\/\/www.webdo.tn\/fr\/#\/schema\/person\/f35b42a42c5e2511bbd282959d6385cc"},"headline":"D\u00e9tournement de la circulation \u00e0 l&rsquo;entr\u00e9e sud de Tunis","datePublished":"2024-10-10T09:23:00+00:00","dateModified":"2025-05-20T22:34:42+00:00","mainEntityOfPage":{"@id":"https:\/\/www.webdo.tn\/fr\/actualite\/national\/detournement-de-la-circulation-a-l-entree-sud-de-tunis\/216896\/"},"wordCount":136,"commentCount":0,"publisher":{"@id":"https:\/\/www.webdo.tn\/fr\/#organization"},"image":{"@id":"https:\/\/www.webdo.tn\/fr\/actualite\/national\/detournement-de-la-circulation-a-l-entree-sud-de-tunis\/216896\/#primaryimage"},"thumbnailUrl":"https:\/\/www.webdo.tn\/fr\/wp-content\/uploads\/2024\/10\/5fbde61763ed3a77147620e8116910af.webp","keywords":["Autoroute","circulation","d\u00e9tournement","entr\u00e9e sud","hammamet","Tunis","Tunisie"],"articleSection":["National"],"inLanguage":"fr-FR"},{"@type":"WebPage","@id":"https:\/\/www.webdo.tn\/fr\/actualite\/national\/detournement-de-la-circulation-a-l-entree-sud-de-tunis\/216896\/","url":"https:\/\/www.webdo.tn\/fr\/actualite\/national\/detournement-de-la-circulation-a-l-entree-sud-de-tunis\/216896\/","name":"D\u00e9tournement de la circulation \u00e0 l'entr\u00e9e sud de Tunis","isPartOf":{"@id":"https:\/\/www.webdo.tn\/fr\/#website"},"primaryImageOfPage":{"@id":"https:\/\/www.webdo.tn\/fr\/actualite\/national\/detournement-de-la-circulation-a-l-entree-sud-de-tunis\/216896\/#primaryimage"},"image":{"@id":"https:\/\/www.webdo.tn\/fr\/actualite\/national\/detournement-de-la-circulation-a-l-entree-sud-de-tunis\/216896\/#primaryimage"},"thumbnailUrl":"https:\/\/www.webdo.tn\/fr\/wp-content\/uploads\/2024\/10\/5fbde61763ed3a77147620e8116910af.webp","datePublished":"2024-10-10T09:23:00+00:00","dateModified":"2025-05-20T22:34:42+00:00","description":"Le minist\u00e8re de l'\u00c9quipement et de l'Habitat a annonc\u00e9 un d\u00e9tournement partiel de la circulation \u00e0 l'entr\u00e9e sud de la capitale, sur la route r\u00e9gionale n\u00b022, \u00e0 p...","breadcrumb":{"@id":"https:\/\/www.webdo.tn\/fr\/actualite\/national\/detournement-de-la-circulation-a-l-entree-sud-de-tunis\/216896\/#breadcrumb"},"inLanguage":"fr-FR","potentialAction":[{"@type":"ReadAction","target":["https:\/\/www.webdo.tn\/fr\/actualite\/national\/detournement-de-la-circulation-a-l-entree-sud-de-tunis\/216896\/"]}]},{"@type":"ImageObject","inLanguage":"fr-FR","@id":"https:\/\/www.webdo.tn\/fr\/actualite\/national\/detournement-de-la-circulation-a-l-entree-sud-de-tunis\/216896\/#primaryimage","url":"https:\/\/www.webdo.tn\/fr\/wp-content\/uploads\/2024\/10\/5fbde61763ed3a77147620e8116910af.webp","contentUrl":"https:\/\/www.webdo.tn\/fr\/wp-content\/uploads\/2024\/10\/5fbde61763ed3a77147620e8116910af.webp","width":750,"height":400,"caption":"D\u00e9tournement de la circulation \u00e0 l'entr\u00e9e sud de Tunis"},{"@type":"BreadcrumbList","@id":"https:\/\/www.webdo.tn\/fr\/actualite\/national\/detournement-de-la-circulation-a-l-entree-sud-de-tunis\/216896\/#breadcrumb","itemListElement":[{"@type":"ListItem","position":1,"name":"Accueil","item":"https:\/\/www.webdo.tn\/fr\/"},{"@type":"ListItem","position":2,"name":"D\u00e9tournement de la circulation \u00e0 l&#8217;entr\u00e9e sud de Tunis"}]},{"@type":"WebSite","@id":"https:\/\/www.webdo.tn\/fr\/#website","url":"https:\/\/www.webdo.tn\/fr\/","name":"webdo","description":"Tunisie - News en Tunisie et \u00e0 l&#039;international sur Webdo.tn","publisher":{"@id":"https:\/\/www.webdo.tn\/fr\/#organization"},"potentialAction":[{"@type":"SearchAction","target":{"@type":"EntryPoint","urlTemplate":"https:\/\/www.webdo.tn\/fr\/?s={search_term_string}"},"query-input":{"@type":"PropertyValueSpecification","valueRequired":true,"valueName":"search_term_string"}}],"inLanguage":"fr-FR"},{"@type":"Organization","@id":"https:\/\/www.webdo.tn\/fr\/#organization","name":"Webdo","alternateName":"Webdo.tn","url":"https:\/\/www.webdo.tn\/fr\/","logo":{"@type":"ImageObject","inLanguage":"fr-FR","@id":"https:\/\/www.webdo.tn\/fr\/#\/schema\/logo\/image\/","url":"https:\/\/www.webdo.tn\/fr\/wp-content\/uploads\/2025\/06\/Webdo-Tunisie_168377.jpg","contentUrl":"https:\/\/www.webdo.tn\/fr\/wp-content\/uploads\/2025\/06\/Webdo-Tunisie_168377.jpg","width":301,"height":301,"caption":"Webdo"},"image":{"@id":"https:\/\/www.webdo.tn\/fr\/#\/schema\/logo\/image\/"},"sameAs":["https:\/\/www.facebook.com\/webdotn","https:\/\/x.com\/webdo_tn"],"description":"Webdo est un m\u00e9dia num\u00e9rique tunisien fond\u00e9 en 2010, sp\u00e9cialis\u00e9 dans l\u2019actualit\u00e9 nationale et internationale, l\u2019\u00e9conomie, la soci\u00e9t\u00e9 et les analyses politiques. Le site s\u2019adresse \u00e0 un large public francophone et couvre l\u2019information tunisienne en temps r\u00e9el.","email":"redac@webdo.tn","legalName":"YNJ SARL","foundingDate":"2010-09-06","numberOfEmployees":{"@type":"QuantitativeValue","minValue":"11","maxValue":"50"}},{"@type":"Person","@id":"https:\/\/www.webdo.tn\/fr\/#\/schema\/person\/f35b42a42c5e2511bbd282959d6385cc","name":"CL","image":{"@type":"ImageObject","inLanguage":"fr-FR","@id":"https:\/\/secure.gravatar.com\/avatar\/1447a49909b67aa657c488aec6512e1dd6143a480c1ecfee9b5b5cd74eb3b59e?s=96&d=mm&r=g","url":"https:\/\/secure.gravatar.com\/avatar\/1447a49909b67aa657c488aec6512e1dd6143a480c1ecfee9b5b5cd74eb3b59e?s=96&d=mm&r=g","contentUrl":"https:\/\/secure.gravatar.com\/avatar\/1447a49909b67aa657c488aec6512e1dd6143a480c1ecfee9b5b5cd74eb3b59e?s=96&d=mm&r=g","caption":"CL"},"url":"https:\/\/www.webdo.tn\/fr\/actualite\/author\/cl\/"}]}},"_links":{"self":[{"href":"https:\/\/www.webdo.tn\/fr\/wp-json\/wp\/v2\/posts\/216896","targetHints":{"allow":["GET"]}}],"collection":[{"href":"https:\/\/www.webdo.tn\/fr\/wp-json\/wp\/v2\/posts"}],"about":[{"href":"https:\/\/www.webdo.tn\/fr\/wp-json\/wp\/v2\/types\/post"}],"author":[{"embeddable":true,"href":"https:\/\/www.webdo.tn\/fr\/wp-json\/wp\/v2\/users\/3175"}],"replies":[{"embeddable":true,"href":"https:\/\/www.webdo.tn\/fr\/wp-json\/wp\/v2\/comments?post=216896"}],"version-history":[{"count":0,"href":"https:\/\/www.webdo.tn\/fr\/wp-json\/wp\/v2\/posts\/216896\/revisions"}],"wp:featuredmedia":[{"embeddable":true,"href":"https:\/\/www.webdo.tn\/fr\/wp-json\/wp\/v2\/media\/246368"}],"wp:attachment":[{"href":"https:\/\/www.webdo.tn\/fr\/wp-json\/wp\/v2\/media?parent=216896"}],"wp:term":[{"taxonomy":"category","embeddable":true,"href":"https:\/\/www.webdo.tn\/fr\/wp-json\/wp\/v2\/categories?post=216896"},{"taxonomy":"post_tag","embeddable":true,"href":"https:\/\/www.webdo.tn\/fr\/wp-json\/wp\/v2\/tags?post=216896"}],"curies":[{"name":"wp","href":"https:\/\/api.w.org\/{rel}","templated":true}]}}