{"id":216876,"date":"2024-10-09T11:45:00","date_gmt":"2024-10-09T11:45:00","guid":{"rendered":"https:\/\/www.webdo.tn\/fr\/blog\/aurons-nous-comme-en-pologne-des-musees-pour-enfants\/216876\/"},"modified":"2025-05-17T20:27:03","modified_gmt":"2025-05-17T20:27:03","slug":"aurons-nous-comme-en-pologne-des-musees-pour-enfants","status":"publish","type":"post","link":"https:\/\/www.webdo.tn\/fr\/actualite\/chroniques\/aurons-nous-comme-en-pologne-des-musees-pour-enfants\/216876\/","title":{"rendered":"Aurons-nous, comme en Pologne, des mus\u00e9es pour enfants ?"},"content":{"rendered":"<p>A Varsovie, le Centre des sciences Copernic constitue un bel exemple d&rsquo;animation mus\u00e9ale pour les enfants. Une exp\u00e9rience \u00e0 tenter en Tunisie.<\/p>\n<p>\t\t\t\t\t\t\t\t\tLa Pologne est un pays r\u00e9put\u00e9 pour le nombre et la qualit\u00e9 de ses mus\u00e9es. Dans la capitale, Varsovie, il existe plus de soixante mus\u00e9es g\u00e9n\u00e9ralistes ou consacr\u00e9s \u00e0 des th\u00e9matiques particuli\u00e8res.<\/p>\n<p>Ce qui est remarquable dans ces mus\u00e9es, c&rsquo;est le fait qu&rsquo;ils consacrent pour certains d&rsquo;entre eux, des sections pour les enfants et m\u00eame des horaires \u00e0 part. Des aires de jeu sont \u00e9galement pr\u00e9vues et disponibles.<\/p>\n<p>Ces sections pour enfants sont tr\u00e8s interactives et dot\u00e9es de nombreux \u00e9crans qui permettent des visites entre amusement et p\u00e9dagogie. \u00c0 Varsovie, il existe m\u00eame des visites guid\u00e9es du parc zoologique sp\u00e9cialement con\u00e7ues pour les enfants.<\/p>\n<p>Avec plus d&rsquo;un million de visiteurs par an, le Centre des Sciences Copernic constitue un exemple remarquable. Avec son plan\u00e9tarium et ses salles didactiques, cet espace mus\u00e9al a ajust\u00e9 ses prestations en incluant les enfants qui sont tr\u00e8s nombreux \u00e0 s&rsquo;y rendre.<\/p>\n<p>Pourquoi ne pas \u00e9tudier ces exp\u00e9riences polonaises ? Pourquoi ne pas penser \u00e0 un mus\u00e9e pour enfants en Tunisie ? Comment concevoir des visites guid\u00e9es pour les enfants dans nos mus\u00e9es, sites arch\u00e9ologiques et autres cit\u00e9 des sciences ou mus\u00e9e oc\u00e9anographique ?<br \/>\nDes questions qui m\u00e9riteraient qu&rsquo;on s&rsquo;y penche de pr\u00e8s !<\/p>\n","protected":false},"excerpt":{"rendered":"<p>La Pologne est un pays r\u00e9put\u00e9 pour le nombre et la qualit\u00e9 de ses mus\u00e9es. Dans la capitale, Varsovie, il existe plus de soixante mus\u00e9es g\u00e9n\u00e9ralistes ou consacr\u00e9&#8230;<\/p>\n","protected":false},"author":3229,"featured_media":246384,"comment_status":"open","ping_status":"closed","sticky":false,"template":"","format":"standard","meta":{"footnotes":""},"categories":[2596],"tags":[2956,3328,4399,2608],"class_list":["post-216876","post","type-post","status-publish","format-standard","has-post-thumbnail","hentry","category-chroniques","tag-enfants","tag-musee","tag-pologne","tag-tunisie"],"yoast_head":"<!-- This site is optimized with the Yoast SEO Premium plugin v27.4 (Yoast SEO v27.5) - https:\/\/yoast.com\/product\/yoast-seo-premium-wordpress\/ -->\n<title>Aurons-nous, comme en Pologne, des mus\u00e9es pour enfants ?<\/title>\n<meta name=\"description\" content=\"La Pologne est un pays r\u00e9put\u00e9 pour le nombre et la qualit\u00e9 de ses mus\u00e9es. Dans la capitale, Varsovie, il existe plus de soixante mus\u00e9es g\u00e9n\u00e9ralistes ou consacr\u00e9...\" \/>\n<link rel=\"canonical\" href=\"https:\/\/www.webdo.tn\/fr\/actualite\/chroniques\/aurons-nous-comme-en-pologne-des-musees-pour-enfants\/216876\/\" \/>\n<meta property=\"og:locale\" content=\"fr_FR\" \/>\n<meta property=\"og:type\" content=\"article\" \/>\n<meta property=\"og:title\" content=\"Aurons-nous, comme en Pologne, des mus\u00e9es pour enfants ?\" \/>\n<meta property=\"og:description\" content=\"La Pologne est un pays r\u00e9put\u00e9 pour le nombre et la qualit\u00e9 de ses mus\u00e9es. Dans la capitale, Varsovie, il existe plus de soixante mus\u00e9es g\u00e9n\u00e9ralistes ou consacr\u00e9...\" \/>\n<meta property=\"og:url\" content=\"https:\/\/www.webdo.tn\/fr\/actualite\/chroniques\/aurons-nous-comme-en-pologne-des-musees-pour-enfants\/216876\/\" \/>\n<meta property=\"og:site_name\" content=\"webdo\" \/>\n<meta property=\"article:publisher\" content=\"https:\/\/www.facebook.com\/webdotn\" \/>\n<meta property=\"article:author\" content=\"https:\/\/www.facebook.com\/hatem.bourial.2025\" \/>\n<meta property=\"article:published_time\" content=\"2024-10-09T11:45:00+00:00\" \/>\n<meta property=\"article:modified_time\" content=\"2025-05-17T20:27:03+00:00\" \/>\n<meta property=\"og:image\" content=\"https:\/\/www.webdo.tn\/fr\/wp-content\/uploads\/2024\/10\/e829083decb771549e6735e1a16a2030.webp\" \/>\n\t<meta property=\"og:image:width\" content=\"750\" \/>\n\t<meta property=\"og:image:height\" content=\"400\" \/>\n\t<meta property=\"og:image:type\" content=\"image\/webp\" \/>\n<meta name=\"author\" content=\"Hatem Bourial\" \/>\n<meta name=\"twitter:card\" content=\"summary_large_image\" \/>\n<meta name=\"twitter:creator\" content=\"@webdo_tn\" \/>\n<meta name=\"twitter:site\" content=\"@webdo_tn\" \/>\n<meta name=\"twitter:label1\" content=\"\u00c9crit par\" \/>\n\t<meta name=\"twitter:data1\" content=\"Hatem Bourial\" \/>\n\t<meta name=\"twitter:label2\" content=\"Dur\u00e9e de lecture estim\u00e9e\" \/>\n\t<meta name=\"twitter:data2\" content=\"1 minute\" \/>\n<script type=\"application\/ld+json\" class=\"yoast-schema-graph\">{\"@context\":\"https:\\\/\\\/schema.org\",\"@graph\":[{\"@type\":\"NewsArticle\",\"@id\":\"https:\\\/\\\/www.webdo.tn\\\/fr\\\/actualite\\\/chroniques\\\/aurons-nous-comme-en-pologne-des-musees-pour-enfants\\\/216876\\\/#article\",\"isPartOf\":{\"@id\":\"https:\\\/\\\/www.webdo.tn\\\/fr\\\/actualite\\\/chroniques\\\/aurons-nous-comme-en-pologne-des-musees-pour-enfants\\\/216876\\\/\"},\"author\":{\"name\":\"Hatem Bourial\",\"@id\":\"https:\\\/\\\/www.webdo.tn\\\/fr\\\/#\\\/schema\\\/person\\\/6bc0beba2cd23aec27cb5df85ca2554f\"},\"headline\":\"Aurons-nous, comme en Pologne, des mus\u00e9es pour enfants ?\",\"datePublished\":\"2024-10-09T11:45:00+00:00\",\"dateModified\":\"2025-05-17T20:27:03+00:00\",\"mainEntityOfPage\":{\"@id\":\"https:\\\/\\\/www.webdo.tn\\\/fr\\\/actualite\\\/chroniques\\\/aurons-nous-comme-en-pologne-des-musees-pour-enfants\\\/216876\\\/\"},\"wordCount\":259,\"commentCount\":0,\"publisher\":{\"@id\":\"https:\\\/\\\/www.webdo.tn\\\/fr\\\/#organization\"},\"image\":{\"@id\":\"https:\\\/\\\/www.webdo.tn\\\/fr\\\/actualite\\\/chroniques\\\/aurons-nous-comme-en-pologne-des-musees-pour-enfants\\\/216876\\\/#primaryimage\"},\"thumbnailUrl\":\"https:\\\/\\\/www.webdo.tn\\\/fr\\\/wp-content\\\/uploads\\\/2024\\\/10\\\/e829083decb771549e6735e1a16a2030.webp\",\"keywords\":[\"enfants\",\"mus\u00e9e\",\"pologne\",\"Tunisie\"],\"articleSection\":[\"Chroniques\"],\"inLanguage\":\"fr-FR\"},{\"@type\":\"WebPage\",\"@id\":\"https:\\\/\\\/www.webdo.tn\\\/fr\\\/actualite\\\/chroniques\\\/aurons-nous-comme-en-pologne-des-musees-pour-enfants\\\/216876\\\/\",\"url\":\"https:\\\/\\\/www.webdo.tn\\\/fr\\\/actualite\\\/chroniques\\\/aurons-nous-comme-en-pologne-des-musees-pour-enfants\\\/216876\\\/\",\"name\":\"Aurons-nous, comme en Pologne, des mus\u00e9es pour enfants ?\",\"isPartOf\":{\"@id\":\"https:\\\/\\\/www.webdo.tn\\\/fr\\\/#website\"},\"primaryImageOfPage\":{\"@id\":\"https:\\\/\\\/www.webdo.tn\\\/fr\\\/actualite\\\/chroniques\\\/aurons-nous-comme-en-pologne-des-musees-pour-enfants\\\/216876\\\/#primaryimage\"},\"image\":{\"@id\":\"https:\\\/\\\/www.webdo.tn\\\/fr\\\/actualite\\\/chroniques\\\/aurons-nous-comme-en-pologne-des-musees-pour-enfants\\\/216876\\\/#primaryimage\"},\"thumbnailUrl\":\"https:\\\/\\\/www.webdo.tn\\\/fr\\\/wp-content\\\/uploads\\\/2024\\\/10\\\/e829083decb771549e6735e1a16a2030.webp\",\"datePublished\":\"2024-10-09T11:45:00+00:00\",\"dateModified\":\"2025-05-17T20:27:03+00:00\",\"description\":\"La Pologne est un pays r\u00e9put\u00e9 pour le nombre et la qualit\u00e9 de ses mus\u00e9es. Dans la capitale, Varsovie, il existe plus de soixante mus\u00e9es g\u00e9n\u00e9ralistes ou consacr\u00e9...\",\"breadcrumb\":{\"@id\":\"https:\\\/\\\/www.webdo.tn\\\/fr\\\/actualite\\\/chroniques\\\/aurons-nous-comme-en-pologne-des-musees-pour-enfants\\\/216876\\\/#breadcrumb\"},\"inLanguage\":\"fr-FR\",\"potentialAction\":[{\"@type\":\"ReadAction\",\"target\":[\"https:\\\/\\\/www.webdo.tn\\\/fr\\\/actualite\\\/chroniques\\\/aurons-nous-comme-en-pologne-des-musees-pour-enfants\\\/216876\\\/\"]}]},{\"@type\":\"ImageObject\",\"inLanguage\":\"fr-FR\",\"@id\":\"https:\\\/\\\/www.webdo.tn\\\/fr\\\/actualite\\\/chroniques\\\/aurons-nous-comme-en-pologne-des-musees-pour-enfants\\\/216876\\\/#primaryimage\",\"url\":\"https:\\\/\\\/www.webdo.tn\\\/fr\\\/wp-content\\\/uploads\\\/2024\\\/10\\\/e829083decb771549e6735e1a16a2030.webp\",\"contentUrl\":\"https:\\\/\\\/www.webdo.tn\\\/fr\\\/wp-content\\\/uploads\\\/2024\\\/10\\\/e829083decb771549e6735e1a16a2030.webp\",\"width\":750,\"height\":400,\"caption\":\"Aurons-nous, comme en Pologne, des mus\u00e9es pour enfants ?\"},{\"@type\":\"BreadcrumbList\",\"@id\":\"https:\\\/\\\/www.webdo.tn\\\/fr\\\/actualite\\\/chroniques\\\/aurons-nous-comme-en-pologne-des-musees-pour-enfants\\\/216876\\\/#breadcrumb\",\"itemListElement\":[{\"@type\":\"ListItem\",\"position\":1,\"name\":\"Accueil\",\"item\":\"https:\\\/\\\/www.webdo.tn\\\/fr\\\/\"},{\"@type\":\"ListItem\",\"position\":2,\"name\":\"Aurons-nous, comme en Pologne, des mus\u00e9es pour enfants ?\"}]},{\"@type\":\"WebSite\",\"@id\":\"https:\\\/\\\/www.webdo.tn\\\/fr\\\/#website\",\"url\":\"https:\\\/\\\/www.webdo.tn\\\/fr\\\/\",\"name\":\"webdo\",\"description\":\"Tunisie - News en Tunisie et \u00e0 l&#039;international sur Webdo.tn\",\"publisher\":{\"@id\":\"https:\\\/\\\/www.webdo.tn\\\/fr\\\/#organization\"},\"potentialAction\":[{\"@type\":\"SearchAction\",\"target\":{\"@type\":\"EntryPoint\",\"urlTemplate\":\"https:\\\/\\\/www.webdo.tn\\\/fr\\\/?s={search_term_string}\"},\"query-input\":{\"@type\":\"PropertyValueSpecification\",\"valueRequired\":true,\"valueName\":\"search_term_string\"}}],\"inLanguage\":\"fr-FR\"},{\"@type\":\"Organization\",\"@id\":\"https:\\\/\\\/www.webdo.tn\\\/fr\\\/#organization\",\"name\":\"Webdo\",\"alternateName\":\"Webdo.tn\",\"url\":\"https:\\\/\\\/www.webdo.tn\\\/fr\\\/\",\"logo\":{\"@type\":\"ImageObject\",\"inLanguage\":\"fr-FR\",\"@id\":\"https:\\\/\\\/www.webdo.tn\\\/fr\\\/#\\\/schema\\\/logo\\\/image\\\/\",\"url\":\"https:\\\/\\\/www.webdo.tn\\\/fr\\\/wp-content\\\/uploads\\\/2025\\\/06\\\/Webdo-Tunisie_168377.jpg\",\"contentUrl\":\"https:\\\/\\\/www.webdo.tn\\\/fr\\\/wp-content\\\/uploads\\\/2025\\\/06\\\/Webdo-Tunisie_168377.jpg\",\"width\":301,\"height\":301,\"caption\":\"Webdo\"},\"image\":{\"@id\":\"https:\\\/\\\/www.webdo.tn\\\/fr\\\/#\\\/schema\\\/logo\\\/image\\\/\"},\"sameAs\":[\"https:\\\/\\\/www.facebook.com\\\/webdotn\",\"https:\\\/\\\/x.com\\\/webdo_tn\"],\"description\":\"Webdo est un m\u00e9dia num\u00e9rique tunisien fond\u00e9 en 2010, sp\u00e9cialis\u00e9 dans l\u2019actualit\u00e9 nationale et internationale, l\u2019\u00e9conomie, la soci\u00e9t\u00e9 et les analyses politiques. Le site s\u2019adresse \u00e0 un large public francophone et couvre l\u2019information tunisienne en temps r\u00e9el.\",\"email\":\"redac@webdo.tn\",\"legalName\":\"YNJ SARL\",\"foundingDate\":\"2010-09-06\",\"numberOfEmployees\":{\"@type\":\"QuantitativeValue\",\"minValue\":\"11\",\"maxValue\":\"50\"}},{\"@type\":\"Person\",\"@id\":\"https:\\\/\\\/www.webdo.tn\\\/fr\\\/#\\\/schema\\\/person\\\/6bc0beba2cd23aec27cb5df85ca2554f\",\"name\":\"Hatem Bourial\",\"image\":{\"@type\":\"ImageObject\",\"inLanguage\":\"fr-FR\",\"@id\":\"https:\\\/\\\/www.webdo.tn\\\/fr\\\/wp-content\\\/uploads\\\/2026\\\/04\\\/hatem-bourial_avatar-96x96.jpg\",\"url\":\"https:\\\/\\\/www.webdo.tn\\\/fr\\\/wp-content\\\/uploads\\\/2026\\\/04\\\/hatem-bourial_avatar-96x96.jpg\",\"contentUrl\":\"https:\\\/\\\/www.webdo.tn\\\/fr\\\/wp-content\\\/uploads\\\/2026\\\/04\\\/hatem-bourial_avatar-96x96.jpg\",\"caption\":\"Hatem Bourial\"},\"description\":\"Hatem Bourial est journaliste, \u00e9crivain et chroniqueur tunisien. Actif depuis plusieurs d\u00e9cennies, il s\u2019est impos\u00e9 comme un observateur attentif de la soci\u00e9t\u00e9 tunisienne, m\u00ealant dans ses \u00e9crits m\u00e9moire, culture et analyse du quotidien. Auteur de nombreux ouvrages, il d\u00e9veloppe une \u0153uvre \u00e0 la crois\u00e9e du r\u00e9cit, de la po\u00e9sie et de l\u2019observation sociologique. Parall\u00e8lement \u00e0 ses contributions dans la presse, il intervient r\u00e9guli\u00e8rement \u00e0 la radio et dans des espaces culturels, o\u00f9 il explore les enjeux li\u00e9s au patrimoine, \u00e0 l\u2019identit\u00e9 et aux transformations du monde contemporain. \u00c0 travers ses chroniques, Hatem Bourial propose une lecture sensible et approfondie de l\u2019actualit\u00e9, nourrie par une exp\u00e9rience journalistique et litt\u00e9raire reconnue. \ud83d\udd17 Facebook : https:\\\/\\\/www.facebook.com\\\/hatem.bourial.2025\",\"sameAs\":[\"https:\\\/\\\/www.facebook.com\\\/hatem.bourial.2025\",\"https:\\\/\\\/fr.wikipedia.org\\\/wiki\\\/Fichier:Hatem_Bourial.jpg\"],\"knowsAbout\":[\"Culture & patrimoine tunisien\",\"Chronique soci\u00e9tale\",\"Litt\u00e9rature & m\u00e9moire\",\"Cin\u00e9ma & critique culturelle\",\"Identit\u00e9 & mutations sociales\"],\"knowsLanguage\":[\"Arabe\",\"Fran\u00e7ais\",\"Anglais\",\"Italien\",\"Polonais\"],\"jobTitle\":\"Journaliste, \u00e9crivain et chroniqueur culturel\",\"worksFor\":\"Webdo\",\"url\":\"https:\\\/\\\/www.webdo.tn\\\/fr\\\/actualite\\\/author\\\/hatem-bourial-2\\\/\"}]}<\/script>\n<!-- \/ Yoast SEO Premium plugin. -->","yoast_head_json":{"title":"Aurons-nous, comme en Pologne, des mus\u00e9es pour enfants ?","description":"La Pologne est un pays r\u00e9put\u00e9 pour le nombre et la qualit\u00e9 de ses mus\u00e9es. Dans la capitale, Varsovie, il existe plus de soixante mus\u00e9es g\u00e9n\u00e9ralistes ou consacr\u00e9...","canonical":"https:\/\/www.webdo.tn\/fr\/actualite\/chroniques\/aurons-nous-comme-en-pologne-des-musees-pour-enfants\/216876\/","og_locale":"fr_FR","og_type":"article","og_title":"Aurons-nous, comme en Pologne, des mus\u00e9es pour enfants ?","og_description":"La Pologne est un pays r\u00e9put\u00e9 pour le nombre et la qualit\u00e9 de ses mus\u00e9es. Dans la capitale, Varsovie, il existe plus de soixante mus\u00e9es g\u00e9n\u00e9ralistes ou consacr\u00e9...","og_url":"https:\/\/www.webdo.tn\/fr\/actualite\/chroniques\/aurons-nous-comme-en-pologne-des-musees-pour-enfants\/216876\/","og_site_name":"webdo","article_publisher":"https:\/\/www.facebook.com\/webdotn","article_author":"https:\/\/www.facebook.com\/hatem.bourial.2025","article_published_time":"2024-10-09T11:45:00+00:00","article_modified_time":"2025-05-17T20:27:03+00:00","og_image":[{"width":750,"height":400,"url":"https:\/\/www.webdo.tn\/fr\/wp-content\/uploads\/2024\/10\/e829083decb771549e6735e1a16a2030.webp","type":"image\/webp"}],"author":"Hatem Bourial","twitter_card":"summary_large_image","twitter_creator":"@webdo_tn","twitter_site":"@webdo_tn","twitter_misc":{"\u00c9crit par":"Hatem Bourial","Dur\u00e9e de lecture estim\u00e9e":"1 minute"},"schema":{"@context":"https:\/\/schema.org","@graph":[{"@type":"NewsArticle","@id":"https:\/\/www.webdo.tn\/fr\/actualite\/chroniques\/aurons-nous-comme-en-pologne-des-musees-pour-enfants\/216876\/#article","isPartOf":{"@id":"https:\/\/www.webdo.tn\/fr\/actualite\/chroniques\/aurons-nous-comme-en-pologne-des-musees-pour-enfants\/216876\/"},"author":{"name":"Hatem Bourial","@id":"https:\/\/www.webdo.tn\/fr\/#\/schema\/person\/6bc0beba2cd23aec27cb5df85ca2554f"},"headline":"Aurons-nous, comme en Pologne, des mus\u00e9es pour enfants ?","datePublished":"2024-10-09T11:45:00+00:00","dateModified":"2025-05-17T20:27:03+00:00","mainEntityOfPage":{"@id":"https:\/\/www.webdo.tn\/fr\/actualite\/chroniques\/aurons-nous-comme-en-pologne-des-musees-pour-enfants\/216876\/"},"wordCount":259,"commentCount":0,"publisher":{"@id":"https:\/\/www.webdo.tn\/fr\/#organization"},"image":{"@id":"https:\/\/www.webdo.tn\/fr\/actualite\/chroniques\/aurons-nous-comme-en-pologne-des-musees-pour-enfants\/216876\/#primaryimage"},"thumbnailUrl":"https:\/\/www.webdo.tn\/fr\/wp-content\/uploads\/2024\/10\/e829083decb771549e6735e1a16a2030.webp","keywords":["enfants","mus\u00e9e","pologne","Tunisie"],"articleSection":["Chroniques"],"inLanguage":"fr-FR"},{"@type":"WebPage","@id":"https:\/\/www.webdo.tn\/fr\/actualite\/chroniques\/aurons-nous-comme-en-pologne-des-musees-pour-enfants\/216876\/","url":"https:\/\/www.webdo.tn\/fr\/actualite\/chroniques\/aurons-nous-comme-en-pologne-des-musees-pour-enfants\/216876\/","name":"Aurons-nous, comme en Pologne, des mus\u00e9es pour enfants ?","isPartOf":{"@id":"https:\/\/www.webdo.tn\/fr\/#website"},"primaryImageOfPage":{"@id":"https:\/\/www.webdo.tn\/fr\/actualite\/chroniques\/aurons-nous-comme-en-pologne-des-musees-pour-enfants\/216876\/#primaryimage"},"image":{"@id":"https:\/\/www.webdo.tn\/fr\/actualite\/chroniques\/aurons-nous-comme-en-pologne-des-musees-pour-enfants\/216876\/#primaryimage"},"thumbnailUrl":"https:\/\/www.webdo.tn\/fr\/wp-content\/uploads\/2024\/10\/e829083decb771549e6735e1a16a2030.webp","datePublished":"2024-10-09T11:45:00+00:00","dateModified":"2025-05-17T20:27:03+00:00","description":"La Pologne est un pays r\u00e9put\u00e9 pour le nombre et la qualit\u00e9 de ses mus\u00e9es. Dans la capitale, Varsovie, il existe plus de soixante mus\u00e9es g\u00e9n\u00e9ralistes ou consacr\u00e9...","breadcrumb":{"@id":"https:\/\/www.webdo.tn\/fr\/actualite\/chroniques\/aurons-nous-comme-en-pologne-des-musees-pour-enfants\/216876\/#breadcrumb"},"inLanguage":"fr-FR","potentialAction":[{"@type":"ReadAction","target":["https:\/\/www.webdo.tn\/fr\/actualite\/chroniques\/aurons-nous-comme-en-pologne-des-musees-pour-enfants\/216876\/"]}]},{"@type":"ImageObject","inLanguage":"fr-FR","@id":"https:\/\/www.webdo.tn\/fr\/actualite\/chroniques\/aurons-nous-comme-en-pologne-des-musees-pour-enfants\/216876\/#primaryimage","url":"https:\/\/www.webdo.tn\/fr\/wp-content\/uploads\/2024\/10\/e829083decb771549e6735e1a16a2030.webp","contentUrl":"https:\/\/www.webdo.tn\/fr\/wp-content\/uploads\/2024\/10\/e829083decb771549e6735e1a16a2030.webp","width":750,"height":400,"caption":"Aurons-nous, comme en Pologne, des mus\u00e9es pour enfants ?"},{"@type":"BreadcrumbList","@id":"https:\/\/www.webdo.tn\/fr\/actualite\/chroniques\/aurons-nous-comme-en-pologne-des-musees-pour-enfants\/216876\/#breadcrumb","itemListElement":[{"@type":"ListItem","position":1,"name":"Accueil","item":"https:\/\/www.webdo.tn\/fr\/"},{"@type":"ListItem","position":2,"name":"Aurons-nous, comme en Pologne, des mus\u00e9es pour enfants ?"}]},{"@type":"WebSite","@id":"https:\/\/www.webdo.tn\/fr\/#website","url":"https:\/\/www.webdo.tn\/fr\/","name":"webdo","description":"Tunisie - News en Tunisie et \u00e0 l&#039;international sur Webdo.tn","publisher":{"@id":"https:\/\/www.webdo.tn\/fr\/#organization"},"potentialAction":[{"@type":"SearchAction","target":{"@type":"EntryPoint","urlTemplate":"https:\/\/www.webdo.tn\/fr\/?s={search_term_string}"},"query-input":{"@type":"PropertyValueSpecification","valueRequired":true,"valueName":"search_term_string"}}],"inLanguage":"fr-FR"},{"@type":"Organization","@id":"https:\/\/www.webdo.tn\/fr\/#organization","name":"Webdo","alternateName":"Webdo.tn","url":"https:\/\/www.webdo.tn\/fr\/","logo":{"@type":"ImageObject","inLanguage":"fr-FR","@id":"https:\/\/www.webdo.tn\/fr\/#\/schema\/logo\/image\/","url":"https:\/\/www.webdo.tn\/fr\/wp-content\/uploads\/2025\/06\/Webdo-Tunisie_168377.jpg","contentUrl":"https:\/\/www.webdo.tn\/fr\/wp-content\/uploads\/2025\/06\/Webdo-Tunisie_168377.jpg","width":301,"height":301,"caption":"Webdo"},"image":{"@id":"https:\/\/www.webdo.tn\/fr\/#\/schema\/logo\/image\/"},"sameAs":["https:\/\/www.facebook.com\/webdotn","https:\/\/x.com\/webdo_tn"],"description":"Webdo est un m\u00e9dia num\u00e9rique tunisien fond\u00e9 en 2010, sp\u00e9cialis\u00e9 dans l\u2019actualit\u00e9 nationale et internationale, l\u2019\u00e9conomie, la soci\u00e9t\u00e9 et les analyses politiques. Le site s\u2019adresse \u00e0 un large public francophone et couvre l\u2019information tunisienne en temps r\u00e9el.","email":"redac@webdo.tn","legalName":"YNJ SARL","foundingDate":"2010-09-06","numberOfEmployees":{"@type":"QuantitativeValue","minValue":"11","maxValue":"50"}},{"@type":"Person","@id":"https:\/\/www.webdo.tn\/fr\/#\/schema\/person\/6bc0beba2cd23aec27cb5df85ca2554f","name":"Hatem Bourial","image":{"@type":"ImageObject","inLanguage":"fr-FR","@id":"https:\/\/www.webdo.tn\/fr\/wp-content\/uploads\/2026\/04\/hatem-bourial_avatar-96x96.jpg","url":"https:\/\/www.webdo.tn\/fr\/wp-content\/uploads\/2026\/04\/hatem-bourial_avatar-96x96.jpg","contentUrl":"https:\/\/www.webdo.tn\/fr\/wp-content\/uploads\/2026\/04\/hatem-bourial_avatar-96x96.jpg","caption":"Hatem Bourial"},"description":"Hatem Bourial est journaliste, \u00e9crivain et chroniqueur tunisien. Actif depuis plusieurs d\u00e9cennies, il s\u2019est impos\u00e9 comme un observateur attentif de la soci\u00e9t\u00e9 tunisienne, m\u00ealant dans ses \u00e9crits m\u00e9moire, culture et analyse du quotidien. Auteur de nombreux ouvrages, il d\u00e9veloppe une \u0153uvre \u00e0 la crois\u00e9e du r\u00e9cit, de la po\u00e9sie et de l\u2019observation sociologique. Parall\u00e8lement \u00e0 ses contributions dans la presse, il intervient r\u00e9guli\u00e8rement \u00e0 la radio et dans des espaces culturels, o\u00f9 il explore les enjeux li\u00e9s au patrimoine, \u00e0 l\u2019identit\u00e9 et aux transformations du monde contemporain. \u00c0 travers ses chroniques, Hatem Bourial propose une lecture sensible et approfondie de l\u2019actualit\u00e9, nourrie par une exp\u00e9rience journalistique et litt\u00e9raire reconnue. \ud83d\udd17 Facebook : https:\/\/www.facebook.com\/hatem.bourial.2025","sameAs":["https:\/\/www.facebook.com\/hatem.bourial.2025","https:\/\/fr.wikipedia.org\/wiki\/Fichier:Hatem_Bourial.jpg"],"knowsAbout":["Culture & patrimoine tunisien","Chronique soci\u00e9tale","Litt\u00e9rature & m\u00e9moire","Cin\u00e9ma & critique culturelle","Identit\u00e9 & mutations sociales"],"knowsLanguage":["Arabe","Fran\u00e7ais","Anglais","Italien","Polonais"],"jobTitle":"Journaliste, \u00e9crivain et chroniqueur culturel","worksFor":"Webdo","url":"https:\/\/www.webdo.tn\/fr\/actualite\/author\/hatem-bourial-2\/"}]}},"_links":{"self":[{"href":"https:\/\/www.webdo.tn\/fr\/wp-json\/wp\/v2\/posts\/216876","targetHints":{"allow":["GET"]}}],"collection":[{"href":"https:\/\/www.webdo.tn\/fr\/wp-json\/wp\/v2\/posts"}],"about":[{"href":"https:\/\/www.webdo.tn\/fr\/wp-json\/wp\/v2\/types\/post"}],"author":[{"embeddable":true,"href":"https:\/\/www.webdo.tn\/fr\/wp-json\/wp\/v2\/users\/3229"}],"replies":[{"embeddable":true,"href":"https:\/\/www.webdo.tn\/fr\/wp-json\/wp\/v2\/comments?post=216876"}],"version-history":[{"count":0,"href":"https:\/\/www.webdo.tn\/fr\/wp-json\/wp\/v2\/posts\/216876\/revisions"}],"wp:featuredmedia":[{"embeddable":true,"href":"https:\/\/www.webdo.tn\/fr\/wp-json\/wp\/v2\/media\/246384"}],"wp:attachment":[{"href":"https:\/\/www.webdo.tn\/fr\/wp-json\/wp\/v2\/media?parent=216876"}],"wp:term":[{"taxonomy":"category","embeddable":true,"href":"https:\/\/www.webdo.tn\/fr\/wp-json\/wp\/v2\/categories?post=216876"},{"taxonomy":"post_tag","embeddable":true,"href":"https:\/\/www.webdo.tn\/fr\/wp-json\/wp\/v2\/tags?post=216876"}],"curies":[{"name":"wp","href":"https:\/\/api.w.org\/{rel}","templated":true}]}}