{"id":216864,"date":"2024-10-08T18:49:00","date_gmt":"2024-10-08T18:49:00","guid":{"rendered":"https:\/\/www.webdo.tn\/fr\/blog\/immigration-aux-etats-unis-trump-derape-encore-avec-des-propos-sur-les-mauvais-genes\/216864\/"},"modified":"2025-05-17T20:22:39","modified_gmt":"2025-05-17T20:22:39","slug":"immigration-aux-etats-unis-trump-derape-encore-avec-des-propos-sur-les-mauvais-genes","status":"publish","type":"post","link":"https:\/\/www.webdo.tn\/fr\/actualite\/international\/immigration-aux-etats-unis-trump-derape-encore-avec-des-propos-sur-les-mauvais-genes\/216864\/","title":{"rendered":"Immigration aux \u00c9tats-Unis : Trump d\u00e9rape encore avec des propos sur les \u00ab\u00a0mauvais g\u00e8nes\u00a0\u00bb"},"content":{"rendered":"<p>Donald Trump a d\u00e9clench\u00e9 une nouvelle pol\u00e9mique en affirmant lundi que des immigrants aux \u00c9tats-Unis propageaient de \u00ab\u00a0mauvais g\u00e8nes\u00a0\u00bb, moins d&rsquo;un mois apr\u00e8s avoir accus\u00e9 des Ha\u00eftiens de manger des animaux domestiques.<\/p>\n<p>Lors d&rsquo;une interview radio, l&rsquo;ancien pr\u00e9sident am\u00e9ricain a \u00e9voqu\u00e9 \u00ab\u00a013.000 meurtriers\u00a0\u00bb vivant aux \u00c9tats-Unis. \u00ab\u00a0C&rsquo;est dans leurs g\u00e8nes\u00a0\u00bb, a-t-il d\u00e9clar\u00e9, intensifiant sa rh\u00e9torique anti-immigration.<\/p>\n<p>Ces propos surviennent alors que Trump, candidat r\u00e9publicain \u00e0 la pr\u00e9sidentielle, est au coude \u00e0 coude dans les sondages avec la vice-pr\u00e9sidente d\u00e9mocrate Kamala Harris.<\/p>\n<p>Le 18 septembre, Trump avait d\u00e9j\u00e0 cibl\u00e9 la communaut\u00e9 ha\u00eftienne de Springfield (Ohio), les qualifiant de \u00ab\u00a0voleurs\u00a0\u00bb et de \u00ab\u00a0mangeurs\u00a0\u00bb d&rsquo;animaux domestiques. Ces d\u00e9clarations avaient entra\u00een\u00e9 33 alertes \u00e0 la bombe dans des \u00e9coles locales.<\/p>\n<p>Springfield, ville de 60.000 habitants, a accueilli r\u00e9cemment 15.000 Ha\u00eftiens, fuyant la crise dans leur pays.<\/p>\n<p>L&rsquo;immigration s&rsquo;impose comme un th\u00e8me majeur de la campagne pr\u00e9sidentielle de 2024.<\/p>\n","protected":false},"excerpt":{"rendered":"<p>Donald Trump suscite la controverse en affirmant que des immigrants aux \u00c9tats-Unis propagent de  mauvais g\u00e8nes . Moins d&rsquo;un mois apr\u00e8s ses remarques sur les Ha\u00ef&#8230;<\/p>\n","protected":false},"author":4779,"featured_media":246378,"comment_status":"open","ping_status":"closed","sticky":false,"template":"","format":"standard","meta":{"footnotes":""},"categories":[2598],"tags":[2916,5488,3632,5487],"class_list":["post-216864","post","type-post","status-publish","format-standard","has-post-thumbnail","hentry","category-international","tag-donald-trump","tag-haitiens","tag-immigration","tag-mauvais-genes"],"yoast_head":"<!-- This site is optimized with the Yoast SEO Premium plugin v27.5 (Yoast SEO v27.5) - https:\/\/yoast.com\/product\/yoast-seo-premium-wordpress\/ -->\n<title>Immigration aux \u00c9tats-Unis : Trump d\u00e9rape encore avec des propos sur les mauvais g\u00e8nes<\/title>\n<meta name=\"description\" content=\"Donald Trump suscite la controverse en affirmant que des immigrants aux \u00c9tats-Unis propagent de mauvais g\u00e8nes . Moins d&#039;un mois apr\u00e8s ses remarques sur les Ha\u00ef...\" \/>\n<link rel=\"canonical\" href=\"https:\/\/www.webdo.tn\/fr\/actualite\/international\/immigration-aux-etats-unis-trump-derape-encore-avec-des-propos-sur-les-mauvais-genes\/216864\/\" \/>\n<meta property=\"og:locale\" content=\"fr_FR\" \/>\n<meta property=\"og:type\" content=\"article\" \/>\n<meta property=\"og:title\" content=\"Immigration aux \u00c9tats-Unis : Trump d\u00e9rape encore avec des propos sur les &quot;mauvais g\u00e8nes&quot;\" \/>\n<meta property=\"og:description\" content=\"Donald Trump suscite la controverse en affirmant que des immigrants aux \u00c9tats-Unis propagent de mauvais g\u00e8nes . Moins d&#039;un mois apr\u00e8s ses remarques sur les Ha\u00ef...\" \/>\n<meta property=\"og:url\" content=\"https:\/\/www.webdo.tn\/fr\/actualite\/international\/immigration-aux-etats-unis-trump-derape-encore-avec-des-propos-sur-les-mauvais-genes\/216864\/\" \/>\n<meta property=\"og:site_name\" content=\"webdo\" \/>\n<meta property=\"article:publisher\" content=\"https:\/\/www.facebook.com\/webdotn\" \/>\n<meta property=\"article:published_time\" content=\"2024-10-08T18:49:00+00:00\" \/>\n<meta property=\"article:modified_time\" content=\"2025-05-17T20:22:39+00:00\" \/>\n<meta property=\"og:image\" content=\"https:\/\/www.webdo.tn\/fr\/wp-content\/uploads\/2024\/10\/ba4380a055bd93851b7fe3ece076050b.webp\" \/>\n\t<meta property=\"og:image:width\" content=\"750\" \/>\n\t<meta property=\"og:image:height\" content=\"400\" \/>\n\t<meta property=\"og:image:type\" content=\"image\/webp\" \/>\n<meta name=\"author\" content=\"Firas Ben Abdeltif\" \/>\n<meta name=\"twitter:card\" content=\"summary_large_image\" \/>\n<meta name=\"twitter:creator\" content=\"@webdo_tn\" \/>\n<meta name=\"twitter:site\" content=\"@webdo_tn\" \/>\n<meta name=\"twitter:label1\" content=\"\u00c9crit par\" \/>\n\t<meta name=\"twitter:data1\" content=\"Firas Ben Abdeltif\" \/>\n\t<meta name=\"twitter:label2\" content=\"Dur\u00e9e de lecture estim\u00e9e\" \/>\n\t<meta name=\"twitter:data2\" content=\"1 minute\" \/>\n<script type=\"application\/ld+json\" class=\"yoast-schema-graph\">{\"@context\":\"https:\\\/\\\/schema.org\",\"@graph\":[{\"@type\":\"NewsArticle\",\"@id\":\"https:\\\/\\\/www.webdo.tn\\\/fr\\\/actualite\\\/international\\\/immigration-aux-etats-unis-trump-derape-encore-avec-des-propos-sur-les-mauvais-genes\\\/216864\\\/#article\",\"isPartOf\":{\"@id\":\"https:\\\/\\\/www.webdo.tn\\\/fr\\\/actualite\\\/international\\\/immigration-aux-etats-unis-trump-derape-encore-avec-des-propos-sur-les-mauvais-genes\\\/216864\\\/\"},\"author\":{\"name\":\"Firas Ben Abdeltif\",\"@id\":\"https:\\\/\\\/www.webdo.tn\\\/fr\\\/#\\\/schema\\\/person\\\/19664196c9bfdcda126f3c27709f7d11\"},\"headline\":\"Immigration aux \u00c9tats-Unis : Trump d\u00e9rape encore avec des propos sur les \u00ab\u00a0mauvais g\u00e8nes\u00a0\u00bb\",\"datePublished\":\"2024-10-08T18:49:00+00:00\",\"dateModified\":\"2025-05-17T20:22:39+00:00\",\"mainEntityOfPage\":{\"@id\":\"https:\\\/\\\/www.webdo.tn\\\/fr\\\/actualite\\\/international\\\/immigration-aux-etats-unis-trump-derape-encore-avec-des-propos-sur-les-mauvais-genes\\\/216864\\\/\"},\"wordCount\":179,\"commentCount\":0,\"publisher\":{\"@id\":\"https:\\\/\\\/www.webdo.tn\\\/fr\\\/#organization\"},\"image\":{\"@id\":\"https:\\\/\\\/www.webdo.tn\\\/fr\\\/actualite\\\/international\\\/immigration-aux-etats-unis-trump-derape-encore-avec-des-propos-sur-les-mauvais-genes\\\/216864\\\/#primaryimage\"},\"thumbnailUrl\":\"https:\\\/\\\/www.webdo.tn\\\/fr\\\/wp-content\\\/uploads\\\/2024\\\/10\\\/ba4380a055bd93851b7fe3ece076050b.webp\",\"keywords\":[\"Donald Trump\",\"Ha\u00eftiens\",\"immigration\",\"Mauvais g\u00e8nes\"],\"articleSection\":[\"International\"],\"inLanguage\":\"fr-FR\"},{\"@type\":\"WebPage\",\"@id\":\"https:\\\/\\\/www.webdo.tn\\\/fr\\\/actualite\\\/international\\\/immigration-aux-etats-unis-trump-derape-encore-avec-des-propos-sur-les-mauvais-genes\\\/216864\\\/\",\"url\":\"https:\\\/\\\/www.webdo.tn\\\/fr\\\/actualite\\\/international\\\/immigration-aux-etats-unis-trump-derape-encore-avec-des-propos-sur-les-mauvais-genes\\\/216864\\\/\",\"name\":\"Immigration aux \u00c9tats-Unis : Trump d\u00e9rape encore avec des propos sur les mauvais g\u00e8nes\",\"isPartOf\":{\"@id\":\"https:\\\/\\\/www.webdo.tn\\\/fr\\\/#website\"},\"primaryImageOfPage\":{\"@id\":\"https:\\\/\\\/www.webdo.tn\\\/fr\\\/actualite\\\/international\\\/immigration-aux-etats-unis-trump-derape-encore-avec-des-propos-sur-les-mauvais-genes\\\/216864\\\/#primaryimage\"},\"image\":{\"@id\":\"https:\\\/\\\/www.webdo.tn\\\/fr\\\/actualite\\\/international\\\/immigration-aux-etats-unis-trump-derape-encore-avec-des-propos-sur-les-mauvais-genes\\\/216864\\\/#primaryimage\"},\"thumbnailUrl\":\"https:\\\/\\\/www.webdo.tn\\\/fr\\\/wp-content\\\/uploads\\\/2024\\\/10\\\/ba4380a055bd93851b7fe3ece076050b.webp\",\"datePublished\":\"2024-10-08T18:49:00+00:00\",\"dateModified\":\"2025-05-17T20:22:39+00:00\",\"description\":\"Donald Trump suscite la controverse en affirmant que des immigrants aux \u00c9tats-Unis propagent de mauvais g\u00e8nes . Moins d'un mois apr\u00e8s ses remarques sur les Ha\u00ef...\",\"breadcrumb\":{\"@id\":\"https:\\\/\\\/www.webdo.tn\\\/fr\\\/actualite\\\/international\\\/immigration-aux-etats-unis-trump-derape-encore-avec-des-propos-sur-les-mauvais-genes\\\/216864\\\/#breadcrumb\"},\"inLanguage\":\"fr-FR\",\"potentialAction\":[{\"@type\":\"ReadAction\",\"target\":[\"https:\\\/\\\/www.webdo.tn\\\/fr\\\/actualite\\\/international\\\/immigration-aux-etats-unis-trump-derape-encore-avec-des-propos-sur-les-mauvais-genes\\\/216864\\\/\"]}]},{\"@type\":\"ImageObject\",\"inLanguage\":\"fr-FR\",\"@id\":\"https:\\\/\\\/www.webdo.tn\\\/fr\\\/actualite\\\/international\\\/immigration-aux-etats-unis-trump-derape-encore-avec-des-propos-sur-les-mauvais-genes\\\/216864\\\/#primaryimage\",\"url\":\"https:\\\/\\\/www.webdo.tn\\\/fr\\\/wp-content\\\/uploads\\\/2024\\\/10\\\/ba4380a055bd93851b7fe3ece076050b.webp\",\"contentUrl\":\"https:\\\/\\\/www.webdo.tn\\\/fr\\\/wp-content\\\/uploads\\\/2024\\\/10\\\/ba4380a055bd93851b7fe3ece076050b.webp\",\"width\":750,\"height\":400,\"caption\":\"Immigration aux \u00c9tats-Unis : Trump d\u00e9rape encore avec des propos sur les \\\"mauvais g\u00e8nes\\\"\"},{\"@type\":\"BreadcrumbList\",\"@id\":\"https:\\\/\\\/www.webdo.tn\\\/fr\\\/actualite\\\/international\\\/immigration-aux-etats-unis-trump-derape-encore-avec-des-propos-sur-les-mauvais-genes\\\/216864\\\/#breadcrumb\",\"itemListElement\":[{\"@type\":\"ListItem\",\"position\":1,\"name\":\"Accueil\",\"item\":\"https:\\\/\\\/www.webdo.tn\\\/fr\\\/\"},{\"@type\":\"ListItem\",\"position\":2,\"name\":\"Immigration aux \u00c9tats-Unis : Trump d\u00e9rape encore avec des propos sur les \u00ab\u00a0mauvais g\u00e8nes\u00a0\u00bb\"}]},{\"@type\":\"WebSite\",\"@id\":\"https:\\\/\\\/www.webdo.tn\\\/fr\\\/#website\",\"url\":\"https:\\\/\\\/www.webdo.tn\\\/fr\\\/\",\"name\":\"webdo\",\"description\":\"Tunisie - News en Tunisie et \u00e0 l&#039;international sur Webdo.tn\",\"publisher\":{\"@id\":\"https:\\\/\\\/www.webdo.tn\\\/fr\\\/#organization\"},\"potentialAction\":[{\"@type\":\"SearchAction\",\"target\":{\"@type\":\"EntryPoint\",\"urlTemplate\":\"https:\\\/\\\/www.webdo.tn\\\/fr\\\/?s={search_term_string}\"},\"query-input\":{\"@type\":\"PropertyValueSpecification\",\"valueRequired\":true,\"valueName\":\"search_term_string\"}}],\"inLanguage\":\"fr-FR\"},{\"@type\":\"Organization\",\"@id\":\"https:\\\/\\\/www.webdo.tn\\\/fr\\\/#organization\",\"name\":\"Webdo\",\"alternateName\":\"Webdo.tn\",\"url\":\"https:\\\/\\\/www.webdo.tn\\\/fr\\\/\",\"logo\":{\"@type\":\"ImageObject\",\"inLanguage\":\"fr-FR\",\"@id\":\"https:\\\/\\\/www.webdo.tn\\\/fr\\\/#\\\/schema\\\/logo\\\/image\\\/\",\"url\":\"https:\\\/\\\/www.webdo.tn\\\/fr\\\/wp-content\\\/uploads\\\/2025\\\/06\\\/Webdo-Tunisie_168377.jpg\",\"contentUrl\":\"https:\\\/\\\/www.webdo.tn\\\/fr\\\/wp-content\\\/uploads\\\/2025\\\/06\\\/Webdo-Tunisie_168377.jpg\",\"width\":301,\"height\":301,\"caption\":\"Webdo\"},\"image\":{\"@id\":\"https:\\\/\\\/www.webdo.tn\\\/fr\\\/#\\\/schema\\\/logo\\\/image\\\/\"},\"sameAs\":[\"https:\\\/\\\/www.facebook.com\\\/webdotn\",\"https:\\\/\\\/x.com\\\/webdo_tn\"],\"description\":\"Webdo est un m\u00e9dia num\u00e9rique tunisien fond\u00e9 en 2010, sp\u00e9cialis\u00e9 dans l\u2019actualit\u00e9 nationale et internationale, l\u2019\u00e9conomie, la soci\u00e9t\u00e9 et les analyses politiques. Le site s\u2019adresse \u00e0 un large public francophone et couvre l\u2019information tunisienne en temps r\u00e9el.\",\"email\":\"redac@webdo.tn\",\"legalName\":\"YNJ SARL\",\"foundingDate\":\"2010-09-06\",\"numberOfEmployees\":{\"@type\":\"QuantitativeValue\",\"minValue\":\"11\",\"maxValue\":\"50\"}},{\"@type\":\"Person\",\"@id\":\"https:\\\/\\\/www.webdo.tn\\\/fr\\\/#\\\/schema\\\/person\\\/19664196c9bfdcda126f3c27709f7d11\",\"name\":\"Firas Ben Abdeltif\",\"image\":{\"@type\":\"ImageObject\",\"inLanguage\":\"fr-FR\",\"@id\":\"https:\\\/\\\/secure.gravatar.com\\\/avatar\\\/161a347d40df098a084778c52ed133dbd85f14df003867067c5948081241ec55?s=96&d=mm&r=g\",\"url\":\"https:\\\/\\\/secure.gravatar.com\\\/avatar\\\/161a347d40df098a084778c52ed133dbd85f14df003867067c5948081241ec55?s=96&d=mm&r=g\",\"contentUrl\":\"https:\\\/\\\/secure.gravatar.com\\\/avatar\\\/161a347d40df098a084778c52ed133dbd85f14df003867067c5948081241ec55?s=96&d=mm&r=g\",\"caption\":\"Firas Ben Abdeltif\"},\"url\":\"https:\\\/\\\/www.webdo.tn\\\/fr\\\/actualite\\\/author\\\/firas-ben-abdeltif\\\/\"}]}<\/script>\n<!-- \/ Yoast SEO Premium plugin. -->","yoast_head_json":{"title":"Immigration aux \u00c9tats-Unis : Trump d\u00e9rape encore avec des propos sur les mauvais g\u00e8nes","description":"Donald Trump suscite la controverse en affirmant que des immigrants aux \u00c9tats-Unis propagent de mauvais g\u00e8nes . Moins d'un mois apr\u00e8s ses remarques sur les Ha\u00ef...","canonical":"https:\/\/www.webdo.tn\/fr\/actualite\/international\/immigration-aux-etats-unis-trump-derape-encore-avec-des-propos-sur-les-mauvais-genes\/216864\/","og_locale":"fr_FR","og_type":"article","og_title":"Immigration aux \u00c9tats-Unis : Trump d\u00e9rape encore avec des propos sur les \"mauvais g\u00e8nes\"","og_description":"Donald Trump suscite la controverse en affirmant que des immigrants aux \u00c9tats-Unis propagent de mauvais g\u00e8nes . Moins d'un mois apr\u00e8s ses remarques sur les Ha\u00ef...","og_url":"https:\/\/www.webdo.tn\/fr\/actualite\/international\/immigration-aux-etats-unis-trump-derape-encore-avec-des-propos-sur-les-mauvais-genes\/216864\/","og_site_name":"webdo","article_publisher":"https:\/\/www.facebook.com\/webdotn","article_published_time":"2024-10-08T18:49:00+00:00","article_modified_time":"2025-05-17T20:22:39+00:00","og_image":[{"width":750,"height":400,"url":"https:\/\/www.webdo.tn\/fr\/wp-content\/uploads\/2024\/10\/ba4380a055bd93851b7fe3ece076050b.webp","type":"image\/webp"}],"author":"Firas Ben Abdeltif","twitter_card":"summary_large_image","twitter_creator":"@webdo_tn","twitter_site":"@webdo_tn","twitter_misc":{"\u00c9crit par":"Firas Ben Abdeltif","Dur\u00e9e de lecture estim\u00e9e":"1 minute"},"schema":{"@context":"https:\/\/schema.org","@graph":[{"@type":"NewsArticle","@id":"https:\/\/www.webdo.tn\/fr\/actualite\/international\/immigration-aux-etats-unis-trump-derape-encore-avec-des-propos-sur-les-mauvais-genes\/216864\/#article","isPartOf":{"@id":"https:\/\/www.webdo.tn\/fr\/actualite\/international\/immigration-aux-etats-unis-trump-derape-encore-avec-des-propos-sur-les-mauvais-genes\/216864\/"},"author":{"name":"Firas Ben Abdeltif","@id":"https:\/\/www.webdo.tn\/fr\/#\/schema\/person\/19664196c9bfdcda126f3c27709f7d11"},"headline":"Immigration aux \u00c9tats-Unis : Trump d\u00e9rape encore avec des propos sur les \u00ab\u00a0mauvais g\u00e8nes\u00a0\u00bb","datePublished":"2024-10-08T18:49:00+00:00","dateModified":"2025-05-17T20:22:39+00:00","mainEntityOfPage":{"@id":"https:\/\/www.webdo.tn\/fr\/actualite\/international\/immigration-aux-etats-unis-trump-derape-encore-avec-des-propos-sur-les-mauvais-genes\/216864\/"},"wordCount":179,"commentCount":0,"publisher":{"@id":"https:\/\/www.webdo.tn\/fr\/#organization"},"image":{"@id":"https:\/\/www.webdo.tn\/fr\/actualite\/international\/immigration-aux-etats-unis-trump-derape-encore-avec-des-propos-sur-les-mauvais-genes\/216864\/#primaryimage"},"thumbnailUrl":"https:\/\/www.webdo.tn\/fr\/wp-content\/uploads\/2024\/10\/ba4380a055bd93851b7fe3ece076050b.webp","keywords":["Donald Trump","Ha\u00eftiens","immigration","Mauvais g\u00e8nes"],"articleSection":["International"],"inLanguage":"fr-FR"},{"@type":"WebPage","@id":"https:\/\/www.webdo.tn\/fr\/actualite\/international\/immigration-aux-etats-unis-trump-derape-encore-avec-des-propos-sur-les-mauvais-genes\/216864\/","url":"https:\/\/www.webdo.tn\/fr\/actualite\/international\/immigration-aux-etats-unis-trump-derape-encore-avec-des-propos-sur-les-mauvais-genes\/216864\/","name":"Immigration aux \u00c9tats-Unis : Trump d\u00e9rape encore avec des propos sur les mauvais g\u00e8nes","isPartOf":{"@id":"https:\/\/www.webdo.tn\/fr\/#website"},"primaryImageOfPage":{"@id":"https:\/\/www.webdo.tn\/fr\/actualite\/international\/immigration-aux-etats-unis-trump-derape-encore-avec-des-propos-sur-les-mauvais-genes\/216864\/#primaryimage"},"image":{"@id":"https:\/\/www.webdo.tn\/fr\/actualite\/international\/immigration-aux-etats-unis-trump-derape-encore-avec-des-propos-sur-les-mauvais-genes\/216864\/#primaryimage"},"thumbnailUrl":"https:\/\/www.webdo.tn\/fr\/wp-content\/uploads\/2024\/10\/ba4380a055bd93851b7fe3ece076050b.webp","datePublished":"2024-10-08T18:49:00+00:00","dateModified":"2025-05-17T20:22:39+00:00","description":"Donald Trump suscite la controverse en affirmant que des immigrants aux \u00c9tats-Unis propagent de mauvais g\u00e8nes . Moins d'un mois apr\u00e8s ses remarques sur les Ha\u00ef...","breadcrumb":{"@id":"https:\/\/www.webdo.tn\/fr\/actualite\/international\/immigration-aux-etats-unis-trump-derape-encore-avec-des-propos-sur-les-mauvais-genes\/216864\/#breadcrumb"},"inLanguage":"fr-FR","potentialAction":[{"@type":"ReadAction","target":["https:\/\/www.webdo.tn\/fr\/actualite\/international\/immigration-aux-etats-unis-trump-derape-encore-avec-des-propos-sur-les-mauvais-genes\/216864\/"]}]},{"@type":"ImageObject","inLanguage":"fr-FR","@id":"https:\/\/www.webdo.tn\/fr\/actualite\/international\/immigration-aux-etats-unis-trump-derape-encore-avec-des-propos-sur-les-mauvais-genes\/216864\/#primaryimage","url":"https:\/\/www.webdo.tn\/fr\/wp-content\/uploads\/2024\/10\/ba4380a055bd93851b7fe3ece076050b.webp","contentUrl":"https:\/\/www.webdo.tn\/fr\/wp-content\/uploads\/2024\/10\/ba4380a055bd93851b7fe3ece076050b.webp","width":750,"height":400,"caption":"Immigration aux \u00c9tats-Unis : Trump d\u00e9rape encore avec des propos sur les \"mauvais g\u00e8nes\""},{"@type":"BreadcrumbList","@id":"https:\/\/www.webdo.tn\/fr\/actualite\/international\/immigration-aux-etats-unis-trump-derape-encore-avec-des-propos-sur-les-mauvais-genes\/216864\/#breadcrumb","itemListElement":[{"@type":"ListItem","position":1,"name":"Accueil","item":"https:\/\/www.webdo.tn\/fr\/"},{"@type":"ListItem","position":2,"name":"Immigration aux \u00c9tats-Unis : Trump d\u00e9rape encore avec des propos sur les \u00ab\u00a0mauvais g\u00e8nes\u00a0\u00bb"}]},{"@type":"WebSite","@id":"https:\/\/www.webdo.tn\/fr\/#website","url":"https:\/\/www.webdo.tn\/fr\/","name":"webdo","description":"Tunisie - News en Tunisie et \u00e0 l&#039;international sur Webdo.tn","publisher":{"@id":"https:\/\/www.webdo.tn\/fr\/#organization"},"potentialAction":[{"@type":"SearchAction","target":{"@type":"EntryPoint","urlTemplate":"https:\/\/www.webdo.tn\/fr\/?s={search_term_string}"},"query-input":{"@type":"PropertyValueSpecification","valueRequired":true,"valueName":"search_term_string"}}],"inLanguage":"fr-FR"},{"@type":"Organization","@id":"https:\/\/www.webdo.tn\/fr\/#organization","name":"Webdo","alternateName":"Webdo.tn","url":"https:\/\/www.webdo.tn\/fr\/","logo":{"@type":"ImageObject","inLanguage":"fr-FR","@id":"https:\/\/www.webdo.tn\/fr\/#\/schema\/logo\/image\/","url":"https:\/\/www.webdo.tn\/fr\/wp-content\/uploads\/2025\/06\/Webdo-Tunisie_168377.jpg","contentUrl":"https:\/\/www.webdo.tn\/fr\/wp-content\/uploads\/2025\/06\/Webdo-Tunisie_168377.jpg","width":301,"height":301,"caption":"Webdo"},"image":{"@id":"https:\/\/www.webdo.tn\/fr\/#\/schema\/logo\/image\/"},"sameAs":["https:\/\/www.facebook.com\/webdotn","https:\/\/x.com\/webdo_tn"],"description":"Webdo est un m\u00e9dia num\u00e9rique tunisien fond\u00e9 en 2010, sp\u00e9cialis\u00e9 dans l\u2019actualit\u00e9 nationale et internationale, l\u2019\u00e9conomie, la soci\u00e9t\u00e9 et les analyses politiques. Le site s\u2019adresse \u00e0 un large public francophone et couvre l\u2019information tunisienne en temps r\u00e9el.","email":"redac@webdo.tn","legalName":"YNJ SARL","foundingDate":"2010-09-06","numberOfEmployees":{"@type":"QuantitativeValue","minValue":"11","maxValue":"50"}},{"@type":"Person","@id":"https:\/\/www.webdo.tn\/fr\/#\/schema\/person\/19664196c9bfdcda126f3c27709f7d11","name":"Firas Ben Abdeltif","image":{"@type":"ImageObject","inLanguage":"fr-FR","@id":"https:\/\/secure.gravatar.com\/avatar\/161a347d40df098a084778c52ed133dbd85f14df003867067c5948081241ec55?s=96&d=mm&r=g","url":"https:\/\/secure.gravatar.com\/avatar\/161a347d40df098a084778c52ed133dbd85f14df003867067c5948081241ec55?s=96&d=mm&r=g","contentUrl":"https:\/\/secure.gravatar.com\/avatar\/161a347d40df098a084778c52ed133dbd85f14df003867067c5948081241ec55?s=96&d=mm&r=g","caption":"Firas Ben Abdeltif"},"url":"https:\/\/www.webdo.tn\/fr\/actualite\/author\/firas-ben-abdeltif\/"}]}},"_links":{"self":[{"href":"https:\/\/www.webdo.tn\/fr\/wp-json\/wp\/v2\/posts\/216864","targetHints":{"allow":["GET"]}}],"collection":[{"href":"https:\/\/www.webdo.tn\/fr\/wp-json\/wp\/v2\/posts"}],"about":[{"href":"https:\/\/www.webdo.tn\/fr\/wp-json\/wp\/v2\/types\/post"}],"author":[{"embeddable":true,"href":"https:\/\/www.webdo.tn\/fr\/wp-json\/wp\/v2\/users\/4779"}],"replies":[{"embeddable":true,"href":"https:\/\/www.webdo.tn\/fr\/wp-json\/wp\/v2\/comments?post=216864"}],"version-history":[{"count":0,"href":"https:\/\/www.webdo.tn\/fr\/wp-json\/wp\/v2\/posts\/216864\/revisions"}],"wp:featuredmedia":[{"embeddable":true,"href":"https:\/\/www.webdo.tn\/fr\/wp-json\/wp\/v2\/media\/246378"}],"wp:attachment":[{"href":"https:\/\/www.webdo.tn\/fr\/wp-json\/wp\/v2\/media?parent=216864"}],"wp:term":[{"taxonomy":"category","embeddable":true,"href":"https:\/\/www.webdo.tn\/fr\/wp-json\/wp\/v2\/categories?post=216864"},{"taxonomy":"post_tag","embeddable":true,"href":"https:\/\/www.webdo.tn\/fr\/wp-json\/wp\/v2\/tags?post=216864"}],"curies":[{"name":"wp","href":"https:\/\/api.w.org\/{rel}","templated":true}]}}