{"id":216851,"date":"2024-10-08T09:55:00","date_gmt":"2024-10-08T09:55:00","guid":{"rendered":"https:\/\/www.webdo.tn\/fr\/blog\/tunisie-ayachi-zammel-verdict-attendu-le-10-octobre-dans-une-dizaine-d-affaires\/216851\/"},"modified":"2025-05-20T22:14:31","modified_gmt":"2025-05-20T22:14:31","slug":"tunisie-ayachi-zammel-verdict-attendu-le-10-octobre-dans-une-dizaine-d-affaires","status":"publish","type":"post","link":"https:\/\/www.webdo.tn\/fr\/actualite\/national\/tunisie-ayachi-zammel-verdict-attendu-le-10-octobre-dans-une-dizaine-d-affaires\/216851\/","title":{"rendered":"Tunisie &#8211; Ayachi Zammel : Verdict attendu le 10 octobre dans une dizaine d\u2019affaires"},"content":{"rendered":"<p>Ayachi Zammel, d\u00e9sormais ex-candidat \u00e0 l\u2019\u00e9lection pr\u00e9sidentielle, est incarc\u00e9r\u00e9 depuis le 4 septembre 2024. Depuis, il a \u00e9t\u00e9 condamn\u00e9 \u00e0 trois peines de 20 mois, 6 mois et 12 ans de prison. Un nouveau verdict est attendu ce jeudi.<\/p>\n<p>\t\t\t\t\t\t\t\t\tLa Chambre p\u00e9nale du Tribunal de premi\u00e8re instance de Tunis 2 a saisi plus de dix affaires concernant Ayachi Zammel, rapporte Mosaique fm. Elle doit d\u00e9lib\u00e9rer et rendre son jugement ce jeudi 10 octobre.<\/p>\n<p>Vis\u00e9 par plus de quinze affaires relatives \u00e0 des suspicions de falsification de parrainages relatifs \u00e0 l\u2019\u00e9lection pr\u00e9sidentielle, Ayachi Zammel a d\u00e9j\u00e0 \u00e9t\u00e9 condamn\u00e9, le 30 septembre par la chambre correctionnelle du tribunal de premi\u00e8re instance de Tunis 2 \u00e0 une peine de 12 ans de prison dans le cadre de quatre affaires de \u00ab\u00a0falsification de parrainages\u00a0\u00bb (trois ans d&#8217;emprisonnement pour chaque affaire parmi les quatre dossiers le concernant).<\/p>\n<p>La Chambre correctionnelle avait \u00e9galement report\u00e9 l&rsquo;examen de cinq autres affaires sachant que Ayachi Zammel a d\u00e9j\u00e0 \u00e9t\u00e9 condamn\u00e9, le 18 septembre dernier \u00e0 une peine de vingt mois de prison par le tribunal de premi\u00e8re instance de Jendouba pour \u00ab\u00a0falsification de parrainages\u00a0\u00bb. Le 25 septembre, il a \u00e9cop\u00e9 d\u2019une peine de six mois de prison pour avoir utilis\u00e9 une attestation falsifi\u00e9e.<\/p>\n","protected":false},"excerpt":{"rendered":"<p>La Chambre p\u00e9nale du Tribunal de premi\u00e8re instance de Tunis 2 a saisi plus de dix affaires concernant Ayachi Zammel, rapporte Mosaique fm. Elle doit d\u00e9lib\u00e9rer e&#8230;<\/p>\n","protected":false},"author":3162,"featured_media":291162,"comment_status":"open","ping_status":"closed","sticky":false,"template":"","format":"standard","meta":{"footnotes":""},"categories":[44],"tags":[4430,4428,4002,2619,5696,2608,3114],"class_list":["post-216851","post","type-post","status-publish","format-standard","has-post-thumbnail","hentry","category-national","tag-ayachi-zammel","tag-election-presidentielle","tag-falsification","tag-justice","tag-parrainage","tag-tunisie","tag-verdict"],"yoast_head":"<!-- This site is optimized with the Yoast SEO Premium plugin v27.4 (Yoast SEO v27.5) - https:\/\/yoast.com\/product\/yoast-seo-premium-wordpress\/ -->\n<title>Tunisie - Ayachi Zammel : Verdict attendu le 10 octobre dans une dizaine d\u2019affaires<\/title>\n<meta name=\"description\" content=\"La Chambre p\u00e9nale du Tribunal de premi\u00e8re instance de Tunis 2 a saisi plus de dix affaires concernant Ayachi Zammel, rapporte Mosaique fm. Elle doit d\u00e9lib\u00e9rer e...\" \/>\n<link rel=\"canonical\" href=\"https:\/\/www.webdo.tn\/fr\/actualite\/national\/tunisie-ayachi-zammel-verdict-attendu-le-10-octobre-dans-une-dizaine-d-affaires\/216851\/\" \/>\n<meta property=\"og:locale\" content=\"fr_FR\" \/>\n<meta property=\"og:type\" content=\"article\" \/>\n<meta property=\"og:title\" content=\"Tunisie - Ayachi Zammel : Verdict attendu le 10 octobre dans une dizaine d\u2019affaires\" \/>\n<meta property=\"og:description\" content=\"La Chambre p\u00e9nale du Tribunal de premi\u00e8re instance de Tunis 2 a saisi plus de dix affaires concernant Ayachi Zammel, rapporte Mosaique fm. Elle doit d\u00e9lib\u00e9rer e...\" \/>\n<meta property=\"og:url\" content=\"https:\/\/www.webdo.tn\/fr\/actualite\/national\/tunisie-ayachi-zammel-verdict-attendu-le-10-octobre-dans-une-dizaine-d-affaires\/216851\/\" \/>\n<meta property=\"og:site_name\" content=\"webdo\" \/>\n<meta property=\"article:publisher\" content=\"https:\/\/www.facebook.com\/webdotn\" \/>\n<meta property=\"article:published_time\" content=\"2024-10-08T09:55:00+00:00\" \/>\n<meta property=\"article:modified_time\" content=\"2025-05-20T22:14:31+00:00\" \/>\n<meta property=\"og:image\" content=\"https:\/\/www.webdo.tn\/fr\/wp-content\/uploads\/2024\/10\/913e07fe1f6de852c33483a48b584836.webp\" \/>\n\t<meta property=\"og:image:width\" content=\"750\" \/>\n\t<meta property=\"og:image:height\" content=\"400\" \/>\n\t<meta property=\"og:image:type\" content=\"image\/webp\" \/>\n<meta name=\"author\" content=\"MC\" \/>\n<meta name=\"twitter:card\" content=\"summary_large_image\" \/>\n<meta name=\"twitter:creator\" content=\"@webdo_tn\" \/>\n<meta name=\"twitter:site\" content=\"@webdo_tn\" \/>\n<meta name=\"twitter:label1\" content=\"\u00c9crit par\" \/>\n\t<meta name=\"twitter:data1\" content=\"MC\" \/>\n\t<meta name=\"twitter:label2\" content=\"Dur\u00e9e de lecture estim\u00e9e\" \/>\n\t<meta name=\"twitter:data2\" content=\"1 minute\" \/>\n<script type=\"application\/ld+json\" class=\"yoast-schema-graph\">{\"@context\":\"https:\\\/\\\/schema.org\",\"@graph\":[{\"@type\":\"NewsArticle\",\"@id\":\"https:\\\/\\\/www.webdo.tn\\\/fr\\\/actualite\\\/national\\\/tunisie-ayachi-zammel-verdict-attendu-le-10-octobre-dans-une-dizaine-d-affaires\\\/216851\\\/#article\",\"isPartOf\":{\"@id\":\"https:\\\/\\\/www.webdo.tn\\\/fr\\\/actualite\\\/national\\\/tunisie-ayachi-zammel-verdict-attendu-le-10-octobre-dans-une-dizaine-d-affaires\\\/216851\\\/\"},\"author\":{\"name\":\"MC\",\"@id\":\"https:\\\/\\\/www.webdo.tn\\\/fr\\\/#\\\/schema\\\/person\\\/2c4929cbf5a809e3bd38617c6ce150f6\"},\"headline\":\"Tunisie &#8211; Ayachi Zammel : Verdict attendu le 10 octobre dans une dizaine d\u2019affaires\",\"datePublished\":\"2024-10-08T09:55:00+00:00\",\"dateModified\":\"2025-05-20T22:14:31+00:00\",\"mainEntityOfPage\":{\"@id\":\"https:\\\/\\\/www.webdo.tn\\\/fr\\\/actualite\\\/national\\\/tunisie-ayachi-zammel-verdict-attendu-le-10-octobre-dans-une-dizaine-d-affaires\\\/216851\\\/\"},\"wordCount\":217,\"commentCount\":0,\"publisher\":{\"@id\":\"https:\\\/\\\/www.webdo.tn\\\/fr\\\/#organization\"},\"image\":{\"@id\":\"https:\\\/\\\/www.webdo.tn\\\/fr\\\/actualite\\\/national\\\/tunisie-ayachi-zammel-verdict-attendu-le-10-octobre-dans-une-dizaine-d-affaires\\\/216851\\\/#primaryimage\"},\"thumbnailUrl\":\"https:\\\/\\\/www.webdo.tn\\\/fr\\\/wp-content\\\/uploads\\\/2024\\\/10\\\/913e07fe1f6de852c33483a48b584836.webp\",\"keywords\":[\"ayachi zammel\",\"\u00e9lection pr\u00e9sidentielle\",\"falsification\",\"justice\",\"parrainage\",\"Tunisie\",\"verdict\"],\"articleSection\":[\"National\"],\"inLanguage\":\"fr-FR\"},{\"@type\":\"WebPage\",\"@id\":\"https:\\\/\\\/www.webdo.tn\\\/fr\\\/actualite\\\/national\\\/tunisie-ayachi-zammel-verdict-attendu-le-10-octobre-dans-une-dizaine-d-affaires\\\/216851\\\/\",\"url\":\"https:\\\/\\\/www.webdo.tn\\\/fr\\\/actualite\\\/national\\\/tunisie-ayachi-zammel-verdict-attendu-le-10-octobre-dans-une-dizaine-d-affaires\\\/216851\\\/\",\"name\":\"Tunisie - Ayachi Zammel : Verdict attendu le 10 octobre dans une dizaine d\u2019affaires\",\"isPartOf\":{\"@id\":\"https:\\\/\\\/www.webdo.tn\\\/fr\\\/#website\"},\"primaryImageOfPage\":{\"@id\":\"https:\\\/\\\/www.webdo.tn\\\/fr\\\/actualite\\\/national\\\/tunisie-ayachi-zammel-verdict-attendu-le-10-octobre-dans-une-dizaine-d-affaires\\\/216851\\\/#primaryimage\"},\"image\":{\"@id\":\"https:\\\/\\\/www.webdo.tn\\\/fr\\\/actualite\\\/national\\\/tunisie-ayachi-zammel-verdict-attendu-le-10-octobre-dans-une-dizaine-d-affaires\\\/216851\\\/#primaryimage\"},\"thumbnailUrl\":\"https:\\\/\\\/www.webdo.tn\\\/fr\\\/wp-content\\\/uploads\\\/2024\\\/10\\\/913e07fe1f6de852c33483a48b584836.webp\",\"datePublished\":\"2024-10-08T09:55:00+00:00\",\"dateModified\":\"2025-05-20T22:14:31+00:00\",\"description\":\"La Chambre p\u00e9nale du Tribunal de premi\u00e8re instance de Tunis 2 a saisi plus de dix affaires concernant Ayachi Zammel, rapporte Mosaique fm. Elle doit d\u00e9lib\u00e9rer e...\",\"breadcrumb\":{\"@id\":\"https:\\\/\\\/www.webdo.tn\\\/fr\\\/actualite\\\/national\\\/tunisie-ayachi-zammel-verdict-attendu-le-10-octobre-dans-une-dizaine-d-affaires\\\/216851\\\/#breadcrumb\"},\"inLanguage\":\"fr-FR\",\"potentialAction\":[{\"@type\":\"ReadAction\",\"target\":[\"https:\\\/\\\/www.webdo.tn\\\/fr\\\/actualite\\\/national\\\/tunisie-ayachi-zammel-verdict-attendu-le-10-octobre-dans-une-dizaine-d-affaires\\\/216851\\\/\"]}]},{\"@type\":\"ImageObject\",\"inLanguage\":\"fr-FR\",\"@id\":\"https:\\\/\\\/www.webdo.tn\\\/fr\\\/actualite\\\/national\\\/tunisie-ayachi-zammel-verdict-attendu-le-10-octobre-dans-une-dizaine-d-affaires\\\/216851\\\/#primaryimage\",\"url\":\"https:\\\/\\\/www.webdo.tn\\\/fr\\\/wp-content\\\/uploads\\\/2024\\\/10\\\/913e07fe1f6de852c33483a48b584836.webp\",\"contentUrl\":\"https:\\\/\\\/www.webdo.tn\\\/fr\\\/wp-content\\\/uploads\\\/2024\\\/10\\\/913e07fe1f6de852c33483a48b584836.webp\",\"width\":750,\"height\":400,\"caption\":\"Tunisie - Ayachi Zammel : Verdict attendu le 10 octobre dans une dizaine d\u2019affaires\"},{\"@type\":\"BreadcrumbList\",\"@id\":\"https:\\\/\\\/www.webdo.tn\\\/fr\\\/actualite\\\/national\\\/tunisie-ayachi-zammel-verdict-attendu-le-10-octobre-dans-une-dizaine-d-affaires\\\/216851\\\/#breadcrumb\",\"itemListElement\":[{\"@type\":\"ListItem\",\"position\":1,\"name\":\"Accueil\",\"item\":\"https:\\\/\\\/www.webdo.tn\\\/fr\\\/\"},{\"@type\":\"ListItem\",\"position\":2,\"name\":\"Tunisie &#8211; Ayachi Zammel : Verdict attendu le 10 octobre dans une dizaine d\u2019affaires\"}]},{\"@type\":\"WebSite\",\"@id\":\"https:\\\/\\\/www.webdo.tn\\\/fr\\\/#website\",\"url\":\"https:\\\/\\\/www.webdo.tn\\\/fr\\\/\",\"name\":\"webdo\",\"description\":\"Tunisie - News en Tunisie et \u00e0 l&#039;international sur Webdo.tn\",\"publisher\":{\"@id\":\"https:\\\/\\\/www.webdo.tn\\\/fr\\\/#organization\"},\"potentialAction\":[{\"@type\":\"SearchAction\",\"target\":{\"@type\":\"EntryPoint\",\"urlTemplate\":\"https:\\\/\\\/www.webdo.tn\\\/fr\\\/?s={search_term_string}\"},\"query-input\":{\"@type\":\"PropertyValueSpecification\",\"valueRequired\":true,\"valueName\":\"search_term_string\"}}],\"inLanguage\":\"fr-FR\"},{\"@type\":\"Organization\",\"@id\":\"https:\\\/\\\/www.webdo.tn\\\/fr\\\/#organization\",\"name\":\"Webdo\",\"alternateName\":\"Webdo.tn\",\"url\":\"https:\\\/\\\/www.webdo.tn\\\/fr\\\/\",\"logo\":{\"@type\":\"ImageObject\",\"inLanguage\":\"fr-FR\",\"@id\":\"https:\\\/\\\/www.webdo.tn\\\/fr\\\/#\\\/schema\\\/logo\\\/image\\\/\",\"url\":\"https:\\\/\\\/www.webdo.tn\\\/fr\\\/wp-content\\\/uploads\\\/2025\\\/06\\\/Webdo-Tunisie_168377.jpg\",\"contentUrl\":\"https:\\\/\\\/www.webdo.tn\\\/fr\\\/wp-content\\\/uploads\\\/2025\\\/06\\\/Webdo-Tunisie_168377.jpg\",\"width\":301,\"height\":301,\"caption\":\"Webdo\"},\"image\":{\"@id\":\"https:\\\/\\\/www.webdo.tn\\\/fr\\\/#\\\/schema\\\/logo\\\/image\\\/\"},\"sameAs\":[\"https:\\\/\\\/www.facebook.com\\\/webdotn\",\"https:\\\/\\\/x.com\\\/webdo_tn\"],\"description\":\"Webdo est un m\u00e9dia num\u00e9rique tunisien fond\u00e9 en 2010, sp\u00e9cialis\u00e9 dans l\u2019actualit\u00e9 nationale et internationale, l\u2019\u00e9conomie, la soci\u00e9t\u00e9 et les analyses politiques. Le site s\u2019adresse \u00e0 un large public francophone et couvre l\u2019information tunisienne en temps r\u00e9el.\",\"email\":\"redac@webdo.tn\",\"legalName\":\"YNJ SARL\",\"foundingDate\":\"2010-09-06\",\"numberOfEmployees\":{\"@type\":\"QuantitativeValue\",\"minValue\":\"11\",\"maxValue\":\"50\"}},{\"@type\":\"Person\",\"@id\":\"https:\\\/\\\/www.webdo.tn\\\/fr\\\/#\\\/schema\\\/person\\\/2c4929cbf5a809e3bd38617c6ce150f6\",\"name\":\"MC\",\"image\":{\"@type\":\"ImageObject\",\"inLanguage\":\"fr-FR\",\"@id\":\"https:\\\/\\\/secure.gravatar.com\\\/avatar\\\/a545bbb6f84efdd5553dbbc2895e3ca8f1d12c5215e00a041c9670b54aa9b18a?s=96&d=mm&r=g\",\"url\":\"https:\\\/\\\/secure.gravatar.com\\\/avatar\\\/a545bbb6f84efdd5553dbbc2895e3ca8f1d12c5215e00a041c9670b54aa9b18a?s=96&d=mm&r=g\",\"contentUrl\":\"https:\\\/\\\/secure.gravatar.com\\\/avatar\\\/a545bbb6f84efdd5553dbbc2895e3ca8f1d12c5215e00a041c9670b54aa9b18a?s=96&d=mm&r=g\",\"caption\":\"MC\"},\"url\":\"https:\\\/\\\/www.webdo.tn\\\/fr\\\/actualite\\\/author\\\/mc\\\/\"}]}<\/script>\n<!-- \/ Yoast SEO Premium plugin. -->","yoast_head_json":{"title":"Tunisie - Ayachi Zammel : Verdict attendu le 10 octobre dans une dizaine d\u2019affaires","description":"La Chambre p\u00e9nale du Tribunal de premi\u00e8re instance de Tunis 2 a saisi plus de dix affaires concernant Ayachi Zammel, rapporte Mosaique fm. Elle doit d\u00e9lib\u00e9rer e...","canonical":"https:\/\/www.webdo.tn\/fr\/actualite\/national\/tunisie-ayachi-zammel-verdict-attendu-le-10-octobre-dans-une-dizaine-d-affaires\/216851\/","og_locale":"fr_FR","og_type":"article","og_title":"Tunisie - Ayachi Zammel : Verdict attendu le 10 octobre dans une dizaine d\u2019affaires","og_description":"La Chambre p\u00e9nale du Tribunal de premi\u00e8re instance de Tunis 2 a saisi plus de dix affaires concernant Ayachi Zammel, rapporte Mosaique fm. Elle doit d\u00e9lib\u00e9rer e...","og_url":"https:\/\/www.webdo.tn\/fr\/actualite\/national\/tunisie-ayachi-zammel-verdict-attendu-le-10-octobre-dans-une-dizaine-d-affaires\/216851\/","og_site_name":"webdo","article_publisher":"https:\/\/www.facebook.com\/webdotn","article_published_time":"2024-10-08T09:55:00+00:00","article_modified_time":"2025-05-20T22:14:31+00:00","og_image":[{"width":750,"height":400,"url":"https:\/\/www.webdo.tn\/fr\/wp-content\/uploads\/2024\/10\/913e07fe1f6de852c33483a48b584836.webp","type":"image\/webp"}],"author":"MC","twitter_card":"summary_large_image","twitter_creator":"@webdo_tn","twitter_site":"@webdo_tn","twitter_misc":{"\u00c9crit par":"MC","Dur\u00e9e de lecture estim\u00e9e":"1 minute"},"schema":{"@context":"https:\/\/schema.org","@graph":[{"@type":"NewsArticle","@id":"https:\/\/www.webdo.tn\/fr\/actualite\/national\/tunisie-ayachi-zammel-verdict-attendu-le-10-octobre-dans-une-dizaine-d-affaires\/216851\/#article","isPartOf":{"@id":"https:\/\/www.webdo.tn\/fr\/actualite\/national\/tunisie-ayachi-zammel-verdict-attendu-le-10-octobre-dans-une-dizaine-d-affaires\/216851\/"},"author":{"name":"MC","@id":"https:\/\/www.webdo.tn\/fr\/#\/schema\/person\/2c4929cbf5a809e3bd38617c6ce150f6"},"headline":"Tunisie &#8211; Ayachi Zammel : Verdict attendu le 10 octobre dans une dizaine d\u2019affaires","datePublished":"2024-10-08T09:55:00+00:00","dateModified":"2025-05-20T22:14:31+00:00","mainEntityOfPage":{"@id":"https:\/\/www.webdo.tn\/fr\/actualite\/national\/tunisie-ayachi-zammel-verdict-attendu-le-10-octobre-dans-une-dizaine-d-affaires\/216851\/"},"wordCount":217,"commentCount":0,"publisher":{"@id":"https:\/\/www.webdo.tn\/fr\/#organization"},"image":{"@id":"https:\/\/www.webdo.tn\/fr\/actualite\/national\/tunisie-ayachi-zammel-verdict-attendu-le-10-octobre-dans-une-dizaine-d-affaires\/216851\/#primaryimage"},"thumbnailUrl":"https:\/\/www.webdo.tn\/fr\/wp-content\/uploads\/2024\/10\/913e07fe1f6de852c33483a48b584836.webp","keywords":["ayachi zammel","\u00e9lection pr\u00e9sidentielle","falsification","justice","parrainage","Tunisie","verdict"],"articleSection":["National"],"inLanguage":"fr-FR"},{"@type":"WebPage","@id":"https:\/\/www.webdo.tn\/fr\/actualite\/national\/tunisie-ayachi-zammel-verdict-attendu-le-10-octobre-dans-une-dizaine-d-affaires\/216851\/","url":"https:\/\/www.webdo.tn\/fr\/actualite\/national\/tunisie-ayachi-zammel-verdict-attendu-le-10-octobre-dans-une-dizaine-d-affaires\/216851\/","name":"Tunisie - Ayachi Zammel : Verdict attendu le 10 octobre dans une dizaine d\u2019affaires","isPartOf":{"@id":"https:\/\/www.webdo.tn\/fr\/#website"},"primaryImageOfPage":{"@id":"https:\/\/www.webdo.tn\/fr\/actualite\/national\/tunisie-ayachi-zammel-verdict-attendu-le-10-octobre-dans-une-dizaine-d-affaires\/216851\/#primaryimage"},"image":{"@id":"https:\/\/www.webdo.tn\/fr\/actualite\/national\/tunisie-ayachi-zammel-verdict-attendu-le-10-octobre-dans-une-dizaine-d-affaires\/216851\/#primaryimage"},"thumbnailUrl":"https:\/\/www.webdo.tn\/fr\/wp-content\/uploads\/2024\/10\/913e07fe1f6de852c33483a48b584836.webp","datePublished":"2024-10-08T09:55:00+00:00","dateModified":"2025-05-20T22:14:31+00:00","description":"La Chambre p\u00e9nale du Tribunal de premi\u00e8re instance de Tunis 2 a saisi plus de dix affaires concernant Ayachi Zammel, rapporte Mosaique fm. Elle doit d\u00e9lib\u00e9rer e...","breadcrumb":{"@id":"https:\/\/www.webdo.tn\/fr\/actualite\/national\/tunisie-ayachi-zammel-verdict-attendu-le-10-octobre-dans-une-dizaine-d-affaires\/216851\/#breadcrumb"},"inLanguage":"fr-FR","potentialAction":[{"@type":"ReadAction","target":["https:\/\/www.webdo.tn\/fr\/actualite\/national\/tunisie-ayachi-zammel-verdict-attendu-le-10-octobre-dans-une-dizaine-d-affaires\/216851\/"]}]},{"@type":"ImageObject","inLanguage":"fr-FR","@id":"https:\/\/www.webdo.tn\/fr\/actualite\/national\/tunisie-ayachi-zammel-verdict-attendu-le-10-octobre-dans-une-dizaine-d-affaires\/216851\/#primaryimage","url":"https:\/\/www.webdo.tn\/fr\/wp-content\/uploads\/2024\/10\/913e07fe1f6de852c33483a48b584836.webp","contentUrl":"https:\/\/www.webdo.tn\/fr\/wp-content\/uploads\/2024\/10\/913e07fe1f6de852c33483a48b584836.webp","width":750,"height":400,"caption":"Tunisie - Ayachi Zammel : Verdict attendu le 10 octobre dans une dizaine d\u2019affaires"},{"@type":"BreadcrumbList","@id":"https:\/\/www.webdo.tn\/fr\/actualite\/national\/tunisie-ayachi-zammel-verdict-attendu-le-10-octobre-dans-une-dizaine-d-affaires\/216851\/#breadcrumb","itemListElement":[{"@type":"ListItem","position":1,"name":"Accueil","item":"https:\/\/www.webdo.tn\/fr\/"},{"@type":"ListItem","position":2,"name":"Tunisie &#8211; Ayachi Zammel : Verdict attendu le 10 octobre dans une dizaine d\u2019affaires"}]},{"@type":"WebSite","@id":"https:\/\/www.webdo.tn\/fr\/#website","url":"https:\/\/www.webdo.tn\/fr\/","name":"webdo","description":"Tunisie - News en Tunisie et \u00e0 l&#039;international sur Webdo.tn","publisher":{"@id":"https:\/\/www.webdo.tn\/fr\/#organization"},"potentialAction":[{"@type":"SearchAction","target":{"@type":"EntryPoint","urlTemplate":"https:\/\/www.webdo.tn\/fr\/?s={search_term_string}"},"query-input":{"@type":"PropertyValueSpecification","valueRequired":true,"valueName":"search_term_string"}}],"inLanguage":"fr-FR"},{"@type":"Organization","@id":"https:\/\/www.webdo.tn\/fr\/#organization","name":"Webdo","alternateName":"Webdo.tn","url":"https:\/\/www.webdo.tn\/fr\/","logo":{"@type":"ImageObject","inLanguage":"fr-FR","@id":"https:\/\/www.webdo.tn\/fr\/#\/schema\/logo\/image\/","url":"https:\/\/www.webdo.tn\/fr\/wp-content\/uploads\/2025\/06\/Webdo-Tunisie_168377.jpg","contentUrl":"https:\/\/www.webdo.tn\/fr\/wp-content\/uploads\/2025\/06\/Webdo-Tunisie_168377.jpg","width":301,"height":301,"caption":"Webdo"},"image":{"@id":"https:\/\/www.webdo.tn\/fr\/#\/schema\/logo\/image\/"},"sameAs":["https:\/\/www.facebook.com\/webdotn","https:\/\/x.com\/webdo_tn"],"description":"Webdo est un m\u00e9dia num\u00e9rique tunisien fond\u00e9 en 2010, sp\u00e9cialis\u00e9 dans l\u2019actualit\u00e9 nationale et internationale, l\u2019\u00e9conomie, la soci\u00e9t\u00e9 et les analyses politiques. Le site s\u2019adresse \u00e0 un large public francophone et couvre l\u2019information tunisienne en temps r\u00e9el.","email":"redac@webdo.tn","legalName":"YNJ SARL","foundingDate":"2010-09-06","numberOfEmployees":{"@type":"QuantitativeValue","minValue":"11","maxValue":"50"}},{"@type":"Person","@id":"https:\/\/www.webdo.tn\/fr\/#\/schema\/person\/2c4929cbf5a809e3bd38617c6ce150f6","name":"MC","image":{"@type":"ImageObject","inLanguage":"fr-FR","@id":"https:\/\/secure.gravatar.com\/avatar\/a545bbb6f84efdd5553dbbc2895e3ca8f1d12c5215e00a041c9670b54aa9b18a?s=96&d=mm&r=g","url":"https:\/\/secure.gravatar.com\/avatar\/a545bbb6f84efdd5553dbbc2895e3ca8f1d12c5215e00a041c9670b54aa9b18a?s=96&d=mm&r=g","contentUrl":"https:\/\/secure.gravatar.com\/avatar\/a545bbb6f84efdd5553dbbc2895e3ca8f1d12c5215e00a041c9670b54aa9b18a?s=96&d=mm&r=g","caption":"MC"},"url":"https:\/\/www.webdo.tn\/fr\/actualite\/author\/mc\/"}]}},"_links":{"self":[{"href":"https:\/\/www.webdo.tn\/fr\/wp-json\/wp\/v2\/posts\/216851","targetHints":{"allow":["GET"]}}],"collection":[{"href":"https:\/\/www.webdo.tn\/fr\/wp-json\/wp\/v2\/posts"}],"about":[{"href":"https:\/\/www.webdo.tn\/fr\/wp-json\/wp\/v2\/types\/post"}],"author":[{"embeddable":true,"href":"https:\/\/www.webdo.tn\/fr\/wp-json\/wp\/v2\/users\/3162"}],"replies":[{"embeddable":true,"href":"https:\/\/www.webdo.tn\/fr\/wp-json\/wp\/v2\/comments?post=216851"}],"version-history":[{"count":0,"href":"https:\/\/www.webdo.tn\/fr\/wp-json\/wp\/v2\/posts\/216851\/revisions"}],"wp:featuredmedia":[{"embeddable":true,"href":"https:\/\/www.webdo.tn\/fr\/wp-json\/wp\/v2\/media\/291162"}],"wp:attachment":[{"href":"https:\/\/www.webdo.tn\/fr\/wp-json\/wp\/v2\/media?parent=216851"}],"wp:term":[{"taxonomy":"category","embeddable":true,"href":"https:\/\/www.webdo.tn\/fr\/wp-json\/wp\/v2\/categories?post=216851"},{"taxonomy":"post_tag","embeddable":true,"href":"https:\/\/www.webdo.tn\/fr\/wp-json\/wp\/v2\/tags?post=216851"}],"curies":[{"name":"wp","href":"https:\/\/api.w.org\/{rel}","templated":true}]}}