{"id":216841,"date":"2024-10-07T19:19:00","date_gmt":"2024-10-07T19:19:00","guid":{"rendered":"https:\/\/www.webdo.tn\/fr\/blog\/tunisie-presidentielle-kais-saied-reelu-a-90-69\/216841\/"},"modified":"2025-05-21T09:07:06","modified_gmt":"2025-05-21T09:07:06","slug":"tunisie-presidentielle-kais-saied-reelu-a-90-69","status":"publish","type":"post","link":"https:\/\/www.webdo.tn\/fr\/actualite\/national\/tunisie-presidentielle-kais-saied-reelu-a-90-69\/216841\/","title":{"rendered":"Tunisie &#8211; Pr\u00e9sidentielle : Kais Saied r\u00e9\u00e9lu \u00e0 90,69%"},"content":{"rendered":"<p>Donn\u00e9 vainqueur d\u00e8s le premier tour et r\u00e9\u00e9lu pour un deuxi\u00e8me mandat, le pr\u00e9sident de la R\u00e9publique Kais Saied a obtenu 90,69% des voix a indiqu\u00e9 l\u2019ISIE lors d\u2019une conf\u00e9rence de presse o\u00f9 elle a pr\u00e9sent\u00e9 les r\u00e9sultats pr\u00e9liminaires de l\u2019\u00e9lection pr\u00e9sidentielle.<\/p>\n<p>\t\t\t\t\t\t\t\t\tL\u2019Instance sup\u00e9rieure ind\u00e9pendante pour les \u00e9lections (ISIE), a tenu, aujourd\u2019hui, une conf\u00e9rence de presse, au lendemain de l\u2019\u00e9lection pr\u00e9sidentielle, pour annoncer les r\u00e9sultats pr\u00e9liminaires (officiels) du scrutin.<\/p>\n<p>D&rsquo;apr\u00e8s les donn\u00e9es par l\u2019ISIE, le pr\u00e9sident sortant, Kais Saied, a obtenu 90,69% des voix et remporte ainsi l\u2019\u00e9lection d\u00e8s le premier tour. Les deux autres candidats, Ayachi Zammel et Zouhaier Maghzaoui, r\u00e9coltent respectivement 7,35% et 1,97% des suffrages.<\/p>\n<p>Le taux de participation a atteint 28,8%, selon les donn\u00e9es publi\u00e9es par l\u2019ISIE. Rappelons que lors de l\u2019\u00e9lection pr\u00e9sidentielle de 2019 le taux de participation global du premier tour s\u2019\u00e9tait \u00e9tabli \u00e0 45,02%.<\/p>\n<p>Rappelons \u00e9galement qu\u2019en 2019, Kais Saied, futur vainqueur avait obtenu 18,4% des suffrages en marge du premier tour contre 15,58% pour son adversaire du deuxi\u00e8me tour, Nabil Karoui.<\/p>\n<p>Les r\u00e9sultats d\u00e9finitifs de l\u2019\u00e9lection pr\u00e9sidentielle seront annonc\u00e9s le 9 novembre 2024.<\/p>\n","protected":false},"excerpt":{"rendered":"<p>L&rsquo;ISIE a annonc\u00e9 que Ka\u00efs Sa\u00efed a \u00e9t\u00e9 r\u00e9\u00e9lu d\u00e8s le premier tour avec 90,69% des voix lors de la pr\u00e9sidentielle, devan\u00e7ant Ayachi Zammel et Zouhaier Maghzaoui. L&#8230;<\/p>\n","protected":false},"author":3166,"featured_media":291158,"comment_status":"open","ping_status":"closed","sticky":false,"template":"","format":"standard","meta":{"footnotes":""},"categories":[44],"tags":[10505,5799,2967,2614,5503,2608],"class_list":["post-216841","post","type-post","status-publish","format-standard","has-post-thumbnail","hentry","category-national","tag-reelection","tag-5799","tag-isie","tag-kais-saied","tag-presidentielle","tag-tunisie"],"yoast_head":"<!-- This site is optimized with the Yoast SEO Premium plugin v27.5 (Yoast SEO v27.5) - https:\/\/yoast.com\/product\/yoast-seo-premium-wordpress\/ -->\n<title>Tunisie - Pr\u00e9sidentielle : Kais Saied r\u00e9\u00e9lu \u00e0 90,69%<\/title>\n<meta name=\"description\" content=\"L&#039;ISIE a annonc\u00e9 que Ka\u00efs Sa\u00efed a \u00e9t\u00e9 r\u00e9\u00e9lu d\u00e8s le premier tour avec 90,69% des voix lors de la pr\u00e9sidentielle, devan\u00e7ant Ayachi Zammel et Zouhaier Maghzaoui. L...\" \/>\n<link rel=\"canonical\" href=\"https:\/\/www.webdo.tn\/fr\/actualite\/national\/tunisie-presidentielle-kais-saied-reelu-a-90-69\/216841\/\" \/>\n<meta property=\"og:locale\" content=\"fr_FR\" \/>\n<meta property=\"og:type\" content=\"article\" \/>\n<meta property=\"og:title\" content=\"Tunisie - Pr\u00e9sidentielle : Kais Saied r\u00e9\u00e9lu \u00e0 90,69%\" \/>\n<meta property=\"og:description\" content=\"L&#039;ISIE a annonc\u00e9 que Ka\u00efs Sa\u00efed a \u00e9t\u00e9 r\u00e9\u00e9lu d\u00e8s le premier tour avec 90,69% des voix lors de la pr\u00e9sidentielle, devan\u00e7ant Ayachi Zammel et Zouhaier Maghzaoui. L...\" \/>\n<meta property=\"og:url\" content=\"https:\/\/www.webdo.tn\/fr\/actualite\/national\/tunisie-presidentielle-kais-saied-reelu-a-90-69\/216841\/\" \/>\n<meta property=\"og:site_name\" content=\"webdo\" \/>\n<meta property=\"article:publisher\" content=\"https:\/\/www.facebook.com\/webdotn\" \/>\n<meta property=\"article:published_time\" content=\"2024-10-07T19:19:00+00:00\" \/>\n<meta property=\"article:modified_time\" content=\"2025-05-21T09:07:06+00:00\" \/>\n<meta property=\"og:image\" content=\"https:\/\/www.webdo.tn\/fr\/wp-content\/uploads\/2024\/10\/a090fb8fd43185394a53c9fce43cf04c.webp\" \/>\n\t<meta property=\"og:image:width\" content=\"750\" \/>\n\t<meta property=\"og:image:height\" content=\"400\" \/>\n\t<meta property=\"og:image:type\" content=\"image\/webp\" \/>\n<meta name=\"author\" content=\"AZ\" \/>\n<meta name=\"twitter:card\" content=\"summary_large_image\" \/>\n<meta name=\"twitter:creator\" content=\"@webdo_tn\" \/>\n<meta name=\"twitter:site\" content=\"@webdo_tn\" \/>\n<meta name=\"twitter:label1\" content=\"\u00c9crit par\" \/>\n\t<meta name=\"twitter:data1\" content=\"AZ\" \/>\n\t<meta name=\"twitter:label2\" content=\"Dur\u00e9e de lecture estim\u00e9e\" \/>\n\t<meta name=\"twitter:data2\" content=\"1 minute\" \/>\n<script type=\"application\/ld+json\" class=\"yoast-schema-graph\">{\"@context\":\"https:\\\/\\\/schema.org\",\"@graph\":[{\"@type\":\"NewsArticle\",\"@id\":\"https:\\\/\\\/www.webdo.tn\\\/fr\\\/actualite\\\/national\\\/tunisie-presidentielle-kais-saied-reelu-a-90-69\\\/216841\\\/#article\",\"isPartOf\":{\"@id\":\"https:\\\/\\\/www.webdo.tn\\\/fr\\\/actualite\\\/national\\\/tunisie-presidentielle-kais-saied-reelu-a-90-69\\\/216841\\\/\"},\"author\":{\"name\":\"AZ\",\"@id\":\"https:\\\/\\\/www.webdo.tn\\\/fr\\\/#\\\/schema\\\/person\\\/b8a41c04d93287d375510db360906b34\"},\"headline\":\"Tunisie &#8211; Pr\u00e9sidentielle : Kais Saied r\u00e9\u00e9lu \u00e0 90,69%\",\"datePublished\":\"2024-10-07T19:19:00+00:00\",\"dateModified\":\"2025-05-21T09:07:06+00:00\",\"mainEntityOfPage\":{\"@id\":\"https:\\\/\\\/www.webdo.tn\\\/fr\\\/actualite\\\/national\\\/tunisie-presidentielle-kais-saied-reelu-a-90-69\\\/216841\\\/\"},\"wordCount\":219,\"commentCount\":0,\"publisher\":{\"@id\":\"https:\\\/\\\/www.webdo.tn\\\/fr\\\/#organization\"},\"image\":{\"@id\":\"https:\\\/\\\/www.webdo.tn\\\/fr\\\/actualite\\\/national\\\/tunisie-presidentielle-kais-saied-reelu-a-90-69\\\/216841\\\/#primaryimage\"},\"thumbnailUrl\":\"https:\\\/\\\/www.webdo.tn\\\/fr\\\/wp-content\\\/uploads\\\/2024\\\/10\\\/a090fb8fd43185394a53c9fce43cf04c.webp\",\"keywords\":[\"'R\u00e9\u00e9lection']\",\"2024\",\"ISIE\",\"Kais Saied\",\"pr\u00e9sidentielle\",\"Tunisie\"],\"articleSection\":[\"National\"],\"inLanguage\":\"fr-FR\"},{\"@type\":\"WebPage\",\"@id\":\"https:\\\/\\\/www.webdo.tn\\\/fr\\\/actualite\\\/national\\\/tunisie-presidentielle-kais-saied-reelu-a-90-69\\\/216841\\\/\",\"url\":\"https:\\\/\\\/www.webdo.tn\\\/fr\\\/actualite\\\/national\\\/tunisie-presidentielle-kais-saied-reelu-a-90-69\\\/216841\\\/\",\"name\":\"Tunisie - Pr\u00e9sidentielle : Kais Saied r\u00e9\u00e9lu \u00e0 90,69%\",\"isPartOf\":{\"@id\":\"https:\\\/\\\/www.webdo.tn\\\/fr\\\/#website\"},\"primaryImageOfPage\":{\"@id\":\"https:\\\/\\\/www.webdo.tn\\\/fr\\\/actualite\\\/national\\\/tunisie-presidentielle-kais-saied-reelu-a-90-69\\\/216841\\\/#primaryimage\"},\"image\":{\"@id\":\"https:\\\/\\\/www.webdo.tn\\\/fr\\\/actualite\\\/national\\\/tunisie-presidentielle-kais-saied-reelu-a-90-69\\\/216841\\\/#primaryimage\"},\"thumbnailUrl\":\"https:\\\/\\\/www.webdo.tn\\\/fr\\\/wp-content\\\/uploads\\\/2024\\\/10\\\/a090fb8fd43185394a53c9fce43cf04c.webp\",\"datePublished\":\"2024-10-07T19:19:00+00:00\",\"dateModified\":\"2025-05-21T09:07:06+00:00\",\"description\":\"L'ISIE a annonc\u00e9 que Ka\u00efs Sa\u00efed a \u00e9t\u00e9 r\u00e9\u00e9lu d\u00e8s le premier tour avec 90,69% des voix lors de la pr\u00e9sidentielle, devan\u00e7ant Ayachi Zammel et Zouhaier Maghzaoui. L...\",\"breadcrumb\":{\"@id\":\"https:\\\/\\\/www.webdo.tn\\\/fr\\\/actualite\\\/national\\\/tunisie-presidentielle-kais-saied-reelu-a-90-69\\\/216841\\\/#breadcrumb\"},\"inLanguage\":\"fr-FR\",\"potentialAction\":[{\"@type\":\"ReadAction\",\"target\":[\"https:\\\/\\\/www.webdo.tn\\\/fr\\\/actualite\\\/national\\\/tunisie-presidentielle-kais-saied-reelu-a-90-69\\\/216841\\\/\"]}]},{\"@type\":\"ImageObject\",\"inLanguage\":\"fr-FR\",\"@id\":\"https:\\\/\\\/www.webdo.tn\\\/fr\\\/actualite\\\/national\\\/tunisie-presidentielle-kais-saied-reelu-a-90-69\\\/216841\\\/#primaryimage\",\"url\":\"https:\\\/\\\/www.webdo.tn\\\/fr\\\/wp-content\\\/uploads\\\/2024\\\/10\\\/a090fb8fd43185394a53c9fce43cf04c.webp\",\"contentUrl\":\"https:\\\/\\\/www.webdo.tn\\\/fr\\\/wp-content\\\/uploads\\\/2024\\\/10\\\/a090fb8fd43185394a53c9fce43cf04c.webp\",\"width\":750,\"height\":400,\"caption\":\"Tunisie - Pr\u00e9sidentielle : Kais Saied r\u00e9\u00e9lu \u00e0 90,69%\"},{\"@type\":\"BreadcrumbList\",\"@id\":\"https:\\\/\\\/www.webdo.tn\\\/fr\\\/actualite\\\/national\\\/tunisie-presidentielle-kais-saied-reelu-a-90-69\\\/216841\\\/#breadcrumb\",\"itemListElement\":[{\"@type\":\"ListItem\",\"position\":1,\"name\":\"Accueil\",\"item\":\"https:\\\/\\\/www.webdo.tn\\\/fr\\\/\"},{\"@type\":\"ListItem\",\"position\":2,\"name\":\"Tunisie &#8211; Pr\u00e9sidentielle : Kais Saied r\u00e9\u00e9lu \u00e0 90,69%\"}]},{\"@type\":\"WebSite\",\"@id\":\"https:\\\/\\\/www.webdo.tn\\\/fr\\\/#website\",\"url\":\"https:\\\/\\\/www.webdo.tn\\\/fr\\\/\",\"name\":\"webdo\",\"description\":\"Tunisie - News en Tunisie et \u00e0 l&#039;international sur Webdo.tn\",\"publisher\":{\"@id\":\"https:\\\/\\\/www.webdo.tn\\\/fr\\\/#organization\"},\"potentialAction\":[{\"@type\":\"SearchAction\",\"target\":{\"@type\":\"EntryPoint\",\"urlTemplate\":\"https:\\\/\\\/www.webdo.tn\\\/fr\\\/?s={search_term_string}\"},\"query-input\":{\"@type\":\"PropertyValueSpecification\",\"valueRequired\":true,\"valueName\":\"search_term_string\"}}],\"inLanguage\":\"fr-FR\"},{\"@type\":\"Organization\",\"@id\":\"https:\\\/\\\/www.webdo.tn\\\/fr\\\/#organization\",\"name\":\"Webdo\",\"alternateName\":\"Webdo.tn\",\"url\":\"https:\\\/\\\/www.webdo.tn\\\/fr\\\/\",\"logo\":{\"@type\":\"ImageObject\",\"inLanguage\":\"fr-FR\",\"@id\":\"https:\\\/\\\/www.webdo.tn\\\/fr\\\/#\\\/schema\\\/logo\\\/image\\\/\",\"url\":\"https:\\\/\\\/www.webdo.tn\\\/fr\\\/wp-content\\\/uploads\\\/2025\\\/06\\\/Webdo-Tunisie_168377.jpg\",\"contentUrl\":\"https:\\\/\\\/www.webdo.tn\\\/fr\\\/wp-content\\\/uploads\\\/2025\\\/06\\\/Webdo-Tunisie_168377.jpg\",\"width\":301,\"height\":301,\"caption\":\"Webdo\"},\"image\":{\"@id\":\"https:\\\/\\\/www.webdo.tn\\\/fr\\\/#\\\/schema\\\/logo\\\/image\\\/\"},\"sameAs\":[\"https:\\\/\\\/www.facebook.com\\\/webdotn\",\"https:\\\/\\\/x.com\\\/webdo_tn\"],\"description\":\"Webdo est un m\u00e9dia num\u00e9rique tunisien fond\u00e9 en 2010, sp\u00e9cialis\u00e9 dans l\u2019actualit\u00e9 nationale et internationale, l\u2019\u00e9conomie, la soci\u00e9t\u00e9 et les analyses politiques. Le site s\u2019adresse \u00e0 un large public francophone et couvre l\u2019information tunisienne en temps r\u00e9el.\",\"email\":\"redac@webdo.tn\",\"legalName\":\"YNJ SARL\",\"foundingDate\":\"2010-09-06\",\"numberOfEmployees\":{\"@type\":\"QuantitativeValue\",\"minValue\":\"11\",\"maxValue\":\"50\"}},{\"@type\":\"Person\",\"@id\":\"https:\\\/\\\/www.webdo.tn\\\/fr\\\/#\\\/schema\\\/person\\\/b8a41c04d93287d375510db360906b34\",\"name\":\"AZ\",\"image\":{\"@type\":\"ImageObject\",\"inLanguage\":\"fr-FR\",\"@id\":\"https:\\\/\\\/secure.gravatar.com\\\/avatar\\\/492b80bada79439de4201dce15cd41eece6c277cfdf1b53382073c79105c1f89?s=96&d=mm&r=g\",\"url\":\"https:\\\/\\\/secure.gravatar.com\\\/avatar\\\/492b80bada79439de4201dce15cd41eece6c277cfdf1b53382073c79105c1f89?s=96&d=mm&r=g\",\"contentUrl\":\"https:\\\/\\\/secure.gravatar.com\\\/avatar\\\/492b80bada79439de4201dce15cd41eece6c277cfdf1b53382073c79105c1f89?s=96&d=mm&r=g\",\"caption\":\"AZ\"},\"url\":\"https:\\\/\\\/www.webdo.tn\\\/fr\\\/actualite\\\/author\\\/az\\\/\"}]}<\/script>\n<!-- \/ Yoast SEO Premium plugin. -->","yoast_head_json":{"title":"Tunisie - Pr\u00e9sidentielle : Kais Saied r\u00e9\u00e9lu \u00e0 90,69%","description":"L'ISIE a annonc\u00e9 que Ka\u00efs Sa\u00efed a \u00e9t\u00e9 r\u00e9\u00e9lu d\u00e8s le premier tour avec 90,69% des voix lors de la pr\u00e9sidentielle, devan\u00e7ant Ayachi Zammel et Zouhaier Maghzaoui. L...","canonical":"https:\/\/www.webdo.tn\/fr\/actualite\/national\/tunisie-presidentielle-kais-saied-reelu-a-90-69\/216841\/","og_locale":"fr_FR","og_type":"article","og_title":"Tunisie - Pr\u00e9sidentielle : Kais Saied r\u00e9\u00e9lu \u00e0 90,69%","og_description":"L'ISIE a annonc\u00e9 que Ka\u00efs Sa\u00efed a \u00e9t\u00e9 r\u00e9\u00e9lu d\u00e8s le premier tour avec 90,69% des voix lors de la pr\u00e9sidentielle, devan\u00e7ant Ayachi Zammel et Zouhaier Maghzaoui. L...","og_url":"https:\/\/www.webdo.tn\/fr\/actualite\/national\/tunisie-presidentielle-kais-saied-reelu-a-90-69\/216841\/","og_site_name":"webdo","article_publisher":"https:\/\/www.facebook.com\/webdotn","article_published_time":"2024-10-07T19:19:00+00:00","article_modified_time":"2025-05-21T09:07:06+00:00","og_image":[{"width":750,"height":400,"url":"https:\/\/www.webdo.tn\/fr\/wp-content\/uploads\/2024\/10\/a090fb8fd43185394a53c9fce43cf04c.webp","type":"image\/webp"}],"author":"AZ","twitter_card":"summary_large_image","twitter_creator":"@webdo_tn","twitter_site":"@webdo_tn","twitter_misc":{"\u00c9crit par":"AZ","Dur\u00e9e de lecture estim\u00e9e":"1 minute"},"schema":{"@context":"https:\/\/schema.org","@graph":[{"@type":"NewsArticle","@id":"https:\/\/www.webdo.tn\/fr\/actualite\/national\/tunisie-presidentielle-kais-saied-reelu-a-90-69\/216841\/#article","isPartOf":{"@id":"https:\/\/www.webdo.tn\/fr\/actualite\/national\/tunisie-presidentielle-kais-saied-reelu-a-90-69\/216841\/"},"author":{"name":"AZ","@id":"https:\/\/www.webdo.tn\/fr\/#\/schema\/person\/b8a41c04d93287d375510db360906b34"},"headline":"Tunisie &#8211; Pr\u00e9sidentielle : Kais Saied r\u00e9\u00e9lu \u00e0 90,69%","datePublished":"2024-10-07T19:19:00+00:00","dateModified":"2025-05-21T09:07:06+00:00","mainEntityOfPage":{"@id":"https:\/\/www.webdo.tn\/fr\/actualite\/national\/tunisie-presidentielle-kais-saied-reelu-a-90-69\/216841\/"},"wordCount":219,"commentCount":0,"publisher":{"@id":"https:\/\/www.webdo.tn\/fr\/#organization"},"image":{"@id":"https:\/\/www.webdo.tn\/fr\/actualite\/national\/tunisie-presidentielle-kais-saied-reelu-a-90-69\/216841\/#primaryimage"},"thumbnailUrl":"https:\/\/www.webdo.tn\/fr\/wp-content\/uploads\/2024\/10\/a090fb8fd43185394a53c9fce43cf04c.webp","keywords":["'R\u00e9\u00e9lection']","2024","ISIE","Kais Saied","pr\u00e9sidentielle","Tunisie"],"articleSection":["National"],"inLanguage":"fr-FR"},{"@type":"WebPage","@id":"https:\/\/www.webdo.tn\/fr\/actualite\/national\/tunisie-presidentielle-kais-saied-reelu-a-90-69\/216841\/","url":"https:\/\/www.webdo.tn\/fr\/actualite\/national\/tunisie-presidentielle-kais-saied-reelu-a-90-69\/216841\/","name":"Tunisie - Pr\u00e9sidentielle : Kais Saied r\u00e9\u00e9lu \u00e0 90,69%","isPartOf":{"@id":"https:\/\/www.webdo.tn\/fr\/#website"},"primaryImageOfPage":{"@id":"https:\/\/www.webdo.tn\/fr\/actualite\/national\/tunisie-presidentielle-kais-saied-reelu-a-90-69\/216841\/#primaryimage"},"image":{"@id":"https:\/\/www.webdo.tn\/fr\/actualite\/national\/tunisie-presidentielle-kais-saied-reelu-a-90-69\/216841\/#primaryimage"},"thumbnailUrl":"https:\/\/www.webdo.tn\/fr\/wp-content\/uploads\/2024\/10\/a090fb8fd43185394a53c9fce43cf04c.webp","datePublished":"2024-10-07T19:19:00+00:00","dateModified":"2025-05-21T09:07:06+00:00","description":"L'ISIE a annonc\u00e9 que Ka\u00efs Sa\u00efed a \u00e9t\u00e9 r\u00e9\u00e9lu d\u00e8s le premier tour avec 90,69% des voix lors de la pr\u00e9sidentielle, devan\u00e7ant Ayachi Zammel et Zouhaier Maghzaoui. L...","breadcrumb":{"@id":"https:\/\/www.webdo.tn\/fr\/actualite\/national\/tunisie-presidentielle-kais-saied-reelu-a-90-69\/216841\/#breadcrumb"},"inLanguage":"fr-FR","potentialAction":[{"@type":"ReadAction","target":["https:\/\/www.webdo.tn\/fr\/actualite\/national\/tunisie-presidentielle-kais-saied-reelu-a-90-69\/216841\/"]}]},{"@type":"ImageObject","inLanguage":"fr-FR","@id":"https:\/\/www.webdo.tn\/fr\/actualite\/national\/tunisie-presidentielle-kais-saied-reelu-a-90-69\/216841\/#primaryimage","url":"https:\/\/www.webdo.tn\/fr\/wp-content\/uploads\/2024\/10\/a090fb8fd43185394a53c9fce43cf04c.webp","contentUrl":"https:\/\/www.webdo.tn\/fr\/wp-content\/uploads\/2024\/10\/a090fb8fd43185394a53c9fce43cf04c.webp","width":750,"height":400,"caption":"Tunisie - Pr\u00e9sidentielle : Kais Saied r\u00e9\u00e9lu \u00e0 90,69%"},{"@type":"BreadcrumbList","@id":"https:\/\/www.webdo.tn\/fr\/actualite\/national\/tunisie-presidentielle-kais-saied-reelu-a-90-69\/216841\/#breadcrumb","itemListElement":[{"@type":"ListItem","position":1,"name":"Accueil","item":"https:\/\/www.webdo.tn\/fr\/"},{"@type":"ListItem","position":2,"name":"Tunisie &#8211; Pr\u00e9sidentielle : Kais Saied r\u00e9\u00e9lu \u00e0 90,69%"}]},{"@type":"WebSite","@id":"https:\/\/www.webdo.tn\/fr\/#website","url":"https:\/\/www.webdo.tn\/fr\/","name":"webdo","description":"Tunisie - News en Tunisie et \u00e0 l&#039;international sur Webdo.tn","publisher":{"@id":"https:\/\/www.webdo.tn\/fr\/#organization"},"potentialAction":[{"@type":"SearchAction","target":{"@type":"EntryPoint","urlTemplate":"https:\/\/www.webdo.tn\/fr\/?s={search_term_string}"},"query-input":{"@type":"PropertyValueSpecification","valueRequired":true,"valueName":"search_term_string"}}],"inLanguage":"fr-FR"},{"@type":"Organization","@id":"https:\/\/www.webdo.tn\/fr\/#organization","name":"Webdo","alternateName":"Webdo.tn","url":"https:\/\/www.webdo.tn\/fr\/","logo":{"@type":"ImageObject","inLanguage":"fr-FR","@id":"https:\/\/www.webdo.tn\/fr\/#\/schema\/logo\/image\/","url":"https:\/\/www.webdo.tn\/fr\/wp-content\/uploads\/2025\/06\/Webdo-Tunisie_168377.jpg","contentUrl":"https:\/\/www.webdo.tn\/fr\/wp-content\/uploads\/2025\/06\/Webdo-Tunisie_168377.jpg","width":301,"height":301,"caption":"Webdo"},"image":{"@id":"https:\/\/www.webdo.tn\/fr\/#\/schema\/logo\/image\/"},"sameAs":["https:\/\/www.facebook.com\/webdotn","https:\/\/x.com\/webdo_tn"],"description":"Webdo est un m\u00e9dia num\u00e9rique tunisien fond\u00e9 en 2010, sp\u00e9cialis\u00e9 dans l\u2019actualit\u00e9 nationale et internationale, l\u2019\u00e9conomie, la soci\u00e9t\u00e9 et les analyses politiques. Le site s\u2019adresse \u00e0 un large public francophone et couvre l\u2019information tunisienne en temps r\u00e9el.","email":"redac@webdo.tn","legalName":"YNJ SARL","foundingDate":"2010-09-06","numberOfEmployees":{"@type":"QuantitativeValue","minValue":"11","maxValue":"50"}},{"@type":"Person","@id":"https:\/\/www.webdo.tn\/fr\/#\/schema\/person\/b8a41c04d93287d375510db360906b34","name":"AZ","image":{"@type":"ImageObject","inLanguage":"fr-FR","@id":"https:\/\/secure.gravatar.com\/avatar\/492b80bada79439de4201dce15cd41eece6c277cfdf1b53382073c79105c1f89?s=96&d=mm&r=g","url":"https:\/\/secure.gravatar.com\/avatar\/492b80bada79439de4201dce15cd41eece6c277cfdf1b53382073c79105c1f89?s=96&d=mm&r=g","contentUrl":"https:\/\/secure.gravatar.com\/avatar\/492b80bada79439de4201dce15cd41eece6c277cfdf1b53382073c79105c1f89?s=96&d=mm&r=g","caption":"AZ"},"url":"https:\/\/www.webdo.tn\/fr\/actualite\/author\/az\/"}]}},"_links":{"self":[{"href":"https:\/\/www.webdo.tn\/fr\/wp-json\/wp\/v2\/posts\/216841","targetHints":{"allow":["GET"]}}],"collection":[{"href":"https:\/\/www.webdo.tn\/fr\/wp-json\/wp\/v2\/posts"}],"about":[{"href":"https:\/\/www.webdo.tn\/fr\/wp-json\/wp\/v2\/types\/post"}],"author":[{"embeddable":true,"href":"https:\/\/www.webdo.tn\/fr\/wp-json\/wp\/v2\/users\/3166"}],"replies":[{"embeddable":true,"href":"https:\/\/www.webdo.tn\/fr\/wp-json\/wp\/v2\/comments?post=216841"}],"version-history":[{"count":0,"href":"https:\/\/www.webdo.tn\/fr\/wp-json\/wp\/v2\/posts\/216841\/revisions"}],"wp:featuredmedia":[{"embeddable":true,"href":"https:\/\/www.webdo.tn\/fr\/wp-json\/wp\/v2\/media\/291158"}],"wp:attachment":[{"href":"https:\/\/www.webdo.tn\/fr\/wp-json\/wp\/v2\/media?parent=216841"}],"wp:term":[{"taxonomy":"category","embeddable":true,"href":"https:\/\/www.webdo.tn\/fr\/wp-json\/wp\/v2\/categories?post=216841"},{"taxonomy":"post_tag","embeddable":true,"href":"https:\/\/www.webdo.tn\/fr\/wp-json\/wp\/v2\/tags?post=216841"}],"curies":[{"name":"wp","href":"https:\/\/api.w.org\/{rel}","templated":true}]}}