{"id":216836,"date":"2024-10-07T11:57:00","date_gmt":"2024-10-07T11:57:00","guid":{"rendered":"https:\/\/www.webdo.tn\/fr\/blog\/tunisie-75-bus-francais-usages-attendus-demain-au-port-de-la-goulette\/216836\/"},"modified":"2024-10-07T11:57:00","modified_gmt":"2024-10-07T11:57:00","slug":"tunisie-75-bus-francais-usages-attendus-demain-au-port-de-la-goulette","status":"publish","type":"post","link":"https:\/\/www.webdo.tn\/fr\/actualite\/national\/tunisie-75-bus-francais-usages-attendus-demain-au-port-de-la-goulette\/216836\/","title":{"rendered":"Tunisie : 75 bus fran\u00e7ais usag\u00e9s attendus demain au port de la Goulette"},"content":{"rendered":"<p>Demain mardi, 75 bus usag\u00e9s en provenance de France accosteront au port de la Goulette et seront imm\u00e9diatement mis en service. Cette livraison fait partie d&rsquo;un lot plus important de 160 bus usag\u00e9s destin\u00e9s \u00e0 renforcer le r\u00e9seau de transport public tunisien.<\/p>\n<p>\t\t\t\t\t\t\t\t\tSelon Wajih Zidi, secr\u00e9taire g\u00e9n\u00e9ral de la f\u00e9d\u00e9ration du transport, qui s&rsquo;est exprim\u00e9 sur les ondes de Mosa\u00efque FM, le Grand Tunis va b\u00e9n\u00e9ficier, outre ces 160 bus usag\u00e9s, de 300 nouveaux v\u00e9hicules. Ces acquisitions viendront compl\u00e9ter la flotte actuelle de 489 bus, portant le total \u00e0 pr\u00e8s de 1000 unit\u00e9s pour la capitale et sa r\u00e9gion.<\/p>\n<p>M. Zidi a toutefois rappel\u00e9 qu&rsquo;en 2010, le Grand Tunis disposait d&rsquo;une flotte de 1200 bus, soulignant ainsi la diminution significative du parc au cours de la derni\u00e8re d\u00e9cennie.<\/p>\n<p>Coop\u00e9ration franco-tunisienne renforc\u00e9e<br \/>\nLors d&rsquo;une rencontre le 20 septembre dernier avec le ministre des Transports Rachid Amri, l&rsquo;ambassadrice de France en Tunisie, Anne Gueguen, a r\u00e9affirm\u00e9 la volont\u00e9 de la France de consolider sa coop\u00e9ration avec la Tunisie dans le secteur des transports.<\/p>\n<p>Cette livraison de bus s&rsquo;inscrit dans la continuit\u00e9 des relations bilat\u00e9rales entre les deux pays, la Tunisie ayant d\u00e9j\u00e0 eu recours par le pass\u00e9 \u00e0 l&rsquo;importation de bus usag\u00e9s fran\u00e7ais, une solution \u00e9conomiquement avantageuse face aux contraintes budg\u00e9taires.<\/p>\n<p>Perspectives d&rsquo;avenir et int\u00e9r\u00eat chinois<\/p>\n<p>La modernisation du transport public tunisien suscite \u00e9galement l&rsquo;int\u00e9r\u00eat d&rsquo;autres partenaires internationaux. Le chef du gouvernement, Kamel Maddouri, a r\u00e9cemment particip\u00e9 au Forum sino-africain en Chine, o\u00f9 plusieurs projets d&rsquo;envergure ont \u00e9t\u00e9 discut\u00e9s. Parmi ceux-ci figurent l&rsquo;acquisition rapide de bus suppl\u00e9mentaires et un ambitieux projet de train \u00e0 grande vitesse qui relierait le nord au sud du pays.<\/p>\n","protected":false},"excerpt":{"rendered":"<p>75 bus d&rsquo;occasion en provenance de France seront livr\u00e9s demain au port de la Goulette pour renforcer la flotte du Grand Tunis. Cette initiative fait partie d&rsquo;un&#8230;<\/p>\n","protected":false},"author":4779,"featured_media":291153,"comment_status":"open","ping_status":"closed","sticky":false,"template":"","format":"standard","meta":{"footnotes":""},"categories":[44],"tags":[10503,10501,10502,2899],"class_list":["post-216836","post","type-post","status-publish","format-standard","has-post-thumbnail","hentry","category-national","tag-cooperation-tunisie-france","tag-transport-public-tunisie","tag-bus-doccasion-france","tag-grand-tunis"],"yoast_head":"<!-- This site is optimized with the Yoast SEO Premium plugin v27.4 (Yoast SEO v27.5) - https:\/\/yoast.com\/product\/yoast-seo-premium-wordpress\/ -->\n<title>Tunisie : 75 bus fran\u00e7ais usag\u00e9s attendus demain au port de la Goulette<\/title>\n<meta name=\"description\" content=\"75 bus d&#039;occasion en provenance de France seront livr\u00e9s demain au port de la Goulette pour renforcer la flotte du Grand Tunis. Cette initiative fait partie d&#039;un...\" \/>\n<link rel=\"canonical\" href=\"https:\/\/www.webdo.tn\/fr\/actualite\/national\/tunisie-75-bus-francais-usages-attendus-demain-au-port-de-la-goulette\/216836\/\" \/>\n<meta property=\"og:locale\" content=\"fr_FR\" \/>\n<meta property=\"og:type\" content=\"article\" \/>\n<meta property=\"og:title\" content=\"Tunisie : 75 bus fran\u00e7ais usag\u00e9s attendus demain au port de la Goulette\" \/>\n<meta property=\"og:description\" content=\"75 bus d&#039;occasion en provenance de France seront livr\u00e9s demain au port de la Goulette pour renforcer la flotte du Grand Tunis. Cette initiative fait partie d&#039;un...\" \/>\n<meta property=\"og:url\" content=\"https:\/\/www.webdo.tn\/fr\/actualite\/national\/tunisie-75-bus-francais-usages-attendus-demain-au-port-de-la-goulette\/216836\/\" \/>\n<meta property=\"og:site_name\" content=\"webdo\" \/>\n<meta property=\"article:publisher\" content=\"https:\/\/www.facebook.com\/webdotn\" \/>\n<meta property=\"article:published_time\" content=\"2024-10-07T11:57:00+00:00\" \/>\n<meta property=\"og:image\" content=\"https:\/\/www.webdo.tn\/fr\/wp-content\/uploads\/2024\/10\/de430b5434c2d85056cc11555198851d.webp\" \/>\n\t<meta property=\"og:image:width\" content=\"750\" \/>\n\t<meta property=\"og:image:height\" content=\"400\" \/>\n\t<meta property=\"og:image:type\" content=\"image\/webp\" \/>\n<meta name=\"author\" content=\"Firas Ben Abdeltif\" \/>\n<meta name=\"twitter:card\" content=\"summary_large_image\" \/>\n<meta name=\"twitter:creator\" content=\"@webdo_tn\" \/>\n<meta name=\"twitter:site\" content=\"@webdo_tn\" \/>\n<meta name=\"twitter:label1\" content=\"\u00c9crit par\" \/>\n\t<meta name=\"twitter:data1\" content=\"Firas Ben Abdeltif\" \/>\n\t<meta name=\"twitter:label2\" content=\"Dur\u00e9e de lecture estim\u00e9e\" \/>\n\t<meta name=\"twitter:data2\" content=\"1 minute\" \/>\n<script type=\"application\/ld+json\" class=\"yoast-schema-graph\">{\"@context\":\"https:\\\/\\\/schema.org\",\"@graph\":[{\"@type\":\"NewsArticle\",\"@id\":\"https:\\\/\\\/www.webdo.tn\\\/fr\\\/actualite\\\/national\\\/tunisie-75-bus-francais-usages-attendus-demain-au-port-de-la-goulette\\\/216836\\\/#article\",\"isPartOf\":{\"@id\":\"https:\\\/\\\/www.webdo.tn\\\/fr\\\/actualite\\\/national\\\/tunisie-75-bus-francais-usages-attendus-demain-au-port-de-la-goulette\\\/216836\\\/\"},\"author\":{\"name\":\"Firas Ben Abdeltif\",\"@id\":\"https:\\\/\\\/www.webdo.tn\\\/fr\\\/#\\\/schema\\\/person\\\/19664196c9bfdcda126f3c27709f7d11\"},\"headline\":\"Tunisie : 75 bus fran\u00e7ais usag\u00e9s attendus demain au port de la Goulette\",\"datePublished\":\"2024-10-07T11:57:00+00:00\",\"mainEntityOfPage\":{\"@id\":\"https:\\\/\\\/www.webdo.tn\\\/fr\\\/actualite\\\/national\\\/tunisie-75-bus-francais-usages-attendus-demain-au-port-de-la-goulette\\\/216836\\\/\"},\"wordCount\":322,\"commentCount\":0,\"publisher\":{\"@id\":\"https:\\\/\\\/www.webdo.tn\\\/fr\\\/#organization\"},\"image\":{\"@id\":\"https:\\\/\\\/www.webdo.tn\\\/fr\\\/actualite\\\/national\\\/tunisie-75-bus-francais-usages-attendus-demain-au-port-de-la-goulette\\\/216836\\\/#primaryimage\"},\"thumbnailUrl\":\"https:\\\/\\\/www.webdo.tn\\\/fr\\\/wp-content\\\/uploads\\\/2024\\\/10\\\/de430b5434c2d85056cc11555198851d.webp\",\"keywords\":[\"'Coop\u00e9ration Tunisie France']\",\"'Transport public Tunisie'\",\"\\\"Bus d'occasion France\\\"\",\"grand-tunis\"],\"articleSection\":[\"National\"],\"inLanguage\":\"fr-FR\"},{\"@type\":\"WebPage\",\"@id\":\"https:\\\/\\\/www.webdo.tn\\\/fr\\\/actualite\\\/national\\\/tunisie-75-bus-francais-usages-attendus-demain-au-port-de-la-goulette\\\/216836\\\/\",\"url\":\"https:\\\/\\\/www.webdo.tn\\\/fr\\\/actualite\\\/national\\\/tunisie-75-bus-francais-usages-attendus-demain-au-port-de-la-goulette\\\/216836\\\/\",\"name\":\"Tunisie : 75 bus fran\u00e7ais usag\u00e9s attendus demain au port de la Goulette\",\"isPartOf\":{\"@id\":\"https:\\\/\\\/www.webdo.tn\\\/fr\\\/#website\"},\"primaryImageOfPage\":{\"@id\":\"https:\\\/\\\/www.webdo.tn\\\/fr\\\/actualite\\\/national\\\/tunisie-75-bus-francais-usages-attendus-demain-au-port-de-la-goulette\\\/216836\\\/#primaryimage\"},\"image\":{\"@id\":\"https:\\\/\\\/www.webdo.tn\\\/fr\\\/actualite\\\/national\\\/tunisie-75-bus-francais-usages-attendus-demain-au-port-de-la-goulette\\\/216836\\\/#primaryimage\"},\"thumbnailUrl\":\"https:\\\/\\\/www.webdo.tn\\\/fr\\\/wp-content\\\/uploads\\\/2024\\\/10\\\/de430b5434c2d85056cc11555198851d.webp\",\"datePublished\":\"2024-10-07T11:57:00+00:00\",\"description\":\"75 bus d'occasion en provenance de France seront livr\u00e9s demain au port de la Goulette pour renforcer la flotte du Grand Tunis. Cette initiative fait partie d'un...\",\"breadcrumb\":{\"@id\":\"https:\\\/\\\/www.webdo.tn\\\/fr\\\/actualite\\\/national\\\/tunisie-75-bus-francais-usages-attendus-demain-au-port-de-la-goulette\\\/216836\\\/#breadcrumb\"},\"inLanguage\":\"fr-FR\",\"potentialAction\":[{\"@type\":\"ReadAction\",\"target\":[\"https:\\\/\\\/www.webdo.tn\\\/fr\\\/actualite\\\/national\\\/tunisie-75-bus-francais-usages-attendus-demain-au-port-de-la-goulette\\\/216836\\\/\"]}]},{\"@type\":\"ImageObject\",\"inLanguage\":\"fr-FR\",\"@id\":\"https:\\\/\\\/www.webdo.tn\\\/fr\\\/actualite\\\/national\\\/tunisie-75-bus-francais-usages-attendus-demain-au-port-de-la-goulette\\\/216836\\\/#primaryimage\",\"url\":\"https:\\\/\\\/www.webdo.tn\\\/fr\\\/wp-content\\\/uploads\\\/2024\\\/10\\\/de430b5434c2d85056cc11555198851d.webp\",\"contentUrl\":\"https:\\\/\\\/www.webdo.tn\\\/fr\\\/wp-content\\\/uploads\\\/2024\\\/10\\\/de430b5434c2d85056cc11555198851d.webp\",\"width\":750,\"height\":400,\"caption\":\"Tunisie : 75 bus fran\u00e7ais usag\u00e9s attendus demain au port de la Goulette\"},{\"@type\":\"BreadcrumbList\",\"@id\":\"https:\\\/\\\/www.webdo.tn\\\/fr\\\/actualite\\\/national\\\/tunisie-75-bus-francais-usages-attendus-demain-au-port-de-la-goulette\\\/216836\\\/#breadcrumb\",\"itemListElement\":[{\"@type\":\"ListItem\",\"position\":1,\"name\":\"Accueil\",\"item\":\"https:\\\/\\\/www.webdo.tn\\\/fr\\\/\"},{\"@type\":\"ListItem\",\"position\":2,\"name\":\"Tunisie : 75 bus fran\u00e7ais usag\u00e9s attendus demain au port de la Goulette\"}]},{\"@type\":\"WebSite\",\"@id\":\"https:\\\/\\\/www.webdo.tn\\\/fr\\\/#website\",\"url\":\"https:\\\/\\\/www.webdo.tn\\\/fr\\\/\",\"name\":\"webdo\",\"description\":\"Tunisie - News en Tunisie et \u00e0 l&#039;international sur Webdo.tn\",\"publisher\":{\"@id\":\"https:\\\/\\\/www.webdo.tn\\\/fr\\\/#organization\"},\"potentialAction\":[{\"@type\":\"SearchAction\",\"target\":{\"@type\":\"EntryPoint\",\"urlTemplate\":\"https:\\\/\\\/www.webdo.tn\\\/fr\\\/?s={search_term_string}\"},\"query-input\":{\"@type\":\"PropertyValueSpecification\",\"valueRequired\":true,\"valueName\":\"search_term_string\"}}],\"inLanguage\":\"fr-FR\"},{\"@type\":\"Organization\",\"@id\":\"https:\\\/\\\/www.webdo.tn\\\/fr\\\/#organization\",\"name\":\"Webdo\",\"alternateName\":\"Webdo.tn\",\"url\":\"https:\\\/\\\/www.webdo.tn\\\/fr\\\/\",\"logo\":{\"@type\":\"ImageObject\",\"inLanguage\":\"fr-FR\",\"@id\":\"https:\\\/\\\/www.webdo.tn\\\/fr\\\/#\\\/schema\\\/logo\\\/image\\\/\",\"url\":\"https:\\\/\\\/www.webdo.tn\\\/fr\\\/wp-content\\\/uploads\\\/2025\\\/06\\\/Webdo-Tunisie_168377.jpg\",\"contentUrl\":\"https:\\\/\\\/www.webdo.tn\\\/fr\\\/wp-content\\\/uploads\\\/2025\\\/06\\\/Webdo-Tunisie_168377.jpg\",\"width\":301,\"height\":301,\"caption\":\"Webdo\"},\"image\":{\"@id\":\"https:\\\/\\\/www.webdo.tn\\\/fr\\\/#\\\/schema\\\/logo\\\/image\\\/\"},\"sameAs\":[\"https:\\\/\\\/www.facebook.com\\\/webdotn\",\"https:\\\/\\\/x.com\\\/webdo_tn\"],\"description\":\"Webdo est un m\u00e9dia num\u00e9rique tunisien fond\u00e9 en 2010, sp\u00e9cialis\u00e9 dans l\u2019actualit\u00e9 nationale et internationale, l\u2019\u00e9conomie, la soci\u00e9t\u00e9 et les analyses politiques. Le site s\u2019adresse \u00e0 un large public francophone et couvre l\u2019information tunisienne en temps r\u00e9el.\",\"email\":\"redac@webdo.tn\",\"legalName\":\"YNJ SARL\",\"foundingDate\":\"2010-09-06\",\"numberOfEmployees\":{\"@type\":\"QuantitativeValue\",\"minValue\":\"11\",\"maxValue\":\"50\"}},{\"@type\":\"Person\",\"@id\":\"https:\\\/\\\/www.webdo.tn\\\/fr\\\/#\\\/schema\\\/person\\\/19664196c9bfdcda126f3c27709f7d11\",\"name\":\"Firas Ben Abdeltif\",\"image\":{\"@type\":\"ImageObject\",\"inLanguage\":\"fr-FR\",\"@id\":\"https:\\\/\\\/secure.gravatar.com\\\/avatar\\\/161a347d40df098a084778c52ed133dbd85f14df003867067c5948081241ec55?s=96&d=mm&r=g\",\"url\":\"https:\\\/\\\/secure.gravatar.com\\\/avatar\\\/161a347d40df098a084778c52ed133dbd85f14df003867067c5948081241ec55?s=96&d=mm&r=g\",\"contentUrl\":\"https:\\\/\\\/secure.gravatar.com\\\/avatar\\\/161a347d40df098a084778c52ed133dbd85f14df003867067c5948081241ec55?s=96&d=mm&r=g\",\"caption\":\"Firas Ben Abdeltif\"},\"url\":\"https:\\\/\\\/www.webdo.tn\\\/fr\\\/actualite\\\/author\\\/firas-ben-abdeltif\\\/\"}]}<\/script>\n<!-- \/ Yoast SEO Premium plugin. -->","yoast_head_json":{"title":"Tunisie : 75 bus fran\u00e7ais usag\u00e9s attendus demain au port de la Goulette","description":"75 bus d'occasion en provenance de France seront livr\u00e9s demain au port de la Goulette pour renforcer la flotte du Grand Tunis. Cette initiative fait partie d'un...","canonical":"https:\/\/www.webdo.tn\/fr\/actualite\/national\/tunisie-75-bus-francais-usages-attendus-demain-au-port-de-la-goulette\/216836\/","og_locale":"fr_FR","og_type":"article","og_title":"Tunisie : 75 bus fran\u00e7ais usag\u00e9s attendus demain au port de la Goulette","og_description":"75 bus d'occasion en provenance de France seront livr\u00e9s demain au port de la Goulette pour renforcer la flotte du Grand Tunis. Cette initiative fait partie d'un...","og_url":"https:\/\/www.webdo.tn\/fr\/actualite\/national\/tunisie-75-bus-francais-usages-attendus-demain-au-port-de-la-goulette\/216836\/","og_site_name":"webdo","article_publisher":"https:\/\/www.facebook.com\/webdotn","article_published_time":"2024-10-07T11:57:00+00:00","og_image":[{"width":750,"height":400,"url":"https:\/\/www.webdo.tn\/fr\/wp-content\/uploads\/2024\/10\/de430b5434c2d85056cc11555198851d.webp","type":"image\/webp"}],"author":"Firas Ben Abdeltif","twitter_card":"summary_large_image","twitter_creator":"@webdo_tn","twitter_site":"@webdo_tn","twitter_misc":{"\u00c9crit par":"Firas Ben Abdeltif","Dur\u00e9e de lecture estim\u00e9e":"1 minute"},"schema":{"@context":"https:\/\/schema.org","@graph":[{"@type":"NewsArticle","@id":"https:\/\/www.webdo.tn\/fr\/actualite\/national\/tunisie-75-bus-francais-usages-attendus-demain-au-port-de-la-goulette\/216836\/#article","isPartOf":{"@id":"https:\/\/www.webdo.tn\/fr\/actualite\/national\/tunisie-75-bus-francais-usages-attendus-demain-au-port-de-la-goulette\/216836\/"},"author":{"name":"Firas Ben Abdeltif","@id":"https:\/\/www.webdo.tn\/fr\/#\/schema\/person\/19664196c9bfdcda126f3c27709f7d11"},"headline":"Tunisie : 75 bus fran\u00e7ais usag\u00e9s attendus demain au port de la Goulette","datePublished":"2024-10-07T11:57:00+00:00","mainEntityOfPage":{"@id":"https:\/\/www.webdo.tn\/fr\/actualite\/national\/tunisie-75-bus-francais-usages-attendus-demain-au-port-de-la-goulette\/216836\/"},"wordCount":322,"commentCount":0,"publisher":{"@id":"https:\/\/www.webdo.tn\/fr\/#organization"},"image":{"@id":"https:\/\/www.webdo.tn\/fr\/actualite\/national\/tunisie-75-bus-francais-usages-attendus-demain-au-port-de-la-goulette\/216836\/#primaryimage"},"thumbnailUrl":"https:\/\/www.webdo.tn\/fr\/wp-content\/uploads\/2024\/10\/de430b5434c2d85056cc11555198851d.webp","keywords":["'Coop\u00e9ration Tunisie France']","'Transport public Tunisie'","\"Bus d'occasion France\"","grand-tunis"],"articleSection":["National"],"inLanguage":"fr-FR"},{"@type":"WebPage","@id":"https:\/\/www.webdo.tn\/fr\/actualite\/national\/tunisie-75-bus-francais-usages-attendus-demain-au-port-de-la-goulette\/216836\/","url":"https:\/\/www.webdo.tn\/fr\/actualite\/national\/tunisie-75-bus-francais-usages-attendus-demain-au-port-de-la-goulette\/216836\/","name":"Tunisie : 75 bus fran\u00e7ais usag\u00e9s attendus demain au port de la Goulette","isPartOf":{"@id":"https:\/\/www.webdo.tn\/fr\/#website"},"primaryImageOfPage":{"@id":"https:\/\/www.webdo.tn\/fr\/actualite\/national\/tunisie-75-bus-francais-usages-attendus-demain-au-port-de-la-goulette\/216836\/#primaryimage"},"image":{"@id":"https:\/\/www.webdo.tn\/fr\/actualite\/national\/tunisie-75-bus-francais-usages-attendus-demain-au-port-de-la-goulette\/216836\/#primaryimage"},"thumbnailUrl":"https:\/\/www.webdo.tn\/fr\/wp-content\/uploads\/2024\/10\/de430b5434c2d85056cc11555198851d.webp","datePublished":"2024-10-07T11:57:00+00:00","description":"75 bus d'occasion en provenance de France seront livr\u00e9s demain au port de la Goulette pour renforcer la flotte du Grand Tunis. Cette initiative fait partie d'un...","breadcrumb":{"@id":"https:\/\/www.webdo.tn\/fr\/actualite\/national\/tunisie-75-bus-francais-usages-attendus-demain-au-port-de-la-goulette\/216836\/#breadcrumb"},"inLanguage":"fr-FR","potentialAction":[{"@type":"ReadAction","target":["https:\/\/www.webdo.tn\/fr\/actualite\/national\/tunisie-75-bus-francais-usages-attendus-demain-au-port-de-la-goulette\/216836\/"]}]},{"@type":"ImageObject","inLanguage":"fr-FR","@id":"https:\/\/www.webdo.tn\/fr\/actualite\/national\/tunisie-75-bus-francais-usages-attendus-demain-au-port-de-la-goulette\/216836\/#primaryimage","url":"https:\/\/www.webdo.tn\/fr\/wp-content\/uploads\/2024\/10\/de430b5434c2d85056cc11555198851d.webp","contentUrl":"https:\/\/www.webdo.tn\/fr\/wp-content\/uploads\/2024\/10\/de430b5434c2d85056cc11555198851d.webp","width":750,"height":400,"caption":"Tunisie : 75 bus fran\u00e7ais usag\u00e9s attendus demain au port de la Goulette"},{"@type":"BreadcrumbList","@id":"https:\/\/www.webdo.tn\/fr\/actualite\/national\/tunisie-75-bus-francais-usages-attendus-demain-au-port-de-la-goulette\/216836\/#breadcrumb","itemListElement":[{"@type":"ListItem","position":1,"name":"Accueil","item":"https:\/\/www.webdo.tn\/fr\/"},{"@type":"ListItem","position":2,"name":"Tunisie : 75 bus fran\u00e7ais usag\u00e9s attendus demain au port de la Goulette"}]},{"@type":"WebSite","@id":"https:\/\/www.webdo.tn\/fr\/#website","url":"https:\/\/www.webdo.tn\/fr\/","name":"webdo","description":"Tunisie - News en Tunisie et \u00e0 l&#039;international sur Webdo.tn","publisher":{"@id":"https:\/\/www.webdo.tn\/fr\/#organization"},"potentialAction":[{"@type":"SearchAction","target":{"@type":"EntryPoint","urlTemplate":"https:\/\/www.webdo.tn\/fr\/?s={search_term_string}"},"query-input":{"@type":"PropertyValueSpecification","valueRequired":true,"valueName":"search_term_string"}}],"inLanguage":"fr-FR"},{"@type":"Organization","@id":"https:\/\/www.webdo.tn\/fr\/#organization","name":"Webdo","alternateName":"Webdo.tn","url":"https:\/\/www.webdo.tn\/fr\/","logo":{"@type":"ImageObject","inLanguage":"fr-FR","@id":"https:\/\/www.webdo.tn\/fr\/#\/schema\/logo\/image\/","url":"https:\/\/www.webdo.tn\/fr\/wp-content\/uploads\/2025\/06\/Webdo-Tunisie_168377.jpg","contentUrl":"https:\/\/www.webdo.tn\/fr\/wp-content\/uploads\/2025\/06\/Webdo-Tunisie_168377.jpg","width":301,"height":301,"caption":"Webdo"},"image":{"@id":"https:\/\/www.webdo.tn\/fr\/#\/schema\/logo\/image\/"},"sameAs":["https:\/\/www.facebook.com\/webdotn","https:\/\/x.com\/webdo_tn"],"description":"Webdo est un m\u00e9dia num\u00e9rique tunisien fond\u00e9 en 2010, sp\u00e9cialis\u00e9 dans l\u2019actualit\u00e9 nationale et internationale, l\u2019\u00e9conomie, la soci\u00e9t\u00e9 et les analyses politiques. Le site s\u2019adresse \u00e0 un large public francophone et couvre l\u2019information tunisienne en temps r\u00e9el.","email":"redac@webdo.tn","legalName":"YNJ SARL","foundingDate":"2010-09-06","numberOfEmployees":{"@type":"QuantitativeValue","minValue":"11","maxValue":"50"}},{"@type":"Person","@id":"https:\/\/www.webdo.tn\/fr\/#\/schema\/person\/19664196c9bfdcda126f3c27709f7d11","name":"Firas Ben Abdeltif","image":{"@type":"ImageObject","inLanguage":"fr-FR","@id":"https:\/\/secure.gravatar.com\/avatar\/161a347d40df098a084778c52ed133dbd85f14df003867067c5948081241ec55?s=96&d=mm&r=g","url":"https:\/\/secure.gravatar.com\/avatar\/161a347d40df098a084778c52ed133dbd85f14df003867067c5948081241ec55?s=96&d=mm&r=g","contentUrl":"https:\/\/secure.gravatar.com\/avatar\/161a347d40df098a084778c52ed133dbd85f14df003867067c5948081241ec55?s=96&d=mm&r=g","caption":"Firas Ben Abdeltif"},"url":"https:\/\/www.webdo.tn\/fr\/actualite\/author\/firas-ben-abdeltif\/"}]}},"_links":{"self":[{"href":"https:\/\/www.webdo.tn\/fr\/wp-json\/wp\/v2\/posts\/216836","targetHints":{"allow":["GET"]}}],"collection":[{"href":"https:\/\/www.webdo.tn\/fr\/wp-json\/wp\/v2\/posts"}],"about":[{"href":"https:\/\/www.webdo.tn\/fr\/wp-json\/wp\/v2\/types\/post"}],"author":[{"embeddable":true,"href":"https:\/\/www.webdo.tn\/fr\/wp-json\/wp\/v2\/users\/4779"}],"replies":[{"embeddable":true,"href":"https:\/\/www.webdo.tn\/fr\/wp-json\/wp\/v2\/comments?post=216836"}],"version-history":[{"count":0,"href":"https:\/\/www.webdo.tn\/fr\/wp-json\/wp\/v2\/posts\/216836\/revisions"}],"wp:featuredmedia":[{"embeddable":true,"href":"https:\/\/www.webdo.tn\/fr\/wp-json\/wp\/v2\/media\/291153"}],"wp:attachment":[{"href":"https:\/\/www.webdo.tn\/fr\/wp-json\/wp\/v2\/media?parent=216836"}],"wp:term":[{"taxonomy":"category","embeddable":true,"href":"https:\/\/www.webdo.tn\/fr\/wp-json\/wp\/v2\/categories?post=216836"},{"taxonomy":"post_tag","embeddable":true,"href":"https:\/\/www.webdo.tn\/fr\/wp-json\/wp\/v2\/tags?post=216836"}],"curies":[{"name":"wp","href":"https:\/\/api.w.org\/{rel}","templated":true}]}}