{"id":216833,"date":"2024-10-07T11:02:00","date_gmt":"2024-10-07T11:02:00","guid":{"rendered":"https:\/\/www.webdo.tn\/fr\/blog\/est-ce-tolerable-des-frites-a-meme-le-sol-livrees-sur-le-trottoir\/216833\/"},"modified":"2025-05-17T20:27:08","modified_gmt":"2025-05-17T20:27:08","slug":"est-ce-tolerable-des-frites-a-meme-le-sol-livrees-sur-le-trottoir","status":"publish","type":"post","link":"https:\/\/www.webdo.tn\/fr\/actualite\/chroniques\/est-ce-tolerable-des-frites-a-meme-le-sol-livrees-sur-le-trottoir\/216833\/","title":{"rendered":"Est-ce tol\u00e9rable ? Des frites \u00e0 m\u00eame le sol, livr\u00e9es sur le trottoir !"},"content":{"rendered":"<p>Comme les livraisons sont effectu\u00e9es t\u00f4t le matin, on se contente de d\u00e9poser le pain sans protection devant les \u00e9piceries et les frites devant les restaurants. Que dire de ce manque flagrant d&rsquo;hygi\u00e8ne ?<\/p>\n<p>\t\t\t\t\t\t\t\t\tPeut-on tout accepter et se taire devant tous ces \u00e9carts devenus autant de mauvaises habitudes ? Pourquoi se taire devant ces livraisons \u00e0 m\u00eame le sol souvent souill\u00e9 et \u00e0 la merci des chats de goutti\u00e8res ?<\/p>\n<p>Notre photo montre des sachets en plastique pleins de frites, d\u00e9pos\u00e9s par les livreurs au seuil d&rsquo;un restaurant du centre-ville. D\u00e9pos\u00e9s \u00e0 m\u00eame le sol, ces frites sont \u00e0 la merci de n&rsquo;importe quel alea qui pourrait mettre en danger les consommateurs.<\/p>\n<p>Cette mani\u00e8re de faire est-elle acceptable ? Absolument pas et il importe de remettre les pendules \u00e0 l&rsquo;heure pour ces livraisons anarchiques et d&rsquo;hygi\u00e8ne plut\u00f4t douteuse.<\/p>\n","protected":false},"excerpt":{"rendered":"<p>Peut-on tout accepter et se taire devant tous ces \u00e9carts devenus autant de mauvaises habitudes ? Pourquoi se taire devant ces livraisons \u00e0 m\u00eame le sol souvent s&#8230;<\/p>\n","protected":false},"author":3229,"featured_media":246395,"comment_status":"open","ping_status":"closed","sticky":false,"template":"","format":"standard","meta":{"footnotes":""},"categories":[2596],"tags":[5508,5509,2640,2608],"class_list":["post-216833","post","type-post","status-publish","format-standard","has-post-thumbnail","hentry","category-chroniques","tag-frites","tag-livraison","tag-tunis","tag-tunisie"],"yoast_head":"<!-- This site is optimized with the Yoast SEO Premium plugin v27.5 (Yoast SEO v27.5) - https:\/\/yoast.com\/product\/yoast-seo-premium-wordpress\/ -->\n<title>Est-ce tol\u00e9rable ? Des frites \u00e0 m\u00eame le sol, livr\u00e9es sur le trottoir !<\/title>\n<meta name=\"description\" content=\"Peut-on tout accepter et se taire devant tous ces \u00e9carts devenus autant de mauvaises habitudes ? Pourquoi se taire devant ces livraisons \u00e0 m\u00eame le sol souvent s...\" \/>\n<link rel=\"canonical\" href=\"https:\/\/www.webdo.tn\/fr\/actualite\/chroniques\/est-ce-tolerable-des-frites-a-meme-le-sol-livrees-sur-le-trottoir\/216833\/\" \/>\n<meta property=\"og:locale\" content=\"fr_FR\" \/>\n<meta property=\"og:type\" content=\"article\" \/>\n<meta property=\"og:title\" content=\"Est-ce tol\u00e9rable ? Des frites \u00e0 m\u00eame le sol, livr\u00e9es sur le trottoir !\" \/>\n<meta property=\"og:description\" content=\"Peut-on tout accepter et se taire devant tous ces \u00e9carts devenus autant de mauvaises habitudes ? Pourquoi se taire devant ces livraisons \u00e0 m\u00eame le sol souvent s...\" \/>\n<meta property=\"og:url\" content=\"https:\/\/www.webdo.tn\/fr\/actualite\/chroniques\/est-ce-tolerable-des-frites-a-meme-le-sol-livrees-sur-le-trottoir\/216833\/\" \/>\n<meta property=\"og:site_name\" content=\"webdo\" \/>\n<meta property=\"article:publisher\" content=\"https:\/\/www.facebook.com\/webdotn\" \/>\n<meta property=\"article:author\" content=\"https:\/\/www.facebook.com\/hatem.bourial.2025\" \/>\n<meta property=\"article:published_time\" content=\"2024-10-07T11:02:00+00:00\" \/>\n<meta property=\"article:modified_time\" content=\"2025-05-17T20:27:08+00:00\" \/>\n<meta property=\"og:image\" content=\"https:\/\/www.webdo.tn\/fr\/wp-content\/uploads\/2024\/10\/822a203d08cfe490d3add0165facb8e8.webp\" \/>\n\t<meta property=\"og:image:width\" content=\"750\" \/>\n\t<meta property=\"og:image:height\" content=\"400\" \/>\n\t<meta property=\"og:image:type\" content=\"image\/webp\" \/>\n<meta name=\"author\" content=\"Hatem Bourial\" \/>\n<meta name=\"twitter:card\" content=\"summary_large_image\" \/>\n<meta name=\"twitter:creator\" content=\"@webdo_tn\" \/>\n<meta name=\"twitter:site\" content=\"@webdo_tn\" \/>\n<meta name=\"twitter:label1\" content=\"\u00c9crit par\" \/>\n\t<meta name=\"twitter:data1\" content=\"Hatem Bourial\" \/>\n\t<meta name=\"twitter:label2\" content=\"Dur\u00e9e de lecture estim\u00e9e\" \/>\n\t<meta name=\"twitter:data2\" content=\"1 minute\" \/>\n<script type=\"application\/ld+json\" class=\"yoast-schema-graph\">{\"@context\":\"https:\\\/\\\/schema.org\",\"@graph\":[{\"@type\":\"NewsArticle\",\"@id\":\"https:\\\/\\\/www.webdo.tn\\\/fr\\\/actualite\\\/chroniques\\\/est-ce-tolerable-des-frites-a-meme-le-sol-livrees-sur-le-trottoir\\\/216833\\\/#article\",\"isPartOf\":{\"@id\":\"https:\\\/\\\/www.webdo.tn\\\/fr\\\/actualite\\\/chroniques\\\/est-ce-tolerable-des-frites-a-meme-le-sol-livrees-sur-le-trottoir\\\/216833\\\/\"},\"author\":{\"name\":\"Hatem Bourial\",\"@id\":\"https:\\\/\\\/www.webdo.tn\\\/fr\\\/#\\\/schema\\\/person\\\/6bc0beba2cd23aec27cb5df85ca2554f\"},\"headline\":\"Est-ce tol\u00e9rable ? Des frites \u00e0 m\u00eame le sol, livr\u00e9es sur le trottoir !\",\"datePublished\":\"2024-10-07T11:02:00+00:00\",\"dateModified\":\"2025-05-17T20:27:08+00:00\",\"mainEntityOfPage\":{\"@id\":\"https:\\\/\\\/www.webdo.tn\\\/fr\\\/actualite\\\/chroniques\\\/est-ce-tolerable-des-frites-a-meme-le-sol-livrees-sur-le-trottoir\\\/216833\\\/\"},\"wordCount\":163,\"commentCount\":0,\"publisher\":{\"@id\":\"https:\\\/\\\/www.webdo.tn\\\/fr\\\/#organization\"},\"image\":{\"@id\":\"https:\\\/\\\/www.webdo.tn\\\/fr\\\/actualite\\\/chroniques\\\/est-ce-tolerable-des-frites-a-meme-le-sol-livrees-sur-le-trottoir\\\/216833\\\/#primaryimage\"},\"thumbnailUrl\":\"https:\\\/\\\/www.webdo.tn\\\/fr\\\/wp-content\\\/uploads\\\/2024\\\/10\\\/822a203d08cfe490d3add0165facb8e8.webp\",\"keywords\":[\"frites\",\"livraison\",\"Tunis\",\"Tunisie\"],\"articleSection\":[\"Chroniques\"],\"inLanguage\":\"fr-FR\"},{\"@type\":\"WebPage\",\"@id\":\"https:\\\/\\\/www.webdo.tn\\\/fr\\\/actualite\\\/chroniques\\\/est-ce-tolerable-des-frites-a-meme-le-sol-livrees-sur-le-trottoir\\\/216833\\\/\",\"url\":\"https:\\\/\\\/www.webdo.tn\\\/fr\\\/actualite\\\/chroniques\\\/est-ce-tolerable-des-frites-a-meme-le-sol-livrees-sur-le-trottoir\\\/216833\\\/\",\"name\":\"Est-ce tol\u00e9rable ? Des frites \u00e0 m\u00eame le sol, livr\u00e9es sur le trottoir !\",\"isPartOf\":{\"@id\":\"https:\\\/\\\/www.webdo.tn\\\/fr\\\/#website\"},\"primaryImageOfPage\":{\"@id\":\"https:\\\/\\\/www.webdo.tn\\\/fr\\\/actualite\\\/chroniques\\\/est-ce-tolerable-des-frites-a-meme-le-sol-livrees-sur-le-trottoir\\\/216833\\\/#primaryimage\"},\"image\":{\"@id\":\"https:\\\/\\\/www.webdo.tn\\\/fr\\\/actualite\\\/chroniques\\\/est-ce-tolerable-des-frites-a-meme-le-sol-livrees-sur-le-trottoir\\\/216833\\\/#primaryimage\"},\"thumbnailUrl\":\"https:\\\/\\\/www.webdo.tn\\\/fr\\\/wp-content\\\/uploads\\\/2024\\\/10\\\/822a203d08cfe490d3add0165facb8e8.webp\",\"datePublished\":\"2024-10-07T11:02:00+00:00\",\"dateModified\":\"2025-05-17T20:27:08+00:00\",\"description\":\"Peut-on tout accepter et se taire devant tous ces \u00e9carts devenus autant de mauvaises habitudes ? Pourquoi se taire devant ces livraisons \u00e0 m\u00eame le sol souvent s...\",\"breadcrumb\":{\"@id\":\"https:\\\/\\\/www.webdo.tn\\\/fr\\\/actualite\\\/chroniques\\\/est-ce-tolerable-des-frites-a-meme-le-sol-livrees-sur-le-trottoir\\\/216833\\\/#breadcrumb\"},\"inLanguage\":\"fr-FR\",\"potentialAction\":[{\"@type\":\"ReadAction\",\"target\":[\"https:\\\/\\\/www.webdo.tn\\\/fr\\\/actualite\\\/chroniques\\\/est-ce-tolerable-des-frites-a-meme-le-sol-livrees-sur-le-trottoir\\\/216833\\\/\"]}]},{\"@type\":\"ImageObject\",\"inLanguage\":\"fr-FR\",\"@id\":\"https:\\\/\\\/www.webdo.tn\\\/fr\\\/actualite\\\/chroniques\\\/est-ce-tolerable-des-frites-a-meme-le-sol-livrees-sur-le-trottoir\\\/216833\\\/#primaryimage\",\"url\":\"https:\\\/\\\/www.webdo.tn\\\/fr\\\/wp-content\\\/uploads\\\/2024\\\/10\\\/822a203d08cfe490d3add0165facb8e8.webp\",\"contentUrl\":\"https:\\\/\\\/www.webdo.tn\\\/fr\\\/wp-content\\\/uploads\\\/2024\\\/10\\\/822a203d08cfe490d3add0165facb8e8.webp\",\"width\":750,\"height\":400,\"caption\":\"Est-ce tol\u00e9rable ? Des frites \u00e0 m\u00eame le sol, livr\u00e9es sur le trottoir !\"},{\"@type\":\"BreadcrumbList\",\"@id\":\"https:\\\/\\\/www.webdo.tn\\\/fr\\\/actualite\\\/chroniques\\\/est-ce-tolerable-des-frites-a-meme-le-sol-livrees-sur-le-trottoir\\\/216833\\\/#breadcrumb\",\"itemListElement\":[{\"@type\":\"ListItem\",\"position\":1,\"name\":\"Accueil\",\"item\":\"https:\\\/\\\/www.webdo.tn\\\/fr\\\/\"},{\"@type\":\"ListItem\",\"position\":2,\"name\":\"Est-ce tol\u00e9rable ? Des frites \u00e0 m\u00eame le sol, livr\u00e9es sur le trottoir !\"}]},{\"@type\":\"WebSite\",\"@id\":\"https:\\\/\\\/www.webdo.tn\\\/fr\\\/#website\",\"url\":\"https:\\\/\\\/www.webdo.tn\\\/fr\\\/\",\"name\":\"webdo\",\"description\":\"Tunisie - News en Tunisie et \u00e0 l&#039;international sur Webdo.tn\",\"publisher\":{\"@id\":\"https:\\\/\\\/www.webdo.tn\\\/fr\\\/#organization\"},\"potentialAction\":[{\"@type\":\"SearchAction\",\"target\":{\"@type\":\"EntryPoint\",\"urlTemplate\":\"https:\\\/\\\/www.webdo.tn\\\/fr\\\/?s={search_term_string}\"},\"query-input\":{\"@type\":\"PropertyValueSpecification\",\"valueRequired\":true,\"valueName\":\"search_term_string\"}}],\"inLanguage\":\"fr-FR\"},{\"@type\":\"Organization\",\"@id\":\"https:\\\/\\\/www.webdo.tn\\\/fr\\\/#organization\",\"name\":\"Webdo\",\"alternateName\":\"Webdo.tn\",\"url\":\"https:\\\/\\\/www.webdo.tn\\\/fr\\\/\",\"logo\":{\"@type\":\"ImageObject\",\"inLanguage\":\"fr-FR\",\"@id\":\"https:\\\/\\\/www.webdo.tn\\\/fr\\\/#\\\/schema\\\/logo\\\/image\\\/\",\"url\":\"https:\\\/\\\/www.webdo.tn\\\/fr\\\/wp-content\\\/uploads\\\/2025\\\/06\\\/Webdo-Tunisie_168377.jpg\",\"contentUrl\":\"https:\\\/\\\/www.webdo.tn\\\/fr\\\/wp-content\\\/uploads\\\/2025\\\/06\\\/Webdo-Tunisie_168377.jpg\",\"width\":301,\"height\":301,\"caption\":\"Webdo\"},\"image\":{\"@id\":\"https:\\\/\\\/www.webdo.tn\\\/fr\\\/#\\\/schema\\\/logo\\\/image\\\/\"},\"sameAs\":[\"https:\\\/\\\/www.facebook.com\\\/webdotn\",\"https:\\\/\\\/x.com\\\/webdo_tn\"],\"description\":\"Webdo est un m\u00e9dia num\u00e9rique tunisien fond\u00e9 en 2010, sp\u00e9cialis\u00e9 dans l\u2019actualit\u00e9 nationale et internationale, l\u2019\u00e9conomie, la soci\u00e9t\u00e9 et les analyses politiques. Le site s\u2019adresse \u00e0 un large public francophone et couvre l\u2019information tunisienne en temps r\u00e9el.\",\"email\":\"redac@webdo.tn\",\"legalName\":\"YNJ SARL\",\"foundingDate\":\"2010-09-06\",\"numberOfEmployees\":{\"@type\":\"QuantitativeValue\",\"minValue\":\"11\",\"maxValue\":\"50\"}},{\"@type\":\"Person\",\"@id\":\"https:\\\/\\\/www.webdo.tn\\\/fr\\\/#\\\/schema\\\/person\\\/6bc0beba2cd23aec27cb5df85ca2554f\",\"name\":\"Hatem Bourial\",\"image\":{\"@type\":\"ImageObject\",\"inLanguage\":\"fr-FR\",\"@id\":\"https:\\\/\\\/www.webdo.tn\\\/fr\\\/wp-content\\\/uploads\\\/2026\\\/04\\\/hatem-bourial_avatar-96x96.jpg\",\"url\":\"https:\\\/\\\/www.webdo.tn\\\/fr\\\/wp-content\\\/uploads\\\/2026\\\/04\\\/hatem-bourial_avatar-96x96.jpg\",\"contentUrl\":\"https:\\\/\\\/www.webdo.tn\\\/fr\\\/wp-content\\\/uploads\\\/2026\\\/04\\\/hatem-bourial_avatar-96x96.jpg\",\"caption\":\"Hatem Bourial\"},\"description\":\"Hatem Bourial est journaliste, \u00e9crivain et chroniqueur tunisien. Actif depuis plusieurs d\u00e9cennies, il s\u2019est impos\u00e9 comme un observateur attentif de la soci\u00e9t\u00e9 tunisienne, m\u00ealant dans ses \u00e9crits m\u00e9moire, culture et analyse du quotidien. Auteur de nombreux ouvrages, il d\u00e9veloppe une \u0153uvre \u00e0 la crois\u00e9e du r\u00e9cit, de la po\u00e9sie et de l\u2019observation sociologique. Parall\u00e8lement \u00e0 ses contributions dans la presse, il intervient r\u00e9guli\u00e8rement \u00e0 la radio et dans des espaces culturels, o\u00f9 il explore les enjeux li\u00e9s au patrimoine, \u00e0 l\u2019identit\u00e9 et aux transformations du monde contemporain. \u00c0 travers ses chroniques, Hatem Bourial propose une lecture sensible et approfondie de l\u2019actualit\u00e9, nourrie par une exp\u00e9rience journalistique et litt\u00e9raire reconnue. \ud83d\udd17 Facebook : https:\\\/\\\/www.facebook.com\\\/hatem.bourial.2025\",\"sameAs\":[\"https:\\\/\\\/www.facebook.com\\\/hatem.bourial.2025\",\"https:\\\/\\\/fr.wikipedia.org\\\/wiki\\\/Fichier:Hatem_Bourial.jpg\"],\"knowsAbout\":[\"Culture & patrimoine tunisien\",\"Chronique soci\u00e9tale\",\"Litt\u00e9rature & m\u00e9moire\",\"Cin\u00e9ma & critique culturelle\",\"Identit\u00e9 & mutations sociales\"],\"knowsLanguage\":[\"Arabe\",\"Fran\u00e7ais\",\"Anglais\",\"Italien\",\"Polonais\"],\"jobTitle\":\"Journaliste, \u00e9crivain et chroniqueur culturel\",\"worksFor\":\"Webdo\",\"url\":\"https:\\\/\\\/www.webdo.tn\\\/fr\\\/actualite\\\/author\\\/hatem-bourial-2\\\/\"}]}<\/script>\n<!-- \/ Yoast SEO Premium plugin. -->","yoast_head_json":{"title":"Est-ce tol\u00e9rable ? Des frites \u00e0 m\u00eame le sol, livr\u00e9es sur le trottoir !","description":"Peut-on tout accepter et se taire devant tous ces \u00e9carts devenus autant de mauvaises habitudes ? Pourquoi se taire devant ces livraisons \u00e0 m\u00eame le sol souvent s...","canonical":"https:\/\/www.webdo.tn\/fr\/actualite\/chroniques\/est-ce-tolerable-des-frites-a-meme-le-sol-livrees-sur-le-trottoir\/216833\/","og_locale":"fr_FR","og_type":"article","og_title":"Est-ce tol\u00e9rable ? Des frites \u00e0 m\u00eame le sol, livr\u00e9es sur le trottoir !","og_description":"Peut-on tout accepter et se taire devant tous ces \u00e9carts devenus autant de mauvaises habitudes ? Pourquoi se taire devant ces livraisons \u00e0 m\u00eame le sol souvent s...","og_url":"https:\/\/www.webdo.tn\/fr\/actualite\/chroniques\/est-ce-tolerable-des-frites-a-meme-le-sol-livrees-sur-le-trottoir\/216833\/","og_site_name":"webdo","article_publisher":"https:\/\/www.facebook.com\/webdotn","article_author":"https:\/\/www.facebook.com\/hatem.bourial.2025","article_published_time":"2024-10-07T11:02:00+00:00","article_modified_time":"2025-05-17T20:27:08+00:00","og_image":[{"width":750,"height":400,"url":"https:\/\/www.webdo.tn\/fr\/wp-content\/uploads\/2024\/10\/822a203d08cfe490d3add0165facb8e8.webp","type":"image\/webp"}],"author":"Hatem Bourial","twitter_card":"summary_large_image","twitter_creator":"@webdo_tn","twitter_site":"@webdo_tn","twitter_misc":{"\u00c9crit par":"Hatem Bourial","Dur\u00e9e de lecture estim\u00e9e":"1 minute"},"schema":{"@context":"https:\/\/schema.org","@graph":[{"@type":"NewsArticle","@id":"https:\/\/www.webdo.tn\/fr\/actualite\/chroniques\/est-ce-tolerable-des-frites-a-meme-le-sol-livrees-sur-le-trottoir\/216833\/#article","isPartOf":{"@id":"https:\/\/www.webdo.tn\/fr\/actualite\/chroniques\/est-ce-tolerable-des-frites-a-meme-le-sol-livrees-sur-le-trottoir\/216833\/"},"author":{"name":"Hatem Bourial","@id":"https:\/\/www.webdo.tn\/fr\/#\/schema\/person\/6bc0beba2cd23aec27cb5df85ca2554f"},"headline":"Est-ce tol\u00e9rable ? Des frites \u00e0 m\u00eame le sol, livr\u00e9es sur le trottoir !","datePublished":"2024-10-07T11:02:00+00:00","dateModified":"2025-05-17T20:27:08+00:00","mainEntityOfPage":{"@id":"https:\/\/www.webdo.tn\/fr\/actualite\/chroniques\/est-ce-tolerable-des-frites-a-meme-le-sol-livrees-sur-le-trottoir\/216833\/"},"wordCount":163,"commentCount":0,"publisher":{"@id":"https:\/\/www.webdo.tn\/fr\/#organization"},"image":{"@id":"https:\/\/www.webdo.tn\/fr\/actualite\/chroniques\/est-ce-tolerable-des-frites-a-meme-le-sol-livrees-sur-le-trottoir\/216833\/#primaryimage"},"thumbnailUrl":"https:\/\/www.webdo.tn\/fr\/wp-content\/uploads\/2024\/10\/822a203d08cfe490d3add0165facb8e8.webp","keywords":["frites","livraison","Tunis","Tunisie"],"articleSection":["Chroniques"],"inLanguage":"fr-FR"},{"@type":"WebPage","@id":"https:\/\/www.webdo.tn\/fr\/actualite\/chroniques\/est-ce-tolerable-des-frites-a-meme-le-sol-livrees-sur-le-trottoir\/216833\/","url":"https:\/\/www.webdo.tn\/fr\/actualite\/chroniques\/est-ce-tolerable-des-frites-a-meme-le-sol-livrees-sur-le-trottoir\/216833\/","name":"Est-ce tol\u00e9rable ? Des frites \u00e0 m\u00eame le sol, livr\u00e9es sur le trottoir !","isPartOf":{"@id":"https:\/\/www.webdo.tn\/fr\/#website"},"primaryImageOfPage":{"@id":"https:\/\/www.webdo.tn\/fr\/actualite\/chroniques\/est-ce-tolerable-des-frites-a-meme-le-sol-livrees-sur-le-trottoir\/216833\/#primaryimage"},"image":{"@id":"https:\/\/www.webdo.tn\/fr\/actualite\/chroniques\/est-ce-tolerable-des-frites-a-meme-le-sol-livrees-sur-le-trottoir\/216833\/#primaryimage"},"thumbnailUrl":"https:\/\/www.webdo.tn\/fr\/wp-content\/uploads\/2024\/10\/822a203d08cfe490d3add0165facb8e8.webp","datePublished":"2024-10-07T11:02:00+00:00","dateModified":"2025-05-17T20:27:08+00:00","description":"Peut-on tout accepter et se taire devant tous ces \u00e9carts devenus autant de mauvaises habitudes ? Pourquoi se taire devant ces livraisons \u00e0 m\u00eame le sol souvent s...","breadcrumb":{"@id":"https:\/\/www.webdo.tn\/fr\/actualite\/chroniques\/est-ce-tolerable-des-frites-a-meme-le-sol-livrees-sur-le-trottoir\/216833\/#breadcrumb"},"inLanguage":"fr-FR","potentialAction":[{"@type":"ReadAction","target":["https:\/\/www.webdo.tn\/fr\/actualite\/chroniques\/est-ce-tolerable-des-frites-a-meme-le-sol-livrees-sur-le-trottoir\/216833\/"]}]},{"@type":"ImageObject","inLanguage":"fr-FR","@id":"https:\/\/www.webdo.tn\/fr\/actualite\/chroniques\/est-ce-tolerable-des-frites-a-meme-le-sol-livrees-sur-le-trottoir\/216833\/#primaryimage","url":"https:\/\/www.webdo.tn\/fr\/wp-content\/uploads\/2024\/10\/822a203d08cfe490d3add0165facb8e8.webp","contentUrl":"https:\/\/www.webdo.tn\/fr\/wp-content\/uploads\/2024\/10\/822a203d08cfe490d3add0165facb8e8.webp","width":750,"height":400,"caption":"Est-ce tol\u00e9rable ? Des frites \u00e0 m\u00eame le sol, livr\u00e9es sur le trottoir !"},{"@type":"BreadcrumbList","@id":"https:\/\/www.webdo.tn\/fr\/actualite\/chroniques\/est-ce-tolerable-des-frites-a-meme-le-sol-livrees-sur-le-trottoir\/216833\/#breadcrumb","itemListElement":[{"@type":"ListItem","position":1,"name":"Accueil","item":"https:\/\/www.webdo.tn\/fr\/"},{"@type":"ListItem","position":2,"name":"Est-ce tol\u00e9rable ? Des frites \u00e0 m\u00eame le sol, livr\u00e9es sur le trottoir !"}]},{"@type":"WebSite","@id":"https:\/\/www.webdo.tn\/fr\/#website","url":"https:\/\/www.webdo.tn\/fr\/","name":"webdo","description":"Tunisie - News en Tunisie et \u00e0 l&#039;international sur Webdo.tn","publisher":{"@id":"https:\/\/www.webdo.tn\/fr\/#organization"},"potentialAction":[{"@type":"SearchAction","target":{"@type":"EntryPoint","urlTemplate":"https:\/\/www.webdo.tn\/fr\/?s={search_term_string}"},"query-input":{"@type":"PropertyValueSpecification","valueRequired":true,"valueName":"search_term_string"}}],"inLanguage":"fr-FR"},{"@type":"Organization","@id":"https:\/\/www.webdo.tn\/fr\/#organization","name":"Webdo","alternateName":"Webdo.tn","url":"https:\/\/www.webdo.tn\/fr\/","logo":{"@type":"ImageObject","inLanguage":"fr-FR","@id":"https:\/\/www.webdo.tn\/fr\/#\/schema\/logo\/image\/","url":"https:\/\/www.webdo.tn\/fr\/wp-content\/uploads\/2025\/06\/Webdo-Tunisie_168377.jpg","contentUrl":"https:\/\/www.webdo.tn\/fr\/wp-content\/uploads\/2025\/06\/Webdo-Tunisie_168377.jpg","width":301,"height":301,"caption":"Webdo"},"image":{"@id":"https:\/\/www.webdo.tn\/fr\/#\/schema\/logo\/image\/"},"sameAs":["https:\/\/www.facebook.com\/webdotn","https:\/\/x.com\/webdo_tn"],"description":"Webdo est un m\u00e9dia num\u00e9rique tunisien fond\u00e9 en 2010, sp\u00e9cialis\u00e9 dans l\u2019actualit\u00e9 nationale et internationale, l\u2019\u00e9conomie, la soci\u00e9t\u00e9 et les analyses politiques. Le site s\u2019adresse \u00e0 un large public francophone et couvre l\u2019information tunisienne en temps r\u00e9el.","email":"redac@webdo.tn","legalName":"YNJ SARL","foundingDate":"2010-09-06","numberOfEmployees":{"@type":"QuantitativeValue","minValue":"11","maxValue":"50"}},{"@type":"Person","@id":"https:\/\/www.webdo.tn\/fr\/#\/schema\/person\/6bc0beba2cd23aec27cb5df85ca2554f","name":"Hatem Bourial","image":{"@type":"ImageObject","inLanguage":"fr-FR","@id":"https:\/\/www.webdo.tn\/fr\/wp-content\/uploads\/2026\/04\/hatem-bourial_avatar-96x96.jpg","url":"https:\/\/www.webdo.tn\/fr\/wp-content\/uploads\/2026\/04\/hatem-bourial_avatar-96x96.jpg","contentUrl":"https:\/\/www.webdo.tn\/fr\/wp-content\/uploads\/2026\/04\/hatem-bourial_avatar-96x96.jpg","caption":"Hatem Bourial"},"description":"Hatem Bourial est journaliste, \u00e9crivain et chroniqueur tunisien. Actif depuis plusieurs d\u00e9cennies, il s\u2019est impos\u00e9 comme un observateur attentif de la soci\u00e9t\u00e9 tunisienne, m\u00ealant dans ses \u00e9crits m\u00e9moire, culture et analyse du quotidien. Auteur de nombreux ouvrages, il d\u00e9veloppe une \u0153uvre \u00e0 la crois\u00e9e du r\u00e9cit, de la po\u00e9sie et de l\u2019observation sociologique. Parall\u00e8lement \u00e0 ses contributions dans la presse, il intervient r\u00e9guli\u00e8rement \u00e0 la radio et dans des espaces culturels, o\u00f9 il explore les enjeux li\u00e9s au patrimoine, \u00e0 l\u2019identit\u00e9 et aux transformations du monde contemporain. \u00c0 travers ses chroniques, Hatem Bourial propose une lecture sensible et approfondie de l\u2019actualit\u00e9, nourrie par une exp\u00e9rience journalistique et litt\u00e9raire reconnue. \ud83d\udd17 Facebook : https:\/\/www.facebook.com\/hatem.bourial.2025","sameAs":["https:\/\/www.facebook.com\/hatem.bourial.2025","https:\/\/fr.wikipedia.org\/wiki\/Fichier:Hatem_Bourial.jpg"],"knowsAbout":["Culture & patrimoine tunisien","Chronique soci\u00e9tale","Litt\u00e9rature & m\u00e9moire","Cin\u00e9ma & critique culturelle","Identit\u00e9 & mutations sociales"],"knowsLanguage":["Arabe","Fran\u00e7ais","Anglais","Italien","Polonais"],"jobTitle":"Journaliste, \u00e9crivain et chroniqueur culturel","worksFor":"Webdo","url":"https:\/\/www.webdo.tn\/fr\/actualite\/author\/hatem-bourial-2\/"}]}},"_links":{"self":[{"href":"https:\/\/www.webdo.tn\/fr\/wp-json\/wp\/v2\/posts\/216833","targetHints":{"allow":["GET"]}}],"collection":[{"href":"https:\/\/www.webdo.tn\/fr\/wp-json\/wp\/v2\/posts"}],"about":[{"href":"https:\/\/www.webdo.tn\/fr\/wp-json\/wp\/v2\/types\/post"}],"author":[{"embeddable":true,"href":"https:\/\/www.webdo.tn\/fr\/wp-json\/wp\/v2\/users\/3229"}],"replies":[{"embeddable":true,"href":"https:\/\/www.webdo.tn\/fr\/wp-json\/wp\/v2\/comments?post=216833"}],"version-history":[{"count":0,"href":"https:\/\/www.webdo.tn\/fr\/wp-json\/wp\/v2\/posts\/216833\/revisions"}],"wp:featuredmedia":[{"embeddable":true,"href":"https:\/\/www.webdo.tn\/fr\/wp-json\/wp\/v2\/media\/246395"}],"wp:attachment":[{"href":"https:\/\/www.webdo.tn\/fr\/wp-json\/wp\/v2\/media?parent=216833"}],"wp:term":[{"taxonomy":"category","embeddable":true,"href":"https:\/\/www.webdo.tn\/fr\/wp-json\/wp\/v2\/categories?post=216833"},{"taxonomy":"post_tag","embeddable":true,"href":"https:\/\/www.webdo.tn\/fr\/wp-json\/wp\/v2\/tags?post=216833"}],"curies":[{"name":"wp","href":"https:\/\/api.w.org\/{rel}","templated":true}]}}