{"id":216824,"date":"2024-10-06T20:53:00","date_gmt":"2024-10-06T20:53:00","guid":{"rendered":"https:\/\/www.webdo.tn\/fr\/blog\/presidentielle-sigma-conseil-kais-saied-reelu-des-le-premier-tour\/216824\/"},"modified":"2025-05-21T09:02:52","modified_gmt":"2025-05-21T09:02:52","slug":"presidentielle-sigma-conseil-kais-saied-reelu-des-le-premier-tour","status":"publish","type":"post","link":"https:\/\/www.webdo.tn\/fr\/actualite\/national\/presidentielle-sigma-conseil-kais-saied-reelu-des-le-premier-tour\/216824\/","title":{"rendered":"Pr\u00e9sidentielle &#8211; Sigma Conseil : Ka\u00efs Sa\u00efed r\u00e9\u00e9lu d\u00e8s le premier tour"},"content":{"rendered":"<p>L&rsquo;institut de sondage Sigma Conseil a publi\u00e9 les r\u00e9sultats des sorties des urnes de l&rsquo;\u00e9lection pr\u00e9sidentielle, tenue ce dimanche 6 octobre.<\/p>\n<p>\t\t\t\t\t\t\t\t\tD&rsquo;apr\u00e8s les donn\u00e9es pr\u00e9sent\u00e9es lors du journal t\u00e9l\u00e9vis\u00e9 de 20 heures sur la cha\u00eene nationale par Hassen Zargouni, le pr\u00e9sident sortant, Ka\u00efs Sa\u00efed, est donn\u00e9 vainqueur avec 89,2 % des voix.<\/p>\n<p>Les deux autres candidats, Zouheir Maghzaoui et Ayachi Zammel, n&rsquo;ont pas r\u00e9ussi \u00e0 s&rsquo;imposer, r\u00e9coltant respectivement 3,9 % et 6,9 % des suffrages.<br \/>\nLe taux d&rsquo;abstention a \u00e9t\u00e9 particuli\u00e8rement \u00e9lev\u00e9, atteignant 73 %. Cette \u00e9lection a \u00e9galement \u00e9t\u00e9 marqu\u00e9 par une tr\u00e8s faible participation des 18-35 ans, avec un taux de 6%.<\/p>\n","protected":false},"excerpt":{"rendered":"<p>Les r\u00e9sultats des sorties des urnes de l&rsquo;\u00e9lection pr\u00e9sidentielle en Tunisie indiquent que Ka\u00efs Sa\u00efed a \u00e9t\u00e9 r\u00e9\u00e9lu avec 89,2 % des voix, tandis que ses concurrent&#8230;<\/p>\n","protected":false},"author":3166,"featured_media":246394,"comment_status":"open","ping_status":"closed","sticky":false,"template":"","format":"standard","meta":{"footnotes":""},"categories":[44],"tags":[5503,5507,2608],"class_list":["post-216824","post","type-post","status-publish","format-standard","has-post-thumbnail","hentry","category-national","tag-presidentielle","tag-sigma-conseil","tag-tunisie"],"yoast_head":"<!-- This site is optimized with the Yoast SEO Premium plugin v27.5 (Yoast SEO v27.5) - https:\/\/yoast.com\/product\/yoast-seo-premium-wordpress\/ -->\n<title>Pr\u00e9sidentielle - Sigma Conseil : Ka\u00efs Sa\u00efed r\u00e9\u00e9lu d\u00e8s le premier tour<\/title>\n<meta name=\"description\" content=\"Les r\u00e9sultats des sorties des urnes de l&#039;\u00e9lection pr\u00e9sidentielle en Tunisie indiquent que Ka\u00efs Sa\u00efed a \u00e9t\u00e9 r\u00e9\u00e9lu avec 89,2 % des voix, tandis que ses concurrent...\" \/>\n<link rel=\"canonical\" href=\"https:\/\/www.webdo.tn\/fr\/actualite\/national\/presidentielle-sigma-conseil-kais-saied-reelu-des-le-premier-tour\/216824\/\" \/>\n<meta property=\"og:locale\" content=\"fr_FR\" \/>\n<meta property=\"og:type\" content=\"article\" \/>\n<meta property=\"og:title\" content=\"Pr\u00e9sidentielle - Sigma Conseil : Ka\u00efs Sa\u00efed r\u00e9\u00e9lu d\u00e8s le premier tour\" \/>\n<meta property=\"og:description\" content=\"Les r\u00e9sultats des sorties des urnes de l&#039;\u00e9lection pr\u00e9sidentielle en Tunisie indiquent que Ka\u00efs Sa\u00efed a \u00e9t\u00e9 r\u00e9\u00e9lu avec 89,2 % des voix, tandis que ses concurrent...\" \/>\n<meta property=\"og:url\" content=\"https:\/\/www.webdo.tn\/fr\/actualite\/national\/presidentielle-sigma-conseil-kais-saied-reelu-des-le-premier-tour\/216824\/\" \/>\n<meta property=\"og:site_name\" content=\"webdo\" \/>\n<meta property=\"article:publisher\" content=\"https:\/\/www.facebook.com\/webdotn\" \/>\n<meta property=\"article:published_time\" content=\"2024-10-06T20:53:00+00:00\" \/>\n<meta property=\"article:modified_time\" content=\"2025-05-21T09:02:52+00:00\" \/>\n<meta property=\"og:image\" content=\"https:\/\/www.webdo.tn\/fr\/wp-content\/uploads\/2024\/10\/8724adc1fa5e080f8cb0fb15d0d6f988.webp\" \/>\n\t<meta property=\"og:image:width\" content=\"750\" \/>\n\t<meta property=\"og:image:height\" content=\"400\" \/>\n\t<meta property=\"og:image:type\" content=\"image\/webp\" \/>\n<meta name=\"author\" content=\"AZ\" \/>\n<meta name=\"twitter:card\" content=\"summary_large_image\" \/>\n<meta name=\"twitter:creator\" content=\"@webdo_tn\" \/>\n<meta name=\"twitter:site\" content=\"@webdo_tn\" \/>\n<meta name=\"twitter:label1\" content=\"\u00c9crit par\" \/>\n\t<meta name=\"twitter:data1\" content=\"AZ\" \/>\n\t<meta name=\"twitter:label2\" content=\"Dur\u00e9e de lecture estim\u00e9e\" \/>\n\t<meta name=\"twitter:data2\" content=\"1 minute\" \/>\n<script type=\"application\/ld+json\" class=\"yoast-schema-graph\">{\"@context\":\"https:\\\/\\\/schema.org\",\"@graph\":[{\"@type\":\"NewsArticle\",\"@id\":\"https:\\\/\\\/www.webdo.tn\\\/fr\\\/actualite\\\/national\\\/presidentielle-sigma-conseil-kais-saied-reelu-des-le-premier-tour\\\/216824\\\/#article\",\"isPartOf\":{\"@id\":\"https:\\\/\\\/www.webdo.tn\\\/fr\\\/actualite\\\/national\\\/presidentielle-sigma-conseil-kais-saied-reelu-des-le-premier-tour\\\/216824\\\/\"},\"author\":{\"name\":\"AZ\",\"@id\":\"https:\\\/\\\/www.webdo.tn\\\/fr\\\/#\\\/schema\\\/person\\\/b8a41c04d93287d375510db360906b34\"},\"headline\":\"Pr\u00e9sidentielle &#8211; Sigma Conseil : Ka\u00efs Sa\u00efed r\u00e9\u00e9lu d\u00e8s le premier tour\",\"datePublished\":\"2024-10-06T20:53:00+00:00\",\"dateModified\":\"2025-05-21T09:02:52+00:00\",\"mainEntityOfPage\":{\"@id\":\"https:\\\/\\\/www.webdo.tn\\\/fr\\\/actualite\\\/national\\\/presidentielle-sigma-conseil-kais-saied-reelu-des-le-premier-tour\\\/216824\\\/\"},\"wordCount\":130,\"commentCount\":0,\"publisher\":{\"@id\":\"https:\\\/\\\/www.webdo.tn\\\/fr\\\/#organization\"},\"image\":{\"@id\":\"https:\\\/\\\/www.webdo.tn\\\/fr\\\/actualite\\\/national\\\/presidentielle-sigma-conseil-kais-saied-reelu-des-le-premier-tour\\\/216824\\\/#primaryimage\"},\"thumbnailUrl\":\"https:\\\/\\\/www.webdo.tn\\\/fr\\\/wp-content\\\/uploads\\\/2024\\\/10\\\/8724adc1fa5e080f8cb0fb15d0d6f988.webp\",\"keywords\":[\"pr\u00e9sidentielle\",\"Sigma Conseil\",\"Tunisie\"],\"articleSection\":[\"National\"],\"inLanguage\":\"fr-FR\"},{\"@type\":\"WebPage\",\"@id\":\"https:\\\/\\\/www.webdo.tn\\\/fr\\\/actualite\\\/national\\\/presidentielle-sigma-conseil-kais-saied-reelu-des-le-premier-tour\\\/216824\\\/\",\"url\":\"https:\\\/\\\/www.webdo.tn\\\/fr\\\/actualite\\\/national\\\/presidentielle-sigma-conseil-kais-saied-reelu-des-le-premier-tour\\\/216824\\\/\",\"name\":\"Pr\u00e9sidentielle - Sigma Conseil : Ka\u00efs Sa\u00efed r\u00e9\u00e9lu d\u00e8s le premier tour\",\"isPartOf\":{\"@id\":\"https:\\\/\\\/www.webdo.tn\\\/fr\\\/#website\"},\"primaryImageOfPage\":{\"@id\":\"https:\\\/\\\/www.webdo.tn\\\/fr\\\/actualite\\\/national\\\/presidentielle-sigma-conseil-kais-saied-reelu-des-le-premier-tour\\\/216824\\\/#primaryimage\"},\"image\":{\"@id\":\"https:\\\/\\\/www.webdo.tn\\\/fr\\\/actualite\\\/national\\\/presidentielle-sigma-conseil-kais-saied-reelu-des-le-premier-tour\\\/216824\\\/#primaryimage\"},\"thumbnailUrl\":\"https:\\\/\\\/www.webdo.tn\\\/fr\\\/wp-content\\\/uploads\\\/2024\\\/10\\\/8724adc1fa5e080f8cb0fb15d0d6f988.webp\",\"datePublished\":\"2024-10-06T20:53:00+00:00\",\"dateModified\":\"2025-05-21T09:02:52+00:00\",\"description\":\"Les r\u00e9sultats des sorties des urnes de l'\u00e9lection pr\u00e9sidentielle en Tunisie indiquent que Ka\u00efs Sa\u00efed a \u00e9t\u00e9 r\u00e9\u00e9lu avec 89,2 % des voix, tandis que ses concurrent...\",\"breadcrumb\":{\"@id\":\"https:\\\/\\\/www.webdo.tn\\\/fr\\\/actualite\\\/national\\\/presidentielle-sigma-conseil-kais-saied-reelu-des-le-premier-tour\\\/216824\\\/#breadcrumb\"},\"inLanguage\":\"fr-FR\",\"potentialAction\":[{\"@type\":\"ReadAction\",\"target\":[\"https:\\\/\\\/www.webdo.tn\\\/fr\\\/actualite\\\/national\\\/presidentielle-sigma-conseil-kais-saied-reelu-des-le-premier-tour\\\/216824\\\/\"]}]},{\"@type\":\"ImageObject\",\"inLanguage\":\"fr-FR\",\"@id\":\"https:\\\/\\\/www.webdo.tn\\\/fr\\\/actualite\\\/national\\\/presidentielle-sigma-conseil-kais-saied-reelu-des-le-premier-tour\\\/216824\\\/#primaryimage\",\"url\":\"https:\\\/\\\/www.webdo.tn\\\/fr\\\/wp-content\\\/uploads\\\/2024\\\/10\\\/8724adc1fa5e080f8cb0fb15d0d6f988.webp\",\"contentUrl\":\"https:\\\/\\\/www.webdo.tn\\\/fr\\\/wp-content\\\/uploads\\\/2024\\\/10\\\/8724adc1fa5e080f8cb0fb15d0d6f988.webp\",\"width\":750,\"height\":400,\"caption\":\"Pr\u00e9sidentielle - Sigma Conseil : Ka\u00efs Sa\u00efed r\u00e9\u00e9lu d\u00e8s le premier tour\"},{\"@type\":\"BreadcrumbList\",\"@id\":\"https:\\\/\\\/www.webdo.tn\\\/fr\\\/actualite\\\/national\\\/presidentielle-sigma-conseil-kais-saied-reelu-des-le-premier-tour\\\/216824\\\/#breadcrumb\",\"itemListElement\":[{\"@type\":\"ListItem\",\"position\":1,\"name\":\"Accueil\",\"item\":\"https:\\\/\\\/www.webdo.tn\\\/fr\\\/\"},{\"@type\":\"ListItem\",\"position\":2,\"name\":\"Pr\u00e9sidentielle &#8211; Sigma Conseil : Ka\u00efs Sa\u00efed r\u00e9\u00e9lu d\u00e8s le premier tour\"}]},{\"@type\":\"WebSite\",\"@id\":\"https:\\\/\\\/www.webdo.tn\\\/fr\\\/#website\",\"url\":\"https:\\\/\\\/www.webdo.tn\\\/fr\\\/\",\"name\":\"webdo\",\"description\":\"Tunisie - News en Tunisie et \u00e0 l&#039;international sur Webdo.tn\",\"publisher\":{\"@id\":\"https:\\\/\\\/www.webdo.tn\\\/fr\\\/#organization\"},\"potentialAction\":[{\"@type\":\"SearchAction\",\"target\":{\"@type\":\"EntryPoint\",\"urlTemplate\":\"https:\\\/\\\/www.webdo.tn\\\/fr\\\/?s={search_term_string}\"},\"query-input\":{\"@type\":\"PropertyValueSpecification\",\"valueRequired\":true,\"valueName\":\"search_term_string\"}}],\"inLanguage\":\"fr-FR\"},{\"@type\":\"Organization\",\"@id\":\"https:\\\/\\\/www.webdo.tn\\\/fr\\\/#organization\",\"name\":\"Webdo\",\"alternateName\":\"Webdo.tn\",\"url\":\"https:\\\/\\\/www.webdo.tn\\\/fr\\\/\",\"logo\":{\"@type\":\"ImageObject\",\"inLanguage\":\"fr-FR\",\"@id\":\"https:\\\/\\\/www.webdo.tn\\\/fr\\\/#\\\/schema\\\/logo\\\/image\\\/\",\"url\":\"https:\\\/\\\/www.webdo.tn\\\/fr\\\/wp-content\\\/uploads\\\/2025\\\/06\\\/Webdo-Tunisie_168377.jpg\",\"contentUrl\":\"https:\\\/\\\/www.webdo.tn\\\/fr\\\/wp-content\\\/uploads\\\/2025\\\/06\\\/Webdo-Tunisie_168377.jpg\",\"width\":301,\"height\":301,\"caption\":\"Webdo\"},\"image\":{\"@id\":\"https:\\\/\\\/www.webdo.tn\\\/fr\\\/#\\\/schema\\\/logo\\\/image\\\/\"},\"sameAs\":[\"https:\\\/\\\/www.facebook.com\\\/webdotn\",\"https:\\\/\\\/x.com\\\/webdo_tn\"],\"description\":\"Webdo est un m\u00e9dia num\u00e9rique tunisien fond\u00e9 en 2010, sp\u00e9cialis\u00e9 dans l\u2019actualit\u00e9 nationale et internationale, l\u2019\u00e9conomie, la soci\u00e9t\u00e9 et les analyses politiques. Le site s\u2019adresse \u00e0 un large public francophone et couvre l\u2019information tunisienne en temps r\u00e9el.\",\"email\":\"redac@webdo.tn\",\"legalName\":\"YNJ SARL\",\"foundingDate\":\"2010-09-06\",\"numberOfEmployees\":{\"@type\":\"QuantitativeValue\",\"minValue\":\"11\",\"maxValue\":\"50\"}},{\"@type\":\"Person\",\"@id\":\"https:\\\/\\\/www.webdo.tn\\\/fr\\\/#\\\/schema\\\/person\\\/b8a41c04d93287d375510db360906b34\",\"name\":\"AZ\",\"image\":{\"@type\":\"ImageObject\",\"inLanguage\":\"fr-FR\",\"@id\":\"https:\\\/\\\/secure.gravatar.com\\\/avatar\\\/492b80bada79439de4201dce15cd41eece6c277cfdf1b53382073c79105c1f89?s=96&d=mm&r=g\",\"url\":\"https:\\\/\\\/secure.gravatar.com\\\/avatar\\\/492b80bada79439de4201dce15cd41eece6c277cfdf1b53382073c79105c1f89?s=96&d=mm&r=g\",\"contentUrl\":\"https:\\\/\\\/secure.gravatar.com\\\/avatar\\\/492b80bada79439de4201dce15cd41eece6c277cfdf1b53382073c79105c1f89?s=96&d=mm&r=g\",\"caption\":\"AZ\"},\"url\":\"https:\\\/\\\/www.webdo.tn\\\/fr\\\/actualite\\\/author\\\/az\\\/\"}]}<\/script>\n<!-- \/ Yoast SEO Premium plugin. -->","yoast_head_json":{"title":"Pr\u00e9sidentielle - Sigma Conseil : Ka\u00efs Sa\u00efed r\u00e9\u00e9lu d\u00e8s le premier tour","description":"Les r\u00e9sultats des sorties des urnes de l'\u00e9lection pr\u00e9sidentielle en Tunisie indiquent que Ka\u00efs Sa\u00efed a \u00e9t\u00e9 r\u00e9\u00e9lu avec 89,2 % des voix, tandis que ses concurrent...","canonical":"https:\/\/www.webdo.tn\/fr\/actualite\/national\/presidentielle-sigma-conseil-kais-saied-reelu-des-le-premier-tour\/216824\/","og_locale":"fr_FR","og_type":"article","og_title":"Pr\u00e9sidentielle - Sigma Conseil : Ka\u00efs Sa\u00efed r\u00e9\u00e9lu d\u00e8s le premier tour","og_description":"Les r\u00e9sultats des sorties des urnes de l'\u00e9lection pr\u00e9sidentielle en Tunisie indiquent que Ka\u00efs Sa\u00efed a \u00e9t\u00e9 r\u00e9\u00e9lu avec 89,2 % des voix, tandis que ses concurrent...","og_url":"https:\/\/www.webdo.tn\/fr\/actualite\/national\/presidentielle-sigma-conseil-kais-saied-reelu-des-le-premier-tour\/216824\/","og_site_name":"webdo","article_publisher":"https:\/\/www.facebook.com\/webdotn","article_published_time":"2024-10-06T20:53:00+00:00","article_modified_time":"2025-05-21T09:02:52+00:00","og_image":[{"width":750,"height":400,"url":"https:\/\/www.webdo.tn\/fr\/wp-content\/uploads\/2024\/10\/8724adc1fa5e080f8cb0fb15d0d6f988.webp","type":"image\/webp"}],"author":"AZ","twitter_card":"summary_large_image","twitter_creator":"@webdo_tn","twitter_site":"@webdo_tn","twitter_misc":{"\u00c9crit par":"AZ","Dur\u00e9e de lecture estim\u00e9e":"1 minute"},"schema":{"@context":"https:\/\/schema.org","@graph":[{"@type":"NewsArticle","@id":"https:\/\/www.webdo.tn\/fr\/actualite\/national\/presidentielle-sigma-conseil-kais-saied-reelu-des-le-premier-tour\/216824\/#article","isPartOf":{"@id":"https:\/\/www.webdo.tn\/fr\/actualite\/national\/presidentielle-sigma-conseil-kais-saied-reelu-des-le-premier-tour\/216824\/"},"author":{"name":"AZ","@id":"https:\/\/www.webdo.tn\/fr\/#\/schema\/person\/b8a41c04d93287d375510db360906b34"},"headline":"Pr\u00e9sidentielle &#8211; Sigma Conseil : Ka\u00efs Sa\u00efed r\u00e9\u00e9lu d\u00e8s le premier tour","datePublished":"2024-10-06T20:53:00+00:00","dateModified":"2025-05-21T09:02:52+00:00","mainEntityOfPage":{"@id":"https:\/\/www.webdo.tn\/fr\/actualite\/national\/presidentielle-sigma-conseil-kais-saied-reelu-des-le-premier-tour\/216824\/"},"wordCount":130,"commentCount":0,"publisher":{"@id":"https:\/\/www.webdo.tn\/fr\/#organization"},"image":{"@id":"https:\/\/www.webdo.tn\/fr\/actualite\/national\/presidentielle-sigma-conseil-kais-saied-reelu-des-le-premier-tour\/216824\/#primaryimage"},"thumbnailUrl":"https:\/\/www.webdo.tn\/fr\/wp-content\/uploads\/2024\/10\/8724adc1fa5e080f8cb0fb15d0d6f988.webp","keywords":["pr\u00e9sidentielle","Sigma Conseil","Tunisie"],"articleSection":["National"],"inLanguage":"fr-FR"},{"@type":"WebPage","@id":"https:\/\/www.webdo.tn\/fr\/actualite\/national\/presidentielle-sigma-conseil-kais-saied-reelu-des-le-premier-tour\/216824\/","url":"https:\/\/www.webdo.tn\/fr\/actualite\/national\/presidentielle-sigma-conseil-kais-saied-reelu-des-le-premier-tour\/216824\/","name":"Pr\u00e9sidentielle - Sigma Conseil : Ka\u00efs Sa\u00efed r\u00e9\u00e9lu d\u00e8s le premier tour","isPartOf":{"@id":"https:\/\/www.webdo.tn\/fr\/#website"},"primaryImageOfPage":{"@id":"https:\/\/www.webdo.tn\/fr\/actualite\/national\/presidentielle-sigma-conseil-kais-saied-reelu-des-le-premier-tour\/216824\/#primaryimage"},"image":{"@id":"https:\/\/www.webdo.tn\/fr\/actualite\/national\/presidentielle-sigma-conseil-kais-saied-reelu-des-le-premier-tour\/216824\/#primaryimage"},"thumbnailUrl":"https:\/\/www.webdo.tn\/fr\/wp-content\/uploads\/2024\/10\/8724adc1fa5e080f8cb0fb15d0d6f988.webp","datePublished":"2024-10-06T20:53:00+00:00","dateModified":"2025-05-21T09:02:52+00:00","description":"Les r\u00e9sultats des sorties des urnes de l'\u00e9lection pr\u00e9sidentielle en Tunisie indiquent que Ka\u00efs Sa\u00efed a \u00e9t\u00e9 r\u00e9\u00e9lu avec 89,2 % des voix, tandis que ses concurrent...","breadcrumb":{"@id":"https:\/\/www.webdo.tn\/fr\/actualite\/national\/presidentielle-sigma-conseil-kais-saied-reelu-des-le-premier-tour\/216824\/#breadcrumb"},"inLanguage":"fr-FR","potentialAction":[{"@type":"ReadAction","target":["https:\/\/www.webdo.tn\/fr\/actualite\/national\/presidentielle-sigma-conseil-kais-saied-reelu-des-le-premier-tour\/216824\/"]}]},{"@type":"ImageObject","inLanguage":"fr-FR","@id":"https:\/\/www.webdo.tn\/fr\/actualite\/national\/presidentielle-sigma-conseil-kais-saied-reelu-des-le-premier-tour\/216824\/#primaryimage","url":"https:\/\/www.webdo.tn\/fr\/wp-content\/uploads\/2024\/10\/8724adc1fa5e080f8cb0fb15d0d6f988.webp","contentUrl":"https:\/\/www.webdo.tn\/fr\/wp-content\/uploads\/2024\/10\/8724adc1fa5e080f8cb0fb15d0d6f988.webp","width":750,"height":400,"caption":"Pr\u00e9sidentielle - Sigma Conseil : Ka\u00efs Sa\u00efed r\u00e9\u00e9lu d\u00e8s le premier tour"},{"@type":"BreadcrumbList","@id":"https:\/\/www.webdo.tn\/fr\/actualite\/national\/presidentielle-sigma-conseil-kais-saied-reelu-des-le-premier-tour\/216824\/#breadcrumb","itemListElement":[{"@type":"ListItem","position":1,"name":"Accueil","item":"https:\/\/www.webdo.tn\/fr\/"},{"@type":"ListItem","position":2,"name":"Pr\u00e9sidentielle &#8211; Sigma Conseil : Ka\u00efs Sa\u00efed r\u00e9\u00e9lu d\u00e8s le premier tour"}]},{"@type":"WebSite","@id":"https:\/\/www.webdo.tn\/fr\/#website","url":"https:\/\/www.webdo.tn\/fr\/","name":"webdo","description":"Tunisie - News en Tunisie et \u00e0 l&#039;international sur Webdo.tn","publisher":{"@id":"https:\/\/www.webdo.tn\/fr\/#organization"},"potentialAction":[{"@type":"SearchAction","target":{"@type":"EntryPoint","urlTemplate":"https:\/\/www.webdo.tn\/fr\/?s={search_term_string}"},"query-input":{"@type":"PropertyValueSpecification","valueRequired":true,"valueName":"search_term_string"}}],"inLanguage":"fr-FR"},{"@type":"Organization","@id":"https:\/\/www.webdo.tn\/fr\/#organization","name":"Webdo","alternateName":"Webdo.tn","url":"https:\/\/www.webdo.tn\/fr\/","logo":{"@type":"ImageObject","inLanguage":"fr-FR","@id":"https:\/\/www.webdo.tn\/fr\/#\/schema\/logo\/image\/","url":"https:\/\/www.webdo.tn\/fr\/wp-content\/uploads\/2025\/06\/Webdo-Tunisie_168377.jpg","contentUrl":"https:\/\/www.webdo.tn\/fr\/wp-content\/uploads\/2025\/06\/Webdo-Tunisie_168377.jpg","width":301,"height":301,"caption":"Webdo"},"image":{"@id":"https:\/\/www.webdo.tn\/fr\/#\/schema\/logo\/image\/"},"sameAs":["https:\/\/www.facebook.com\/webdotn","https:\/\/x.com\/webdo_tn"],"description":"Webdo est un m\u00e9dia num\u00e9rique tunisien fond\u00e9 en 2010, sp\u00e9cialis\u00e9 dans l\u2019actualit\u00e9 nationale et internationale, l\u2019\u00e9conomie, la soci\u00e9t\u00e9 et les analyses politiques. Le site s\u2019adresse \u00e0 un large public francophone et couvre l\u2019information tunisienne en temps r\u00e9el.","email":"redac@webdo.tn","legalName":"YNJ SARL","foundingDate":"2010-09-06","numberOfEmployees":{"@type":"QuantitativeValue","minValue":"11","maxValue":"50"}},{"@type":"Person","@id":"https:\/\/www.webdo.tn\/fr\/#\/schema\/person\/b8a41c04d93287d375510db360906b34","name":"AZ","image":{"@type":"ImageObject","inLanguage":"fr-FR","@id":"https:\/\/secure.gravatar.com\/avatar\/492b80bada79439de4201dce15cd41eece6c277cfdf1b53382073c79105c1f89?s=96&d=mm&r=g","url":"https:\/\/secure.gravatar.com\/avatar\/492b80bada79439de4201dce15cd41eece6c277cfdf1b53382073c79105c1f89?s=96&d=mm&r=g","contentUrl":"https:\/\/secure.gravatar.com\/avatar\/492b80bada79439de4201dce15cd41eece6c277cfdf1b53382073c79105c1f89?s=96&d=mm&r=g","caption":"AZ"},"url":"https:\/\/www.webdo.tn\/fr\/actualite\/author\/az\/"}]}},"_links":{"self":[{"href":"https:\/\/www.webdo.tn\/fr\/wp-json\/wp\/v2\/posts\/216824","targetHints":{"allow":["GET"]}}],"collection":[{"href":"https:\/\/www.webdo.tn\/fr\/wp-json\/wp\/v2\/posts"}],"about":[{"href":"https:\/\/www.webdo.tn\/fr\/wp-json\/wp\/v2\/types\/post"}],"author":[{"embeddable":true,"href":"https:\/\/www.webdo.tn\/fr\/wp-json\/wp\/v2\/users\/3166"}],"replies":[{"embeddable":true,"href":"https:\/\/www.webdo.tn\/fr\/wp-json\/wp\/v2\/comments?post=216824"}],"version-history":[{"count":0,"href":"https:\/\/www.webdo.tn\/fr\/wp-json\/wp\/v2\/posts\/216824\/revisions"}],"wp:featuredmedia":[{"embeddable":true,"href":"https:\/\/www.webdo.tn\/fr\/wp-json\/wp\/v2\/media\/246394"}],"wp:attachment":[{"href":"https:\/\/www.webdo.tn\/fr\/wp-json\/wp\/v2\/media?parent=216824"}],"wp:term":[{"taxonomy":"category","embeddable":true,"href":"https:\/\/www.webdo.tn\/fr\/wp-json\/wp\/v2\/categories?post=216824"},{"taxonomy":"post_tag","embeddable":true,"href":"https:\/\/www.webdo.tn\/fr\/wp-json\/wp\/v2\/tags?post=216824"}],"curies":[{"name":"wp","href":"https:\/\/api.w.org\/{rel}","templated":true}]}}