{"id":216815,"date":"2024-10-06T11:39:00","date_gmt":"2024-10-06T11:39:00","guid":{"rendered":"https:\/\/www.webdo.tn\/fr\/blog\/presidentielle-le-president-de-l-arp-vote\/216815\/"},"modified":"2025-05-21T09:07:06","modified_gmt":"2025-05-21T09:07:06","slug":"presidentielle-le-president-de-l-arp-vote","status":"publish","type":"post","link":"https:\/\/www.webdo.tn\/fr\/actualite\/national\/presidentielle-le-president-de-l-arp-vote\/216815\/","title":{"rendered":"Pr\u00e9sidentielle : Le pr\u00e9sident de l&rsquo;ARP vote"},"content":{"rendered":"<p>Ce dimanche 6 octobre 2023, Brahim Bouderbala, pr\u00e9sident de l&rsquo;Assembl\u00e9e des repr\u00e9sentants du peuple, s&rsquo;est rendu au bureau de vote de l&rsquo;\u00e9cole du Maghreb \u00e0 Rad\u00e8s, afin de participer aux \u00e9lections pr\u00e9sidentielles.<\/p>\n<p>\t\t\t\t\t\t\t\t\tLors de sa visite, le pr\u00e9sident Bouderbala a observ\u00e9 le bon d\u00e9roulement des premi\u00e8res \u00e9tapes du processus \u00e9lectoral. Il a exprim\u00e9 son optimisme quant \u00e0 la r\u00e9ussite de cet \u00e9v\u00e9nement cl\u00e9, qu&rsquo;il consid\u00e8re comme une \u00e9tape essentielle dans le cadre du processus entam\u00e9 le 25 juillet 2021. Ce processus, selon lui, progresse conform\u00e9ment aux d\u00e9lais pr\u00e9vus, ayant d\u00e9j\u00e0 franchi plusieurs \u00e9tapes importantes, telles que l&rsquo;adoption de la Constitution, le r\u00e9f\u00e9rendum, les \u00e9lections l\u00e9gislatives et celles du Conseil national des r\u00e9gions et des districts.<\/p>\n<p>Brahim Bouderbala a \u00e9galement encourag\u00e9 les citoyens \u00e0 accomplir leur devoir de vote, soulignant que cette \u00e9lection se d\u00e9roule dans des conditions favorables. Il a exprim\u00e9 l&rsquo;espoir que ce scrutin contribuera \u00e0 renforcer la stabilit\u00e9 et l&rsquo;optimisme parmi la population, ouvrant ainsi la voie \u00e0 un avenir prometteur pour la Tunisie.<\/p>\n","protected":false},"excerpt":{"rendered":"<p>Le pr\u00e9sident de l&rsquo;Assembl\u00e9e des repr\u00e9sentants du peuple, Brahim Bouderbala, a vot\u00e9 aux \u00e9lections pr\u00e9sidentielles \u00e0 Rad\u00e8s, soulignant l&rsquo;importance de cette \u00e9tape&#8230;<\/p>\n","protected":false},"author":3166,"featured_media":291154,"comment_status":"open","ping_status":"closed","sticky":false,"template":"","format":"standard","meta":{"footnotes":""},"categories":[44],"tags":[2813,5503,2608],"class_list":["post-216815","post","type-post","status-publish","format-standard","has-post-thumbnail","hentry","category-national","tag-arp","tag-presidentielle","tag-tunisie"],"yoast_head":"<!-- This site is optimized with the Yoast SEO Premium plugin v27.5 (Yoast SEO v27.5) - https:\/\/yoast.com\/product\/yoast-seo-premium-wordpress\/ -->\n<title>Pr\u00e9sidentielle : Le pr\u00e9sident de l&#039;ARP vote<\/title>\n<meta name=\"description\" content=\"Le pr\u00e9sident de l&#039;Assembl\u00e9e des repr\u00e9sentants du peuple, Brahim Bouderbala, a vot\u00e9 aux \u00e9lections pr\u00e9sidentielles \u00e0 Rad\u00e8s, soulignant l&#039;importance de cette \u00e9tape...\" \/>\n<link rel=\"canonical\" href=\"https:\/\/www.webdo.tn\/fr\/actualite\/national\/presidentielle-le-president-de-l-arp-vote\/216815\/\" \/>\n<meta property=\"og:locale\" content=\"fr_FR\" \/>\n<meta property=\"og:type\" content=\"article\" \/>\n<meta property=\"og:title\" content=\"Pr\u00e9sidentielle : Le pr\u00e9sident de l&#039;ARP vote\" \/>\n<meta property=\"og:description\" content=\"Le pr\u00e9sident de l&#039;Assembl\u00e9e des repr\u00e9sentants du peuple, Brahim Bouderbala, a vot\u00e9 aux \u00e9lections pr\u00e9sidentielles \u00e0 Rad\u00e8s, soulignant l&#039;importance de cette \u00e9tape...\" \/>\n<meta property=\"og:url\" content=\"https:\/\/www.webdo.tn\/fr\/actualite\/national\/presidentielle-le-president-de-l-arp-vote\/216815\/\" \/>\n<meta property=\"og:site_name\" content=\"webdo\" \/>\n<meta property=\"article:publisher\" content=\"https:\/\/www.facebook.com\/webdotn\" \/>\n<meta property=\"article:published_time\" content=\"2024-10-06T11:39:00+00:00\" \/>\n<meta property=\"article:modified_time\" content=\"2025-05-21T09:07:06+00:00\" \/>\n<meta property=\"og:image\" content=\"https:\/\/www.webdo.tn\/fr\/wp-content\/uploads\/2024\/10\/9d11ff558dd77269a6cb53dcc928df8f.webp\" \/>\n\t<meta property=\"og:image:width\" content=\"750\" \/>\n\t<meta property=\"og:image:height\" content=\"400\" \/>\n\t<meta property=\"og:image:type\" content=\"image\/webp\" \/>\n<meta name=\"author\" content=\"AZ\" \/>\n<meta name=\"twitter:card\" content=\"summary_large_image\" \/>\n<meta name=\"twitter:creator\" content=\"@webdo_tn\" \/>\n<meta name=\"twitter:site\" content=\"@webdo_tn\" \/>\n<meta name=\"twitter:label1\" content=\"\u00c9crit par\" \/>\n\t<meta name=\"twitter:data1\" content=\"AZ\" \/>\n\t<meta name=\"twitter:label2\" content=\"Dur\u00e9e de lecture estim\u00e9e\" \/>\n\t<meta name=\"twitter:data2\" content=\"1 minute\" \/>\n<script type=\"application\/ld+json\" class=\"yoast-schema-graph\">{\"@context\":\"https:\\\/\\\/schema.org\",\"@graph\":[{\"@type\":\"NewsArticle\",\"@id\":\"https:\\\/\\\/www.webdo.tn\\\/fr\\\/actualite\\\/national\\\/presidentielle-le-president-de-l-arp-vote\\\/216815\\\/#article\",\"isPartOf\":{\"@id\":\"https:\\\/\\\/www.webdo.tn\\\/fr\\\/actualite\\\/national\\\/presidentielle-le-president-de-l-arp-vote\\\/216815\\\/\"},\"author\":{\"name\":\"AZ\",\"@id\":\"https:\\\/\\\/www.webdo.tn\\\/fr\\\/#\\\/schema\\\/person\\\/b8a41c04d93287d375510db360906b34\"},\"headline\":\"Pr\u00e9sidentielle : Le pr\u00e9sident de l&rsquo;ARP vote\",\"datePublished\":\"2024-10-06T11:39:00+00:00\",\"dateModified\":\"2025-05-21T09:07:06+00:00\",\"mainEntityOfPage\":{\"@id\":\"https:\\\/\\\/www.webdo.tn\\\/fr\\\/actualite\\\/national\\\/presidentielle-le-president-de-l-arp-vote\\\/216815\\\/\"},\"wordCount\":193,\"commentCount\":0,\"publisher\":{\"@id\":\"https:\\\/\\\/www.webdo.tn\\\/fr\\\/#organization\"},\"image\":{\"@id\":\"https:\\\/\\\/www.webdo.tn\\\/fr\\\/actualite\\\/national\\\/presidentielle-le-president-de-l-arp-vote\\\/216815\\\/#primaryimage\"},\"thumbnailUrl\":\"https:\\\/\\\/www.webdo.tn\\\/fr\\\/wp-content\\\/uploads\\\/2024\\\/10\\\/9d11ff558dd77269a6cb53dcc928df8f.webp\",\"keywords\":[\"ARP\",\"pr\u00e9sidentielle\",\"Tunisie\"],\"articleSection\":[\"National\"],\"inLanguage\":\"fr-FR\"},{\"@type\":\"WebPage\",\"@id\":\"https:\\\/\\\/www.webdo.tn\\\/fr\\\/actualite\\\/national\\\/presidentielle-le-president-de-l-arp-vote\\\/216815\\\/\",\"url\":\"https:\\\/\\\/www.webdo.tn\\\/fr\\\/actualite\\\/national\\\/presidentielle-le-president-de-l-arp-vote\\\/216815\\\/\",\"name\":\"Pr\u00e9sidentielle : Le pr\u00e9sident de l'ARP vote\",\"isPartOf\":{\"@id\":\"https:\\\/\\\/www.webdo.tn\\\/fr\\\/#website\"},\"primaryImageOfPage\":{\"@id\":\"https:\\\/\\\/www.webdo.tn\\\/fr\\\/actualite\\\/national\\\/presidentielle-le-president-de-l-arp-vote\\\/216815\\\/#primaryimage\"},\"image\":{\"@id\":\"https:\\\/\\\/www.webdo.tn\\\/fr\\\/actualite\\\/national\\\/presidentielle-le-president-de-l-arp-vote\\\/216815\\\/#primaryimage\"},\"thumbnailUrl\":\"https:\\\/\\\/www.webdo.tn\\\/fr\\\/wp-content\\\/uploads\\\/2024\\\/10\\\/9d11ff558dd77269a6cb53dcc928df8f.webp\",\"datePublished\":\"2024-10-06T11:39:00+00:00\",\"dateModified\":\"2025-05-21T09:07:06+00:00\",\"description\":\"Le pr\u00e9sident de l'Assembl\u00e9e des repr\u00e9sentants du peuple, Brahim Bouderbala, a vot\u00e9 aux \u00e9lections pr\u00e9sidentielles \u00e0 Rad\u00e8s, soulignant l'importance de cette \u00e9tape...\",\"breadcrumb\":{\"@id\":\"https:\\\/\\\/www.webdo.tn\\\/fr\\\/actualite\\\/national\\\/presidentielle-le-president-de-l-arp-vote\\\/216815\\\/#breadcrumb\"},\"inLanguage\":\"fr-FR\",\"potentialAction\":[{\"@type\":\"ReadAction\",\"target\":[\"https:\\\/\\\/www.webdo.tn\\\/fr\\\/actualite\\\/national\\\/presidentielle-le-president-de-l-arp-vote\\\/216815\\\/\"]}]},{\"@type\":\"ImageObject\",\"inLanguage\":\"fr-FR\",\"@id\":\"https:\\\/\\\/www.webdo.tn\\\/fr\\\/actualite\\\/national\\\/presidentielle-le-president-de-l-arp-vote\\\/216815\\\/#primaryimage\",\"url\":\"https:\\\/\\\/www.webdo.tn\\\/fr\\\/wp-content\\\/uploads\\\/2024\\\/10\\\/9d11ff558dd77269a6cb53dcc928df8f.webp\",\"contentUrl\":\"https:\\\/\\\/www.webdo.tn\\\/fr\\\/wp-content\\\/uploads\\\/2024\\\/10\\\/9d11ff558dd77269a6cb53dcc928df8f.webp\",\"width\":750,\"height\":400,\"caption\":\"Pr\u00e9sidentielle : Le pr\u00e9sident de l'ARP vote\"},{\"@type\":\"BreadcrumbList\",\"@id\":\"https:\\\/\\\/www.webdo.tn\\\/fr\\\/actualite\\\/national\\\/presidentielle-le-president-de-l-arp-vote\\\/216815\\\/#breadcrumb\",\"itemListElement\":[{\"@type\":\"ListItem\",\"position\":1,\"name\":\"Accueil\",\"item\":\"https:\\\/\\\/www.webdo.tn\\\/fr\\\/\"},{\"@type\":\"ListItem\",\"position\":2,\"name\":\"Pr\u00e9sidentielle : Le pr\u00e9sident de l&rsquo;ARP vote\"}]},{\"@type\":\"WebSite\",\"@id\":\"https:\\\/\\\/www.webdo.tn\\\/fr\\\/#website\",\"url\":\"https:\\\/\\\/www.webdo.tn\\\/fr\\\/\",\"name\":\"webdo\",\"description\":\"Tunisie - News en Tunisie et \u00e0 l&#039;international sur Webdo.tn\",\"publisher\":{\"@id\":\"https:\\\/\\\/www.webdo.tn\\\/fr\\\/#organization\"},\"potentialAction\":[{\"@type\":\"SearchAction\",\"target\":{\"@type\":\"EntryPoint\",\"urlTemplate\":\"https:\\\/\\\/www.webdo.tn\\\/fr\\\/?s={search_term_string}\"},\"query-input\":{\"@type\":\"PropertyValueSpecification\",\"valueRequired\":true,\"valueName\":\"search_term_string\"}}],\"inLanguage\":\"fr-FR\"},{\"@type\":\"Organization\",\"@id\":\"https:\\\/\\\/www.webdo.tn\\\/fr\\\/#organization\",\"name\":\"Webdo\",\"alternateName\":\"Webdo.tn\",\"url\":\"https:\\\/\\\/www.webdo.tn\\\/fr\\\/\",\"logo\":{\"@type\":\"ImageObject\",\"inLanguage\":\"fr-FR\",\"@id\":\"https:\\\/\\\/www.webdo.tn\\\/fr\\\/#\\\/schema\\\/logo\\\/image\\\/\",\"url\":\"https:\\\/\\\/www.webdo.tn\\\/fr\\\/wp-content\\\/uploads\\\/2025\\\/06\\\/Webdo-Tunisie_168377.jpg\",\"contentUrl\":\"https:\\\/\\\/www.webdo.tn\\\/fr\\\/wp-content\\\/uploads\\\/2025\\\/06\\\/Webdo-Tunisie_168377.jpg\",\"width\":301,\"height\":301,\"caption\":\"Webdo\"},\"image\":{\"@id\":\"https:\\\/\\\/www.webdo.tn\\\/fr\\\/#\\\/schema\\\/logo\\\/image\\\/\"},\"sameAs\":[\"https:\\\/\\\/www.facebook.com\\\/webdotn\",\"https:\\\/\\\/x.com\\\/webdo_tn\"],\"description\":\"Webdo est un m\u00e9dia num\u00e9rique tunisien fond\u00e9 en 2010, sp\u00e9cialis\u00e9 dans l\u2019actualit\u00e9 nationale et internationale, l\u2019\u00e9conomie, la soci\u00e9t\u00e9 et les analyses politiques. Le site s\u2019adresse \u00e0 un large public francophone et couvre l\u2019information tunisienne en temps r\u00e9el.\",\"email\":\"redac@webdo.tn\",\"legalName\":\"YNJ SARL\",\"foundingDate\":\"2010-09-06\",\"numberOfEmployees\":{\"@type\":\"QuantitativeValue\",\"minValue\":\"11\",\"maxValue\":\"50\"}},{\"@type\":\"Person\",\"@id\":\"https:\\\/\\\/www.webdo.tn\\\/fr\\\/#\\\/schema\\\/person\\\/b8a41c04d93287d375510db360906b34\",\"name\":\"AZ\",\"image\":{\"@type\":\"ImageObject\",\"inLanguage\":\"fr-FR\",\"@id\":\"https:\\\/\\\/secure.gravatar.com\\\/avatar\\\/492b80bada79439de4201dce15cd41eece6c277cfdf1b53382073c79105c1f89?s=96&d=mm&r=g\",\"url\":\"https:\\\/\\\/secure.gravatar.com\\\/avatar\\\/492b80bada79439de4201dce15cd41eece6c277cfdf1b53382073c79105c1f89?s=96&d=mm&r=g\",\"contentUrl\":\"https:\\\/\\\/secure.gravatar.com\\\/avatar\\\/492b80bada79439de4201dce15cd41eece6c277cfdf1b53382073c79105c1f89?s=96&d=mm&r=g\",\"caption\":\"AZ\"},\"url\":\"https:\\\/\\\/www.webdo.tn\\\/fr\\\/actualite\\\/author\\\/az\\\/\"}]}<\/script>\n<!-- \/ Yoast SEO Premium plugin. -->","yoast_head_json":{"title":"Pr\u00e9sidentielle : Le pr\u00e9sident de l'ARP vote","description":"Le pr\u00e9sident de l'Assembl\u00e9e des repr\u00e9sentants du peuple, Brahim Bouderbala, a vot\u00e9 aux \u00e9lections pr\u00e9sidentielles \u00e0 Rad\u00e8s, soulignant l'importance de cette \u00e9tape...","canonical":"https:\/\/www.webdo.tn\/fr\/actualite\/national\/presidentielle-le-president-de-l-arp-vote\/216815\/","og_locale":"fr_FR","og_type":"article","og_title":"Pr\u00e9sidentielle : Le pr\u00e9sident de l'ARP vote","og_description":"Le pr\u00e9sident de l'Assembl\u00e9e des repr\u00e9sentants du peuple, Brahim Bouderbala, a vot\u00e9 aux \u00e9lections pr\u00e9sidentielles \u00e0 Rad\u00e8s, soulignant l'importance de cette \u00e9tape...","og_url":"https:\/\/www.webdo.tn\/fr\/actualite\/national\/presidentielle-le-president-de-l-arp-vote\/216815\/","og_site_name":"webdo","article_publisher":"https:\/\/www.facebook.com\/webdotn","article_published_time":"2024-10-06T11:39:00+00:00","article_modified_time":"2025-05-21T09:07:06+00:00","og_image":[{"width":750,"height":400,"url":"https:\/\/www.webdo.tn\/fr\/wp-content\/uploads\/2024\/10\/9d11ff558dd77269a6cb53dcc928df8f.webp","type":"image\/webp"}],"author":"AZ","twitter_card":"summary_large_image","twitter_creator":"@webdo_tn","twitter_site":"@webdo_tn","twitter_misc":{"\u00c9crit par":"AZ","Dur\u00e9e de lecture estim\u00e9e":"1 minute"},"schema":{"@context":"https:\/\/schema.org","@graph":[{"@type":"NewsArticle","@id":"https:\/\/www.webdo.tn\/fr\/actualite\/national\/presidentielle-le-president-de-l-arp-vote\/216815\/#article","isPartOf":{"@id":"https:\/\/www.webdo.tn\/fr\/actualite\/national\/presidentielle-le-president-de-l-arp-vote\/216815\/"},"author":{"name":"AZ","@id":"https:\/\/www.webdo.tn\/fr\/#\/schema\/person\/b8a41c04d93287d375510db360906b34"},"headline":"Pr\u00e9sidentielle : Le pr\u00e9sident de l&rsquo;ARP vote","datePublished":"2024-10-06T11:39:00+00:00","dateModified":"2025-05-21T09:07:06+00:00","mainEntityOfPage":{"@id":"https:\/\/www.webdo.tn\/fr\/actualite\/national\/presidentielle-le-president-de-l-arp-vote\/216815\/"},"wordCount":193,"commentCount":0,"publisher":{"@id":"https:\/\/www.webdo.tn\/fr\/#organization"},"image":{"@id":"https:\/\/www.webdo.tn\/fr\/actualite\/national\/presidentielle-le-president-de-l-arp-vote\/216815\/#primaryimage"},"thumbnailUrl":"https:\/\/www.webdo.tn\/fr\/wp-content\/uploads\/2024\/10\/9d11ff558dd77269a6cb53dcc928df8f.webp","keywords":["ARP","pr\u00e9sidentielle","Tunisie"],"articleSection":["National"],"inLanguage":"fr-FR"},{"@type":"WebPage","@id":"https:\/\/www.webdo.tn\/fr\/actualite\/national\/presidentielle-le-president-de-l-arp-vote\/216815\/","url":"https:\/\/www.webdo.tn\/fr\/actualite\/national\/presidentielle-le-president-de-l-arp-vote\/216815\/","name":"Pr\u00e9sidentielle : Le pr\u00e9sident de l'ARP vote","isPartOf":{"@id":"https:\/\/www.webdo.tn\/fr\/#website"},"primaryImageOfPage":{"@id":"https:\/\/www.webdo.tn\/fr\/actualite\/national\/presidentielle-le-president-de-l-arp-vote\/216815\/#primaryimage"},"image":{"@id":"https:\/\/www.webdo.tn\/fr\/actualite\/national\/presidentielle-le-president-de-l-arp-vote\/216815\/#primaryimage"},"thumbnailUrl":"https:\/\/www.webdo.tn\/fr\/wp-content\/uploads\/2024\/10\/9d11ff558dd77269a6cb53dcc928df8f.webp","datePublished":"2024-10-06T11:39:00+00:00","dateModified":"2025-05-21T09:07:06+00:00","description":"Le pr\u00e9sident de l'Assembl\u00e9e des repr\u00e9sentants du peuple, Brahim Bouderbala, a vot\u00e9 aux \u00e9lections pr\u00e9sidentielles \u00e0 Rad\u00e8s, soulignant l'importance de cette \u00e9tape...","breadcrumb":{"@id":"https:\/\/www.webdo.tn\/fr\/actualite\/national\/presidentielle-le-president-de-l-arp-vote\/216815\/#breadcrumb"},"inLanguage":"fr-FR","potentialAction":[{"@type":"ReadAction","target":["https:\/\/www.webdo.tn\/fr\/actualite\/national\/presidentielle-le-president-de-l-arp-vote\/216815\/"]}]},{"@type":"ImageObject","inLanguage":"fr-FR","@id":"https:\/\/www.webdo.tn\/fr\/actualite\/national\/presidentielle-le-president-de-l-arp-vote\/216815\/#primaryimage","url":"https:\/\/www.webdo.tn\/fr\/wp-content\/uploads\/2024\/10\/9d11ff558dd77269a6cb53dcc928df8f.webp","contentUrl":"https:\/\/www.webdo.tn\/fr\/wp-content\/uploads\/2024\/10\/9d11ff558dd77269a6cb53dcc928df8f.webp","width":750,"height":400,"caption":"Pr\u00e9sidentielle : Le pr\u00e9sident de l'ARP vote"},{"@type":"BreadcrumbList","@id":"https:\/\/www.webdo.tn\/fr\/actualite\/national\/presidentielle-le-president-de-l-arp-vote\/216815\/#breadcrumb","itemListElement":[{"@type":"ListItem","position":1,"name":"Accueil","item":"https:\/\/www.webdo.tn\/fr\/"},{"@type":"ListItem","position":2,"name":"Pr\u00e9sidentielle : Le pr\u00e9sident de l&rsquo;ARP vote"}]},{"@type":"WebSite","@id":"https:\/\/www.webdo.tn\/fr\/#website","url":"https:\/\/www.webdo.tn\/fr\/","name":"webdo","description":"Tunisie - News en Tunisie et \u00e0 l&#039;international sur Webdo.tn","publisher":{"@id":"https:\/\/www.webdo.tn\/fr\/#organization"},"potentialAction":[{"@type":"SearchAction","target":{"@type":"EntryPoint","urlTemplate":"https:\/\/www.webdo.tn\/fr\/?s={search_term_string}"},"query-input":{"@type":"PropertyValueSpecification","valueRequired":true,"valueName":"search_term_string"}}],"inLanguage":"fr-FR"},{"@type":"Organization","@id":"https:\/\/www.webdo.tn\/fr\/#organization","name":"Webdo","alternateName":"Webdo.tn","url":"https:\/\/www.webdo.tn\/fr\/","logo":{"@type":"ImageObject","inLanguage":"fr-FR","@id":"https:\/\/www.webdo.tn\/fr\/#\/schema\/logo\/image\/","url":"https:\/\/www.webdo.tn\/fr\/wp-content\/uploads\/2025\/06\/Webdo-Tunisie_168377.jpg","contentUrl":"https:\/\/www.webdo.tn\/fr\/wp-content\/uploads\/2025\/06\/Webdo-Tunisie_168377.jpg","width":301,"height":301,"caption":"Webdo"},"image":{"@id":"https:\/\/www.webdo.tn\/fr\/#\/schema\/logo\/image\/"},"sameAs":["https:\/\/www.facebook.com\/webdotn","https:\/\/x.com\/webdo_tn"],"description":"Webdo est un m\u00e9dia num\u00e9rique tunisien fond\u00e9 en 2010, sp\u00e9cialis\u00e9 dans l\u2019actualit\u00e9 nationale et internationale, l\u2019\u00e9conomie, la soci\u00e9t\u00e9 et les analyses politiques. Le site s\u2019adresse \u00e0 un large public francophone et couvre l\u2019information tunisienne en temps r\u00e9el.","email":"redac@webdo.tn","legalName":"YNJ SARL","foundingDate":"2010-09-06","numberOfEmployees":{"@type":"QuantitativeValue","minValue":"11","maxValue":"50"}},{"@type":"Person","@id":"https:\/\/www.webdo.tn\/fr\/#\/schema\/person\/b8a41c04d93287d375510db360906b34","name":"AZ","image":{"@type":"ImageObject","inLanguage":"fr-FR","@id":"https:\/\/secure.gravatar.com\/avatar\/492b80bada79439de4201dce15cd41eece6c277cfdf1b53382073c79105c1f89?s=96&d=mm&r=g","url":"https:\/\/secure.gravatar.com\/avatar\/492b80bada79439de4201dce15cd41eece6c277cfdf1b53382073c79105c1f89?s=96&d=mm&r=g","contentUrl":"https:\/\/secure.gravatar.com\/avatar\/492b80bada79439de4201dce15cd41eece6c277cfdf1b53382073c79105c1f89?s=96&d=mm&r=g","caption":"AZ"},"url":"https:\/\/www.webdo.tn\/fr\/actualite\/author\/az\/"}]}},"_links":{"self":[{"href":"https:\/\/www.webdo.tn\/fr\/wp-json\/wp\/v2\/posts\/216815","targetHints":{"allow":["GET"]}}],"collection":[{"href":"https:\/\/www.webdo.tn\/fr\/wp-json\/wp\/v2\/posts"}],"about":[{"href":"https:\/\/www.webdo.tn\/fr\/wp-json\/wp\/v2\/types\/post"}],"author":[{"embeddable":true,"href":"https:\/\/www.webdo.tn\/fr\/wp-json\/wp\/v2\/users\/3166"}],"replies":[{"embeddable":true,"href":"https:\/\/www.webdo.tn\/fr\/wp-json\/wp\/v2\/comments?post=216815"}],"version-history":[{"count":0,"href":"https:\/\/www.webdo.tn\/fr\/wp-json\/wp\/v2\/posts\/216815\/revisions"}],"wp:featuredmedia":[{"embeddable":true,"href":"https:\/\/www.webdo.tn\/fr\/wp-json\/wp\/v2\/media\/291154"}],"wp:attachment":[{"href":"https:\/\/www.webdo.tn\/fr\/wp-json\/wp\/v2\/media?parent=216815"}],"wp:term":[{"taxonomy":"category","embeddable":true,"href":"https:\/\/www.webdo.tn\/fr\/wp-json\/wp\/v2\/categories?post=216815"},{"taxonomy":"post_tag","embeddable":true,"href":"https:\/\/www.webdo.tn\/fr\/wp-json\/wp\/v2\/tags?post=216815"}],"curies":[{"name":"wp","href":"https:\/\/api.w.org\/{rel}","templated":true}]}}