{"id":216813,"date":"2024-10-05T15:11:00","date_gmt":"2024-10-05T15:11:00","guid":{"rendered":"https:\/\/www.webdo.tn\/fr\/blog\/macron-appelle-a-stopper-les-livraisons-d-armes-a-israel\/216813\/"},"modified":"2025-05-21T09:07:05","modified_gmt":"2025-05-21T09:07:05","slug":"macron-appelle-a-stopper-les-livraisons-d-armes-a-israel","status":"publish","type":"post","link":"https:\/\/www.webdo.tn\/fr\/actualite\/international\/macron-appelle-a-stopper-les-livraisons-d-armes-a-israel\/216813\/","title":{"rendered":"Macron appelle \u00e0 stopper les livraisons d\u2019armes \u00e0 Isra\u00ebl"},"content":{"rendered":"<p>Le pr\u00e9sident fran\u00e7ais, Emmanuel Macron, a exprim\u00e9 son souhait de mettre fin aux livraisons d&rsquo;armes destin\u00e9es \u00e0 Isra\u00ebl, utilis\u00e9es dans le conflit en cours \u00e0 Gaza.<\/p>\n<p>\t\t\t\t\t\t\t\t\tLors d&rsquo;une interview diffus\u00e9e samedi 5 octobre sur France Inter, il a appel\u00e9 \u00e0 privil\u00e9gier une approche politique pour r\u00e9soudre la crise.<\/p>\n<p>Selon lui, il est crucial d\u2019arr\u00eater les envois d\u2019armes pour alimenter les combats. \u00ab\u00a0La France n&rsquo;en livre pas\u00a0\u00bb, a-t-il pr\u00e9cis\u00e9, tout en insistant sur l&rsquo;importance d&rsquo;une solution diplomatique. Cet entretien a \u00e9t\u00e9 enregistr\u00e9 le 1er octobre.<\/p>\n<p>Emmanuel Macron a \u00e9galement regrett\u00e9 que les initiatives diplomatiques men\u00e9es pour obtenir un cessez-le-feu \u00e0 Gaza n\u2019aient pas encore port\u00e9 leurs fruits.<\/p>\n","protected":false},"excerpt":{"rendered":"<p>Emmanuel Macron appelle \u00e0 l&rsquo;arr\u00eat des livraisons d&rsquo;armes \u00e0 Isra\u00ebl et plaide pour une solution politique au conflit \u00e0 Gaza, tout en d\u00e9plorant l&rsquo;impasse diplomati&#8230;<\/p>\n","protected":false},"author":3166,"featured_media":291151,"comment_status":"open","ping_status":"closed","sticky":false,"template":"","format":"standard","meta":{"footnotes":""},"categories":[2598],"tags":[10499,2998,2689,2636,3535],"class_list":["post-216813","post","type-post","status-publish","format-standard","has-post-thumbnail","hentry","category-international","tag-livraisons-darmes","tag-france","tag-gaza","tag-israel","tag-macron"],"yoast_head":"<!-- This site is optimized with the Yoast SEO Premium plugin v27.5 (Yoast SEO v27.5) - https:\/\/yoast.com\/product\/yoast-seo-premium-wordpress\/ -->\n<title>Macron appelle \u00e0 stopper les livraisons d\u2019armes \u00e0 Isra\u00ebl<\/title>\n<meta name=\"description\" content=\"Emmanuel Macron appelle \u00e0 l&#039;arr\u00eat des livraisons d&#039;armes \u00e0 Isra\u00ebl et plaide pour une solution politique au conflit \u00e0 Gaza, tout en d\u00e9plorant l&#039;impasse diplomati...\" \/>\n<link rel=\"canonical\" href=\"https:\/\/www.webdo.tn\/fr\/actualite\/international\/macron-appelle-a-stopper-les-livraisons-d-armes-a-israel\/216813\/\" \/>\n<meta property=\"og:locale\" content=\"fr_FR\" \/>\n<meta property=\"og:type\" content=\"article\" \/>\n<meta property=\"og:title\" content=\"Macron appelle \u00e0 stopper les livraisons d\u2019armes \u00e0 Isra\u00ebl\" \/>\n<meta property=\"og:description\" content=\"Emmanuel Macron appelle \u00e0 l&#039;arr\u00eat des livraisons d&#039;armes \u00e0 Isra\u00ebl et plaide pour une solution politique au conflit \u00e0 Gaza, tout en d\u00e9plorant l&#039;impasse diplomati...\" \/>\n<meta property=\"og:url\" content=\"https:\/\/www.webdo.tn\/fr\/actualite\/international\/macron-appelle-a-stopper-les-livraisons-d-armes-a-israel\/216813\/\" \/>\n<meta property=\"og:site_name\" content=\"webdo\" \/>\n<meta property=\"article:publisher\" content=\"https:\/\/www.facebook.com\/webdotn\" \/>\n<meta property=\"article:published_time\" content=\"2024-10-05T15:11:00+00:00\" \/>\n<meta property=\"article:modified_time\" content=\"2025-05-21T09:07:05+00:00\" \/>\n<meta property=\"og:image\" content=\"https:\/\/www.webdo.tn\/fr\/wp-content\/uploads\/2024\/10\/2b2717b5845935b5582ec99e69daa5cd.webp\" \/>\n\t<meta property=\"og:image:width\" content=\"750\" \/>\n\t<meta property=\"og:image:height\" content=\"400\" \/>\n\t<meta property=\"og:image:type\" content=\"image\/webp\" \/>\n<meta name=\"author\" content=\"AZ\" \/>\n<meta name=\"twitter:card\" content=\"summary_large_image\" \/>\n<meta name=\"twitter:creator\" content=\"@webdo_tn\" \/>\n<meta name=\"twitter:site\" content=\"@webdo_tn\" \/>\n<meta name=\"twitter:label1\" content=\"\u00c9crit par\" \/>\n\t<meta name=\"twitter:data1\" content=\"AZ\" \/>\n\t<meta name=\"twitter:label2\" content=\"Dur\u00e9e de lecture estim\u00e9e\" \/>\n\t<meta name=\"twitter:data2\" content=\"1 minute\" \/>\n<script type=\"application\/ld+json\" class=\"yoast-schema-graph\">{\"@context\":\"https:\\\/\\\/schema.org\",\"@graph\":[{\"@type\":\"NewsArticle\",\"@id\":\"https:\\\/\\\/www.webdo.tn\\\/fr\\\/actualite\\\/international\\\/macron-appelle-a-stopper-les-livraisons-d-armes-a-israel\\\/216813\\\/#article\",\"isPartOf\":{\"@id\":\"https:\\\/\\\/www.webdo.tn\\\/fr\\\/actualite\\\/international\\\/macron-appelle-a-stopper-les-livraisons-d-armes-a-israel\\\/216813\\\/\"},\"author\":{\"name\":\"AZ\",\"@id\":\"https:\\\/\\\/www.webdo.tn\\\/fr\\\/#\\\/schema\\\/person\\\/b8a41c04d93287d375510db360906b34\"},\"headline\":\"Macron appelle \u00e0 stopper les livraisons d\u2019armes \u00e0 Isra\u00ebl\",\"datePublished\":\"2024-10-05T15:11:00+00:00\",\"dateModified\":\"2025-05-21T09:07:05+00:00\",\"mainEntityOfPage\":{\"@id\":\"https:\\\/\\\/www.webdo.tn\\\/fr\\\/actualite\\\/international\\\/macron-appelle-a-stopper-les-livraisons-d-armes-a-israel\\\/216813\\\/\"},\"wordCount\":129,\"commentCount\":0,\"publisher\":{\"@id\":\"https:\\\/\\\/www.webdo.tn\\\/fr\\\/#organization\"},\"image\":{\"@id\":\"https:\\\/\\\/www.webdo.tn\\\/fr\\\/actualite\\\/international\\\/macron-appelle-a-stopper-les-livraisons-d-armes-a-israel\\\/216813\\\/#primaryimage\"},\"thumbnailUrl\":\"https:\\\/\\\/www.webdo.tn\\\/fr\\\/wp-content\\\/uploads\\\/2024\\\/10\\\/2b2717b5845935b5582ec99e69daa5cd.webp\",\"keywords\":[\"\\\"Livraisons d'armes\\\"]\",\"france\",\"Gaza\",\"isra\u00ebl\",\"macron\"],\"articleSection\":[\"International\"],\"inLanguage\":\"fr-FR\"},{\"@type\":\"WebPage\",\"@id\":\"https:\\\/\\\/www.webdo.tn\\\/fr\\\/actualite\\\/international\\\/macron-appelle-a-stopper-les-livraisons-d-armes-a-israel\\\/216813\\\/\",\"url\":\"https:\\\/\\\/www.webdo.tn\\\/fr\\\/actualite\\\/international\\\/macron-appelle-a-stopper-les-livraisons-d-armes-a-israel\\\/216813\\\/\",\"name\":\"Macron appelle \u00e0 stopper les livraisons d\u2019armes \u00e0 Isra\u00ebl\",\"isPartOf\":{\"@id\":\"https:\\\/\\\/www.webdo.tn\\\/fr\\\/#website\"},\"primaryImageOfPage\":{\"@id\":\"https:\\\/\\\/www.webdo.tn\\\/fr\\\/actualite\\\/international\\\/macron-appelle-a-stopper-les-livraisons-d-armes-a-israel\\\/216813\\\/#primaryimage\"},\"image\":{\"@id\":\"https:\\\/\\\/www.webdo.tn\\\/fr\\\/actualite\\\/international\\\/macron-appelle-a-stopper-les-livraisons-d-armes-a-israel\\\/216813\\\/#primaryimage\"},\"thumbnailUrl\":\"https:\\\/\\\/www.webdo.tn\\\/fr\\\/wp-content\\\/uploads\\\/2024\\\/10\\\/2b2717b5845935b5582ec99e69daa5cd.webp\",\"datePublished\":\"2024-10-05T15:11:00+00:00\",\"dateModified\":\"2025-05-21T09:07:05+00:00\",\"description\":\"Emmanuel Macron appelle \u00e0 l'arr\u00eat des livraisons d'armes \u00e0 Isra\u00ebl et plaide pour une solution politique au conflit \u00e0 Gaza, tout en d\u00e9plorant l'impasse diplomati...\",\"breadcrumb\":{\"@id\":\"https:\\\/\\\/www.webdo.tn\\\/fr\\\/actualite\\\/international\\\/macron-appelle-a-stopper-les-livraisons-d-armes-a-israel\\\/216813\\\/#breadcrumb\"},\"inLanguage\":\"fr-FR\",\"potentialAction\":[{\"@type\":\"ReadAction\",\"target\":[\"https:\\\/\\\/www.webdo.tn\\\/fr\\\/actualite\\\/international\\\/macron-appelle-a-stopper-les-livraisons-d-armes-a-israel\\\/216813\\\/\"]}]},{\"@type\":\"ImageObject\",\"inLanguage\":\"fr-FR\",\"@id\":\"https:\\\/\\\/www.webdo.tn\\\/fr\\\/actualite\\\/international\\\/macron-appelle-a-stopper-les-livraisons-d-armes-a-israel\\\/216813\\\/#primaryimage\",\"url\":\"https:\\\/\\\/www.webdo.tn\\\/fr\\\/wp-content\\\/uploads\\\/2024\\\/10\\\/2b2717b5845935b5582ec99e69daa5cd.webp\",\"contentUrl\":\"https:\\\/\\\/www.webdo.tn\\\/fr\\\/wp-content\\\/uploads\\\/2024\\\/10\\\/2b2717b5845935b5582ec99e69daa5cd.webp\",\"width\":750,\"height\":400,\"caption\":\"Macron appelle \u00e0 stopper les livraisons d\u2019armes \u00e0 Isra\u00ebl\"},{\"@type\":\"BreadcrumbList\",\"@id\":\"https:\\\/\\\/www.webdo.tn\\\/fr\\\/actualite\\\/international\\\/macron-appelle-a-stopper-les-livraisons-d-armes-a-israel\\\/216813\\\/#breadcrumb\",\"itemListElement\":[{\"@type\":\"ListItem\",\"position\":1,\"name\":\"Accueil\",\"item\":\"https:\\\/\\\/www.webdo.tn\\\/fr\\\/\"},{\"@type\":\"ListItem\",\"position\":2,\"name\":\"Macron appelle \u00e0 stopper les livraisons d\u2019armes \u00e0 Isra\u00ebl\"}]},{\"@type\":\"WebSite\",\"@id\":\"https:\\\/\\\/www.webdo.tn\\\/fr\\\/#website\",\"url\":\"https:\\\/\\\/www.webdo.tn\\\/fr\\\/\",\"name\":\"webdo\",\"description\":\"Tunisie - News en Tunisie et \u00e0 l&#039;international sur Webdo.tn\",\"publisher\":{\"@id\":\"https:\\\/\\\/www.webdo.tn\\\/fr\\\/#organization\"},\"potentialAction\":[{\"@type\":\"SearchAction\",\"target\":{\"@type\":\"EntryPoint\",\"urlTemplate\":\"https:\\\/\\\/www.webdo.tn\\\/fr\\\/?s={search_term_string}\"},\"query-input\":{\"@type\":\"PropertyValueSpecification\",\"valueRequired\":true,\"valueName\":\"search_term_string\"}}],\"inLanguage\":\"fr-FR\"},{\"@type\":\"Organization\",\"@id\":\"https:\\\/\\\/www.webdo.tn\\\/fr\\\/#organization\",\"name\":\"Webdo\",\"alternateName\":\"Webdo.tn\",\"url\":\"https:\\\/\\\/www.webdo.tn\\\/fr\\\/\",\"logo\":{\"@type\":\"ImageObject\",\"inLanguage\":\"fr-FR\",\"@id\":\"https:\\\/\\\/www.webdo.tn\\\/fr\\\/#\\\/schema\\\/logo\\\/image\\\/\",\"url\":\"https:\\\/\\\/www.webdo.tn\\\/fr\\\/wp-content\\\/uploads\\\/2025\\\/06\\\/Webdo-Tunisie_168377.jpg\",\"contentUrl\":\"https:\\\/\\\/www.webdo.tn\\\/fr\\\/wp-content\\\/uploads\\\/2025\\\/06\\\/Webdo-Tunisie_168377.jpg\",\"width\":301,\"height\":301,\"caption\":\"Webdo\"},\"image\":{\"@id\":\"https:\\\/\\\/www.webdo.tn\\\/fr\\\/#\\\/schema\\\/logo\\\/image\\\/\"},\"sameAs\":[\"https:\\\/\\\/www.facebook.com\\\/webdotn\",\"https:\\\/\\\/x.com\\\/webdo_tn\"],\"description\":\"Webdo est un m\u00e9dia num\u00e9rique tunisien fond\u00e9 en 2010, sp\u00e9cialis\u00e9 dans l\u2019actualit\u00e9 nationale et internationale, l\u2019\u00e9conomie, la soci\u00e9t\u00e9 et les analyses politiques. Le site s\u2019adresse \u00e0 un large public francophone et couvre l\u2019information tunisienne en temps r\u00e9el.\",\"email\":\"redac@webdo.tn\",\"legalName\":\"YNJ SARL\",\"foundingDate\":\"2010-09-06\",\"numberOfEmployees\":{\"@type\":\"QuantitativeValue\",\"minValue\":\"11\",\"maxValue\":\"50\"}},{\"@type\":\"Person\",\"@id\":\"https:\\\/\\\/www.webdo.tn\\\/fr\\\/#\\\/schema\\\/person\\\/b8a41c04d93287d375510db360906b34\",\"name\":\"AZ\",\"image\":{\"@type\":\"ImageObject\",\"inLanguage\":\"fr-FR\",\"@id\":\"https:\\\/\\\/secure.gravatar.com\\\/avatar\\\/492b80bada79439de4201dce15cd41eece6c277cfdf1b53382073c79105c1f89?s=96&d=mm&r=g\",\"url\":\"https:\\\/\\\/secure.gravatar.com\\\/avatar\\\/492b80bada79439de4201dce15cd41eece6c277cfdf1b53382073c79105c1f89?s=96&d=mm&r=g\",\"contentUrl\":\"https:\\\/\\\/secure.gravatar.com\\\/avatar\\\/492b80bada79439de4201dce15cd41eece6c277cfdf1b53382073c79105c1f89?s=96&d=mm&r=g\",\"caption\":\"AZ\"},\"url\":\"https:\\\/\\\/www.webdo.tn\\\/fr\\\/actualite\\\/author\\\/az\\\/\"}]}<\/script>\n<!-- \/ Yoast SEO Premium plugin. -->","yoast_head_json":{"title":"Macron appelle \u00e0 stopper les livraisons d\u2019armes \u00e0 Isra\u00ebl","description":"Emmanuel Macron appelle \u00e0 l'arr\u00eat des livraisons d'armes \u00e0 Isra\u00ebl et plaide pour une solution politique au conflit \u00e0 Gaza, tout en d\u00e9plorant l'impasse diplomati...","canonical":"https:\/\/www.webdo.tn\/fr\/actualite\/international\/macron-appelle-a-stopper-les-livraisons-d-armes-a-israel\/216813\/","og_locale":"fr_FR","og_type":"article","og_title":"Macron appelle \u00e0 stopper les livraisons d\u2019armes \u00e0 Isra\u00ebl","og_description":"Emmanuel Macron appelle \u00e0 l'arr\u00eat des livraisons d'armes \u00e0 Isra\u00ebl et plaide pour une solution politique au conflit \u00e0 Gaza, tout en d\u00e9plorant l'impasse diplomati...","og_url":"https:\/\/www.webdo.tn\/fr\/actualite\/international\/macron-appelle-a-stopper-les-livraisons-d-armes-a-israel\/216813\/","og_site_name":"webdo","article_publisher":"https:\/\/www.facebook.com\/webdotn","article_published_time":"2024-10-05T15:11:00+00:00","article_modified_time":"2025-05-21T09:07:05+00:00","og_image":[{"width":750,"height":400,"url":"https:\/\/www.webdo.tn\/fr\/wp-content\/uploads\/2024\/10\/2b2717b5845935b5582ec99e69daa5cd.webp","type":"image\/webp"}],"author":"AZ","twitter_card":"summary_large_image","twitter_creator":"@webdo_tn","twitter_site":"@webdo_tn","twitter_misc":{"\u00c9crit par":"AZ","Dur\u00e9e de lecture estim\u00e9e":"1 minute"},"schema":{"@context":"https:\/\/schema.org","@graph":[{"@type":"NewsArticle","@id":"https:\/\/www.webdo.tn\/fr\/actualite\/international\/macron-appelle-a-stopper-les-livraisons-d-armes-a-israel\/216813\/#article","isPartOf":{"@id":"https:\/\/www.webdo.tn\/fr\/actualite\/international\/macron-appelle-a-stopper-les-livraisons-d-armes-a-israel\/216813\/"},"author":{"name":"AZ","@id":"https:\/\/www.webdo.tn\/fr\/#\/schema\/person\/b8a41c04d93287d375510db360906b34"},"headline":"Macron appelle \u00e0 stopper les livraisons d\u2019armes \u00e0 Isra\u00ebl","datePublished":"2024-10-05T15:11:00+00:00","dateModified":"2025-05-21T09:07:05+00:00","mainEntityOfPage":{"@id":"https:\/\/www.webdo.tn\/fr\/actualite\/international\/macron-appelle-a-stopper-les-livraisons-d-armes-a-israel\/216813\/"},"wordCount":129,"commentCount":0,"publisher":{"@id":"https:\/\/www.webdo.tn\/fr\/#organization"},"image":{"@id":"https:\/\/www.webdo.tn\/fr\/actualite\/international\/macron-appelle-a-stopper-les-livraisons-d-armes-a-israel\/216813\/#primaryimage"},"thumbnailUrl":"https:\/\/www.webdo.tn\/fr\/wp-content\/uploads\/2024\/10\/2b2717b5845935b5582ec99e69daa5cd.webp","keywords":["\"Livraisons d'armes\"]","france","Gaza","isra\u00ebl","macron"],"articleSection":["International"],"inLanguage":"fr-FR"},{"@type":"WebPage","@id":"https:\/\/www.webdo.tn\/fr\/actualite\/international\/macron-appelle-a-stopper-les-livraisons-d-armes-a-israel\/216813\/","url":"https:\/\/www.webdo.tn\/fr\/actualite\/international\/macron-appelle-a-stopper-les-livraisons-d-armes-a-israel\/216813\/","name":"Macron appelle \u00e0 stopper les livraisons d\u2019armes \u00e0 Isra\u00ebl","isPartOf":{"@id":"https:\/\/www.webdo.tn\/fr\/#website"},"primaryImageOfPage":{"@id":"https:\/\/www.webdo.tn\/fr\/actualite\/international\/macron-appelle-a-stopper-les-livraisons-d-armes-a-israel\/216813\/#primaryimage"},"image":{"@id":"https:\/\/www.webdo.tn\/fr\/actualite\/international\/macron-appelle-a-stopper-les-livraisons-d-armes-a-israel\/216813\/#primaryimage"},"thumbnailUrl":"https:\/\/www.webdo.tn\/fr\/wp-content\/uploads\/2024\/10\/2b2717b5845935b5582ec99e69daa5cd.webp","datePublished":"2024-10-05T15:11:00+00:00","dateModified":"2025-05-21T09:07:05+00:00","description":"Emmanuel Macron appelle \u00e0 l'arr\u00eat des livraisons d'armes \u00e0 Isra\u00ebl et plaide pour une solution politique au conflit \u00e0 Gaza, tout en d\u00e9plorant l'impasse diplomati...","breadcrumb":{"@id":"https:\/\/www.webdo.tn\/fr\/actualite\/international\/macron-appelle-a-stopper-les-livraisons-d-armes-a-israel\/216813\/#breadcrumb"},"inLanguage":"fr-FR","potentialAction":[{"@type":"ReadAction","target":["https:\/\/www.webdo.tn\/fr\/actualite\/international\/macron-appelle-a-stopper-les-livraisons-d-armes-a-israel\/216813\/"]}]},{"@type":"ImageObject","inLanguage":"fr-FR","@id":"https:\/\/www.webdo.tn\/fr\/actualite\/international\/macron-appelle-a-stopper-les-livraisons-d-armes-a-israel\/216813\/#primaryimage","url":"https:\/\/www.webdo.tn\/fr\/wp-content\/uploads\/2024\/10\/2b2717b5845935b5582ec99e69daa5cd.webp","contentUrl":"https:\/\/www.webdo.tn\/fr\/wp-content\/uploads\/2024\/10\/2b2717b5845935b5582ec99e69daa5cd.webp","width":750,"height":400,"caption":"Macron appelle \u00e0 stopper les livraisons d\u2019armes \u00e0 Isra\u00ebl"},{"@type":"BreadcrumbList","@id":"https:\/\/www.webdo.tn\/fr\/actualite\/international\/macron-appelle-a-stopper-les-livraisons-d-armes-a-israel\/216813\/#breadcrumb","itemListElement":[{"@type":"ListItem","position":1,"name":"Accueil","item":"https:\/\/www.webdo.tn\/fr\/"},{"@type":"ListItem","position":2,"name":"Macron appelle \u00e0 stopper les livraisons d\u2019armes \u00e0 Isra\u00ebl"}]},{"@type":"WebSite","@id":"https:\/\/www.webdo.tn\/fr\/#website","url":"https:\/\/www.webdo.tn\/fr\/","name":"webdo","description":"Tunisie - News en Tunisie et \u00e0 l&#039;international sur Webdo.tn","publisher":{"@id":"https:\/\/www.webdo.tn\/fr\/#organization"},"potentialAction":[{"@type":"SearchAction","target":{"@type":"EntryPoint","urlTemplate":"https:\/\/www.webdo.tn\/fr\/?s={search_term_string}"},"query-input":{"@type":"PropertyValueSpecification","valueRequired":true,"valueName":"search_term_string"}}],"inLanguage":"fr-FR"},{"@type":"Organization","@id":"https:\/\/www.webdo.tn\/fr\/#organization","name":"Webdo","alternateName":"Webdo.tn","url":"https:\/\/www.webdo.tn\/fr\/","logo":{"@type":"ImageObject","inLanguage":"fr-FR","@id":"https:\/\/www.webdo.tn\/fr\/#\/schema\/logo\/image\/","url":"https:\/\/www.webdo.tn\/fr\/wp-content\/uploads\/2025\/06\/Webdo-Tunisie_168377.jpg","contentUrl":"https:\/\/www.webdo.tn\/fr\/wp-content\/uploads\/2025\/06\/Webdo-Tunisie_168377.jpg","width":301,"height":301,"caption":"Webdo"},"image":{"@id":"https:\/\/www.webdo.tn\/fr\/#\/schema\/logo\/image\/"},"sameAs":["https:\/\/www.facebook.com\/webdotn","https:\/\/x.com\/webdo_tn"],"description":"Webdo est un m\u00e9dia num\u00e9rique tunisien fond\u00e9 en 2010, sp\u00e9cialis\u00e9 dans l\u2019actualit\u00e9 nationale et internationale, l\u2019\u00e9conomie, la soci\u00e9t\u00e9 et les analyses politiques. Le site s\u2019adresse \u00e0 un large public francophone et couvre l\u2019information tunisienne en temps r\u00e9el.","email":"redac@webdo.tn","legalName":"YNJ SARL","foundingDate":"2010-09-06","numberOfEmployees":{"@type":"QuantitativeValue","minValue":"11","maxValue":"50"}},{"@type":"Person","@id":"https:\/\/www.webdo.tn\/fr\/#\/schema\/person\/b8a41c04d93287d375510db360906b34","name":"AZ","image":{"@type":"ImageObject","inLanguage":"fr-FR","@id":"https:\/\/secure.gravatar.com\/avatar\/492b80bada79439de4201dce15cd41eece6c277cfdf1b53382073c79105c1f89?s=96&d=mm&r=g","url":"https:\/\/secure.gravatar.com\/avatar\/492b80bada79439de4201dce15cd41eece6c277cfdf1b53382073c79105c1f89?s=96&d=mm&r=g","contentUrl":"https:\/\/secure.gravatar.com\/avatar\/492b80bada79439de4201dce15cd41eece6c277cfdf1b53382073c79105c1f89?s=96&d=mm&r=g","caption":"AZ"},"url":"https:\/\/www.webdo.tn\/fr\/actualite\/author\/az\/"}]}},"_links":{"self":[{"href":"https:\/\/www.webdo.tn\/fr\/wp-json\/wp\/v2\/posts\/216813","targetHints":{"allow":["GET"]}}],"collection":[{"href":"https:\/\/www.webdo.tn\/fr\/wp-json\/wp\/v2\/posts"}],"about":[{"href":"https:\/\/www.webdo.tn\/fr\/wp-json\/wp\/v2\/types\/post"}],"author":[{"embeddable":true,"href":"https:\/\/www.webdo.tn\/fr\/wp-json\/wp\/v2\/users\/3166"}],"replies":[{"embeddable":true,"href":"https:\/\/www.webdo.tn\/fr\/wp-json\/wp\/v2\/comments?post=216813"}],"version-history":[{"count":0,"href":"https:\/\/www.webdo.tn\/fr\/wp-json\/wp\/v2\/posts\/216813\/revisions"}],"wp:featuredmedia":[{"embeddable":true,"href":"https:\/\/www.webdo.tn\/fr\/wp-json\/wp\/v2\/media\/291151"}],"wp:attachment":[{"href":"https:\/\/www.webdo.tn\/fr\/wp-json\/wp\/v2\/media?parent=216813"}],"wp:term":[{"taxonomy":"category","embeddable":true,"href":"https:\/\/www.webdo.tn\/fr\/wp-json\/wp\/v2\/categories?post=216813"},{"taxonomy":"post_tag","embeddable":true,"href":"https:\/\/www.webdo.tn\/fr\/wp-json\/wp\/v2\/tags?post=216813"}],"curies":[{"name":"wp","href":"https:\/\/api.w.org\/{rel}","templated":true}]}}